{"id":20140,"date":"2018-05-04T22:30:05","date_gmt":"2018-05-04T19:30:05","guid":{"rendered":"https:\/\/aktialiiga.fi\/miehet\/?p=20140"},"modified":"2018-05-04T16:31:23","modified_gmt":"2018-05-04T13:31:23","slug":"dicken-ja-cocks-toisessa-finaalissa-lauantaina","status":"publish","type":"post","link":"https:\/\/aktialiiga.fi\/miehet\/2017-2018\/ennakot-2017-2018\/dicken-ja-cocks-toisessa-finaalissa-lauantaina\/","title":{"rendered":"Dicken ja Cocks toisessa finaalissa lauantaina"},"content":{"rendered":"<p>SM-liigan finaalisarja k\u00e4ynnistyi rytin\u00e4ll\u00e4 torstaina Riihim\u00e4ell\u00e4, kun Dicken yll\u00e4tti Cocksin ja nappasi samalla finaalien kotiedun itselleen.<\/p>\n<p>Cocks ei ole play-offseissa marssinut aivan totutusti eteenp\u00e4in. V\u00e4lieriss\u00e4 GrIFK:ta vastaan tuli yksi tappio ja nyt Dickeni\u00e4 vastaan finaaliavauksessa toinen. Yksi tekij\u00e4 taustalla on varmasti ollut Cocksin henkisen johtajan Nico R\u00f6nnbergin sivussaolo.<\/p>\n<p>R\u00f6nnbergi\u00e4 odotellaan takaisin riviin luultavasti jo lauantaiksi. Torstain avausfinaalin h\u00e4n seurasi kuitenkin viel\u00e4 kent\u00e4n laidalta.<\/p>\n<p>&#8211; [Maalivahti Mikael] M\u00e4kel\u00e4 oli loistava. H\u00e4n pelasti pari, kolme avopaikkaa heti alussa ja osoitti, ett\u00e4 maalinteko ei tule olemaan helppoa. Loimme paikkoja, mutta viimeistely oli heikkoa, R\u00f6nnberg totesi Yle Sportenille avausottelusta.<\/p>\n<p>Dickenin voitto antoi uutta maustetta finaalisarjalle, mutta voitto ei tullut kuitenkaan kolmea maalia suuremmalla marginaalilla, joten Cocksia ei miss\u00e4\u00e4n nimess\u00e4 ole ly\u00f6ty.<\/p>\n<p>Ottelu lauantaina Pirkkolassa alkaa kello 18.00 ja sit\u00e4 voi seurata suorana l\u00e4hetyksen\u00e4 HBL.fi \u2013palvelun kautta.<\/p>\n","protected":false},"excerpt":{"rendered":"<p>SM-liigan finaalisarja k\u00e4ynnistyi rytin\u00e4ll\u00e4 torstaina Riihim\u00e4ell\u00e4, kun Dicken yll\u00e4tti Cocksin ja nappasi samalla finaalien kotiedun itselleen. Cocks ei ole play-offseissa marssinut aivan totutusti eteenp\u00e4in. V\u00e4lieriss\u00e4 GrIFK:ta vastaan tuli yksi tappio ja nyt Dickeni\u00e4 vastaan finaaliavauksessa toinen. Yksi tekij\u00e4 taustalla on varmasti ollut Cocksin henkisen johtajan Nico R\u00f6nnbergin sivussaolo. R\u00f6nnbergi\u00e4 odotellaan takaisin riviin luultavasti jo lauantaiksi. [&hellip;]<\/p>\n","protected":false},"author":13,"featured_media":19297,"comment_status":"closed","ping_status":"closed","sticky":false,"template":"","format":"standard","meta":{"_acf_changed":false,"jetpack_post_was_ever_published":false,"_jetpack_newsletter_access":"","_jetpack_dont_email_post_to_subs":false,"_jetpack_newsletter_tier_id":0,"_jetpack_memberships_contains_paywalled_content":false,"_jetpack_memberships_contains_paid_content":false,"footnotes":""},"categories":[201],"tags":[57,58],"class_list":["post-20140","post","type-post","status-publish","format-standard","has-post-thumbnail","hentry","category-ennakot-2017-2018","tag-cocks","tag-dicken"],"acf":[],"yoast_head":"<!-- This site is optimized with the Yoast SEO plugin v27.5 - https:\/\/yoast.com\/product\/yoast-seo-wordpress\/ -->\n<title>Dicken ja Cocks toisessa finaalissa lauantaina | K\u00e4sipallon miesten Aktialiiga<\/title>\n<meta name=\"robots\" content=\"index, follow, max-snippet:-1, max-image-preview:large, max-video-preview:-1\" \/>\n<link rel=\"canonical\" href=\"https:\/\/aktialiiga.fi\/miehet\/2017-2018\/ennakot-2017-2018\/dicken-ja-cocks-toisessa-finaalissa-lauantaina\/\" \/>\n<meta property=\"og:locale\" content=\"fi_FI\" \/>\n<meta property=\"og:type\" content=\"article\" \/>\n<meta property=\"og:title\" content=\"Dicken ja Cocks toisessa finaalissa lauantaina | K\u00e4sipallon miesten Aktialiiga\" \/>\n<meta property=\"og:description\" content=\"SM-liigan finaalisarja k\u00e4ynnistyi rytin\u00e4ll\u00e4 torstaina Riihim\u00e4ell\u00e4, kun Dicken yll\u00e4tti Cocksin ja nappasi samalla finaalien kotiedun itselleen. Cocks ei ole play-offseissa marssinut aivan totutusti eteenp\u00e4in. V\u00e4lieriss\u00e4 GrIFK:ta vastaan tuli yksi tappio ja nyt Dickeni\u00e4 vastaan finaaliavauksessa toinen. Yksi tekij\u00e4 taustalla on varmasti ollut Cocksin henkisen johtajan Nico R\u00f6nnbergin sivussaolo. R\u00f6nnbergi\u00e4 odotellaan takaisin riviin luultavasti jo lauantaiksi. [&hellip;]\" \/>\n<meta property=\"og:url\" content=\"https:\/\/aktialiiga.fi\/miehet\/2017-2018\/ennakot-2017-2018\/dicken-ja-cocks-toisessa-finaalissa-lauantaina\/\" \/>\n<meta property=\"og:site_name\" content=\"K\u00e4sipallon miesten Aktialiiga\" \/>\n<meta property=\"article:publisher\" content=\"https:\/\/www.facebook.com\/finnhandball\" \/>\n<meta property=\"article:published_time\" content=\"2018-05-04T19:30:05+00:00\" \/>\n<meta property=\"og:image\" content=\"https:\/\/i0.wp.com\/aktialiiga.fi\/miehet\/wp-content\/uploads\/sites\/5\/2018\/02\/remy_anton_dicken_1718.jpg?fit=711%2C320&ssl=1\" \/>\n\t<meta property=\"og:image:width\" content=\"711\" \/>\n\t<meta property=\"og:image:height\" content=\"320\" \/>\n\t<meta property=\"og:image:type\" content=\"image\/jpeg\" \/>\n<meta name=\"author\" content=\"tbrmedia\" \/>\n<meta name=\"twitter:card\" content=\"summary_large_image\" \/>\n<meta name=\"twitter:creator\" content=\"@finnhandball\" \/>\n<meta name=\"twitter:site\" content=\"@finnhandball\" \/>\n<script type=\"application\/ld+json\" class=\"yoast-schema-graph\">{\"@context\":\"https:\\\/\\\/schema.org\",\"@graph\":[{\"@type\":\"Article\",\"@id\":\"https:\\\/\\\/aktialiiga.fi\\\/miehet\\\/2017-2018\\\/ennakot-2017-2018\\\/dicken-ja-cocks-toisessa-finaalissa-lauantaina\\\/#article\",\"isPartOf\":{\"@id\":\"https:\\\/\\\/aktialiiga.fi\\\/miehet\\\/2017-2018\\\/ennakot-2017-2018\\\/dicken-ja-cocks-toisessa-finaalissa-lauantaina\\\/\"},\"author\":{\"name\":\"tbrmedia\",\"@id\":\"https:\\\/\\\/aktialiiga.fi\\\/miehet\\\/#\\\/schema\\\/person\\\/c14bf42f47041db74603c45afcb18d87\"},\"headline\":\"Dicken ja Cocks toisessa finaalissa lauantaina\",\"datePublished\":\"2018-05-04T19:30:05+00:00\",\"mainEntityOfPage\":{\"@id\":\"https:\\\/\\\/aktialiiga.fi\\\/miehet\\\/2017-2018\\\/ennakot-2017-2018\\\/dicken-ja-cocks-toisessa-finaalissa-lauantaina\\\/\"},\"wordCount\":155,\"publisher\":{\"@id\":\"https:\\\/\\\/aktialiiga.fi\\\/miehet\\\/#organization\"},\"image\":{\"@id\":\"https:\\\/\\\/aktialiiga.fi\\\/miehet\\\/2017-2018\\\/ennakot-2017-2018\\\/dicken-ja-cocks-toisessa-finaalissa-lauantaina\\\/#primaryimage\"},\"thumbnailUrl\":\"https:\\\/\\\/i0.wp.com\\\/aktialiiga.fi\\\/miehet\\\/wp-content\\\/uploads\\\/sites\\\/5\\\/2018\\\/02\\\/remy_anton_dicken_1718.jpg?fit=711%2C320&ssl=1\",\"keywords\":[\"Cocks\",\"Dicken\"],\"articleSection\":[\"Ennakot\"],\"inLanguage\":\"fi\"},{\"@type\":\"WebPage\",\"@id\":\"https:\\\/\\\/aktialiiga.fi\\\/miehet\\\/2017-2018\\\/ennakot-2017-2018\\\/dicken-ja-cocks-toisessa-finaalissa-lauantaina\\\/\",\"url\":\"https:\\\/\\\/aktialiiga.fi\\\/miehet\\\/2017-2018\\\/ennakot-2017-2018\\\/dicken-ja-cocks-toisessa-finaalissa-lauantaina\\\/\",\"name\":\"Dicken ja Cocks toisessa finaalissa lauantaina | K\u00e4sipallon miesten Aktialiiga\",\"isPartOf\":{\"@id\":\"https:\\\/\\\/aktialiiga.fi\\\/miehet\\\/#website\"},\"primaryImageOfPage\":{\"@id\":\"https:\\\/\\\/aktialiiga.fi\\\/miehet\\\/2017-2018\\\/ennakot-2017-2018\\\/dicken-ja-cocks-toisessa-finaalissa-lauantaina\\\/#primaryimage\"},\"image\":{\"@id\":\"https:\\\/\\\/aktialiiga.fi\\\/miehet\\\/2017-2018\\\/ennakot-2017-2018\\\/dicken-ja-cocks-toisessa-finaalissa-lauantaina\\\/#primaryimage\"},\"thumbnailUrl\":\"https:\\\/\\\/i0.wp.com\\\/aktialiiga.fi\\\/miehet\\\/wp-content\\\/uploads\\\/sites\\\/5\\\/2018\\\/02\\\/remy_anton_dicken_1718.jpg?fit=711%2C320&ssl=1\",\"datePublished\":\"2018-05-04T19:30:05+00:00\",\"breadcrumb\":{\"@id\":\"https:\\\/\\\/aktialiiga.fi\\\/miehet\\\/2017-2018\\\/ennakot-2017-2018\\\/dicken-ja-cocks-toisessa-finaalissa-lauantaina\\\/#breadcrumb\"},\"inLanguage\":\"fi\",\"potentialAction\":[{\"@type\":\"ReadAction\",\"target\":[\"https:\\\/\\\/aktialiiga.fi\\\/miehet\\\/2017-2018\\\/ennakot-2017-2018\\\/dicken-ja-cocks-toisessa-finaalissa-lauantaina\\\/\"]}]},{\"@type\":\"ImageObject\",\"inLanguage\":\"fi\",\"@id\":\"https:\\\/\\\/aktialiiga.fi\\\/miehet\\\/2017-2018\\\/ennakot-2017-2018\\\/dicken-ja-cocks-toisessa-finaalissa-lauantaina\\\/#primaryimage\",\"url\":\"https:\\\/\\\/i0.wp.com\\\/aktialiiga.fi\\\/miehet\\\/wp-content\\\/uploads\\\/sites\\\/5\\\/2018\\\/02\\\/remy_anton_dicken_1718.jpg?fit=711%2C320&ssl=1\",\"contentUrl\":\"https:\\\/\\\/i0.wp.com\\\/aktialiiga.fi\\\/miehet\\\/wp-content\\\/uploads\\\/sites\\\/5\\\/2018\\\/02\\\/remy_anton_dicken_1718.jpg?fit=711%2C320&ssl=1\",\"width\":711,\"height\":320},{\"@type\":\"BreadcrumbList\",\"@id\":\"https:\\\/\\\/aktialiiga.fi\\\/miehet\\\/2017-2018\\\/ennakot-2017-2018\\\/dicken-ja-cocks-toisessa-finaalissa-lauantaina\\\/#breadcrumb\",\"itemListElement\":[{\"@type\":\"ListItem\",\"position\":1,\"name\":\"Etusivu\",\"item\":\"https:\\\/\\\/aktialiiga.fi\\\/miehet\\\/\"},{\"@type\":\"ListItem\",\"position\":2,\"name\":\"Dicken ja Cocks toisessa finaalissa lauantaina\"}]},{\"@type\":\"WebSite\",\"@id\":\"https:\\\/\\\/aktialiiga.fi\\\/miehet\\\/#website\",\"url\":\"https:\\\/\\\/aktialiiga.fi\\\/miehet\\\/\",\"name\":\"K\u00e4sipallon miesten Aktialiiga\",\"description\":\"Valtakunnan vauhdikkainta palloilua!\",\"publisher\":{\"@id\":\"https:\\\/\\\/aktialiiga.fi\\\/miehet\\\/#organization\"},\"potentialAction\":[{\"@type\":\"SearchAction\",\"target\":{\"@type\":\"EntryPoint\",\"urlTemplate\":\"https:\\\/\\\/aktialiiga.fi\\\/miehet\\\/?s={search_term_string}\"},\"query-input\":{\"@type\":\"PropertyValueSpecification\",\"valueRequired\":true,\"valueName\":\"search_term_string\"}}],\"inLanguage\":\"fi\"},{\"@type\":\"Organization\",\"@id\":\"https:\\\/\\\/aktialiiga.fi\\\/miehet\\\/#organization\",\"name\":\"K\u00e4sipallon miesten Aktialiiga\",\"url\":\"https:\\\/\\\/aktialiiga.fi\\\/miehet\\\/\",\"logo\":{\"@type\":\"ImageObject\",\"inLanguage\":\"fi\",\"@id\":\"https:\\\/\\\/aktialiiga.fi\\\/miehet\\\/#\\\/schema\\\/logo\\\/image\\\/\",\"url\":\"https:\\\/\\\/i0.wp.com\\\/aktialiiga.fi\\\/miehet\\\/wp-content\\\/uploads\\\/sites\\\/5\\\/2024\\\/09\\\/Aktialiiga-Yoast-512.png?fit=512%2C512&ssl=1\",\"contentUrl\":\"https:\\\/\\\/i0.wp.com\\\/aktialiiga.fi\\\/miehet\\\/wp-content\\\/uploads\\\/sites\\\/5\\\/2024\\\/09\\\/Aktialiiga-Yoast-512.png?fit=512%2C512&ssl=1\",\"width\":512,\"height\":512,\"caption\":\"K\u00e4sipallon miesten Aktialiiga\"},\"image\":{\"@id\":\"https:\\\/\\\/aktialiiga.fi\\\/miehet\\\/#\\\/schema\\\/logo\\\/image\\\/\"},\"sameAs\":[\"https:\\\/\\\/www.facebook.com\\\/finnhandball\",\"https:\\\/\\\/x.com\\\/finnhandball\",\"https:\\\/\\\/www.instagram.com\\\/handballfinland\\\/\"]},{\"@type\":\"Person\",\"@id\":\"https:\\\/\\\/aktialiiga.fi\\\/miehet\\\/#\\\/schema\\\/person\\\/c14bf42f47041db74603c45afcb18d87\",\"name\":\"tbrmedia\",\"image\":{\"@type\":\"ImageObject\",\"inLanguage\":\"fi\",\"@id\":\"https:\\\/\\\/secure.gravatar.com\\\/avatar\\\/ee975fa091fe581d12b60debb3439022686618368a7c142044c56724d4666b16?s=96&d=mm&r=g\",\"url\":\"https:\\\/\\\/secure.gravatar.com\\\/avatar\\\/ee975fa091fe581d12b60debb3439022686618368a7c142044c56724d4666b16?s=96&d=mm&r=g\",\"contentUrl\":\"https:\\\/\\\/secure.gravatar.com\\\/avatar\\\/ee975fa091fe581d12b60debb3439022686618368a7c142044c56724d4666b16?s=96&d=mm&r=g\",\"caption\":\"tbrmedia\"}}]}<\/script>\n<!-- \/ Yoast SEO plugin. -->","yoast_head_json":{"title":"Dicken ja Cocks toisessa finaalissa lauantaina | K\u00e4sipallon miesten Aktialiiga","robots":{"index":"index","follow":"follow","max-snippet":"max-snippet:-1","max-image-preview":"max-image-preview:large","max-video-preview":"max-video-preview:-1"},"canonical":"https:\/\/aktialiiga.fi\/miehet\/2017-2018\/ennakot-2017-2018\/dicken-ja-cocks-toisessa-finaalissa-lauantaina\/","og_locale":"fi_FI","og_type":"article","og_title":"Dicken ja Cocks toisessa finaalissa lauantaina | K\u00e4sipallon miesten Aktialiiga","og_description":"SM-liigan finaalisarja k\u00e4ynnistyi rytin\u00e4ll\u00e4 torstaina Riihim\u00e4ell\u00e4, kun Dicken yll\u00e4tti Cocksin ja nappasi samalla finaalien kotiedun itselleen. Cocks ei ole play-offseissa marssinut aivan totutusti eteenp\u00e4in. V\u00e4lieriss\u00e4 GrIFK:ta vastaan tuli yksi tappio ja nyt Dickeni\u00e4 vastaan finaaliavauksessa toinen. Yksi tekij\u00e4 taustalla on varmasti ollut Cocksin henkisen johtajan Nico R\u00f6nnbergin sivussaolo. R\u00f6nnbergi\u00e4 odotellaan takaisin riviin luultavasti jo lauantaiksi. [&hellip;]","og_url":"https:\/\/aktialiiga.fi\/miehet\/2017-2018\/ennakot-2017-2018\/dicken-ja-cocks-toisessa-finaalissa-lauantaina\/","og_site_name":"K\u00e4sipallon miesten Aktialiiga","article_publisher":"https:\/\/www.facebook.com\/finnhandball","article_published_time":"2018-05-04T19:30:05+00:00","og_image":[{"width":711,"height":320,"url":"https:\/\/i0.wp.com\/aktialiiga.fi\/miehet\/wp-content\/uploads\/sites\/5\/2018\/02\/remy_anton_dicken_1718.jpg?fit=711%2C320&ssl=1","type":"image\/jpeg"}],"author":"tbrmedia","twitter_card":"summary_large_image","twitter_creator":"@finnhandball","twitter_site":"@finnhandball","schema":{"@context":"https:\/\/schema.org","@graph":[{"@type":"Article","@id":"https:\/\/aktialiiga.fi\/miehet\/2017-2018\/ennakot-2017-2018\/dicken-ja-cocks-toisessa-finaalissa-lauantaina\/#article","isPartOf":{"@id":"https:\/\/aktialiiga.fi\/miehet\/2017-2018\/ennakot-2017-2018\/dicken-ja-cocks-toisessa-finaalissa-lauantaina\/"},"author":{"name":"tbrmedia","@id":"https:\/\/aktialiiga.fi\/miehet\/#\/schema\/person\/c14bf42f47041db74603c45afcb18d87"},"headline":"Dicken ja Cocks toisessa finaalissa lauantaina","datePublished":"2018-05-04T19:30:05+00:00","mainEntityOfPage":{"@id":"https:\/\/aktialiiga.fi\/miehet\/2017-2018\/ennakot-2017-2018\/dicken-ja-cocks-toisessa-finaalissa-lauantaina\/"},"wordCount":155,"publisher":{"@id":"https:\/\/aktialiiga.fi\/miehet\/#organization"},"image":{"@id":"https:\/\/aktialiiga.fi\/miehet\/2017-2018\/ennakot-2017-2018\/dicken-ja-cocks-toisessa-finaalissa-lauantaina\/#primaryimage"},"thumbnailUrl":"https:\/\/i0.wp.com\/aktialiiga.fi\/miehet\/wp-content\/uploads\/sites\/5\/2018\/02\/remy_anton_dicken_1718.jpg?fit=711%2C320&ssl=1","keywords":["Cocks","Dicken"],"articleSection":["Ennakot"],"inLanguage":"fi"},{"@type":"WebPage","@id":"https:\/\/aktialiiga.fi\/miehet\/2017-2018\/ennakot-2017-2018\/dicken-ja-cocks-toisessa-finaalissa-lauantaina\/","url":"https:\/\/aktialiiga.fi\/miehet\/2017-2018\/ennakot-2017-2018\/dicken-ja-cocks-toisessa-finaalissa-lauantaina\/","name":"Dicken ja Cocks toisessa finaalissa lauantaina | K\u00e4sipallon miesten Aktialiiga","isPartOf":{"@id":"https:\/\/aktialiiga.fi\/miehet\/#website"},"primaryImageOfPage":{"@id":"https:\/\/aktialiiga.fi\/miehet\/2017-2018\/ennakot-2017-2018\/dicken-ja-cocks-toisessa-finaalissa-lauantaina\/#primaryimage"},"image":{"@id":"https:\/\/aktialiiga.fi\/miehet\/2017-2018\/ennakot-2017-2018\/dicken-ja-cocks-toisessa-finaalissa-lauantaina\/#primaryimage"},"thumbnailUrl":"https:\/\/i0.wp.com\/aktialiiga.fi\/miehet\/wp-content\/uploads\/sites\/5\/2018\/02\/remy_anton_dicken_1718.jpg?fit=711%2C320&ssl=1","datePublished":"2018-05-04T19:30:05+00:00","breadcrumb":{"@id":"https:\/\/aktialiiga.fi\/miehet\/2017-2018\/ennakot-2017-2018\/dicken-ja-cocks-toisessa-finaalissa-lauantaina\/#breadcrumb"},"inLanguage":"fi","potentialAction":[{"@type":"ReadAction","target":["https:\/\/aktialiiga.fi\/miehet\/2017-2018\/ennakot-2017-2018\/dicken-ja-cocks-toisessa-finaalissa-lauantaina\/"]}]},{"@type":"ImageObject","inLanguage":"fi","@id":"https:\/\/aktialiiga.fi\/miehet\/2017-2018\/ennakot-2017-2018\/dicken-ja-cocks-toisessa-finaalissa-lauantaina\/#primaryimage","url":"https:\/\/i0.wp.com\/aktialiiga.fi\/miehet\/wp-content\/uploads\/sites\/5\/2018\/02\/remy_anton_dicken_1718.jpg?fit=711%2C320&ssl=1","contentUrl":"https:\/\/i0.wp.com\/aktialiiga.fi\/miehet\/wp-content\/uploads\/sites\/5\/2018\/02\/remy_anton_dicken_1718.jpg?fit=711%2C320&ssl=1","width":711,"height":320},{"@type":"BreadcrumbList","@id":"https:\/\/aktialiiga.fi\/miehet\/2017-2018\/ennakot-2017-2018\/dicken-ja-cocks-toisessa-finaalissa-lauantaina\/#breadcrumb","itemListElement":[{"@type":"ListItem","position":1,"name":"Etusivu","item":"https:\/\/aktialiiga.fi\/miehet\/"},{"@type":"ListItem","position":2,"name":"Dicken ja Cocks toisessa finaalissa lauantaina"}]},{"@type":"WebSite","@id":"https:\/\/aktialiiga.fi\/miehet\/#website","url":"https:\/\/aktialiiga.fi\/miehet\/","name":"K\u00e4sipallon miesten Aktialiiga","description":"Valtakunnan vauhdikkainta palloilua!","publisher":{"@id":"https:\/\/aktialiiga.fi\/miehet\/#organization"},"potentialAction":[{"@type":"SearchAction","target":{"@type":"EntryPoint","urlTemplate":"https:\/\/aktialiiga.fi\/miehet\/?s={search_term_string}"},"query-input":{"@type":"PropertyValueSpecification","valueRequired":true,"valueName":"search_term_string"}}],"inLanguage":"fi"},{"@type":"Organization","@id":"https:\/\/aktialiiga.fi\/miehet\/#organization","name":"K\u00e4sipallon miesten Aktialiiga","url":"https:\/\/aktialiiga.fi\/miehet\/","logo":{"@type":"ImageObject","inLanguage":"fi","@id":"https:\/\/aktialiiga.fi\/miehet\/#\/schema\/logo\/image\/","url":"https:\/\/i0.wp.com\/aktialiiga.fi\/miehet\/wp-content\/uploads\/sites\/5\/2024\/09\/Aktialiiga-Yoast-512.png?fit=512%2C512&ssl=1","contentUrl":"https:\/\/i0.wp.com\/aktialiiga.fi\/miehet\/wp-content\/uploads\/sites\/5\/2024\/09\/Aktialiiga-Yoast-512.png?fit=512%2C512&ssl=1","width":512,"height":512,"caption":"K\u00e4sipallon miesten Aktialiiga"},"image":{"@id":"https:\/\/aktialiiga.fi\/miehet\/#\/schema\/logo\/image\/"},"sameAs":["https:\/\/www.facebook.com\/finnhandball","https:\/\/x.com\/finnhandball","https:\/\/www.instagram.com\/handballfinland\/"]},{"@type":"Person","@id":"https:\/\/aktialiiga.fi\/miehet\/#\/schema\/person\/c14bf42f47041db74603c45afcb18d87","name":"tbrmedia","image":{"@type":"ImageObject","inLanguage":"fi","@id":"https:\/\/secure.gravatar.com\/avatar\/ee975fa091fe581d12b60debb3439022686618368a7c142044c56724d4666b16?s=96&d=mm&r=g","url":"https:\/\/secure.gravatar.com\/avatar\/ee975fa091fe581d12b60debb3439022686618368a7c142044c56724d4666b16?s=96&d=mm&r=g","contentUrl":"https:\/\/secure.gravatar.com\/avatar\/ee975fa091fe581d12b60debb3439022686618368a7c142044c56724d4666b16?s=96&d=mm&r=g","caption":"tbrmedia"}}]}},"jetpack_featured_media_url":"https:\/\/i0.wp.com\/aktialiiga.fi\/miehet\/wp-content\/uploads\/sites\/5\/2018\/02\/remy_anton_dicken_1718.jpg?fit=711%2C320&ssl=1","jetpack_sharing_enabled":true,"jetpack_shortlink":"https:\/\/wp.me\/pfTxOr-5eQ","_links":{"self":[{"href":"https:\/\/aktialiiga.fi\/miehet\/wp-json\/wp\/v2\/posts\/20140","targetHints":{"allow":["GET"]}}],"collection":[{"href":"https:\/\/aktialiiga.fi\/miehet\/wp-json\/wp\/v2\/posts"}],"about":[{"href":"https:\/\/aktialiiga.fi\/miehet\/wp-json\/wp\/v2\/types\/post"}],"author":[{"embeddable":true,"href":"https:\/\/aktialiiga.fi\/miehet\/wp-json\/wp\/v2\/users\/13"}],"replies":[{"embeddable":true,"href":"https:\/\/aktialiiga.fi\/miehet\/wp-json\/wp\/v2\/comments?post=20140"}],"version-history":[{"count":0,"href":"https:\/\/aktialiiga.fi\/miehet\/wp-json\/wp\/v2\/posts\/20140\/revisions"}],"wp:featuredmedia":[{"embeddable":true,"href":"https:\/\/aktialiiga.fi\/miehet\/wp-json\/wp\/v2\/media\/19297"}],"wp:attachment":[{"href":"https:\/\/aktialiiga.fi\/miehet\/wp-json\/wp\/v2\/media?parent=20140"}],"wp:term":[{"taxonomy":"category","embeddable":true,"href":"https:\/\/aktialiiga.fi\/miehet\/wp-json\/wp\/v2\/categories?post=20140"},{"taxonomy":"post_tag","embeddable":true,"href":"https:\/\/aktialiiga.fi\/miehet\/wp-json\/wp\/v2\/tags?post=20140"}],"curies":[{"name":"wp","href":"https:\/\/api.w.org\/{rel}","templated":true}]}}