{"id":20223,"date":"2018-05-11T13:22:49","date_gmt":"2018-05-11T10:22:49","guid":{"rendered":"https:\/\/aktialiiga.fi\/miehet\/?p=20223"},"modified":"2018-05-11T17:24:54","modified_gmt":"2018-05-11T14:24:54","slug":"atlas-vantaan-ryhmaan-muutoksia","status":"publish","type":"post","link":"https:\/\/aktialiiga.fi\/miehet\/ajankohtaista\/atlas-vantaan-ryhmaan-muutoksia\/","title":{"rendered":"Atlas Vantaan ryhm\u00e4\u00e4n muutoksia"},"content":{"rendered":"<p>Atlas Vantaan edustusjoukkueessa tapahtuu muutamia muutoksia ensi kaudeksi. Viime kauden miehist\u00f6st\u00e4 viisi pelaajaa vaihtaa maisemaa, kaksi uutta pelaajasopimusta on tehty, ja ilahduttavasti per\u00e4ti kahdeksan junioria nousee taistelemaan edustuspaikoista.<\/p>\n<p>L\u00e4htij\u00f6ist\u00e4 huomattavimmat nimet ovat ykk\u00f6spelinrakentaja Anthony Hellakoski ja Sebastian S\u00e4kkinen. S\u00e4kkinen heitti nelj\u00e4n\u00e4 Atlas-kautena yhteens\u00e4 599 maalia, ja Hellakoksen l\u00e4htiess\u00e4 Atlas-tilastoista poistuu 473 liigaosumaa.<\/p>\n<p>Hellakosken kausihan loppui helmikuun alussa leikkauksen vaatineeseen polvivammaan. Tositoimiin h\u00e4n p\u00e4\u00e4see aikaisintaan vasta syksymm\u00e4ll\u00e4.<\/p>\n<p>Kenneth \u00c5strand lopettaa peliuransa 30-vuotiaana, Frederik Kopranen palaa Tanskaan, ja sivuun Atlaksesta j\u00e4\u00e4 my\u00f6s Nikko Kinos ja Lauri Narinen.<\/p>\n<p>Tulopuolella on kaksi riihim\u00e4kel\u00e4istaustaista pelaajaa, Cocksista tuttu takamies-laituri Jani Tuominen, 26, joka palaa liigaan yhden v\u00e4livuoden j\u00e4lkeen, ja Dynamo Riihim\u00e4ke\u00e4 aikaisemmin edustanut laituri Vili Mattila, 23, joka pelasi viime kauden HIFK:ssa.<\/p>\n<p>&#8211; Ainakin yht\u00e4 pelaajaa haetaan viel\u00e4, Atlas Vantaan manageri Sanna Eilola sanoo seuran verkkosivuilla.<\/p>\n<p>Sanna Eilola aloittaa kolmannen kautensa managerin teht\u00e4viss\u00e4.<\/p>\n<p>&#8211; Edustusjoukkueen toiminta on saatu vakaalle pohjalle. Siit\u00e4 on hyv\u00e4 ponnistaa. On hyv\u00e4, ett\u00e4 edustusjoukkueen runko pysyi p\u00e4\u00e4osin ennallaan.<\/p>\n<p>Viime kauden joukkueesta jatkavat maalivahti Tuomas Laitinen, Joonas Nokelainen, paluuta loukkaantumisen pilaaman kauden j\u00e4lkeen tekev\u00e4 Artturi Laaksonen, Heikki Laitinen, Erkka N\u00e4nt\u00f6, G\u00e9za Vasv\u00e1ri, Jani Kivinen, Tapio Laitinen, Milos Maksimovic, Jasse Kettunen, Gheorghe Safronii, Niki Tuominen, Samuli Vihavainen ja Jonathan Juslin.<\/p>\n","protected":false},"excerpt":{"rendered":"<p>Atlas Vantaan edustusjoukkueessa tapahtuu muutamia muutoksia ensi kaudeksi. Viime kauden miehist\u00f6st\u00e4 viisi pelaajaa vaihtaa maisemaa, kaksi uutta pelaajasopimusta on tehty, ja ilahduttavasti per\u00e4ti kahdeksan junioria nousee taistelemaan edustuspaikoista. L\u00e4htij\u00f6ist\u00e4 huomattavimmat nimet ovat ykk\u00f6spelinrakentaja Anthony Hellakoski ja Sebastian S\u00e4kkinen. S\u00e4kkinen heitti nelj\u00e4n\u00e4 Atlas-kautena yhteens\u00e4 599 maalia, ja Hellakoksen l\u00e4htiess\u00e4 Atlas-tilastoista poistuu 473 liigaosumaa. Hellakosken kausihan loppui [&hellip;]<\/p>\n","protected":false},"author":13,"featured_media":19286,"comment_status":"closed","ping_status":"closed","sticky":false,"template":"","format":"standard","meta":{"_acf_changed":false,"jetpack_post_was_ever_published":false,"_jetpack_newsletter_access":"","_jetpack_dont_email_post_to_subs":false,"_jetpack_newsletter_tier_id":0,"_jetpack_memberships_contains_paywalled_content":false,"_jetpack_memberships_contains_paid_content":false,"footnotes":""},"categories":[2],"tags":[54],"class_list":["post-20223","post","type-post","status-publish","format-standard","has-post-thumbnail","hentry","category-ajankohtaista","tag-atlas-vantaa"],"acf":[],"yoast_head":"<!-- This site is optimized with the Yoast SEO plugin v27.5 - https:\/\/yoast.com\/product\/yoast-seo-wordpress\/ -->\n<title>Atlas Vantaan ryhm\u00e4\u00e4n muutoksia | K\u00e4sipallon miesten Aktialiiga<\/title>\n<meta name=\"robots\" content=\"index, follow, max-snippet:-1, max-image-preview:large, max-video-preview:-1\" \/>\n<link rel=\"canonical\" href=\"https:\/\/aktialiiga.fi\/miehet\/ajankohtaista\/atlas-vantaan-ryhmaan-muutoksia\/\" \/>\n<meta property=\"og:locale\" content=\"fi_FI\" \/>\n<meta property=\"og:type\" content=\"article\" \/>\n<meta property=\"og:title\" content=\"Atlas Vantaan ryhm\u00e4\u00e4n muutoksia | K\u00e4sipallon miesten Aktialiiga\" \/>\n<meta property=\"og:description\" content=\"Atlas Vantaan edustusjoukkueessa tapahtuu muutamia muutoksia ensi kaudeksi. Viime kauden miehist\u00f6st\u00e4 viisi pelaajaa vaihtaa maisemaa, kaksi uutta pelaajasopimusta on tehty, ja ilahduttavasti per\u00e4ti kahdeksan junioria nousee taistelemaan edustuspaikoista. L\u00e4htij\u00f6ist\u00e4 huomattavimmat nimet ovat ykk\u00f6spelinrakentaja Anthony Hellakoski ja Sebastian S\u00e4kkinen. S\u00e4kkinen heitti nelj\u00e4n\u00e4 Atlas-kautena yhteens\u00e4 599 maalia, ja Hellakoksen l\u00e4htiess\u00e4 Atlas-tilastoista poistuu 473 liigaosumaa. Hellakosken kausihan loppui [&hellip;]\" \/>\n<meta property=\"og:url\" content=\"https:\/\/aktialiiga.fi\/miehet\/ajankohtaista\/atlas-vantaan-ryhmaan-muutoksia\/\" \/>\n<meta property=\"og:site_name\" content=\"K\u00e4sipallon miesten Aktialiiga\" \/>\n<meta property=\"article:publisher\" content=\"https:\/\/www.facebook.com\/finnhandball\" \/>\n<meta property=\"article:published_time\" content=\"2018-05-11T10:22:49+00:00\" \/>\n<meta property=\"article:modified_time\" content=\"2018-05-11T14:24:54+00:00\" \/>\n<meta property=\"og:image\" content=\"https:\/\/i0.wp.com\/aktialiiga.fi\/miehet\/wp-content\/uploads\/sites\/5\/2018\/02\/laitinen_heikki_atlasvantaa_1718.jpg?fit=711%2C320&ssl=1\" \/>\n\t<meta property=\"og:image:width\" content=\"711\" \/>\n\t<meta property=\"og:image:height\" content=\"320\" \/>\n\t<meta property=\"og:image:type\" content=\"image\/jpeg\" \/>\n<meta name=\"author\" content=\"tbrmedia\" \/>\n<meta name=\"twitter:card\" content=\"summary_large_image\" \/>\n<meta name=\"twitter:creator\" content=\"@finnhandball\" \/>\n<meta name=\"twitter:site\" content=\"@finnhandball\" \/>\n<script type=\"application\/ld+json\" class=\"yoast-schema-graph\">{\"@context\":\"https:\\\/\\\/schema.org\",\"@graph\":[{\"@type\":\"Article\",\"@id\":\"https:\\\/\\\/aktialiiga.fi\\\/miehet\\\/ajankohtaista\\\/atlas-vantaan-ryhmaan-muutoksia\\\/#article\",\"isPartOf\":{\"@id\":\"https:\\\/\\\/aktialiiga.fi\\\/miehet\\\/ajankohtaista\\\/atlas-vantaan-ryhmaan-muutoksia\\\/\"},\"author\":{\"name\":\"tbrmedia\",\"@id\":\"https:\\\/\\\/aktialiiga.fi\\\/miehet\\\/#\\\/schema\\\/person\\\/c14bf42f47041db74603c45afcb18d87\"},\"headline\":\"Atlas Vantaan ryhm\u00e4\u00e4n muutoksia\",\"datePublished\":\"2018-05-11T10:22:49+00:00\",\"dateModified\":\"2018-05-11T14:24:54+00:00\",\"mainEntityOfPage\":{\"@id\":\"https:\\\/\\\/aktialiiga.fi\\\/miehet\\\/ajankohtaista\\\/atlas-vantaan-ryhmaan-muutoksia\\\/\"},\"wordCount\":222,\"publisher\":{\"@id\":\"https:\\\/\\\/aktialiiga.fi\\\/miehet\\\/#organization\"},\"image\":{\"@id\":\"https:\\\/\\\/aktialiiga.fi\\\/miehet\\\/ajankohtaista\\\/atlas-vantaan-ryhmaan-muutoksia\\\/#primaryimage\"},\"thumbnailUrl\":\"https:\\\/\\\/i0.wp.com\\\/aktialiiga.fi\\\/miehet\\\/wp-content\\\/uploads\\\/sites\\\/5\\\/2018\\\/02\\\/laitinen_heikki_atlasvantaa_1718.jpg?fit=711%2C320&ssl=1\",\"keywords\":[\"Atlas Vantaa\"],\"articleSection\":[\"Ajankohtaista\"],\"inLanguage\":\"fi\"},{\"@type\":\"WebPage\",\"@id\":\"https:\\\/\\\/aktialiiga.fi\\\/miehet\\\/ajankohtaista\\\/atlas-vantaan-ryhmaan-muutoksia\\\/\",\"url\":\"https:\\\/\\\/aktialiiga.fi\\\/miehet\\\/ajankohtaista\\\/atlas-vantaan-ryhmaan-muutoksia\\\/\",\"name\":\"Atlas Vantaan ryhm\u00e4\u00e4n muutoksia | K\u00e4sipallon miesten Aktialiiga\",\"isPartOf\":{\"@id\":\"https:\\\/\\\/aktialiiga.fi\\\/miehet\\\/#website\"},\"primaryImageOfPage\":{\"@id\":\"https:\\\/\\\/aktialiiga.fi\\\/miehet\\\/ajankohtaista\\\/atlas-vantaan-ryhmaan-muutoksia\\\/#primaryimage\"},\"image\":{\"@id\":\"https:\\\/\\\/aktialiiga.fi\\\/miehet\\\/ajankohtaista\\\/atlas-vantaan-ryhmaan-muutoksia\\\/#primaryimage\"},\"thumbnailUrl\":\"https:\\\/\\\/i0.wp.com\\\/aktialiiga.fi\\\/miehet\\\/wp-content\\\/uploads\\\/sites\\\/5\\\/2018\\\/02\\\/laitinen_heikki_atlasvantaa_1718.jpg?fit=711%2C320&ssl=1\",\"datePublished\":\"2018-05-11T10:22:49+00:00\",\"dateModified\":\"2018-05-11T14:24:54+00:00\",\"breadcrumb\":{\"@id\":\"https:\\\/\\\/aktialiiga.fi\\\/miehet\\\/ajankohtaista\\\/atlas-vantaan-ryhmaan-muutoksia\\\/#breadcrumb\"},\"inLanguage\":\"fi\",\"potentialAction\":[{\"@type\":\"ReadAction\",\"target\":[\"https:\\\/\\\/aktialiiga.fi\\\/miehet\\\/ajankohtaista\\\/atlas-vantaan-ryhmaan-muutoksia\\\/\"]}]},{\"@type\":\"ImageObject\",\"inLanguage\":\"fi\",\"@id\":\"https:\\\/\\\/aktialiiga.fi\\\/miehet\\\/ajankohtaista\\\/atlas-vantaan-ryhmaan-muutoksia\\\/#primaryimage\",\"url\":\"https:\\\/\\\/i0.wp.com\\\/aktialiiga.fi\\\/miehet\\\/wp-content\\\/uploads\\\/sites\\\/5\\\/2018\\\/02\\\/laitinen_heikki_atlasvantaa_1718.jpg?fit=711%2C320&ssl=1\",\"contentUrl\":\"https:\\\/\\\/i0.wp.com\\\/aktialiiga.fi\\\/miehet\\\/wp-content\\\/uploads\\\/sites\\\/5\\\/2018\\\/02\\\/laitinen_heikki_atlasvantaa_1718.jpg?fit=711%2C320&ssl=1\",\"width\":711,\"height\":320},{\"@type\":\"BreadcrumbList\",\"@id\":\"https:\\\/\\\/aktialiiga.fi\\\/miehet\\\/ajankohtaista\\\/atlas-vantaan-ryhmaan-muutoksia\\\/#breadcrumb\",\"itemListElement\":[{\"@type\":\"ListItem\",\"position\":1,\"name\":\"Etusivu\",\"item\":\"https:\\\/\\\/aktialiiga.fi\\\/miehet\\\/\"},{\"@type\":\"ListItem\",\"position\":2,\"name\":\"Atlas Vantaan ryhm\u00e4\u00e4n muutoksia\"}]},{\"@type\":\"WebSite\",\"@id\":\"https:\\\/\\\/aktialiiga.fi\\\/miehet\\\/#website\",\"url\":\"https:\\\/\\\/aktialiiga.fi\\\/miehet\\\/\",\"name\":\"K\u00e4sipallon miesten Aktialiiga\",\"description\":\"Valtakunnan vauhdikkainta palloilua!\",\"publisher\":{\"@id\":\"https:\\\/\\\/aktialiiga.fi\\\/miehet\\\/#organization\"},\"potentialAction\":[{\"@type\":\"SearchAction\",\"target\":{\"@type\":\"EntryPoint\",\"urlTemplate\":\"https:\\\/\\\/aktialiiga.fi\\\/miehet\\\/?s={search_term_string}\"},\"query-input\":{\"@type\":\"PropertyValueSpecification\",\"valueRequired\":true,\"valueName\":\"search_term_string\"}}],\"inLanguage\":\"fi\"},{\"@type\":\"Organization\",\"@id\":\"https:\\\/\\\/aktialiiga.fi\\\/miehet\\\/#organization\",\"name\":\"K\u00e4sipallon miesten Aktialiiga\",\"url\":\"https:\\\/\\\/aktialiiga.fi\\\/miehet\\\/\",\"logo\":{\"@type\":\"ImageObject\",\"inLanguage\":\"fi\",\"@id\":\"https:\\\/\\\/aktialiiga.fi\\\/miehet\\\/#\\\/schema\\\/logo\\\/image\\\/\",\"url\":\"https:\\\/\\\/i0.wp.com\\\/aktialiiga.fi\\\/miehet\\\/wp-content\\\/uploads\\\/sites\\\/5\\\/2024\\\/09\\\/Aktialiiga-Yoast-512.png?fit=512%2C512&ssl=1\",\"contentUrl\":\"https:\\\/\\\/i0.wp.com\\\/aktialiiga.fi\\\/miehet\\\/wp-content\\\/uploads\\\/sites\\\/5\\\/2024\\\/09\\\/Aktialiiga-Yoast-512.png?fit=512%2C512&ssl=1\",\"width\":512,\"height\":512,\"caption\":\"K\u00e4sipallon miesten Aktialiiga\"},\"image\":{\"@id\":\"https:\\\/\\\/aktialiiga.fi\\\/miehet\\\/#\\\/schema\\\/logo\\\/image\\\/\"},\"sameAs\":[\"https:\\\/\\\/www.facebook.com\\\/finnhandball\",\"https:\\\/\\\/x.com\\\/finnhandball\",\"https:\\\/\\\/www.instagram.com\\\/handballfinland\\\/\"]},{\"@type\":\"Person\",\"@id\":\"https:\\\/\\\/aktialiiga.fi\\\/miehet\\\/#\\\/schema\\\/person\\\/c14bf42f47041db74603c45afcb18d87\",\"name\":\"tbrmedia\",\"image\":{\"@type\":\"ImageObject\",\"inLanguage\":\"fi\",\"@id\":\"https:\\\/\\\/secure.gravatar.com\\\/avatar\\\/ee975fa091fe581d12b60debb3439022686618368a7c142044c56724d4666b16?s=96&d=mm&r=g\",\"url\":\"https:\\\/\\\/secure.gravatar.com\\\/avatar\\\/ee975fa091fe581d12b60debb3439022686618368a7c142044c56724d4666b16?s=96&d=mm&r=g\",\"contentUrl\":\"https:\\\/\\\/secure.gravatar.com\\\/avatar\\\/ee975fa091fe581d12b60debb3439022686618368a7c142044c56724d4666b16?s=96&d=mm&r=g\",\"caption\":\"tbrmedia\"}}]}<\/script>\n<!-- \/ Yoast SEO plugin. -->","yoast_head_json":{"title":"Atlas Vantaan ryhm\u00e4\u00e4n muutoksia | K\u00e4sipallon miesten Aktialiiga","robots":{"index":"index","follow":"follow","max-snippet":"max-snippet:-1","max-image-preview":"max-image-preview:large","max-video-preview":"max-video-preview:-1"},"canonical":"https:\/\/aktialiiga.fi\/miehet\/ajankohtaista\/atlas-vantaan-ryhmaan-muutoksia\/","og_locale":"fi_FI","og_type":"article","og_title":"Atlas Vantaan ryhm\u00e4\u00e4n muutoksia | K\u00e4sipallon miesten Aktialiiga","og_description":"Atlas Vantaan edustusjoukkueessa tapahtuu muutamia muutoksia ensi kaudeksi. Viime kauden miehist\u00f6st\u00e4 viisi pelaajaa vaihtaa maisemaa, kaksi uutta pelaajasopimusta on tehty, ja ilahduttavasti per\u00e4ti kahdeksan junioria nousee taistelemaan edustuspaikoista. L\u00e4htij\u00f6ist\u00e4 huomattavimmat nimet ovat ykk\u00f6spelinrakentaja Anthony Hellakoski ja Sebastian S\u00e4kkinen. S\u00e4kkinen heitti nelj\u00e4n\u00e4 Atlas-kautena yhteens\u00e4 599 maalia, ja Hellakoksen l\u00e4htiess\u00e4 Atlas-tilastoista poistuu 473 liigaosumaa. Hellakosken kausihan loppui [&hellip;]","og_url":"https:\/\/aktialiiga.fi\/miehet\/ajankohtaista\/atlas-vantaan-ryhmaan-muutoksia\/","og_site_name":"K\u00e4sipallon miesten Aktialiiga","article_publisher":"https:\/\/www.facebook.com\/finnhandball","article_published_time":"2018-05-11T10:22:49+00:00","article_modified_time":"2018-05-11T14:24:54+00:00","og_image":[{"width":711,"height":320,"url":"https:\/\/i0.wp.com\/aktialiiga.fi\/miehet\/wp-content\/uploads\/sites\/5\/2018\/02\/laitinen_heikki_atlasvantaa_1718.jpg?fit=711%2C320&ssl=1","type":"image\/jpeg"}],"author":"tbrmedia","twitter_card":"summary_large_image","twitter_creator":"@finnhandball","twitter_site":"@finnhandball","schema":{"@context":"https:\/\/schema.org","@graph":[{"@type":"Article","@id":"https:\/\/aktialiiga.fi\/miehet\/ajankohtaista\/atlas-vantaan-ryhmaan-muutoksia\/#article","isPartOf":{"@id":"https:\/\/aktialiiga.fi\/miehet\/ajankohtaista\/atlas-vantaan-ryhmaan-muutoksia\/"},"author":{"name":"tbrmedia","@id":"https:\/\/aktialiiga.fi\/miehet\/#\/schema\/person\/c14bf42f47041db74603c45afcb18d87"},"headline":"Atlas Vantaan ryhm\u00e4\u00e4n muutoksia","datePublished":"2018-05-11T10:22:49+00:00","dateModified":"2018-05-11T14:24:54+00:00","mainEntityOfPage":{"@id":"https:\/\/aktialiiga.fi\/miehet\/ajankohtaista\/atlas-vantaan-ryhmaan-muutoksia\/"},"wordCount":222,"publisher":{"@id":"https:\/\/aktialiiga.fi\/miehet\/#organization"},"image":{"@id":"https:\/\/aktialiiga.fi\/miehet\/ajankohtaista\/atlas-vantaan-ryhmaan-muutoksia\/#primaryimage"},"thumbnailUrl":"https:\/\/i0.wp.com\/aktialiiga.fi\/miehet\/wp-content\/uploads\/sites\/5\/2018\/02\/laitinen_heikki_atlasvantaa_1718.jpg?fit=711%2C320&ssl=1","keywords":["Atlas Vantaa"],"articleSection":["Ajankohtaista"],"inLanguage":"fi"},{"@type":"WebPage","@id":"https:\/\/aktialiiga.fi\/miehet\/ajankohtaista\/atlas-vantaan-ryhmaan-muutoksia\/","url":"https:\/\/aktialiiga.fi\/miehet\/ajankohtaista\/atlas-vantaan-ryhmaan-muutoksia\/","name":"Atlas Vantaan ryhm\u00e4\u00e4n muutoksia | K\u00e4sipallon miesten Aktialiiga","isPartOf":{"@id":"https:\/\/aktialiiga.fi\/miehet\/#website"},"primaryImageOfPage":{"@id":"https:\/\/aktialiiga.fi\/miehet\/ajankohtaista\/atlas-vantaan-ryhmaan-muutoksia\/#primaryimage"},"image":{"@id":"https:\/\/aktialiiga.fi\/miehet\/ajankohtaista\/atlas-vantaan-ryhmaan-muutoksia\/#primaryimage"},"thumbnailUrl":"https:\/\/i0.wp.com\/aktialiiga.fi\/miehet\/wp-content\/uploads\/sites\/5\/2018\/02\/laitinen_heikki_atlasvantaa_1718.jpg?fit=711%2C320&ssl=1","datePublished":"2018-05-11T10:22:49+00:00","dateModified":"2018-05-11T14:24:54+00:00","breadcrumb":{"@id":"https:\/\/aktialiiga.fi\/miehet\/ajankohtaista\/atlas-vantaan-ryhmaan-muutoksia\/#breadcrumb"},"inLanguage":"fi","potentialAction":[{"@type":"ReadAction","target":["https:\/\/aktialiiga.fi\/miehet\/ajankohtaista\/atlas-vantaan-ryhmaan-muutoksia\/"]}]},{"@type":"ImageObject","inLanguage":"fi","@id":"https:\/\/aktialiiga.fi\/miehet\/ajankohtaista\/atlas-vantaan-ryhmaan-muutoksia\/#primaryimage","url":"https:\/\/i0.wp.com\/aktialiiga.fi\/miehet\/wp-content\/uploads\/sites\/5\/2018\/02\/laitinen_heikki_atlasvantaa_1718.jpg?fit=711%2C320&ssl=1","contentUrl":"https:\/\/i0.wp.com\/aktialiiga.fi\/miehet\/wp-content\/uploads\/sites\/5\/2018\/02\/laitinen_heikki_atlasvantaa_1718.jpg?fit=711%2C320&ssl=1","width":711,"height":320},{"@type":"BreadcrumbList","@id":"https:\/\/aktialiiga.fi\/miehet\/ajankohtaista\/atlas-vantaan-ryhmaan-muutoksia\/#breadcrumb","itemListElement":[{"@type":"ListItem","position":1,"name":"Etusivu","item":"https:\/\/aktialiiga.fi\/miehet\/"},{"@type":"ListItem","position":2,"name":"Atlas Vantaan ryhm\u00e4\u00e4n muutoksia"}]},{"@type":"WebSite","@id":"https:\/\/aktialiiga.fi\/miehet\/#website","url":"https:\/\/aktialiiga.fi\/miehet\/","name":"K\u00e4sipallon miesten Aktialiiga","description":"Valtakunnan vauhdikkainta palloilua!","publisher":{"@id":"https:\/\/aktialiiga.fi\/miehet\/#organization"},"potentialAction":[{"@type":"SearchAction","target":{"@type":"EntryPoint","urlTemplate":"https:\/\/aktialiiga.fi\/miehet\/?s={search_term_string}"},"query-input":{"@type":"PropertyValueSpecification","valueRequired":true,"valueName":"search_term_string"}}],"inLanguage":"fi"},{"@type":"Organization","@id":"https:\/\/aktialiiga.fi\/miehet\/#organization","name":"K\u00e4sipallon miesten Aktialiiga","url":"https:\/\/aktialiiga.fi\/miehet\/","logo":{"@type":"ImageObject","inLanguage":"fi","@id":"https:\/\/aktialiiga.fi\/miehet\/#\/schema\/logo\/image\/","url":"https:\/\/i0.wp.com\/aktialiiga.fi\/miehet\/wp-content\/uploads\/sites\/5\/2024\/09\/Aktialiiga-Yoast-512.png?fit=512%2C512&ssl=1","contentUrl":"https:\/\/i0.wp.com\/aktialiiga.fi\/miehet\/wp-content\/uploads\/sites\/5\/2024\/09\/Aktialiiga-Yoast-512.png?fit=512%2C512&ssl=1","width":512,"height":512,"caption":"K\u00e4sipallon miesten Aktialiiga"},"image":{"@id":"https:\/\/aktialiiga.fi\/miehet\/#\/schema\/logo\/image\/"},"sameAs":["https:\/\/www.facebook.com\/finnhandball","https:\/\/x.com\/finnhandball","https:\/\/www.instagram.com\/handballfinland\/"]},{"@type":"Person","@id":"https:\/\/aktialiiga.fi\/miehet\/#\/schema\/person\/c14bf42f47041db74603c45afcb18d87","name":"tbrmedia","image":{"@type":"ImageObject","inLanguage":"fi","@id":"https:\/\/secure.gravatar.com\/avatar\/ee975fa091fe581d12b60debb3439022686618368a7c142044c56724d4666b16?s=96&d=mm&r=g","url":"https:\/\/secure.gravatar.com\/avatar\/ee975fa091fe581d12b60debb3439022686618368a7c142044c56724d4666b16?s=96&d=mm&r=g","contentUrl":"https:\/\/secure.gravatar.com\/avatar\/ee975fa091fe581d12b60debb3439022686618368a7c142044c56724d4666b16?s=96&d=mm&r=g","caption":"tbrmedia"}}]}},"jetpack_featured_media_url":"https:\/\/i0.wp.com\/aktialiiga.fi\/miehet\/wp-content\/uploads\/sites\/5\/2018\/02\/laitinen_heikki_atlasvantaa_1718.jpg?fit=711%2C320&ssl=1","jetpack_sharing_enabled":true,"jetpack_shortlink":"https:\/\/wp.me\/pfTxOr-5gb","_links":{"self":[{"href":"https:\/\/aktialiiga.fi\/miehet\/wp-json\/wp\/v2\/posts\/20223","targetHints":{"allow":["GET"]}}],"collection":[{"href":"https:\/\/aktialiiga.fi\/miehet\/wp-json\/wp\/v2\/posts"}],"about":[{"href":"https:\/\/aktialiiga.fi\/miehet\/wp-json\/wp\/v2\/types\/post"}],"author":[{"embeddable":true,"href":"https:\/\/aktialiiga.fi\/miehet\/wp-json\/wp\/v2\/users\/13"}],"replies":[{"embeddable":true,"href":"https:\/\/aktialiiga.fi\/miehet\/wp-json\/wp\/v2\/comments?post=20223"}],"version-history":[{"count":0,"href":"https:\/\/aktialiiga.fi\/miehet\/wp-json\/wp\/v2\/posts\/20223\/revisions"}],"wp:featuredmedia":[{"embeddable":true,"href":"https:\/\/aktialiiga.fi\/miehet\/wp-json\/wp\/v2\/media\/19286"}],"wp:attachment":[{"href":"https:\/\/aktialiiga.fi\/miehet\/wp-json\/wp\/v2\/media?parent=20223"}],"wp:term":[{"taxonomy":"category","embeddable":true,"href":"https:\/\/aktialiiga.fi\/miehet\/wp-json\/wp\/v2\/categories?post=20223"},{"taxonomy":"post_tag","embeddable":true,"href":"https:\/\/aktialiiga.fi\/miehet\/wp-json\/wp\/v2\/tags?post=20223"}],"curies":[{"name":"wp","href":"https:\/\/api.w.org\/{rel}","templated":true}]}}