{"id":20226,"date":"2018-05-13T17:26:21","date_gmt":"2018-05-13T14:26:21","guid":{"rendered":"https:\/\/aktialiiga.fi\/miehet\/?p=20226"},"modified":"2018-05-11T17:31:16","modified_gmt":"2018-05-11T14:31:16","slug":"nuoret-marssivat-esille-atlas-vantaassa","status":"publish","type":"post","link":"https:\/\/aktialiiga.fi\/miehet\/ajankohtaista\/nuoret-marssivat-esille-atlas-vantaassa\/","title":{"rendered":"Nuoret marssivat esille Atlas Vantaassa"},"content":{"rendered":"<p>Nuorten kehittyminen ja motivaation riitt\u00e4minen ovat urheilun ikuisuuskysymyksi\u00e4. Ainakin paperilla Atlas Vantaan\u00a0tulevaisuus n\u00e4ytt\u00e4\u00e4 t\u00e4lt\u00e4 osin lupaavalta.<\/p>\n<p>2000-syntyneitten poikien maajoukkue-ehdokkaitten nimilista onkin vantaalaisittain komeaa luettavaa, kun siin\u00e4 on per\u00e4ti seitsem\u00e4n Atlaksen kasvattia: Tommi Haverinen, Eemil Eilola, Aapo Halmeenm\u00e4ki, Lasse Louevuo, Edvard Tilles sek\u00e4 ruotsalaisen Alings\u00e5sin kirjoilla olevat Henry Juslin ja Ronny Nummelin.<\/p>\n<p>Viiden nykyisen atlaslaisen lis\u00e4ksi Atlas Vantaan kes\u00e4harjoitteluryhm\u00e4\u00e4n liittyv\u00e4t tuoreista Suomen mestareista Jussi Haatainen ja Elias Ter\u00e4v\u00e4 sek\u00e4 Porvoon Akilleksesta tuleva Oliver Nylander.<\/p>\n<p>&#8211; T\u00e4m\u00e4 nuorten tilanne on hieman samanlainen, kun aikoinaan Tuomas Laitisen ik\u00e4luokka marssi esiin. Siin\u00e4 porukassa olivat mm. Nikko Kinos, Kenneth \u00c5strand, Jani Kivinen ja Jyri Lujanen. Aika pian he ottivat paikkansa edustusjoukkueessa, Atlas Vantaan p\u00e4\u00e4valmentajana jatkava Toni Kallio sanoi. seuran verkkosivuilla.<\/p>\n<p>&#8211; T\u00e4ss\u00e4 nuorten ryhm\u00e4ss\u00e4 on potentiaalia. Yritet\u00e4\u00e4n ajaa heit\u00e4 sis\u00e4\u00e4n. N\u00e4hd\u00e4\u00e4n, miten ty\u00f6nteko maistuu ja kehityst\u00e4 tapahtuu.<\/p>\n<p>Kallio uskoo, ett\u00e4 ainakin muutamia n\u00e4hd\u00e4\u00e4n tulevan kauden liigamittel\u00f6iss\u00e4.<\/p>\n<p>Kallio pit\u00e4\u00e4 l\u00e4ht\u00f6kohtia ensi kauteen hyvin\u00e4.<\/p>\n<p>&#8211; Meill\u00e4 on kaksi hyv\u00e4\u00e4 pelaajaa joka pelipaikalle, Kallio sanoi eik\u00e4 pid\u00e4 Hellakosken ja S\u00e4kkisen j\u00e4tt\u00e4mi\u00e4 aukkoja ongelmana.<\/p>\n<p>Nyt p\u00e4\u00e4ttynyt kausi loppui Atlakselta jo maaliskuun lopussa, kun Grani vei puoliv\u00e4lier\u00e4sarjan 3-0. Atlakselle merkittiin viides sija tavoitteena olleen mitalin sijasta.<\/p>\n<p>&#8211; Tietysti se oli pettymys, kun mitaleita l\u00e4hdettiin hakemaan, Kallio sanoi.<\/p>\n<p>P\u00e4\u00e4syyn\u00e4 tavoitteen karkaamiseen Kallio pit\u00e4\u00e4 pelin liiallista ailahtelemista.<\/p>\n<p>&#8211; Emme onnistuneet saamaan vakaata perustasoa. Menestykseen tarvitaan tietty\u00e4 tasaisuutta ja varmuutta. No, j\u00e4ip\u00e4h\u00e4n sopivasti hampaankoloon ensi kaudeksi.<\/p>\n<p>Atlas Vantaan edustusmiehist\u00f6 piti huilia huhtikuun, ja heti vapun j\u00e4lkeen alkoi uusi r\u00e4\u00e4kki, joka kest\u00e4\u00e4 juhannuksen tienoille. Sen j\u00e4lkeen jokaisella on kunto-ohjelmansa, ja joukkue kokoontuu taas hein\u00e4kuun loppupuolella.<\/p>\n","protected":false},"excerpt":{"rendered":"<p>Nuorten kehittyminen ja motivaation riitt\u00e4minen ovat urheilun ikuisuuskysymyksi\u00e4. Ainakin paperilla Atlas Vantaan\u00a0tulevaisuus n\u00e4ytt\u00e4\u00e4 t\u00e4lt\u00e4 osin lupaavalta. 2000-syntyneitten poikien maajoukkue-ehdokkaitten nimilista onkin vantaalaisittain komeaa luettavaa, kun siin\u00e4 on per\u00e4ti seitsem\u00e4n Atlaksen kasvattia: Tommi Haverinen, Eemil Eilola, Aapo Halmeenm\u00e4ki, Lasse Louevuo, Edvard Tilles sek\u00e4 ruotsalaisen Alings\u00e5sin kirjoilla olevat Henry Juslin ja Ronny Nummelin. Viiden nykyisen atlaslaisen lis\u00e4ksi [&hellip;]<\/p>\n","protected":false},"author":13,"featured_media":19583,"comment_status":"closed","ping_status":"closed","sticky":false,"template":"","format":"standard","meta":{"_acf_changed":false,"jetpack_post_was_ever_published":false,"_jetpack_newsletter_access":"","_jetpack_dont_email_post_to_subs":false,"_jetpack_newsletter_tier_id":0,"_jetpack_memberships_contains_paywalled_content":false,"_jetpack_memberships_contains_paid_content":false,"footnotes":""},"categories":[2],"tags":[54],"class_list":["post-20226","post","type-post","status-publish","format-standard","has-post-thumbnail","hentry","category-ajankohtaista","tag-atlas-vantaa"],"acf":[],"yoast_head":"<!-- This site is optimized with the Yoast SEO plugin v27.5 - https:\/\/yoast.com\/product\/yoast-seo-wordpress\/ -->\n<title>Nuoret marssivat esille Atlas Vantaassa | K\u00e4sipallon miesten Aktialiiga<\/title>\n<meta name=\"robots\" content=\"index, follow, max-snippet:-1, max-image-preview:large, max-video-preview:-1\" \/>\n<link rel=\"canonical\" href=\"https:\/\/aktialiiga.fi\/miehet\/ajankohtaista\/nuoret-marssivat-esille-atlas-vantaassa\/\" \/>\n<meta property=\"og:locale\" content=\"fi_FI\" \/>\n<meta property=\"og:type\" content=\"article\" \/>\n<meta property=\"og:title\" content=\"Nuoret marssivat esille Atlas Vantaassa | K\u00e4sipallon miesten Aktialiiga\" \/>\n<meta property=\"og:description\" content=\"Nuorten kehittyminen ja motivaation riitt\u00e4minen ovat urheilun ikuisuuskysymyksi\u00e4. Ainakin paperilla Atlas Vantaan\u00a0tulevaisuus n\u00e4ytt\u00e4\u00e4 t\u00e4lt\u00e4 osin lupaavalta. 2000-syntyneitten poikien maajoukkue-ehdokkaitten nimilista onkin vantaalaisittain komeaa luettavaa, kun siin\u00e4 on per\u00e4ti seitsem\u00e4n Atlaksen kasvattia: Tommi Haverinen, Eemil Eilola, Aapo Halmeenm\u00e4ki, Lasse Louevuo, Edvard Tilles sek\u00e4 ruotsalaisen Alings\u00e5sin kirjoilla olevat Henry Juslin ja Ronny Nummelin. Viiden nykyisen atlaslaisen lis\u00e4ksi [&hellip;]\" \/>\n<meta property=\"og:url\" content=\"https:\/\/aktialiiga.fi\/miehet\/ajankohtaista\/nuoret-marssivat-esille-atlas-vantaassa\/\" \/>\n<meta property=\"og:site_name\" content=\"K\u00e4sipallon miesten Aktialiiga\" \/>\n<meta property=\"article:publisher\" content=\"https:\/\/www.facebook.com\/finnhandball\" \/>\n<meta property=\"article:published_time\" content=\"2018-05-13T14:26:21+00:00\" \/>\n<meta property=\"og:image\" content=\"https:\/\/i0.wp.com\/aktialiiga.fi\/miehet\/wp-content\/uploads\/sites\/5\/2018\/03\/Pallomaalissa_kuvitus2018.jpg?fit=711%2C329&ssl=1\" \/>\n\t<meta property=\"og:image:width\" content=\"711\" \/>\n\t<meta property=\"og:image:height\" content=\"329\" \/>\n\t<meta property=\"og:image:type\" content=\"image\/jpeg\" \/>\n<meta name=\"author\" content=\"tbrmedia\" \/>\n<meta name=\"twitter:card\" content=\"summary_large_image\" \/>\n<meta name=\"twitter:creator\" content=\"@finnhandball\" \/>\n<meta name=\"twitter:site\" content=\"@finnhandball\" \/>\n<script type=\"application\/ld+json\" class=\"yoast-schema-graph\">{\"@context\":\"https:\\\/\\\/schema.org\",\"@graph\":[{\"@type\":\"Article\",\"@id\":\"https:\\\/\\\/aktialiiga.fi\\\/miehet\\\/ajankohtaista\\\/nuoret-marssivat-esille-atlas-vantaassa\\\/#article\",\"isPartOf\":{\"@id\":\"https:\\\/\\\/aktialiiga.fi\\\/miehet\\\/ajankohtaista\\\/nuoret-marssivat-esille-atlas-vantaassa\\\/\"},\"author\":{\"name\":\"tbrmedia\",\"@id\":\"https:\\\/\\\/aktialiiga.fi\\\/miehet\\\/#\\\/schema\\\/person\\\/c14bf42f47041db74603c45afcb18d87\"},\"headline\":\"Nuoret marssivat esille Atlas Vantaassa\",\"datePublished\":\"2018-05-13T14:26:21+00:00\",\"mainEntityOfPage\":{\"@id\":\"https:\\\/\\\/aktialiiga.fi\\\/miehet\\\/ajankohtaista\\\/nuoret-marssivat-esille-atlas-vantaassa\\\/\"},\"wordCount\":299,\"publisher\":{\"@id\":\"https:\\\/\\\/aktialiiga.fi\\\/miehet\\\/#organization\"},\"image\":{\"@id\":\"https:\\\/\\\/aktialiiga.fi\\\/miehet\\\/ajankohtaista\\\/nuoret-marssivat-esille-atlas-vantaassa\\\/#primaryimage\"},\"thumbnailUrl\":\"https:\\\/\\\/i0.wp.com\\\/aktialiiga.fi\\\/miehet\\\/wp-content\\\/uploads\\\/sites\\\/5\\\/2018\\\/03\\\/Pallomaalissa_kuvitus2018.jpg?fit=711%2C329&ssl=1\",\"keywords\":[\"Atlas Vantaa\"],\"articleSection\":[\"Ajankohtaista\"],\"inLanguage\":\"fi\"},{\"@type\":\"WebPage\",\"@id\":\"https:\\\/\\\/aktialiiga.fi\\\/miehet\\\/ajankohtaista\\\/nuoret-marssivat-esille-atlas-vantaassa\\\/\",\"url\":\"https:\\\/\\\/aktialiiga.fi\\\/miehet\\\/ajankohtaista\\\/nuoret-marssivat-esille-atlas-vantaassa\\\/\",\"name\":\"Nuoret marssivat esille Atlas Vantaassa | K\u00e4sipallon miesten Aktialiiga\",\"isPartOf\":{\"@id\":\"https:\\\/\\\/aktialiiga.fi\\\/miehet\\\/#website\"},\"primaryImageOfPage\":{\"@id\":\"https:\\\/\\\/aktialiiga.fi\\\/miehet\\\/ajankohtaista\\\/nuoret-marssivat-esille-atlas-vantaassa\\\/#primaryimage\"},\"image\":{\"@id\":\"https:\\\/\\\/aktialiiga.fi\\\/miehet\\\/ajankohtaista\\\/nuoret-marssivat-esille-atlas-vantaassa\\\/#primaryimage\"},\"thumbnailUrl\":\"https:\\\/\\\/i0.wp.com\\\/aktialiiga.fi\\\/miehet\\\/wp-content\\\/uploads\\\/sites\\\/5\\\/2018\\\/03\\\/Pallomaalissa_kuvitus2018.jpg?fit=711%2C329&ssl=1\",\"datePublished\":\"2018-05-13T14:26:21+00:00\",\"breadcrumb\":{\"@id\":\"https:\\\/\\\/aktialiiga.fi\\\/miehet\\\/ajankohtaista\\\/nuoret-marssivat-esille-atlas-vantaassa\\\/#breadcrumb\"},\"inLanguage\":\"fi\",\"potentialAction\":[{\"@type\":\"ReadAction\",\"target\":[\"https:\\\/\\\/aktialiiga.fi\\\/miehet\\\/ajankohtaista\\\/nuoret-marssivat-esille-atlas-vantaassa\\\/\"]}]},{\"@type\":\"ImageObject\",\"inLanguage\":\"fi\",\"@id\":\"https:\\\/\\\/aktialiiga.fi\\\/miehet\\\/ajankohtaista\\\/nuoret-marssivat-esille-atlas-vantaassa\\\/#primaryimage\",\"url\":\"https:\\\/\\\/i0.wp.com\\\/aktialiiga.fi\\\/miehet\\\/wp-content\\\/uploads\\\/sites\\\/5\\\/2018\\\/03\\\/Pallomaalissa_kuvitus2018.jpg?fit=711%2C329&ssl=1\",\"contentUrl\":\"https:\\\/\\\/i0.wp.com\\\/aktialiiga.fi\\\/miehet\\\/wp-content\\\/uploads\\\/sites\\\/5\\\/2018\\\/03\\\/Pallomaalissa_kuvitus2018.jpg?fit=711%2C329&ssl=1\",\"width\":711,\"height\":329},{\"@type\":\"BreadcrumbList\",\"@id\":\"https:\\\/\\\/aktialiiga.fi\\\/miehet\\\/ajankohtaista\\\/nuoret-marssivat-esille-atlas-vantaassa\\\/#breadcrumb\",\"itemListElement\":[{\"@type\":\"ListItem\",\"position\":1,\"name\":\"Etusivu\",\"item\":\"https:\\\/\\\/aktialiiga.fi\\\/miehet\\\/\"},{\"@type\":\"ListItem\",\"position\":2,\"name\":\"Nuoret marssivat esille Atlas Vantaassa\"}]},{\"@type\":\"WebSite\",\"@id\":\"https:\\\/\\\/aktialiiga.fi\\\/miehet\\\/#website\",\"url\":\"https:\\\/\\\/aktialiiga.fi\\\/miehet\\\/\",\"name\":\"K\u00e4sipallon miesten Aktialiiga\",\"description\":\"Valtakunnan vauhdikkainta palloilua!\",\"publisher\":{\"@id\":\"https:\\\/\\\/aktialiiga.fi\\\/miehet\\\/#organization\"},\"potentialAction\":[{\"@type\":\"SearchAction\",\"target\":{\"@type\":\"EntryPoint\",\"urlTemplate\":\"https:\\\/\\\/aktialiiga.fi\\\/miehet\\\/?s={search_term_string}\"},\"query-input\":{\"@type\":\"PropertyValueSpecification\",\"valueRequired\":true,\"valueName\":\"search_term_string\"}}],\"inLanguage\":\"fi\"},{\"@type\":\"Organization\",\"@id\":\"https:\\\/\\\/aktialiiga.fi\\\/miehet\\\/#organization\",\"name\":\"K\u00e4sipallon miesten Aktialiiga\",\"url\":\"https:\\\/\\\/aktialiiga.fi\\\/miehet\\\/\",\"logo\":{\"@type\":\"ImageObject\",\"inLanguage\":\"fi\",\"@id\":\"https:\\\/\\\/aktialiiga.fi\\\/miehet\\\/#\\\/schema\\\/logo\\\/image\\\/\",\"url\":\"https:\\\/\\\/i0.wp.com\\\/aktialiiga.fi\\\/miehet\\\/wp-content\\\/uploads\\\/sites\\\/5\\\/2024\\\/09\\\/Aktialiiga-Yoast-512.png?fit=512%2C512&ssl=1\",\"contentUrl\":\"https:\\\/\\\/i0.wp.com\\\/aktialiiga.fi\\\/miehet\\\/wp-content\\\/uploads\\\/sites\\\/5\\\/2024\\\/09\\\/Aktialiiga-Yoast-512.png?fit=512%2C512&ssl=1\",\"width\":512,\"height\":512,\"caption\":\"K\u00e4sipallon miesten Aktialiiga\"},\"image\":{\"@id\":\"https:\\\/\\\/aktialiiga.fi\\\/miehet\\\/#\\\/schema\\\/logo\\\/image\\\/\"},\"sameAs\":[\"https:\\\/\\\/www.facebook.com\\\/finnhandball\",\"https:\\\/\\\/x.com\\\/finnhandball\",\"https:\\\/\\\/www.instagram.com\\\/handballfinland\\\/\"]},{\"@type\":\"Person\",\"@id\":\"https:\\\/\\\/aktialiiga.fi\\\/miehet\\\/#\\\/schema\\\/person\\\/c14bf42f47041db74603c45afcb18d87\",\"name\":\"tbrmedia\",\"image\":{\"@type\":\"ImageObject\",\"inLanguage\":\"fi\",\"@id\":\"https:\\\/\\\/secure.gravatar.com\\\/avatar\\\/ee975fa091fe581d12b60debb3439022686618368a7c142044c56724d4666b16?s=96&d=mm&r=g\",\"url\":\"https:\\\/\\\/secure.gravatar.com\\\/avatar\\\/ee975fa091fe581d12b60debb3439022686618368a7c142044c56724d4666b16?s=96&d=mm&r=g\",\"contentUrl\":\"https:\\\/\\\/secure.gravatar.com\\\/avatar\\\/ee975fa091fe581d12b60debb3439022686618368a7c142044c56724d4666b16?s=96&d=mm&r=g\",\"caption\":\"tbrmedia\"}}]}<\/script>\n<!-- \/ Yoast SEO plugin. -->","yoast_head_json":{"title":"Nuoret marssivat esille Atlas Vantaassa | K\u00e4sipallon miesten Aktialiiga","robots":{"index":"index","follow":"follow","max-snippet":"max-snippet:-1","max-image-preview":"max-image-preview:large","max-video-preview":"max-video-preview:-1"},"canonical":"https:\/\/aktialiiga.fi\/miehet\/ajankohtaista\/nuoret-marssivat-esille-atlas-vantaassa\/","og_locale":"fi_FI","og_type":"article","og_title":"Nuoret marssivat esille Atlas Vantaassa | K\u00e4sipallon miesten Aktialiiga","og_description":"Nuorten kehittyminen ja motivaation riitt\u00e4minen ovat urheilun ikuisuuskysymyksi\u00e4. Ainakin paperilla Atlas Vantaan\u00a0tulevaisuus n\u00e4ytt\u00e4\u00e4 t\u00e4lt\u00e4 osin lupaavalta. 2000-syntyneitten poikien maajoukkue-ehdokkaitten nimilista onkin vantaalaisittain komeaa luettavaa, kun siin\u00e4 on per\u00e4ti seitsem\u00e4n Atlaksen kasvattia: Tommi Haverinen, Eemil Eilola, Aapo Halmeenm\u00e4ki, Lasse Louevuo, Edvard Tilles sek\u00e4 ruotsalaisen Alings\u00e5sin kirjoilla olevat Henry Juslin ja Ronny Nummelin. Viiden nykyisen atlaslaisen lis\u00e4ksi [&hellip;]","og_url":"https:\/\/aktialiiga.fi\/miehet\/ajankohtaista\/nuoret-marssivat-esille-atlas-vantaassa\/","og_site_name":"K\u00e4sipallon miesten Aktialiiga","article_publisher":"https:\/\/www.facebook.com\/finnhandball","article_published_time":"2018-05-13T14:26:21+00:00","og_image":[{"width":711,"height":329,"url":"https:\/\/i0.wp.com\/aktialiiga.fi\/miehet\/wp-content\/uploads\/sites\/5\/2018\/03\/Pallomaalissa_kuvitus2018.jpg?fit=711%2C329&ssl=1","type":"image\/jpeg"}],"author":"tbrmedia","twitter_card":"summary_large_image","twitter_creator":"@finnhandball","twitter_site":"@finnhandball","schema":{"@context":"https:\/\/schema.org","@graph":[{"@type":"Article","@id":"https:\/\/aktialiiga.fi\/miehet\/ajankohtaista\/nuoret-marssivat-esille-atlas-vantaassa\/#article","isPartOf":{"@id":"https:\/\/aktialiiga.fi\/miehet\/ajankohtaista\/nuoret-marssivat-esille-atlas-vantaassa\/"},"author":{"name":"tbrmedia","@id":"https:\/\/aktialiiga.fi\/miehet\/#\/schema\/person\/c14bf42f47041db74603c45afcb18d87"},"headline":"Nuoret marssivat esille Atlas Vantaassa","datePublished":"2018-05-13T14:26:21+00:00","mainEntityOfPage":{"@id":"https:\/\/aktialiiga.fi\/miehet\/ajankohtaista\/nuoret-marssivat-esille-atlas-vantaassa\/"},"wordCount":299,"publisher":{"@id":"https:\/\/aktialiiga.fi\/miehet\/#organization"},"image":{"@id":"https:\/\/aktialiiga.fi\/miehet\/ajankohtaista\/nuoret-marssivat-esille-atlas-vantaassa\/#primaryimage"},"thumbnailUrl":"https:\/\/i0.wp.com\/aktialiiga.fi\/miehet\/wp-content\/uploads\/sites\/5\/2018\/03\/Pallomaalissa_kuvitus2018.jpg?fit=711%2C329&ssl=1","keywords":["Atlas Vantaa"],"articleSection":["Ajankohtaista"],"inLanguage":"fi"},{"@type":"WebPage","@id":"https:\/\/aktialiiga.fi\/miehet\/ajankohtaista\/nuoret-marssivat-esille-atlas-vantaassa\/","url":"https:\/\/aktialiiga.fi\/miehet\/ajankohtaista\/nuoret-marssivat-esille-atlas-vantaassa\/","name":"Nuoret marssivat esille Atlas Vantaassa | K\u00e4sipallon miesten Aktialiiga","isPartOf":{"@id":"https:\/\/aktialiiga.fi\/miehet\/#website"},"primaryImageOfPage":{"@id":"https:\/\/aktialiiga.fi\/miehet\/ajankohtaista\/nuoret-marssivat-esille-atlas-vantaassa\/#primaryimage"},"image":{"@id":"https:\/\/aktialiiga.fi\/miehet\/ajankohtaista\/nuoret-marssivat-esille-atlas-vantaassa\/#primaryimage"},"thumbnailUrl":"https:\/\/i0.wp.com\/aktialiiga.fi\/miehet\/wp-content\/uploads\/sites\/5\/2018\/03\/Pallomaalissa_kuvitus2018.jpg?fit=711%2C329&ssl=1","datePublished":"2018-05-13T14:26:21+00:00","breadcrumb":{"@id":"https:\/\/aktialiiga.fi\/miehet\/ajankohtaista\/nuoret-marssivat-esille-atlas-vantaassa\/#breadcrumb"},"inLanguage":"fi","potentialAction":[{"@type":"ReadAction","target":["https:\/\/aktialiiga.fi\/miehet\/ajankohtaista\/nuoret-marssivat-esille-atlas-vantaassa\/"]}]},{"@type":"ImageObject","inLanguage":"fi","@id":"https:\/\/aktialiiga.fi\/miehet\/ajankohtaista\/nuoret-marssivat-esille-atlas-vantaassa\/#primaryimage","url":"https:\/\/i0.wp.com\/aktialiiga.fi\/miehet\/wp-content\/uploads\/sites\/5\/2018\/03\/Pallomaalissa_kuvitus2018.jpg?fit=711%2C329&ssl=1","contentUrl":"https:\/\/i0.wp.com\/aktialiiga.fi\/miehet\/wp-content\/uploads\/sites\/5\/2018\/03\/Pallomaalissa_kuvitus2018.jpg?fit=711%2C329&ssl=1","width":711,"height":329},{"@type":"BreadcrumbList","@id":"https:\/\/aktialiiga.fi\/miehet\/ajankohtaista\/nuoret-marssivat-esille-atlas-vantaassa\/#breadcrumb","itemListElement":[{"@type":"ListItem","position":1,"name":"Etusivu","item":"https:\/\/aktialiiga.fi\/miehet\/"},{"@type":"ListItem","position":2,"name":"Nuoret marssivat esille Atlas Vantaassa"}]},{"@type":"WebSite","@id":"https:\/\/aktialiiga.fi\/miehet\/#website","url":"https:\/\/aktialiiga.fi\/miehet\/","name":"K\u00e4sipallon miesten Aktialiiga","description":"Valtakunnan vauhdikkainta palloilua!","publisher":{"@id":"https:\/\/aktialiiga.fi\/miehet\/#organization"},"potentialAction":[{"@type":"SearchAction","target":{"@type":"EntryPoint","urlTemplate":"https:\/\/aktialiiga.fi\/miehet\/?s={search_term_string}"},"query-input":{"@type":"PropertyValueSpecification","valueRequired":true,"valueName":"search_term_string"}}],"inLanguage":"fi"},{"@type":"Organization","@id":"https:\/\/aktialiiga.fi\/miehet\/#organization","name":"K\u00e4sipallon miesten Aktialiiga","url":"https:\/\/aktialiiga.fi\/miehet\/","logo":{"@type":"ImageObject","inLanguage":"fi","@id":"https:\/\/aktialiiga.fi\/miehet\/#\/schema\/logo\/image\/","url":"https:\/\/i0.wp.com\/aktialiiga.fi\/miehet\/wp-content\/uploads\/sites\/5\/2024\/09\/Aktialiiga-Yoast-512.png?fit=512%2C512&ssl=1","contentUrl":"https:\/\/i0.wp.com\/aktialiiga.fi\/miehet\/wp-content\/uploads\/sites\/5\/2024\/09\/Aktialiiga-Yoast-512.png?fit=512%2C512&ssl=1","width":512,"height":512,"caption":"K\u00e4sipallon miesten Aktialiiga"},"image":{"@id":"https:\/\/aktialiiga.fi\/miehet\/#\/schema\/logo\/image\/"},"sameAs":["https:\/\/www.facebook.com\/finnhandball","https:\/\/x.com\/finnhandball","https:\/\/www.instagram.com\/handballfinland\/"]},{"@type":"Person","@id":"https:\/\/aktialiiga.fi\/miehet\/#\/schema\/person\/c14bf42f47041db74603c45afcb18d87","name":"tbrmedia","image":{"@type":"ImageObject","inLanguage":"fi","@id":"https:\/\/secure.gravatar.com\/avatar\/ee975fa091fe581d12b60debb3439022686618368a7c142044c56724d4666b16?s=96&d=mm&r=g","url":"https:\/\/secure.gravatar.com\/avatar\/ee975fa091fe581d12b60debb3439022686618368a7c142044c56724d4666b16?s=96&d=mm&r=g","contentUrl":"https:\/\/secure.gravatar.com\/avatar\/ee975fa091fe581d12b60debb3439022686618368a7c142044c56724d4666b16?s=96&d=mm&r=g","caption":"tbrmedia"}}]}},"jetpack_featured_media_url":"https:\/\/i0.wp.com\/aktialiiga.fi\/miehet\/wp-content\/uploads\/sites\/5\/2018\/03\/Pallomaalissa_kuvitus2018.jpg?fit=711%2C329&ssl=1","jetpack_sharing_enabled":true,"jetpack_shortlink":"https:\/\/wp.me\/pfTxOr-5ge","_links":{"self":[{"href":"https:\/\/aktialiiga.fi\/miehet\/wp-json\/wp\/v2\/posts\/20226","targetHints":{"allow":["GET"]}}],"collection":[{"href":"https:\/\/aktialiiga.fi\/miehet\/wp-json\/wp\/v2\/posts"}],"about":[{"href":"https:\/\/aktialiiga.fi\/miehet\/wp-json\/wp\/v2\/types\/post"}],"author":[{"embeddable":true,"href":"https:\/\/aktialiiga.fi\/miehet\/wp-json\/wp\/v2\/users\/13"}],"replies":[{"embeddable":true,"href":"https:\/\/aktialiiga.fi\/miehet\/wp-json\/wp\/v2\/comments?post=20226"}],"version-history":[{"count":0,"href":"https:\/\/aktialiiga.fi\/miehet\/wp-json\/wp\/v2\/posts\/20226\/revisions"}],"wp:featuredmedia":[{"embeddable":true,"href":"https:\/\/aktialiiga.fi\/miehet\/wp-json\/wp\/v2\/media\/19583"}],"wp:attachment":[{"href":"https:\/\/aktialiiga.fi\/miehet\/wp-json\/wp\/v2\/media?parent=20226"}],"wp:term":[{"taxonomy":"category","embeddable":true,"href":"https:\/\/aktialiiga.fi\/miehet\/wp-json\/wp\/v2\/categories?post=20226"},{"taxonomy":"post_tag","embeddable":true,"href":"https:\/\/aktialiiga.fi\/miehet\/wp-json\/wp\/v2\/tags?post=20226"}],"curies":[{"name":"wp","href":"https:\/\/api.w.org\/{rel}","templated":true}]}}