{"id":20229,"date":"2018-05-14T11:54:47","date_gmt":"2018-05-14T08:54:47","guid":{"rendered":"https:\/\/aktialiiga.fi\/miehet\/?p=20229"},"modified":"2018-05-14T11:54:47","modified_gmt":"2018-05-14T08:54:47","slug":"hellakoski-siirtyy-grifkn-riveihin","status":"publish","type":"post","link":"https:\/\/aktialiiga.fi\/miehet\/ajankohtaista\/hellakoski-siirtyy-grifkn-riveihin\/","title":{"rendered":"Hellakoski siirtyy GrIFK:n riveihin"},"content":{"rendered":"<p>SM-liigan pelintekij\u00f6iden eliittiin kuuluva Anthony Hellakoski siirtyy kaksivuotisella sopimuksella GrIFK:n riveihin Atlas Vantaasta.<\/p>\n<p>22-vuotias Hellakoski on pelannut urallaan 128 liigaottelua, joissa h\u00e4n on tehnyt 473 maalia. Suomi-paidassa miehelle on kertynyt 15 A- ja 39 nuorten maaottelua.<\/p>\n<p>&#8211; Minulla oli jo pari edellist\u00e4 kautta pieni halu vaihtaa joukkuetta, koska tuntui ett\u00e4 haluan vaihtelua ja ett\u00e4 saisin uutta energiaa pelaamiseen huhtikuussa tehdyn leikkauksen j\u00e4lkeen. Granissa tehd\u00e4\u00e4n hyv\u00e4\u00e4 ty\u00f6t\u00e4 mik\u00e4 tietenkin on iso asia minulle. Lis\u00e4ksi uskon ett\u00e4 minulle tulee nyt kovempi kilpailu omasta pelipaikasta ja -ajasta, mik\u00e4 taas kehitt\u00e4\u00e4 pelaajaa. Atlaksessa muutama kausi meni niin ett\u00e4 olin ainoa pelinrakentaja, Hellakoski taustoittaa siirtoaan GrIFK:n tiedotteessa.<\/p>\n<p>Hellakosken poissaolo oli toden teolla Atlakselle t\u00e4n\u00e4 kev\u00e4\u00e4n\u00e4 liian paha paikka. Viel\u00e4 runkosarjassa joukkue kiilasi GrIFK:n edelle, mutta sai taipua puoliv\u00e4lieriss\u00e4 suoraan kolmessa ottelussa. Atlaksen viime kauden t\u00e4rkeimm\u00e4n kentt\u00e4pelaajan j\u00e4tt\u00e4m\u00e4st\u00e4 aukosta kertoo se, ett\u00e4 14 ottelussa 63 maalia tehnyt mies oli joukkueensa nelj\u00e4nneksi paras maalintekij\u00e4 vaikka pelasi vain puolet otteluista.<\/p>\n<p>Alkukausi menee Hellakosken osalta kuntouttamisen merkeiss\u00e4, mutta toivon mukaan mies n\u00e4hd\u00e4\u00e4n taas pelaamassa joulun aikoihin.<\/p>\n<p>&#8211; Odotan sit\u00e4 ett\u00e4 p\u00e4\u00e4see hyvin joukkueeseen sis\u00e4\u00e4n, ja ett\u00e4 peli sujuu ja ymm\u00e4ret\u00e4\u00e4n mit\u00e4 kukin tekee kent\u00e4ll\u00e4. Ja tietenkin toivon mahdollisimman tasaista kautta jotta lopputulos on niin hyv\u00e4 kuin voi olla.<\/p>\n<p>Taitavaksi pelinrakentajaksi kasvanut Hellakoski aloitti k\u00e4sipallon harrastamisen noin kuuden vanhana Atlaksessa ja pelasi ensimm\u00e4iset ottelunsa SM-liigassa kaudella 2011-12, jolloin h\u00e4n saavutti hopeaa HC Westin juhliessa mestaruutta. Granin v\u00e4rit ovat h\u00e4nelle tutut jo entuudestaan h\u00e4nen edustettuaan seuraa juniorisarjoissa kolmen vuoden ajan.<\/p>\n<p>&#8211; Atlaksessa ei ollut C-junioreissa omaa joukkuetta ja se oli iso syy mink\u00e4 takia vaihdoin tuolloin Graniin. Atlas antoi nuorempana paljon koska pelasin aina vanhempien poikien kanssa, mutta vuodet Granissa valmistivat siihen mit\u00e4 pelaaminen olisi sitten aikuisena, sill\u00e4 palattuani Atlakseen minut nostettiin suoraan miesten joukkueeseen, Hellakoski muistelee.<\/p>\n","protected":false},"excerpt":{"rendered":"<p>SM-liigan pelintekij\u00f6iden eliittiin kuuluva Anthony Hellakoski siirtyy kaksivuotisella sopimuksella GrIFK:n riveihin Atlas Vantaasta. 22-vuotias Hellakoski on pelannut urallaan 128 liigaottelua, joissa h\u00e4n on tehnyt 473 maalia. Suomi-paidassa miehelle on kertynyt 15 A- ja 39 nuorten maaottelua. &#8211; Minulla oli jo pari edellist\u00e4 kautta pieni halu vaihtaa joukkuetta, koska tuntui ett\u00e4 haluan vaihtelua ja ett\u00e4 saisin [&hellip;]<\/p>\n","protected":false},"author":13,"featured_media":16094,"comment_status":"closed","ping_status":"closed","sticky":false,"template":"","format":"standard","meta":{"_acf_changed":false,"jetpack_post_was_ever_published":false,"_jetpack_newsletter_access":"","_jetpack_dont_email_post_to_subs":false,"_jetpack_newsletter_tier_id":0,"_jetpack_memberships_contains_paywalled_content":false,"_jetpack_memberships_contains_paid_content":false,"footnotes":""},"categories":[2],"tags":[64],"class_list":["post-20229","post","type-post","status-publish","format-standard","has-post-thumbnail","hentry","category-ajankohtaista","tag-grifk"],"acf":[],"yoast_head":"<!-- This site is optimized with the Yoast SEO plugin v27.5 - https:\/\/yoast.com\/product\/yoast-seo-wordpress\/ -->\n<title>Hellakoski siirtyy GrIFK:n riveihin | K\u00e4sipallon miesten Aktialiiga<\/title>\n<meta name=\"robots\" content=\"index, follow, max-snippet:-1, max-image-preview:large, max-video-preview:-1\" \/>\n<link rel=\"canonical\" href=\"https:\/\/aktialiiga.fi\/miehet\/ajankohtaista\/hellakoski-siirtyy-grifkn-riveihin\/\" \/>\n<meta property=\"og:locale\" content=\"fi_FI\" \/>\n<meta property=\"og:type\" content=\"article\" \/>\n<meta property=\"og:title\" content=\"Hellakoski siirtyy GrIFK:n riveihin | K\u00e4sipallon miesten Aktialiiga\" \/>\n<meta property=\"og:description\" content=\"SM-liigan pelintekij\u00f6iden eliittiin kuuluva Anthony Hellakoski siirtyy kaksivuotisella sopimuksella GrIFK:n riveihin Atlas Vantaasta. 22-vuotias Hellakoski on pelannut urallaan 128 liigaottelua, joissa h\u00e4n on tehnyt 473 maalia. Suomi-paidassa miehelle on kertynyt 15 A- ja 39 nuorten maaottelua. &#8211; Minulla oli jo pari edellist\u00e4 kautta pieni halu vaihtaa joukkuetta, koska tuntui ett\u00e4 haluan vaihtelua ja ett\u00e4 saisin [&hellip;]\" \/>\n<meta property=\"og:url\" content=\"https:\/\/aktialiiga.fi\/miehet\/ajankohtaista\/hellakoski-siirtyy-grifkn-riveihin\/\" \/>\n<meta property=\"og:site_name\" content=\"K\u00e4sipallon miesten Aktialiiga\" \/>\n<meta property=\"article:publisher\" content=\"https:\/\/www.facebook.com\/finnhandball\" \/>\n<meta property=\"article:published_time\" content=\"2018-05-14T08:54:47+00:00\" \/>\n<meta property=\"og:image\" content=\"https:\/\/i0.wp.com\/aktialiiga.fi\/miehet\/wp-content\/uploads\/sites\/5\/2017\/02\/Hellakoski_Anthony_Atlas_16.jpg?fit=711%2C329&ssl=1\" \/>\n\t<meta property=\"og:image:width\" content=\"711\" \/>\n\t<meta property=\"og:image:height\" content=\"329\" \/>\n\t<meta property=\"og:image:type\" content=\"image\/jpeg\" \/>\n<meta name=\"author\" content=\"tbrmedia\" \/>\n<meta name=\"twitter:card\" content=\"summary_large_image\" \/>\n<meta name=\"twitter:creator\" content=\"@finnhandball\" \/>\n<meta name=\"twitter:site\" content=\"@finnhandball\" \/>\n<script type=\"application\/ld+json\" class=\"yoast-schema-graph\">{\"@context\":\"https:\\\/\\\/schema.org\",\"@graph\":[{\"@type\":\"Article\",\"@id\":\"https:\\\/\\\/aktialiiga.fi\\\/miehet\\\/ajankohtaista\\\/hellakoski-siirtyy-grifkn-riveihin\\\/#article\",\"isPartOf\":{\"@id\":\"https:\\\/\\\/aktialiiga.fi\\\/miehet\\\/ajankohtaista\\\/hellakoski-siirtyy-grifkn-riveihin\\\/\"},\"author\":{\"name\":\"tbrmedia\",\"@id\":\"https:\\\/\\\/aktialiiga.fi\\\/miehet\\\/#\\\/schema\\\/person\\\/c14bf42f47041db74603c45afcb18d87\"},\"headline\":\"Hellakoski siirtyy GrIFK:n riveihin\",\"datePublished\":\"2018-05-14T08:54:47+00:00\",\"mainEntityOfPage\":{\"@id\":\"https:\\\/\\\/aktialiiga.fi\\\/miehet\\\/ajankohtaista\\\/hellakoski-siirtyy-grifkn-riveihin\\\/\"},\"wordCount\":317,\"publisher\":{\"@id\":\"https:\\\/\\\/aktialiiga.fi\\\/miehet\\\/#organization\"},\"image\":{\"@id\":\"https:\\\/\\\/aktialiiga.fi\\\/miehet\\\/ajankohtaista\\\/hellakoski-siirtyy-grifkn-riveihin\\\/#primaryimage\"},\"thumbnailUrl\":\"https:\\\/\\\/i0.wp.com\\\/aktialiiga.fi\\\/miehet\\\/wp-content\\\/uploads\\\/sites\\\/5\\\/2017\\\/02\\\/Hellakoski_Anthony_Atlas_16.jpg?fit=711%2C329&ssl=1\",\"keywords\":[\"GrIFK\"],\"articleSection\":[\"Ajankohtaista\"],\"inLanguage\":\"fi\"},{\"@type\":\"WebPage\",\"@id\":\"https:\\\/\\\/aktialiiga.fi\\\/miehet\\\/ajankohtaista\\\/hellakoski-siirtyy-grifkn-riveihin\\\/\",\"url\":\"https:\\\/\\\/aktialiiga.fi\\\/miehet\\\/ajankohtaista\\\/hellakoski-siirtyy-grifkn-riveihin\\\/\",\"name\":\"Hellakoski siirtyy GrIFK:n riveihin | K\u00e4sipallon miesten Aktialiiga\",\"isPartOf\":{\"@id\":\"https:\\\/\\\/aktialiiga.fi\\\/miehet\\\/#website\"},\"primaryImageOfPage\":{\"@id\":\"https:\\\/\\\/aktialiiga.fi\\\/miehet\\\/ajankohtaista\\\/hellakoski-siirtyy-grifkn-riveihin\\\/#primaryimage\"},\"image\":{\"@id\":\"https:\\\/\\\/aktialiiga.fi\\\/miehet\\\/ajankohtaista\\\/hellakoski-siirtyy-grifkn-riveihin\\\/#primaryimage\"},\"thumbnailUrl\":\"https:\\\/\\\/i0.wp.com\\\/aktialiiga.fi\\\/miehet\\\/wp-content\\\/uploads\\\/sites\\\/5\\\/2017\\\/02\\\/Hellakoski_Anthony_Atlas_16.jpg?fit=711%2C329&ssl=1\",\"datePublished\":\"2018-05-14T08:54:47+00:00\",\"breadcrumb\":{\"@id\":\"https:\\\/\\\/aktialiiga.fi\\\/miehet\\\/ajankohtaista\\\/hellakoski-siirtyy-grifkn-riveihin\\\/#breadcrumb\"},\"inLanguage\":\"fi\",\"potentialAction\":[{\"@type\":\"ReadAction\",\"target\":[\"https:\\\/\\\/aktialiiga.fi\\\/miehet\\\/ajankohtaista\\\/hellakoski-siirtyy-grifkn-riveihin\\\/\"]}]},{\"@type\":\"ImageObject\",\"inLanguage\":\"fi\",\"@id\":\"https:\\\/\\\/aktialiiga.fi\\\/miehet\\\/ajankohtaista\\\/hellakoski-siirtyy-grifkn-riveihin\\\/#primaryimage\",\"url\":\"https:\\\/\\\/i0.wp.com\\\/aktialiiga.fi\\\/miehet\\\/wp-content\\\/uploads\\\/sites\\\/5\\\/2017\\\/02\\\/Hellakoski_Anthony_Atlas_16.jpg?fit=711%2C329&ssl=1\",\"contentUrl\":\"https:\\\/\\\/i0.wp.com\\\/aktialiiga.fi\\\/miehet\\\/wp-content\\\/uploads\\\/sites\\\/5\\\/2017\\\/02\\\/Hellakoski_Anthony_Atlas_16.jpg?fit=711%2C329&ssl=1\",\"width\":711,\"height\":329},{\"@type\":\"BreadcrumbList\",\"@id\":\"https:\\\/\\\/aktialiiga.fi\\\/miehet\\\/ajankohtaista\\\/hellakoski-siirtyy-grifkn-riveihin\\\/#breadcrumb\",\"itemListElement\":[{\"@type\":\"ListItem\",\"position\":1,\"name\":\"Etusivu\",\"item\":\"https:\\\/\\\/aktialiiga.fi\\\/miehet\\\/\"},{\"@type\":\"ListItem\",\"position\":2,\"name\":\"Hellakoski siirtyy GrIFK:n riveihin\"}]},{\"@type\":\"WebSite\",\"@id\":\"https:\\\/\\\/aktialiiga.fi\\\/miehet\\\/#website\",\"url\":\"https:\\\/\\\/aktialiiga.fi\\\/miehet\\\/\",\"name\":\"K\u00e4sipallon miesten Aktialiiga\",\"description\":\"Valtakunnan vauhdikkainta palloilua!\",\"publisher\":{\"@id\":\"https:\\\/\\\/aktialiiga.fi\\\/miehet\\\/#organization\"},\"potentialAction\":[{\"@type\":\"SearchAction\",\"target\":{\"@type\":\"EntryPoint\",\"urlTemplate\":\"https:\\\/\\\/aktialiiga.fi\\\/miehet\\\/?s={search_term_string}\"},\"query-input\":{\"@type\":\"PropertyValueSpecification\",\"valueRequired\":true,\"valueName\":\"search_term_string\"}}],\"inLanguage\":\"fi\"},{\"@type\":\"Organization\",\"@id\":\"https:\\\/\\\/aktialiiga.fi\\\/miehet\\\/#organization\",\"name\":\"K\u00e4sipallon miesten Aktialiiga\",\"url\":\"https:\\\/\\\/aktialiiga.fi\\\/miehet\\\/\",\"logo\":{\"@type\":\"ImageObject\",\"inLanguage\":\"fi\",\"@id\":\"https:\\\/\\\/aktialiiga.fi\\\/miehet\\\/#\\\/schema\\\/logo\\\/image\\\/\",\"url\":\"https:\\\/\\\/i0.wp.com\\\/aktialiiga.fi\\\/miehet\\\/wp-content\\\/uploads\\\/sites\\\/5\\\/2024\\\/09\\\/Aktialiiga-Yoast-512.png?fit=512%2C512&ssl=1\",\"contentUrl\":\"https:\\\/\\\/i0.wp.com\\\/aktialiiga.fi\\\/miehet\\\/wp-content\\\/uploads\\\/sites\\\/5\\\/2024\\\/09\\\/Aktialiiga-Yoast-512.png?fit=512%2C512&ssl=1\",\"width\":512,\"height\":512,\"caption\":\"K\u00e4sipallon miesten Aktialiiga\"},\"image\":{\"@id\":\"https:\\\/\\\/aktialiiga.fi\\\/miehet\\\/#\\\/schema\\\/logo\\\/image\\\/\"},\"sameAs\":[\"https:\\\/\\\/www.facebook.com\\\/finnhandball\",\"https:\\\/\\\/x.com\\\/finnhandball\",\"https:\\\/\\\/www.instagram.com\\\/handballfinland\\\/\"]},{\"@type\":\"Person\",\"@id\":\"https:\\\/\\\/aktialiiga.fi\\\/miehet\\\/#\\\/schema\\\/person\\\/c14bf42f47041db74603c45afcb18d87\",\"name\":\"tbrmedia\",\"image\":{\"@type\":\"ImageObject\",\"inLanguage\":\"fi\",\"@id\":\"https:\\\/\\\/secure.gravatar.com\\\/avatar\\\/ee975fa091fe581d12b60debb3439022686618368a7c142044c56724d4666b16?s=96&d=mm&r=g\",\"url\":\"https:\\\/\\\/secure.gravatar.com\\\/avatar\\\/ee975fa091fe581d12b60debb3439022686618368a7c142044c56724d4666b16?s=96&d=mm&r=g\",\"contentUrl\":\"https:\\\/\\\/secure.gravatar.com\\\/avatar\\\/ee975fa091fe581d12b60debb3439022686618368a7c142044c56724d4666b16?s=96&d=mm&r=g\",\"caption\":\"tbrmedia\"}}]}<\/script>\n<!-- \/ Yoast SEO plugin. -->","yoast_head_json":{"title":"Hellakoski siirtyy GrIFK:n riveihin | K\u00e4sipallon miesten Aktialiiga","robots":{"index":"index","follow":"follow","max-snippet":"max-snippet:-1","max-image-preview":"max-image-preview:large","max-video-preview":"max-video-preview:-1"},"canonical":"https:\/\/aktialiiga.fi\/miehet\/ajankohtaista\/hellakoski-siirtyy-grifkn-riveihin\/","og_locale":"fi_FI","og_type":"article","og_title":"Hellakoski siirtyy GrIFK:n riveihin | K\u00e4sipallon miesten Aktialiiga","og_description":"SM-liigan pelintekij\u00f6iden eliittiin kuuluva Anthony Hellakoski siirtyy kaksivuotisella sopimuksella GrIFK:n riveihin Atlas Vantaasta. 22-vuotias Hellakoski on pelannut urallaan 128 liigaottelua, joissa h\u00e4n on tehnyt 473 maalia. Suomi-paidassa miehelle on kertynyt 15 A- ja 39 nuorten maaottelua. &#8211; Minulla oli jo pari edellist\u00e4 kautta pieni halu vaihtaa joukkuetta, koska tuntui ett\u00e4 haluan vaihtelua ja ett\u00e4 saisin [&hellip;]","og_url":"https:\/\/aktialiiga.fi\/miehet\/ajankohtaista\/hellakoski-siirtyy-grifkn-riveihin\/","og_site_name":"K\u00e4sipallon miesten Aktialiiga","article_publisher":"https:\/\/www.facebook.com\/finnhandball","article_published_time":"2018-05-14T08:54:47+00:00","og_image":[{"width":711,"height":329,"url":"https:\/\/i0.wp.com\/aktialiiga.fi\/miehet\/wp-content\/uploads\/sites\/5\/2017\/02\/Hellakoski_Anthony_Atlas_16.jpg?fit=711%2C329&ssl=1","type":"image\/jpeg"}],"author":"tbrmedia","twitter_card":"summary_large_image","twitter_creator":"@finnhandball","twitter_site":"@finnhandball","schema":{"@context":"https:\/\/schema.org","@graph":[{"@type":"Article","@id":"https:\/\/aktialiiga.fi\/miehet\/ajankohtaista\/hellakoski-siirtyy-grifkn-riveihin\/#article","isPartOf":{"@id":"https:\/\/aktialiiga.fi\/miehet\/ajankohtaista\/hellakoski-siirtyy-grifkn-riveihin\/"},"author":{"name":"tbrmedia","@id":"https:\/\/aktialiiga.fi\/miehet\/#\/schema\/person\/c14bf42f47041db74603c45afcb18d87"},"headline":"Hellakoski siirtyy GrIFK:n riveihin","datePublished":"2018-05-14T08:54:47+00:00","mainEntityOfPage":{"@id":"https:\/\/aktialiiga.fi\/miehet\/ajankohtaista\/hellakoski-siirtyy-grifkn-riveihin\/"},"wordCount":317,"publisher":{"@id":"https:\/\/aktialiiga.fi\/miehet\/#organization"},"image":{"@id":"https:\/\/aktialiiga.fi\/miehet\/ajankohtaista\/hellakoski-siirtyy-grifkn-riveihin\/#primaryimage"},"thumbnailUrl":"https:\/\/i0.wp.com\/aktialiiga.fi\/miehet\/wp-content\/uploads\/sites\/5\/2017\/02\/Hellakoski_Anthony_Atlas_16.jpg?fit=711%2C329&ssl=1","keywords":["GrIFK"],"articleSection":["Ajankohtaista"],"inLanguage":"fi"},{"@type":"WebPage","@id":"https:\/\/aktialiiga.fi\/miehet\/ajankohtaista\/hellakoski-siirtyy-grifkn-riveihin\/","url":"https:\/\/aktialiiga.fi\/miehet\/ajankohtaista\/hellakoski-siirtyy-grifkn-riveihin\/","name":"Hellakoski siirtyy GrIFK:n riveihin | K\u00e4sipallon miesten Aktialiiga","isPartOf":{"@id":"https:\/\/aktialiiga.fi\/miehet\/#website"},"primaryImageOfPage":{"@id":"https:\/\/aktialiiga.fi\/miehet\/ajankohtaista\/hellakoski-siirtyy-grifkn-riveihin\/#primaryimage"},"image":{"@id":"https:\/\/aktialiiga.fi\/miehet\/ajankohtaista\/hellakoski-siirtyy-grifkn-riveihin\/#primaryimage"},"thumbnailUrl":"https:\/\/i0.wp.com\/aktialiiga.fi\/miehet\/wp-content\/uploads\/sites\/5\/2017\/02\/Hellakoski_Anthony_Atlas_16.jpg?fit=711%2C329&ssl=1","datePublished":"2018-05-14T08:54:47+00:00","breadcrumb":{"@id":"https:\/\/aktialiiga.fi\/miehet\/ajankohtaista\/hellakoski-siirtyy-grifkn-riveihin\/#breadcrumb"},"inLanguage":"fi","potentialAction":[{"@type":"ReadAction","target":["https:\/\/aktialiiga.fi\/miehet\/ajankohtaista\/hellakoski-siirtyy-grifkn-riveihin\/"]}]},{"@type":"ImageObject","inLanguage":"fi","@id":"https:\/\/aktialiiga.fi\/miehet\/ajankohtaista\/hellakoski-siirtyy-grifkn-riveihin\/#primaryimage","url":"https:\/\/i0.wp.com\/aktialiiga.fi\/miehet\/wp-content\/uploads\/sites\/5\/2017\/02\/Hellakoski_Anthony_Atlas_16.jpg?fit=711%2C329&ssl=1","contentUrl":"https:\/\/i0.wp.com\/aktialiiga.fi\/miehet\/wp-content\/uploads\/sites\/5\/2017\/02\/Hellakoski_Anthony_Atlas_16.jpg?fit=711%2C329&ssl=1","width":711,"height":329},{"@type":"BreadcrumbList","@id":"https:\/\/aktialiiga.fi\/miehet\/ajankohtaista\/hellakoski-siirtyy-grifkn-riveihin\/#breadcrumb","itemListElement":[{"@type":"ListItem","position":1,"name":"Etusivu","item":"https:\/\/aktialiiga.fi\/miehet\/"},{"@type":"ListItem","position":2,"name":"Hellakoski siirtyy GrIFK:n riveihin"}]},{"@type":"WebSite","@id":"https:\/\/aktialiiga.fi\/miehet\/#website","url":"https:\/\/aktialiiga.fi\/miehet\/","name":"K\u00e4sipallon miesten Aktialiiga","description":"Valtakunnan vauhdikkainta palloilua!","publisher":{"@id":"https:\/\/aktialiiga.fi\/miehet\/#organization"},"potentialAction":[{"@type":"SearchAction","target":{"@type":"EntryPoint","urlTemplate":"https:\/\/aktialiiga.fi\/miehet\/?s={search_term_string}"},"query-input":{"@type":"PropertyValueSpecification","valueRequired":true,"valueName":"search_term_string"}}],"inLanguage":"fi"},{"@type":"Organization","@id":"https:\/\/aktialiiga.fi\/miehet\/#organization","name":"K\u00e4sipallon miesten Aktialiiga","url":"https:\/\/aktialiiga.fi\/miehet\/","logo":{"@type":"ImageObject","inLanguage":"fi","@id":"https:\/\/aktialiiga.fi\/miehet\/#\/schema\/logo\/image\/","url":"https:\/\/i0.wp.com\/aktialiiga.fi\/miehet\/wp-content\/uploads\/sites\/5\/2024\/09\/Aktialiiga-Yoast-512.png?fit=512%2C512&ssl=1","contentUrl":"https:\/\/i0.wp.com\/aktialiiga.fi\/miehet\/wp-content\/uploads\/sites\/5\/2024\/09\/Aktialiiga-Yoast-512.png?fit=512%2C512&ssl=1","width":512,"height":512,"caption":"K\u00e4sipallon miesten Aktialiiga"},"image":{"@id":"https:\/\/aktialiiga.fi\/miehet\/#\/schema\/logo\/image\/"},"sameAs":["https:\/\/www.facebook.com\/finnhandball","https:\/\/x.com\/finnhandball","https:\/\/www.instagram.com\/handballfinland\/"]},{"@type":"Person","@id":"https:\/\/aktialiiga.fi\/miehet\/#\/schema\/person\/c14bf42f47041db74603c45afcb18d87","name":"tbrmedia","image":{"@type":"ImageObject","inLanguage":"fi","@id":"https:\/\/secure.gravatar.com\/avatar\/ee975fa091fe581d12b60debb3439022686618368a7c142044c56724d4666b16?s=96&d=mm&r=g","url":"https:\/\/secure.gravatar.com\/avatar\/ee975fa091fe581d12b60debb3439022686618368a7c142044c56724d4666b16?s=96&d=mm&r=g","contentUrl":"https:\/\/secure.gravatar.com\/avatar\/ee975fa091fe581d12b60debb3439022686618368a7c142044c56724d4666b16?s=96&d=mm&r=g","caption":"tbrmedia"}}]}},"jetpack_featured_media_url":"https:\/\/i0.wp.com\/aktialiiga.fi\/miehet\/wp-content\/uploads\/sites\/5\/2017\/02\/Hellakoski_Anthony_Atlas_16.jpg?fit=711%2C329&ssl=1","jetpack_sharing_enabled":true,"jetpack_shortlink":"https:\/\/wp.me\/pfTxOr-5gh","_links":{"self":[{"href":"https:\/\/aktialiiga.fi\/miehet\/wp-json\/wp\/v2\/posts\/20229","targetHints":{"allow":["GET"]}}],"collection":[{"href":"https:\/\/aktialiiga.fi\/miehet\/wp-json\/wp\/v2\/posts"}],"about":[{"href":"https:\/\/aktialiiga.fi\/miehet\/wp-json\/wp\/v2\/types\/post"}],"author":[{"embeddable":true,"href":"https:\/\/aktialiiga.fi\/miehet\/wp-json\/wp\/v2\/users\/13"}],"replies":[{"embeddable":true,"href":"https:\/\/aktialiiga.fi\/miehet\/wp-json\/wp\/v2\/comments?post=20229"}],"version-history":[{"count":0,"href":"https:\/\/aktialiiga.fi\/miehet\/wp-json\/wp\/v2\/posts\/20229\/revisions"}],"wp:featuredmedia":[{"embeddable":true,"href":"https:\/\/aktialiiga.fi\/miehet\/wp-json\/wp\/v2\/media\/16094"}],"wp:attachment":[{"href":"https:\/\/aktialiiga.fi\/miehet\/wp-json\/wp\/v2\/media?parent=20229"}],"wp:term":[{"taxonomy":"category","embeddable":true,"href":"https:\/\/aktialiiga.fi\/miehet\/wp-json\/wp\/v2\/categories?post=20229"},{"taxonomy":"post_tag","embeddable":true,"href":"https:\/\/aktialiiga.fi\/miehet\/wp-json\/wp\/v2\/tags?post=20229"}],"curies":[{"name":"wp","href":"https:\/\/api.w.org\/{rel}","templated":true}]}}