{"id":20427,"date":"2018-07-29T14:17:38","date_gmt":"2018-07-29T11:17:38","guid":{"rendered":"https:\/\/aktialiiga.fi\/miehet\/?p=20427"},"modified":"2018-08-06T14:19:26","modified_gmt":"2018-08-06T11:19:26","slug":"brummer-palaa-aifkn-paitaan","status":"publish","type":"post","link":"https:\/\/aktialiiga.fi\/miehet\/ajankohtaista\/brummer-palaa-aifkn-paitaan\/","title":{"rendered":"Brummer palaa \u00c5IFK:n paitaan"},"content":{"rendered":"<p>\u00c5bo IFK on tehnyt pelaajasopimuksen turkulaiskasvatti Paavo Brummerin kanssa. Kaksi viimeist\u00e4 kautta Grankulla IFK:ta edustanut Brummer palaa juurilleen Turkuun ja \u00c5bo IFK:n paitaan.<\/p>\n<p>196-senttisell\u00e4 varrellaan Paavo tuo kokoa ja n\u00e4k\u00f6\u00e4 \u00c5IFK:n joukkueeseen.<\/p>\n<p>&#8211; Meill\u00e4 on Turussa hyv\u00e4 pumppu kasassa! Joukkue on todella nuori, mutta liigakokemusta l\u00f6ytyy ihan riitt\u00e4v\u00e4sti. Lis\u00e4ksi rosterissa on laajuutta aikaisempiin vuosiin verrattuna. Puoliv\u00e4lier\u00e4t t\u00e4ytyy olla minimitavoitteena, siit\u00e4 alasp\u00e4in tuntuu ennakkoon ep\u00e4onnistumiselta,<br \/>\npohti Turkuun palaava Paavo Brummer joukkueen tulevaa kautta seuran verkkosivuilla.<\/p>\n<p>Viivapelaajan paikkaa pelaava Brummer on kerrytt\u00e4nyt tililleen yhden SM-hopean ja yhden SM-pronssin Kauniaisissa. Lis\u00e4ksi tilille on kertynyt 44 juniorimaaottelua P96- ja P94-maajoukkueiden mukana. Paavo tuo voimaa erityisesti joukkueen puolustusp\u00e4\u00e4h\u00e4n, jossa aggressiivisesti raastava j\u00e4rk\u00e4le onkin elementiss\u00e4\u00e4n. Puolustusp\u00e4\u00e4n johtajana tunnetulle Brummerille on kertynyt liigapelej\u00e4 72 ottelun verran.<\/p>\n<p>&#8211; Odotuksena on, ett\u00e4 saadaan turkulaisen liigak\u00e4sipallon trendi voittavammaksi. Junnutoiminta t\u00e4\u00e4ll\u00e4 on jo hyv\u00e4ll\u00e4 mallilla, joten liigajoukkueenkin pit\u00e4\u00e4 alkaa p\u00e4rj\u00e4\u00e4m\u00e4\u00e4n. Voittaminen tuo uskoa sek\u00e4 t\u00e4h\u00e4n p\u00e4iv\u00e4\u00e4n, ett\u00e4 tulevaan!, analysoi turkulaiskasvatti my\u00f6s tulevia kausia odotellen.<\/p>\n","protected":false},"excerpt":{"rendered":"<p>\u00c5bo IFK on tehnyt pelaajasopimuksen turkulaiskasvatti Paavo Brummerin kanssa. Kaksi viimeist\u00e4 kautta Grankulla IFK:ta edustanut Brummer palaa juurilleen Turkuun ja \u00c5bo IFK:n paitaan. 196-senttisell\u00e4 varrellaan Paavo tuo kokoa ja n\u00e4k\u00f6\u00e4 \u00c5IFK:n joukkueeseen. &#8211; Meill\u00e4 on Turussa hyv\u00e4 pumppu kasassa! Joukkue on todella nuori, mutta liigakokemusta l\u00f6ytyy ihan riitt\u00e4v\u00e4sti. Lis\u00e4ksi rosterissa on laajuutta aikaisempiin vuosiin verrattuna. [&hellip;]<\/p>\n","protected":false},"author":13,"featured_media":19583,"comment_status":"closed","ping_status":"closed","sticky":false,"template":"","format":"standard","meta":{"_acf_changed":false,"jetpack_post_was_ever_published":false,"_jetpack_newsletter_access":"","_jetpack_dont_email_post_to_subs":false,"_jetpack_newsletter_tier_id":0,"_jetpack_memberships_contains_paywalled_content":false,"_jetpack_memberships_contains_paid_content":false,"footnotes":""},"categories":[2],"tags":[50],"class_list":["post-20427","post","type-post","status-publish","format-standard","has-post-thumbnail","hentry","category-ajankohtaista","tag-aifk"],"acf":[],"yoast_head":"<!-- This site is optimized with the Yoast SEO plugin v27.5 - https:\/\/yoast.com\/product\/yoast-seo-wordpress\/ -->\n<title>Brummer palaa \u00c5IFK:n paitaan | K\u00e4sipallon miesten Aktialiiga<\/title>\n<meta name=\"robots\" content=\"index, follow, max-snippet:-1, max-image-preview:large, max-video-preview:-1\" \/>\n<link rel=\"canonical\" href=\"https:\/\/aktialiiga.fi\/miehet\/ajankohtaista\/brummer-palaa-aifkn-paitaan\/\" \/>\n<meta property=\"og:locale\" content=\"fi_FI\" \/>\n<meta property=\"og:type\" content=\"article\" \/>\n<meta property=\"og:title\" content=\"Brummer palaa \u00c5IFK:n paitaan | K\u00e4sipallon miesten Aktialiiga\" \/>\n<meta property=\"og:description\" content=\"\u00c5bo IFK on tehnyt pelaajasopimuksen turkulaiskasvatti Paavo Brummerin kanssa. Kaksi viimeist\u00e4 kautta Grankulla IFK:ta edustanut Brummer palaa juurilleen Turkuun ja \u00c5bo IFK:n paitaan. 196-senttisell\u00e4 varrellaan Paavo tuo kokoa ja n\u00e4k\u00f6\u00e4 \u00c5IFK:n joukkueeseen. &#8211; Meill\u00e4 on Turussa hyv\u00e4 pumppu kasassa! Joukkue on todella nuori, mutta liigakokemusta l\u00f6ytyy ihan riitt\u00e4v\u00e4sti. Lis\u00e4ksi rosterissa on laajuutta aikaisempiin vuosiin verrattuna. [&hellip;]\" \/>\n<meta property=\"og:url\" content=\"https:\/\/aktialiiga.fi\/miehet\/ajankohtaista\/brummer-palaa-aifkn-paitaan\/\" \/>\n<meta property=\"og:site_name\" content=\"K\u00e4sipallon miesten Aktialiiga\" \/>\n<meta property=\"article:publisher\" content=\"https:\/\/www.facebook.com\/finnhandball\" \/>\n<meta property=\"article:published_time\" content=\"2018-07-29T11:17:38+00:00\" \/>\n<meta property=\"article:modified_time\" content=\"2018-08-06T11:19:26+00:00\" \/>\n<meta property=\"og:image\" content=\"https:\/\/i0.wp.com\/aktialiiga.fi\/miehet\/wp-content\/uploads\/sites\/5\/2018\/03\/Pallomaalissa_kuvitus2018.jpg?fit=711%2C329&ssl=1\" \/>\n\t<meta property=\"og:image:width\" content=\"711\" \/>\n\t<meta property=\"og:image:height\" content=\"329\" \/>\n\t<meta property=\"og:image:type\" content=\"image\/jpeg\" \/>\n<meta name=\"author\" content=\"tbrmedia\" \/>\n<meta name=\"twitter:card\" content=\"summary_large_image\" \/>\n<meta name=\"twitter:creator\" content=\"@finnhandball\" \/>\n<meta name=\"twitter:site\" content=\"@finnhandball\" \/>\n<script type=\"application\/ld+json\" class=\"yoast-schema-graph\">{\"@context\":\"https:\\\/\\\/schema.org\",\"@graph\":[{\"@type\":\"Article\",\"@id\":\"https:\\\/\\\/aktialiiga.fi\\\/miehet\\\/ajankohtaista\\\/brummer-palaa-aifkn-paitaan\\\/#article\",\"isPartOf\":{\"@id\":\"https:\\\/\\\/aktialiiga.fi\\\/miehet\\\/ajankohtaista\\\/brummer-palaa-aifkn-paitaan\\\/\"},\"author\":{\"name\":\"tbrmedia\",\"@id\":\"https:\\\/\\\/aktialiiga.fi\\\/miehet\\\/#\\\/schema\\\/person\\\/c14bf42f47041db74603c45afcb18d87\"},\"headline\":\"Brummer palaa \u00c5IFK:n paitaan\",\"datePublished\":\"2018-07-29T11:17:38+00:00\",\"dateModified\":\"2018-08-06T11:19:26+00:00\",\"mainEntityOfPage\":{\"@id\":\"https:\\\/\\\/aktialiiga.fi\\\/miehet\\\/ajankohtaista\\\/brummer-palaa-aifkn-paitaan\\\/\"},\"wordCount\":190,\"publisher\":{\"@id\":\"https:\\\/\\\/aktialiiga.fi\\\/miehet\\\/#organization\"},\"image\":{\"@id\":\"https:\\\/\\\/aktialiiga.fi\\\/miehet\\\/ajankohtaista\\\/brummer-palaa-aifkn-paitaan\\\/#primaryimage\"},\"thumbnailUrl\":\"https:\\\/\\\/i0.wp.com\\\/aktialiiga.fi\\\/miehet\\\/wp-content\\\/uploads\\\/sites\\\/5\\\/2018\\\/03\\\/Pallomaalissa_kuvitus2018.jpg?fit=711%2C329&ssl=1\",\"keywords\":[\"\u00c5IFK\"],\"articleSection\":[\"Ajankohtaista\"],\"inLanguage\":\"fi\"},{\"@type\":\"WebPage\",\"@id\":\"https:\\\/\\\/aktialiiga.fi\\\/miehet\\\/ajankohtaista\\\/brummer-palaa-aifkn-paitaan\\\/\",\"url\":\"https:\\\/\\\/aktialiiga.fi\\\/miehet\\\/ajankohtaista\\\/brummer-palaa-aifkn-paitaan\\\/\",\"name\":\"Brummer palaa \u00c5IFK:n paitaan | K\u00e4sipallon miesten Aktialiiga\",\"isPartOf\":{\"@id\":\"https:\\\/\\\/aktialiiga.fi\\\/miehet\\\/#website\"},\"primaryImageOfPage\":{\"@id\":\"https:\\\/\\\/aktialiiga.fi\\\/miehet\\\/ajankohtaista\\\/brummer-palaa-aifkn-paitaan\\\/#primaryimage\"},\"image\":{\"@id\":\"https:\\\/\\\/aktialiiga.fi\\\/miehet\\\/ajankohtaista\\\/brummer-palaa-aifkn-paitaan\\\/#primaryimage\"},\"thumbnailUrl\":\"https:\\\/\\\/i0.wp.com\\\/aktialiiga.fi\\\/miehet\\\/wp-content\\\/uploads\\\/sites\\\/5\\\/2018\\\/03\\\/Pallomaalissa_kuvitus2018.jpg?fit=711%2C329&ssl=1\",\"datePublished\":\"2018-07-29T11:17:38+00:00\",\"dateModified\":\"2018-08-06T11:19:26+00:00\",\"breadcrumb\":{\"@id\":\"https:\\\/\\\/aktialiiga.fi\\\/miehet\\\/ajankohtaista\\\/brummer-palaa-aifkn-paitaan\\\/#breadcrumb\"},\"inLanguage\":\"fi\",\"potentialAction\":[{\"@type\":\"ReadAction\",\"target\":[\"https:\\\/\\\/aktialiiga.fi\\\/miehet\\\/ajankohtaista\\\/brummer-palaa-aifkn-paitaan\\\/\"]}]},{\"@type\":\"ImageObject\",\"inLanguage\":\"fi\",\"@id\":\"https:\\\/\\\/aktialiiga.fi\\\/miehet\\\/ajankohtaista\\\/brummer-palaa-aifkn-paitaan\\\/#primaryimage\",\"url\":\"https:\\\/\\\/i0.wp.com\\\/aktialiiga.fi\\\/miehet\\\/wp-content\\\/uploads\\\/sites\\\/5\\\/2018\\\/03\\\/Pallomaalissa_kuvitus2018.jpg?fit=711%2C329&ssl=1\",\"contentUrl\":\"https:\\\/\\\/i0.wp.com\\\/aktialiiga.fi\\\/miehet\\\/wp-content\\\/uploads\\\/sites\\\/5\\\/2018\\\/03\\\/Pallomaalissa_kuvitus2018.jpg?fit=711%2C329&ssl=1\",\"width\":711,\"height\":329},{\"@type\":\"BreadcrumbList\",\"@id\":\"https:\\\/\\\/aktialiiga.fi\\\/miehet\\\/ajankohtaista\\\/brummer-palaa-aifkn-paitaan\\\/#breadcrumb\",\"itemListElement\":[{\"@type\":\"ListItem\",\"position\":1,\"name\":\"Etusivu\",\"item\":\"https:\\\/\\\/aktialiiga.fi\\\/miehet\\\/\"},{\"@type\":\"ListItem\",\"position\":2,\"name\":\"Brummer palaa \u00c5IFK:n paitaan\"}]},{\"@type\":\"WebSite\",\"@id\":\"https:\\\/\\\/aktialiiga.fi\\\/miehet\\\/#website\",\"url\":\"https:\\\/\\\/aktialiiga.fi\\\/miehet\\\/\",\"name\":\"K\u00e4sipallon miesten Aktialiiga\",\"description\":\"Valtakunnan vauhdikkainta palloilua!\",\"publisher\":{\"@id\":\"https:\\\/\\\/aktialiiga.fi\\\/miehet\\\/#organization\"},\"potentialAction\":[{\"@type\":\"SearchAction\",\"target\":{\"@type\":\"EntryPoint\",\"urlTemplate\":\"https:\\\/\\\/aktialiiga.fi\\\/miehet\\\/?s={search_term_string}\"},\"query-input\":{\"@type\":\"PropertyValueSpecification\",\"valueRequired\":true,\"valueName\":\"search_term_string\"}}],\"inLanguage\":\"fi\"},{\"@type\":\"Organization\",\"@id\":\"https:\\\/\\\/aktialiiga.fi\\\/miehet\\\/#organization\",\"name\":\"K\u00e4sipallon miesten Aktialiiga\",\"url\":\"https:\\\/\\\/aktialiiga.fi\\\/miehet\\\/\",\"logo\":{\"@type\":\"ImageObject\",\"inLanguage\":\"fi\",\"@id\":\"https:\\\/\\\/aktialiiga.fi\\\/miehet\\\/#\\\/schema\\\/logo\\\/image\\\/\",\"url\":\"https:\\\/\\\/i0.wp.com\\\/aktialiiga.fi\\\/miehet\\\/wp-content\\\/uploads\\\/sites\\\/5\\\/2024\\\/09\\\/Aktialiiga-Yoast-512.png?fit=512%2C512&ssl=1\",\"contentUrl\":\"https:\\\/\\\/i0.wp.com\\\/aktialiiga.fi\\\/miehet\\\/wp-content\\\/uploads\\\/sites\\\/5\\\/2024\\\/09\\\/Aktialiiga-Yoast-512.png?fit=512%2C512&ssl=1\",\"width\":512,\"height\":512,\"caption\":\"K\u00e4sipallon miesten Aktialiiga\"},\"image\":{\"@id\":\"https:\\\/\\\/aktialiiga.fi\\\/miehet\\\/#\\\/schema\\\/logo\\\/image\\\/\"},\"sameAs\":[\"https:\\\/\\\/www.facebook.com\\\/finnhandball\",\"https:\\\/\\\/x.com\\\/finnhandball\",\"https:\\\/\\\/www.instagram.com\\\/handballfinland\\\/\"]},{\"@type\":\"Person\",\"@id\":\"https:\\\/\\\/aktialiiga.fi\\\/miehet\\\/#\\\/schema\\\/person\\\/c14bf42f47041db74603c45afcb18d87\",\"name\":\"tbrmedia\",\"image\":{\"@type\":\"ImageObject\",\"inLanguage\":\"fi\",\"@id\":\"https:\\\/\\\/secure.gravatar.com\\\/avatar\\\/ee975fa091fe581d12b60debb3439022686618368a7c142044c56724d4666b16?s=96&d=mm&r=g\",\"url\":\"https:\\\/\\\/secure.gravatar.com\\\/avatar\\\/ee975fa091fe581d12b60debb3439022686618368a7c142044c56724d4666b16?s=96&d=mm&r=g\",\"contentUrl\":\"https:\\\/\\\/secure.gravatar.com\\\/avatar\\\/ee975fa091fe581d12b60debb3439022686618368a7c142044c56724d4666b16?s=96&d=mm&r=g\",\"caption\":\"tbrmedia\"}}]}<\/script>\n<!-- \/ Yoast SEO plugin. -->","yoast_head_json":{"title":"Brummer palaa \u00c5IFK:n paitaan | K\u00e4sipallon miesten Aktialiiga","robots":{"index":"index","follow":"follow","max-snippet":"max-snippet:-1","max-image-preview":"max-image-preview:large","max-video-preview":"max-video-preview:-1"},"canonical":"https:\/\/aktialiiga.fi\/miehet\/ajankohtaista\/brummer-palaa-aifkn-paitaan\/","og_locale":"fi_FI","og_type":"article","og_title":"Brummer palaa \u00c5IFK:n paitaan | K\u00e4sipallon miesten Aktialiiga","og_description":"\u00c5bo IFK on tehnyt pelaajasopimuksen turkulaiskasvatti Paavo Brummerin kanssa. Kaksi viimeist\u00e4 kautta Grankulla IFK:ta edustanut Brummer palaa juurilleen Turkuun ja \u00c5bo IFK:n paitaan. 196-senttisell\u00e4 varrellaan Paavo tuo kokoa ja n\u00e4k\u00f6\u00e4 \u00c5IFK:n joukkueeseen. &#8211; Meill\u00e4 on Turussa hyv\u00e4 pumppu kasassa! Joukkue on todella nuori, mutta liigakokemusta l\u00f6ytyy ihan riitt\u00e4v\u00e4sti. Lis\u00e4ksi rosterissa on laajuutta aikaisempiin vuosiin verrattuna. [&hellip;]","og_url":"https:\/\/aktialiiga.fi\/miehet\/ajankohtaista\/brummer-palaa-aifkn-paitaan\/","og_site_name":"K\u00e4sipallon miesten Aktialiiga","article_publisher":"https:\/\/www.facebook.com\/finnhandball","article_published_time":"2018-07-29T11:17:38+00:00","article_modified_time":"2018-08-06T11:19:26+00:00","og_image":[{"width":711,"height":329,"url":"https:\/\/i0.wp.com\/aktialiiga.fi\/miehet\/wp-content\/uploads\/sites\/5\/2018\/03\/Pallomaalissa_kuvitus2018.jpg?fit=711%2C329&ssl=1","type":"image\/jpeg"}],"author":"tbrmedia","twitter_card":"summary_large_image","twitter_creator":"@finnhandball","twitter_site":"@finnhandball","schema":{"@context":"https:\/\/schema.org","@graph":[{"@type":"Article","@id":"https:\/\/aktialiiga.fi\/miehet\/ajankohtaista\/brummer-palaa-aifkn-paitaan\/#article","isPartOf":{"@id":"https:\/\/aktialiiga.fi\/miehet\/ajankohtaista\/brummer-palaa-aifkn-paitaan\/"},"author":{"name":"tbrmedia","@id":"https:\/\/aktialiiga.fi\/miehet\/#\/schema\/person\/c14bf42f47041db74603c45afcb18d87"},"headline":"Brummer palaa \u00c5IFK:n paitaan","datePublished":"2018-07-29T11:17:38+00:00","dateModified":"2018-08-06T11:19:26+00:00","mainEntityOfPage":{"@id":"https:\/\/aktialiiga.fi\/miehet\/ajankohtaista\/brummer-palaa-aifkn-paitaan\/"},"wordCount":190,"publisher":{"@id":"https:\/\/aktialiiga.fi\/miehet\/#organization"},"image":{"@id":"https:\/\/aktialiiga.fi\/miehet\/ajankohtaista\/brummer-palaa-aifkn-paitaan\/#primaryimage"},"thumbnailUrl":"https:\/\/i0.wp.com\/aktialiiga.fi\/miehet\/wp-content\/uploads\/sites\/5\/2018\/03\/Pallomaalissa_kuvitus2018.jpg?fit=711%2C329&ssl=1","keywords":["\u00c5IFK"],"articleSection":["Ajankohtaista"],"inLanguage":"fi"},{"@type":"WebPage","@id":"https:\/\/aktialiiga.fi\/miehet\/ajankohtaista\/brummer-palaa-aifkn-paitaan\/","url":"https:\/\/aktialiiga.fi\/miehet\/ajankohtaista\/brummer-palaa-aifkn-paitaan\/","name":"Brummer palaa \u00c5IFK:n paitaan | K\u00e4sipallon miesten Aktialiiga","isPartOf":{"@id":"https:\/\/aktialiiga.fi\/miehet\/#website"},"primaryImageOfPage":{"@id":"https:\/\/aktialiiga.fi\/miehet\/ajankohtaista\/brummer-palaa-aifkn-paitaan\/#primaryimage"},"image":{"@id":"https:\/\/aktialiiga.fi\/miehet\/ajankohtaista\/brummer-palaa-aifkn-paitaan\/#primaryimage"},"thumbnailUrl":"https:\/\/i0.wp.com\/aktialiiga.fi\/miehet\/wp-content\/uploads\/sites\/5\/2018\/03\/Pallomaalissa_kuvitus2018.jpg?fit=711%2C329&ssl=1","datePublished":"2018-07-29T11:17:38+00:00","dateModified":"2018-08-06T11:19:26+00:00","breadcrumb":{"@id":"https:\/\/aktialiiga.fi\/miehet\/ajankohtaista\/brummer-palaa-aifkn-paitaan\/#breadcrumb"},"inLanguage":"fi","potentialAction":[{"@type":"ReadAction","target":["https:\/\/aktialiiga.fi\/miehet\/ajankohtaista\/brummer-palaa-aifkn-paitaan\/"]}]},{"@type":"ImageObject","inLanguage":"fi","@id":"https:\/\/aktialiiga.fi\/miehet\/ajankohtaista\/brummer-palaa-aifkn-paitaan\/#primaryimage","url":"https:\/\/i0.wp.com\/aktialiiga.fi\/miehet\/wp-content\/uploads\/sites\/5\/2018\/03\/Pallomaalissa_kuvitus2018.jpg?fit=711%2C329&ssl=1","contentUrl":"https:\/\/i0.wp.com\/aktialiiga.fi\/miehet\/wp-content\/uploads\/sites\/5\/2018\/03\/Pallomaalissa_kuvitus2018.jpg?fit=711%2C329&ssl=1","width":711,"height":329},{"@type":"BreadcrumbList","@id":"https:\/\/aktialiiga.fi\/miehet\/ajankohtaista\/brummer-palaa-aifkn-paitaan\/#breadcrumb","itemListElement":[{"@type":"ListItem","position":1,"name":"Etusivu","item":"https:\/\/aktialiiga.fi\/miehet\/"},{"@type":"ListItem","position":2,"name":"Brummer palaa \u00c5IFK:n paitaan"}]},{"@type":"WebSite","@id":"https:\/\/aktialiiga.fi\/miehet\/#website","url":"https:\/\/aktialiiga.fi\/miehet\/","name":"K\u00e4sipallon miesten Aktialiiga","description":"Valtakunnan vauhdikkainta palloilua!","publisher":{"@id":"https:\/\/aktialiiga.fi\/miehet\/#organization"},"potentialAction":[{"@type":"SearchAction","target":{"@type":"EntryPoint","urlTemplate":"https:\/\/aktialiiga.fi\/miehet\/?s={search_term_string}"},"query-input":{"@type":"PropertyValueSpecification","valueRequired":true,"valueName":"search_term_string"}}],"inLanguage":"fi"},{"@type":"Organization","@id":"https:\/\/aktialiiga.fi\/miehet\/#organization","name":"K\u00e4sipallon miesten Aktialiiga","url":"https:\/\/aktialiiga.fi\/miehet\/","logo":{"@type":"ImageObject","inLanguage":"fi","@id":"https:\/\/aktialiiga.fi\/miehet\/#\/schema\/logo\/image\/","url":"https:\/\/i0.wp.com\/aktialiiga.fi\/miehet\/wp-content\/uploads\/sites\/5\/2024\/09\/Aktialiiga-Yoast-512.png?fit=512%2C512&ssl=1","contentUrl":"https:\/\/i0.wp.com\/aktialiiga.fi\/miehet\/wp-content\/uploads\/sites\/5\/2024\/09\/Aktialiiga-Yoast-512.png?fit=512%2C512&ssl=1","width":512,"height":512,"caption":"K\u00e4sipallon miesten Aktialiiga"},"image":{"@id":"https:\/\/aktialiiga.fi\/miehet\/#\/schema\/logo\/image\/"},"sameAs":["https:\/\/www.facebook.com\/finnhandball","https:\/\/x.com\/finnhandball","https:\/\/www.instagram.com\/handballfinland\/"]},{"@type":"Person","@id":"https:\/\/aktialiiga.fi\/miehet\/#\/schema\/person\/c14bf42f47041db74603c45afcb18d87","name":"tbrmedia","image":{"@type":"ImageObject","inLanguage":"fi","@id":"https:\/\/secure.gravatar.com\/avatar\/ee975fa091fe581d12b60debb3439022686618368a7c142044c56724d4666b16?s=96&d=mm&r=g","url":"https:\/\/secure.gravatar.com\/avatar\/ee975fa091fe581d12b60debb3439022686618368a7c142044c56724d4666b16?s=96&d=mm&r=g","contentUrl":"https:\/\/secure.gravatar.com\/avatar\/ee975fa091fe581d12b60debb3439022686618368a7c142044c56724d4666b16?s=96&d=mm&r=g","caption":"tbrmedia"}}]}},"jetpack_featured_media_url":"https:\/\/i0.wp.com\/aktialiiga.fi\/miehet\/wp-content\/uploads\/sites\/5\/2018\/03\/Pallomaalissa_kuvitus2018.jpg?fit=711%2C329&ssl=1","jetpack_sharing_enabled":true,"jetpack_shortlink":"https:\/\/wp.me\/pfTxOr-5jt","_links":{"self":[{"href":"https:\/\/aktialiiga.fi\/miehet\/wp-json\/wp\/v2\/posts\/20427","targetHints":{"allow":["GET"]}}],"collection":[{"href":"https:\/\/aktialiiga.fi\/miehet\/wp-json\/wp\/v2\/posts"}],"about":[{"href":"https:\/\/aktialiiga.fi\/miehet\/wp-json\/wp\/v2\/types\/post"}],"author":[{"embeddable":true,"href":"https:\/\/aktialiiga.fi\/miehet\/wp-json\/wp\/v2\/users\/13"}],"replies":[{"embeddable":true,"href":"https:\/\/aktialiiga.fi\/miehet\/wp-json\/wp\/v2\/comments?post=20427"}],"version-history":[{"count":0,"href":"https:\/\/aktialiiga.fi\/miehet\/wp-json\/wp\/v2\/posts\/20427\/revisions"}],"wp:featuredmedia":[{"embeddable":true,"href":"https:\/\/aktialiiga.fi\/miehet\/wp-json\/wp\/v2\/media\/19583"}],"wp:attachment":[{"href":"https:\/\/aktialiiga.fi\/miehet\/wp-json\/wp\/v2\/media?parent=20427"}],"wp:term":[{"taxonomy":"category","embeddable":true,"href":"https:\/\/aktialiiga.fi\/miehet\/wp-json\/wp\/v2\/categories?post=20427"},{"taxonomy":"post_tag","embeddable":true,"href":"https:\/\/aktialiiga.fi\/miehet\/wp-json\/wp\/v2\/tags?post=20427"}],"curies":[{"name":"wp","href":"https:\/\/api.w.org\/{rel}","templated":true}]}}