{"id":20676,"date":"2018-09-05T13:35:08","date_gmt":"2018-09-05T10:35:08","guid":{"rendered":"https:\/\/aktialiiga.fi\/miehet\/?p=20676"},"modified":"2018-09-05T13:35:08","modified_gmt":"2018-09-05T10:35:08","slug":"aifk-2","status":"publish","type":"post","link":"https:\/\/aktialiiga.fi\/miehet\/2018-2019\/kohti-kautta-2018-2019\/aifk-2\/","title":{"rendered":"Kohti kautta: \u00c5IFK"},"content":{"rendered":"<p>Viime kaudella viimeisen\u00e4 joukkueena tiens\u00e4 jatkosarjoihin selvitt\u00e4nyt \u00c5IFK l\u00e4htee kauteen uusin kuvioin.<\/p>\n<p>Turkulaisten vaihtoenkin p\u00e4\u00e4ss\u00e4 tahtipuikkoa heiluttaa nyt Robin Karlsson ja h\u00e4nell\u00e4 on k\u00e4ytett\u00e4viss\u00e4\u00e4n selv\u00e4sti laajempi rinki kuin mihin \u00c5IFK:ssa on viime vuosina totuttu.<\/p>\n<p>T\u00e4m\u00e4n on my\u00f6s huomannut selv\u00e4sti joukkueen kokeneeseen kaartiin kuuluvan ja pitk\u00e4\u00e4n seuraa edustaneen Niklas Manderoosin mukaan.<\/p>\n<p>&#8211; Kes\u00e4harjoittelu on mennyt paljon eteenp\u00e4in uusien pelaajien my\u00f6t\u00e4 ja kilpailutilanne kasvanut selv\u00e4sti. Jokainen on joutunut tosissaan n\u00e4ytt\u00e4m\u00e4\u00e4n uudelle valmentajalle, ett\u00e4 ansaitsee peliaikansa, Manderoos kuvaa.<\/p>\n<p>Tavoitteita \u00c5IFK:ssa hilataan samalla v\u00e4hitellen yl\u00f6sp\u00e4in. Manderoos pit\u00e4\u00e4 arvioissaan kuitenkin tulevasti jalat maassa, eik\u00e4 l\u00e4hde julistamaan \u00c5IFK:ta mestarikandidaatiksi. Usko hyv\u00e4\u00e4n kauteen on kuitenkin vahva.<\/p>\n<p>&#8211; Uusi valmennus on tuonut paljon lis\u00e4\u00e4 joukkueeseen ja meill\u00e4 on nyt uudenlainen tyyli pelata. Uskotaan ett\u00e4 olemme ainakin l\u00e4hemp\u00e4n\u00e4 play-off-paikkaa t\u00e4n\u00e4 vuonna.<\/p>\n<p>&#8211; Joka joukkuetta vastaan l\u00e4hdet\u00e4\u00e4n totta kai taistelemaan. P\u00e4\u00e4vastustajat l\u00f6ytyv\u00e4t kuitenkin Paraisilta ja Hangosta sek\u00e4 muutamasta joukkueesta, jotka viime kaudella olivat meid\u00e4n yl\u00e4puoleltamme, Manderoos laskee.<\/p>\n<p>Pitk\u00e4ll\u00e4 t\u00e4ht\u00e4imell\u00e4 Manderoos n\u00e4kee \u00c5IFK:lla ev\u00e4it\u00e4 nousta h\u00e4tyyttelem\u00e4\u00e4n aivan ter\u00e4vint\u00e4kin k\u00e4rke\u00e4.<\/p>\n<p>&#8211; Jos ajatellen vaikka viisi vuotta eteenp\u00e4in, niin l\u00e4het\u00e4\u00e4n t\u00e4st\u00e4 etenem\u00e4\u00e4n yl\u00f6sp\u00e4in ja haastamaan sitten v\u00e4hitellen my\u00f6s k\u00e4rkijoukkueita.<\/p>\n<p>Mielenkiintoisia nimi\u00e4 \u00c5IFK:n ryhm\u00e4ss\u00e4 riitt\u00e4\u00e4 Manderoos itsekin mukaan lukien. Yhden nimen h\u00e4n nostaa kuitenkin ylitse muiden.<\/p>\n<p>&#8211; Jos yksi pelaaja joukkueesta pit\u00e4\u00e4 nimet\u00e4, niin kyll\u00e4 se on seuralegenda Andreas Nystr\u00f6m.<\/p>\n<p><strong>\u00c5IFK<\/strong><br \/>\nKaudella 2017-18: runkosarjan 8.<br \/>\nalemman loppusarjan 4., ei selvinnyt puoliv\u00e4lieriin<\/p>\n<p><em>Uudet pelaajat:<\/em><br \/>\n+ Albin J\u00e4rvinen (SIF)<br \/>\n+ Valter Georgs (GrIFK)<br \/>\n+ Peik Sj\u00f6blom (GrIFK)<br \/>\n+ Paavo Brummer (GrIFK)<br \/>\n+ Wilhelm Hammarberg (GrIFK)<br \/>\n+ Elias Nyman (SIF)<\/p>\n<p><em>L\u00e4hteneet pelaajat:<\/em><br \/>\n&#8211;<\/p>\n<p>www.aifk.fi\/kasipallo\/<\/p>\n","protected":false},"excerpt":{"rendered":"<p>Viime kaudella viimeisen\u00e4 joukkueena tiens\u00e4 jatkosarjoihin selvitt\u00e4nyt \u00c5IFK l\u00e4htee kauteen uusin kuvioin. Turkulaisten vaihtoenkin p\u00e4\u00e4ss\u00e4 tahtipuikkoa heiluttaa nyt Robin Karlsson ja h\u00e4nell\u00e4 on k\u00e4ytett\u00e4viss\u00e4\u00e4n selv\u00e4sti laajempi rinki kuin mihin \u00c5IFK:ssa on viime vuosina totuttu. T\u00e4m\u00e4n on my\u00f6s huomannut selv\u00e4sti joukkueen kokeneeseen kaartiin kuuluvan ja pitk\u00e4\u00e4n seuraa edustaneen Niklas Manderoosin mukaan. &#8211; Kes\u00e4harjoittelu on mennyt paljon [&hellip;]<\/p>\n","protected":false},"author":13,"featured_media":20678,"comment_status":"closed","ping_status":"closed","sticky":false,"template":"","format":"standard","meta":{"_acf_changed":false,"jetpack_post_was_ever_published":false,"_jetpack_newsletter_access":"","_jetpack_dont_email_post_to_subs":false,"_jetpack_newsletter_tier_id":0,"_jetpack_memberships_contains_paywalled_content":false,"_jetpack_memberships_contains_paid_content":false,"footnotes":""},"categories":[210],"tags":[50],"class_list":["post-20676","post","type-post","status-publish","format-standard","has-post-thumbnail","hentry","category-kohti-kautta-2018-2019","tag-aifk"],"acf":[],"yoast_head":"<!-- This site is optimized with the Yoast SEO plugin v27.5 - https:\/\/yoast.com\/product\/yoast-seo-wordpress\/ -->\n<title>Kohti kautta: \u00c5IFK | K\u00e4sipallon miesten Aktialiiga<\/title>\n<meta name=\"robots\" content=\"index, follow, max-snippet:-1, max-image-preview:large, max-video-preview:-1\" \/>\n<link rel=\"canonical\" href=\"https:\/\/aktialiiga.fi\/miehet\/2018-2019\/kohti-kautta-2018-2019\/aifk-2\/\" \/>\n<meta property=\"og:locale\" content=\"fi_FI\" \/>\n<meta property=\"og:type\" content=\"article\" \/>\n<meta property=\"og:title\" content=\"Kohti kautta: \u00c5IFK | K\u00e4sipallon miesten Aktialiiga\" \/>\n<meta property=\"og:description\" content=\"Viime kaudella viimeisen\u00e4 joukkueena tiens\u00e4 jatkosarjoihin selvitt\u00e4nyt \u00c5IFK l\u00e4htee kauteen uusin kuvioin. Turkulaisten vaihtoenkin p\u00e4\u00e4ss\u00e4 tahtipuikkoa heiluttaa nyt Robin Karlsson ja h\u00e4nell\u00e4 on k\u00e4ytett\u00e4viss\u00e4\u00e4n selv\u00e4sti laajempi rinki kuin mihin \u00c5IFK:ssa on viime vuosina totuttu. T\u00e4m\u00e4n on my\u00f6s huomannut selv\u00e4sti joukkueen kokeneeseen kaartiin kuuluvan ja pitk\u00e4\u00e4n seuraa edustaneen Niklas Manderoosin mukaan. &#8211; Kes\u00e4harjoittelu on mennyt paljon [&hellip;]\" \/>\n<meta property=\"og:url\" content=\"https:\/\/aktialiiga.fi\/miehet\/2018-2019\/kohti-kautta-2018-2019\/aifk-2\/\" \/>\n<meta property=\"og:site_name\" content=\"K\u00e4sipallon miesten Aktialiiga\" \/>\n<meta property=\"article:publisher\" content=\"https:\/\/www.facebook.com\/finnhandball\" \/>\n<meta property=\"article:published_time\" content=\"2018-09-05T10:35:08+00:00\" \/>\n<meta property=\"og:image\" content=\"https:\/\/i0.wp.com\/aktialiiga.fi\/miehet\/wp-content\/uploads\/sites\/5\/2018\/09\/AIFK_logokuv_1819.jpg?fit=711%2C330&ssl=1\" \/>\n\t<meta property=\"og:image:width\" content=\"711\" \/>\n\t<meta property=\"og:image:height\" content=\"330\" \/>\n\t<meta property=\"og:image:type\" content=\"image\/jpeg\" \/>\n<meta name=\"author\" content=\"tbrmedia\" \/>\n<meta name=\"twitter:card\" content=\"summary_large_image\" \/>\n<meta name=\"twitter:creator\" content=\"@finnhandball\" \/>\n<meta name=\"twitter:site\" content=\"@finnhandball\" \/>\n<script type=\"application\/ld+json\" class=\"yoast-schema-graph\">{\"@context\":\"https:\\\/\\\/schema.org\",\"@graph\":[{\"@type\":\"Article\",\"@id\":\"https:\\\/\\\/aktialiiga.fi\\\/miehet\\\/2018-2019\\\/kohti-kautta-2018-2019\\\/aifk-2\\\/#article\",\"isPartOf\":{\"@id\":\"https:\\\/\\\/aktialiiga.fi\\\/miehet\\\/2018-2019\\\/kohti-kautta-2018-2019\\\/aifk-2\\\/\"},\"author\":{\"name\":\"tbrmedia\",\"@id\":\"https:\\\/\\\/aktialiiga.fi\\\/miehet\\\/#\\\/schema\\\/person\\\/c14bf42f47041db74603c45afcb18d87\"},\"headline\":\"Kohti kautta: \u00c5IFK\",\"datePublished\":\"2018-09-05T10:35:08+00:00\",\"mainEntityOfPage\":{\"@id\":\"https:\\\/\\\/aktialiiga.fi\\\/miehet\\\/2018-2019\\\/kohti-kautta-2018-2019\\\/aifk-2\\\/\"},\"wordCount\":312,\"publisher\":{\"@id\":\"https:\\\/\\\/aktialiiga.fi\\\/miehet\\\/#organization\"},\"image\":{\"@id\":\"https:\\\/\\\/aktialiiga.fi\\\/miehet\\\/2018-2019\\\/kohti-kautta-2018-2019\\\/aifk-2\\\/#primaryimage\"},\"thumbnailUrl\":\"https:\\\/\\\/i0.wp.com\\\/aktialiiga.fi\\\/miehet\\\/wp-content\\\/uploads\\\/sites\\\/5\\\/2018\\\/09\\\/AIFK_logokuv_1819.jpg?fit=711%2C330&ssl=1\",\"keywords\":[\"\u00c5IFK\"],\"articleSection\":[\"Kohti kautta\"],\"inLanguage\":\"fi\"},{\"@type\":\"WebPage\",\"@id\":\"https:\\\/\\\/aktialiiga.fi\\\/miehet\\\/2018-2019\\\/kohti-kautta-2018-2019\\\/aifk-2\\\/\",\"url\":\"https:\\\/\\\/aktialiiga.fi\\\/miehet\\\/2018-2019\\\/kohti-kautta-2018-2019\\\/aifk-2\\\/\",\"name\":\"Kohti kautta: \u00c5IFK | K\u00e4sipallon miesten Aktialiiga\",\"isPartOf\":{\"@id\":\"https:\\\/\\\/aktialiiga.fi\\\/miehet\\\/#website\"},\"primaryImageOfPage\":{\"@id\":\"https:\\\/\\\/aktialiiga.fi\\\/miehet\\\/2018-2019\\\/kohti-kautta-2018-2019\\\/aifk-2\\\/#primaryimage\"},\"image\":{\"@id\":\"https:\\\/\\\/aktialiiga.fi\\\/miehet\\\/2018-2019\\\/kohti-kautta-2018-2019\\\/aifk-2\\\/#primaryimage\"},\"thumbnailUrl\":\"https:\\\/\\\/i0.wp.com\\\/aktialiiga.fi\\\/miehet\\\/wp-content\\\/uploads\\\/sites\\\/5\\\/2018\\\/09\\\/AIFK_logokuv_1819.jpg?fit=711%2C330&ssl=1\",\"datePublished\":\"2018-09-05T10:35:08+00:00\",\"breadcrumb\":{\"@id\":\"https:\\\/\\\/aktialiiga.fi\\\/miehet\\\/2018-2019\\\/kohti-kautta-2018-2019\\\/aifk-2\\\/#breadcrumb\"},\"inLanguage\":\"fi\",\"potentialAction\":[{\"@type\":\"ReadAction\",\"target\":[\"https:\\\/\\\/aktialiiga.fi\\\/miehet\\\/2018-2019\\\/kohti-kautta-2018-2019\\\/aifk-2\\\/\"]}]},{\"@type\":\"ImageObject\",\"inLanguage\":\"fi\",\"@id\":\"https:\\\/\\\/aktialiiga.fi\\\/miehet\\\/2018-2019\\\/kohti-kautta-2018-2019\\\/aifk-2\\\/#primaryimage\",\"url\":\"https:\\\/\\\/i0.wp.com\\\/aktialiiga.fi\\\/miehet\\\/wp-content\\\/uploads\\\/sites\\\/5\\\/2018\\\/09\\\/AIFK_logokuv_1819.jpg?fit=711%2C330&ssl=1\",\"contentUrl\":\"https:\\\/\\\/i0.wp.com\\\/aktialiiga.fi\\\/miehet\\\/wp-content\\\/uploads\\\/sites\\\/5\\\/2018\\\/09\\\/AIFK_logokuv_1819.jpg?fit=711%2C330&ssl=1\",\"width\":711,\"height\":330},{\"@type\":\"BreadcrumbList\",\"@id\":\"https:\\\/\\\/aktialiiga.fi\\\/miehet\\\/2018-2019\\\/kohti-kautta-2018-2019\\\/aifk-2\\\/#breadcrumb\",\"itemListElement\":[{\"@type\":\"ListItem\",\"position\":1,\"name\":\"Etusivu\",\"item\":\"https:\\\/\\\/aktialiiga.fi\\\/miehet\\\/\"},{\"@type\":\"ListItem\",\"position\":2,\"name\":\"Kohti kautta: \u00c5IFK\"}]},{\"@type\":\"WebSite\",\"@id\":\"https:\\\/\\\/aktialiiga.fi\\\/miehet\\\/#website\",\"url\":\"https:\\\/\\\/aktialiiga.fi\\\/miehet\\\/\",\"name\":\"K\u00e4sipallon miesten Aktialiiga\",\"description\":\"Valtakunnan vauhdikkainta palloilua!\",\"publisher\":{\"@id\":\"https:\\\/\\\/aktialiiga.fi\\\/miehet\\\/#organization\"},\"potentialAction\":[{\"@type\":\"SearchAction\",\"target\":{\"@type\":\"EntryPoint\",\"urlTemplate\":\"https:\\\/\\\/aktialiiga.fi\\\/miehet\\\/?s={search_term_string}\"},\"query-input\":{\"@type\":\"PropertyValueSpecification\",\"valueRequired\":true,\"valueName\":\"search_term_string\"}}],\"inLanguage\":\"fi\"},{\"@type\":\"Organization\",\"@id\":\"https:\\\/\\\/aktialiiga.fi\\\/miehet\\\/#organization\",\"name\":\"K\u00e4sipallon miesten Aktialiiga\",\"url\":\"https:\\\/\\\/aktialiiga.fi\\\/miehet\\\/\",\"logo\":{\"@type\":\"ImageObject\",\"inLanguage\":\"fi\",\"@id\":\"https:\\\/\\\/aktialiiga.fi\\\/miehet\\\/#\\\/schema\\\/logo\\\/image\\\/\",\"url\":\"https:\\\/\\\/i0.wp.com\\\/aktialiiga.fi\\\/miehet\\\/wp-content\\\/uploads\\\/sites\\\/5\\\/2024\\\/09\\\/Aktialiiga-Yoast-512.png?fit=512%2C512&ssl=1\",\"contentUrl\":\"https:\\\/\\\/i0.wp.com\\\/aktialiiga.fi\\\/miehet\\\/wp-content\\\/uploads\\\/sites\\\/5\\\/2024\\\/09\\\/Aktialiiga-Yoast-512.png?fit=512%2C512&ssl=1\",\"width\":512,\"height\":512,\"caption\":\"K\u00e4sipallon miesten Aktialiiga\"},\"image\":{\"@id\":\"https:\\\/\\\/aktialiiga.fi\\\/miehet\\\/#\\\/schema\\\/logo\\\/image\\\/\"},\"sameAs\":[\"https:\\\/\\\/www.facebook.com\\\/finnhandball\",\"https:\\\/\\\/x.com\\\/finnhandball\",\"https:\\\/\\\/www.instagram.com\\\/handballfinland\\\/\"]},{\"@type\":\"Person\",\"@id\":\"https:\\\/\\\/aktialiiga.fi\\\/miehet\\\/#\\\/schema\\\/person\\\/c14bf42f47041db74603c45afcb18d87\",\"name\":\"tbrmedia\",\"image\":{\"@type\":\"ImageObject\",\"inLanguage\":\"fi\",\"@id\":\"https:\\\/\\\/secure.gravatar.com\\\/avatar\\\/ee975fa091fe581d12b60debb3439022686618368a7c142044c56724d4666b16?s=96&d=mm&r=g\",\"url\":\"https:\\\/\\\/secure.gravatar.com\\\/avatar\\\/ee975fa091fe581d12b60debb3439022686618368a7c142044c56724d4666b16?s=96&d=mm&r=g\",\"contentUrl\":\"https:\\\/\\\/secure.gravatar.com\\\/avatar\\\/ee975fa091fe581d12b60debb3439022686618368a7c142044c56724d4666b16?s=96&d=mm&r=g\",\"caption\":\"tbrmedia\"}}]}<\/script>\n<!-- \/ Yoast SEO plugin. -->","yoast_head_json":{"title":"Kohti kautta: \u00c5IFK | K\u00e4sipallon miesten Aktialiiga","robots":{"index":"index","follow":"follow","max-snippet":"max-snippet:-1","max-image-preview":"max-image-preview:large","max-video-preview":"max-video-preview:-1"},"canonical":"https:\/\/aktialiiga.fi\/miehet\/2018-2019\/kohti-kautta-2018-2019\/aifk-2\/","og_locale":"fi_FI","og_type":"article","og_title":"Kohti kautta: \u00c5IFK | K\u00e4sipallon miesten Aktialiiga","og_description":"Viime kaudella viimeisen\u00e4 joukkueena tiens\u00e4 jatkosarjoihin selvitt\u00e4nyt \u00c5IFK l\u00e4htee kauteen uusin kuvioin. Turkulaisten vaihtoenkin p\u00e4\u00e4ss\u00e4 tahtipuikkoa heiluttaa nyt Robin Karlsson ja h\u00e4nell\u00e4 on k\u00e4ytett\u00e4viss\u00e4\u00e4n selv\u00e4sti laajempi rinki kuin mihin \u00c5IFK:ssa on viime vuosina totuttu. T\u00e4m\u00e4n on my\u00f6s huomannut selv\u00e4sti joukkueen kokeneeseen kaartiin kuuluvan ja pitk\u00e4\u00e4n seuraa edustaneen Niklas Manderoosin mukaan. &#8211; Kes\u00e4harjoittelu on mennyt paljon [&hellip;]","og_url":"https:\/\/aktialiiga.fi\/miehet\/2018-2019\/kohti-kautta-2018-2019\/aifk-2\/","og_site_name":"K\u00e4sipallon miesten Aktialiiga","article_publisher":"https:\/\/www.facebook.com\/finnhandball","article_published_time":"2018-09-05T10:35:08+00:00","og_image":[{"width":711,"height":330,"url":"https:\/\/i0.wp.com\/aktialiiga.fi\/miehet\/wp-content\/uploads\/sites\/5\/2018\/09\/AIFK_logokuv_1819.jpg?fit=711%2C330&ssl=1","type":"image\/jpeg"}],"author":"tbrmedia","twitter_card":"summary_large_image","twitter_creator":"@finnhandball","twitter_site":"@finnhandball","schema":{"@context":"https:\/\/schema.org","@graph":[{"@type":"Article","@id":"https:\/\/aktialiiga.fi\/miehet\/2018-2019\/kohti-kautta-2018-2019\/aifk-2\/#article","isPartOf":{"@id":"https:\/\/aktialiiga.fi\/miehet\/2018-2019\/kohti-kautta-2018-2019\/aifk-2\/"},"author":{"name":"tbrmedia","@id":"https:\/\/aktialiiga.fi\/miehet\/#\/schema\/person\/c14bf42f47041db74603c45afcb18d87"},"headline":"Kohti kautta: \u00c5IFK","datePublished":"2018-09-05T10:35:08+00:00","mainEntityOfPage":{"@id":"https:\/\/aktialiiga.fi\/miehet\/2018-2019\/kohti-kautta-2018-2019\/aifk-2\/"},"wordCount":312,"publisher":{"@id":"https:\/\/aktialiiga.fi\/miehet\/#organization"},"image":{"@id":"https:\/\/aktialiiga.fi\/miehet\/2018-2019\/kohti-kautta-2018-2019\/aifk-2\/#primaryimage"},"thumbnailUrl":"https:\/\/i0.wp.com\/aktialiiga.fi\/miehet\/wp-content\/uploads\/sites\/5\/2018\/09\/AIFK_logokuv_1819.jpg?fit=711%2C330&ssl=1","keywords":["\u00c5IFK"],"articleSection":["Kohti kautta"],"inLanguage":"fi"},{"@type":"WebPage","@id":"https:\/\/aktialiiga.fi\/miehet\/2018-2019\/kohti-kautta-2018-2019\/aifk-2\/","url":"https:\/\/aktialiiga.fi\/miehet\/2018-2019\/kohti-kautta-2018-2019\/aifk-2\/","name":"Kohti kautta: \u00c5IFK | K\u00e4sipallon miesten Aktialiiga","isPartOf":{"@id":"https:\/\/aktialiiga.fi\/miehet\/#website"},"primaryImageOfPage":{"@id":"https:\/\/aktialiiga.fi\/miehet\/2018-2019\/kohti-kautta-2018-2019\/aifk-2\/#primaryimage"},"image":{"@id":"https:\/\/aktialiiga.fi\/miehet\/2018-2019\/kohti-kautta-2018-2019\/aifk-2\/#primaryimage"},"thumbnailUrl":"https:\/\/i0.wp.com\/aktialiiga.fi\/miehet\/wp-content\/uploads\/sites\/5\/2018\/09\/AIFK_logokuv_1819.jpg?fit=711%2C330&ssl=1","datePublished":"2018-09-05T10:35:08+00:00","breadcrumb":{"@id":"https:\/\/aktialiiga.fi\/miehet\/2018-2019\/kohti-kautta-2018-2019\/aifk-2\/#breadcrumb"},"inLanguage":"fi","potentialAction":[{"@type":"ReadAction","target":["https:\/\/aktialiiga.fi\/miehet\/2018-2019\/kohti-kautta-2018-2019\/aifk-2\/"]}]},{"@type":"ImageObject","inLanguage":"fi","@id":"https:\/\/aktialiiga.fi\/miehet\/2018-2019\/kohti-kautta-2018-2019\/aifk-2\/#primaryimage","url":"https:\/\/i0.wp.com\/aktialiiga.fi\/miehet\/wp-content\/uploads\/sites\/5\/2018\/09\/AIFK_logokuv_1819.jpg?fit=711%2C330&ssl=1","contentUrl":"https:\/\/i0.wp.com\/aktialiiga.fi\/miehet\/wp-content\/uploads\/sites\/5\/2018\/09\/AIFK_logokuv_1819.jpg?fit=711%2C330&ssl=1","width":711,"height":330},{"@type":"BreadcrumbList","@id":"https:\/\/aktialiiga.fi\/miehet\/2018-2019\/kohti-kautta-2018-2019\/aifk-2\/#breadcrumb","itemListElement":[{"@type":"ListItem","position":1,"name":"Etusivu","item":"https:\/\/aktialiiga.fi\/miehet\/"},{"@type":"ListItem","position":2,"name":"Kohti kautta: \u00c5IFK"}]},{"@type":"WebSite","@id":"https:\/\/aktialiiga.fi\/miehet\/#website","url":"https:\/\/aktialiiga.fi\/miehet\/","name":"K\u00e4sipallon miesten Aktialiiga","description":"Valtakunnan vauhdikkainta palloilua!","publisher":{"@id":"https:\/\/aktialiiga.fi\/miehet\/#organization"},"potentialAction":[{"@type":"SearchAction","target":{"@type":"EntryPoint","urlTemplate":"https:\/\/aktialiiga.fi\/miehet\/?s={search_term_string}"},"query-input":{"@type":"PropertyValueSpecification","valueRequired":true,"valueName":"search_term_string"}}],"inLanguage":"fi"},{"@type":"Organization","@id":"https:\/\/aktialiiga.fi\/miehet\/#organization","name":"K\u00e4sipallon miesten Aktialiiga","url":"https:\/\/aktialiiga.fi\/miehet\/","logo":{"@type":"ImageObject","inLanguage":"fi","@id":"https:\/\/aktialiiga.fi\/miehet\/#\/schema\/logo\/image\/","url":"https:\/\/i0.wp.com\/aktialiiga.fi\/miehet\/wp-content\/uploads\/sites\/5\/2024\/09\/Aktialiiga-Yoast-512.png?fit=512%2C512&ssl=1","contentUrl":"https:\/\/i0.wp.com\/aktialiiga.fi\/miehet\/wp-content\/uploads\/sites\/5\/2024\/09\/Aktialiiga-Yoast-512.png?fit=512%2C512&ssl=1","width":512,"height":512,"caption":"K\u00e4sipallon miesten Aktialiiga"},"image":{"@id":"https:\/\/aktialiiga.fi\/miehet\/#\/schema\/logo\/image\/"},"sameAs":["https:\/\/www.facebook.com\/finnhandball","https:\/\/x.com\/finnhandball","https:\/\/www.instagram.com\/handballfinland\/"]},{"@type":"Person","@id":"https:\/\/aktialiiga.fi\/miehet\/#\/schema\/person\/c14bf42f47041db74603c45afcb18d87","name":"tbrmedia","image":{"@type":"ImageObject","inLanguage":"fi","@id":"https:\/\/secure.gravatar.com\/avatar\/ee975fa091fe581d12b60debb3439022686618368a7c142044c56724d4666b16?s=96&d=mm&r=g","url":"https:\/\/secure.gravatar.com\/avatar\/ee975fa091fe581d12b60debb3439022686618368a7c142044c56724d4666b16?s=96&d=mm&r=g","contentUrl":"https:\/\/secure.gravatar.com\/avatar\/ee975fa091fe581d12b60debb3439022686618368a7c142044c56724d4666b16?s=96&d=mm&r=g","caption":"tbrmedia"}}]}},"jetpack_featured_media_url":"https:\/\/i0.wp.com\/aktialiiga.fi\/miehet\/wp-content\/uploads\/sites\/5\/2018\/09\/AIFK_logokuv_1819.jpg?fit=711%2C330&ssl=1","jetpack_sharing_enabled":true,"jetpack_shortlink":"https:\/\/wp.me\/pfTxOr-5nu","_links":{"self":[{"href":"https:\/\/aktialiiga.fi\/miehet\/wp-json\/wp\/v2\/posts\/20676","targetHints":{"allow":["GET"]}}],"collection":[{"href":"https:\/\/aktialiiga.fi\/miehet\/wp-json\/wp\/v2\/posts"}],"about":[{"href":"https:\/\/aktialiiga.fi\/miehet\/wp-json\/wp\/v2\/types\/post"}],"author":[{"embeddable":true,"href":"https:\/\/aktialiiga.fi\/miehet\/wp-json\/wp\/v2\/users\/13"}],"replies":[{"embeddable":true,"href":"https:\/\/aktialiiga.fi\/miehet\/wp-json\/wp\/v2\/comments?post=20676"}],"version-history":[{"count":0,"href":"https:\/\/aktialiiga.fi\/miehet\/wp-json\/wp\/v2\/posts\/20676\/revisions"}],"wp:featuredmedia":[{"embeddable":true,"href":"https:\/\/aktialiiga.fi\/miehet\/wp-json\/wp\/v2\/media\/20678"}],"wp:attachment":[{"href":"https:\/\/aktialiiga.fi\/miehet\/wp-json\/wp\/v2\/media?parent=20676"}],"wp:term":[{"taxonomy":"category","embeddable":true,"href":"https:\/\/aktialiiga.fi\/miehet\/wp-json\/wp\/v2\/categories?post=20676"},{"taxonomy":"post_tag","embeddable":true,"href":"https:\/\/aktialiiga.fi\/miehet\/wp-json\/wp\/v2\/tags?post=20676"}],"curies":[{"name":"wp","href":"https:\/\/api.w.org\/{rel}","templated":true}]}}