{"id":20727,"date":"2018-09-06T21:41:59","date_gmt":"2018-09-06T18:41:59","guid":{"rendered":"https:\/\/aktialiiga.fi\/miehet\/?p=20727"},"modified":"2018-09-06T21:41:59","modified_gmt":"2018-09-06T18:41:59","slug":"varsinais-suomen-derby-kauden-avauksena","status":"publish","type":"post","link":"https:\/\/aktialiiga.fi\/miehet\/2018-2019\/ennakot-2018-2019\/varsinais-suomen-derby-kauden-avauksena\/","title":{"rendered":"Varsinais-Suomen derby kauden avauksena"},"content":{"rendered":"<p>SM-liigakausi 2018-19 py\u00f6r\u00e4ht\u00e4\u00e4 k\u00e4yntiin perjantaina 7.9., kun \u00c5IFK saa vieraakseen paikallisvastustaja PIF:n.<\/p>\n<p>J\u00e4nnitteit\u00e4 kaksikon v\u00e4lilt\u00e4 ei puutu ja naapuruussuhteenkaan my\u00f6t\u00e4. Lis\u00e4ksi joukkueet p\u00e4\u00e4tyiv\u00e4t viime kaudella runkosarjassa tasapisteisiin ja \u00c5IFK vei viimeisen jatkosarjapaikan niukasti paraislaisten nen\u00e4n edest\u00e4. Ennakkoarvioiden mukaan joukkueet taistelevat kesken\u00e4\u00e4n samoista sijoista my\u00f6s t\u00e4ll\u00e4 kaudella.<\/p>\n<p>Suora vertailu viime kauteen ei kuitenkaan v\u00e4ltt\u00e4m\u00e4tt\u00e4 kerro kovin paljon. Kumpikin joukkue on nyt uudessa komennossa ja muuttunut my\u00f6s pelaajistoltaan.<\/p>\n<p>\u00c5IFK:ssa tahtipuikon on ottanut Robin Karlsson ja h\u00e4nell\u00e4 on k\u00e4yt\u00f6ss\u00e4\u00e4n ainakin selv\u00e4sti aiempaa laajempi materiaali. \u00c5IFK p\u00e4\u00e4see kauden avaukseen my\u00f6s hyv\u00e4ll\u00e4 tuntumalla, sill\u00e4 joukkue pelasi Suomen Cupia keskiviikkona ja kaatoi Cocks Akatemian murskaavasti 41-19.<\/p>\n<p>Paraisilla puolestaan jatketaan kroatialaiskomennossa, mutta p\u00e4\u00e4valmentaja vaihtui kes\u00e4ll\u00e4 Borsi Dvorsekista Marko Breziciin.<\/p>\n<p>&#8211; Peliajatuksemme on aika samanlainen, joten pellilisesti suuria muutoksia ei ole luvassa, Brezic sanoi kauden alla.<\/p>\n<p>Viime kaudella \u00c5IFK vei vastaavan ottelun kotonaan maalein 31-26 ja Paraisilla p\u00e4\u00e4dyttiin tasalukemiin 23-23.<\/p>\n<p>Kauden avausottelu Turussa k\u00e4ynnistyy perjantaina kello 19.00.<\/p>\n","protected":false},"excerpt":{"rendered":"<p>SM-liigakausi 2018-19 py\u00f6r\u00e4ht\u00e4\u00e4 k\u00e4yntiin perjantaina 7.9., kun \u00c5IFK saa vieraakseen paikallisvastustaja PIF:n. J\u00e4nnitteit\u00e4 kaksikon v\u00e4lilt\u00e4 ei puutu ja naapuruussuhteenkaan my\u00f6t\u00e4. Lis\u00e4ksi joukkueet p\u00e4\u00e4tyiv\u00e4t viime kaudella runkosarjassa tasapisteisiin ja \u00c5IFK vei viimeisen jatkosarjapaikan niukasti paraislaisten nen\u00e4n edest\u00e4. Ennakkoarvioiden mukaan joukkueet taistelevat kesken\u00e4\u00e4n samoista sijoista my\u00f6s t\u00e4ll\u00e4 kaudella. Suora vertailu viime kauteen ei kuitenkaan v\u00e4ltt\u00e4m\u00e4tt\u00e4 kerro kovin [&hellip;]<\/p>\n","protected":false},"author":13,"featured_media":20728,"comment_status":"closed","ping_status":"closed","sticky":false,"template":"","format":"standard","meta":{"_acf_changed":false,"jetpack_post_was_ever_published":false,"_jetpack_newsletter_access":"","_jetpack_dont_email_post_to_subs":false,"_jetpack_newsletter_tier_id":0,"_jetpack_memberships_contains_paywalled_content":false,"_jetpack_memberships_contains_paid_content":false,"footnotes":""},"categories":[209],"tags":[50,98],"class_list":["post-20727","post","type-post","status-publish","format-standard","has-post-thumbnail","hentry","category-ennakot-2018-2019","tag-aifk","tag-pif"],"acf":[],"yoast_head":"<!-- This site is optimized with the Yoast SEO plugin v27.5 - https:\/\/yoast.com\/product\/yoast-seo-wordpress\/ -->\n<title>Varsinais-Suomen derby kauden avauksena | K\u00e4sipallon miesten Aktialiiga<\/title>\n<meta name=\"robots\" content=\"index, follow, max-snippet:-1, max-image-preview:large, max-video-preview:-1\" \/>\n<link rel=\"canonical\" href=\"https:\/\/aktialiiga.fi\/miehet\/2018-2019\/ennakot-2018-2019\/varsinais-suomen-derby-kauden-avauksena\/\" \/>\n<meta property=\"og:locale\" content=\"fi_FI\" \/>\n<meta property=\"og:type\" content=\"article\" \/>\n<meta property=\"og:title\" content=\"Varsinais-Suomen derby kauden avauksena | K\u00e4sipallon miesten Aktialiiga\" \/>\n<meta property=\"og:description\" content=\"SM-liigakausi 2018-19 py\u00f6r\u00e4ht\u00e4\u00e4 k\u00e4yntiin perjantaina 7.9., kun \u00c5IFK saa vieraakseen paikallisvastustaja PIF:n. J\u00e4nnitteit\u00e4 kaksikon v\u00e4lilt\u00e4 ei puutu ja naapuruussuhteenkaan my\u00f6t\u00e4. Lis\u00e4ksi joukkueet p\u00e4\u00e4tyiv\u00e4t viime kaudella runkosarjassa tasapisteisiin ja \u00c5IFK vei viimeisen jatkosarjapaikan niukasti paraislaisten nen\u00e4n edest\u00e4. Ennakkoarvioiden mukaan joukkueet taistelevat kesken\u00e4\u00e4n samoista sijoista my\u00f6s t\u00e4ll\u00e4 kaudella. Suora vertailu viime kauteen ei kuitenkaan v\u00e4ltt\u00e4m\u00e4tt\u00e4 kerro kovin [&hellip;]\" \/>\n<meta property=\"og:url\" content=\"https:\/\/aktialiiga.fi\/miehet\/2018-2019\/ennakot-2018-2019\/varsinais-suomen-derby-kauden-avauksena\/\" \/>\n<meta property=\"og:site_name\" content=\"K\u00e4sipallon miesten Aktialiiga\" \/>\n<meta property=\"article:publisher\" content=\"https:\/\/www.facebook.com\/finnhandball\" \/>\n<meta property=\"article:published_time\" content=\"2018-09-06T18:41:59+00:00\" \/>\n<meta property=\"og:image\" content=\"https:\/\/i0.wp.com\/aktialiiga.fi\/miehet\/wp-content\/uploads\/sites\/5\/2018\/09\/Pallomaalissa_e.jpg?fit=711%2C328&ssl=1\" \/>\n\t<meta property=\"og:image:width\" content=\"711\" \/>\n\t<meta property=\"og:image:height\" content=\"328\" \/>\n\t<meta property=\"og:image:type\" content=\"image\/jpeg\" \/>\n<meta name=\"author\" content=\"tbrmedia\" \/>\n<meta name=\"twitter:card\" content=\"summary_large_image\" \/>\n<meta name=\"twitter:creator\" content=\"@finnhandball\" \/>\n<meta name=\"twitter:site\" content=\"@finnhandball\" \/>\n<script type=\"application\/ld+json\" class=\"yoast-schema-graph\">{\"@context\":\"https:\\\/\\\/schema.org\",\"@graph\":[{\"@type\":\"Article\",\"@id\":\"https:\\\/\\\/aktialiiga.fi\\\/miehet\\\/2018-2019\\\/ennakot-2018-2019\\\/varsinais-suomen-derby-kauden-avauksena\\\/#article\",\"isPartOf\":{\"@id\":\"https:\\\/\\\/aktialiiga.fi\\\/miehet\\\/2018-2019\\\/ennakot-2018-2019\\\/varsinais-suomen-derby-kauden-avauksena\\\/\"},\"author\":{\"name\":\"tbrmedia\",\"@id\":\"https:\\\/\\\/aktialiiga.fi\\\/miehet\\\/#\\\/schema\\\/person\\\/c14bf42f47041db74603c45afcb18d87\"},\"headline\":\"Varsinais-Suomen derby kauden avauksena\",\"datePublished\":\"2018-09-06T18:41:59+00:00\",\"mainEntityOfPage\":{\"@id\":\"https:\\\/\\\/aktialiiga.fi\\\/miehet\\\/2018-2019\\\/ennakot-2018-2019\\\/varsinais-suomen-derby-kauden-avauksena\\\/\"},\"wordCount\":182,\"publisher\":{\"@id\":\"https:\\\/\\\/aktialiiga.fi\\\/miehet\\\/#organization\"},\"image\":{\"@id\":\"https:\\\/\\\/aktialiiga.fi\\\/miehet\\\/2018-2019\\\/ennakot-2018-2019\\\/varsinais-suomen-derby-kauden-avauksena\\\/#primaryimage\"},\"thumbnailUrl\":\"https:\\\/\\\/i0.wp.com\\\/aktialiiga.fi\\\/miehet\\\/wp-content\\\/uploads\\\/sites\\\/5\\\/2018\\\/09\\\/Pallomaalissa_e.jpg?fit=711%2C328&ssl=1\",\"keywords\":[\"\u00c5IFK\",\"PIF\"],\"articleSection\":[\"Ennakot\"],\"inLanguage\":\"fi\"},{\"@type\":\"WebPage\",\"@id\":\"https:\\\/\\\/aktialiiga.fi\\\/miehet\\\/2018-2019\\\/ennakot-2018-2019\\\/varsinais-suomen-derby-kauden-avauksena\\\/\",\"url\":\"https:\\\/\\\/aktialiiga.fi\\\/miehet\\\/2018-2019\\\/ennakot-2018-2019\\\/varsinais-suomen-derby-kauden-avauksena\\\/\",\"name\":\"Varsinais-Suomen derby kauden avauksena | K\u00e4sipallon miesten Aktialiiga\",\"isPartOf\":{\"@id\":\"https:\\\/\\\/aktialiiga.fi\\\/miehet\\\/#website\"},\"primaryImageOfPage\":{\"@id\":\"https:\\\/\\\/aktialiiga.fi\\\/miehet\\\/2018-2019\\\/ennakot-2018-2019\\\/varsinais-suomen-derby-kauden-avauksena\\\/#primaryimage\"},\"image\":{\"@id\":\"https:\\\/\\\/aktialiiga.fi\\\/miehet\\\/2018-2019\\\/ennakot-2018-2019\\\/varsinais-suomen-derby-kauden-avauksena\\\/#primaryimage\"},\"thumbnailUrl\":\"https:\\\/\\\/i0.wp.com\\\/aktialiiga.fi\\\/miehet\\\/wp-content\\\/uploads\\\/sites\\\/5\\\/2018\\\/09\\\/Pallomaalissa_e.jpg?fit=711%2C328&ssl=1\",\"datePublished\":\"2018-09-06T18:41:59+00:00\",\"breadcrumb\":{\"@id\":\"https:\\\/\\\/aktialiiga.fi\\\/miehet\\\/2018-2019\\\/ennakot-2018-2019\\\/varsinais-suomen-derby-kauden-avauksena\\\/#breadcrumb\"},\"inLanguage\":\"fi\",\"potentialAction\":[{\"@type\":\"ReadAction\",\"target\":[\"https:\\\/\\\/aktialiiga.fi\\\/miehet\\\/2018-2019\\\/ennakot-2018-2019\\\/varsinais-suomen-derby-kauden-avauksena\\\/\"]}]},{\"@type\":\"ImageObject\",\"inLanguage\":\"fi\",\"@id\":\"https:\\\/\\\/aktialiiga.fi\\\/miehet\\\/2018-2019\\\/ennakot-2018-2019\\\/varsinais-suomen-derby-kauden-avauksena\\\/#primaryimage\",\"url\":\"https:\\\/\\\/i0.wp.com\\\/aktialiiga.fi\\\/miehet\\\/wp-content\\\/uploads\\\/sites\\\/5\\\/2018\\\/09\\\/Pallomaalissa_e.jpg?fit=711%2C328&ssl=1\",\"contentUrl\":\"https:\\\/\\\/i0.wp.com\\\/aktialiiga.fi\\\/miehet\\\/wp-content\\\/uploads\\\/sites\\\/5\\\/2018\\\/09\\\/Pallomaalissa_e.jpg?fit=711%2C328&ssl=1\",\"width\":711,\"height\":328},{\"@type\":\"BreadcrumbList\",\"@id\":\"https:\\\/\\\/aktialiiga.fi\\\/miehet\\\/2018-2019\\\/ennakot-2018-2019\\\/varsinais-suomen-derby-kauden-avauksena\\\/#breadcrumb\",\"itemListElement\":[{\"@type\":\"ListItem\",\"position\":1,\"name\":\"Etusivu\",\"item\":\"https:\\\/\\\/aktialiiga.fi\\\/miehet\\\/\"},{\"@type\":\"ListItem\",\"position\":2,\"name\":\"Varsinais-Suomen derby kauden avauksena\"}]},{\"@type\":\"WebSite\",\"@id\":\"https:\\\/\\\/aktialiiga.fi\\\/miehet\\\/#website\",\"url\":\"https:\\\/\\\/aktialiiga.fi\\\/miehet\\\/\",\"name\":\"K\u00e4sipallon miesten Aktialiiga\",\"description\":\"Valtakunnan vauhdikkainta palloilua!\",\"publisher\":{\"@id\":\"https:\\\/\\\/aktialiiga.fi\\\/miehet\\\/#organization\"},\"potentialAction\":[{\"@type\":\"SearchAction\",\"target\":{\"@type\":\"EntryPoint\",\"urlTemplate\":\"https:\\\/\\\/aktialiiga.fi\\\/miehet\\\/?s={search_term_string}\"},\"query-input\":{\"@type\":\"PropertyValueSpecification\",\"valueRequired\":true,\"valueName\":\"search_term_string\"}}],\"inLanguage\":\"fi\"},{\"@type\":\"Organization\",\"@id\":\"https:\\\/\\\/aktialiiga.fi\\\/miehet\\\/#organization\",\"name\":\"K\u00e4sipallon miesten Aktialiiga\",\"url\":\"https:\\\/\\\/aktialiiga.fi\\\/miehet\\\/\",\"logo\":{\"@type\":\"ImageObject\",\"inLanguage\":\"fi\",\"@id\":\"https:\\\/\\\/aktialiiga.fi\\\/miehet\\\/#\\\/schema\\\/logo\\\/image\\\/\",\"url\":\"https:\\\/\\\/i0.wp.com\\\/aktialiiga.fi\\\/miehet\\\/wp-content\\\/uploads\\\/sites\\\/5\\\/2024\\\/09\\\/Aktialiiga-Yoast-512.png?fit=512%2C512&ssl=1\",\"contentUrl\":\"https:\\\/\\\/i0.wp.com\\\/aktialiiga.fi\\\/miehet\\\/wp-content\\\/uploads\\\/sites\\\/5\\\/2024\\\/09\\\/Aktialiiga-Yoast-512.png?fit=512%2C512&ssl=1\",\"width\":512,\"height\":512,\"caption\":\"K\u00e4sipallon miesten Aktialiiga\"},\"image\":{\"@id\":\"https:\\\/\\\/aktialiiga.fi\\\/miehet\\\/#\\\/schema\\\/logo\\\/image\\\/\"},\"sameAs\":[\"https:\\\/\\\/www.facebook.com\\\/finnhandball\",\"https:\\\/\\\/x.com\\\/finnhandball\",\"https:\\\/\\\/www.instagram.com\\\/handballfinland\\\/\"]},{\"@type\":\"Person\",\"@id\":\"https:\\\/\\\/aktialiiga.fi\\\/miehet\\\/#\\\/schema\\\/person\\\/c14bf42f47041db74603c45afcb18d87\",\"name\":\"tbrmedia\",\"image\":{\"@type\":\"ImageObject\",\"inLanguage\":\"fi\",\"@id\":\"https:\\\/\\\/secure.gravatar.com\\\/avatar\\\/ee975fa091fe581d12b60debb3439022686618368a7c142044c56724d4666b16?s=96&d=mm&r=g\",\"url\":\"https:\\\/\\\/secure.gravatar.com\\\/avatar\\\/ee975fa091fe581d12b60debb3439022686618368a7c142044c56724d4666b16?s=96&d=mm&r=g\",\"contentUrl\":\"https:\\\/\\\/secure.gravatar.com\\\/avatar\\\/ee975fa091fe581d12b60debb3439022686618368a7c142044c56724d4666b16?s=96&d=mm&r=g\",\"caption\":\"tbrmedia\"}}]}<\/script>\n<!-- \/ Yoast SEO plugin. -->","yoast_head_json":{"title":"Varsinais-Suomen derby kauden avauksena | K\u00e4sipallon miesten Aktialiiga","robots":{"index":"index","follow":"follow","max-snippet":"max-snippet:-1","max-image-preview":"max-image-preview:large","max-video-preview":"max-video-preview:-1"},"canonical":"https:\/\/aktialiiga.fi\/miehet\/2018-2019\/ennakot-2018-2019\/varsinais-suomen-derby-kauden-avauksena\/","og_locale":"fi_FI","og_type":"article","og_title":"Varsinais-Suomen derby kauden avauksena | K\u00e4sipallon miesten Aktialiiga","og_description":"SM-liigakausi 2018-19 py\u00f6r\u00e4ht\u00e4\u00e4 k\u00e4yntiin perjantaina 7.9., kun \u00c5IFK saa vieraakseen paikallisvastustaja PIF:n. J\u00e4nnitteit\u00e4 kaksikon v\u00e4lilt\u00e4 ei puutu ja naapuruussuhteenkaan my\u00f6t\u00e4. Lis\u00e4ksi joukkueet p\u00e4\u00e4tyiv\u00e4t viime kaudella runkosarjassa tasapisteisiin ja \u00c5IFK vei viimeisen jatkosarjapaikan niukasti paraislaisten nen\u00e4n edest\u00e4. Ennakkoarvioiden mukaan joukkueet taistelevat kesken\u00e4\u00e4n samoista sijoista my\u00f6s t\u00e4ll\u00e4 kaudella. Suora vertailu viime kauteen ei kuitenkaan v\u00e4ltt\u00e4m\u00e4tt\u00e4 kerro kovin [&hellip;]","og_url":"https:\/\/aktialiiga.fi\/miehet\/2018-2019\/ennakot-2018-2019\/varsinais-suomen-derby-kauden-avauksena\/","og_site_name":"K\u00e4sipallon miesten Aktialiiga","article_publisher":"https:\/\/www.facebook.com\/finnhandball","article_published_time":"2018-09-06T18:41:59+00:00","og_image":[{"width":711,"height":328,"url":"https:\/\/i0.wp.com\/aktialiiga.fi\/miehet\/wp-content\/uploads\/sites\/5\/2018\/09\/Pallomaalissa_e.jpg?fit=711%2C328&ssl=1","type":"image\/jpeg"}],"author":"tbrmedia","twitter_card":"summary_large_image","twitter_creator":"@finnhandball","twitter_site":"@finnhandball","schema":{"@context":"https:\/\/schema.org","@graph":[{"@type":"Article","@id":"https:\/\/aktialiiga.fi\/miehet\/2018-2019\/ennakot-2018-2019\/varsinais-suomen-derby-kauden-avauksena\/#article","isPartOf":{"@id":"https:\/\/aktialiiga.fi\/miehet\/2018-2019\/ennakot-2018-2019\/varsinais-suomen-derby-kauden-avauksena\/"},"author":{"name":"tbrmedia","@id":"https:\/\/aktialiiga.fi\/miehet\/#\/schema\/person\/c14bf42f47041db74603c45afcb18d87"},"headline":"Varsinais-Suomen derby kauden avauksena","datePublished":"2018-09-06T18:41:59+00:00","mainEntityOfPage":{"@id":"https:\/\/aktialiiga.fi\/miehet\/2018-2019\/ennakot-2018-2019\/varsinais-suomen-derby-kauden-avauksena\/"},"wordCount":182,"publisher":{"@id":"https:\/\/aktialiiga.fi\/miehet\/#organization"},"image":{"@id":"https:\/\/aktialiiga.fi\/miehet\/2018-2019\/ennakot-2018-2019\/varsinais-suomen-derby-kauden-avauksena\/#primaryimage"},"thumbnailUrl":"https:\/\/i0.wp.com\/aktialiiga.fi\/miehet\/wp-content\/uploads\/sites\/5\/2018\/09\/Pallomaalissa_e.jpg?fit=711%2C328&ssl=1","keywords":["\u00c5IFK","PIF"],"articleSection":["Ennakot"],"inLanguage":"fi"},{"@type":"WebPage","@id":"https:\/\/aktialiiga.fi\/miehet\/2018-2019\/ennakot-2018-2019\/varsinais-suomen-derby-kauden-avauksena\/","url":"https:\/\/aktialiiga.fi\/miehet\/2018-2019\/ennakot-2018-2019\/varsinais-suomen-derby-kauden-avauksena\/","name":"Varsinais-Suomen derby kauden avauksena | K\u00e4sipallon miesten Aktialiiga","isPartOf":{"@id":"https:\/\/aktialiiga.fi\/miehet\/#website"},"primaryImageOfPage":{"@id":"https:\/\/aktialiiga.fi\/miehet\/2018-2019\/ennakot-2018-2019\/varsinais-suomen-derby-kauden-avauksena\/#primaryimage"},"image":{"@id":"https:\/\/aktialiiga.fi\/miehet\/2018-2019\/ennakot-2018-2019\/varsinais-suomen-derby-kauden-avauksena\/#primaryimage"},"thumbnailUrl":"https:\/\/i0.wp.com\/aktialiiga.fi\/miehet\/wp-content\/uploads\/sites\/5\/2018\/09\/Pallomaalissa_e.jpg?fit=711%2C328&ssl=1","datePublished":"2018-09-06T18:41:59+00:00","breadcrumb":{"@id":"https:\/\/aktialiiga.fi\/miehet\/2018-2019\/ennakot-2018-2019\/varsinais-suomen-derby-kauden-avauksena\/#breadcrumb"},"inLanguage":"fi","potentialAction":[{"@type":"ReadAction","target":["https:\/\/aktialiiga.fi\/miehet\/2018-2019\/ennakot-2018-2019\/varsinais-suomen-derby-kauden-avauksena\/"]}]},{"@type":"ImageObject","inLanguage":"fi","@id":"https:\/\/aktialiiga.fi\/miehet\/2018-2019\/ennakot-2018-2019\/varsinais-suomen-derby-kauden-avauksena\/#primaryimage","url":"https:\/\/i0.wp.com\/aktialiiga.fi\/miehet\/wp-content\/uploads\/sites\/5\/2018\/09\/Pallomaalissa_e.jpg?fit=711%2C328&ssl=1","contentUrl":"https:\/\/i0.wp.com\/aktialiiga.fi\/miehet\/wp-content\/uploads\/sites\/5\/2018\/09\/Pallomaalissa_e.jpg?fit=711%2C328&ssl=1","width":711,"height":328},{"@type":"BreadcrumbList","@id":"https:\/\/aktialiiga.fi\/miehet\/2018-2019\/ennakot-2018-2019\/varsinais-suomen-derby-kauden-avauksena\/#breadcrumb","itemListElement":[{"@type":"ListItem","position":1,"name":"Etusivu","item":"https:\/\/aktialiiga.fi\/miehet\/"},{"@type":"ListItem","position":2,"name":"Varsinais-Suomen derby kauden avauksena"}]},{"@type":"WebSite","@id":"https:\/\/aktialiiga.fi\/miehet\/#website","url":"https:\/\/aktialiiga.fi\/miehet\/","name":"K\u00e4sipallon miesten Aktialiiga","description":"Valtakunnan vauhdikkainta palloilua!","publisher":{"@id":"https:\/\/aktialiiga.fi\/miehet\/#organization"},"potentialAction":[{"@type":"SearchAction","target":{"@type":"EntryPoint","urlTemplate":"https:\/\/aktialiiga.fi\/miehet\/?s={search_term_string}"},"query-input":{"@type":"PropertyValueSpecification","valueRequired":true,"valueName":"search_term_string"}}],"inLanguage":"fi"},{"@type":"Organization","@id":"https:\/\/aktialiiga.fi\/miehet\/#organization","name":"K\u00e4sipallon miesten Aktialiiga","url":"https:\/\/aktialiiga.fi\/miehet\/","logo":{"@type":"ImageObject","inLanguage":"fi","@id":"https:\/\/aktialiiga.fi\/miehet\/#\/schema\/logo\/image\/","url":"https:\/\/i0.wp.com\/aktialiiga.fi\/miehet\/wp-content\/uploads\/sites\/5\/2024\/09\/Aktialiiga-Yoast-512.png?fit=512%2C512&ssl=1","contentUrl":"https:\/\/i0.wp.com\/aktialiiga.fi\/miehet\/wp-content\/uploads\/sites\/5\/2024\/09\/Aktialiiga-Yoast-512.png?fit=512%2C512&ssl=1","width":512,"height":512,"caption":"K\u00e4sipallon miesten Aktialiiga"},"image":{"@id":"https:\/\/aktialiiga.fi\/miehet\/#\/schema\/logo\/image\/"},"sameAs":["https:\/\/www.facebook.com\/finnhandball","https:\/\/x.com\/finnhandball","https:\/\/www.instagram.com\/handballfinland\/"]},{"@type":"Person","@id":"https:\/\/aktialiiga.fi\/miehet\/#\/schema\/person\/c14bf42f47041db74603c45afcb18d87","name":"tbrmedia","image":{"@type":"ImageObject","inLanguage":"fi","@id":"https:\/\/secure.gravatar.com\/avatar\/ee975fa091fe581d12b60debb3439022686618368a7c142044c56724d4666b16?s=96&d=mm&r=g","url":"https:\/\/secure.gravatar.com\/avatar\/ee975fa091fe581d12b60debb3439022686618368a7c142044c56724d4666b16?s=96&d=mm&r=g","contentUrl":"https:\/\/secure.gravatar.com\/avatar\/ee975fa091fe581d12b60debb3439022686618368a7c142044c56724d4666b16?s=96&d=mm&r=g","caption":"tbrmedia"}}]}},"jetpack_featured_media_url":"https:\/\/i0.wp.com\/aktialiiga.fi\/miehet\/wp-content\/uploads\/sites\/5\/2018\/09\/Pallomaalissa_e.jpg?fit=711%2C328&ssl=1","jetpack_sharing_enabled":true,"jetpack_shortlink":"https:\/\/wp.me\/pfTxOr-5oj","_links":{"self":[{"href":"https:\/\/aktialiiga.fi\/miehet\/wp-json\/wp\/v2\/posts\/20727","targetHints":{"allow":["GET"]}}],"collection":[{"href":"https:\/\/aktialiiga.fi\/miehet\/wp-json\/wp\/v2\/posts"}],"about":[{"href":"https:\/\/aktialiiga.fi\/miehet\/wp-json\/wp\/v2\/types\/post"}],"author":[{"embeddable":true,"href":"https:\/\/aktialiiga.fi\/miehet\/wp-json\/wp\/v2\/users\/13"}],"replies":[{"embeddable":true,"href":"https:\/\/aktialiiga.fi\/miehet\/wp-json\/wp\/v2\/comments?post=20727"}],"version-history":[{"count":0,"href":"https:\/\/aktialiiga.fi\/miehet\/wp-json\/wp\/v2\/posts\/20727\/revisions"}],"wp:featuredmedia":[{"embeddable":true,"href":"https:\/\/aktialiiga.fi\/miehet\/wp-json\/wp\/v2\/media\/20728"}],"wp:attachment":[{"href":"https:\/\/aktialiiga.fi\/miehet\/wp-json\/wp\/v2\/media?parent=20727"}],"wp:term":[{"taxonomy":"category","embeddable":true,"href":"https:\/\/aktialiiga.fi\/miehet\/wp-json\/wp\/v2\/categories?post=20727"},{"taxonomy":"post_tag","embeddable":true,"href":"https:\/\/aktialiiga.fi\/miehet\/wp-json\/wp\/v2\/tags?post=20727"}],"curies":[{"name":"wp","href":"https:\/\/api.w.org\/{rel}","templated":true}]}}