{"id":2083,"date":"2012-02-16T10:40:40","date_gmt":"2012-02-16T07:40:40","guid":{"rendered":"http:\/\/www.handisliiga.fi\/?p=2083"},"modified":"2018-03-15T14:38:36","modified_gmt":"2018-03-15T12:38:36","slug":"mikko-koskue-liittyy-atlaksen-valmennustiimiin","status":"publish","type":"post","link":"https:\/\/aktialiiga.fi\/miehet\/ajankohtaista\/mikko-koskue-liittyy-atlaksen-valmennustiimiin\/","title":{"rendered":"Mikko Koskue liittyy Atlaksen valmennustiimiin"},"content":{"rendered":"<p>Euroopan kentti\u00e4 kolunneen kokeneen pelurin sopimus kattaa v\u00e4hint\u00e4\u00e4n loppukauden. Atlakseen mies siirtyy Saksan\u00a0TSV Ottobeurenista.<\/p>\n<p><!--more--><img data-recalc-dims=\"1\" decoding=\"async\" class=\"alignright size-full wp-image-2085\" title=\"koskue2\" src=\"https:\/\/i0.wp.com\/aktialiiga.fi\/wp-content\/uploads\/sites\/5\/2012\/02\/koskue2.jpg?resize=247%2C165&#038;ssl=1\" alt=\"\" width=\"247\" height=\"165\" \/> Koskue asuu edelleen Saksassa, mutta viett\u00e4\u00e4 siviility\u00f6ns\u00e4 vuoksi paljon aikaa vanhassa kotimaassaan ja kes\u00e4st\u00e4 saakka Koskue on ollut s\u00e4\u00e4nn\u00f6llisesti mukana Atlaksen harjoituksissa. Taskusta l\u00f6ytyy\u00a0Saksan toiseksi korkein k\u00e4sipallovalmentajan tutkinto, eli B-lisenssi.<\/p>\n<p>&#8211; Hienoa saada Mikko virallisesti joukkueemme toimintaan mukaan. Mikko on yksi Suomen kaikkien aikojen menestyneimpi\u00e4 k\u00e4sipalloilijoita ja on tehnyt mittavan uran ulkomaan k\u00e4sipallokentill\u00e4. On mahtavaa, ett\u00e4 h\u00e4n haluaa tuoda oman panoksensa, sek\u00e4 Atlaksen, ett\u00e4 suomalaisen k\u00e4sipallon kehitt\u00e4miseen. Uskon, ett\u00e4 h\u00e4nen kokemuksensa tulee auttamaan joukkuettamme pyrkiess\u00e4mme tavoitteisiimme, toteaa Atlaksen p\u00e4\u00e4valmentaja Jaakko Horelli.<\/p>\n<p>Pelaajana vuodesta 1996 Euroopan k\u00e4sipallokentti\u00e4 kiert\u00e4nyt Koskue on esiintynyt urallaan mm. maailman kovimmassa k\u00e4sipallosarjassa, Saksan Bundesliigassa sek\u00e4 Italian p\u00e4\u00e4sarjassa Serie A:ssa.\u00a0Koskue ehti paukuttaa ulkomailla eri liigoissa yli 2 000 maalia.<\/p>\n<p>Kiffenin kasvatti on my\u00f6s P96 maajoukkueen p\u00e4\u00e4valmentaja.<\/p>\n","protected":false},"excerpt":{"rendered":"<p>Euroopan kentti\u00e4 kolunneen kokeneen pelurin sopimus kattaa v\u00e4hint\u00e4\u00e4n loppukauden. Atlakseen mies siirtyy Saksan\u00a0TSV Ottobeurenista.<\/p>\n","protected":false},"author":13,"featured_media":2084,"comment_status":"closed","ping_status":"closed","sticky":false,"template":"","format":"standard","meta":{"_acf_changed":false,"jetpack_post_was_ever_published":false,"_jetpack_newsletter_access":"","_jetpack_dont_email_post_to_subs":false,"_jetpack_newsletter_tier_id":0,"_jetpack_memberships_contains_paywalled_content":false,"_jetpack_memberships_contains_paid_content":false,"footnotes":""},"categories":[2],"tags":[53],"class_list":["post-2083","post","type-post","status-publish","format-standard","has-post-thumbnail","hentry","category-ajankohtaista","tag-atlas"],"acf":[],"yoast_head":"<!-- This site is optimized with the Yoast SEO plugin v27.5 - https:\/\/yoast.com\/product\/yoast-seo-wordpress\/ -->\n<title>Mikko Koskue liittyy Atlaksen valmennustiimiin | K\u00e4sipallon miesten Aktialiiga<\/title>\n<meta name=\"robots\" content=\"index, follow, max-snippet:-1, max-image-preview:large, max-video-preview:-1\" \/>\n<link rel=\"canonical\" href=\"https:\/\/aktialiiga.fi\/miehet\/ajankohtaista\/mikko-koskue-liittyy-atlaksen-valmennustiimiin\/\" \/>\n<meta property=\"og:locale\" content=\"fi_FI\" \/>\n<meta property=\"og:type\" content=\"article\" \/>\n<meta property=\"og:title\" content=\"Mikko Koskue liittyy Atlaksen valmennustiimiin | K\u00e4sipallon miesten Aktialiiga\" \/>\n<meta property=\"og:description\" content=\"Euroopan kentti\u00e4 kolunneen kokeneen pelurin sopimus kattaa v\u00e4hint\u00e4\u00e4n loppukauden. Atlakseen mies siirtyy Saksan\u00a0TSV Ottobeurenista.\" \/>\n<meta property=\"og:url\" content=\"https:\/\/aktialiiga.fi\/miehet\/ajankohtaista\/mikko-koskue-liittyy-atlaksen-valmennustiimiin\/\" \/>\n<meta property=\"og:site_name\" content=\"K\u00e4sipallon miesten Aktialiiga\" \/>\n<meta property=\"article:publisher\" content=\"https:\/\/www.facebook.com\/finnhandball\" \/>\n<meta property=\"article:published_time\" content=\"2012-02-16T07:40:40+00:00\" \/>\n<meta property=\"article:modified_time\" content=\"2018-03-15T12:38:36+00:00\" \/>\n<meta property=\"og:image\" content=\"https:\/\/i0.wp.com\/aktialiiga.fi\/miehet\/wp-content\/uploads\/sites\/5\/2012\/02\/koskue_150_121_80.jpg?fit=150%2C120&ssl=1\" \/>\n\t<meta property=\"og:image:width\" content=\"150\" \/>\n\t<meta property=\"og:image:height\" content=\"120\" \/>\n\t<meta property=\"og:image:type\" content=\"image\/jpeg\" \/>\n<meta name=\"author\" content=\"tbrmedia\" \/>\n<meta name=\"twitter:card\" content=\"summary_large_image\" \/>\n<meta name=\"twitter:creator\" content=\"@finnhandball\" \/>\n<meta name=\"twitter:site\" content=\"@finnhandball\" \/>\n<script type=\"application\/ld+json\" class=\"yoast-schema-graph\">{\"@context\":\"https:\\\/\\\/schema.org\",\"@graph\":[{\"@type\":\"Article\",\"@id\":\"https:\\\/\\\/aktialiiga.fi\\\/miehet\\\/ajankohtaista\\\/mikko-koskue-liittyy-atlaksen-valmennustiimiin\\\/#article\",\"isPartOf\":{\"@id\":\"https:\\\/\\\/aktialiiga.fi\\\/miehet\\\/ajankohtaista\\\/mikko-koskue-liittyy-atlaksen-valmennustiimiin\\\/\"},\"author\":{\"name\":\"tbrmedia\",\"@id\":\"https:\\\/\\\/aktialiiga.fi\\\/miehet\\\/#\\\/schema\\\/person\\\/c14bf42f47041db74603c45afcb18d87\"},\"headline\":\"Mikko Koskue liittyy Atlaksen valmennustiimiin\",\"datePublished\":\"2012-02-16T07:40:40+00:00\",\"dateModified\":\"2018-03-15T12:38:36+00:00\",\"mainEntityOfPage\":{\"@id\":\"https:\\\/\\\/aktialiiga.fi\\\/miehet\\\/ajankohtaista\\\/mikko-koskue-liittyy-atlaksen-valmennustiimiin\\\/\"},\"wordCount\":160,\"publisher\":{\"@id\":\"https:\\\/\\\/aktialiiga.fi\\\/miehet\\\/#organization\"},\"image\":{\"@id\":\"https:\\\/\\\/aktialiiga.fi\\\/miehet\\\/ajankohtaista\\\/mikko-koskue-liittyy-atlaksen-valmennustiimiin\\\/#primaryimage\"},\"thumbnailUrl\":\"https:\\\/\\\/i0.wp.com\\\/aktialiiga.fi\\\/miehet\\\/wp-content\\\/uploads\\\/sites\\\/5\\\/2012\\\/02\\\/koskue_150_121_80.jpg?fit=150%2C120&ssl=1\",\"keywords\":[\"Atlas\"],\"articleSection\":[\"Ajankohtaista\"],\"inLanguage\":\"fi\"},{\"@type\":\"WebPage\",\"@id\":\"https:\\\/\\\/aktialiiga.fi\\\/miehet\\\/ajankohtaista\\\/mikko-koskue-liittyy-atlaksen-valmennustiimiin\\\/\",\"url\":\"https:\\\/\\\/aktialiiga.fi\\\/miehet\\\/ajankohtaista\\\/mikko-koskue-liittyy-atlaksen-valmennustiimiin\\\/\",\"name\":\"Mikko Koskue liittyy Atlaksen valmennustiimiin | K\u00e4sipallon miesten Aktialiiga\",\"isPartOf\":{\"@id\":\"https:\\\/\\\/aktialiiga.fi\\\/miehet\\\/#website\"},\"primaryImageOfPage\":{\"@id\":\"https:\\\/\\\/aktialiiga.fi\\\/miehet\\\/ajankohtaista\\\/mikko-koskue-liittyy-atlaksen-valmennustiimiin\\\/#primaryimage\"},\"image\":{\"@id\":\"https:\\\/\\\/aktialiiga.fi\\\/miehet\\\/ajankohtaista\\\/mikko-koskue-liittyy-atlaksen-valmennustiimiin\\\/#primaryimage\"},\"thumbnailUrl\":\"https:\\\/\\\/i0.wp.com\\\/aktialiiga.fi\\\/miehet\\\/wp-content\\\/uploads\\\/sites\\\/5\\\/2012\\\/02\\\/koskue_150_121_80.jpg?fit=150%2C120&ssl=1\",\"datePublished\":\"2012-02-16T07:40:40+00:00\",\"dateModified\":\"2018-03-15T12:38:36+00:00\",\"breadcrumb\":{\"@id\":\"https:\\\/\\\/aktialiiga.fi\\\/miehet\\\/ajankohtaista\\\/mikko-koskue-liittyy-atlaksen-valmennustiimiin\\\/#breadcrumb\"},\"inLanguage\":\"fi\",\"potentialAction\":[{\"@type\":\"ReadAction\",\"target\":[\"https:\\\/\\\/aktialiiga.fi\\\/miehet\\\/ajankohtaista\\\/mikko-koskue-liittyy-atlaksen-valmennustiimiin\\\/\"]}]},{\"@type\":\"ImageObject\",\"inLanguage\":\"fi\",\"@id\":\"https:\\\/\\\/aktialiiga.fi\\\/miehet\\\/ajankohtaista\\\/mikko-koskue-liittyy-atlaksen-valmennustiimiin\\\/#primaryimage\",\"url\":\"https:\\\/\\\/i0.wp.com\\\/aktialiiga.fi\\\/miehet\\\/wp-content\\\/uploads\\\/sites\\\/5\\\/2012\\\/02\\\/koskue_150_121_80.jpg?fit=150%2C120&ssl=1\",\"contentUrl\":\"https:\\\/\\\/i0.wp.com\\\/aktialiiga.fi\\\/miehet\\\/wp-content\\\/uploads\\\/sites\\\/5\\\/2012\\\/02\\\/koskue_150_121_80.jpg?fit=150%2C120&ssl=1\",\"width\":150,\"height\":120,\"caption\":\"Mikko Koskue\"},{\"@type\":\"BreadcrumbList\",\"@id\":\"https:\\\/\\\/aktialiiga.fi\\\/miehet\\\/ajankohtaista\\\/mikko-koskue-liittyy-atlaksen-valmennustiimiin\\\/#breadcrumb\",\"itemListElement\":[{\"@type\":\"ListItem\",\"position\":1,\"name\":\"Etusivu\",\"item\":\"https:\\\/\\\/aktialiiga.fi\\\/miehet\\\/\"},{\"@type\":\"ListItem\",\"position\":2,\"name\":\"Mikko Koskue liittyy Atlaksen valmennustiimiin\"}]},{\"@type\":\"WebSite\",\"@id\":\"https:\\\/\\\/aktialiiga.fi\\\/miehet\\\/#website\",\"url\":\"https:\\\/\\\/aktialiiga.fi\\\/miehet\\\/\",\"name\":\"K\u00e4sipallon miesten Aktialiiga\",\"description\":\"Valtakunnan vauhdikkainta palloilua!\",\"publisher\":{\"@id\":\"https:\\\/\\\/aktialiiga.fi\\\/miehet\\\/#organization\"},\"potentialAction\":[{\"@type\":\"SearchAction\",\"target\":{\"@type\":\"EntryPoint\",\"urlTemplate\":\"https:\\\/\\\/aktialiiga.fi\\\/miehet\\\/?s={search_term_string}\"},\"query-input\":{\"@type\":\"PropertyValueSpecification\",\"valueRequired\":true,\"valueName\":\"search_term_string\"}}],\"inLanguage\":\"fi\"},{\"@type\":\"Organization\",\"@id\":\"https:\\\/\\\/aktialiiga.fi\\\/miehet\\\/#organization\",\"name\":\"K\u00e4sipallon miesten Aktialiiga\",\"url\":\"https:\\\/\\\/aktialiiga.fi\\\/miehet\\\/\",\"logo\":{\"@type\":\"ImageObject\",\"inLanguage\":\"fi\",\"@id\":\"https:\\\/\\\/aktialiiga.fi\\\/miehet\\\/#\\\/schema\\\/logo\\\/image\\\/\",\"url\":\"https:\\\/\\\/i0.wp.com\\\/aktialiiga.fi\\\/miehet\\\/wp-content\\\/uploads\\\/sites\\\/5\\\/2024\\\/09\\\/Aktialiiga-Yoast-512.png?fit=512%2C512&ssl=1\",\"contentUrl\":\"https:\\\/\\\/i0.wp.com\\\/aktialiiga.fi\\\/miehet\\\/wp-content\\\/uploads\\\/sites\\\/5\\\/2024\\\/09\\\/Aktialiiga-Yoast-512.png?fit=512%2C512&ssl=1\",\"width\":512,\"height\":512,\"caption\":\"K\u00e4sipallon miesten Aktialiiga\"},\"image\":{\"@id\":\"https:\\\/\\\/aktialiiga.fi\\\/miehet\\\/#\\\/schema\\\/logo\\\/image\\\/\"},\"sameAs\":[\"https:\\\/\\\/www.facebook.com\\\/finnhandball\",\"https:\\\/\\\/x.com\\\/finnhandball\",\"https:\\\/\\\/www.instagram.com\\\/handballfinland\\\/\"]},{\"@type\":\"Person\",\"@id\":\"https:\\\/\\\/aktialiiga.fi\\\/miehet\\\/#\\\/schema\\\/person\\\/c14bf42f47041db74603c45afcb18d87\",\"name\":\"tbrmedia\",\"image\":{\"@type\":\"ImageObject\",\"inLanguage\":\"fi\",\"@id\":\"https:\\\/\\\/secure.gravatar.com\\\/avatar\\\/ee975fa091fe581d12b60debb3439022686618368a7c142044c56724d4666b16?s=96&d=mm&r=g\",\"url\":\"https:\\\/\\\/secure.gravatar.com\\\/avatar\\\/ee975fa091fe581d12b60debb3439022686618368a7c142044c56724d4666b16?s=96&d=mm&r=g\",\"contentUrl\":\"https:\\\/\\\/secure.gravatar.com\\\/avatar\\\/ee975fa091fe581d12b60debb3439022686618368a7c142044c56724d4666b16?s=96&d=mm&r=g\",\"caption\":\"tbrmedia\"}}]}<\/script>\n<!-- \/ Yoast SEO plugin. -->","yoast_head_json":{"title":"Mikko Koskue liittyy Atlaksen valmennustiimiin | K\u00e4sipallon miesten Aktialiiga","robots":{"index":"index","follow":"follow","max-snippet":"max-snippet:-1","max-image-preview":"max-image-preview:large","max-video-preview":"max-video-preview:-1"},"canonical":"https:\/\/aktialiiga.fi\/miehet\/ajankohtaista\/mikko-koskue-liittyy-atlaksen-valmennustiimiin\/","og_locale":"fi_FI","og_type":"article","og_title":"Mikko Koskue liittyy Atlaksen valmennustiimiin | K\u00e4sipallon miesten Aktialiiga","og_description":"Euroopan kentti\u00e4 kolunneen kokeneen pelurin sopimus kattaa v\u00e4hint\u00e4\u00e4n loppukauden. Atlakseen mies siirtyy Saksan\u00a0TSV Ottobeurenista.","og_url":"https:\/\/aktialiiga.fi\/miehet\/ajankohtaista\/mikko-koskue-liittyy-atlaksen-valmennustiimiin\/","og_site_name":"K\u00e4sipallon miesten Aktialiiga","article_publisher":"https:\/\/www.facebook.com\/finnhandball","article_published_time":"2012-02-16T07:40:40+00:00","article_modified_time":"2018-03-15T12:38:36+00:00","og_image":[{"width":150,"height":120,"url":"https:\/\/i0.wp.com\/aktialiiga.fi\/miehet\/wp-content\/uploads\/sites\/5\/2012\/02\/koskue_150_121_80.jpg?fit=150%2C120&ssl=1","type":"image\/jpeg"}],"author":"tbrmedia","twitter_card":"summary_large_image","twitter_creator":"@finnhandball","twitter_site":"@finnhandball","schema":{"@context":"https:\/\/schema.org","@graph":[{"@type":"Article","@id":"https:\/\/aktialiiga.fi\/miehet\/ajankohtaista\/mikko-koskue-liittyy-atlaksen-valmennustiimiin\/#article","isPartOf":{"@id":"https:\/\/aktialiiga.fi\/miehet\/ajankohtaista\/mikko-koskue-liittyy-atlaksen-valmennustiimiin\/"},"author":{"name":"tbrmedia","@id":"https:\/\/aktialiiga.fi\/miehet\/#\/schema\/person\/c14bf42f47041db74603c45afcb18d87"},"headline":"Mikko Koskue liittyy Atlaksen valmennustiimiin","datePublished":"2012-02-16T07:40:40+00:00","dateModified":"2018-03-15T12:38:36+00:00","mainEntityOfPage":{"@id":"https:\/\/aktialiiga.fi\/miehet\/ajankohtaista\/mikko-koskue-liittyy-atlaksen-valmennustiimiin\/"},"wordCount":160,"publisher":{"@id":"https:\/\/aktialiiga.fi\/miehet\/#organization"},"image":{"@id":"https:\/\/aktialiiga.fi\/miehet\/ajankohtaista\/mikko-koskue-liittyy-atlaksen-valmennustiimiin\/#primaryimage"},"thumbnailUrl":"https:\/\/i0.wp.com\/aktialiiga.fi\/miehet\/wp-content\/uploads\/sites\/5\/2012\/02\/koskue_150_121_80.jpg?fit=150%2C120&ssl=1","keywords":["Atlas"],"articleSection":["Ajankohtaista"],"inLanguage":"fi"},{"@type":"WebPage","@id":"https:\/\/aktialiiga.fi\/miehet\/ajankohtaista\/mikko-koskue-liittyy-atlaksen-valmennustiimiin\/","url":"https:\/\/aktialiiga.fi\/miehet\/ajankohtaista\/mikko-koskue-liittyy-atlaksen-valmennustiimiin\/","name":"Mikko Koskue liittyy Atlaksen valmennustiimiin | K\u00e4sipallon miesten Aktialiiga","isPartOf":{"@id":"https:\/\/aktialiiga.fi\/miehet\/#website"},"primaryImageOfPage":{"@id":"https:\/\/aktialiiga.fi\/miehet\/ajankohtaista\/mikko-koskue-liittyy-atlaksen-valmennustiimiin\/#primaryimage"},"image":{"@id":"https:\/\/aktialiiga.fi\/miehet\/ajankohtaista\/mikko-koskue-liittyy-atlaksen-valmennustiimiin\/#primaryimage"},"thumbnailUrl":"https:\/\/i0.wp.com\/aktialiiga.fi\/miehet\/wp-content\/uploads\/sites\/5\/2012\/02\/koskue_150_121_80.jpg?fit=150%2C120&ssl=1","datePublished":"2012-02-16T07:40:40+00:00","dateModified":"2018-03-15T12:38:36+00:00","breadcrumb":{"@id":"https:\/\/aktialiiga.fi\/miehet\/ajankohtaista\/mikko-koskue-liittyy-atlaksen-valmennustiimiin\/#breadcrumb"},"inLanguage":"fi","potentialAction":[{"@type":"ReadAction","target":["https:\/\/aktialiiga.fi\/miehet\/ajankohtaista\/mikko-koskue-liittyy-atlaksen-valmennustiimiin\/"]}]},{"@type":"ImageObject","inLanguage":"fi","@id":"https:\/\/aktialiiga.fi\/miehet\/ajankohtaista\/mikko-koskue-liittyy-atlaksen-valmennustiimiin\/#primaryimage","url":"https:\/\/i0.wp.com\/aktialiiga.fi\/miehet\/wp-content\/uploads\/sites\/5\/2012\/02\/koskue_150_121_80.jpg?fit=150%2C120&ssl=1","contentUrl":"https:\/\/i0.wp.com\/aktialiiga.fi\/miehet\/wp-content\/uploads\/sites\/5\/2012\/02\/koskue_150_121_80.jpg?fit=150%2C120&ssl=1","width":150,"height":120,"caption":"Mikko Koskue"},{"@type":"BreadcrumbList","@id":"https:\/\/aktialiiga.fi\/miehet\/ajankohtaista\/mikko-koskue-liittyy-atlaksen-valmennustiimiin\/#breadcrumb","itemListElement":[{"@type":"ListItem","position":1,"name":"Etusivu","item":"https:\/\/aktialiiga.fi\/miehet\/"},{"@type":"ListItem","position":2,"name":"Mikko Koskue liittyy Atlaksen valmennustiimiin"}]},{"@type":"WebSite","@id":"https:\/\/aktialiiga.fi\/miehet\/#website","url":"https:\/\/aktialiiga.fi\/miehet\/","name":"K\u00e4sipallon miesten Aktialiiga","description":"Valtakunnan vauhdikkainta palloilua!","publisher":{"@id":"https:\/\/aktialiiga.fi\/miehet\/#organization"},"potentialAction":[{"@type":"SearchAction","target":{"@type":"EntryPoint","urlTemplate":"https:\/\/aktialiiga.fi\/miehet\/?s={search_term_string}"},"query-input":{"@type":"PropertyValueSpecification","valueRequired":true,"valueName":"search_term_string"}}],"inLanguage":"fi"},{"@type":"Organization","@id":"https:\/\/aktialiiga.fi\/miehet\/#organization","name":"K\u00e4sipallon miesten Aktialiiga","url":"https:\/\/aktialiiga.fi\/miehet\/","logo":{"@type":"ImageObject","inLanguage":"fi","@id":"https:\/\/aktialiiga.fi\/miehet\/#\/schema\/logo\/image\/","url":"https:\/\/i0.wp.com\/aktialiiga.fi\/miehet\/wp-content\/uploads\/sites\/5\/2024\/09\/Aktialiiga-Yoast-512.png?fit=512%2C512&ssl=1","contentUrl":"https:\/\/i0.wp.com\/aktialiiga.fi\/miehet\/wp-content\/uploads\/sites\/5\/2024\/09\/Aktialiiga-Yoast-512.png?fit=512%2C512&ssl=1","width":512,"height":512,"caption":"K\u00e4sipallon miesten Aktialiiga"},"image":{"@id":"https:\/\/aktialiiga.fi\/miehet\/#\/schema\/logo\/image\/"},"sameAs":["https:\/\/www.facebook.com\/finnhandball","https:\/\/x.com\/finnhandball","https:\/\/www.instagram.com\/handballfinland\/"]},{"@type":"Person","@id":"https:\/\/aktialiiga.fi\/miehet\/#\/schema\/person\/c14bf42f47041db74603c45afcb18d87","name":"tbrmedia","image":{"@type":"ImageObject","inLanguage":"fi","@id":"https:\/\/secure.gravatar.com\/avatar\/ee975fa091fe581d12b60debb3439022686618368a7c142044c56724d4666b16?s=96&d=mm&r=g","url":"https:\/\/secure.gravatar.com\/avatar\/ee975fa091fe581d12b60debb3439022686618368a7c142044c56724d4666b16?s=96&d=mm&r=g","contentUrl":"https:\/\/secure.gravatar.com\/avatar\/ee975fa091fe581d12b60debb3439022686618368a7c142044c56724d4666b16?s=96&d=mm&r=g","caption":"tbrmedia"}}]}},"jetpack_featured_media_url":"https:\/\/i0.wp.com\/aktialiiga.fi\/miehet\/wp-content\/uploads\/sites\/5\/2012\/02\/koskue_150_121_80.jpg?fit=150%2C120&ssl=1","jetpack_sharing_enabled":true,"jetpack_shortlink":"https:\/\/wp.me\/pfTxOr-xB","_links":{"self":[{"href":"https:\/\/aktialiiga.fi\/miehet\/wp-json\/wp\/v2\/posts\/2083","targetHints":{"allow":["GET"]}}],"collection":[{"href":"https:\/\/aktialiiga.fi\/miehet\/wp-json\/wp\/v2\/posts"}],"about":[{"href":"https:\/\/aktialiiga.fi\/miehet\/wp-json\/wp\/v2\/types\/post"}],"author":[{"embeddable":true,"href":"https:\/\/aktialiiga.fi\/miehet\/wp-json\/wp\/v2\/users\/13"}],"replies":[{"embeddable":true,"href":"https:\/\/aktialiiga.fi\/miehet\/wp-json\/wp\/v2\/comments?post=2083"}],"version-history":[{"count":0,"href":"https:\/\/aktialiiga.fi\/miehet\/wp-json\/wp\/v2\/posts\/2083\/revisions"}],"wp:featuredmedia":[{"embeddable":true,"href":"https:\/\/aktialiiga.fi\/miehet\/wp-json\/wp\/v2\/media\/2084"}],"wp:attachment":[{"href":"https:\/\/aktialiiga.fi\/miehet\/wp-json\/wp\/v2\/media?parent=2083"}],"wp:term":[{"taxonomy":"category","embeddable":true,"href":"https:\/\/aktialiiga.fi\/miehet\/wp-json\/wp\/v2\/categories?post=2083"},{"taxonomy":"post_tag","embeddable":true,"href":"https:\/\/aktialiiga.fi\/miehet\/wp-json\/wp\/v2\/tags?post=2083"}],"curies":[{"name":"wp","href":"https:\/\/api.w.org\/{rel}","templated":true}]}}