{"id":21714,"date":"2018-11-24T22:23:19","date_gmt":"2018-11-24T20:23:19","guid":{"rendered":"https:\/\/aktialiiga.fi\/miehet\/?p=21714"},"modified":"2024-08-26T22:35:45","modified_gmt":"2024-08-26T19:35:45","slug":"dicken-nousi-komeasti-jatkopaikkaan-challenge-cupissa","status":"publish","type":"post","link":"https:\/\/aktialiiga.fi\/miehet\/ajankohtaista\/dicken-nousi-komeasti-jatkopaikkaan-challenge-cupissa\/","title":{"rendered":"Dicken nousi komeasti jatkopaikkaan Challenge Cupissa"},"content":{"rendered":"<p>Viiden maalin takaa-ajoasema ei lopulta ollut liikaa Dickenille, joka nappasi komeasti jatkopaikan Challenge Cupissa serbialaisen FK Partizanin nen\u00e4n edest\u00e4.<\/p>\n<p>Teht\u00e4v\u00e4 lauantain kotiottelussa oli ennakkoon kova, mutta Dicken l\u00e4hti kuromaan eroa kiinni ottelun alusta l\u00e4htien. Tauolle ment\u00e4ess\u00e4 yhteismaalit olivat jo tasan ja tunnelma Pirkkolassa tiivistyi entisest\u00e4\u00e4n.<\/p>\n<p>Toisen jakson loppupuolella Dicken johti parhaimmillaan jo yhdeks\u00e4ll\u00e4 maalilla, mutta Partizan kavensi viel\u00e4 eroa ja vasta loppusummeri sinet\u00f6i Dickenin jatkopaikan kahden maalin marginaalilla.<\/p>\n<p><em><strong>Challenge Cup:<\/strong><\/em><br \/>\n<strong>Dicken \u2013 FK Partizan 32-25 (16-11)<\/strong><br \/>\nDicken jatkoon yhteismaalein 60-58.<\/p>\n<p><strong>Dickenin maalintekij\u00e4t:<\/strong><br \/>\nAnton Remy 6, Benny Broman 5, Max Granlund 5, Filip S\u00f6derlund 4, Joacim Broman 3, Robin Granlund 3, Tadas Stankevicius 3, Mikael M\u00e4kel\u00e4 2, Felix Nilsson 1<\/p>\n","protected":false},"excerpt":{"rendered":"<p>Viiden maalin takaa-ajoasema ei lopulta ollut liikaa Dickenille, joka nappasi komeasti jatkopaikan Challenge Cupissa serbialaisen FK Partizanin nen\u00e4n edest\u00e4. Teht\u00e4v\u00e4 lauantain kotiottelussa oli ennakkoon kova, mutta Dicken l\u00e4hti kuromaan eroa kiinni ottelun alusta l\u00e4htien. Tauolle ment\u00e4ess\u00e4 yhteismaalit olivat jo tasan ja tunnelma Pirkkolassa tiivistyi entisest\u00e4\u00e4n. Toisen jakson loppupuolella Dicken johti parhaimmillaan jo yhdeks\u00e4ll\u00e4 maalilla, mutta [&hellip;]<\/p>\n","protected":false},"author":13,"featured_media":21147,"comment_status":"closed","ping_status":"closed","sticky":false,"template":"","format":"standard","meta":{"_acf_changed":false,"jetpack_post_was_ever_published":false,"_jetpack_newsletter_access":"","_jetpack_dont_email_post_to_subs":false,"_jetpack_newsletter_tier_id":0,"_jetpack_memberships_contains_paywalled_content":false,"_jetpack_memberships_contains_paid_content":false,"footnotes":""},"categories":[2],"tags":[58,329],"class_list":["post-21714","post","type-post","status-publish","format-standard","has-post-thumbnail","hentry","category-ajankohtaista","tag-dicken","tag-ehf-challenge-cup"],"acf":[],"yoast_head":"<!-- This site is optimized with the Yoast SEO plugin v27.5 - https:\/\/yoast.com\/product\/yoast-seo-wordpress\/ -->\n<title>Dicken nousi komeasti jatkopaikkaan Challenge Cupissa | K\u00e4sipallon miesten Aktialiiga<\/title>\n<meta name=\"robots\" content=\"index, follow, max-snippet:-1, max-image-preview:large, max-video-preview:-1\" \/>\n<link rel=\"canonical\" href=\"https:\/\/aktialiiga.fi\/miehet\/ajankohtaista\/dicken-nousi-komeasti-jatkopaikkaan-challenge-cupissa\/\" \/>\n<meta property=\"og:locale\" content=\"fi_FI\" \/>\n<meta property=\"og:type\" content=\"article\" \/>\n<meta property=\"og:title\" content=\"Dicken nousi komeasti jatkopaikkaan Challenge Cupissa | K\u00e4sipallon miesten Aktialiiga\" \/>\n<meta property=\"og:description\" content=\"Viiden maalin takaa-ajoasema ei lopulta ollut liikaa Dickenille, joka nappasi komeasti jatkopaikan Challenge Cupissa serbialaisen FK Partizanin nen\u00e4n edest\u00e4. Teht\u00e4v\u00e4 lauantain kotiottelussa oli ennakkoon kova, mutta Dicken l\u00e4hti kuromaan eroa kiinni ottelun alusta l\u00e4htien. Tauolle ment\u00e4ess\u00e4 yhteismaalit olivat jo tasan ja tunnelma Pirkkolassa tiivistyi entisest\u00e4\u00e4n. Toisen jakson loppupuolella Dicken johti parhaimmillaan jo yhdeks\u00e4ll\u00e4 maalilla, mutta [&hellip;]\" \/>\n<meta property=\"og:url\" content=\"https:\/\/aktialiiga.fi\/miehet\/ajankohtaista\/dicken-nousi-komeasti-jatkopaikkaan-challenge-cupissa\/\" \/>\n<meta property=\"og:site_name\" content=\"K\u00e4sipallon miesten Aktialiiga\" \/>\n<meta property=\"article:publisher\" content=\"https:\/\/www.facebook.com\/finnhandball\" \/>\n<meta property=\"article:published_time\" content=\"2018-11-24T20:23:19+00:00\" \/>\n<meta property=\"article:modified_time\" content=\"2024-08-26T19:35:45+00:00\" \/>\n<meta property=\"og:image\" content=\"https:\/\/i0.wp.com\/aktialiiga.fi\/miehet\/wp-content\/uploads\/sites\/5\/2018\/09\/Dicken_Remy_Anton_1819.gif?fit=711%2C330&ssl=1\" \/>\n\t<meta property=\"og:image:width\" content=\"711\" \/>\n\t<meta property=\"og:image:height\" content=\"330\" \/>\n\t<meta property=\"og:image:type\" content=\"image\/gif\" \/>\n<meta name=\"author\" content=\"tbrmedia\" \/>\n<meta name=\"twitter:card\" content=\"summary_large_image\" \/>\n<meta name=\"twitter:creator\" content=\"@finnhandball\" \/>\n<meta name=\"twitter:site\" content=\"@finnhandball\" \/>\n<script type=\"application\/ld+json\" class=\"yoast-schema-graph\">{\"@context\":\"https:\\\/\\\/schema.org\",\"@graph\":[{\"@type\":\"Article\",\"@id\":\"https:\\\/\\\/aktialiiga.fi\\\/miehet\\\/ajankohtaista\\\/dicken-nousi-komeasti-jatkopaikkaan-challenge-cupissa\\\/#article\",\"isPartOf\":{\"@id\":\"https:\\\/\\\/aktialiiga.fi\\\/miehet\\\/ajankohtaista\\\/dicken-nousi-komeasti-jatkopaikkaan-challenge-cupissa\\\/\"},\"author\":{\"name\":\"tbrmedia\",\"@id\":\"https:\\\/\\\/aktialiiga.fi\\\/miehet\\\/#\\\/schema\\\/person\\\/c14bf42f47041db74603c45afcb18d87\"},\"headline\":\"Dicken nousi komeasti jatkopaikkaan Challenge Cupissa\",\"datePublished\":\"2018-11-24T20:23:19+00:00\",\"dateModified\":\"2024-08-26T19:35:45+00:00\",\"mainEntityOfPage\":{\"@id\":\"https:\\\/\\\/aktialiiga.fi\\\/miehet\\\/ajankohtaista\\\/dicken-nousi-komeasti-jatkopaikkaan-challenge-cupissa\\\/\"},\"wordCount\":116,\"publisher\":{\"@id\":\"https:\\\/\\\/aktialiiga.fi\\\/miehet\\\/#organization\"},\"image\":{\"@id\":\"https:\\\/\\\/aktialiiga.fi\\\/miehet\\\/ajankohtaista\\\/dicken-nousi-komeasti-jatkopaikkaan-challenge-cupissa\\\/#primaryimage\"},\"thumbnailUrl\":\"https:\\\/\\\/i0.wp.com\\\/aktialiiga.fi\\\/miehet\\\/wp-content\\\/uploads\\\/sites\\\/5\\\/2018\\\/09\\\/Dicken_Remy_Anton_1819.gif?fit=711%2C330&ssl=1\",\"keywords\":[\"Dicken\",\"EHF Challenge Cup\"],\"articleSection\":[\"Ajankohtaista\"],\"inLanguage\":\"fi\"},{\"@type\":\"WebPage\",\"@id\":\"https:\\\/\\\/aktialiiga.fi\\\/miehet\\\/ajankohtaista\\\/dicken-nousi-komeasti-jatkopaikkaan-challenge-cupissa\\\/\",\"url\":\"https:\\\/\\\/aktialiiga.fi\\\/miehet\\\/ajankohtaista\\\/dicken-nousi-komeasti-jatkopaikkaan-challenge-cupissa\\\/\",\"name\":\"Dicken nousi komeasti jatkopaikkaan Challenge Cupissa | K\u00e4sipallon miesten Aktialiiga\",\"isPartOf\":{\"@id\":\"https:\\\/\\\/aktialiiga.fi\\\/miehet\\\/#website\"},\"primaryImageOfPage\":{\"@id\":\"https:\\\/\\\/aktialiiga.fi\\\/miehet\\\/ajankohtaista\\\/dicken-nousi-komeasti-jatkopaikkaan-challenge-cupissa\\\/#primaryimage\"},\"image\":{\"@id\":\"https:\\\/\\\/aktialiiga.fi\\\/miehet\\\/ajankohtaista\\\/dicken-nousi-komeasti-jatkopaikkaan-challenge-cupissa\\\/#primaryimage\"},\"thumbnailUrl\":\"https:\\\/\\\/i0.wp.com\\\/aktialiiga.fi\\\/miehet\\\/wp-content\\\/uploads\\\/sites\\\/5\\\/2018\\\/09\\\/Dicken_Remy_Anton_1819.gif?fit=711%2C330&ssl=1\",\"datePublished\":\"2018-11-24T20:23:19+00:00\",\"dateModified\":\"2024-08-26T19:35:45+00:00\",\"breadcrumb\":{\"@id\":\"https:\\\/\\\/aktialiiga.fi\\\/miehet\\\/ajankohtaista\\\/dicken-nousi-komeasti-jatkopaikkaan-challenge-cupissa\\\/#breadcrumb\"},\"inLanguage\":\"fi\",\"potentialAction\":[{\"@type\":\"ReadAction\",\"target\":[\"https:\\\/\\\/aktialiiga.fi\\\/miehet\\\/ajankohtaista\\\/dicken-nousi-komeasti-jatkopaikkaan-challenge-cupissa\\\/\"]}]},{\"@type\":\"ImageObject\",\"inLanguage\":\"fi\",\"@id\":\"https:\\\/\\\/aktialiiga.fi\\\/miehet\\\/ajankohtaista\\\/dicken-nousi-komeasti-jatkopaikkaan-challenge-cupissa\\\/#primaryimage\",\"url\":\"https:\\\/\\\/i0.wp.com\\\/aktialiiga.fi\\\/miehet\\\/wp-content\\\/uploads\\\/sites\\\/5\\\/2018\\\/09\\\/Dicken_Remy_Anton_1819.gif?fit=711%2C330&ssl=1\",\"contentUrl\":\"https:\\\/\\\/i0.wp.com\\\/aktialiiga.fi\\\/miehet\\\/wp-content\\\/uploads\\\/sites\\\/5\\\/2018\\\/09\\\/Dicken_Remy_Anton_1819.gif?fit=711%2C330&ssl=1\",\"width\":711,\"height\":330},{\"@type\":\"BreadcrumbList\",\"@id\":\"https:\\\/\\\/aktialiiga.fi\\\/miehet\\\/ajankohtaista\\\/dicken-nousi-komeasti-jatkopaikkaan-challenge-cupissa\\\/#breadcrumb\",\"itemListElement\":[{\"@type\":\"ListItem\",\"position\":1,\"name\":\"Etusivu\",\"item\":\"https:\\\/\\\/aktialiiga.fi\\\/miehet\\\/\"},{\"@type\":\"ListItem\",\"position\":2,\"name\":\"Dicken nousi komeasti jatkopaikkaan Challenge Cupissa\"}]},{\"@type\":\"WebSite\",\"@id\":\"https:\\\/\\\/aktialiiga.fi\\\/miehet\\\/#website\",\"url\":\"https:\\\/\\\/aktialiiga.fi\\\/miehet\\\/\",\"name\":\"K\u00e4sipallon miesten Aktialiiga\",\"description\":\"Valtakunnan vauhdikkainta palloilua!\",\"publisher\":{\"@id\":\"https:\\\/\\\/aktialiiga.fi\\\/miehet\\\/#organization\"},\"potentialAction\":[{\"@type\":\"SearchAction\",\"target\":{\"@type\":\"EntryPoint\",\"urlTemplate\":\"https:\\\/\\\/aktialiiga.fi\\\/miehet\\\/?s={search_term_string}\"},\"query-input\":{\"@type\":\"PropertyValueSpecification\",\"valueRequired\":true,\"valueName\":\"search_term_string\"}}],\"inLanguage\":\"fi\"},{\"@type\":\"Organization\",\"@id\":\"https:\\\/\\\/aktialiiga.fi\\\/miehet\\\/#organization\",\"name\":\"K\u00e4sipallon miesten Aktialiiga\",\"url\":\"https:\\\/\\\/aktialiiga.fi\\\/miehet\\\/\",\"logo\":{\"@type\":\"ImageObject\",\"inLanguage\":\"fi\",\"@id\":\"https:\\\/\\\/aktialiiga.fi\\\/miehet\\\/#\\\/schema\\\/logo\\\/image\\\/\",\"url\":\"https:\\\/\\\/i0.wp.com\\\/aktialiiga.fi\\\/miehet\\\/wp-content\\\/uploads\\\/sites\\\/5\\\/2024\\\/09\\\/Aktialiiga-Yoast-512.png?fit=512%2C512&ssl=1\",\"contentUrl\":\"https:\\\/\\\/i0.wp.com\\\/aktialiiga.fi\\\/miehet\\\/wp-content\\\/uploads\\\/sites\\\/5\\\/2024\\\/09\\\/Aktialiiga-Yoast-512.png?fit=512%2C512&ssl=1\",\"width\":512,\"height\":512,\"caption\":\"K\u00e4sipallon miesten Aktialiiga\"},\"image\":{\"@id\":\"https:\\\/\\\/aktialiiga.fi\\\/miehet\\\/#\\\/schema\\\/logo\\\/image\\\/\"},\"sameAs\":[\"https:\\\/\\\/www.facebook.com\\\/finnhandball\",\"https:\\\/\\\/x.com\\\/finnhandball\",\"https:\\\/\\\/www.instagram.com\\\/handballfinland\\\/\"]},{\"@type\":\"Person\",\"@id\":\"https:\\\/\\\/aktialiiga.fi\\\/miehet\\\/#\\\/schema\\\/person\\\/c14bf42f47041db74603c45afcb18d87\",\"name\":\"tbrmedia\",\"image\":{\"@type\":\"ImageObject\",\"inLanguage\":\"fi\",\"@id\":\"https:\\\/\\\/secure.gravatar.com\\\/avatar\\\/ee975fa091fe581d12b60debb3439022686618368a7c142044c56724d4666b16?s=96&d=mm&r=g\",\"url\":\"https:\\\/\\\/secure.gravatar.com\\\/avatar\\\/ee975fa091fe581d12b60debb3439022686618368a7c142044c56724d4666b16?s=96&d=mm&r=g\",\"contentUrl\":\"https:\\\/\\\/secure.gravatar.com\\\/avatar\\\/ee975fa091fe581d12b60debb3439022686618368a7c142044c56724d4666b16?s=96&d=mm&r=g\",\"caption\":\"tbrmedia\"}}]}<\/script>\n<!-- \/ Yoast SEO plugin. -->","yoast_head_json":{"title":"Dicken nousi komeasti jatkopaikkaan Challenge Cupissa | K\u00e4sipallon miesten Aktialiiga","robots":{"index":"index","follow":"follow","max-snippet":"max-snippet:-1","max-image-preview":"max-image-preview:large","max-video-preview":"max-video-preview:-1"},"canonical":"https:\/\/aktialiiga.fi\/miehet\/ajankohtaista\/dicken-nousi-komeasti-jatkopaikkaan-challenge-cupissa\/","og_locale":"fi_FI","og_type":"article","og_title":"Dicken nousi komeasti jatkopaikkaan Challenge Cupissa | K\u00e4sipallon miesten Aktialiiga","og_description":"Viiden maalin takaa-ajoasema ei lopulta ollut liikaa Dickenille, joka nappasi komeasti jatkopaikan Challenge Cupissa serbialaisen FK Partizanin nen\u00e4n edest\u00e4. Teht\u00e4v\u00e4 lauantain kotiottelussa oli ennakkoon kova, mutta Dicken l\u00e4hti kuromaan eroa kiinni ottelun alusta l\u00e4htien. Tauolle ment\u00e4ess\u00e4 yhteismaalit olivat jo tasan ja tunnelma Pirkkolassa tiivistyi entisest\u00e4\u00e4n. Toisen jakson loppupuolella Dicken johti parhaimmillaan jo yhdeks\u00e4ll\u00e4 maalilla, mutta [&hellip;]","og_url":"https:\/\/aktialiiga.fi\/miehet\/ajankohtaista\/dicken-nousi-komeasti-jatkopaikkaan-challenge-cupissa\/","og_site_name":"K\u00e4sipallon miesten Aktialiiga","article_publisher":"https:\/\/www.facebook.com\/finnhandball","article_published_time":"2018-11-24T20:23:19+00:00","article_modified_time":"2024-08-26T19:35:45+00:00","og_image":[{"width":711,"height":330,"url":"https:\/\/i0.wp.com\/aktialiiga.fi\/miehet\/wp-content\/uploads\/sites\/5\/2018\/09\/Dicken_Remy_Anton_1819.gif?fit=711%2C330&ssl=1","type":"image\/gif"}],"author":"tbrmedia","twitter_card":"summary_large_image","twitter_creator":"@finnhandball","twitter_site":"@finnhandball","schema":{"@context":"https:\/\/schema.org","@graph":[{"@type":"Article","@id":"https:\/\/aktialiiga.fi\/miehet\/ajankohtaista\/dicken-nousi-komeasti-jatkopaikkaan-challenge-cupissa\/#article","isPartOf":{"@id":"https:\/\/aktialiiga.fi\/miehet\/ajankohtaista\/dicken-nousi-komeasti-jatkopaikkaan-challenge-cupissa\/"},"author":{"name":"tbrmedia","@id":"https:\/\/aktialiiga.fi\/miehet\/#\/schema\/person\/c14bf42f47041db74603c45afcb18d87"},"headline":"Dicken nousi komeasti jatkopaikkaan Challenge Cupissa","datePublished":"2018-11-24T20:23:19+00:00","dateModified":"2024-08-26T19:35:45+00:00","mainEntityOfPage":{"@id":"https:\/\/aktialiiga.fi\/miehet\/ajankohtaista\/dicken-nousi-komeasti-jatkopaikkaan-challenge-cupissa\/"},"wordCount":116,"publisher":{"@id":"https:\/\/aktialiiga.fi\/miehet\/#organization"},"image":{"@id":"https:\/\/aktialiiga.fi\/miehet\/ajankohtaista\/dicken-nousi-komeasti-jatkopaikkaan-challenge-cupissa\/#primaryimage"},"thumbnailUrl":"https:\/\/i0.wp.com\/aktialiiga.fi\/miehet\/wp-content\/uploads\/sites\/5\/2018\/09\/Dicken_Remy_Anton_1819.gif?fit=711%2C330&ssl=1","keywords":["Dicken","EHF Challenge Cup"],"articleSection":["Ajankohtaista"],"inLanguage":"fi"},{"@type":"WebPage","@id":"https:\/\/aktialiiga.fi\/miehet\/ajankohtaista\/dicken-nousi-komeasti-jatkopaikkaan-challenge-cupissa\/","url":"https:\/\/aktialiiga.fi\/miehet\/ajankohtaista\/dicken-nousi-komeasti-jatkopaikkaan-challenge-cupissa\/","name":"Dicken nousi komeasti jatkopaikkaan Challenge Cupissa | K\u00e4sipallon miesten Aktialiiga","isPartOf":{"@id":"https:\/\/aktialiiga.fi\/miehet\/#website"},"primaryImageOfPage":{"@id":"https:\/\/aktialiiga.fi\/miehet\/ajankohtaista\/dicken-nousi-komeasti-jatkopaikkaan-challenge-cupissa\/#primaryimage"},"image":{"@id":"https:\/\/aktialiiga.fi\/miehet\/ajankohtaista\/dicken-nousi-komeasti-jatkopaikkaan-challenge-cupissa\/#primaryimage"},"thumbnailUrl":"https:\/\/i0.wp.com\/aktialiiga.fi\/miehet\/wp-content\/uploads\/sites\/5\/2018\/09\/Dicken_Remy_Anton_1819.gif?fit=711%2C330&ssl=1","datePublished":"2018-11-24T20:23:19+00:00","dateModified":"2024-08-26T19:35:45+00:00","breadcrumb":{"@id":"https:\/\/aktialiiga.fi\/miehet\/ajankohtaista\/dicken-nousi-komeasti-jatkopaikkaan-challenge-cupissa\/#breadcrumb"},"inLanguage":"fi","potentialAction":[{"@type":"ReadAction","target":["https:\/\/aktialiiga.fi\/miehet\/ajankohtaista\/dicken-nousi-komeasti-jatkopaikkaan-challenge-cupissa\/"]}]},{"@type":"ImageObject","inLanguage":"fi","@id":"https:\/\/aktialiiga.fi\/miehet\/ajankohtaista\/dicken-nousi-komeasti-jatkopaikkaan-challenge-cupissa\/#primaryimage","url":"https:\/\/i0.wp.com\/aktialiiga.fi\/miehet\/wp-content\/uploads\/sites\/5\/2018\/09\/Dicken_Remy_Anton_1819.gif?fit=711%2C330&ssl=1","contentUrl":"https:\/\/i0.wp.com\/aktialiiga.fi\/miehet\/wp-content\/uploads\/sites\/5\/2018\/09\/Dicken_Remy_Anton_1819.gif?fit=711%2C330&ssl=1","width":711,"height":330},{"@type":"BreadcrumbList","@id":"https:\/\/aktialiiga.fi\/miehet\/ajankohtaista\/dicken-nousi-komeasti-jatkopaikkaan-challenge-cupissa\/#breadcrumb","itemListElement":[{"@type":"ListItem","position":1,"name":"Etusivu","item":"https:\/\/aktialiiga.fi\/miehet\/"},{"@type":"ListItem","position":2,"name":"Dicken nousi komeasti jatkopaikkaan Challenge Cupissa"}]},{"@type":"WebSite","@id":"https:\/\/aktialiiga.fi\/miehet\/#website","url":"https:\/\/aktialiiga.fi\/miehet\/","name":"K\u00e4sipallon miesten Aktialiiga","description":"Valtakunnan vauhdikkainta palloilua!","publisher":{"@id":"https:\/\/aktialiiga.fi\/miehet\/#organization"},"potentialAction":[{"@type":"SearchAction","target":{"@type":"EntryPoint","urlTemplate":"https:\/\/aktialiiga.fi\/miehet\/?s={search_term_string}"},"query-input":{"@type":"PropertyValueSpecification","valueRequired":true,"valueName":"search_term_string"}}],"inLanguage":"fi"},{"@type":"Organization","@id":"https:\/\/aktialiiga.fi\/miehet\/#organization","name":"K\u00e4sipallon miesten Aktialiiga","url":"https:\/\/aktialiiga.fi\/miehet\/","logo":{"@type":"ImageObject","inLanguage":"fi","@id":"https:\/\/aktialiiga.fi\/miehet\/#\/schema\/logo\/image\/","url":"https:\/\/i0.wp.com\/aktialiiga.fi\/miehet\/wp-content\/uploads\/sites\/5\/2024\/09\/Aktialiiga-Yoast-512.png?fit=512%2C512&ssl=1","contentUrl":"https:\/\/i0.wp.com\/aktialiiga.fi\/miehet\/wp-content\/uploads\/sites\/5\/2024\/09\/Aktialiiga-Yoast-512.png?fit=512%2C512&ssl=1","width":512,"height":512,"caption":"K\u00e4sipallon miesten Aktialiiga"},"image":{"@id":"https:\/\/aktialiiga.fi\/miehet\/#\/schema\/logo\/image\/"},"sameAs":["https:\/\/www.facebook.com\/finnhandball","https:\/\/x.com\/finnhandball","https:\/\/www.instagram.com\/handballfinland\/"]},{"@type":"Person","@id":"https:\/\/aktialiiga.fi\/miehet\/#\/schema\/person\/c14bf42f47041db74603c45afcb18d87","name":"tbrmedia","image":{"@type":"ImageObject","inLanguage":"fi","@id":"https:\/\/secure.gravatar.com\/avatar\/ee975fa091fe581d12b60debb3439022686618368a7c142044c56724d4666b16?s=96&d=mm&r=g","url":"https:\/\/secure.gravatar.com\/avatar\/ee975fa091fe581d12b60debb3439022686618368a7c142044c56724d4666b16?s=96&d=mm&r=g","contentUrl":"https:\/\/secure.gravatar.com\/avatar\/ee975fa091fe581d12b60debb3439022686618368a7c142044c56724d4666b16?s=96&d=mm&r=g","caption":"tbrmedia"}}]}},"jetpack_featured_media_url":"https:\/\/i0.wp.com\/aktialiiga.fi\/miehet\/wp-content\/uploads\/sites\/5\/2018\/09\/Dicken_Remy_Anton_1819.gif?fit=711%2C330&ssl=1","jetpack_sharing_enabled":true,"jetpack_shortlink":"https:\/\/wp.me\/pfTxOr-5Ee","_links":{"self":[{"href":"https:\/\/aktialiiga.fi\/miehet\/wp-json\/wp\/v2\/posts\/21714","targetHints":{"allow":["GET"]}}],"collection":[{"href":"https:\/\/aktialiiga.fi\/miehet\/wp-json\/wp\/v2\/posts"}],"about":[{"href":"https:\/\/aktialiiga.fi\/miehet\/wp-json\/wp\/v2\/types\/post"}],"author":[{"embeddable":true,"href":"https:\/\/aktialiiga.fi\/miehet\/wp-json\/wp\/v2\/users\/13"}],"replies":[{"embeddable":true,"href":"https:\/\/aktialiiga.fi\/miehet\/wp-json\/wp\/v2\/comments?post=21714"}],"version-history":[{"count":0,"href":"https:\/\/aktialiiga.fi\/miehet\/wp-json\/wp\/v2\/posts\/21714\/revisions"}],"wp:featuredmedia":[{"embeddable":true,"href":"https:\/\/aktialiiga.fi\/miehet\/wp-json\/wp\/v2\/media\/21147"}],"wp:attachment":[{"href":"https:\/\/aktialiiga.fi\/miehet\/wp-json\/wp\/v2\/media?parent=21714"}],"wp:term":[{"taxonomy":"category","embeddable":true,"href":"https:\/\/aktialiiga.fi\/miehet\/wp-json\/wp\/v2\/categories?post=21714"},{"taxonomy":"post_tag","embeddable":true,"href":"https:\/\/aktialiiga.fi\/miehet\/wp-json\/wp\/v2\/tags?post=21714"}],"curies":[{"name":"wp","href":"https:\/\/api.w.org\/{rel}","templated":true}]}}