{"id":21893,"date":"2018-12-15T16:23:16","date_gmt":"2018-12-15T14:23:16","guid":{"rendered":"https:\/\/aktialiiga.fi\/miehet\/?p=21893"},"modified":"2018-12-15T18:00:45","modified_gmt":"2018-12-15T16:00:45","slug":"sif-karkasi-jo-avausjaksolla-piflta","status":"publish","type":"post","link":"https:\/\/aktialiiga.fi\/miehet\/2018-2019\/ottelut-2018-2019\/sif-karkasi-jo-avausjaksolla-piflta\/","title":{"rendered":"SIF karkasi jo avausjaksolla PIF:lta"},"content":{"rendered":"<p>SIF otti vakuuttavasti kolme pistett\u00e4 lauantaisesta kotiottelustaan PIF:aa vastaan ja jatkaa ylemm\u00e4n jatkosarjan paikan mets\u00e4st\u00e4mist\u00e4.<\/p>\n<p>Siuntiolaiset latoivat ottelun alkuun nopeasti 3-0-johdon ja vaikka PIF roikkui mukana lukemiin 9-5, ottelu eteni is\u00e4ntien komennossa. Jakson puoliv\u00e4lin j\u00e4lkeen SIF:n lukemin 6-0 viem\u00e4 reilu viisiminuuttinen venytti eron jo kymmeneen maaliin ja komentoj\u00e4rjestys alkoi olla selv\u00e4.<\/p>\n<p>Tauon j\u00e4lkeen ero pysytteli kymmenen maalin tuntumassa, eik\u00e4 paraislaisjoukkue p\u00e4\u00e4ssyt toden teolla h\u00e4tyyttelem\u00e4\u00e4n is\u00e4ntien johtoa. SIF piti avausjaksolla hankkimistaan asemista kiinni lopulta helposti ja vei voiton vakuuttavin numeroin.<\/p>\n<p>SIF:n p\u00e4\u00e4valmentaja Teddy Nordling oli tyytyv\u00e4inen joukkueensa otteisiin alkuminuuteista l\u00e4htien.<\/p>\n<p>&#8211; Hauska n\u00e4hd\u00e4 ottelun peli-ilo ja ett\u00e4 olimme &#8221;kent\u00e4ll\u00e4&#8221; heti ottelun alusta asti. Hyv\u00e4 peli pojilta t\u00e4n\u00e4\u00e4n!<\/p>\n<p>&#8211; Keskiviikkona on t\u00e4rke\u00e4 ottelu Urheilutalolla HIFK:ta vastaan. Emme ota matsista stressi\u00e4, mutta n\u00e4m\u00e4 pisteet olisi kyll\u00e4 mukava poimia mukaan joulutauolle, Nordling mietti.<\/p>\n<p>Marko Brezic PIF:n penkin p\u00e4\u00e4ss\u00e4 harmitteli avausjaksoa, jolloin ottelu k\u00e4yt\u00e4nn\u00f6ss\u00e4 jo karkasi paraislaisilta.<\/p>\n<p>&#8211; Tiesimme ett\u00e4 SIF on luonnollisesti ottelun suosikki ja Turkua vastaan k\u00e4rsim\u00e4mme odottamattoman tappion j\u00e4lkeen peli oli hapuilevaa. T\u00e4n\u00e4\u00e4n yritimme pysy\u00e4 paremmin ottelussa sis\u00e4ll\u00e4 ja onnistuimmekin siin\u00e4 osittain. Yritys kaatui kuitenkin taas ensimm\u00e4isen puoliajan peliin. Toisella puoliajalla saimme pelin ja pallon kulkemaan paremmin, Brezic arvioi.<\/p>\n<p>&#8211; Lopputulos oli odotettu koska SIF on parempi joukkue. Haluamme kuitenkin osoittaa ett\u00e4 pystymme maalintekoon ja toisen puoliajan suorituksen johdosta ole ylpe\u00e4 joukkueestani. Onnea SIF:lle voitosta.<\/p>\n<p>Vakuuttavimman pelaajan tittelin nappasi kent\u00e4n korkeimman maalim\u00e4\u00e4r\u00e4n heitt\u00e4nyt SIF:n Ott Varik.<\/p>\n<p>&#8211; T\u00e4n\u00e4\u00e4n oli hyv\u00e4 puolustus ja sen ansiosta tuli mukavasti nopeita vastahy\u00f6kk\u00e4yksi\u00e4. Sellaisesta tarjoilusta on vain laitettava pallot sis\u00e4\u00e4n, Varik muistutti.<\/p>\n<p><strong>SIF &#8211; PIF 39-27 (21-11)<\/strong><\/p>\n<p><strong>Maalintekij\u00e4t<\/strong><br \/>\nSIF: Ott Varik 10, Alexander von Numers 7, Gustav Svanb\u00e4ck 6, Sten Maasalu 6, Eduard Zakharov 5, Fredrik Karlsson 2, Carl Weurlander 1, Christoffer Thor 1, Atte Marjam\u00e4ki 1<br \/>\nPIF: Jane Jancev 9, Aleksa Veselinovic 5, Joel Tunturi 4, Daniel S\u00f6derlund 3, Milos Lojanicic 3, Robin Mattsson 1, Sebastian Fagerlund 1, Alfons Alexandersson 1<\/p>\n<p><strong>L\u00e4hiTapiola-t\u00e4htipelaajat<\/strong><br \/>\nOtt Varik SIF 3<br \/>\nGustav Svanb\u00e4ck SIF 2<br \/>\nJane Jancev PIF 1<\/p>\n<p><strong>2 min ulosajot sek\u00e4 pelist\u00e4 sulkemiset<\/strong><br \/>\nSIF: Alexander von Numers 2 x 2 min, Sten Maasalu 1 x 2 min<br \/>\nPIF: Aleksa Veselinovic 1 x 2 min, Sebastian Fagerlund 1 x 2 min<\/p>\n<p><em>Erotuomarit<\/em>: Tapani Kuri &#8211; Krister Illman<\/p>\n<p><em>Yleis\u00f6\u00e4<\/em>: 227<\/p>\n","protected":false},"excerpt":{"rendered":"<p>SIF otti vakuuttavasti kolme pistett\u00e4 lauantaisesta kotiottelustaan PIF:aa vastaan ja jatkaa ylemm\u00e4n jatkosarjan paikan mets\u00e4st\u00e4mist\u00e4. Siuntiolaiset latoivat ottelun alkuun nopeasti 3-0-johdon ja vaikka PIF roikkui mukana lukemiin 9-5, ottelu eteni is\u00e4ntien komennossa. Jakson puoliv\u00e4lin j\u00e4lkeen SIF:n lukemin 6-0 viem\u00e4 reilu viisiminuuttinen venytti eron jo kymmeneen maaliin ja komentoj\u00e4rjestys alkoi olla selv\u00e4. Tauon j\u00e4lkeen ero pysytteli [&hellip;]<\/p>\n","protected":false},"author":13,"featured_media":21894,"comment_status":"closed","ping_status":"closed","sticky":false,"template":"","format":"standard","meta":{"_acf_changed":false,"jetpack_post_was_ever_published":false,"_jetpack_newsletter_access":"","_jetpack_dont_email_post_to_subs":false,"_jetpack_newsletter_tier_id":0,"_jetpack_memberships_contains_paywalled_content":false,"_jetpack_memberships_contains_paid_content":false,"footnotes":""},"categories":[212],"tags":[98,111],"class_list":["post-21893","post","type-post","status-publish","format-standard","has-post-thumbnail","hentry","category-ottelut-2018-2019","tag-pif","tag-sif"],"acf":[],"yoast_head":"<!-- This site is optimized with the Yoast SEO plugin v27.4 - https:\/\/yoast.com\/product\/yoast-seo-wordpress\/ -->\n<title>SIF karkasi jo avausjaksolla PIF:lta | K\u00e4sipallon miesten Aktialiiga<\/title>\n<meta name=\"robots\" content=\"index, follow, max-snippet:-1, max-image-preview:large, max-video-preview:-1\" \/>\n<link rel=\"canonical\" href=\"https:\/\/aktialiiga.fi\/miehet\/2018-2019\/ottelut-2018-2019\/sif-karkasi-jo-avausjaksolla-piflta\/\" \/>\n<meta property=\"og:locale\" content=\"fi_FI\" \/>\n<meta property=\"og:type\" content=\"article\" \/>\n<meta property=\"og:title\" content=\"SIF karkasi jo avausjaksolla PIF:lta | K\u00e4sipallon miesten Aktialiiga\" \/>\n<meta property=\"og:description\" content=\"SIF otti vakuuttavasti kolme pistett\u00e4 lauantaisesta kotiottelustaan PIF:aa vastaan ja jatkaa ylemm\u00e4n jatkosarjan paikan mets\u00e4st\u00e4mist\u00e4. Siuntiolaiset latoivat ottelun alkuun nopeasti 3-0-johdon ja vaikka PIF roikkui mukana lukemiin 9-5, ottelu eteni is\u00e4ntien komennossa. Jakson puoliv\u00e4lin j\u00e4lkeen SIF:n lukemin 6-0 viem\u00e4 reilu viisiminuuttinen venytti eron jo kymmeneen maaliin ja komentoj\u00e4rjestys alkoi olla selv\u00e4. Tauon j\u00e4lkeen ero pysytteli [&hellip;]\" \/>\n<meta property=\"og:url\" content=\"https:\/\/aktialiiga.fi\/miehet\/2018-2019\/ottelut-2018-2019\/sif-karkasi-jo-avausjaksolla-piflta\/\" \/>\n<meta property=\"og:site_name\" content=\"K\u00e4sipallon miesten Aktialiiga\" \/>\n<meta property=\"article:publisher\" content=\"https:\/\/www.facebook.com\/finnhandball\" \/>\n<meta property=\"article:published_time\" content=\"2018-12-15T14:23:16+00:00\" \/>\n<meta property=\"article:modified_time\" content=\"2018-12-15T16:00:45+00:00\" \/>\n<meta property=\"og:image\" content=\"https:\/\/i0.wp.com\/aktialiiga.fi\/miehet\/wp-content\/uploads\/sites\/5\/2018\/12\/SIF_Varik_Ott_1819.jpg?fit=711%2C328&ssl=1\" \/>\n\t<meta property=\"og:image:width\" content=\"711\" \/>\n\t<meta property=\"og:image:height\" content=\"328\" \/>\n\t<meta property=\"og:image:type\" content=\"image\/jpeg\" \/>\n<meta name=\"author\" content=\"tbrmedia\" \/>\n<meta name=\"twitter:card\" content=\"summary_large_image\" \/>\n<meta name=\"twitter:creator\" content=\"@finnhandball\" \/>\n<meta name=\"twitter:site\" content=\"@finnhandball\" \/>\n<script type=\"application\/ld+json\" class=\"yoast-schema-graph\">{\"@context\":\"https:\\\/\\\/schema.org\",\"@graph\":[{\"@type\":\"Article\",\"@id\":\"https:\\\/\\\/aktialiiga.fi\\\/miehet\\\/2018-2019\\\/ottelut-2018-2019\\\/sif-karkasi-jo-avausjaksolla-piflta\\\/#article\",\"isPartOf\":{\"@id\":\"https:\\\/\\\/aktialiiga.fi\\\/miehet\\\/2018-2019\\\/ottelut-2018-2019\\\/sif-karkasi-jo-avausjaksolla-piflta\\\/\"},\"author\":{\"name\":\"tbrmedia\",\"@id\":\"https:\\\/\\\/aktialiiga.fi\\\/miehet\\\/#\\\/schema\\\/person\\\/c14bf42f47041db74603c45afcb18d87\"},\"headline\":\"SIF karkasi jo avausjaksolla PIF:lta\",\"datePublished\":\"2018-12-15T14:23:16+00:00\",\"dateModified\":\"2018-12-15T16:00:45+00:00\",\"mainEntityOfPage\":{\"@id\":\"https:\\\/\\\/aktialiiga.fi\\\/miehet\\\/2018-2019\\\/ottelut-2018-2019\\\/sif-karkasi-jo-avausjaksolla-piflta\\\/\"},\"wordCount\":391,\"publisher\":{\"@id\":\"https:\\\/\\\/aktialiiga.fi\\\/miehet\\\/#organization\"},\"image\":{\"@id\":\"https:\\\/\\\/aktialiiga.fi\\\/miehet\\\/2018-2019\\\/ottelut-2018-2019\\\/sif-karkasi-jo-avausjaksolla-piflta\\\/#primaryimage\"},\"thumbnailUrl\":\"https:\\\/\\\/i0.wp.com\\\/aktialiiga.fi\\\/miehet\\\/wp-content\\\/uploads\\\/sites\\\/5\\\/2018\\\/12\\\/SIF_Varik_Ott_1819.jpg?fit=711%2C328&ssl=1\",\"keywords\":[\"PIF\",\"SIF\"],\"articleSection\":[\"Ottelut\"],\"inLanguage\":\"fi\"},{\"@type\":\"WebPage\",\"@id\":\"https:\\\/\\\/aktialiiga.fi\\\/miehet\\\/2018-2019\\\/ottelut-2018-2019\\\/sif-karkasi-jo-avausjaksolla-piflta\\\/\",\"url\":\"https:\\\/\\\/aktialiiga.fi\\\/miehet\\\/2018-2019\\\/ottelut-2018-2019\\\/sif-karkasi-jo-avausjaksolla-piflta\\\/\",\"name\":\"SIF karkasi jo avausjaksolla PIF:lta | K\u00e4sipallon miesten Aktialiiga\",\"isPartOf\":{\"@id\":\"https:\\\/\\\/aktialiiga.fi\\\/miehet\\\/#website\"},\"primaryImageOfPage\":{\"@id\":\"https:\\\/\\\/aktialiiga.fi\\\/miehet\\\/2018-2019\\\/ottelut-2018-2019\\\/sif-karkasi-jo-avausjaksolla-piflta\\\/#primaryimage\"},\"image\":{\"@id\":\"https:\\\/\\\/aktialiiga.fi\\\/miehet\\\/2018-2019\\\/ottelut-2018-2019\\\/sif-karkasi-jo-avausjaksolla-piflta\\\/#primaryimage\"},\"thumbnailUrl\":\"https:\\\/\\\/i0.wp.com\\\/aktialiiga.fi\\\/miehet\\\/wp-content\\\/uploads\\\/sites\\\/5\\\/2018\\\/12\\\/SIF_Varik_Ott_1819.jpg?fit=711%2C328&ssl=1\",\"datePublished\":\"2018-12-15T14:23:16+00:00\",\"dateModified\":\"2018-12-15T16:00:45+00:00\",\"breadcrumb\":{\"@id\":\"https:\\\/\\\/aktialiiga.fi\\\/miehet\\\/2018-2019\\\/ottelut-2018-2019\\\/sif-karkasi-jo-avausjaksolla-piflta\\\/#breadcrumb\"},\"inLanguage\":\"fi\",\"potentialAction\":[{\"@type\":\"ReadAction\",\"target\":[\"https:\\\/\\\/aktialiiga.fi\\\/miehet\\\/2018-2019\\\/ottelut-2018-2019\\\/sif-karkasi-jo-avausjaksolla-piflta\\\/\"]}]},{\"@type\":\"ImageObject\",\"inLanguage\":\"fi\",\"@id\":\"https:\\\/\\\/aktialiiga.fi\\\/miehet\\\/2018-2019\\\/ottelut-2018-2019\\\/sif-karkasi-jo-avausjaksolla-piflta\\\/#primaryimage\",\"url\":\"https:\\\/\\\/i0.wp.com\\\/aktialiiga.fi\\\/miehet\\\/wp-content\\\/uploads\\\/sites\\\/5\\\/2018\\\/12\\\/SIF_Varik_Ott_1819.jpg?fit=711%2C328&ssl=1\",\"contentUrl\":\"https:\\\/\\\/i0.wp.com\\\/aktialiiga.fi\\\/miehet\\\/wp-content\\\/uploads\\\/sites\\\/5\\\/2018\\\/12\\\/SIF_Varik_Ott_1819.jpg?fit=711%2C328&ssl=1\",\"width\":711,\"height\":328},{\"@type\":\"BreadcrumbList\",\"@id\":\"https:\\\/\\\/aktialiiga.fi\\\/miehet\\\/2018-2019\\\/ottelut-2018-2019\\\/sif-karkasi-jo-avausjaksolla-piflta\\\/#breadcrumb\",\"itemListElement\":[{\"@type\":\"ListItem\",\"position\":1,\"name\":\"Etusivu\",\"item\":\"https:\\\/\\\/aktialiiga.fi\\\/miehet\\\/\"},{\"@type\":\"ListItem\",\"position\":2,\"name\":\"SIF karkasi jo avausjaksolla PIF:lta\"}]},{\"@type\":\"WebSite\",\"@id\":\"https:\\\/\\\/aktialiiga.fi\\\/miehet\\\/#website\",\"url\":\"https:\\\/\\\/aktialiiga.fi\\\/miehet\\\/\",\"name\":\"K\u00e4sipallon miesten Aktialiiga\",\"description\":\"Valtakunnan vauhdikkainta palloilua!\",\"publisher\":{\"@id\":\"https:\\\/\\\/aktialiiga.fi\\\/miehet\\\/#organization\"},\"potentialAction\":[{\"@type\":\"SearchAction\",\"target\":{\"@type\":\"EntryPoint\",\"urlTemplate\":\"https:\\\/\\\/aktialiiga.fi\\\/miehet\\\/?s={search_term_string}\"},\"query-input\":{\"@type\":\"PropertyValueSpecification\",\"valueRequired\":true,\"valueName\":\"search_term_string\"}}],\"inLanguage\":\"fi\"},{\"@type\":\"Organization\",\"@id\":\"https:\\\/\\\/aktialiiga.fi\\\/miehet\\\/#organization\",\"name\":\"K\u00e4sipallon miesten Aktialiiga\",\"url\":\"https:\\\/\\\/aktialiiga.fi\\\/miehet\\\/\",\"logo\":{\"@type\":\"ImageObject\",\"inLanguage\":\"fi\",\"@id\":\"https:\\\/\\\/aktialiiga.fi\\\/miehet\\\/#\\\/schema\\\/logo\\\/image\\\/\",\"url\":\"https:\\\/\\\/i0.wp.com\\\/aktialiiga.fi\\\/miehet\\\/wp-content\\\/uploads\\\/sites\\\/5\\\/2024\\\/09\\\/Aktialiiga-Yoast-512.png?fit=512%2C512&ssl=1\",\"contentUrl\":\"https:\\\/\\\/i0.wp.com\\\/aktialiiga.fi\\\/miehet\\\/wp-content\\\/uploads\\\/sites\\\/5\\\/2024\\\/09\\\/Aktialiiga-Yoast-512.png?fit=512%2C512&ssl=1\",\"width\":512,\"height\":512,\"caption\":\"K\u00e4sipallon miesten Aktialiiga\"},\"image\":{\"@id\":\"https:\\\/\\\/aktialiiga.fi\\\/miehet\\\/#\\\/schema\\\/logo\\\/image\\\/\"},\"sameAs\":[\"https:\\\/\\\/www.facebook.com\\\/finnhandball\",\"https:\\\/\\\/x.com\\\/finnhandball\",\"https:\\\/\\\/www.instagram.com\\\/handballfinland\\\/\"]},{\"@type\":\"Person\",\"@id\":\"https:\\\/\\\/aktialiiga.fi\\\/miehet\\\/#\\\/schema\\\/person\\\/c14bf42f47041db74603c45afcb18d87\",\"name\":\"tbrmedia\",\"image\":{\"@type\":\"ImageObject\",\"inLanguage\":\"fi\",\"@id\":\"https:\\\/\\\/secure.gravatar.com\\\/avatar\\\/ee975fa091fe581d12b60debb3439022686618368a7c142044c56724d4666b16?s=96&d=mm&r=g\",\"url\":\"https:\\\/\\\/secure.gravatar.com\\\/avatar\\\/ee975fa091fe581d12b60debb3439022686618368a7c142044c56724d4666b16?s=96&d=mm&r=g\",\"contentUrl\":\"https:\\\/\\\/secure.gravatar.com\\\/avatar\\\/ee975fa091fe581d12b60debb3439022686618368a7c142044c56724d4666b16?s=96&d=mm&r=g\",\"caption\":\"tbrmedia\"}}]}<\/script>\n<!-- \/ Yoast SEO plugin. -->","yoast_head_json":{"title":"SIF karkasi jo avausjaksolla PIF:lta | K\u00e4sipallon miesten Aktialiiga","robots":{"index":"index","follow":"follow","max-snippet":"max-snippet:-1","max-image-preview":"max-image-preview:large","max-video-preview":"max-video-preview:-1"},"canonical":"https:\/\/aktialiiga.fi\/miehet\/2018-2019\/ottelut-2018-2019\/sif-karkasi-jo-avausjaksolla-piflta\/","og_locale":"fi_FI","og_type":"article","og_title":"SIF karkasi jo avausjaksolla PIF:lta | K\u00e4sipallon miesten Aktialiiga","og_description":"SIF otti vakuuttavasti kolme pistett\u00e4 lauantaisesta kotiottelustaan PIF:aa vastaan ja jatkaa ylemm\u00e4n jatkosarjan paikan mets\u00e4st\u00e4mist\u00e4. Siuntiolaiset latoivat ottelun alkuun nopeasti 3-0-johdon ja vaikka PIF roikkui mukana lukemiin 9-5, ottelu eteni is\u00e4ntien komennossa. Jakson puoliv\u00e4lin j\u00e4lkeen SIF:n lukemin 6-0 viem\u00e4 reilu viisiminuuttinen venytti eron jo kymmeneen maaliin ja komentoj\u00e4rjestys alkoi olla selv\u00e4. Tauon j\u00e4lkeen ero pysytteli [&hellip;]","og_url":"https:\/\/aktialiiga.fi\/miehet\/2018-2019\/ottelut-2018-2019\/sif-karkasi-jo-avausjaksolla-piflta\/","og_site_name":"K\u00e4sipallon miesten Aktialiiga","article_publisher":"https:\/\/www.facebook.com\/finnhandball","article_published_time":"2018-12-15T14:23:16+00:00","article_modified_time":"2018-12-15T16:00:45+00:00","og_image":[{"width":711,"height":328,"url":"https:\/\/i0.wp.com\/aktialiiga.fi\/miehet\/wp-content\/uploads\/sites\/5\/2018\/12\/SIF_Varik_Ott_1819.jpg?fit=711%2C328&ssl=1","type":"image\/jpeg"}],"author":"tbrmedia","twitter_card":"summary_large_image","twitter_creator":"@finnhandball","twitter_site":"@finnhandball","schema":{"@context":"https:\/\/schema.org","@graph":[{"@type":"Article","@id":"https:\/\/aktialiiga.fi\/miehet\/2018-2019\/ottelut-2018-2019\/sif-karkasi-jo-avausjaksolla-piflta\/#article","isPartOf":{"@id":"https:\/\/aktialiiga.fi\/miehet\/2018-2019\/ottelut-2018-2019\/sif-karkasi-jo-avausjaksolla-piflta\/"},"author":{"name":"tbrmedia","@id":"https:\/\/aktialiiga.fi\/miehet\/#\/schema\/person\/c14bf42f47041db74603c45afcb18d87"},"headline":"SIF karkasi jo avausjaksolla PIF:lta","datePublished":"2018-12-15T14:23:16+00:00","dateModified":"2018-12-15T16:00:45+00:00","mainEntityOfPage":{"@id":"https:\/\/aktialiiga.fi\/miehet\/2018-2019\/ottelut-2018-2019\/sif-karkasi-jo-avausjaksolla-piflta\/"},"wordCount":391,"publisher":{"@id":"https:\/\/aktialiiga.fi\/miehet\/#organization"},"image":{"@id":"https:\/\/aktialiiga.fi\/miehet\/2018-2019\/ottelut-2018-2019\/sif-karkasi-jo-avausjaksolla-piflta\/#primaryimage"},"thumbnailUrl":"https:\/\/i0.wp.com\/aktialiiga.fi\/miehet\/wp-content\/uploads\/sites\/5\/2018\/12\/SIF_Varik_Ott_1819.jpg?fit=711%2C328&ssl=1","keywords":["PIF","SIF"],"articleSection":["Ottelut"],"inLanguage":"fi"},{"@type":"WebPage","@id":"https:\/\/aktialiiga.fi\/miehet\/2018-2019\/ottelut-2018-2019\/sif-karkasi-jo-avausjaksolla-piflta\/","url":"https:\/\/aktialiiga.fi\/miehet\/2018-2019\/ottelut-2018-2019\/sif-karkasi-jo-avausjaksolla-piflta\/","name":"SIF karkasi jo avausjaksolla PIF:lta | K\u00e4sipallon miesten Aktialiiga","isPartOf":{"@id":"https:\/\/aktialiiga.fi\/miehet\/#website"},"primaryImageOfPage":{"@id":"https:\/\/aktialiiga.fi\/miehet\/2018-2019\/ottelut-2018-2019\/sif-karkasi-jo-avausjaksolla-piflta\/#primaryimage"},"image":{"@id":"https:\/\/aktialiiga.fi\/miehet\/2018-2019\/ottelut-2018-2019\/sif-karkasi-jo-avausjaksolla-piflta\/#primaryimage"},"thumbnailUrl":"https:\/\/i0.wp.com\/aktialiiga.fi\/miehet\/wp-content\/uploads\/sites\/5\/2018\/12\/SIF_Varik_Ott_1819.jpg?fit=711%2C328&ssl=1","datePublished":"2018-12-15T14:23:16+00:00","dateModified":"2018-12-15T16:00:45+00:00","breadcrumb":{"@id":"https:\/\/aktialiiga.fi\/miehet\/2018-2019\/ottelut-2018-2019\/sif-karkasi-jo-avausjaksolla-piflta\/#breadcrumb"},"inLanguage":"fi","potentialAction":[{"@type":"ReadAction","target":["https:\/\/aktialiiga.fi\/miehet\/2018-2019\/ottelut-2018-2019\/sif-karkasi-jo-avausjaksolla-piflta\/"]}]},{"@type":"ImageObject","inLanguage":"fi","@id":"https:\/\/aktialiiga.fi\/miehet\/2018-2019\/ottelut-2018-2019\/sif-karkasi-jo-avausjaksolla-piflta\/#primaryimage","url":"https:\/\/i0.wp.com\/aktialiiga.fi\/miehet\/wp-content\/uploads\/sites\/5\/2018\/12\/SIF_Varik_Ott_1819.jpg?fit=711%2C328&ssl=1","contentUrl":"https:\/\/i0.wp.com\/aktialiiga.fi\/miehet\/wp-content\/uploads\/sites\/5\/2018\/12\/SIF_Varik_Ott_1819.jpg?fit=711%2C328&ssl=1","width":711,"height":328},{"@type":"BreadcrumbList","@id":"https:\/\/aktialiiga.fi\/miehet\/2018-2019\/ottelut-2018-2019\/sif-karkasi-jo-avausjaksolla-piflta\/#breadcrumb","itemListElement":[{"@type":"ListItem","position":1,"name":"Etusivu","item":"https:\/\/aktialiiga.fi\/miehet\/"},{"@type":"ListItem","position":2,"name":"SIF karkasi jo avausjaksolla PIF:lta"}]},{"@type":"WebSite","@id":"https:\/\/aktialiiga.fi\/miehet\/#website","url":"https:\/\/aktialiiga.fi\/miehet\/","name":"K\u00e4sipallon miesten Aktialiiga","description":"Valtakunnan vauhdikkainta palloilua!","publisher":{"@id":"https:\/\/aktialiiga.fi\/miehet\/#organization"},"potentialAction":[{"@type":"SearchAction","target":{"@type":"EntryPoint","urlTemplate":"https:\/\/aktialiiga.fi\/miehet\/?s={search_term_string}"},"query-input":{"@type":"PropertyValueSpecification","valueRequired":true,"valueName":"search_term_string"}}],"inLanguage":"fi"},{"@type":"Organization","@id":"https:\/\/aktialiiga.fi\/miehet\/#organization","name":"K\u00e4sipallon miesten Aktialiiga","url":"https:\/\/aktialiiga.fi\/miehet\/","logo":{"@type":"ImageObject","inLanguage":"fi","@id":"https:\/\/aktialiiga.fi\/miehet\/#\/schema\/logo\/image\/","url":"https:\/\/i0.wp.com\/aktialiiga.fi\/miehet\/wp-content\/uploads\/sites\/5\/2024\/09\/Aktialiiga-Yoast-512.png?fit=512%2C512&ssl=1","contentUrl":"https:\/\/i0.wp.com\/aktialiiga.fi\/miehet\/wp-content\/uploads\/sites\/5\/2024\/09\/Aktialiiga-Yoast-512.png?fit=512%2C512&ssl=1","width":512,"height":512,"caption":"K\u00e4sipallon miesten Aktialiiga"},"image":{"@id":"https:\/\/aktialiiga.fi\/miehet\/#\/schema\/logo\/image\/"},"sameAs":["https:\/\/www.facebook.com\/finnhandball","https:\/\/x.com\/finnhandball","https:\/\/www.instagram.com\/handballfinland\/"]},{"@type":"Person","@id":"https:\/\/aktialiiga.fi\/miehet\/#\/schema\/person\/c14bf42f47041db74603c45afcb18d87","name":"tbrmedia","image":{"@type":"ImageObject","inLanguage":"fi","@id":"https:\/\/secure.gravatar.com\/avatar\/ee975fa091fe581d12b60debb3439022686618368a7c142044c56724d4666b16?s=96&d=mm&r=g","url":"https:\/\/secure.gravatar.com\/avatar\/ee975fa091fe581d12b60debb3439022686618368a7c142044c56724d4666b16?s=96&d=mm&r=g","contentUrl":"https:\/\/secure.gravatar.com\/avatar\/ee975fa091fe581d12b60debb3439022686618368a7c142044c56724d4666b16?s=96&d=mm&r=g","caption":"tbrmedia"}}]}},"jetpack_featured_media_url":"https:\/\/i0.wp.com\/aktialiiga.fi\/miehet\/wp-content\/uploads\/sites\/5\/2018\/12\/SIF_Varik_Ott_1819.jpg?fit=711%2C328&ssl=1","jetpack_sharing_enabled":true,"jetpack_shortlink":"https:\/\/wp.me\/pfTxOr-5H7","_links":{"self":[{"href":"https:\/\/aktialiiga.fi\/miehet\/wp-json\/wp\/v2\/posts\/21893","targetHints":{"allow":["GET"]}}],"collection":[{"href":"https:\/\/aktialiiga.fi\/miehet\/wp-json\/wp\/v2\/posts"}],"about":[{"href":"https:\/\/aktialiiga.fi\/miehet\/wp-json\/wp\/v2\/types\/post"}],"author":[{"embeddable":true,"href":"https:\/\/aktialiiga.fi\/miehet\/wp-json\/wp\/v2\/users\/13"}],"replies":[{"embeddable":true,"href":"https:\/\/aktialiiga.fi\/miehet\/wp-json\/wp\/v2\/comments?post=21893"}],"version-history":[{"count":0,"href":"https:\/\/aktialiiga.fi\/miehet\/wp-json\/wp\/v2\/posts\/21893\/revisions"}],"wp:featuredmedia":[{"embeddable":true,"href":"https:\/\/aktialiiga.fi\/miehet\/wp-json\/wp\/v2\/media\/21894"}],"wp:attachment":[{"href":"https:\/\/aktialiiga.fi\/miehet\/wp-json\/wp\/v2\/media?parent=21893"}],"wp:term":[{"taxonomy":"category","embeddable":true,"href":"https:\/\/aktialiiga.fi\/miehet\/wp-json\/wp\/v2\/categories?post=21893"},{"taxonomy":"post_tag","embeddable":true,"href":"https:\/\/aktialiiga.fi\/miehet\/wp-json\/wp\/v2\/tags?post=21893"}],"curies":[{"name":"wp","href":"https:\/\/api.w.org\/{rel}","templated":true}]}}