{"id":21990,"date":"2019-01-12T16:51:42","date_gmt":"2019-01-12T14:51:42","guid":{"rendered":"https:\/\/aktialiiga.fi\/miehet\/?p=21990"},"modified":"2019-01-12T19:36:23","modified_gmt":"2019-01-12T17:36:23","slug":"grifk-puristi-voiton-sifsta","status":"publish","type":"post","link":"https:\/\/aktialiiga.fi\/miehet\/2018-2019\/ottelut-2018-2019\/grifk-puristi-voiton-sifsta\/","title":{"rendered":"GrIFK puristi voiton SIF:sta"},"content":{"rendered":"<p>GrIFK vankisti asemiaan k\u00e4rkikvartetin haastajana haettuaan lauantaina vierasvoiton SIF:sta.<\/p>\n<p>Ottelun alku oli eritt\u00e4in tasainen ja jatkui samoissa merkeiss\u00e4 aina lukemiin 7-7 saakka. Avausjakson loppupuoli mentiin kuitenkin vierailija Granin merkeiss\u00e4 ja ero oli ensimm\u00e4isen 30-minuuttisen j\u00e4lkeen ven\u00e4ht\u00e4nyt jo viiteen maaliin.<\/p>\n<p>Granin vahva veto jatkui tauon j\u00e4lkeen ja vierasjohto oli toisen jakson puoliv\u00e4liss\u00e4 jo 11 maalia. SIF tuli lopun kuitenkin vahvasti, mutta ei en\u00e4\u00e4 ehtinyt toden teolla nousta voittokamppailuun, vaikka ero kaventui nelj\u00e4\u00e4n maaliin.<\/p>\n<p>SIF:n p\u00e4\u00e4valmentaja Teddy Nordling ei ottelun j\u00e4lkeen l\u00e4htenyt kiertelem\u00e4\u00e4n arviossaan.<\/p>\n<p>&#8211; Grani oli selv\u00e4sti parempi, loppulukemat ovat imartelevat meille, Nordling paukutti.<\/p>\n<p>GrIFK-luotsi Kaj Hagman viittasi my\u00f6s ottelun loppuun, mutta kokonaisuus tyydytti.<\/p>\n<p>&#8211; Hyv\u00e4\u00e4 peli\u00e4 45 minuuttia, vaikka alku olikin kankea. Peli paranee koko ajan ja odotamme ett\u00e4 saamme Samin [Silfver] t\u00e4ysin pelikuntoiseksi ja [Anthony] Hellakosken mukaan kokoonpanoon.<\/p>\n<p>Vakuuttavimman pelaajan tittelin ottelussa nappasi Granin maalivahti Albert Georgs, joka pitk\u00e4lti kertasi Hagmanin arviota.<\/p>\n<p>&#8211; Aloitimme ottelun hieman kankeasti, mutta sitten saamme latauksen kohdilleen ja p\u00e4\u00e4simme sis\u00e4\u00e4n otteluun. Kokonaisuutena hyv\u00e4\u00e4 peli\u00e4 45 minuuttia, mutta sitten rentouduimme ehk\u00e4 hieman liikaa. Kokonaisuutena saamme olla tyytyv\u00e4isi\u00e4 loppunumeroihin, Georgs summasi.<\/p>\n<p><strong>SIF \u2013 GrIFK 22-26 (10-15)<\/strong><\/p>\n<p><strong>Maalintekij\u00e4t<\/strong><br \/>\nSIF: Atte Marjam\u00e4ki 6, Vincent Voutilainen 4, Sten Maasalu 4, Gustav Svanb\u00e4ck 3, Carl Weurlander 2, Eduard Zakharov 1, Edvin Voutilainen 1, Ott Varik 1<br \/>\nGrIFK: Sami Silfver 5, Jonathan Berg 5, Anton Karlsson 4, Patrik L\u00e5ng 3, Patrik Johanson 3, Jasper Hellberg 3, Alexander L\u00e5ng 1, Miro Koljonen 1, Jere Kantee 1<\/p>\n<p><strong>L\u00e4hiTapiola-t\u00e4htipelaajat<\/strong><br \/>\nAlbert Georgs GrIFK 3<br \/>\nJonathan Berg GrIFK 2<br \/>\nAnton Karlsson GrIFK 1<\/p>\n<p><strong>2 min ulosajot sek\u00e4 pelist\u00e4 sulkemiset<\/strong><br \/>\nSIF: Eduard Zakharov 1 x 2 min, Edvin Voutilainen 1 x 2 min, Gustav Svanb\u00e4ck 1 x 2 min, Sten Maasalu 1 x 2 min<br \/>\nGrIFK: Jonathan Berg 1 x 2 min, Patrik L\u00e5ng 1 x 2 min<\/p>\n<p><em>Erotuomarit<\/em>: Tapani Kuri &#8211; Krister Illman<\/p>\n<p><em>Yleis\u00f6\u00e4<\/em>: 284<\/p>\n","protected":false},"excerpt":{"rendered":"<p>GrIFK vankisti asemiaan k\u00e4rkikvartetin haastajana haettuaan lauantaina vierasvoiton SIF:sta. Ottelun alku oli eritt\u00e4in tasainen ja jatkui samoissa merkeiss\u00e4 aina lukemiin 7-7 saakka. Avausjakson loppupuoli mentiin kuitenkin vierailija Granin merkeiss\u00e4 ja ero oli ensimm\u00e4isen 30-minuuttisen j\u00e4lkeen ven\u00e4ht\u00e4nyt jo viiteen maaliin. Granin vahva veto jatkui tauon j\u00e4lkeen ja vierasjohto oli toisen jakson puoliv\u00e4liss\u00e4 jo 11 maalia. SIF [&hellip;]<\/p>\n","protected":false},"author":13,"featured_media":21438,"comment_status":"closed","ping_status":"closed","sticky":false,"template":"","format":"standard","meta":{"_acf_changed":false,"jetpack_post_was_ever_published":false,"_jetpack_newsletter_access":"","_jetpack_dont_email_post_to_subs":false,"_jetpack_newsletter_tier_id":0,"_jetpack_memberships_contains_paywalled_content":false,"_jetpack_memberships_contains_paid_content":false,"footnotes":""},"categories":[212],"tags":[64,111],"class_list":["post-21990","post","type-post","status-publish","format-standard","has-post-thumbnail","hentry","category-ottelut-2018-2019","tag-grifk","tag-sif"],"acf":[],"yoast_head":"<!-- This site is optimized with the Yoast SEO plugin v27.5 - https:\/\/yoast.com\/product\/yoast-seo-wordpress\/ -->\n<title>GrIFK puristi voiton SIF:sta | K\u00e4sipallon miesten Aktialiiga<\/title>\n<meta name=\"robots\" content=\"index, follow, max-snippet:-1, max-image-preview:large, max-video-preview:-1\" \/>\n<link rel=\"canonical\" href=\"https:\/\/aktialiiga.fi\/miehet\/2018-2019\/ottelut-2018-2019\/grifk-puristi-voiton-sifsta\/\" \/>\n<meta property=\"og:locale\" content=\"fi_FI\" \/>\n<meta property=\"og:type\" content=\"article\" \/>\n<meta property=\"og:title\" content=\"GrIFK puristi voiton SIF:sta | K\u00e4sipallon miesten Aktialiiga\" \/>\n<meta property=\"og:description\" content=\"GrIFK vankisti asemiaan k\u00e4rkikvartetin haastajana haettuaan lauantaina vierasvoiton SIF:sta. Ottelun alku oli eritt\u00e4in tasainen ja jatkui samoissa merkeiss\u00e4 aina lukemiin 7-7 saakka. Avausjakson loppupuoli mentiin kuitenkin vierailija Granin merkeiss\u00e4 ja ero oli ensimm\u00e4isen 30-minuuttisen j\u00e4lkeen ven\u00e4ht\u00e4nyt jo viiteen maaliin. Granin vahva veto jatkui tauon j\u00e4lkeen ja vierasjohto oli toisen jakson puoliv\u00e4liss\u00e4 jo 11 maalia. SIF [&hellip;]\" \/>\n<meta property=\"og:url\" content=\"https:\/\/aktialiiga.fi\/miehet\/2018-2019\/ottelut-2018-2019\/grifk-puristi-voiton-sifsta\/\" \/>\n<meta property=\"og:site_name\" content=\"K\u00e4sipallon miesten Aktialiiga\" \/>\n<meta property=\"article:publisher\" content=\"https:\/\/www.facebook.com\/finnhandball\" \/>\n<meta property=\"article:published_time\" content=\"2019-01-12T14:51:42+00:00\" \/>\n<meta property=\"article:modified_time\" content=\"2019-01-12T17:36:23+00:00\" \/>\n<meta property=\"og:image\" content=\"https:\/\/i0.wp.com\/aktialiiga.fi\/miehet\/wp-content\/uploads\/sites\/5\/2018\/11\/koljonen_miro_grifk_18-19.jpg?fit=711%2C320&ssl=1\" \/>\n\t<meta property=\"og:image:width\" content=\"711\" \/>\n\t<meta property=\"og:image:height\" content=\"320\" \/>\n\t<meta property=\"og:image:type\" content=\"image\/jpeg\" \/>\n<meta name=\"author\" content=\"tbrmedia\" \/>\n<meta name=\"twitter:card\" content=\"summary_large_image\" \/>\n<meta name=\"twitter:creator\" content=\"@finnhandball\" \/>\n<meta name=\"twitter:site\" content=\"@finnhandball\" \/>\n<script type=\"application\/ld+json\" class=\"yoast-schema-graph\">{\"@context\":\"https:\\\/\\\/schema.org\",\"@graph\":[{\"@type\":\"Article\",\"@id\":\"https:\\\/\\\/aktialiiga.fi\\\/miehet\\\/2018-2019\\\/ottelut-2018-2019\\\/grifk-puristi-voiton-sifsta\\\/#article\",\"isPartOf\":{\"@id\":\"https:\\\/\\\/aktialiiga.fi\\\/miehet\\\/2018-2019\\\/ottelut-2018-2019\\\/grifk-puristi-voiton-sifsta\\\/\"},\"author\":{\"name\":\"tbrmedia\",\"@id\":\"https:\\\/\\\/aktialiiga.fi\\\/miehet\\\/#\\\/schema\\\/person\\\/c14bf42f47041db74603c45afcb18d87\"},\"headline\":\"GrIFK puristi voiton SIF:sta\",\"datePublished\":\"2019-01-12T14:51:42+00:00\",\"dateModified\":\"2019-01-12T17:36:23+00:00\",\"mainEntityOfPage\":{\"@id\":\"https:\\\/\\\/aktialiiga.fi\\\/miehet\\\/2018-2019\\\/ottelut-2018-2019\\\/grifk-puristi-voiton-sifsta\\\/\"},\"wordCount\":297,\"publisher\":{\"@id\":\"https:\\\/\\\/aktialiiga.fi\\\/miehet\\\/#organization\"},\"image\":{\"@id\":\"https:\\\/\\\/aktialiiga.fi\\\/miehet\\\/2018-2019\\\/ottelut-2018-2019\\\/grifk-puristi-voiton-sifsta\\\/#primaryimage\"},\"thumbnailUrl\":\"https:\\\/\\\/i0.wp.com\\\/aktialiiga.fi\\\/miehet\\\/wp-content\\\/uploads\\\/sites\\\/5\\\/2018\\\/11\\\/koljonen_miro_grifk_18-19.jpg?fit=711%2C320&ssl=1\",\"keywords\":[\"GrIFK\",\"SIF\"],\"articleSection\":[\"Ottelut\"],\"inLanguage\":\"fi\"},{\"@type\":\"WebPage\",\"@id\":\"https:\\\/\\\/aktialiiga.fi\\\/miehet\\\/2018-2019\\\/ottelut-2018-2019\\\/grifk-puristi-voiton-sifsta\\\/\",\"url\":\"https:\\\/\\\/aktialiiga.fi\\\/miehet\\\/2018-2019\\\/ottelut-2018-2019\\\/grifk-puristi-voiton-sifsta\\\/\",\"name\":\"GrIFK puristi voiton SIF:sta | K\u00e4sipallon miesten Aktialiiga\",\"isPartOf\":{\"@id\":\"https:\\\/\\\/aktialiiga.fi\\\/miehet\\\/#website\"},\"primaryImageOfPage\":{\"@id\":\"https:\\\/\\\/aktialiiga.fi\\\/miehet\\\/2018-2019\\\/ottelut-2018-2019\\\/grifk-puristi-voiton-sifsta\\\/#primaryimage\"},\"image\":{\"@id\":\"https:\\\/\\\/aktialiiga.fi\\\/miehet\\\/2018-2019\\\/ottelut-2018-2019\\\/grifk-puristi-voiton-sifsta\\\/#primaryimage\"},\"thumbnailUrl\":\"https:\\\/\\\/i0.wp.com\\\/aktialiiga.fi\\\/miehet\\\/wp-content\\\/uploads\\\/sites\\\/5\\\/2018\\\/11\\\/koljonen_miro_grifk_18-19.jpg?fit=711%2C320&ssl=1\",\"datePublished\":\"2019-01-12T14:51:42+00:00\",\"dateModified\":\"2019-01-12T17:36:23+00:00\",\"breadcrumb\":{\"@id\":\"https:\\\/\\\/aktialiiga.fi\\\/miehet\\\/2018-2019\\\/ottelut-2018-2019\\\/grifk-puristi-voiton-sifsta\\\/#breadcrumb\"},\"inLanguage\":\"fi\",\"potentialAction\":[{\"@type\":\"ReadAction\",\"target\":[\"https:\\\/\\\/aktialiiga.fi\\\/miehet\\\/2018-2019\\\/ottelut-2018-2019\\\/grifk-puristi-voiton-sifsta\\\/\"]}]},{\"@type\":\"ImageObject\",\"inLanguage\":\"fi\",\"@id\":\"https:\\\/\\\/aktialiiga.fi\\\/miehet\\\/2018-2019\\\/ottelut-2018-2019\\\/grifk-puristi-voiton-sifsta\\\/#primaryimage\",\"url\":\"https:\\\/\\\/i0.wp.com\\\/aktialiiga.fi\\\/miehet\\\/wp-content\\\/uploads\\\/sites\\\/5\\\/2018\\\/11\\\/koljonen_miro_grifk_18-19.jpg?fit=711%2C320&ssl=1\",\"contentUrl\":\"https:\\\/\\\/i0.wp.com\\\/aktialiiga.fi\\\/miehet\\\/wp-content\\\/uploads\\\/sites\\\/5\\\/2018\\\/11\\\/koljonen_miro_grifk_18-19.jpg?fit=711%2C320&ssl=1\",\"width\":711,\"height\":320},{\"@type\":\"BreadcrumbList\",\"@id\":\"https:\\\/\\\/aktialiiga.fi\\\/miehet\\\/2018-2019\\\/ottelut-2018-2019\\\/grifk-puristi-voiton-sifsta\\\/#breadcrumb\",\"itemListElement\":[{\"@type\":\"ListItem\",\"position\":1,\"name\":\"Etusivu\",\"item\":\"https:\\\/\\\/aktialiiga.fi\\\/miehet\\\/\"},{\"@type\":\"ListItem\",\"position\":2,\"name\":\"GrIFK puristi voiton SIF:sta\"}]},{\"@type\":\"WebSite\",\"@id\":\"https:\\\/\\\/aktialiiga.fi\\\/miehet\\\/#website\",\"url\":\"https:\\\/\\\/aktialiiga.fi\\\/miehet\\\/\",\"name\":\"K\u00e4sipallon miesten Aktialiiga\",\"description\":\"Valtakunnan vauhdikkainta palloilua!\",\"publisher\":{\"@id\":\"https:\\\/\\\/aktialiiga.fi\\\/miehet\\\/#organization\"},\"potentialAction\":[{\"@type\":\"SearchAction\",\"target\":{\"@type\":\"EntryPoint\",\"urlTemplate\":\"https:\\\/\\\/aktialiiga.fi\\\/miehet\\\/?s={search_term_string}\"},\"query-input\":{\"@type\":\"PropertyValueSpecification\",\"valueRequired\":true,\"valueName\":\"search_term_string\"}}],\"inLanguage\":\"fi\"},{\"@type\":\"Organization\",\"@id\":\"https:\\\/\\\/aktialiiga.fi\\\/miehet\\\/#organization\",\"name\":\"K\u00e4sipallon miesten Aktialiiga\",\"url\":\"https:\\\/\\\/aktialiiga.fi\\\/miehet\\\/\",\"logo\":{\"@type\":\"ImageObject\",\"inLanguage\":\"fi\",\"@id\":\"https:\\\/\\\/aktialiiga.fi\\\/miehet\\\/#\\\/schema\\\/logo\\\/image\\\/\",\"url\":\"https:\\\/\\\/i0.wp.com\\\/aktialiiga.fi\\\/miehet\\\/wp-content\\\/uploads\\\/sites\\\/5\\\/2024\\\/09\\\/Aktialiiga-Yoast-512.png?fit=512%2C512&ssl=1\",\"contentUrl\":\"https:\\\/\\\/i0.wp.com\\\/aktialiiga.fi\\\/miehet\\\/wp-content\\\/uploads\\\/sites\\\/5\\\/2024\\\/09\\\/Aktialiiga-Yoast-512.png?fit=512%2C512&ssl=1\",\"width\":512,\"height\":512,\"caption\":\"K\u00e4sipallon miesten Aktialiiga\"},\"image\":{\"@id\":\"https:\\\/\\\/aktialiiga.fi\\\/miehet\\\/#\\\/schema\\\/logo\\\/image\\\/\"},\"sameAs\":[\"https:\\\/\\\/www.facebook.com\\\/finnhandball\",\"https:\\\/\\\/x.com\\\/finnhandball\",\"https:\\\/\\\/www.instagram.com\\\/handballfinland\\\/\"]},{\"@type\":\"Person\",\"@id\":\"https:\\\/\\\/aktialiiga.fi\\\/miehet\\\/#\\\/schema\\\/person\\\/c14bf42f47041db74603c45afcb18d87\",\"name\":\"tbrmedia\",\"image\":{\"@type\":\"ImageObject\",\"inLanguage\":\"fi\",\"@id\":\"https:\\\/\\\/secure.gravatar.com\\\/avatar\\\/ee975fa091fe581d12b60debb3439022686618368a7c142044c56724d4666b16?s=96&d=mm&r=g\",\"url\":\"https:\\\/\\\/secure.gravatar.com\\\/avatar\\\/ee975fa091fe581d12b60debb3439022686618368a7c142044c56724d4666b16?s=96&d=mm&r=g\",\"contentUrl\":\"https:\\\/\\\/secure.gravatar.com\\\/avatar\\\/ee975fa091fe581d12b60debb3439022686618368a7c142044c56724d4666b16?s=96&d=mm&r=g\",\"caption\":\"tbrmedia\"}}]}<\/script>\n<!-- \/ Yoast SEO plugin. -->","yoast_head_json":{"title":"GrIFK puristi voiton SIF:sta | K\u00e4sipallon miesten Aktialiiga","robots":{"index":"index","follow":"follow","max-snippet":"max-snippet:-1","max-image-preview":"max-image-preview:large","max-video-preview":"max-video-preview:-1"},"canonical":"https:\/\/aktialiiga.fi\/miehet\/2018-2019\/ottelut-2018-2019\/grifk-puristi-voiton-sifsta\/","og_locale":"fi_FI","og_type":"article","og_title":"GrIFK puristi voiton SIF:sta | K\u00e4sipallon miesten Aktialiiga","og_description":"GrIFK vankisti asemiaan k\u00e4rkikvartetin haastajana haettuaan lauantaina vierasvoiton SIF:sta. Ottelun alku oli eritt\u00e4in tasainen ja jatkui samoissa merkeiss\u00e4 aina lukemiin 7-7 saakka. Avausjakson loppupuoli mentiin kuitenkin vierailija Granin merkeiss\u00e4 ja ero oli ensimm\u00e4isen 30-minuuttisen j\u00e4lkeen ven\u00e4ht\u00e4nyt jo viiteen maaliin. Granin vahva veto jatkui tauon j\u00e4lkeen ja vierasjohto oli toisen jakson puoliv\u00e4liss\u00e4 jo 11 maalia. SIF [&hellip;]","og_url":"https:\/\/aktialiiga.fi\/miehet\/2018-2019\/ottelut-2018-2019\/grifk-puristi-voiton-sifsta\/","og_site_name":"K\u00e4sipallon miesten Aktialiiga","article_publisher":"https:\/\/www.facebook.com\/finnhandball","article_published_time":"2019-01-12T14:51:42+00:00","article_modified_time":"2019-01-12T17:36:23+00:00","og_image":[{"width":711,"height":320,"url":"https:\/\/i0.wp.com\/aktialiiga.fi\/miehet\/wp-content\/uploads\/sites\/5\/2018\/11\/koljonen_miro_grifk_18-19.jpg?fit=711%2C320&ssl=1","type":"image\/jpeg"}],"author":"tbrmedia","twitter_card":"summary_large_image","twitter_creator":"@finnhandball","twitter_site":"@finnhandball","schema":{"@context":"https:\/\/schema.org","@graph":[{"@type":"Article","@id":"https:\/\/aktialiiga.fi\/miehet\/2018-2019\/ottelut-2018-2019\/grifk-puristi-voiton-sifsta\/#article","isPartOf":{"@id":"https:\/\/aktialiiga.fi\/miehet\/2018-2019\/ottelut-2018-2019\/grifk-puristi-voiton-sifsta\/"},"author":{"name":"tbrmedia","@id":"https:\/\/aktialiiga.fi\/miehet\/#\/schema\/person\/c14bf42f47041db74603c45afcb18d87"},"headline":"GrIFK puristi voiton SIF:sta","datePublished":"2019-01-12T14:51:42+00:00","dateModified":"2019-01-12T17:36:23+00:00","mainEntityOfPage":{"@id":"https:\/\/aktialiiga.fi\/miehet\/2018-2019\/ottelut-2018-2019\/grifk-puristi-voiton-sifsta\/"},"wordCount":297,"publisher":{"@id":"https:\/\/aktialiiga.fi\/miehet\/#organization"},"image":{"@id":"https:\/\/aktialiiga.fi\/miehet\/2018-2019\/ottelut-2018-2019\/grifk-puristi-voiton-sifsta\/#primaryimage"},"thumbnailUrl":"https:\/\/i0.wp.com\/aktialiiga.fi\/miehet\/wp-content\/uploads\/sites\/5\/2018\/11\/koljonen_miro_grifk_18-19.jpg?fit=711%2C320&ssl=1","keywords":["GrIFK","SIF"],"articleSection":["Ottelut"],"inLanguage":"fi"},{"@type":"WebPage","@id":"https:\/\/aktialiiga.fi\/miehet\/2018-2019\/ottelut-2018-2019\/grifk-puristi-voiton-sifsta\/","url":"https:\/\/aktialiiga.fi\/miehet\/2018-2019\/ottelut-2018-2019\/grifk-puristi-voiton-sifsta\/","name":"GrIFK puristi voiton SIF:sta | K\u00e4sipallon miesten Aktialiiga","isPartOf":{"@id":"https:\/\/aktialiiga.fi\/miehet\/#website"},"primaryImageOfPage":{"@id":"https:\/\/aktialiiga.fi\/miehet\/2018-2019\/ottelut-2018-2019\/grifk-puristi-voiton-sifsta\/#primaryimage"},"image":{"@id":"https:\/\/aktialiiga.fi\/miehet\/2018-2019\/ottelut-2018-2019\/grifk-puristi-voiton-sifsta\/#primaryimage"},"thumbnailUrl":"https:\/\/i0.wp.com\/aktialiiga.fi\/miehet\/wp-content\/uploads\/sites\/5\/2018\/11\/koljonen_miro_grifk_18-19.jpg?fit=711%2C320&ssl=1","datePublished":"2019-01-12T14:51:42+00:00","dateModified":"2019-01-12T17:36:23+00:00","breadcrumb":{"@id":"https:\/\/aktialiiga.fi\/miehet\/2018-2019\/ottelut-2018-2019\/grifk-puristi-voiton-sifsta\/#breadcrumb"},"inLanguage":"fi","potentialAction":[{"@type":"ReadAction","target":["https:\/\/aktialiiga.fi\/miehet\/2018-2019\/ottelut-2018-2019\/grifk-puristi-voiton-sifsta\/"]}]},{"@type":"ImageObject","inLanguage":"fi","@id":"https:\/\/aktialiiga.fi\/miehet\/2018-2019\/ottelut-2018-2019\/grifk-puristi-voiton-sifsta\/#primaryimage","url":"https:\/\/i0.wp.com\/aktialiiga.fi\/miehet\/wp-content\/uploads\/sites\/5\/2018\/11\/koljonen_miro_grifk_18-19.jpg?fit=711%2C320&ssl=1","contentUrl":"https:\/\/i0.wp.com\/aktialiiga.fi\/miehet\/wp-content\/uploads\/sites\/5\/2018\/11\/koljonen_miro_grifk_18-19.jpg?fit=711%2C320&ssl=1","width":711,"height":320},{"@type":"BreadcrumbList","@id":"https:\/\/aktialiiga.fi\/miehet\/2018-2019\/ottelut-2018-2019\/grifk-puristi-voiton-sifsta\/#breadcrumb","itemListElement":[{"@type":"ListItem","position":1,"name":"Etusivu","item":"https:\/\/aktialiiga.fi\/miehet\/"},{"@type":"ListItem","position":2,"name":"GrIFK puristi voiton SIF:sta"}]},{"@type":"WebSite","@id":"https:\/\/aktialiiga.fi\/miehet\/#website","url":"https:\/\/aktialiiga.fi\/miehet\/","name":"K\u00e4sipallon miesten Aktialiiga","description":"Valtakunnan vauhdikkainta palloilua!","publisher":{"@id":"https:\/\/aktialiiga.fi\/miehet\/#organization"},"potentialAction":[{"@type":"SearchAction","target":{"@type":"EntryPoint","urlTemplate":"https:\/\/aktialiiga.fi\/miehet\/?s={search_term_string}"},"query-input":{"@type":"PropertyValueSpecification","valueRequired":true,"valueName":"search_term_string"}}],"inLanguage":"fi"},{"@type":"Organization","@id":"https:\/\/aktialiiga.fi\/miehet\/#organization","name":"K\u00e4sipallon miesten Aktialiiga","url":"https:\/\/aktialiiga.fi\/miehet\/","logo":{"@type":"ImageObject","inLanguage":"fi","@id":"https:\/\/aktialiiga.fi\/miehet\/#\/schema\/logo\/image\/","url":"https:\/\/i0.wp.com\/aktialiiga.fi\/miehet\/wp-content\/uploads\/sites\/5\/2024\/09\/Aktialiiga-Yoast-512.png?fit=512%2C512&ssl=1","contentUrl":"https:\/\/i0.wp.com\/aktialiiga.fi\/miehet\/wp-content\/uploads\/sites\/5\/2024\/09\/Aktialiiga-Yoast-512.png?fit=512%2C512&ssl=1","width":512,"height":512,"caption":"K\u00e4sipallon miesten Aktialiiga"},"image":{"@id":"https:\/\/aktialiiga.fi\/miehet\/#\/schema\/logo\/image\/"},"sameAs":["https:\/\/www.facebook.com\/finnhandball","https:\/\/x.com\/finnhandball","https:\/\/www.instagram.com\/handballfinland\/"]},{"@type":"Person","@id":"https:\/\/aktialiiga.fi\/miehet\/#\/schema\/person\/c14bf42f47041db74603c45afcb18d87","name":"tbrmedia","image":{"@type":"ImageObject","inLanguage":"fi","@id":"https:\/\/secure.gravatar.com\/avatar\/ee975fa091fe581d12b60debb3439022686618368a7c142044c56724d4666b16?s=96&d=mm&r=g","url":"https:\/\/secure.gravatar.com\/avatar\/ee975fa091fe581d12b60debb3439022686618368a7c142044c56724d4666b16?s=96&d=mm&r=g","contentUrl":"https:\/\/secure.gravatar.com\/avatar\/ee975fa091fe581d12b60debb3439022686618368a7c142044c56724d4666b16?s=96&d=mm&r=g","caption":"tbrmedia"}}]}},"jetpack_featured_media_url":"https:\/\/i0.wp.com\/aktialiiga.fi\/miehet\/wp-content\/uploads\/sites\/5\/2018\/11\/koljonen_miro_grifk_18-19.jpg?fit=711%2C320&ssl=1","jetpack_sharing_enabled":true,"jetpack_shortlink":"https:\/\/wp.me\/pfTxOr-5IG","_links":{"self":[{"href":"https:\/\/aktialiiga.fi\/miehet\/wp-json\/wp\/v2\/posts\/21990","targetHints":{"allow":["GET"]}}],"collection":[{"href":"https:\/\/aktialiiga.fi\/miehet\/wp-json\/wp\/v2\/posts"}],"about":[{"href":"https:\/\/aktialiiga.fi\/miehet\/wp-json\/wp\/v2\/types\/post"}],"author":[{"embeddable":true,"href":"https:\/\/aktialiiga.fi\/miehet\/wp-json\/wp\/v2\/users\/13"}],"replies":[{"embeddable":true,"href":"https:\/\/aktialiiga.fi\/miehet\/wp-json\/wp\/v2\/comments?post=21990"}],"version-history":[{"count":0,"href":"https:\/\/aktialiiga.fi\/miehet\/wp-json\/wp\/v2\/posts\/21990\/revisions"}],"wp:featuredmedia":[{"embeddable":true,"href":"https:\/\/aktialiiga.fi\/miehet\/wp-json\/wp\/v2\/media\/21438"}],"wp:attachment":[{"href":"https:\/\/aktialiiga.fi\/miehet\/wp-json\/wp\/v2\/media?parent=21990"}],"wp:term":[{"taxonomy":"category","embeddable":true,"href":"https:\/\/aktialiiga.fi\/miehet\/wp-json\/wp\/v2\/categories?post=21990"},{"taxonomy":"post_tag","embeddable":true,"href":"https:\/\/aktialiiga.fi\/miehet\/wp-json\/wp\/v2\/tags?post=21990"}],"curies":[{"name":"wp","href":"https:\/\/api.w.org\/{rel}","templated":true}]}}