{"id":22123,"date":"2019-01-28T15:24:56","date_gmt":"2019-01-28T13:24:56","guid":{"rendered":"https:\/\/aktialiiga.fi\/miehet\/?p=22123"},"modified":"2019-01-28T13:26:03","modified_gmt":"2019-01-28T11:26:03","slug":"viikolla-pelataan-tiistaina-ja-keskiviikkona","status":"publish","type":"post","link":"https:\/\/aktialiiga.fi\/miehet\/2018-2019\/ennakot-2018-2019\/viikolla-pelataan-tiistaina-ja-keskiviikkona\/","title":{"rendered":"Viikolla pelataan tiistaina ja keskiviikkona"},"content":{"rendered":"<p>SM-liigan otteluohjelmassa on alkaneella viikolla kaksi ottelua ennen viikonloppua \u2013 ensimm\u00e4inen tiistaina ja toinen keskiviikkona. Samalla saadaan tammikuu p\u00e4\u00e4t\u00f6kseen ja runkosarjaa on j\u00e4ljell\u00e4 en\u00e4\u00e4 kaksi viikkoa.<\/p>\n<p>Tiistaina Pirkkolassa iskev\u00e4t yhteen k\u00e4rkipaikkaa Cocksin ja BK-46:n kanssa jakava Dicken sek\u00e4 viel\u00e4 ylemm\u00e4n jatkosarjan paikkaa tavoitteleva SIF. Dicken on varmuudella kolmen parhaan joukossa, mutta panosta peliss\u00e4 on molemmille. Mik\u00e4li siuntiolaiset hakisivat pisteet matkaansa ja nousisivat ylemp\u00e4\u00e4n jatkosarjaan, ottelun tulos laskettaisiin mukaan l\u00e4ht\u00f6pisteisiin.<\/p>\n<p>SIF kaatoi edellisess\u00e4 ottelussaan \u00c5IFK:n selv\u00e4sti ja peliin oli tyytyv\u00e4inen niin valmennusjohto kuin pelaajatkin.<\/p>\n<p>&#8211; Kaiken kaikkiaan pelasimme hyv\u00e4n ottelun, kymmenen maalia \u00c5IFK-kamppailussa heitt\u00e4nyt Fredrik Karlsson sanoi V\u00e4stra Nylandille.<\/p>\n<p>Vastus on kuitenkin nyt kova. Dicken jyr\u00e4si viikonloppuna HC HIK:n t\u00e4ysin maanrakoon ja l\u00e4htee kotonaan suosikkina kamppailuun.<\/p>\n<p>Asetelma keskiviikon ottelussa GrIFK \u2013 Cocks on hyvin samantapainen. Cocks on varmasti kolmen parhaan joukossa, mutta Grani taistelee viel\u00e4 tiukasti nelj\u00e4nnest\u00e4 sijasta HIFK:n ja SIF:n kanssa.<\/p>\n<p>Eritt\u00e4in vahvasti alkuvuodesta pelannut Cocks on ottelussa ennakkosuosikki, mutta Grani on yll\u00e4tysvalmis rivien vahvistuttua viimeisen viikon aikana. Anthony Hellakoski palasi pitk\u00e4n poissaolon j\u00e4lkeen edellisottelussa Atlas Vantaata vastaan ja Nikola Zujicin siirtyminen HIK:sta Kauniaisiin tuo viel\u00e4 lis\u00e4\u00e4 maalintekovoimaa joukkueeseen.<\/p>\n<p><strong>SM-liiga viikolla:<\/strong><br \/>\nTi 29.1. klo 19.15 Dicken \u2013 SIF (HBL.fi)<br \/>\nKe 30.1. klo 19.00 GrIFK \u2013 Cocks<\/p>\n","protected":false},"excerpt":{"rendered":"<p>SM-liigan otteluohjelmassa on alkaneella viikolla kaksi ottelua ennen viikonloppua \u2013 ensimm\u00e4inen tiistaina ja toinen keskiviikkona. Samalla saadaan tammikuu p\u00e4\u00e4t\u00f6kseen ja runkosarjaa on j\u00e4ljell\u00e4 en\u00e4\u00e4 kaksi viikkoa. Tiistaina Pirkkolassa iskev\u00e4t yhteen k\u00e4rkipaikkaa Cocksin ja BK-46:n kanssa jakava Dicken sek\u00e4 viel\u00e4 ylemm\u00e4n jatkosarjan paikkaa tavoitteleva SIF. Dicken on varmuudella kolmen parhaan joukossa, mutta panosta peliss\u00e4 on molemmille. [&hellip;]<\/p>\n","protected":false},"author":13,"featured_media":22125,"comment_status":"closed","ping_status":"closed","sticky":false,"template":"","format":"standard","meta":{"_acf_changed":false,"jetpack_post_was_ever_published":false,"_jetpack_newsletter_access":"","_jetpack_dont_email_post_to_subs":false,"_jetpack_newsletter_tier_id":0,"_jetpack_memberships_contains_paywalled_content":false,"_jetpack_memberships_contains_paid_content":false,"footnotes":""},"categories":[209],"tags":[57,58,64,111],"class_list":["post-22123","post","type-post","status-publish","format-standard","has-post-thumbnail","hentry","category-ennakot-2018-2019","tag-cocks","tag-dicken","tag-grifk","tag-sif"],"acf":[],"yoast_head":"<!-- This site is optimized with the Yoast SEO plugin v27.5 - https:\/\/yoast.com\/product\/yoast-seo-wordpress\/ -->\n<title>Viikolla pelataan tiistaina ja keskiviikkona | K\u00e4sipallon miesten Aktialiiga<\/title>\n<meta name=\"robots\" content=\"index, follow, max-snippet:-1, max-image-preview:large, max-video-preview:-1\" \/>\n<link rel=\"canonical\" href=\"https:\/\/aktialiiga.fi\/miehet\/2018-2019\/ennakot-2018-2019\/viikolla-pelataan-tiistaina-ja-keskiviikkona\/\" \/>\n<meta property=\"og:locale\" content=\"fi_FI\" \/>\n<meta property=\"og:type\" content=\"article\" \/>\n<meta property=\"og:title\" content=\"Viikolla pelataan tiistaina ja keskiviikkona | K\u00e4sipallon miesten Aktialiiga\" \/>\n<meta property=\"og:description\" content=\"SM-liigan otteluohjelmassa on alkaneella viikolla kaksi ottelua ennen viikonloppua \u2013 ensimm\u00e4inen tiistaina ja toinen keskiviikkona. Samalla saadaan tammikuu p\u00e4\u00e4t\u00f6kseen ja runkosarjaa on j\u00e4ljell\u00e4 en\u00e4\u00e4 kaksi viikkoa. Tiistaina Pirkkolassa iskev\u00e4t yhteen k\u00e4rkipaikkaa Cocksin ja BK-46:n kanssa jakava Dicken sek\u00e4 viel\u00e4 ylemm\u00e4n jatkosarjan paikkaa tavoitteleva SIF. Dicken on varmuudella kolmen parhaan joukossa, mutta panosta peliss\u00e4 on molemmille. [&hellip;]\" \/>\n<meta property=\"og:url\" content=\"https:\/\/aktialiiga.fi\/miehet\/2018-2019\/ennakot-2018-2019\/viikolla-pelataan-tiistaina-ja-keskiviikkona\/\" \/>\n<meta property=\"og:site_name\" content=\"K\u00e4sipallon miesten Aktialiiga\" \/>\n<meta property=\"article:publisher\" content=\"https:\/\/www.facebook.com\/finnhandball\" \/>\n<meta property=\"article:published_time\" content=\"2019-01-28T13:24:56+00:00\" \/>\n<meta property=\"og:image\" content=\"https:\/\/i0.wp.com\/aktialiiga.fi\/miehet\/wp-content\/uploads\/sites\/5\/2019\/01\/Dicken_Monnberg_Bjorn_1819.gif?fit=711%2C330&ssl=1\" \/>\n\t<meta property=\"og:image:width\" content=\"711\" \/>\n\t<meta property=\"og:image:height\" content=\"330\" \/>\n\t<meta property=\"og:image:type\" content=\"image\/gif\" \/>\n<meta name=\"author\" content=\"tbrmedia\" \/>\n<meta name=\"twitter:card\" content=\"summary_large_image\" \/>\n<meta name=\"twitter:creator\" content=\"@finnhandball\" \/>\n<meta name=\"twitter:site\" content=\"@finnhandball\" \/>\n<script type=\"application\/ld+json\" class=\"yoast-schema-graph\">{\"@context\":\"https:\\\/\\\/schema.org\",\"@graph\":[{\"@type\":\"Article\",\"@id\":\"https:\\\/\\\/aktialiiga.fi\\\/miehet\\\/2018-2019\\\/ennakot-2018-2019\\\/viikolla-pelataan-tiistaina-ja-keskiviikkona\\\/#article\",\"isPartOf\":{\"@id\":\"https:\\\/\\\/aktialiiga.fi\\\/miehet\\\/2018-2019\\\/ennakot-2018-2019\\\/viikolla-pelataan-tiistaina-ja-keskiviikkona\\\/\"},\"author\":{\"name\":\"tbrmedia\",\"@id\":\"https:\\\/\\\/aktialiiga.fi\\\/miehet\\\/#\\\/schema\\\/person\\\/c14bf42f47041db74603c45afcb18d87\"},\"headline\":\"Viikolla pelataan tiistaina ja keskiviikkona\",\"datePublished\":\"2019-01-28T13:24:56+00:00\",\"mainEntityOfPage\":{\"@id\":\"https:\\\/\\\/aktialiiga.fi\\\/miehet\\\/2018-2019\\\/ennakot-2018-2019\\\/viikolla-pelataan-tiistaina-ja-keskiviikkona\\\/\"},\"wordCount\":224,\"publisher\":{\"@id\":\"https:\\\/\\\/aktialiiga.fi\\\/miehet\\\/#organization\"},\"image\":{\"@id\":\"https:\\\/\\\/aktialiiga.fi\\\/miehet\\\/2018-2019\\\/ennakot-2018-2019\\\/viikolla-pelataan-tiistaina-ja-keskiviikkona\\\/#primaryimage\"},\"thumbnailUrl\":\"https:\\\/\\\/i0.wp.com\\\/aktialiiga.fi\\\/miehet\\\/wp-content\\\/uploads\\\/sites\\\/5\\\/2019\\\/01\\\/Dicken_Monnberg_Bjorn_1819.gif?fit=711%2C330&ssl=1\",\"keywords\":[\"Cocks\",\"Dicken\",\"GrIFK\",\"SIF\"],\"articleSection\":[\"Ennakot\"],\"inLanguage\":\"fi\"},{\"@type\":\"WebPage\",\"@id\":\"https:\\\/\\\/aktialiiga.fi\\\/miehet\\\/2018-2019\\\/ennakot-2018-2019\\\/viikolla-pelataan-tiistaina-ja-keskiviikkona\\\/\",\"url\":\"https:\\\/\\\/aktialiiga.fi\\\/miehet\\\/2018-2019\\\/ennakot-2018-2019\\\/viikolla-pelataan-tiistaina-ja-keskiviikkona\\\/\",\"name\":\"Viikolla pelataan tiistaina ja keskiviikkona | K\u00e4sipallon miesten Aktialiiga\",\"isPartOf\":{\"@id\":\"https:\\\/\\\/aktialiiga.fi\\\/miehet\\\/#website\"},\"primaryImageOfPage\":{\"@id\":\"https:\\\/\\\/aktialiiga.fi\\\/miehet\\\/2018-2019\\\/ennakot-2018-2019\\\/viikolla-pelataan-tiistaina-ja-keskiviikkona\\\/#primaryimage\"},\"image\":{\"@id\":\"https:\\\/\\\/aktialiiga.fi\\\/miehet\\\/2018-2019\\\/ennakot-2018-2019\\\/viikolla-pelataan-tiistaina-ja-keskiviikkona\\\/#primaryimage\"},\"thumbnailUrl\":\"https:\\\/\\\/i0.wp.com\\\/aktialiiga.fi\\\/miehet\\\/wp-content\\\/uploads\\\/sites\\\/5\\\/2019\\\/01\\\/Dicken_Monnberg_Bjorn_1819.gif?fit=711%2C330&ssl=1\",\"datePublished\":\"2019-01-28T13:24:56+00:00\",\"breadcrumb\":{\"@id\":\"https:\\\/\\\/aktialiiga.fi\\\/miehet\\\/2018-2019\\\/ennakot-2018-2019\\\/viikolla-pelataan-tiistaina-ja-keskiviikkona\\\/#breadcrumb\"},\"inLanguage\":\"fi\",\"potentialAction\":[{\"@type\":\"ReadAction\",\"target\":[\"https:\\\/\\\/aktialiiga.fi\\\/miehet\\\/2018-2019\\\/ennakot-2018-2019\\\/viikolla-pelataan-tiistaina-ja-keskiviikkona\\\/\"]}]},{\"@type\":\"ImageObject\",\"inLanguage\":\"fi\",\"@id\":\"https:\\\/\\\/aktialiiga.fi\\\/miehet\\\/2018-2019\\\/ennakot-2018-2019\\\/viikolla-pelataan-tiistaina-ja-keskiviikkona\\\/#primaryimage\",\"url\":\"https:\\\/\\\/i0.wp.com\\\/aktialiiga.fi\\\/miehet\\\/wp-content\\\/uploads\\\/sites\\\/5\\\/2019\\\/01\\\/Dicken_Monnberg_Bjorn_1819.gif?fit=711%2C330&ssl=1\",\"contentUrl\":\"https:\\\/\\\/i0.wp.com\\\/aktialiiga.fi\\\/miehet\\\/wp-content\\\/uploads\\\/sites\\\/5\\\/2019\\\/01\\\/Dicken_Monnberg_Bjorn_1819.gif?fit=711%2C330&ssl=1\",\"width\":711,\"height\":330},{\"@type\":\"BreadcrumbList\",\"@id\":\"https:\\\/\\\/aktialiiga.fi\\\/miehet\\\/2018-2019\\\/ennakot-2018-2019\\\/viikolla-pelataan-tiistaina-ja-keskiviikkona\\\/#breadcrumb\",\"itemListElement\":[{\"@type\":\"ListItem\",\"position\":1,\"name\":\"Etusivu\",\"item\":\"https:\\\/\\\/aktialiiga.fi\\\/miehet\\\/\"},{\"@type\":\"ListItem\",\"position\":2,\"name\":\"Viikolla pelataan tiistaina ja keskiviikkona\"}]},{\"@type\":\"WebSite\",\"@id\":\"https:\\\/\\\/aktialiiga.fi\\\/miehet\\\/#website\",\"url\":\"https:\\\/\\\/aktialiiga.fi\\\/miehet\\\/\",\"name\":\"K\u00e4sipallon miesten Aktialiiga\",\"description\":\"Valtakunnan vauhdikkainta palloilua!\",\"publisher\":{\"@id\":\"https:\\\/\\\/aktialiiga.fi\\\/miehet\\\/#organization\"},\"potentialAction\":[{\"@type\":\"SearchAction\",\"target\":{\"@type\":\"EntryPoint\",\"urlTemplate\":\"https:\\\/\\\/aktialiiga.fi\\\/miehet\\\/?s={search_term_string}\"},\"query-input\":{\"@type\":\"PropertyValueSpecification\",\"valueRequired\":true,\"valueName\":\"search_term_string\"}}],\"inLanguage\":\"fi\"},{\"@type\":\"Organization\",\"@id\":\"https:\\\/\\\/aktialiiga.fi\\\/miehet\\\/#organization\",\"name\":\"K\u00e4sipallon miesten Aktialiiga\",\"url\":\"https:\\\/\\\/aktialiiga.fi\\\/miehet\\\/\",\"logo\":{\"@type\":\"ImageObject\",\"inLanguage\":\"fi\",\"@id\":\"https:\\\/\\\/aktialiiga.fi\\\/miehet\\\/#\\\/schema\\\/logo\\\/image\\\/\",\"url\":\"https:\\\/\\\/i0.wp.com\\\/aktialiiga.fi\\\/miehet\\\/wp-content\\\/uploads\\\/sites\\\/5\\\/2024\\\/09\\\/Aktialiiga-Yoast-512.png?fit=512%2C512&ssl=1\",\"contentUrl\":\"https:\\\/\\\/i0.wp.com\\\/aktialiiga.fi\\\/miehet\\\/wp-content\\\/uploads\\\/sites\\\/5\\\/2024\\\/09\\\/Aktialiiga-Yoast-512.png?fit=512%2C512&ssl=1\",\"width\":512,\"height\":512,\"caption\":\"K\u00e4sipallon miesten Aktialiiga\"},\"image\":{\"@id\":\"https:\\\/\\\/aktialiiga.fi\\\/miehet\\\/#\\\/schema\\\/logo\\\/image\\\/\"},\"sameAs\":[\"https:\\\/\\\/www.facebook.com\\\/finnhandball\",\"https:\\\/\\\/x.com\\\/finnhandball\",\"https:\\\/\\\/www.instagram.com\\\/handballfinland\\\/\"]},{\"@type\":\"Person\",\"@id\":\"https:\\\/\\\/aktialiiga.fi\\\/miehet\\\/#\\\/schema\\\/person\\\/c14bf42f47041db74603c45afcb18d87\",\"name\":\"tbrmedia\",\"image\":{\"@type\":\"ImageObject\",\"inLanguage\":\"fi\",\"@id\":\"https:\\\/\\\/secure.gravatar.com\\\/avatar\\\/ee975fa091fe581d12b60debb3439022686618368a7c142044c56724d4666b16?s=96&d=mm&r=g\",\"url\":\"https:\\\/\\\/secure.gravatar.com\\\/avatar\\\/ee975fa091fe581d12b60debb3439022686618368a7c142044c56724d4666b16?s=96&d=mm&r=g\",\"contentUrl\":\"https:\\\/\\\/secure.gravatar.com\\\/avatar\\\/ee975fa091fe581d12b60debb3439022686618368a7c142044c56724d4666b16?s=96&d=mm&r=g\",\"caption\":\"tbrmedia\"}}]}<\/script>\n<!-- \/ Yoast SEO plugin. -->","yoast_head_json":{"title":"Viikolla pelataan tiistaina ja keskiviikkona | K\u00e4sipallon miesten Aktialiiga","robots":{"index":"index","follow":"follow","max-snippet":"max-snippet:-1","max-image-preview":"max-image-preview:large","max-video-preview":"max-video-preview:-1"},"canonical":"https:\/\/aktialiiga.fi\/miehet\/2018-2019\/ennakot-2018-2019\/viikolla-pelataan-tiistaina-ja-keskiviikkona\/","og_locale":"fi_FI","og_type":"article","og_title":"Viikolla pelataan tiistaina ja keskiviikkona | K\u00e4sipallon miesten Aktialiiga","og_description":"SM-liigan otteluohjelmassa on alkaneella viikolla kaksi ottelua ennen viikonloppua \u2013 ensimm\u00e4inen tiistaina ja toinen keskiviikkona. Samalla saadaan tammikuu p\u00e4\u00e4t\u00f6kseen ja runkosarjaa on j\u00e4ljell\u00e4 en\u00e4\u00e4 kaksi viikkoa. Tiistaina Pirkkolassa iskev\u00e4t yhteen k\u00e4rkipaikkaa Cocksin ja BK-46:n kanssa jakava Dicken sek\u00e4 viel\u00e4 ylemm\u00e4n jatkosarjan paikkaa tavoitteleva SIF. Dicken on varmuudella kolmen parhaan joukossa, mutta panosta peliss\u00e4 on molemmille. [&hellip;]","og_url":"https:\/\/aktialiiga.fi\/miehet\/2018-2019\/ennakot-2018-2019\/viikolla-pelataan-tiistaina-ja-keskiviikkona\/","og_site_name":"K\u00e4sipallon miesten Aktialiiga","article_publisher":"https:\/\/www.facebook.com\/finnhandball","article_published_time":"2019-01-28T13:24:56+00:00","og_image":[{"width":711,"height":330,"url":"https:\/\/i0.wp.com\/aktialiiga.fi\/miehet\/wp-content\/uploads\/sites\/5\/2019\/01\/Dicken_Monnberg_Bjorn_1819.gif?fit=711%2C330&ssl=1","type":"image\/gif"}],"author":"tbrmedia","twitter_card":"summary_large_image","twitter_creator":"@finnhandball","twitter_site":"@finnhandball","schema":{"@context":"https:\/\/schema.org","@graph":[{"@type":"Article","@id":"https:\/\/aktialiiga.fi\/miehet\/2018-2019\/ennakot-2018-2019\/viikolla-pelataan-tiistaina-ja-keskiviikkona\/#article","isPartOf":{"@id":"https:\/\/aktialiiga.fi\/miehet\/2018-2019\/ennakot-2018-2019\/viikolla-pelataan-tiistaina-ja-keskiviikkona\/"},"author":{"name":"tbrmedia","@id":"https:\/\/aktialiiga.fi\/miehet\/#\/schema\/person\/c14bf42f47041db74603c45afcb18d87"},"headline":"Viikolla pelataan tiistaina ja keskiviikkona","datePublished":"2019-01-28T13:24:56+00:00","mainEntityOfPage":{"@id":"https:\/\/aktialiiga.fi\/miehet\/2018-2019\/ennakot-2018-2019\/viikolla-pelataan-tiistaina-ja-keskiviikkona\/"},"wordCount":224,"publisher":{"@id":"https:\/\/aktialiiga.fi\/miehet\/#organization"},"image":{"@id":"https:\/\/aktialiiga.fi\/miehet\/2018-2019\/ennakot-2018-2019\/viikolla-pelataan-tiistaina-ja-keskiviikkona\/#primaryimage"},"thumbnailUrl":"https:\/\/i0.wp.com\/aktialiiga.fi\/miehet\/wp-content\/uploads\/sites\/5\/2019\/01\/Dicken_Monnberg_Bjorn_1819.gif?fit=711%2C330&ssl=1","keywords":["Cocks","Dicken","GrIFK","SIF"],"articleSection":["Ennakot"],"inLanguage":"fi"},{"@type":"WebPage","@id":"https:\/\/aktialiiga.fi\/miehet\/2018-2019\/ennakot-2018-2019\/viikolla-pelataan-tiistaina-ja-keskiviikkona\/","url":"https:\/\/aktialiiga.fi\/miehet\/2018-2019\/ennakot-2018-2019\/viikolla-pelataan-tiistaina-ja-keskiviikkona\/","name":"Viikolla pelataan tiistaina ja keskiviikkona | K\u00e4sipallon miesten Aktialiiga","isPartOf":{"@id":"https:\/\/aktialiiga.fi\/miehet\/#website"},"primaryImageOfPage":{"@id":"https:\/\/aktialiiga.fi\/miehet\/2018-2019\/ennakot-2018-2019\/viikolla-pelataan-tiistaina-ja-keskiviikkona\/#primaryimage"},"image":{"@id":"https:\/\/aktialiiga.fi\/miehet\/2018-2019\/ennakot-2018-2019\/viikolla-pelataan-tiistaina-ja-keskiviikkona\/#primaryimage"},"thumbnailUrl":"https:\/\/i0.wp.com\/aktialiiga.fi\/miehet\/wp-content\/uploads\/sites\/5\/2019\/01\/Dicken_Monnberg_Bjorn_1819.gif?fit=711%2C330&ssl=1","datePublished":"2019-01-28T13:24:56+00:00","breadcrumb":{"@id":"https:\/\/aktialiiga.fi\/miehet\/2018-2019\/ennakot-2018-2019\/viikolla-pelataan-tiistaina-ja-keskiviikkona\/#breadcrumb"},"inLanguage":"fi","potentialAction":[{"@type":"ReadAction","target":["https:\/\/aktialiiga.fi\/miehet\/2018-2019\/ennakot-2018-2019\/viikolla-pelataan-tiistaina-ja-keskiviikkona\/"]}]},{"@type":"ImageObject","inLanguage":"fi","@id":"https:\/\/aktialiiga.fi\/miehet\/2018-2019\/ennakot-2018-2019\/viikolla-pelataan-tiistaina-ja-keskiviikkona\/#primaryimage","url":"https:\/\/i0.wp.com\/aktialiiga.fi\/miehet\/wp-content\/uploads\/sites\/5\/2019\/01\/Dicken_Monnberg_Bjorn_1819.gif?fit=711%2C330&ssl=1","contentUrl":"https:\/\/i0.wp.com\/aktialiiga.fi\/miehet\/wp-content\/uploads\/sites\/5\/2019\/01\/Dicken_Monnberg_Bjorn_1819.gif?fit=711%2C330&ssl=1","width":711,"height":330},{"@type":"BreadcrumbList","@id":"https:\/\/aktialiiga.fi\/miehet\/2018-2019\/ennakot-2018-2019\/viikolla-pelataan-tiistaina-ja-keskiviikkona\/#breadcrumb","itemListElement":[{"@type":"ListItem","position":1,"name":"Etusivu","item":"https:\/\/aktialiiga.fi\/miehet\/"},{"@type":"ListItem","position":2,"name":"Viikolla pelataan tiistaina ja keskiviikkona"}]},{"@type":"WebSite","@id":"https:\/\/aktialiiga.fi\/miehet\/#website","url":"https:\/\/aktialiiga.fi\/miehet\/","name":"K\u00e4sipallon miesten Aktialiiga","description":"Valtakunnan vauhdikkainta palloilua!","publisher":{"@id":"https:\/\/aktialiiga.fi\/miehet\/#organization"},"potentialAction":[{"@type":"SearchAction","target":{"@type":"EntryPoint","urlTemplate":"https:\/\/aktialiiga.fi\/miehet\/?s={search_term_string}"},"query-input":{"@type":"PropertyValueSpecification","valueRequired":true,"valueName":"search_term_string"}}],"inLanguage":"fi"},{"@type":"Organization","@id":"https:\/\/aktialiiga.fi\/miehet\/#organization","name":"K\u00e4sipallon miesten Aktialiiga","url":"https:\/\/aktialiiga.fi\/miehet\/","logo":{"@type":"ImageObject","inLanguage":"fi","@id":"https:\/\/aktialiiga.fi\/miehet\/#\/schema\/logo\/image\/","url":"https:\/\/i0.wp.com\/aktialiiga.fi\/miehet\/wp-content\/uploads\/sites\/5\/2024\/09\/Aktialiiga-Yoast-512.png?fit=512%2C512&ssl=1","contentUrl":"https:\/\/i0.wp.com\/aktialiiga.fi\/miehet\/wp-content\/uploads\/sites\/5\/2024\/09\/Aktialiiga-Yoast-512.png?fit=512%2C512&ssl=1","width":512,"height":512,"caption":"K\u00e4sipallon miesten Aktialiiga"},"image":{"@id":"https:\/\/aktialiiga.fi\/miehet\/#\/schema\/logo\/image\/"},"sameAs":["https:\/\/www.facebook.com\/finnhandball","https:\/\/x.com\/finnhandball","https:\/\/www.instagram.com\/handballfinland\/"]},{"@type":"Person","@id":"https:\/\/aktialiiga.fi\/miehet\/#\/schema\/person\/c14bf42f47041db74603c45afcb18d87","name":"tbrmedia","image":{"@type":"ImageObject","inLanguage":"fi","@id":"https:\/\/secure.gravatar.com\/avatar\/ee975fa091fe581d12b60debb3439022686618368a7c142044c56724d4666b16?s=96&d=mm&r=g","url":"https:\/\/secure.gravatar.com\/avatar\/ee975fa091fe581d12b60debb3439022686618368a7c142044c56724d4666b16?s=96&d=mm&r=g","contentUrl":"https:\/\/secure.gravatar.com\/avatar\/ee975fa091fe581d12b60debb3439022686618368a7c142044c56724d4666b16?s=96&d=mm&r=g","caption":"tbrmedia"}}]}},"jetpack_featured_media_url":"https:\/\/i0.wp.com\/aktialiiga.fi\/miehet\/wp-content\/uploads\/sites\/5\/2019\/01\/Dicken_Monnberg_Bjorn_1819.gif?fit=711%2C330&ssl=1","jetpack_sharing_enabled":true,"jetpack_shortlink":"https:\/\/wp.me\/pfTxOr-5KP","_links":{"self":[{"href":"https:\/\/aktialiiga.fi\/miehet\/wp-json\/wp\/v2\/posts\/22123","targetHints":{"allow":["GET"]}}],"collection":[{"href":"https:\/\/aktialiiga.fi\/miehet\/wp-json\/wp\/v2\/posts"}],"about":[{"href":"https:\/\/aktialiiga.fi\/miehet\/wp-json\/wp\/v2\/types\/post"}],"author":[{"embeddable":true,"href":"https:\/\/aktialiiga.fi\/miehet\/wp-json\/wp\/v2\/users\/13"}],"replies":[{"embeddable":true,"href":"https:\/\/aktialiiga.fi\/miehet\/wp-json\/wp\/v2\/comments?post=22123"}],"version-history":[{"count":0,"href":"https:\/\/aktialiiga.fi\/miehet\/wp-json\/wp\/v2\/posts\/22123\/revisions"}],"wp:featuredmedia":[{"embeddable":true,"href":"https:\/\/aktialiiga.fi\/miehet\/wp-json\/wp\/v2\/media\/22125"}],"wp:attachment":[{"href":"https:\/\/aktialiiga.fi\/miehet\/wp-json\/wp\/v2\/media?parent=22123"}],"wp:term":[{"taxonomy":"category","embeddable":true,"href":"https:\/\/aktialiiga.fi\/miehet\/wp-json\/wp\/v2\/categories?post=22123"},{"taxonomy":"post_tag","embeddable":true,"href":"https:\/\/aktialiiga.fi\/miehet\/wp-json\/wp\/v2\/tags?post=22123"}],"curies":[{"name":"wp","href":"https:\/\/api.w.org\/{rel}","templated":true}]}}