{"id":22133,"date":"2019-01-29T20:47:52","date_gmt":"2019-01-29T18:47:52","guid":{"rendered":"https:\/\/aktialiiga.fi\/miehet\/?p=22133"},"modified":"2019-01-29T20:54:15","modified_gmt":"2019-01-29T18:54:15","slug":"dicken-selvisi-saikahdyksella-sifn-kirista","status":"publish","type":"post","link":"https:\/\/aktialiiga.fi\/miehet\/2018-2019\/ottelut-2018-2019\/dicken-selvisi-saikahdyksella-sifn-kirista\/","title":{"rendered":"Dicken selvisi s\u00e4ik\u00e4hdyksell\u00e4 SIF:n kirist\u00e4"},"content":{"rendered":"<p>Dicken otti pisteet tiistaisesta kotiottelustaan SIF:aa vastaan, mutta joutui taistelemaan pisteist\u00e4 loppuun asti siuntiolaisten kiritty\u00e4 vahvasti lopussa.<\/p>\n<p>Suhteellisen tasaisen alun j\u00e4lkeen Dicken nyk\u00e4isi avausjakson puoliv\u00e4liss\u00e4 kuuden maalin karkumatkalle. Taukoon menness\u00e4 Dicken oli kasvattanut johtonsa jo kahdeksaan maaliin.<\/p>\n<p>Kun ero pian tauon j\u00e4lkeen oli kotijoukkueen eduksi jo yli kymmenen maalia, alkoi ottelu n\u00e4ytt\u00e4\u00e4 ratkaistulta. Viel\u00e4 vajaa vartti ennen loppua Dicken johti tasan kymmenell\u00e4 osumalla, mutta SIF l\u00f6ysi viel\u00e4 uuden vaihteen. Ero kaventui maali maalilta ensin nelj\u00e4\u00e4n osumaan ja lopulta SIF oli vain maalin p\u00e4\u00e4ss\u00e4, mutta Dickenin lopun rutistus riitti voittoon.<\/p>\n<p>Dicken-valmentaja Valdar Noodla tiivisti ottelun lyhyesti.<\/p>\n<p>&#8211; Hyv\u00e4 ensimm\u00e4inen jakso meilt\u00e4, toisella unohdettiin miten pelataan, Noodla totesi.<\/p>\n<p>Vakuuttavimman pelaajan tittelin ja kolme L\u00e4hiTapiola-t\u00e4hte\u00e4 vienyt Dickenin Robin Granlund n\u00e4ki ottelun pitk\u00e4lti samoin.<\/p>\n<p>&#8211; Hyv\u00e4 ensimm\u00e4inen jakso meilt\u00e4, ja se riitti vaivoin voittoon, surkea toinen jakso.<\/p>\n<p>SIF:n p\u00e4\u00e4valmentaja Teddy Nordling j\u00e4i harmittelemaan avausjaksoa, vaikka hyv\u00e4 nousu l\u00e4mmittikin.<\/p>\n<p>&#8211; Otteluhan oli k\u00e4yt\u00e4nn\u00f6ss\u00e4 jo ratkaistu puoliajalla, emme saaneet palloa maaliin M\u00e4kel\u00e4n ohi 9 metrist\u00e4 tai 6 metrist\u00e4. Oma puolustuspelaaminen oli t\u00e4n\u00e4\u00e4n ihan hyv\u00e4\u00e4. Toisella jaksolla saatiin onnistumisia ja hyv\u00e4 nousukin, mutta t\u00e4n\u00e4\u00e4n ei riitt\u00e4nyt, Nordling summasi.<\/p>\n<p><strong>Dicken &#8211; SIF 28-25 (16-8)<\/strong><\/p>\n<p><strong>Maalintekij\u00e4t<\/strong><br \/>\nDicken: Robin Granlund 7, Benny Broman 6, Tadas Stankevicius 5, Anton R\u00e9my 4, Filip S\u00f6derlund 3, Joacim Broman 2, Mikael M\u00e4kel\u00e4 1<br \/>\nSIF: Sten Maasalu 7, Fredrik Karlsson 6, Alexander von Numers 4, Christoffer Thor 4, Ott Varik 2, Vincent Voutilainen 1, Gustav Svanb\u00e4ck 1<\/p>\n<p><strong>L\u00e4hiTapiola-t\u00e4htipelaajat<\/strong><br \/>\nRobin Granlund Dicken 3<br \/>\nSten Maasalu SIF 2<br \/>\nMikael M\u00e4kel\u00e4 Dicken 1<\/p>\n<p><strong>2 min ulosajot sek\u00e4 pelist\u00e4 sulkemiset<\/strong><br \/>\nDicken: &#8211;<br \/>\nSIF: Sten Maasalu 2 x 2 min, Vincent Voutilainen 1 x 2 min<\/p>\n<p><em>Erotuomarit<\/em>: Krister Illman &#8211; Tapani Kuri<\/p>\n<p><em>Yleis\u00f6\u00e4<\/em>: 154<\/p>\n","protected":false},"excerpt":{"rendered":"<p>Dicken otti pisteet tiistaisesta kotiottelustaan SIF:aa vastaan, mutta joutui taistelemaan pisteist\u00e4 loppuun asti siuntiolaisten kiritty\u00e4 vahvasti lopussa. Suhteellisen tasaisen alun j\u00e4lkeen Dicken nyk\u00e4isi avausjakson puoliv\u00e4liss\u00e4 kuuden maalin karkumatkalle. Taukoon menness\u00e4 Dicken oli kasvattanut johtonsa jo kahdeksaan maaliin. Kun ero pian tauon j\u00e4lkeen oli kotijoukkueen eduksi jo yli kymmenen maalia, alkoi ottelu n\u00e4ytt\u00e4\u00e4 ratkaistulta. Viel\u00e4 vajaa [&hellip;]<\/p>\n","protected":false},"author":13,"featured_media":22134,"comment_status":"closed","ping_status":"closed","sticky":false,"template":"","format":"standard","meta":{"_acf_changed":false,"jetpack_post_was_ever_published":false,"_jetpack_newsletter_access":"","_jetpack_dont_email_post_to_subs":false,"_jetpack_newsletter_tier_id":0,"_jetpack_memberships_contains_paywalled_content":false,"_jetpack_memberships_contains_paid_content":false,"footnotes":""},"categories":[212],"tags":[58,111],"class_list":["post-22133","post","type-post","status-publish","format-standard","has-post-thumbnail","hentry","category-ottelut-2018-2019","tag-dicken","tag-sif"],"acf":[],"yoast_head":"<!-- This site is optimized with the Yoast SEO plugin v27.5 - https:\/\/yoast.com\/product\/yoast-seo-wordpress\/ -->\n<title>Dicken selvisi s\u00e4ik\u00e4hdyksell\u00e4 SIF:n kirist\u00e4 | K\u00e4sipallon miesten Aktialiiga<\/title>\n<meta name=\"robots\" content=\"index, follow, max-snippet:-1, max-image-preview:large, max-video-preview:-1\" \/>\n<link rel=\"canonical\" href=\"https:\/\/aktialiiga.fi\/miehet\/2018-2019\/ottelut-2018-2019\/dicken-selvisi-saikahdyksella-sifn-kirista\/\" \/>\n<meta property=\"og:locale\" content=\"fi_FI\" \/>\n<meta property=\"og:type\" content=\"article\" \/>\n<meta property=\"og:title\" content=\"Dicken selvisi s\u00e4ik\u00e4hdyksell\u00e4 SIF:n kirist\u00e4 | K\u00e4sipallon miesten Aktialiiga\" \/>\n<meta property=\"og:description\" content=\"Dicken otti pisteet tiistaisesta kotiottelustaan SIF:aa vastaan, mutta joutui taistelemaan pisteist\u00e4 loppuun asti siuntiolaisten kiritty\u00e4 vahvasti lopussa. Suhteellisen tasaisen alun j\u00e4lkeen Dicken nyk\u00e4isi avausjakson puoliv\u00e4liss\u00e4 kuuden maalin karkumatkalle. Taukoon menness\u00e4 Dicken oli kasvattanut johtonsa jo kahdeksaan maaliin. Kun ero pian tauon j\u00e4lkeen oli kotijoukkueen eduksi jo yli kymmenen maalia, alkoi ottelu n\u00e4ytt\u00e4\u00e4 ratkaistulta. Viel\u00e4 vajaa [&hellip;]\" \/>\n<meta property=\"og:url\" content=\"https:\/\/aktialiiga.fi\/miehet\/2018-2019\/ottelut-2018-2019\/dicken-selvisi-saikahdyksella-sifn-kirista\/\" \/>\n<meta property=\"og:site_name\" content=\"K\u00e4sipallon miesten Aktialiiga\" \/>\n<meta property=\"article:publisher\" content=\"https:\/\/www.facebook.com\/finnhandball\" \/>\n<meta property=\"article:published_time\" content=\"2019-01-29T18:47:52+00:00\" \/>\n<meta property=\"article:modified_time\" content=\"2019-01-29T18:54:15+00:00\" \/>\n<meta property=\"og:image\" content=\"https:\/\/i0.wp.com\/aktialiiga.fi\/miehet\/wp-content\/uploads\/sites\/5\/2019\/01\/Dicken_Granlund_Robin_1819.jpg?fit=711%2C336&ssl=1\" \/>\n\t<meta property=\"og:image:width\" content=\"711\" \/>\n\t<meta property=\"og:image:height\" content=\"336\" \/>\n\t<meta property=\"og:image:type\" content=\"image\/jpeg\" \/>\n<meta name=\"author\" content=\"tbrmedia\" \/>\n<meta name=\"twitter:card\" content=\"summary_large_image\" \/>\n<meta name=\"twitter:creator\" content=\"@finnhandball\" \/>\n<meta name=\"twitter:site\" content=\"@finnhandball\" \/>\n<script type=\"application\/ld+json\" class=\"yoast-schema-graph\">{\"@context\":\"https:\\\/\\\/schema.org\",\"@graph\":[{\"@type\":\"Article\",\"@id\":\"https:\\\/\\\/aktialiiga.fi\\\/miehet\\\/2018-2019\\\/ottelut-2018-2019\\\/dicken-selvisi-saikahdyksella-sifn-kirista\\\/#article\",\"isPartOf\":{\"@id\":\"https:\\\/\\\/aktialiiga.fi\\\/miehet\\\/2018-2019\\\/ottelut-2018-2019\\\/dicken-selvisi-saikahdyksella-sifn-kirista\\\/\"},\"author\":{\"name\":\"tbrmedia\",\"@id\":\"https:\\\/\\\/aktialiiga.fi\\\/miehet\\\/#\\\/schema\\\/person\\\/c14bf42f47041db74603c45afcb18d87\"},\"headline\":\"Dicken selvisi s\u00e4ik\u00e4hdyksell\u00e4 SIF:n kirist\u00e4\",\"datePublished\":\"2019-01-29T18:47:52+00:00\",\"dateModified\":\"2019-01-29T18:54:15+00:00\",\"mainEntityOfPage\":{\"@id\":\"https:\\\/\\\/aktialiiga.fi\\\/miehet\\\/2018-2019\\\/ottelut-2018-2019\\\/dicken-selvisi-saikahdyksella-sifn-kirista\\\/\"},\"wordCount\":294,\"publisher\":{\"@id\":\"https:\\\/\\\/aktialiiga.fi\\\/miehet\\\/#organization\"},\"image\":{\"@id\":\"https:\\\/\\\/aktialiiga.fi\\\/miehet\\\/2018-2019\\\/ottelut-2018-2019\\\/dicken-selvisi-saikahdyksella-sifn-kirista\\\/#primaryimage\"},\"thumbnailUrl\":\"https:\\\/\\\/i0.wp.com\\\/aktialiiga.fi\\\/miehet\\\/wp-content\\\/uploads\\\/sites\\\/5\\\/2019\\\/01\\\/Dicken_Granlund_Robin_1819.jpg?fit=711%2C336&ssl=1\",\"keywords\":[\"Dicken\",\"SIF\"],\"articleSection\":[\"Ottelut\"],\"inLanguage\":\"fi\"},{\"@type\":\"WebPage\",\"@id\":\"https:\\\/\\\/aktialiiga.fi\\\/miehet\\\/2018-2019\\\/ottelut-2018-2019\\\/dicken-selvisi-saikahdyksella-sifn-kirista\\\/\",\"url\":\"https:\\\/\\\/aktialiiga.fi\\\/miehet\\\/2018-2019\\\/ottelut-2018-2019\\\/dicken-selvisi-saikahdyksella-sifn-kirista\\\/\",\"name\":\"Dicken selvisi s\u00e4ik\u00e4hdyksell\u00e4 SIF:n kirist\u00e4 | K\u00e4sipallon miesten Aktialiiga\",\"isPartOf\":{\"@id\":\"https:\\\/\\\/aktialiiga.fi\\\/miehet\\\/#website\"},\"primaryImageOfPage\":{\"@id\":\"https:\\\/\\\/aktialiiga.fi\\\/miehet\\\/2018-2019\\\/ottelut-2018-2019\\\/dicken-selvisi-saikahdyksella-sifn-kirista\\\/#primaryimage\"},\"image\":{\"@id\":\"https:\\\/\\\/aktialiiga.fi\\\/miehet\\\/2018-2019\\\/ottelut-2018-2019\\\/dicken-selvisi-saikahdyksella-sifn-kirista\\\/#primaryimage\"},\"thumbnailUrl\":\"https:\\\/\\\/i0.wp.com\\\/aktialiiga.fi\\\/miehet\\\/wp-content\\\/uploads\\\/sites\\\/5\\\/2019\\\/01\\\/Dicken_Granlund_Robin_1819.jpg?fit=711%2C336&ssl=1\",\"datePublished\":\"2019-01-29T18:47:52+00:00\",\"dateModified\":\"2019-01-29T18:54:15+00:00\",\"breadcrumb\":{\"@id\":\"https:\\\/\\\/aktialiiga.fi\\\/miehet\\\/2018-2019\\\/ottelut-2018-2019\\\/dicken-selvisi-saikahdyksella-sifn-kirista\\\/#breadcrumb\"},\"inLanguage\":\"fi\",\"potentialAction\":[{\"@type\":\"ReadAction\",\"target\":[\"https:\\\/\\\/aktialiiga.fi\\\/miehet\\\/2018-2019\\\/ottelut-2018-2019\\\/dicken-selvisi-saikahdyksella-sifn-kirista\\\/\"]}]},{\"@type\":\"ImageObject\",\"inLanguage\":\"fi\",\"@id\":\"https:\\\/\\\/aktialiiga.fi\\\/miehet\\\/2018-2019\\\/ottelut-2018-2019\\\/dicken-selvisi-saikahdyksella-sifn-kirista\\\/#primaryimage\",\"url\":\"https:\\\/\\\/i0.wp.com\\\/aktialiiga.fi\\\/miehet\\\/wp-content\\\/uploads\\\/sites\\\/5\\\/2019\\\/01\\\/Dicken_Granlund_Robin_1819.jpg?fit=711%2C336&ssl=1\",\"contentUrl\":\"https:\\\/\\\/i0.wp.com\\\/aktialiiga.fi\\\/miehet\\\/wp-content\\\/uploads\\\/sites\\\/5\\\/2019\\\/01\\\/Dicken_Granlund_Robin_1819.jpg?fit=711%2C336&ssl=1\",\"width\":711,\"height\":336},{\"@type\":\"BreadcrumbList\",\"@id\":\"https:\\\/\\\/aktialiiga.fi\\\/miehet\\\/2018-2019\\\/ottelut-2018-2019\\\/dicken-selvisi-saikahdyksella-sifn-kirista\\\/#breadcrumb\",\"itemListElement\":[{\"@type\":\"ListItem\",\"position\":1,\"name\":\"Etusivu\",\"item\":\"https:\\\/\\\/aktialiiga.fi\\\/miehet\\\/\"},{\"@type\":\"ListItem\",\"position\":2,\"name\":\"Dicken selvisi s\u00e4ik\u00e4hdyksell\u00e4 SIF:n kirist\u00e4\"}]},{\"@type\":\"WebSite\",\"@id\":\"https:\\\/\\\/aktialiiga.fi\\\/miehet\\\/#website\",\"url\":\"https:\\\/\\\/aktialiiga.fi\\\/miehet\\\/\",\"name\":\"K\u00e4sipallon miesten Aktialiiga\",\"description\":\"Valtakunnan vauhdikkainta palloilua!\",\"publisher\":{\"@id\":\"https:\\\/\\\/aktialiiga.fi\\\/miehet\\\/#organization\"},\"potentialAction\":[{\"@type\":\"SearchAction\",\"target\":{\"@type\":\"EntryPoint\",\"urlTemplate\":\"https:\\\/\\\/aktialiiga.fi\\\/miehet\\\/?s={search_term_string}\"},\"query-input\":{\"@type\":\"PropertyValueSpecification\",\"valueRequired\":true,\"valueName\":\"search_term_string\"}}],\"inLanguage\":\"fi\"},{\"@type\":\"Organization\",\"@id\":\"https:\\\/\\\/aktialiiga.fi\\\/miehet\\\/#organization\",\"name\":\"K\u00e4sipallon miesten Aktialiiga\",\"url\":\"https:\\\/\\\/aktialiiga.fi\\\/miehet\\\/\",\"logo\":{\"@type\":\"ImageObject\",\"inLanguage\":\"fi\",\"@id\":\"https:\\\/\\\/aktialiiga.fi\\\/miehet\\\/#\\\/schema\\\/logo\\\/image\\\/\",\"url\":\"https:\\\/\\\/i0.wp.com\\\/aktialiiga.fi\\\/miehet\\\/wp-content\\\/uploads\\\/sites\\\/5\\\/2024\\\/09\\\/Aktialiiga-Yoast-512.png?fit=512%2C512&ssl=1\",\"contentUrl\":\"https:\\\/\\\/i0.wp.com\\\/aktialiiga.fi\\\/miehet\\\/wp-content\\\/uploads\\\/sites\\\/5\\\/2024\\\/09\\\/Aktialiiga-Yoast-512.png?fit=512%2C512&ssl=1\",\"width\":512,\"height\":512,\"caption\":\"K\u00e4sipallon miesten Aktialiiga\"},\"image\":{\"@id\":\"https:\\\/\\\/aktialiiga.fi\\\/miehet\\\/#\\\/schema\\\/logo\\\/image\\\/\"},\"sameAs\":[\"https:\\\/\\\/www.facebook.com\\\/finnhandball\",\"https:\\\/\\\/x.com\\\/finnhandball\",\"https:\\\/\\\/www.instagram.com\\\/handballfinland\\\/\"]},{\"@type\":\"Person\",\"@id\":\"https:\\\/\\\/aktialiiga.fi\\\/miehet\\\/#\\\/schema\\\/person\\\/c14bf42f47041db74603c45afcb18d87\",\"name\":\"tbrmedia\",\"image\":{\"@type\":\"ImageObject\",\"inLanguage\":\"fi\",\"@id\":\"https:\\\/\\\/secure.gravatar.com\\\/avatar\\\/ee975fa091fe581d12b60debb3439022686618368a7c142044c56724d4666b16?s=96&d=mm&r=g\",\"url\":\"https:\\\/\\\/secure.gravatar.com\\\/avatar\\\/ee975fa091fe581d12b60debb3439022686618368a7c142044c56724d4666b16?s=96&d=mm&r=g\",\"contentUrl\":\"https:\\\/\\\/secure.gravatar.com\\\/avatar\\\/ee975fa091fe581d12b60debb3439022686618368a7c142044c56724d4666b16?s=96&d=mm&r=g\",\"caption\":\"tbrmedia\"}}]}<\/script>\n<!-- \/ Yoast SEO plugin. -->","yoast_head_json":{"title":"Dicken selvisi s\u00e4ik\u00e4hdyksell\u00e4 SIF:n kirist\u00e4 | K\u00e4sipallon miesten Aktialiiga","robots":{"index":"index","follow":"follow","max-snippet":"max-snippet:-1","max-image-preview":"max-image-preview:large","max-video-preview":"max-video-preview:-1"},"canonical":"https:\/\/aktialiiga.fi\/miehet\/2018-2019\/ottelut-2018-2019\/dicken-selvisi-saikahdyksella-sifn-kirista\/","og_locale":"fi_FI","og_type":"article","og_title":"Dicken selvisi s\u00e4ik\u00e4hdyksell\u00e4 SIF:n kirist\u00e4 | K\u00e4sipallon miesten Aktialiiga","og_description":"Dicken otti pisteet tiistaisesta kotiottelustaan SIF:aa vastaan, mutta joutui taistelemaan pisteist\u00e4 loppuun asti siuntiolaisten kiritty\u00e4 vahvasti lopussa. Suhteellisen tasaisen alun j\u00e4lkeen Dicken nyk\u00e4isi avausjakson puoliv\u00e4liss\u00e4 kuuden maalin karkumatkalle. Taukoon menness\u00e4 Dicken oli kasvattanut johtonsa jo kahdeksaan maaliin. Kun ero pian tauon j\u00e4lkeen oli kotijoukkueen eduksi jo yli kymmenen maalia, alkoi ottelu n\u00e4ytt\u00e4\u00e4 ratkaistulta. Viel\u00e4 vajaa [&hellip;]","og_url":"https:\/\/aktialiiga.fi\/miehet\/2018-2019\/ottelut-2018-2019\/dicken-selvisi-saikahdyksella-sifn-kirista\/","og_site_name":"K\u00e4sipallon miesten Aktialiiga","article_publisher":"https:\/\/www.facebook.com\/finnhandball","article_published_time":"2019-01-29T18:47:52+00:00","article_modified_time":"2019-01-29T18:54:15+00:00","og_image":[{"width":711,"height":336,"url":"https:\/\/i0.wp.com\/aktialiiga.fi\/miehet\/wp-content\/uploads\/sites\/5\/2019\/01\/Dicken_Granlund_Robin_1819.jpg?fit=711%2C336&ssl=1","type":"image\/jpeg"}],"author":"tbrmedia","twitter_card":"summary_large_image","twitter_creator":"@finnhandball","twitter_site":"@finnhandball","schema":{"@context":"https:\/\/schema.org","@graph":[{"@type":"Article","@id":"https:\/\/aktialiiga.fi\/miehet\/2018-2019\/ottelut-2018-2019\/dicken-selvisi-saikahdyksella-sifn-kirista\/#article","isPartOf":{"@id":"https:\/\/aktialiiga.fi\/miehet\/2018-2019\/ottelut-2018-2019\/dicken-selvisi-saikahdyksella-sifn-kirista\/"},"author":{"name":"tbrmedia","@id":"https:\/\/aktialiiga.fi\/miehet\/#\/schema\/person\/c14bf42f47041db74603c45afcb18d87"},"headline":"Dicken selvisi s\u00e4ik\u00e4hdyksell\u00e4 SIF:n kirist\u00e4","datePublished":"2019-01-29T18:47:52+00:00","dateModified":"2019-01-29T18:54:15+00:00","mainEntityOfPage":{"@id":"https:\/\/aktialiiga.fi\/miehet\/2018-2019\/ottelut-2018-2019\/dicken-selvisi-saikahdyksella-sifn-kirista\/"},"wordCount":294,"publisher":{"@id":"https:\/\/aktialiiga.fi\/miehet\/#organization"},"image":{"@id":"https:\/\/aktialiiga.fi\/miehet\/2018-2019\/ottelut-2018-2019\/dicken-selvisi-saikahdyksella-sifn-kirista\/#primaryimage"},"thumbnailUrl":"https:\/\/i0.wp.com\/aktialiiga.fi\/miehet\/wp-content\/uploads\/sites\/5\/2019\/01\/Dicken_Granlund_Robin_1819.jpg?fit=711%2C336&ssl=1","keywords":["Dicken","SIF"],"articleSection":["Ottelut"],"inLanguage":"fi"},{"@type":"WebPage","@id":"https:\/\/aktialiiga.fi\/miehet\/2018-2019\/ottelut-2018-2019\/dicken-selvisi-saikahdyksella-sifn-kirista\/","url":"https:\/\/aktialiiga.fi\/miehet\/2018-2019\/ottelut-2018-2019\/dicken-selvisi-saikahdyksella-sifn-kirista\/","name":"Dicken selvisi s\u00e4ik\u00e4hdyksell\u00e4 SIF:n kirist\u00e4 | K\u00e4sipallon miesten Aktialiiga","isPartOf":{"@id":"https:\/\/aktialiiga.fi\/miehet\/#website"},"primaryImageOfPage":{"@id":"https:\/\/aktialiiga.fi\/miehet\/2018-2019\/ottelut-2018-2019\/dicken-selvisi-saikahdyksella-sifn-kirista\/#primaryimage"},"image":{"@id":"https:\/\/aktialiiga.fi\/miehet\/2018-2019\/ottelut-2018-2019\/dicken-selvisi-saikahdyksella-sifn-kirista\/#primaryimage"},"thumbnailUrl":"https:\/\/i0.wp.com\/aktialiiga.fi\/miehet\/wp-content\/uploads\/sites\/5\/2019\/01\/Dicken_Granlund_Robin_1819.jpg?fit=711%2C336&ssl=1","datePublished":"2019-01-29T18:47:52+00:00","dateModified":"2019-01-29T18:54:15+00:00","breadcrumb":{"@id":"https:\/\/aktialiiga.fi\/miehet\/2018-2019\/ottelut-2018-2019\/dicken-selvisi-saikahdyksella-sifn-kirista\/#breadcrumb"},"inLanguage":"fi","potentialAction":[{"@type":"ReadAction","target":["https:\/\/aktialiiga.fi\/miehet\/2018-2019\/ottelut-2018-2019\/dicken-selvisi-saikahdyksella-sifn-kirista\/"]}]},{"@type":"ImageObject","inLanguage":"fi","@id":"https:\/\/aktialiiga.fi\/miehet\/2018-2019\/ottelut-2018-2019\/dicken-selvisi-saikahdyksella-sifn-kirista\/#primaryimage","url":"https:\/\/i0.wp.com\/aktialiiga.fi\/miehet\/wp-content\/uploads\/sites\/5\/2019\/01\/Dicken_Granlund_Robin_1819.jpg?fit=711%2C336&ssl=1","contentUrl":"https:\/\/i0.wp.com\/aktialiiga.fi\/miehet\/wp-content\/uploads\/sites\/5\/2019\/01\/Dicken_Granlund_Robin_1819.jpg?fit=711%2C336&ssl=1","width":711,"height":336},{"@type":"BreadcrumbList","@id":"https:\/\/aktialiiga.fi\/miehet\/2018-2019\/ottelut-2018-2019\/dicken-selvisi-saikahdyksella-sifn-kirista\/#breadcrumb","itemListElement":[{"@type":"ListItem","position":1,"name":"Etusivu","item":"https:\/\/aktialiiga.fi\/miehet\/"},{"@type":"ListItem","position":2,"name":"Dicken selvisi s\u00e4ik\u00e4hdyksell\u00e4 SIF:n kirist\u00e4"}]},{"@type":"WebSite","@id":"https:\/\/aktialiiga.fi\/miehet\/#website","url":"https:\/\/aktialiiga.fi\/miehet\/","name":"K\u00e4sipallon miesten Aktialiiga","description":"Valtakunnan vauhdikkainta palloilua!","publisher":{"@id":"https:\/\/aktialiiga.fi\/miehet\/#organization"},"potentialAction":[{"@type":"SearchAction","target":{"@type":"EntryPoint","urlTemplate":"https:\/\/aktialiiga.fi\/miehet\/?s={search_term_string}"},"query-input":{"@type":"PropertyValueSpecification","valueRequired":true,"valueName":"search_term_string"}}],"inLanguage":"fi"},{"@type":"Organization","@id":"https:\/\/aktialiiga.fi\/miehet\/#organization","name":"K\u00e4sipallon miesten Aktialiiga","url":"https:\/\/aktialiiga.fi\/miehet\/","logo":{"@type":"ImageObject","inLanguage":"fi","@id":"https:\/\/aktialiiga.fi\/miehet\/#\/schema\/logo\/image\/","url":"https:\/\/i0.wp.com\/aktialiiga.fi\/miehet\/wp-content\/uploads\/sites\/5\/2024\/09\/Aktialiiga-Yoast-512.png?fit=512%2C512&ssl=1","contentUrl":"https:\/\/i0.wp.com\/aktialiiga.fi\/miehet\/wp-content\/uploads\/sites\/5\/2024\/09\/Aktialiiga-Yoast-512.png?fit=512%2C512&ssl=1","width":512,"height":512,"caption":"K\u00e4sipallon miesten Aktialiiga"},"image":{"@id":"https:\/\/aktialiiga.fi\/miehet\/#\/schema\/logo\/image\/"},"sameAs":["https:\/\/www.facebook.com\/finnhandball","https:\/\/x.com\/finnhandball","https:\/\/www.instagram.com\/handballfinland\/"]},{"@type":"Person","@id":"https:\/\/aktialiiga.fi\/miehet\/#\/schema\/person\/c14bf42f47041db74603c45afcb18d87","name":"tbrmedia","image":{"@type":"ImageObject","inLanguage":"fi","@id":"https:\/\/secure.gravatar.com\/avatar\/ee975fa091fe581d12b60debb3439022686618368a7c142044c56724d4666b16?s=96&d=mm&r=g","url":"https:\/\/secure.gravatar.com\/avatar\/ee975fa091fe581d12b60debb3439022686618368a7c142044c56724d4666b16?s=96&d=mm&r=g","contentUrl":"https:\/\/secure.gravatar.com\/avatar\/ee975fa091fe581d12b60debb3439022686618368a7c142044c56724d4666b16?s=96&d=mm&r=g","caption":"tbrmedia"}}]}},"jetpack_featured_media_url":"https:\/\/i0.wp.com\/aktialiiga.fi\/miehet\/wp-content\/uploads\/sites\/5\/2019\/01\/Dicken_Granlund_Robin_1819.jpg?fit=711%2C336&ssl=1","jetpack_sharing_enabled":true,"jetpack_shortlink":"https:\/\/wp.me\/pfTxOr-5KZ","_links":{"self":[{"href":"https:\/\/aktialiiga.fi\/miehet\/wp-json\/wp\/v2\/posts\/22133","targetHints":{"allow":["GET"]}}],"collection":[{"href":"https:\/\/aktialiiga.fi\/miehet\/wp-json\/wp\/v2\/posts"}],"about":[{"href":"https:\/\/aktialiiga.fi\/miehet\/wp-json\/wp\/v2\/types\/post"}],"author":[{"embeddable":true,"href":"https:\/\/aktialiiga.fi\/miehet\/wp-json\/wp\/v2\/users\/13"}],"replies":[{"embeddable":true,"href":"https:\/\/aktialiiga.fi\/miehet\/wp-json\/wp\/v2\/comments?post=22133"}],"version-history":[{"count":0,"href":"https:\/\/aktialiiga.fi\/miehet\/wp-json\/wp\/v2\/posts\/22133\/revisions"}],"wp:featuredmedia":[{"embeddable":true,"href":"https:\/\/aktialiiga.fi\/miehet\/wp-json\/wp\/v2\/media\/22134"}],"wp:attachment":[{"href":"https:\/\/aktialiiga.fi\/miehet\/wp-json\/wp\/v2\/media?parent=22133"}],"wp:term":[{"taxonomy":"category","embeddable":true,"href":"https:\/\/aktialiiga.fi\/miehet\/wp-json\/wp\/v2\/categories?post=22133"},{"taxonomy":"post_tag","embeddable":true,"href":"https:\/\/aktialiiga.fi\/miehet\/wp-json\/wp\/v2\/tags?post=22133"}],"curies":[{"name":"wp","href":"https:\/\/api.w.org\/{rel}","templated":true}]}}