{"id":22250,"date":"2019-02-09T17:29:18","date_gmt":"2019-02-09T15:29:18","guid":{"rendered":"https:\/\/aktialiiga.fi\/miehet\/?p=22250"},"modified":"2019-02-09T18:15:00","modified_gmt":"2019-02-09T16:15:00","slug":"bk-46-vaansi-toisella-jaksolla-voittoon-hifksta","status":"publish","type":"post","link":"https:\/\/aktialiiga.fi\/miehet\/2018-2019\/ottelut-2018-2019\/bk-46-vaansi-toisella-jaksolla-voittoon-hifksta\/","title":{"rendered":"BK-46 v\u00e4\u00e4nsi toisella jaksolla voittoon HIFK:sta"},"content":{"rendered":"<p>BK-46 ja HIFK kamppailivat pisteist\u00e4 tasap\u00e4isesti lauantaina ensimm\u00e4isen jakson, mutta toisella 30-minuuttisella karjaalaiset puristivat voittoon.<\/p>\n<p>Kotijoukkue BK p\u00e4\u00e4si alkuminuuteilla kolmen maalin johtoon, mutta HIFK p\u00e4\u00e4si nopeasti peliin mukaan ja avausjakso eteni eritt\u00e4in tasaisena. Eroa suuntaan eik\u00e4 toiseen ei k\u00e4yt\u00e4nn\u00f6ss\u00e4 syntynyt miss\u00e4\u00e4n vaiheessa ja tauolle mentiin BK:n niukassa johdossa.<\/p>\n<p>Toisella jaksolla alun j\u00e4lkeen BK alkoi kiskoa pient\u00e4 eroa. HIFK pysyi tuntumassa, kunnes jakson puoliv\u00e4lin j\u00e4lkeen ero alkoi kasvaa. Viimeiselle kymmenminuuttiselle l\u00e4hdettiin BK:n johtaessa jo seitsem\u00e4ll\u00e4 maalilla. Ottelu n\u00e4ytti jo ratkaistulta, mutta HIFK taisteli loppuun saakka kaventaen eroa p\u00e4\u00e4sem\u00e4tt\u00e4 kuitenkaan toden teolla en\u00e4\u00e4 kamppailemaan pisteist\u00e4.<\/p>\n<p>BK-46:n p\u00e4\u00e4valmentaja\u00a0 Mikael K\u00e4llman oli mietteiss\u00e4\u00e4n ottelun j\u00e4lkeen, vaikka voitto toki maistui.<\/p>\n<p>&#8211; V\u00e4h\u00e4n tahmeata meilt\u00e4. Kun muutettiin puolustusj\u00e4rjestelm\u00e4\u00e4 5-1:ksi, saatiin ottelu hallintaamme. Kokonaisuuteen olen tyytyv\u00e4inen, K\u00e4llman mietti.<\/p>\n<p>HIFK.n p\u00e4\u00e4valmentaja Rostislav Grinishin harmitteli poissaoloja.<\/p>\n<p>&#8211; Ei ole helppo pelata kun meill\u00e4 on n\u00e4in monta pelaajaa loukkaantuneena. Annettiin kuitenkin hyv\u00e4 vastus BK:lle ja uskoa ensi keskiviikon otteluun Grankullaa vastaan, Grinishin viittasi runkosarjan p\u00e4\u00e4t\u00f6skierroksen t\u00e4rke\u00e4\u00e4n kamppailuun.<\/p>\n<p>Vakuuttavimman pelaajan kommentti tittelin ja kolme L\u00e4hiTapiola-t\u00e4hte\u00e4 nappasi BK:n tuore vahvistus Grygorij Semenchenko.<\/p>\n<p>&#8211; Olen tyytyv\u00e4inen ensimm\u00e4iseen peliini sek\u00e4 ensimm\u00e4iseen viikkooni Suomessa. Pid\u00e4n joukkueesta ja t\u00e4m\u00e4n varaan on hyv\u00e4\u00e4 rakentaa kohti kev\u00e4tt\u00e4, Semenchenko totesi.<\/p>\n<p><strong>BK-46 \u2013 HIFK 31-28 (15-14)<\/strong><\/p>\n<p><strong>Maalintekij\u00e4t<\/strong><br \/>\nBK-46: Viktor Gruzinskii 6, Sebastian S\u00e4kkinen 5, Grygorij Semenchenko 5, Andreas R\u00f6nnberg 5, Victor Westerlund 3, Robin Sj\u00f6man 3, Linus Sj\u00f6man 3, Janne Korpim\u00e4ki 1<br \/>\nHIFK: Ardo Puna 9, Oscar Udd 5, Vladimir Knopinskii 4, Sten Toomla 3, Tom Lindstr\u00f6m 2, Jasper Heino 2, Johannes Bargum 2, Niclas Ahlgren 1<\/p>\n<p><strong>L\u00e4hiTapiola-t\u00e4htipelaajat<\/strong><br \/>\nSemenchenko Grygorij BK-46\u00a0 3<br \/>\nArdo Puna HIFK 2<br \/>\nRobin Sj\u00f6man BK-46 1<\/p>\n<p><strong>2 min ulosajot sek\u00e4 pelist\u00e4 sulkemiset<\/strong><br \/>\nBK-46: Nicholas Mavrostomos\u00a0 1 x 2 min, Robin Sj\u00f6man\u00a0 2 x 2 min, Sebastian S\u00e4kkinen 1 x 2 min, Semenchenko Grygorij 1 x 2 min<br \/>\nHIFK: Mika Siv\u00e9n 1 x 2 min, Oscar Udd 2 x 2 min<\/p>\n<p><em>Erotuomarit<\/em>: Tapani Kuri &#8211; Krister Illman<\/p>\n<p><em>Yleis\u00f6\u00e4<\/em>: 461<\/p>\n","protected":false},"excerpt":{"rendered":"<p>BK-46 ja HIFK kamppailivat pisteist\u00e4 tasap\u00e4isesti lauantaina ensimm\u00e4isen jakson, mutta toisella 30-minuuttisella karjaalaiset puristivat voittoon. Kotijoukkue BK p\u00e4\u00e4si alkuminuuteilla kolmen maalin johtoon, mutta HIFK p\u00e4\u00e4si nopeasti peliin mukaan ja avausjakso eteni eritt\u00e4in tasaisena. Eroa suuntaan eik\u00e4 toiseen ei k\u00e4yt\u00e4nn\u00f6ss\u00e4 syntynyt miss\u00e4\u00e4n vaiheessa ja tauolle mentiin BK:n niukassa johdossa. Toisella jaksolla alun j\u00e4lkeen BK alkoi kiskoa [&hellip;]<\/p>\n","protected":false},"author":13,"featured_media":21428,"comment_status":"closed","ping_status":"closed","sticky":false,"template":"","format":"standard","meta":{"_acf_changed":false,"jetpack_post_was_ever_published":false,"_jetpack_newsletter_access":"","_jetpack_dont_email_post_to_subs":false,"_jetpack_newsletter_tier_id":0,"_jetpack_memberships_contains_paywalled_content":false,"_jetpack_memberships_contains_paid_content":false,"footnotes":""},"categories":[212],"tags":[56,71],"class_list":["post-22250","post","type-post","status-publish","format-standard","has-post-thumbnail","hentry","category-ottelut-2018-2019","tag-bk-46","tag-hifk"],"acf":[],"yoast_head":"<!-- This site is optimized with the Yoast SEO plugin v27.5 - https:\/\/yoast.com\/product\/yoast-seo-wordpress\/ -->\n<title>BK-46 v\u00e4\u00e4nsi toisella jaksolla voittoon HIFK:sta | K\u00e4sipallon miesten Aktialiiga<\/title>\n<meta name=\"robots\" content=\"index, follow, max-snippet:-1, max-image-preview:large, max-video-preview:-1\" \/>\n<link rel=\"canonical\" href=\"https:\/\/aktialiiga.fi\/miehet\/2018-2019\/ottelut-2018-2019\/bk-46-vaansi-toisella-jaksolla-voittoon-hifksta\/\" \/>\n<meta property=\"og:locale\" content=\"fi_FI\" \/>\n<meta property=\"og:type\" content=\"article\" \/>\n<meta property=\"og:title\" content=\"BK-46 v\u00e4\u00e4nsi toisella jaksolla voittoon HIFK:sta | K\u00e4sipallon miesten Aktialiiga\" \/>\n<meta property=\"og:description\" content=\"BK-46 ja HIFK kamppailivat pisteist\u00e4 tasap\u00e4isesti lauantaina ensimm\u00e4isen jakson, mutta toisella 30-minuuttisella karjaalaiset puristivat voittoon. Kotijoukkue BK p\u00e4\u00e4si alkuminuuteilla kolmen maalin johtoon, mutta HIFK p\u00e4\u00e4si nopeasti peliin mukaan ja avausjakso eteni eritt\u00e4in tasaisena. Eroa suuntaan eik\u00e4 toiseen ei k\u00e4yt\u00e4nn\u00f6ss\u00e4 syntynyt miss\u00e4\u00e4n vaiheessa ja tauolle mentiin BK:n niukassa johdossa. Toisella jaksolla alun j\u00e4lkeen BK alkoi kiskoa [&hellip;]\" \/>\n<meta property=\"og:url\" content=\"https:\/\/aktialiiga.fi\/miehet\/2018-2019\/ottelut-2018-2019\/bk-46-vaansi-toisella-jaksolla-voittoon-hifksta\/\" \/>\n<meta property=\"og:site_name\" content=\"K\u00e4sipallon miesten Aktialiiga\" \/>\n<meta property=\"article:publisher\" content=\"https:\/\/www.facebook.com\/finnhandball\" \/>\n<meta property=\"article:published_time\" content=\"2019-02-09T15:29:18+00:00\" \/>\n<meta property=\"article:modified_time\" content=\"2019-02-09T16:15:00+00:00\" \/>\n<meta property=\"og:image\" content=\"https:\/\/i0.wp.com\/aktialiiga.fi\/miehet\/wp-content\/uploads\/sites\/5\/2018\/11\/sj%C3%B6man_linus_bk-46_18-19.jpg?fit=720%2C320&ssl=1\" \/>\n\t<meta property=\"og:image:width\" content=\"720\" \/>\n\t<meta property=\"og:image:height\" content=\"320\" \/>\n\t<meta property=\"og:image:type\" content=\"image\/jpeg\" \/>\n<meta name=\"author\" content=\"tbrmedia\" \/>\n<meta name=\"twitter:card\" content=\"summary_large_image\" \/>\n<meta name=\"twitter:creator\" content=\"@finnhandball\" \/>\n<meta name=\"twitter:site\" content=\"@finnhandball\" \/>\n<script type=\"application\/ld+json\" class=\"yoast-schema-graph\">{\"@context\":\"https:\\\/\\\/schema.org\",\"@graph\":[{\"@type\":\"Article\",\"@id\":\"https:\\\/\\\/aktialiiga.fi\\\/miehet\\\/2018-2019\\\/ottelut-2018-2019\\\/bk-46-vaansi-toisella-jaksolla-voittoon-hifksta\\\/#article\",\"isPartOf\":{\"@id\":\"https:\\\/\\\/aktialiiga.fi\\\/miehet\\\/2018-2019\\\/ottelut-2018-2019\\\/bk-46-vaansi-toisella-jaksolla-voittoon-hifksta\\\/\"},\"author\":{\"name\":\"tbrmedia\",\"@id\":\"https:\\\/\\\/aktialiiga.fi\\\/miehet\\\/#\\\/schema\\\/person\\\/c14bf42f47041db74603c45afcb18d87\"},\"headline\":\"BK-46 v\u00e4\u00e4nsi toisella jaksolla voittoon HIFK:sta\",\"datePublished\":\"2019-02-09T15:29:18+00:00\",\"dateModified\":\"2019-02-09T16:15:00+00:00\",\"mainEntityOfPage\":{\"@id\":\"https:\\\/\\\/aktialiiga.fi\\\/miehet\\\/2018-2019\\\/ottelut-2018-2019\\\/bk-46-vaansi-toisella-jaksolla-voittoon-hifksta\\\/\"},\"wordCount\":347,\"publisher\":{\"@id\":\"https:\\\/\\\/aktialiiga.fi\\\/miehet\\\/#organization\"},\"image\":{\"@id\":\"https:\\\/\\\/aktialiiga.fi\\\/miehet\\\/2018-2019\\\/ottelut-2018-2019\\\/bk-46-vaansi-toisella-jaksolla-voittoon-hifksta\\\/#primaryimage\"},\"thumbnailUrl\":\"https:\\\/\\\/i0.wp.com\\\/aktialiiga.fi\\\/miehet\\\/wp-content\\\/uploads\\\/sites\\\/5\\\/2018\\\/11\\\/sj%C3%B6man_linus_bk-46_18-19.jpg?fit=720%2C320&ssl=1\",\"keywords\":[\"BK-46\",\"HIFK\"],\"articleSection\":[\"Ottelut\"],\"inLanguage\":\"fi\"},{\"@type\":\"WebPage\",\"@id\":\"https:\\\/\\\/aktialiiga.fi\\\/miehet\\\/2018-2019\\\/ottelut-2018-2019\\\/bk-46-vaansi-toisella-jaksolla-voittoon-hifksta\\\/\",\"url\":\"https:\\\/\\\/aktialiiga.fi\\\/miehet\\\/2018-2019\\\/ottelut-2018-2019\\\/bk-46-vaansi-toisella-jaksolla-voittoon-hifksta\\\/\",\"name\":\"BK-46 v\u00e4\u00e4nsi toisella jaksolla voittoon HIFK:sta | K\u00e4sipallon miesten Aktialiiga\",\"isPartOf\":{\"@id\":\"https:\\\/\\\/aktialiiga.fi\\\/miehet\\\/#website\"},\"primaryImageOfPage\":{\"@id\":\"https:\\\/\\\/aktialiiga.fi\\\/miehet\\\/2018-2019\\\/ottelut-2018-2019\\\/bk-46-vaansi-toisella-jaksolla-voittoon-hifksta\\\/#primaryimage\"},\"image\":{\"@id\":\"https:\\\/\\\/aktialiiga.fi\\\/miehet\\\/2018-2019\\\/ottelut-2018-2019\\\/bk-46-vaansi-toisella-jaksolla-voittoon-hifksta\\\/#primaryimage\"},\"thumbnailUrl\":\"https:\\\/\\\/i0.wp.com\\\/aktialiiga.fi\\\/miehet\\\/wp-content\\\/uploads\\\/sites\\\/5\\\/2018\\\/11\\\/sj%C3%B6man_linus_bk-46_18-19.jpg?fit=720%2C320&ssl=1\",\"datePublished\":\"2019-02-09T15:29:18+00:00\",\"dateModified\":\"2019-02-09T16:15:00+00:00\",\"breadcrumb\":{\"@id\":\"https:\\\/\\\/aktialiiga.fi\\\/miehet\\\/2018-2019\\\/ottelut-2018-2019\\\/bk-46-vaansi-toisella-jaksolla-voittoon-hifksta\\\/#breadcrumb\"},\"inLanguage\":\"fi\",\"potentialAction\":[{\"@type\":\"ReadAction\",\"target\":[\"https:\\\/\\\/aktialiiga.fi\\\/miehet\\\/2018-2019\\\/ottelut-2018-2019\\\/bk-46-vaansi-toisella-jaksolla-voittoon-hifksta\\\/\"]}]},{\"@type\":\"ImageObject\",\"inLanguage\":\"fi\",\"@id\":\"https:\\\/\\\/aktialiiga.fi\\\/miehet\\\/2018-2019\\\/ottelut-2018-2019\\\/bk-46-vaansi-toisella-jaksolla-voittoon-hifksta\\\/#primaryimage\",\"url\":\"https:\\\/\\\/i0.wp.com\\\/aktialiiga.fi\\\/miehet\\\/wp-content\\\/uploads\\\/sites\\\/5\\\/2018\\\/11\\\/sj%C3%B6man_linus_bk-46_18-19.jpg?fit=720%2C320&ssl=1\",\"contentUrl\":\"https:\\\/\\\/i0.wp.com\\\/aktialiiga.fi\\\/miehet\\\/wp-content\\\/uploads\\\/sites\\\/5\\\/2018\\\/11\\\/sj%C3%B6man_linus_bk-46_18-19.jpg?fit=720%2C320&ssl=1\",\"width\":720,\"height\":320,\"caption\":\"Linus Sj\u00f6man #21, BK-46 k\u00e4sipallon SM-liigan ottelussa Hifk - \u00c5ifk Energia Areenalla Vantaalla 22. syyskuuta 2018. (Kalle Parkkinen\\\/Newspix24)\"},{\"@type\":\"BreadcrumbList\",\"@id\":\"https:\\\/\\\/aktialiiga.fi\\\/miehet\\\/2018-2019\\\/ottelut-2018-2019\\\/bk-46-vaansi-toisella-jaksolla-voittoon-hifksta\\\/#breadcrumb\",\"itemListElement\":[{\"@type\":\"ListItem\",\"position\":1,\"name\":\"Etusivu\",\"item\":\"https:\\\/\\\/aktialiiga.fi\\\/miehet\\\/\"},{\"@type\":\"ListItem\",\"position\":2,\"name\":\"BK-46 v\u00e4\u00e4nsi toisella jaksolla voittoon HIFK:sta\"}]},{\"@type\":\"WebSite\",\"@id\":\"https:\\\/\\\/aktialiiga.fi\\\/miehet\\\/#website\",\"url\":\"https:\\\/\\\/aktialiiga.fi\\\/miehet\\\/\",\"name\":\"K\u00e4sipallon miesten Aktialiiga\",\"description\":\"Valtakunnan vauhdikkainta palloilua!\",\"publisher\":{\"@id\":\"https:\\\/\\\/aktialiiga.fi\\\/miehet\\\/#organization\"},\"potentialAction\":[{\"@type\":\"SearchAction\",\"target\":{\"@type\":\"EntryPoint\",\"urlTemplate\":\"https:\\\/\\\/aktialiiga.fi\\\/miehet\\\/?s={search_term_string}\"},\"query-input\":{\"@type\":\"PropertyValueSpecification\",\"valueRequired\":true,\"valueName\":\"search_term_string\"}}],\"inLanguage\":\"fi\"},{\"@type\":\"Organization\",\"@id\":\"https:\\\/\\\/aktialiiga.fi\\\/miehet\\\/#organization\",\"name\":\"K\u00e4sipallon miesten Aktialiiga\",\"url\":\"https:\\\/\\\/aktialiiga.fi\\\/miehet\\\/\",\"logo\":{\"@type\":\"ImageObject\",\"inLanguage\":\"fi\",\"@id\":\"https:\\\/\\\/aktialiiga.fi\\\/miehet\\\/#\\\/schema\\\/logo\\\/image\\\/\",\"url\":\"https:\\\/\\\/i0.wp.com\\\/aktialiiga.fi\\\/miehet\\\/wp-content\\\/uploads\\\/sites\\\/5\\\/2024\\\/09\\\/Aktialiiga-Yoast-512.png?fit=512%2C512&ssl=1\",\"contentUrl\":\"https:\\\/\\\/i0.wp.com\\\/aktialiiga.fi\\\/miehet\\\/wp-content\\\/uploads\\\/sites\\\/5\\\/2024\\\/09\\\/Aktialiiga-Yoast-512.png?fit=512%2C512&ssl=1\",\"width\":512,\"height\":512,\"caption\":\"K\u00e4sipallon miesten Aktialiiga\"},\"image\":{\"@id\":\"https:\\\/\\\/aktialiiga.fi\\\/miehet\\\/#\\\/schema\\\/logo\\\/image\\\/\"},\"sameAs\":[\"https:\\\/\\\/www.facebook.com\\\/finnhandball\",\"https:\\\/\\\/x.com\\\/finnhandball\",\"https:\\\/\\\/www.instagram.com\\\/handballfinland\\\/\"]},{\"@type\":\"Person\",\"@id\":\"https:\\\/\\\/aktialiiga.fi\\\/miehet\\\/#\\\/schema\\\/person\\\/c14bf42f47041db74603c45afcb18d87\",\"name\":\"tbrmedia\",\"image\":{\"@type\":\"ImageObject\",\"inLanguage\":\"fi\",\"@id\":\"https:\\\/\\\/secure.gravatar.com\\\/avatar\\\/ee975fa091fe581d12b60debb3439022686618368a7c142044c56724d4666b16?s=96&d=mm&r=g\",\"url\":\"https:\\\/\\\/secure.gravatar.com\\\/avatar\\\/ee975fa091fe581d12b60debb3439022686618368a7c142044c56724d4666b16?s=96&d=mm&r=g\",\"contentUrl\":\"https:\\\/\\\/secure.gravatar.com\\\/avatar\\\/ee975fa091fe581d12b60debb3439022686618368a7c142044c56724d4666b16?s=96&d=mm&r=g\",\"caption\":\"tbrmedia\"}}]}<\/script>\n<!-- \/ Yoast SEO plugin. -->","yoast_head_json":{"title":"BK-46 v\u00e4\u00e4nsi toisella jaksolla voittoon HIFK:sta | K\u00e4sipallon miesten Aktialiiga","robots":{"index":"index","follow":"follow","max-snippet":"max-snippet:-1","max-image-preview":"max-image-preview:large","max-video-preview":"max-video-preview:-1"},"canonical":"https:\/\/aktialiiga.fi\/miehet\/2018-2019\/ottelut-2018-2019\/bk-46-vaansi-toisella-jaksolla-voittoon-hifksta\/","og_locale":"fi_FI","og_type":"article","og_title":"BK-46 v\u00e4\u00e4nsi toisella jaksolla voittoon HIFK:sta | K\u00e4sipallon miesten Aktialiiga","og_description":"BK-46 ja HIFK kamppailivat pisteist\u00e4 tasap\u00e4isesti lauantaina ensimm\u00e4isen jakson, mutta toisella 30-minuuttisella karjaalaiset puristivat voittoon. Kotijoukkue BK p\u00e4\u00e4si alkuminuuteilla kolmen maalin johtoon, mutta HIFK p\u00e4\u00e4si nopeasti peliin mukaan ja avausjakso eteni eritt\u00e4in tasaisena. Eroa suuntaan eik\u00e4 toiseen ei k\u00e4yt\u00e4nn\u00f6ss\u00e4 syntynyt miss\u00e4\u00e4n vaiheessa ja tauolle mentiin BK:n niukassa johdossa. Toisella jaksolla alun j\u00e4lkeen BK alkoi kiskoa [&hellip;]","og_url":"https:\/\/aktialiiga.fi\/miehet\/2018-2019\/ottelut-2018-2019\/bk-46-vaansi-toisella-jaksolla-voittoon-hifksta\/","og_site_name":"K\u00e4sipallon miesten Aktialiiga","article_publisher":"https:\/\/www.facebook.com\/finnhandball","article_published_time":"2019-02-09T15:29:18+00:00","article_modified_time":"2019-02-09T16:15:00+00:00","og_image":[{"width":720,"height":320,"url":"https:\/\/i0.wp.com\/aktialiiga.fi\/miehet\/wp-content\/uploads\/sites\/5\/2018\/11\/sj%C3%B6man_linus_bk-46_18-19.jpg?fit=720%2C320&ssl=1","type":"image\/jpeg"}],"author":"tbrmedia","twitter_card":"summary_large_image","twitter_creator":"@finnhandball","twitter_site":"@finnhandball","schema":{"@context":"https:\/\/schema.org","@graph":[{"@type":"Article","@id":"https:\/\/aktialiiga.fi\/miehet\/2018-2019\/ottelut-2018-2019\/bk-46-vaansi-toisella-jaksolla-voittoon-hifksta\/#article","isPartOf":{"@id":"https:\/\/aktialiiga.fi\/miehet\/2018-2019\/ottelut-2018-2019\/bk-46-vaansi-toisella-jaksolla-voittoon-hifksta\/"},"author":{"name":"tbrmedia","@id":"https:\/\/aktialiiga.fi\/miehet\/#\/schema\/person\/c14bf42f47041db74603c45afcb18d87"},"headline":"BK-46 v\u00e4\u00e4nsi toisella jaksolla voittoon HIFK:sta","datePublished":"2019-02-09T15:29:18+00:00","dateModified":"2019-02-09T16:15:00+00:00","mainEntityOfPage":{"@id":"https:\/\/aktialiiga.fi\/miehet\/2018-2019\/ottelut-2018-2019\/bk-46-vaansi-toisella-jaksolla-voittoon-hifksta\/"},"wordCount":347,"publisher":{"@id":"https:\/\/aktialiiga.fi\/miehet\/#organization"},"image":{"@id":"https:\/\/aktialiiga.fi\/miehet\/2018-2019\/ottelut-2018-2019\/bk-46-vaansi-toisella-jaksolla-voittoon-hifksta\/#primaryimage"},"thumbnailUrl":"https:\/\/i0.wp.com\/aktialiiga.fi\/miehet\/wp-content\/uploads\/sites\/5\/2018\/11\/sj%C3%B6man_linus_bk-46_18-19.jpg?fit=720%2C320&ssl=1","keywords":["BK-46","HIFK"],"articleSection":["Ottelut"],"inLanguage":"fi"},{"@type":"WebPage","@id":"https:\/\/aktialiiga.fi\/miehet\/2018-2019\/ottelut-2018-2019\/bk-46-vaansi-toisella-jaksolla-voittoon-hifksta\/","url":"https:\/\/aktialiiga.fi\/miehet\/2018-2019\/ottelut-2018-2019\/bk-46-vaansi-toisella-jaksolla-voittoon-hifksta\/","name":"BK-46 v\u00e4\u00e4nsi toisella jaksolla voittoon HIFK:sta | K\u00e4sipallon miesten Aktialiiga","isPartOf":{"@id":"https:\/\/aktialiiga.fi\/miehet\/#website"},"primaryImageOfPage":{"@id":"https:\/\/aktialiiga.fi\/miehet\/2018-2019\/ottelut-2018-2019\/bk-46-vaansi-toisella-jaksolla-voittoon-hifksta\/#primaryimage"},"image":{"@id":"https:\/\/aktialiiga.fi\/miehet\/2018-2019\/ottelut-2018-2019\/bk-46-vaansi-toisella-jaksolla-voittoon-hifksta\/#primaryimage"},"thumbnailUrl":"https:\/\/i0.wp.com\/aktialiiga.fi\/miehet\/wp-content\/uploads\/sites\/5\/2018\/11\/sj%C3%B6man_linus_bk-46_18-19.jpg?fit=720%2C320&ssl=1","datePublished":"2019-02-09T15:29:18+00:00","dateModified":"2019-02-09T16:15:00+00:00","breadcrumb":{"@id":"https:\/\/aktialiiga.fi\/miehet\/2018-2019\/ottelut-2018-2019\/bk-46-vaansi-toisella-jaksolla-voittoon-hifksta\/#breadcrumb"},"inLanguage":"fi","potentialAction":[{"@type":"ReadAction","target":["https:\/\/aktialiiga.fi\/miehet\/2018-2019\/ottelut-2018-2019\/bk-46-vaansi-toisella-jaksolla-voittoon-hifksta\/"]}]},{"@type":"ImageObject","inLanguage":"fi","@id":"https:\/\/aktialiiga.fi\/miehet\/2018-2019\/ottelut-2018-2019\/bk-46-vaansi-toisella-jaksolla-voittoon-hifksta\/#primaryimage","url":"https:\/\/i0.wp.com\/aktialiiga.fi\/miehet\/wp-content\/uploads\/sites\/5\/2018\/11\/sj%C3%B6man_linus_bk-46_18-19.jpg?fit=720%2C320&ssl=1","contentUrl":"https:\/\/i0.wp.com\/aktialiiga.fi\/miehet\/wp-content\/uploads\/sites\/5\/2018\/11\/sj%C3%B6man_linus_bk-46_18-19.jpg?fit=720%2C320&ssl=1","width":720,"height":320,"caption":"Linus Sj\u00f6man #21, BK-46 k\u00e4sipallon SM-liigan ottelussa Hifk - \u00c5ifk Energia Areenalla Vantaalla 22. syyskuuta 2018. (Kalle Parkkinen\/Newspix24)"},{"@type":"BreadcrumbList","@id":"https:\/\/aktialiiga.fi\/miehet\/2018-2019\/ottelut-2018-2019\/bk-46-vaansi-toisella-jaksolla-voittoon-hifksta\/#breadcrumb","itemListElement":[{"@type":"ListItem","position":1,"name":"Etusivu","item":"https:\/\/aktialiiga.fi\/miehet\/"},{"@type":"ListItem","position":2,"name":"BK-46 v\u00e4\u00e4nsi toisella jaksolla voittoon HIFK:sta"}]},{"@type":"WebSite","@id":"https:\/\/aktialiiga.fi\/miehet\/#website","url":"https:\/\/aktialiiga.fi\/miehet\/","name":"K\u00e4sipallon miesten Aktialiiga","description":"Valtakunnan vauhdikkainta palloilua!","publisher":{"@id":"https:\/\/aktialiiga.fi\/miehet\/#organization"},"potentialAction":[{"@type":"SearchAction","target":{"@type":"EntryPoint","urlTemplate":"https:\/\/aktialiiga.fi\/miehet\/?s={search_term_string}"},"query-input":{"@type":"PropertyValueSpecification","valueRequired":true,"valueName":"search_term_string"}}],"inLanguage":"fi"},{"@type":"Organization","@id":"https:\/\/aktialiiga.fi\/miehet\/#organization","name":"K\u00e4sipallon miesten Aktialiiga","url":"https:\/\/aktialiiga.fi\/miehet\/","logo":{"@type":"ImageObject","inLanguage":"fi","@id":"https:\/\/aktialiiga.fi\/miehet\/#\/schema\/logo\/image\/","url":"https:\/\/i0.wp.com\/aktialiiga.fi\/miehet\/wp-content\/uploads\/sites\/5\/2024\/09\/Aktialiiga-Yoast-512.png?fit=512%2C512&ssl=1","contentUrl":"https:\/\/i0.wp.com\/aktialiiga.fi\/miehet\/wp-content\/uploads\/sites\/5\/2024\/09\/Aktialiiga-Yoast-512.png?fit=512%2C512&ssl=1","width":512,"height":512,"caption":"K\u00e4sipallon miesten Aktialiiga"},"image":{"@id":"https:\/\/aktialiiga.fi\/miehet\/#\/schema\/logo\/image\/"},"sameAs":["https:\/\/www.facebook.com\/finnhandball","https:\/\/x.com\/finnhandball","https:\/\/www.instagram.com\/handballfinland\/"]},{"@type":"Person","@id":"https:\/\/aktialiiga.fi\/miehet\/#\/schema\/person\/c14bf42f47041db74603c45afcb18d87","name":"tbrmedia","image":{"@type":"ImageObject","inLanguage":"fi","@id":"https:\/\/secure.gravatar.com\/avatar\/ee975fa091fe581d12b60debb3439022686618368a7c142044c56724d4666b16?s=96&d=mm&r=g","url":"https:\/\/secure.gravatar.com\/avatar\/ee975fa091fe581d12b60debb3439022686618368a7c142044c56724d4666b16?s=96&d=mm&r=g","contentUrl":"https:\/\/secure.gravatar.com\/avatar\/ee975fa091fe581d12b60debb3439022686618368a7c142044c56724d4666b16?s=96&d=mm&r=g","caption":"tbrmedia"}}]}},"jetpack_featured_media_url":"https:\/\/i0.wp.com\/aktialiiga.fi\/miehet\/wp-content\/uploads\/sites\/5\/2018\/11\/sj%C3%B6man_linus_bk-46_18-19.jpg?fit=720%2C320&ssl=1","jetpack_sharing_enabled":true,"jetpack_shortlink":"https:\/\/wp.me\/pfTxOr-5MS","_links":{"self":[{"href":"https:\/\/aktialiiga.fi\/miehet\/wp-json\/wp\/v2\/posts\/22250","targetHints":{"allow":["GET"]}}],"collection":[{"href":"https:\/\/aktialiiga.fi\/miehet\/wp-json\/wp\/v2\/posts"}],"about":[{"href":"https:\/\/aktialiiga.fi\/miehet\/wp-json\/wp\/v2\/types\/post"}],"author":[{"embeddable":true,"href":"https:\/\/aktialiiga.fi\/miehet\/wp-json\/wp\/v2\/users\/13"}],"replies":[{"embeddable":true,"href":"https:\/\/aktialiiga.fi\/miehet\/wp-json\/wp\/v2\/comments?post=22250"}],"version-history":[{"count":0,"href":"https:\/\/aktialiiga.fi\/miehet\/wp-json\/wp\/v2\/posts\/22250\/revisions"}],"wp:featuredmedia":[{"embeddable":true,"href":"https:\/\/aktialiiga.fi\/miehet\/wp-json\/wp\/v2\/media\/21428"}],"wp:attachment":[{"href":"https:\/\/aktialiiga.fi\/miehet\/wp-json\/wp\/v2\/media?parent=22250"}],"wp:term":[{"taxonomy":"category","embeddable":true,"href":"https:\/\/aktialiiga.fi\/miehet\/wp-json\/wp\/v2\/categories?post=22250"},{"taxonomy":"post_tag","embeddable":true,"href":"https:\/\/aktialiiga.fi\/miehet\/wp-json\/wp\/v2\/tags?post=22250"}],"curies":[{"name":"wp","href":"https:\/\/api.w.org\/{rel}","templated":true}]}}