{"id":22458,"date":"2019-03-08T20:39:14","date_gmt":"2019-03-08T18:39:14","guid":{"rendered":"https:\/\/aktialiiga.fi\/miehet\/?p=22458"},"modified":"2019-03-08T21:34:21","modified_gmt":"2019-03-08T19:34:21","slug":"sif-nousi-voittoon-aifksta-2","status":"publish","type":"post","link":"https:\/\/aktialiiga.fi\/miehet\/2018-2019\/ottelut-2018-2019\/sif-nousi-voittoon-aifksta-2\/","title":{"rendered":"SIF nousi voittoon \u00c5IFK:sta"},"content":{"rendered":"<p>SIF otti pitk\u00e4n askelen kohti puoliv\u00e4lieri\u00e4 nousemalla takaa-ajoasemasta niukkaan voittoon \u00c5IFK:n vieraana alemman jatkosarjan ottelussa perjantaina.<\/p>\n<p>Ottelun avausjakso eteni kotijoukkue \u00c5IFK:n hallinnassa. SIF ei johtanut ottelua kertaakaan, mutta ensimm\u00e4inen 15-minuuttinen oli kaikkineen eritt\u00e4in tasainen. T\u00e4m\u00e4n j\u00e4lkeen \u00c5IFK p\u00e4\u00e4si muutaman maalin johtoon, joka pysyi taukoon saakka.<\/p>\n<p>Toisen jakson alussa SIF puristi ensin rinnalle ja 10 minuutin kohdalla ensi kertaa johtoon. V\u00e4hitellen ote siirtyi siuntiolaisille, mutta \u00c5IFK taisteli loppuun saakka. Reilu minuutti ennen loppua eroa oli vain yksi maali, mutta SIF piti pintansa loppuun saakka.<\/p>\n<p>\u00c5IFK:n p\u00e4\u00e4valmentaja Robin Karlsson oli tyytyv\u00e4inen etenkin ensimm\u00e4isen jakson esitykseen.<\/p>\n<p>&#8211; Kauden paras ensimm\u00e4inen puoliaika hy\u00f6kk\u00e4yksellisesti. Puolustuksella on viel\u00e4 ty\u00f6skentelt\u00e4v\u00e4\u00e4. Hyv\u00e4 tsemppi, mutta ik\u00e4v\u00e4 kyll\u00e4 ei pisteit\u00e4. Opimme t\u00e4st\u00e4 ja jatkamme, Karlsson linjasi.<\/p>\n<p>SIF-luotsi Teddy Nordling l\u00f6ysi puolestaan eniten kiitett\u00e4v\u00e4\u00e4 noususta voittoon tauon j\u00e4lkeen. Nordlingilta irtosi kehut my\u00f6s vastustajalle.<\/p>\n<p>&#8211; Tasainen ja j\u00e4nnitt\u00e4v\u00e4 ottelu. Saamme olla iloisia p\u00e4iv\u00e4n voitosta. \u00c5bo taistelee hyvin. Pelin k\u00e4\u00e4nt\u00e4minen voittoon ensimm\u00e4isen puoliajan j\u00e4lkeen oli meilt\u00e4 vahva suoritus, Nordling arvioi.<\/p>\n<p>Vakuuttavimman pelaajan tittelin ja kolme L\u00e4hiTapiola-t\u00e4hte\u00e4 napsinut SIF:n Christoffer Thor oli pitk\u00e4lti samoilla linjoilla.<\/p>\n<p>&#8211; Muutaman meit\u00e4 vastaan tulleen tuomion j\u00e4lkeen meill\u00e4 oli vaikeaa, mutta taistelimme itsemme mukaan peliin. \u00c5bo tekee hyv\u00e4n suorituksen. Molemmat joukkueet taistelivat hyvin t\u00e4n\u00e4\u00e4n, Thor kehaisi.<\/p>\n<p><strong>\u00c5IFK \u2013 SIF 29-31 (18-15)<\/strong><\/p>\n<p><strong>Maalintekij\u00e4t<\/strong><br \/>\n\u00c5IFK: Peik Sj\u00f6blom 9, Andreas Nystr\u00f6m 6, Isak Lehvonen 4, Oscar Berglund 3, Alexander Nyst\u00e9n 2, Elias Nyman 2, Wilhelm Hammarberg 2, Albin J\u00e4rvinen 1<br \/>\nSIF: Christoffer Thor 8, Sten Maasalu 7, Ott Varik 6, Alexander von Numers 4, Fredrik Karlsson 3, Carl Weurlander 2, Vincent Voutilainen 1<\/p>\n<p><strong>L\u00e4hiTapiola-t\u00e4htipelaajat<\/strong><br \/>\nChristoffer Thor SIF 3<br \/>\nPeik Sj\u00f6blom \u00c5IFK 2<br \/>\nOtt Varik SIF 1<\/p>\n<p><strong>2 min ulosajot sek\u00e4 pelist\u00e4 sulkemiset<\/strong><br \/>\n\u00c5IFK: Oscar Berglund 1 x 2 min, Paavo Brummer 1 x 2 min, Peik Sj\u00f6blom 1 x 2 min<br \/>\nSIF: Alexander von Numers 1 x 2 min, Carl Weurlander 2 x 2 min, Ott Varik 1 x 2 min, Sten Maasalu 1 x 2 min, Vincent Voutilainen 2 x 2 min<\/p>\n<p><em>Erotuomarit<\/em>: Tapani Kuri &#8211; Krister Illman<\/p>\n<p><em>Yleis\u00f6\u00e4<\/em>: 210<\/p>\n","protected":false},"excerpt":{"rendered":"<p>SIF otti pitk\u00e4n askelen kohti puoliv\u00e4lieri\u00e4 nousemalla takaa-ajoasemasta niukkaan voittoon \u00c5IFK:n vieraana alemman jatkosarjan ottelussa perjantaina. Ottelun avausjakso eteni kotijoukkue \u00c5IFK:n hallinnassa. SIF ei johtanut ottelua kertaakaan, mutta ensimm\u00e4inen 15-minuuttinen oli kaikkineen eritt\u00e4in tasainen. T\u00e4m\u00e4n j\u00e4lkeen \u00c5IFK p\u00e4\u00e4si muutaman maalin johtoon, joka pysyi taukoon saakka. Toisen jakson alussa SIF puristi ensin rinnalle ja 10 minuutin [&hellip;]<\/p>\n","protected":false},"author":13,"featured_media":21894,"comment_status":"closed","ping_status":"closed","sticky":false,"template":"","format":"standard","meta":{"_acf_changed":false,"jetpack_post_was_ever_published":false,"_jetpack_newsletter_access":"","_jetpack_dont_email_post_to_subs":false,"_jetpack_newsletter_tier_id":0,"_jetpack_memberships_contains_paywalled_content":false,"_jetpack_memberships_contains_paid_content":false,"footnotes":""},"categories":[212],"tags":[50,111],"class_list":["post-22458","post","type-post","status-publish","format-standard","has-post-thumbnail","hentry","category-ottelut-2018-2019","tag-aifk","tag-sif"],"acf":[],"yoast_head":"<!-- This site is optimized with the Yoast SEO plugin v27.4 - https:\/\/yoast.com\/product\/yoast-seo-wordpress\/ -->\n<title>SIF nousi voittoon \u00c5IFK:sta | K\u00e4sipallon miesten Aktialiiga<\/title>\n<meta name=\"robots\" content=\"index, follow, max-snippet:-1, max-image-preview:large, max-video-preview:-1\" \/>\n<link rel=\"canonical\" href=\"https:\/\/aktialiiga.fi\/miehet\/2018-2019\/ottelut-2018-2019\/sif-nousi-voittoon-aifksta-2\/\" \/>\n<meta property=\"og:locale\" content=\"fi_FI\" \/>\n<meta property=\"og:type\" content=\"article\" \/>\n<meta property=\"og:title\" content=\"SIF nousi voittoon \u00c5IFK:sta | K\u00e4sipallon miesten Aktialiiga\" \/>\n<meta property=\"og:description\" content=\"SIF otti pitk\u00e4n askelen kohti puoliv\u00e4lieri\u00e4 nousemalla takaa-ajoasemasta niukkaan voittoon \u00c5IFK:n vieraana alemman jatkosarjan ottelussa perjantaina. Ottelun avausjakso eteni kotijoukkue \u00c5IFK:n hallinnassa. SIF ei johtanut ottelua kertaakaan, mutta ensimm\u00e4inen 15-minuuttinen oli kaikkineen eritt\u00e4in tasainen. T\u00e4m\u00e4n j\u00e4lkeen \u00c5IFK p\u00e4\u00e4si muutaman maalin johtoon, joka pysyi taukoon saakka. Toisen jakson alussa SIF puristi ensin rinnalle ja 10 minuutin [&hellip;]\" \/>\n<meta property=\"og:url\" content=\"https:\/\/aktialiiga.fi\/miehet\/2018-2019\/ottelut-2018-2019\/sif-nousi-voittoon-aifksta-2\/\" \/>\n<meta property=\"og:site_name\" content=\"K\u00e4sipallon miesten Aktialiiga\" \/>\n<meta property=\"article:publisher\" content=\"https:\/\/www.facebook.com\/finnhandball\" \/>\n<meta property=\"article:published_time\" content=\"2019-03-08T18:39:14+00:00\" \/>\n<meta property=\"article:modified_time\" content=\"2019-03-08T19:34:21+00:00\" \/>\n<meta property=\"og:image\" content=\"https:\/\/i0.wp.com\/aktialiiga.fi\/miehet\/wp-content\/uploads\/sites\/5\/2018\/12\/SIF_Varik_Ott_1819.jpg?fit=711%2C328&ssl=1\" \/>\n\t<meta property=\"og:image:width\" content=\"711\" \/>\n\t<meta property=\"og:image:height\" content=\"328\" \/>\n\t<meta property=\"og:image:type\" content=\"image\/jpeg\" \/>\n<meta name=\"author\" content=\"tbrmedia\" \/>\n<meta name=\"twitter:card\" content=\"summary_large_image\" \/>\n<meta name=\"twitter:creator\" content=\"@finnhandball\" \/>\n<meta name=\"twitter:site\" content=\"@finnhandball\" \/>\n<script type=\"application\/ld+json\" class=\"yoast-schema-graph\">{\"@context\":\"https:\\\/\\\/schema.org\",\"@graph\":[{\"@type\":\"Article\",\"@id\":\"https:\\\/\\\/aktialiiga.fi\\\/miehet\\\/2018-2019\\\/ottelut-2018-2019\\\/sif-nousi-voittoon-aifksta-2\\\/#article\",\"isPartOf\":{\"@id\":\"https:\\\/\\\/aktialiiga.fi\\\/miehet\\\/2018-2019\\\/ottelut-2018-2019\\\/sif-nousi-voittoon-aifksta-2\\\/\"},\"author\":{\"name\":\"tbrmedia\",\"@id\":\"https:\\\/\\\/aktialiiga.fi\\\/miehet\\\/#\\\/schema\\\/person\\\/c14bf42f47041db74603c45afcb18d87\"},\"headline\":\"SIF nousi voittoon \u00c5IFK:sta\",\"datePublished\":\"2019-03-08T18:39:14+00:00\",\"dateModified\":\"2019-03-08T19:34:21+00:00\",\"mainEntityOfPage\":{\"@id\":\"https:\\\/\\\/aktialiiga.fi\\\/miehet\\\/2018-2019\\\/ottelut-2018-2019\\\/sif-nousi-voittoon-aifksta-2\\\/\"},\"wordCount\":347,\"publisher\":{\"@id\":\"https:\\\/\\\/aktialiiga.fi\\\/miehet\\\/#organization\"},\"image\":{\"@id\":\"https:\\\/\\\/aktialiiga.fi\\\/miehet\\\/2018-2019\\\/ottelut-2018-2019\\\/sif-nousi-voittoon-aifksta-2\\\/#primaryimage\"},\"thumbnailUrl\":\"https:\\\/\\\/i0.wp.com\\\/aktialiiga.fi\\\/miehet\\\/wp-content\\\/uploads\\\/sites\\\/5\\\/2018\\\/12\\\/SIF_Varik_Ott_1819.jpg?fit=711%2C328&ssl=1\",\"keywords\":[\"\u00c5IFK\",\"SIF\"],\"articleSection\":[\"Ottelut\"],\"inLanguage\":\"fi\"},{\"@type\":\"WebPage\",\"@id\":\"https:\\\/\\\/aktialiiga.fi\\\/miehet\\\/2018-2019\\\/ottelut-2018-2019\\\/sif-nousi-voittoon-aifksta-2\\\/\",\"url\":\"https:\\\/\\\/aktialiiga.fi\\\/miehet\\\/2018-2019\\\/ottelut-2018-2019\\\/sif-nousi-voittoon-aifksta-2\\\/\",\"name\":\"SIF nousi voittoon \u00c5IFK:sta | K\u00e4sipallon miesten Aktialiiga\",\"isPartOf\":{\"@id\":\"https:\\\/\\\/aktialiiga.fi\\\/miehet\\\/#website\"},\"primaryImageOfPage\":{\"@id\":\"https:\\\/\\\/aktialiiga.fi\\\/miehet\\\/2018-2019\\\/ottelut-2018-2019\\\/sif-nousi-voittoon-aifksta-2\\\/#primaryimage\"},\"image\":{\"@id\":\"https:\\\/\\\/aktialiiga.fi\\\/miehet\\\/2018-2019\\\/ottelut-2018-2019\\\/sif-nousi-voittoon-aifksta-2\\\/#primaryimage\"},\"thumbnailUrl\":\"https:\\\/\\\/i0.wp.com\\\/aktialiiga.fi\\\/miehet\\\/wp-content\\\/uploads\\\/sites\\\/5\\\/2018\\\/12\\\/SIF_Varik_Ott_1819.jpg?fit=711%2C328&ssl=1\",\"datePublished\":\"2019-03-08T18:39:14+00:00\",\"dateModified\":\"2019-03-08T19:34:21+00:00\",\"breadcrumb\":{\"@id\":\"https:\\\/\\\/aktialiiga.fi\\\/miehet\\\/2018-2019\\\/ottelut-2018-2019\\\/sif-nousi-voittoon-aifksta-2\\\/#breadcrumb\"},\"inLanguage\":\"fi\",\"potentialAction\":[{\"@type\":\"ReadAction\",\"target\":[\"https:\\\/\\\/aktialiiga.fi\\\/miehet\\\/2018-2019\\\/ottelut-2018-2019\\\/sif-nousi-voittoon-aifksta-2\\\/\"]}]},{\"@type\":\"ImageObject\",\"inLanguage\":\"fi\",\"@id\":\"https:\\\/\\\/aktialiiga.fi\\\/miehet\\\/2018-2019\\\/ottelut-2018-2019\\\/sif-nousi-voittoon-aifksta-2\\\/#primaryimage\",\"url\":\"https:\\\/\\\/i0.wp.com\\\/aktialiiga.fi\\\/miehet\\\/wp-content\\\/uploads\\\/sites\\\/5\\\/2018\\\/12\\\/SIF_Varik_Ott_1819.jpg?fit=711%2C328&ssl=1\",\"contentUrl\":\"https:\\\/\\\/i0.wp.com\\\/aktialiiga.fi\\\/miehet\\\/wp-content\\\/uploads\\\/sites\\\/5\\\/2018\\\/12\\\/SIF_Varik_Ott_1819.jpg?fit=711%2C328&ssl=1\",\"width\":711,\"height\":328},{\"@type\":\"BreadcrumbList\",\"@id\":\"https:\\\/\\\/aktialiiga.fi\\\/miehet\\\/2018-2019\\\/ottelut-2018-2019\\\/sif-nousi-voittoon-aifksta-2\\\/#breadcrumb\",\"itemListElement\":[{\"@type\":\"ListItem\",\"position\":1,\"name\":\"Etusivu\",\"item\":\"https:\\\/\\\/aktialiiga.fi\\\/miehet\\\/\"},{\"@type\":\"ListItem\",\"position\":2,\"name\":\"SIF nousi voittoon \u00c5IFK:sta\"}]},{\"@type\":\"WebSite\",\"@id\":\"https:\\\/\\\/aktialiiga.fi\\\/miehet\\\/#website\",\"url\":\"https:\\\/\\\/aktialiiga.fi\\\/miehet\\\/\",\"name\":\"K\u00e4sipallon miesten Aktialiiga\",\"description\":\"Valtakunnan vauhdikkainta palloilua!\",\"publisher\":{\"@id\":\"https:\\\/\\\/aktialiiga.fi\\\/miehet\\\/#organization\"},\"potentialAction\":[{\"@type\":\"SearchAction\",\"target\":{\"@type\":\"EntryPoint\",\"urlTemplate\":\"https:\\\/\\\/aktialiiga.fi\\\/miehet\\\/?s={search_term_string}\"},\"query-input\":{\"@type\":\"PropertyValueSpecification\",\"valueRequired\":true,\"valueName\":\"search_term_string\"}}],\"inLanguage\":\"fi\"},{\"@type\":\"Organization\",\"@id\":\"https:\\\/\\\/aktialiiga.fi\\\/miehet\\\/#organization\",\"name\":\"K\u00e4sipallon miesten Aktialiiga\",\"url\":\"https:\\\/\\\/aktialiiga.fi\\\/miehet\\\/\",\"logo\":{\"@type\":\"ImageObject\",\"inLanguage\":\"fi\",\"@id\":\"https:\\\/\\\/aktialiiga.fi\\\/miehet\\\/#\\\/schema\\\/logo\\\/image\\\/\",\"url\":\"https:\\\/\\\/i0.wp.com\\\/aktialiiga.fi\\\/miehet\\\/wp-content\\\/uploads\\\/sites\\\/5\\\/2024\\\/09\\\/Aktialiiga-Yoast-512.png?fit=512%2C512&ssl=1\",\"contentUrl\":\"https:\\\/\\\/i0.wp.com\\\/aktialiiga.fi\\\/miehet\\\/wp-content\\\/uploads\\\/sites\\\/5\\\/2024\\\/09\\\/Aktialiiga-Yoast-512.png?fit=512%2C512&ssl=1\",\"width\":512,\"height\":512,\"caption\":\"K\u00e4sipallon miesten Aktialiiga\"},\"image\":{\"@id\":\"https:\\\/\\\/aktialiiga.fi\\\/miehet\\\/#\\\/schema\\\/logo\\\/image\\\/\"},\"sameAs\":[\"https:\\\/\\\/www.facebook.com\\\/finnhandball\",\"https:\\\/\\\/x.com\\\/finnhandball\",\"https:\\\/\\\/www.instagram.com\\\/handballfinland\\\/\"]},{\"@type\":\"Person\",\"@id\":\"https:\\\/\\\/aktialiiga.fi\\\/miehet\\\/#\\\/schema\\\/person\\\/c14bf42f47041db74603c45afcb18d87\",\"name\":\"tbrmedia\",\"image\":{\"@type\":\"ImageObject\",\"inLanguage\":\"fi\",\"@id\":\"https:\\\/\\\/secure.gravatar.com\\\/avatar\\\/ee975fa091fe581d12b60debb3439022686618368a7c142044c56724d4666b16?s=96&d=mm&r=g\",\"url\":\"https:\\\/\\\/secure.gravatar.com\\\/avatar\\\/ee975fa091fe581d12b60debb3439022686618368a7c142044c56724d4666b16?s=96&d=mm&r=g\",\"contentUrl\":\"https:\\\/\\\/secure.gravatar.com\\\/avatar\\\/ee975fa091fe581d12b60debb3439022686618368a7c142044c56724d4666b16?s=96&d=mm&r=g\",\"caption\":\"tbrmedia\"}}]}<\/script>\n<!-- \/ Yoast SEO plugin. -->","yoast_head_json":{"title":"SIF nousi voittoon \u00c5IFK:sta | K\u00e4sipallon miesten Aktialiiga","robots":{"index":"index","follow":"follow","max-snippet":"max-snippet:-1","max-image-preview":"max-image-preview:large","max-video-preview":"max-video-preview:-1"},"canonical":"https:\/\/aktialiiga.fi\/miehet\/2018-2019\/ottelut-2018-2019\/sif-nousi-voittoon-aifksta-2\/","og_locale":"fi_FI","og_type":"article","og_title":"SIF nousi voittoon \u00c5IFK:sta | K\u00e4sipallon miesten Aktialiiga","og_description":"SIF otti pitk\u00e4n askelen kohti puoliv\u00e4lieri\u00e4 nousemalla takaa-ajoasemasta niukkaan voittoon \u00c5IFK:n vieraana alemman jatkosarjan ottelussa perjantaina. Ottelun avausjakso eteni kotijoukkue \u00c5IFK:n hallinnassa. SIF ei johtanut ottelua kertaakaan, mutta ensimm\u00e4inen 15-minuuttinen oli kaikkineen eritt\u00e4in tasainen. T\u00e4m\u00e4n j\u00e4lkeen \u00c5IFK p\u00e4\u00e4si muutaman maalin johtoon, joka pysyi taukoon saakka. Toisen jakson alussa SIF puristi ensin rinnalle ja 10 minuutin [&hellip;]","og_url":"https:\/\/aktialiiga.fi\/miehet\/2018-2019\/ottelut-2018-2019\/sif-nousi-voittoon-aifksta-2\/","og_site_name":"K\u00e4sipallon miesten Aktialiiga","article_publisher":"https:\/\/www.facebook.com\/finnhandball","article_published_time":"2019-03-08T18:39:14+00:00","article_modified_time":"2019-03-08T19:34:21+00:00","og_image":[{"width":711,"height":328,"url":"https:\/\/i0.wp.com\/aktialiiga.fi\/miehet\/wp-content\/uploads\/sites\/5\/2018\/12\/SIF_Varik_Ott_1819.jpg?fit=711%2C328&ssl=1","type":"image\/jpeg"}],"author":"tbrmedia","twitter_card":"summary_large_image","twitter_creator":"@finnhandball","twitter_site":"@finnhandball","schema":{"@context":"https:\/\/schema.org","@graph":[{"@type":"Article","@id":"https:\/\/aktialiiga.fi\/miehet\/2018-2019\/ottelut-2018-2019\/sif-nousi-voittoon-aifksta-2\/#article","isPartOf":{"@id":"https:\/\/aktialiiga.fi\/miehet\/2018-2019\/ottelut-2018-2019\/sif-nousi-voittoon-aifksta-2\/"},"author":{"name":"tbrmedia","@id":"https:\/\/aktialiiga.fi\/miehet\/#\/schema\/person\/c14bf42f47041db74603c45afcb18d87"},"headline":"SIF nousi voittoon \u00c5IFK:sta","datePublished":"2019-03-08T18:39:14+00:00","dateModified":"2019-03-08T19:34:21+00:00","mainEntityOfPage":{"@id":"https:\/\/aktialiiga.fi\/miehet\/2018-2019\/ottelut-2018-2019\/sif-nousi-voittoon-aifksta-2\/"},"wordCount":347,"publisher":{"@id":"https:\/\/aktialiiga.fi\/miehet\/#organization"},"image":{"@id":"https:\/\/aktialiiga.fi\/miehet\/2018-2019\/ottelut-2018-2019\/sif-nousi-voittoon-aifksta-2\/#primaryimage"},"thumbnailUrl":"https:\/\/i0.wp.com\/aktialiiga.fi\/miehet\/wp-content\/uploads\/sites\/5\/2018\/12\/SIF_Varik_Ott_1819.jpg?fit=711%2C328&ssl=1","keywords":["\u00c5IFK","SIF"],"articleSection":["Ottelut"],"inLanguage":"fi"},{"@type":"WebPage","@id":"https:\/\/aktialiiga.fi\/miehet\/2018-2019\/ottelut-2018-2019\/sif-nousi-voittoon-aifksta-2\/","url":"https:\/\/aktialiiga.fi\/miehet\/2018-2019\/ottelut-2018-2019\/sif-nousi-voittoon-aifksta-2\/","name":"SIF nousi voittoon \u00c5IFK:sta | K\u00e4sipallon miesten Aktialiiga","isPartOf":{"@id":"https:\/\/aktialiiga.fi\/miehet\/#website"},"primaryImageOfPage":{"@id":"https:\/\/aktialiiga.fi\/miehet\/2018-2019\/ottelut-2018-2019\/sif-nousi-voittoon-aifksta-2\/#primaryimage"},"image":{"@id":"https:\/\/aktialiiga.fi\/miehet\/2018-2019\/ottelut-2018-2019\/sif-nousi-voittoon-aifksta-2\/#primaryimage"},"thumbnailUrl":"https:\/\/i0.wp.com\/aktialiiga.fi\/miehet\/wp-content\/uploads\/sites\/5\/2018\/12\/SIF_Varik_Ott_1819.jpg?fit=711%2C328&ssl=1","datePublished":"2019-03-08T18:39:14+00:00","dateModified":"2019-03-08T19:34:21+00:00","breadcrumb":{"@id":"https:\/\/aktialiiga.fi\/miehet\/2018-2019\/ottelut-2018-2019\/sif-nousi-voittoon-aifksta-2\/#breadcrumb"},"inLanguage":"fi","potentialAction":[{"@type":"ReadAction","target":["https:\/\/aktialiiga.fi\/miehet\/2018-2019\/ottelut-2018-2019\/sif-nousi-voittoon-aifksta-2\/"]}]},{"@type":"ImageObject","inLanguage":"fi","@id":"https:\/\/aktialiiga.fi\/miehet\/2018-2019\/ottelut-2018-2019\/sif-nousi-voittoon-aifksta-2\/#primaryimage","url":"https:\/\/i0.wp.com\/aktialiiga.fi\/miehet\/wp-content\/uploads\/sites\/5\/2018\/12\/SIF_Varik_Ott_1819.jpg?fit=711%2C328&ssl=1","contentUrl":"https:\/\/i0.wp.com\/aktialiiga.fi\/miehet\/wp-content\/uploads\/sites\/5\/2018\/12\/SIF_Varik_Ott_1819.jpg?fit=711%2C328&ssl=1","width":711,"height":328},{"@type":"BreadcrumbList","@id":"https:\/\/aktialiiga.fi\/miehet\/2018-2019\/ottelut-2018-2019\/sif-nousi-voittoon-aifksta-2\/#breadcrumb","itemListElement":[{"@type":"ListItem","position":1,"name":"Etusivu","item":"https:\/\/aktialiiga.fi\/miehet\/"},{"@type":"ListItem","position":2,"name":"SIF nousi voittoon \u00c5IFK:sta"}]},{"@type":"WebSite","@id":"https:\/\/aktialiiga.fi\/miehet\/#website","url":"https:\/\/aktialiiga.fi\/miehet\/","name":"K\u00e4sipallon miesten Aktialiiga","description":"Valtakunnan vauhdikkainta palloilua!","publisher":{"@id":"https:\/\/aktialiiga.fi\/miehet\/#organization"},"potentialAction":[{"@type":"SearchAction","target":{"@type":"EntryPoint","urlTemplate":"https:\/\/aktialiiga.fi\/miehet\/?s={search_term_string}"},"query-input":{"@type":"PropertyValueSpecification","valueRequired":true,"valueName":"search_term_string"}}],"inLanguage":"fi"},{"@type":"Organization","@id":"https:\/\/aktialiiga.fi\/miehet\/#organization","name":"K\u00e4sipallon miesten Aktialiiga","url":"https:\/\/aktialiiga.fi\/miehet\/","logo":{"@type":"ImageObject","inLanguage":"fi","@id":"https:\/\/aktialiiga.fi\/miehet\/#\/schema\/logo\/image\/","url":"https:\/\/i0.wp.com\/aktialiiga.fi\/miehet\/wp-content\/uploads\/sites\/5\/2024\/09\/Aktialiiga-Yoast-512.png?fit=512%2C512&ssl=1","contentUrl":"https:\/\/i0.wp.com\/aktialiiga.fi\/miehet\/wp-content\/uploads\/sites\/5\/2024\/09\/Aktialiiga-Yoast-512.png?fit=512%2C512&ssl=1","width":512,"height":512,"caption":"K\u00e4sipallon miesten Aktialiiga"},"image":{"@id":"https:\/\/aktialiiga.fi\/miehet\/#\/schema\/logo\/image\/"},"sameAs":["https:\/\/www.facebook.com\/finnhandball","https:\/\/x.com\/finnhandball","https:\/\/www.instagram.com\/handballfinland\/"]},{"@type":"Person","@id":"https:\/\/aktialiiga.fi\/miehet\/#\/schema\/person\/c14bf42f47041db74603c45afcb18d87","name":"tbrmedia","image":{"@type":"ImageObject","inLanguage":"fi","@id":"https:\/\/secure.gravatar.com\/avatar\/ee975fa091fe581d12b60debb3439022686618368a7c142044c56724d4666b16?s=96&d=mm&r=g","url":"https:\/\/secure.gravatar.com\/avatar\/ee975fa091fe581d12b60debb3439022686618368a7c142044c56724d4666b16?s=96&d=mm&r=g","contentUrl":"https:\/\/secure.gravatar.com\/avatar\/ee975fa091fe581d12b60debb3439022686618368a7c142044c56724d4666b16?s=96&d=mm&r=g","caption":"tbrmedia"}}]}},"jetpack_featured_media_url":"https:\/\/i0.wp.com\/aktialiiga.fi\/miehet\/wp-content\/uploads\/sites\/5\/2018\/12\/SIF_Varik_Ott_1819.jpg?fit=711%2C328&ssl=1","jetpack_sharing_enabled":true,"jetpack_shortlink":"https:\/\/wp.me\/pfTxOr-5Qe","_links":{"self":[{"href":"https:\/\/aktialiiga.fi\/miehet\/wp-json\/wp\/v2\/posts\/22458","targetHints":{"allow":["GET"]}}],"collection":[{"href":"https:\/\/aktialiiga.fi\/miehet\/wp-json\/wp\/v2\/posts"}],"about":[{"href":"https:\/\/aktialiiga.fi\/miehet\/wp-json\/wp\/v2\/types\/post"}],"author":[{"embeddable":true,"href":"https:\/\/aktialiiga.fi\/miehet\/wp-json\/wp\/v2\/users\/13"}],"replies":[{"embeddable":true,"href":"https:\/\/aktialiiga.fi\/miehet\/wp-json\/wp\/v2\/comments?post=22458"}],"version-history":[{"count":0,"href":"https:\/\/aktialiiga.fi\/miehet\/wp-json\/wp\/v2\/posts\/22458\/revisions"}],"wp:featuredmedia":[{"embeddable":true,"href":"https:\/\/aktialiiga.fi\/miehet\/wp-json\/wp\/v2\/media\/21894"}],"wp:attachment":[{"href":"https:\/\/aktialiiga.fi\/miehet\/wp-json\/wp\/v2\/media?parent=22458"}],"wp:term":[{"taxonomy":"category","embeddable":true,"href":"https:\/\/aktialiiga.fi\/miehet\/wp-json\/wp\/v2\/categories?post=22458"},{"taxonomy":"post_tag","embeddable":true,"href":"https:\/\/aktialiiga.fi\/miehet\/wp-json\/wp\/v2\/tags?post=22458"}],"curies":[{"name":"wp","href":"https:\/\/api.w.org\/{rel}","templated":true}]}}