{"id":22549,"date":"2019-03-19T19:05:47","date_gmt":"2019-03-19T17:05:47","guid":{"rendered":"https:\/\/aktialiiga.fi\/miehet\/?p=22549"},"modified":"2019-03-19T19:07:07","modified_gmt":"2019-03-19T17:07:07","slug":"ian-martin-vahvistaa-dickenia-seuraavat-kaksi-kautta","status":"publish","type":"post","link":"https:\/\/aktialiiga.fi\/miehet\/ajankohtaista\/ian-martin-vahvistaa-dickenia-seuraavat-kaksi-kautta\/","title":{"rendered":"Ian Martin vahvistaa Dickeni\u00e4 seuraavat kaksi kautta"},"content":{"rendered":"<p>Siuntiolaisl\u00e4ht\u00f6inen Ian Martin pukee ylleen Dickenin pelipaidan seuraavat kaksi kautta.<\/p>\n<p>Edelliset kaksi kautta Ruotsin Elitserieniss\u00e4, HIF Karlskronassa pelannut 22 vuotias pelinrakentaja tuo ennen kaikkea syvyytt\u00e4 ja kokemusta kovista peleist\u00e4 jo vahvaan lauttasaarelaiseen takamiehist\u00f6\u00f6n. 190 senttinen Martin on my\u00f6s Suomen maajoukkueen vakiokasvoja, joten kokemusta l\u00f6ytyy yllin kyllin, nuoresta i\u00e4st\u00e4 riippumatta. T\u00e4ll\u00e4 kaudella Martin teki 32 ottelussa 87 maalia, ollen joukkueensa 6. tehokkain pelaaja.<\/p>\n<p>Martinin kausi jatkuu viel\u00e4 karsintapeleill\u00e4, kun joukkue j\u00e4i 14 joukkueen sarjassa sijalle 12. Karsinnoissa vastaan asettuu Allsvenskanin kolmanneksi sijoittunut Hallby. Karsintojen j\u00e4lkeen Martin n\u00e4hd\u00e4\u00e4n viel\u00e4 Energia Areenalla Suomen maajoukkueen kanssa, kun elint\u00e4rke\u00e4t EM-karsintaottelut Bosniaa vastaan pelataan 11.4, ja vieraissa 14.4.<\/p>\n<p>&#8211; Kun kuulin mahdollisuudesta saada Ianin tasoinen pelimies meille ensi kaudeksi, oli tilaisuuteen tartuttava, kaikista eniten olen ylpe\u00e4 joukkueestamme, joka viime aikojen teoilla varmasti vaikutti Ianin haluun pelata nimenomaan Dickeniss\u00e4 tulevina kausina, ottajia olisi varmasti ollut jonoksi asti, Dickenin p\u00e4\u00e4valmentaja Bj\u00f6rn Monnberg: toteaa.<\/p>\n<p>Ian Martin itse toteaa palasten asettuneen paikoilleen loppujen lopuksi hyvin nopeasti.<\/p>\n<p>&#8211; Kahden Elitserieniss\u00e4 vietetyn kauden j\u00e4lkeen koin, ett\u00e4 halusin palata Suomeen. Kun Dicken otti yhteytt\u00e4, tekiv\u00e4t he minuun suuren vaikutuksen ammattimaisen toimintansa johdosta. Moni k\u00e4yt\u00e4nn\u00f6n asia loksahti viel\u00e4 mukavasti paikoilleen ajatellen opintoja, ty\u00f6paikkaa, matkustamista, asumista jne. Lis\u00e4ksi Dickenin pelit Euroopassa vaikutti my\u00f6s positiivisesti, ja tunnen my\u00f6s entuudestaan useamman pelaajan joukkueesta, joka luonnollisesti sekin vaikutti valintaani edustaa Dickeni\u00e4 seuraavat kaksi kautta.<\/p>\n<p>Samaa kertoo y\u00f6s Dickenin General Manager Daniel R\u00e9my.<\/p>\n<p>&#8211; Keskustelut Ianin kanssa sujuivat alusta asti hyv\u00e4ss\u00e4 hengess\u00e4 ja vaivattomasti. Ianin halu palata Suomeen ja Helsinkiin luonnollisesti paransi mahdollisuuksiamme saada Ian meille, mutta lopulta kaikki sujui todella vaivattomasti ja yhteisymm\u00e4rrykseen sopimuksen yksityiskohdista saatiin nopealla tahdilla sovittua.<\/p>\n","protected":false},"excerpt":{"rendered":"<p>Siuntiolaisl\u00e4ht\u00f6inen Ian Martin pukee ylleen Dickenin pelipaidan seuraavat kaksi kautta. Edelliset kaksi kautta Ruotsin Elitserieniss\u00e4, HIF Karlskronassa pelannut 22 vuotias pelinrakentaja tuo ennen kaikkea syvyytt\u00e4 ja kokemusta kovista peleist\u00e4 jo vahvaan lauttasaarelaiseen takamiehist\u00f6\u00f6n. 190 senttinen Martin on my\u00f6s Suomen maajoukkueen vakiokasvoja, joten kokemusta l\u00f6ytyy yllin kyllin, nuoresta i\u00e4st\u00e4 riippumatta. T\u00e4ll\u00e4 kaudella Martin teki 32 ottelussa [&hellip;]<\/p>\n","protected":false},"author":13,"featured_media":20306,"comment_status":"closed","ping_status":"closed","sticky":false,"template":"","format":"standard","meta":{"_acf_changed":false,"jetpack_post_was_ever_published":false,"_jetpack_newsletter_access":"","_jetpack_dont_email_post_to_subs":false,"_jetpack_newsletter_tier_id":0,"_jetpack_memberships_contains_paywalled_content":false,"_jetpack_memberships_contains_paid_content":false,"footnotes":""},"categories":[2],"tags":[58],"class_list":["post-22549","post","type-post","status-publish","format-standard","has-post-thumbnail","hentry","category-ajankohtaista","tag-dicken"],"acf":[],"yoast_head":"<!-- This site is optimized with the Yoast SEO plugin v27.5 - https:\/\/yoast.com\/product\/yoast-seo-wordpress\/ -->\n<title>Ian Martin vahvistaa Dickeni\u00e4 seuraavat kaksi kautta | K\u00e4sipallon miesten Aktialiiga<\/title>\n<meta name=\"robots\" content=\"index, follow, max-snippet:-1, max-image-preview:large, max-video-preview:-1\" \/>\n<link rel=\"canonical\" href=\"https:\/\/aktialiiga.fi\/miehet\/ajankohtaista\/ian-martin-vahvistaa-dickenia-seuraavat-kaksi-kautta\/\" \/>\n<meta property=\"og:locale\" content=\"fi_FI\" \/>\n<meta property=\"og:type\" content=\"article\" \/>\n<meta property=\"og:title\" content=\"Ian Martin vahvistaa Dickeni\u00e4 seuraavat kaksi kautta | K\u00e4sipallon miesten Aktialiiga\" \/>\n<meta property=\"og:description\" content=\"Siuntiolaisl\u00e4ht\u00f6inen Ian Martin pukee ylleen Dickenin pelipaidan seuraavat kaksi kautta. Edelliset kaksi kautta Ruotsin Elitserieniss\u00e4, HIF Karlskronassa pelannut 22 vuotias pelinrakentaja tuo ennen kaikkea syvyytt\u00e4 ja kokemusta kovista peleist\u00e4 jo vahvaan lauttasaarelaiseen takamiehist\u00f6\u00f6n. 190 senttinen Martin on my\u00f6s Suomen maajoukkueen vakiokasvoja, joten kokemusta l\u00f6ytyy yllin kyllin, nuoresta i\u00e4st\u00e4 riippumatta. T\u00e4ll\u00e4 kaudella Martin teki 32 ottelussa [&hellip;]\" \/>\n<meta property=\"og:url\" content=\"https:\/\/aktialiiga.fi\/miehet\/ajankohtaista\/ian-martin-vahvistaa-dickenia-seuraavat-kaksi-kautta\/\" \/>\n<meta property=\"og:site_name\" content=\"K\u00e4sipallon miesten Aktialiiga\" \/>\n<meta property=\"article:publisher\" content=\"https:\/\/www.facebook.com\/finnhandball\" \/>\n<meta property=\"article:published_time\" content=\"2019-03-19T17:05:47+00:00\" \/>\n<meta property=\"article:modified_time\" content=\"2019-03-19T17:07:07+00:00\" \/>\n<meta property=\"og:image\" content=\"https:\/\/i0.wp.com\/aktialiiga.fi\/miehet\/wp-content\/uploads\/sites\/5\/2018\/06\/Pallomaalissa_1.jpg?fit=711%2C330&ssl=1\" \/>\n\t<meta property=\"og:image:width\" content=\"711\" \/>\n\t<meta property=\"og:image:height\" content=\"330\" \/>\n\t<meta property=\"og:image:type\" content=\"image\/jpeg\" \/>\n<meta name=\"author\" content=\"tbrmedia\" \/>\n<meta name=\"twitter:card\" content=\"summary_large_image\" \/>\n<meta name=\"twitter:creator\" content=\"@finnhandball\" \/>\n<meta name=\"twitter:site\" content=\"@finnhandball\" \/>\n<script type=\"application\/ld+json\" class=\"yoast-schema-graph\">{\"@context\":\"https:\\\/\\\/schema.org\",\"@graph\":[{\"@type\":\"Article\",\"@id\":\"https:\\\/\\\/aktialiiga.fi\\\/miehet\\\/ajankohtaista\\\/ian-martin-vahvistaa-dickenia-seuraavat-kaksi-kautta\\\/#article\",\"isPartOf\":{\"@id\":\"https:\\\/\\\/aktialiiga.fi\\\/miehet\\\/ajankohtaista\\\/ian-martin-vahvistaa-dickenia-seuraavat-kaksi-kautta\\\/\"},\"author\":{\"name\":\"tbrmedia\",\"@id\":\"https:\\\/\\\/aktialiiga.fi\\\/miehet\\\/#\\\/schema\\\/person\\\/c14bf42f47041db74603c45afcb18d87\"},\"headline\":\"Ian Martin vahvistaa Dickeni\u00e4 seuraavat kaksi kautta\",\"datePublished\":\"2019-03-19T17:05:47+00:00\",\"dateModified\":\"2019-03-19T17:07:07+00:00\",\"mainEntityOfPage\":{\"@id\":\"https:\\\/\\\/aktialiiga.fi\\\/miehet\\\/ajankohtaista\\\/ian-martin-vahvistaa-dickenia-seuraavat-kaksi-kautta\\\/\"},\"wordCount\":287,\"publisher\":{\"@id\":\"https:\\\/\\\/aktialiiga.fi\\\/miehet\\\/#organization\"},\"image\":{\"@id\":\"https:\\\/\\\/aktialiiga.fi\\\/miehet\\\/ajankohtaista\\\/ian-martin-vahvistaa-dickenia-seuraavat-kaksi-kautta\\\/#primaryimage\"},\"thumbnailUrl\":\"https:\\\/\\\/i0.wp.com\\\/aktialiiga.fi\\\/miehet\\\/wp-content\\\/uploads\\\/sites\\\/5\\\/2018\\\/06\\\/Pallomaalissa_1.jpg?fit=711%2C330&ssl=1\",\"keywords\":[\"Dicken\"],\"articleSection\":[\"Ajankohtaista\"],\"inLanguage\":\"fi\"},{\"@type\":\"WebPage\",\"@id\":\"https:\\\/\\\/aktialiiga.fi\\\/miehet\\\/ajankohtaista\\\/ian-martin-vahvistaa-dickenia-seuraavat-kaksi-kautta\\\/\",\"url\":\"https:\\\/\\\/aktialiiga.fi\\\/miehet\\\/ajankohtaista\\\/ian-martin-vahvistaa-dickenia-seuraavat-kaksi-kautta\\\/\",\"name\":\"Ian Martin vahvistaa Dickeni\u00e4 seuraavat kaksi kautta | K\u00e4sipallon miesten Aktialiiga\",\"isPartOf\":{\"@id\":\"https:\\\/\\\/aktialiiga.fi\\\/miehet\\\/#website\"},\"primaryImageOfPage\":{\"@id\":\"https:\\\/\\\/aktialiiga.fi\\\/miehet\\\/ajankohtaista\\\/ian-martin-vahvistaa-dickenia-seuraavat-kaksi-kautta\\\/#primaryimage\"},\"image\":{\"@id\":\"https:\\\/\\\/aktialiiga.fi\\\/miehet\\\/ajankohtaista\\\/ian-martin-vahvistaa-dickenia-seuraavat-kaksi-kautta\\\/#primaryimage\"},\"thumbnailUrl\":\"https:\\\/\\\/i0.wp.com\\\/aktialiiga.fi\\\/miehet\\\/wp-content\\\/uploads\\\/sites\\\/5\\\/2018\\\/06\\\/Pallomaalissa_1.jpg?fit=711%2C330&ssl=1\",\"datePublished\":\"2019-03-19T17:05:47+00:00\",\"dateModified\":\"2019-03-19T17:07:07+00:00\",\"breadcrumb\":{\"@id\":\"https:\\\/\\\/aktialiiga.fi\\\/miehet\\\/ajankohtaista\\\/ian-martin-vahvistaa-dickenia-seuraavat-kaksi-kautta\\\/#breadcrumb\"},\"inLanguage\":\"fi\",\"potentialAction\":[{\"@type\":\"ReadAction\",\"target\":[\"https:\\\/\\\/aktialiiga.fi\\\/miehet\\\/ajankohtaista\\\/ian-martin-vahvistaa-dickenia-seuraavat-kaksi-kautta\\\/\"]}]},{\"@type\":\"ImageObject\",\"inLanguage\":\"fi\",\"@id\":\"https:\\\/\\\/aktialiiga.fi\\\/miehet\\\/ajankohtaista\\\/ian-martin-vahvistaa-dickenia-seuraavat-kaksi-kautta\\\/#primaryimage\",\"url\":\"https:\\\/\\\/i0.wp.com\\\/aktialiiga.fi\\\/miehet\\\/wp-content\\\/uploads\\\/sites\\\/5\\\/2018\\\/06\\\/Pallomaalissa_1.jpg?fit=711%2C330&ssl=1\",\"contentUrl\":\"https:\\\/\\\/i0.wp.com\\\/aktialiiga.fi\\\/miehet\\\/wp-content\\\/uploads\\\/sites\\\/5\\\/2018\\\/06\\\/Pallomaalissa_1.jpg?fit=711%2C330&ssl=1\",\"width\":711,\"height\":330},{\"@type\":\"BreadcrumbList\",\"@id\":\"https:\\\/\\\/aktialiiga.fi\\\/miehet\\\/ajankohtaista\\\/ian-martin-vahvistaa-dickenia-seuraavat-kaksi-kautta\\\/#breadcrumb\",\"itemListElement\":[{\"@type\":\"ListItem\",\"position\":1,\"name\":\"Etusivu\",\"item\":\"https:\\\/\\\/aktialiiga.fi\\\/miehet\\\/\"},{\"@type\":\"ListItem\",\"position\":2,\"name\":\"Ian Martin vahvistaa Dickeni\u00e4 seuraavat kaksi kautta\"}]},{\"@type\":\"WebSite\",\"@id\":\"https:\\\/\\\/aktialiiga.fi\\\/miehet\\\/#website\",\"url\":\"https:\\\/\\\/aktialiiga.fi\\\/miehet\\\/\",\"name\":\"K\u00e4sipallon miesten Aktialiiga\",\"description\":\"Valtakunnan vauhdikkainta palloilua!\",\"publisher\":{\"@id\":\"https:\\\/\\\/aktialiiga.fi\\\/miehet\\\/#organization\"},\"potentialAction\":[{\"@type\":\"SearchAction\",\"target\":{\"@type\":\"EntryPoint\",\"urlTemplate\":\"https:\\\/\\\/aktialiiga.fi\\\/miehet\\\/?s={search_term_string}\"},\"query-input\":{\"@type\":\"PropertyValueSpecification\",\"valueRequired\":true,\"valueName\":\"search_term_string\"}}],\"inLanguage\":\"fi\"},{\"@type\":\"Organization\",\"@id\":\"https:\\\/\\\/aktialiiga.fi\\\/miehet\\\/#organization\",\"name\":\"K\u00e4sipallon miesten Aktialiiga\",\"url\":\"https:\\\/\\\/aktialiiga.fi\\\/miehet\\\/\",\"logo\":{\"@type\":\"ImageObject\",\"inLanguage\":\"fi\",\"@id\":\"https:\\\/\\\/aktialiiga.fi\\\/miehet\\\/#\\\/schema\\\/logo\\\/image\\\/\",\"url\":\"https:\\\/\\\/i0.wp.com\\\/aktialiiga.fi\\\/miehet\\\/wp-content\\\/uploads\\\/sites\\\/5\\\/2024\\\/09\\\/Aktialiiga-Yoast-512.png?fit=512%2C512&ssl=1\",\"contentUrl\":\"https:\\\/\\\/i0.wp.com\\\/aktialiiga.fi\\\/miehet\\\/wp-content\\\/uploads\\\/sites\\\/5\\\/2024\\\/09\\\/Aktialiiga-Yoast-512.png?fit=512%2C512&ssl=1\",\"width\":512,\"height\":512,\"caption\":\"K\u00e4sipallon miesten Aktialiiga\"},\"image\":{\"@id\":\"https:\\\/\\\/aktialiiga.fi\\\/miehet\\\/#\\\/schema\\\/logo\\\/image\\\/\"},\"sameAs\":[\"https:\\\/\\\/www.facebook.com\\\/finnhandball\",\"https:\\\/\\\/x.com\\\/finnhandball\",\"https:\\\/\\\/www.instagram.com\\\/handballfinland\\\/\"]},{\"@type\":\"Person\",\"@id\":\"https:\\\/\\\/aktialiiga.fi\\\/miehet\\\/#\\\/schema\\\/person\\\/c14bf42f47041db74603c45afcb18d87\",\"name\":\"tbrmedia\",\"image\":{\"@type\":\"ImageObject\",\"inLanguage\":\"fi\",\"@id\":\"https:\\\/\\\/secure.gravatar.com\\\/avatar\\\/ee975fa091fe581d12b60debb3439022686618368a7c142044c56724d4666b16?s=96&d=mm&r=g\",\"url\":\"https:\\\/\\\/secure.gravatar.com\\\/avatar\\\/ee975fa091fe581d12b60debb3439022686618368a7c142044c56724d4666b16?s=96&d=mm&r=g\",\"contentUrl\":\"https:\\\/\\\/secure.gravatar.com\\\/avatar\\\/ee975fa091fe581d12b60debb3439022686618368a7c142044c56724d4666b16?s=96&d=mm&r=g\",\"caption\":\"tbrmedia\"}}]}<\/script>\n<!-- \/ Yoast SEO plugin. -->","yoast_head_json":{"title":"Ian Martin vahvistaa Dickeni\u00e4 seuraavat kaksi kautta | K\u00e4sipallon miesten Aktialiiga","robots":{"index":"index","follow":"follow","max-snippet":"max-snippet:-1","max-image-preview":"max-image-preview:large","max-video-preview":"max-video-preview:-1"},"canonical":"https:\/\/aktialiiga.fi\/miehet\/ajankohtaista\/ian-martin-vahvistaa-dickenia-seuraavat-kaksi-kautta\/","og_locale":"fi_FI","og_type":"article","og_title":"Ian Martin vahvistaa Dickeni\u00e4 seuraavat kaksi kautta | K\u00e4sipallon miesten Aktialiiga","og_description":"Siuntiolaisl\u00e4ht\u00f6inen Ian Martin pukee ylleen Dickenin pelipaidan seuraavat kaksi kautta. Edelliset kaksi kautta Ruotsin Elitserieniss\u00e4, HIF Karlskronassa pelannut 22 vuotias pelinrakentaja tuo ennen kaikkea syvyytt\u00e4 ja kokemusta kovista peleist\u00e4 jo vahvaan lauttasaarelaiseen takamiehist\u00f6\u00f6n. 190 senttinen Martin on my\u00f6s Suomen maajoukkueen vakiokasvoja, joten kokemusta l\u00f6ytyy yllin kyllin, nuoresta i\u00e4st\u00e4 riippumatta. T\u00e4ll\u00e4 kaudella Martin teki 32 ottelussa [&hellip;]","og_url":"https:\/\/aktialiiga.fi\/miehet\/ajankohtaista\/ian-martin-vahvistaa-dickenia-seuraavat-kaksi-kautta\/","og_site_name":"K\u00e4sipallon miesten Aktialiiga","article_publisher":"https:\/\/www.facebook.com\/finnhandball","article_published_time":"2019-03-19T17:05:47+00:00","article_modified_time":"2019-03-19T17:07:07+00:00","og_image":[{"width":711,"height":330,"url":"https:\/\/i0.wp.com\/aktialiiga.fi\/miehet\/wp-content\/uploads\/sites\/5\/2018\/06\/Pallomaalissa_1.jpg?fit=711%2C330&ssl=1","type":"image\/jpeg"}],"author":"tbrmedia","twitter_card":"summary_large_image","twitter_creator":"@finnhandball","twitter_site":"@finnhandball","schema":{"@context":"https:\/\/schema.org","@graph":[{"@type":"Article","@id":"https:\/\/aktialiiga.fi\/miehet\/ajankohtaista\/ian-martin-vahvistaa-dickenia-seuraavat-kaksi-kautta\/#article","isPartOf":{"@id":"https:\/\/aktialiiga.fi\/miehet\/ajankohtaista\/ian-martin-vahvistaa-dickenia-seuraavat-kaksi-kautta\/"},"author":{"name":"tbrmedia","@id":"https:\/\/aktialiiga.fi\/miehet\/#\/schema\/person\/c14bf42f47041db74603c45afcb18d87"},"headline":"Ian Martin vahvistaa Dickeni\u00e4 seuraavat kaksi kautta","datePublished":"2019-03-19T17:05:47+00:00","dateModified":"2019-03-19T17:07:07+00:00","mainEntityOfPage":{"@id":"https:\/\/aktialiiga.fi\/miehet\/ajankohtaista\/ian-martin-vahvistaa-dickenia-seuraavat-kaksi-kautta\/"},"wordCount":287,"publisher":{"@id":"https:\/\/aktialiiga.fi\/miehet\/#organization"},"image":{"@id":"https:\/\/aktialiiga.fi\/miehet\/ajankohtaista\/ian-martin-vahvistaa-dickenia-seuraavat-kaksi-kautta\/#primaryimage"},"thumbnailUrl":"https:\/\/i0.wp.com\/aktialiiga.fi\/miehet\/wp-content\/uploads\/sites\/5\/2018\/06\/Pallomaalissa_1.jpg?fit=711%2C330&ssl=1","keywords":["Dicken"],"articleSection":["Ajankohtaista"],"inLanguage":"fi"},{"@type":"WebPage","@id":"https:\/\/aktialiiga.fi\/miehet\/ajankohtaista\/ian-martin-vahvistaa-dickenia-seuraavat-kaksi-kautta\/","url":"https:\/\/aktialiiga.fi\/miehet\/ajankohtaista\/ian-martin-vahvistaa-dickenia-seuraavat-kaksi-kautta\/","name":"Ian Martin vahvistaa Dickeni\u00e4 seuraavat kaksi kautta | K\u00e4sipallon miesten Aktialiiga","isPartOf":{"@id":"https:\/\/aktialiiga.fi\/miehet\/#website"},"primaryImageOfPage":{"@id":"https:\/\/aktialiiga.fi\/miehet\/ajankohtaista\/ian-martin-vahvistaa-dickenia-seuraavat-kaksi-kautta\/#primaryimage"},"image":{"@id":"https:\/\/aktialiiga.fi\/miehet\/ajankohtaista\/ian-martin-vahvistaa-dickenia-seuraavat-kaksi-kautta\/#primaryimage"},"thumbnailUrl":"https:\/\/i0.wp.com\/aktialiiga.fi\/miehet\/wp-content\/uploads\/sites\/5\/2018\/06\/Pallomaalissa_1.jpg?fit=711%2C330&ssl=1","datePublished":"2019-03-19T17:05:47+00:00","dateModified":"2019-03-19T17:07:07+00:00","breadcrumb":{"@id":"https:\/\/aktialiiga.fi\/miehet\/ajankohtaista\/ian-martin-vahvistaa-dickenia-seuraavat-kaksi-kautta\/#breadcrumb"},"inLanguage":"fi","potentialAction":[{"@type":"ReadAction","target":["https:\/\/aktialiiga.fi\/miehet\/ajankohtaista\/ian-martin-vahvistaa-dickenia-seuraavat-kaksi-kautta\/"]}]},{"@type":"ImageObject","inLanguage":"fi","@id":"https:\/\/aktialiiga.fi\/miehet\/ajankohtaista\/ian-martin-vahvistaa-dickenia-seuraavat-kaksi-kautta\/#primaryimage","url":"https:\/\/i0.wp.com\/aktialiiga.fi\/miehet\/wp-content\/uploads\/sites\/5\/2018\/06\/Pallomaalissa_1.jpg?fit=711%2C330&ssl=1","contentUrl":"https:\/\/i0.wp.com\/aktialiiga.fi\/miehet\/wp-content\/uploads\/sites\/5\/2018\/06\/Pallomaalissa_1.jpg?fit=711%2C330&ssl=1","width":711,"height":330},{"@type":"BreadcrumbList","@id":"https:\/\/aktialiiga.fi\/miehet\/ajankohtaista\/ian-martin-vahvistaa-dickenia-seuraavat-kaksi-kautta\/#breadcrumb","itemListElement":[{"@type":"ListItem","position":1,"name":"Etusivu","item":"https:\/\/aktialiiga.fi\/miehet\/"},{"@type":"ListItem","position":2,"name":"Ian Martin vahvistaa Dickeni\u00e4 seuraavat kaksi kautta"}]},{"@type":"WebSite","@id":"https:\/\/aktialiiga.fi\/miehet\/#website","url":"https:\/\/aktialiiga.fi\/miehet\/","name":"K\u00e4sipallon miesten Aktialiiga","description":"Valtakunnan vauhdikkainta palloilua!","publisher":{"@id":"https:\/\/aktialiiga.fi\/miehet\/#organization"},"potentialAction":[{"@type":"SearchAction","target":{"@type":"EntryPoint","urlTemplate":"https:\/\/aktialiiga.fi\/miehet\/?s={search_term_string}"},"query-input":{"@type":"PropertyValueSpecification","valueRequired":true,"valueName":"search_term_string"}}],"inLanguage":"fi"},{"@type":"Organization","@id":"https:\/\/aktialiiga.fi\/miehet\/#organization","name":"K\u00e4sipallon miesten Aktialiiga","url":"https:\/\/aktialiiga.fi\/miehet\/","logo":{"@type":"ImageObject","inLanguage":"fi","@id":"https:\/\/aktialiiga.fi\/miehet\/#\/schema\/logo\/image\/","url":"https:\/\/i0.wp.com\/aktialiiga.fi\/miehet\/wp-content\/uploads\/sites\/5\/2024\/09\/Aktialiiga-Yoast-512.png?fit=512%2C512&ssl=1","contentUrl":"https:\/\/i0.wp.com\/aktialiiga.fi\/miehet\/wp-content\/uploads\/sites\/5\/2024\/09\/Aktialiiga-Yoast-512.png?fit=512%2C512&ssl=1","width":512,"height":512,"caption":"K\u00e4sipallon miesten Aktialiiga"},"image":{"@id":"https:\/\/aktialiiga.fi\/miehet\/#\/schema\/logo\/image\/"},"sameAs":["https:\/\/www.facebook.com\/finnhandball","https:\/\/x.com\/finnhandball","https:\/\/www.instagram.com\/handballfinland\/"]},{"@type":"Person","@id":"https:\/\/aktialiiga.fi\/miehet\/#\/schema\/person\/c14bf42f47041db74603c45afcb18d87","name":"tbrmedia","image":{"@type":"ImageObject","inLanguage":"fi","@id":"https:\/\/secure.gravatar.com\/avatar\/ee975fa091fe581d12b60debb3439022686618368a7c142044c56724d4666b16?s=96&d=mm&r=g","url":"https:\/\/secure.gravatar.com\/avatar\/ee975fa091fe581d12b60debb3439022686618368a7c142044c56724d4666b16?s=96&d=mm&r=g","contentUrl":"https:\/\/secure.gravatar.com\/avatar\/ee975fa091fe581d12b60debb3439022686618368a7c142044c56724d4666b16?s=96&d=mm&r=g","caption":"tbrmedia"}}]}},"jetpack_featured_media_url":"https:\/\/i0.wp.com\/aktialiiga.fi\/miehet\/wp-content\/uploads\/sites\/5\/2018\/06\/Pallomaalissa_1.jpg?fit=711%2C330&ssl=1","jetpack_sharing_enabled":true,"jetpack_shortlink":"https:\/\/wp.me\/pfTxOr-5RH","_links":{"self":[{"href":"https:\/\/aktialiiga.fi\/miehet\/wp-json\/wp\/v2\/posts\/22549","targetHints":{"allow":["GET"]}}],"collection":[{"href":"https:\/\/aktialiiga.fi\/miehet\/wp-json\/wp\/v2\/posts"}],"about":[{"href":"https:\/\/aktialiiga.fi\/miehet\/wp-json\/wp\/v2\/types\/post"}],"author":[{"embeddable":true,"href":"https:\/\/aktialiiga.fi\/miehet\/wp-json\/wp\/v2\/users\/13"}],"replies":[{"embeddable":true,"href":"https:\/\/aktialiiga.fi\/miehet\/wp-json\/wp\/v2\/comments?post=22549"}],"version-history":[{"count":0,"href":"https:\/\/aktialiiga.fi\/miehet\/wp-json\/wp\/v2\/posts\/22549\/revisions"}],"wp:featuredmedia":[{"embeddable":true,"href":"https:\/\/aktialiiga.fi\/miehet\/wp-json\/wp\/v2\/media\/20306"}],"wp:attachment":[{"href":"https:\/\/aktialiiga.fi\/miehet\/wp-json\/wp\/v2\/media?parent=22549"}],"wp:term":[{"taxonomy":"category","embeddable":true,"href":"https:\/\/aktialiiga.fi\/miehet\/wp-json\/wp\/v2\/categories?post=22549"},{"taxonomy":"post_tag","embeddable":true,"href":"https:\/\/aktialiiga.fi\/miehet\/wp-json\/wp\/v2\/tags?post=22549"}],"curies":[{"name":"wp","href":"https:\/\/api.w.org\/{rel}","templated":true}]}}