{"id":22657,"date":"2019-03-30T19:12:13","date_gmt":"2019-03-30T17:12:13","guid":{"rendered":"https:\/\/aktialiiga.fi\/miehet\/?p=22657"},"modified":"2024-08-26T22:35:45","modified_gmt":"2024-08-26T19:35:45","slug":"tasapeli-ei-riittanyt-dickenille-jatkoon-challenge-cupissa","status":"publish","type":"post","link":"https:\/\/aktialiiga.fi\/miehet\/ajankohtaista\/tasapeli-ei-riittanyt-dickenille-jatkoon-challenge-cupissa\/","title":{"rendered":"Tasapeli ei riitt\u00e4nyt Dickenille jatkoon Challenge Cupissa"},"content":{"rendered":"<p>Dickenin ja AM Madeira Andebol SAD:n toinen ja ratkaiseva osaottelu pelattiin lauantaina t\u00e4p\u00f6t\u00e4yden Pirkkolan parketilla. Lopulta Dickenin kohtaloksi tuli pudota jatkosta niukimmalla mahdollisella erolla.<\/p>\n<p>Ottelun l\u00e4ht\u00f6kohdat olivat selv\u00e4t, lauttasaarelaiset tarvitsivat v\u00e4hint\u00e4\u00e4n yhden maalin voiton v\u00e4h\u00e4maalisessa ottelussa, tai kahden maalin voitto muussa tapauksessa.<\/p>\n<p>Ottelun alku oli tasaista asetelmien hakemista, jossa v\u00e4lill\u00e4 Madeira k\u00e4vi johdossa ja v\u00e4lill\u00e4 Dicken. Madeira oli kuitenkin p\u00e4\u00e4osin askeleen edell\u00e4, ja taukoa l\u00e4hdettiinkin viett\u00e4m\u00e4\u00e4n 10-12 vierasjohdossa.<\/p>\n<p>Toinen jakso alkoi lauttasaarelaisten osalta varsin nihke\u00e4sti, kun vieraat p\u00e4\u00e4siv\u00e4t turhan helposti jo kuuden maalin johtoon. T\u00e4st\u00e4 alkoi kuitenkin vimmattu takaa-ajo, ja maali maalilta lauttasaarelaiset p\u00e4\u00e4siv\u00e4t l\u00e4hemm\u00e4s.<\/p>\n<p>Tadas Stankevicius p\u00e4\u00e4si jo tasoittamaan pelin, kun muutama kymmenen sekuntia oli pelikellossa j\u00e4ljell\u00e4, mutta vieraat pelasivat j\u00e4rkev\u00e4sti eiv\u00e4tk\u00e4 en\u00e4\u00e4 luopuneet pallosta, ja n\u00e4in ollen ottelu p\u00e4\u00e4ttyi tasalukemiin 26-26, joka tarkoittaa, ett\u00e4 yhteismaalien perusteella Madeira marssii EHF Challenge Cupin v\u00e4lieriin yhteismaalein 54-53. V\u00e4lieriss\u00e4 vastaan asettuu viime vuoden tapaan AEK Ateena, joka viime vuonna eteni loppuotteluun saakka.<\/p>\n<p>Ottelun tehokkain oli j\u00e4lleen yhdeks\u00e4n maalia latonut Max Granlund. Tadas Stankevicius sek\u00e4 Gusten Montonen maalasivat nelj\u00e4sti. Madeiran ehdoton ykk\u00f6stykki lauantaina oli Antonio Noguiera seitsem\u00e4ll\u00e4 maalilla, h\u00e4nen nopeat harhautukset olivat kerta toisensa j\u00e4lkeen myrkky\u00e4 lauttasaarelaisyleis\u00f6lle. My\u00f6s Elledy Semedo onnistui seitsem\u00e4sti.<\/p>\n","protected":false},"excerpt":{"rendered":"<p>Dickenin ja AM Madeira Andebol SAD:n toinen ja ratkaiseva osaottelu pelattiin lauantaina t\u00e4p\u00f6t\u00e4yden Pirkkolan parketilla. Lopulta Dickenin kohtaloksi tuli pudota jatkosta niukimmalla mahdollisella erolla. Ottelun l\u00e4ht\u00f6kohdat olivat selv\u00e4t, lauttasaarelaiset tarvitsivat v\u00e4hint\u00e4\u00e4n yhden maalin voiton v\u00e4h\u00e4maalisessa ottelussa, tai kahden maalin voitto muussa tapauksessa. Ottelun alku oli tasaista asetelmien hakemista, jossa v\u00e4lill\u00e4 Madeira k\u00e4vi johdossa ja v\u00e4lill\u00e4 [&hellip;]<\/p>\n","protected":false},"author":13,"featured_media":22658,"comment_status":"closed","ping_status":"closed","sticky":false,"template":"","format":"standard","meta":{"_acf_changed":false,"jetpack_post_was_ever_published":false,"_jetpack_newsletter_access":"","_jetpack_dont_email_post_to_subs":false,"_jetpack_newsletter_tier_id":0,"_jetpack_memberships_contains_paywalled_content":false,"_jetpack_memberships_contains_paid_content":false,"footnotes":""},"categories":[2],"tags":[58,329],"class_list":["post-22657","post","type-post","status-publish","format-standard","has-post-thumbnail","hentry","category-ajankohtaista","tag-dicken","tag-ehf-challenge-cup"],"acf":[],"yoast_head":"<!-- This site is optimized with the Yoast SEO plugin v27.5 - https:\/\/yoast.com\/product\/yoast-seo-wordpress\/ -->\n<title>Tasapeli ei riitt\u00e4nyt Dickenille jatkoon Challenge Cupissa | K\u00e4sipallon miesten Aktialiiga<\/title>\n<meta name=\"robots\" content=\"index, follow, max-snippet:-1, max-image-preview:large, max-video-preview:-1\" \/>\n<link rel=\"canonical\" href=\"https:\/\/aktialiiga.fi\/miehet\/ajankohtaista\/tasapeli-ei-riittanyt-dickenille-jatkoon-challenge-cupissa\/\" \/>\n<meta property=\"og:locale\" content=\"fi_FI\" \/>\n<meta property=\"og:type\" content=\"article\" \/>\n<meta property=\"og:title\" content=\"Tasapeli ei riitt\u00e4nyt Dickenille jatkoon Challenge Cupissa | K\u00e4sipallon miesten Aktialiiga\" \/>\n<meta property=\"og:description\" content=\"Dickenin ja AM Madeira Andebol SAD:n toinen ja ratkaiseva osaottelu pelattiin lauantaina t\u00e4p\u00f6t\u00e4yden Pirkkolan parketilla. Lopulta Dickenin kohtaloksi tuli pudota jatkosta niukimmalla mahdollisella erolla. Ottelun l\u00e4ht\u00f6kohdat olivat selv\u00e4t, lauttasaarelaiset tarvitsivat v\u00e4hint\u00e4\u00e4n yhden maalin voiton v\u00e4h\u00e4maalisessa ottelussa, tai kahden maalin voitto muussa tapauksessa. Ottelun alku oli tasaista asetelmien hakemista, jossa v\u00e4lill\u00e4 Madeira k\u00e4vi johdossa ja v\u00e4lill\u00e4 [&hellip;]\" \/>\n<meta property=\"og:url\" content=\"https:\/\/aktialiiga.fi\/miehet\/ajankohtaista\/tasapeli-ei-riittanyt-dickenille-jatkoon-challenge-cupissa\/\" \/>\n<meta property=\"og:site_name\" content=\"K\u00e4sipallon miesten Aktialiiga\" \/>\n<meta property=\"article:publisher\" content=\"https:\/\/www.facebook.com\/finnhandball\" \/>\n<meta property=\"article:published_time\" content=\"2019-03-30T17:12:13+00:00\" \/>\n<meta property=\"article:modified_time\" content=\"2024-08-26T19:35:45+00:00\" \/>\n<meta property=\"og:image\" content=\"https:\/\/i0.wp.com\/aktialiiga.fi\/miehet\/wp-content\/uploads\/sites\/5\/2019\/03\/Dicken_yleisoa_1819.jpg?fit=711%2C330&ssl=1\" \/>\n\t<meta property=\"og:image:width\" content=\"711\" \/>\n\t<meta property=\"og:image:height\" content=\"330\" \/>\n\t<meta property=\"og:image:type\" content=\"image\/jpeg\" \/>\n<meta name=\"author\" content=\"tbrmedia\" \/>\n<meta name=\"twitter:card\" content=\"summary_large_image\" \/>\n<meta name=\"twitter:creator\" content=\"@finnhandball\" \/>\n<meta name=\"twitter:site\" content=\"@finnhandball\" \/>\n<script type=\"application\/ld+json\" class=\"yoast-schema-graph\">{\"@context\":\"https:\\\/\\\/schema.org\",\"@graph\":[{\"@type\":\"Article\",\"@id\":\"https:\\\/\\\/aktialiiga.fi\\\/miehet\\\/ajankohtaista\\\/tasapeli-ei-riittanyt-dickenille-jatkoon-challenge-cupissa\\\/#article\",\"isPartOf\":{\"@id\":\"https:\\\/\\\/aktialiiga.fi\\\/miehet\\\/ajankohtaista\\\/tasapeli-ei-riittanyt-dickenille-jatkoon-challenge-cupissa\\\/\"},\"author\":{\"name\":\"tbrmedia\",\"@id\":\"https:\\\/\\\/aktialiiga.fi\\\/miehet\\\/#\\\/schema\\\/person\\\/c14bf42f47041db74603c45afcb18d87\"},\"headline\":\"Tasapeli ei riitt\u00e4nyt Dickenille jatkoon Challenge Cupissa\",\"datePublished\":\"2019-03-30T17:12:13+00:00\",\"dateModified\":\"2024-08-26T19:35:45+00:00\",\"mainEntityOfPage\":{\"@id\":\"https:\\\/\\\/aktialiiga.fi\\\/miehet\\\/ajankohtaista\\\/tasapeli-ei-riittanyt-dickenille-jatkoon-challenge-cupissa\\\/\"},\"wordCount\":242,\"publisher\":{\"@id\":\"https:\\\/\\\/aktialiiga.fi\\\/miehet\\\/#organization\"},\"image\":{\"@id\":\"https:\\\/\\\/aktialiiga.fi\\\/miehet\\\/ajankohtaista\\\/tasapeli-ei-riittanyt-dickenille-jatkoon-challenge-cupissa\\\/#primaryimage\"},\"thumbnailUrl\":\"https:\\\/\\\/i0.wp.com\\\/aktialiiga.fi\\\/miehet\\\/wp-content\\\/uploads\\\/sites\\\/5\\\/2019\\\/03\\\/Dicken_yleisoa_1819.jpg?fit=711%2C330&ssl=1\",\"keywords\":[\"Dicken\",\"EHF Challenge Cup\"],\"articleSection\":[\"Ajankohtaista\"],\"inLanguage\":\"fi\"},{\"@type\":\"WebPage\",\"@id\":\"https:\\\/\\\/aktialiiga.fi\\\/miehet\\\/ajankohtaista\\\/tasapeli-ei-riittanyt-dickenille-jatkoon-challenge-cupissa\\\/\",\"url\":\"https:\\\/\\\/aktialiiga.fi\\\/miehet\\\/ajankohtaista\\\/tasapeli-ei-riittanyt-dickenille-jatkoon-challenge-cupissa\\\/\",\"name\":\"Tasapeli ei riitt\u00e4nyt Dickenille jatkoon Challenge Cupissa | K\u00e4sipallon miesten Aktialiiga\",\"isPartOf\":{\"@id\":\"https:\\\/\\\/aktialiiga.fi\\\/miehet\\\/#website\"},\"primaryImageOfPage\":{\"@id\":\"https:\\\/\\\/aktialiiga.fi\\\/miehet\\\/ajankohtaista\\\/tasapeli-ei-riittanyt-dickenille-jatkoon-challenge-cupissa\\\/#primaryimage\"},\"image\":{\"@id\":\"https:\\\/\\\/aktialiiga.fi\\\/miehet\\\/ajankohtaista\\\/tasapeli-ei-riittanyt-dickenille-jatkoon-challenge-cupissa\\\/#primaryimage\"},\"thumbnailUrl\":\"https:\\\/\\\/i0.wp.com\\\/aktialiiga.fi\\\/miehet\\\/wp-content\\\/uploads\\\/sites\\\/5\\\/2019\\\/03\\\/Dicken_yleisoa_1819.jpg?fit=711%2C330&ssl=1\",\"datePublished\":\"2019-03-30T17:12:13+00:00\",\"dateModified\":\"2024-08-26T19:35:45+00:00\",\"breadcrumb\":{\"@id\":\"https:\\\/\\\/aktialiiga.fi\\\/miehet\\\/ajankohtaista\\\/tasapeli-ei-riittanyt-dickenille-jatkoon-challenge-cupissa\\\/#breadcrumb\"},\"inLanguage\":\"fi\",\"potentialAction\":[{\"@type\":\"ReadAction\",\"target\":[\"https:\\\/\\\/aktialiiga.fi\\\/miehet\\\/ajankohtaista\\\/tasapeli-ei-riittanyt-dickenille-jatkoon-challenge-cupissa\\\/\"]}]},{\"@type\":\"ImageObject\",\"inLanguage\":\"fi\",\"@id\":\"https:\\\/\\\/aktialiiga.fi\\\/miehet\\\/ajankohtaista\\\/tasapeli-ei-riittanyt-dickenille-jatkoon-challenge-cupissa\\\/#primaryimage\",\"url\":\"https:\\\/\\\/i0.wp.com\\\/aktialiiga.fi\\\/miehet\\\/wp-content\\\/uploads\\\/sites\\\/5\\\/2019\\\/03\\\/Dicken_yleisoa_1819.jpg?fit=711%2C330&ssl=1\",\"contentUrl\":\"https:\\\/\\\/i0.wp.com\\\/aktialiiga.fi\\\/miehet\\\/wp-content\\\/uploads\\\/sites\\\/5\\\/2019\\\/03\\\/Dicken_yleisoa_1819.jpg?fit=711%2C330&ssl=1\",\"width\":711,\"height\":330},{\"@type\":\"BreadcrumbList\",\"@id\":\"https:\\\/\\\/aktialiiga.fi\\\/miehet\\\/ajankohtaista\\\/tasapeli-ei-riittanyt-dickenille-jatkoon-challenge-cupissa\\\/#breadcrumb\",\"itemListElement\":[{\"@type\":\"ListItem\",\"position\":1,\"name\":\"Etusivu\",\"item\":\"https:\\\/\\\/aktialiiga.fi\\\/miehet\\\/\"},{\"@type\":\"ListItem\",\"position\":2,\"name\":\"Tasapeli ei riitt\u00e4nyt Dickenille jatkoon Challenge Cupissa\"}]},{\"@type\":\"WebSite\",\"@id\":\"https:\\\/\\\/aktialiiga.fi\\\/miehet\\\/#website\",\"url\":\"https:\\\/\\\/aktialiiga.fi\\\/miehet\\\/\",\"name\":\"K\u00e4sipallon miesten Aktialiiga\",\"description\":\"Valtakunnan vauhdikkainta palloilua!\",\"publisher\":{\"@id\":\"https:\\\/\\\/aktialiiga.fi\\\/miehet\\\/#organization\"},\"potentialAction\":[{\"@type\":\"SearchAction\",\"target\":{\"@type\":\"EntryPoint\",\"urlTemplate\":\"https:\\\/\\\/aktialiiga.fi\\\/miehet\\\/?s={search_term_string}\"},\"query-input\":{\"@type\":\"PropertyValueSpecification\",\"valueRequired\":true,\"valueName\":\"search_term_string\"}}],\"inLanguage\":\"fi\"},{\"@type\":\"Organization\",\"@id\":\"https:\\\/\\\/aktialiiga.fi\\\/miehet\\\/#organization\",\"name\":\"K\u00e4sipallon miesten Aktialiiga\",\"url\":\"https:\\\/\\\/aktialiiga.fi\\\/miehet\\\/\",\"logo\":{\"@type\":\"ImageObject\",\"inLanguage\":\"fi\",\"@id\":\"https:\\\/\\\/aktialiiga.fi\\\/miehet\\\/#\\\/schema\\\/logo\\\/image\\\/\",\"url\":\"https:\\\/\\\/i0.wp.com\\\/aktialiiga.fi\\\/miehet\\\/wp-content\\\/uploads\\\/sites\\\/5\\\/2024\\\/09\\\/Aktialiiga-Yoast-512.png?fit=512%2C512&ssl=1\",\"contentUrl\":\"https:\\\/\\\/i0.wp.com\\\/aktialiiga.fi\\\/miehet\\\/wp-content\\\/uploads\\\/sites\\\/5\\\/2024\\\/09\\\/Aktialiiga-Yoast-512.png?fit=512%2C512&ssl=1\",\"width\":512,\"height\":512,\"caption\":\"K\u00e4sipallon miesten Aktialiiga\"},\"image\":{\"@id\":\"https:\\\/\\\/aktialiiga.fi\\\/miehet\\\/#\\\/schema\\\/logo\\\/image\\\/\"},\"sameAs\":[\"https:\\\/\\\/www.facebook.com\\\/finnhandball\",\"https:\\\/\\\/x.com\\\/finnhandball\",\"https:\\\/\\\/www.instagram.com\\\/handballfinland\\\/\"]},{\"@type\":\"Person\",\"@id\":\"https:\\\/\\\/aktialiiga.fi\\\/miehet\\\/#\\\/schema\\\/person\\\/c14bf42f47041db74603c45afcb18d87\",\"name\":\"tbrmedia\",\"image\":{\"@type\":\"ImageObject\",\"inLanguage\":\"fi\",\"@id\":\"https:\\\/\\\/secure.gravatar.com\\\/avatar\\\/ee975fa091fe581d12b60debb3439022686618368a7c142044c56724d4666b16?s=96&d=mm&r=g\",\"url\":\"https:\\\/\\\/secure.gravatar.com\\\/avatar\\\/ee975fa091fe581d12b60debb3439022686618368a7c142044c56724d4666b16?s=96&d=mm&r=g\",\"contentUrl\":\"https:\\\/\\\/secure.gravatar.com\\\/avatar\\\/ee975fa091fe581d12b60debb3439022686618368a7c142044c56724d4666b16?s=96&d=mm&r=g\",\"caption\":\"tbrmedia\"}}]}<\/script>\n<!-- \/ Yoast SEO plugin. -->","yoast_head_json":{"title":"Tasapeli ei riitt\u00e4nyt Dickenille jatkoon Challenge Cupissa | K\u00e4sipallon miesten Aktialiiga","robots":{"index":"index","follow":"follow","max-snippet":"max-snippet:-1","max-image-preview":"max-image-preview:large","max-video-preview":"max-video-preview:-1"},"canonical":"https:\/\/aktialiiga.fi\/miehet\/ajankohtaista\/tasapeli-ei-riittanyt-dickenille-jatkoon-challenge-cupissa\/","og_locale":"fi_FI","og_type":"article","og_title":"Tasapeli ei riitt\u00e4nyt Dickenille jatkoon Challenge Cupissa | K\u00e4sipallon miesten Aktialiiga","og_description":"Dickenin ja AM Madeira Andebol SAD:n toinen ja ratkaiseva osaottelu pelattiin lauantaina t\u00e4p\u00f6t\u00e4yden Pirkkolan parketilla. Lopulta Dickenin kohtaloksi tuli pudota jatkosta niukimmalla mahdollisella erolla. Ottelun l\u00e4ht\u00f6kohdat olivat selv\u00e4t, lauttasaarelaiset tarvitsivat v\u00e4hint\u00e4\u00e4n yhden maalin voiton v\u00e4h\u00e4maalisessa ottelussa, tai kahden maalin voitto muussa tapauksessa. Ottelun alku oli tasaista asetelmien hakemista, jossa v\u00e4lill\u00e4 Madeira k\u00e4vi johdossa ja v\u00e4lill\u00e4 [&hellip;]","og_url":"https:\/\/aktialiiga.fi\/miehet\/ajankohtaista\/tasapeli-ei-riittanyt-dickenille-jatkoon-challenge-cupissa\/","og_site_name":"K\u00e4sipallon miesten Aktialiiga","article_publisher":"https:\/\/www.facebook.com\/finnhandball","article_published_time":"2019-03-30T17:12:13+00:00","article_modified_time":"2024-08-26T19:35:45+00:00","og_image":[{"width":711,"height":330,"url":"https:\/\/i0.wp.com\/aktialiiga.fi\/miehet\/wp-content\/uploads\/sites\/5\/2019\/03\/Dicken_yleisoa_1819.jpg?fit=711%2C330&ssl=1","type":"image\/jpeg"}],"author":"tbrmedia","twitter_card":"summary_large_image","twitter_creator":"@finnhandball","twitter_site":"@finnhandball","schema":{"@context":"https:\/\/schema.org","@graph":[{"@type":"Article","@id":"https:\/\/aktialiiga.fi\/miehet\/ajankohtaista\/tasapeli-ei-riittanyt-dickenille-jatkoon-challenge-cupissa\/#article","isPartOf":{"@id":"https:\/\/aktialiiga.fi\/miehet\/ajankohtaista\/tasapeli-ei-riittanyt-dickenille-jatkoon-challenge-cupissa\/"},"author":{"name":"tbrmedia","@id":"https:\/\/aktialiiga.fi\/miehet\/#\/schema\/person\/c14bf42f47041db74603c45afcb18d87"},"headline":"Tasapeli ei riitt\u00e4nyt Dickenille jatkoon Challenge Cupissa","datePublished":"2019-03-30T17:12:13+00:00","dateModified":"2024-08-26T19:35:45+00:00","mainEntityOfPage":{"@id":"https:\/\/aktialiiga.fi\/miehet\/ajankohtaista\/tasapeli-ei-riittanyt-dickenille-jatkoon-challenge-cupissa\/"},"wordCount":242,"publisher":{"@id":"https:\/\/aktialiiga.fi\/miehet\/#organization"},"image":{"@id":"https:\/\/aktialiiga.fi\/miehet\/ajankohtaista\/tasapeli-ei-riittanyt-dickenille-jatkoon-challenge-cupissa\/#primaryimage"},"thumbnailUrl":"https:\/\/i0.wp.com\/aktialiiga.fi\/miehet\/wp-content\/uploads\/sites\/5\/2019\/03\/Dicken_yleisoa_1819.jpg?fit=711%2C330&ssl=1","keywords":["Dicken","EHF Challenge Cup"],"articleSection":["Ajankohtaista"],"inLanguage":"fi"},{"@type":"WebPage","@id":"https:\/\/aktialiiga.fi\/miehet\/ajankohtaista\/tasapeli-ei-riittanyt-dickenille-jatkoon-challenge-cupissa\/","url":"https:\/\/aktialiiga.fi\/miehet\/ajankohtaista\/tasapeli-ei-riittanyt-dickenille-jatkoon-challenge-cupissa\/","name":"Tasapeli ei riitt\u00e4nyt Dickenille jatkoon Challenge Cupissa | K\u00e4sipallon miesten Aktialiiga","isPartOf":{"@id":"https:\/\/aktialiiga.fi\/miehet\/#website"},"primaryImageOfPage":{"@id":"https:\/\/aktialiiga.fi\/miehet\/ajankohtaista\/tasapeli-ei-riittanyt-dickenille-jatkoon-challenge-cupissa\/#primaryimage"},"image":{"@id":"https:\/\/aktialiiga.fi\/miehet\/ajankohtaista\/tasapeli-ei-riittanyt-dickenille-jatkoon-challenge-cupissa\/#primaryimage"},"thumbnailUrl":"https:\/\/i0.wp.com\/aktialiiga.fi\/miehet\/wp-content\/uploads\/sites\/5\/2019\/03\/Dicken_yleisoa_1819.jpg?fit=711%2C330&ssl=1","datePublished":"2019-03-30T17:12:13+00:00","dateModified":"2024-08-26T19:35:45+00:00","breadcrumb":{"@id":"https:\/\/aktialiiga.fi\/miehet\/ajankohtaista\/tasapeli-ei-riittanyt-dickenille-jatkoon-challenge-cupissa\/#breadcrumb"},"inLanguage":"fi","potentialAction":[{"@type":"ReadAction","target":["https:\/\/aktialiiga.fi\/miehet\/ajankohtaista\/tasapeli-ei-riittanyt-dickenille-jatkoon-challenge-cupissa\/"]}]},{"@type":"ImageObject","inLanguage":"fi","@id":"https:\/\/aktialiiga.fi\/miehet\/ajankohtaista\/tasapeli-ei-riittanyt-dickenille-jatkoon-challenge-cupissa\/#primaryimage","url":"https:\/\/i0.wp.com\/aktialiiga.fi\/miehet\/wp-content\/uploads\/sites\/5\/2019\/03\/Dicken_yleisoa_1819.jpg?fit=711%2C330&ssl=1","contentUrl":"https:\/\/i0.wp.com\/aktialiiga.fi\/miehet\/wp-content\/uploads\/sites\/5\/2019\/03\/Dicken_yleisoa_1819.jpg?fit=711%2C330&ssl=1","width":711,"height":330},{"@type":"BreadcrumbList","@id":"https:\/\/aktialiiga.fi\/miehet\/ajankohtaista\/tasapeli-ei-riittanyt-dickenille-jatkoon-challenge-cupissa\/#breadcrumb","itemListElement":[{"@type":"ListItem","position":1,"name":"Etusivu","item":"https:\/\/aktialiiga.fi\/miehet\/"},{"@type":"ListItem","position":2,"name":"Tasapeli ei riitt\u00e4nyt Dickenille jatkoon Challenge Cupissa"}]},{"@type":"WebSite","@id":"https:\/\/aktialiiga.fi\/miehet\/#website","url":"https:\/\/aktialiiga.fi\/miehet\/","name":"K\u00e4sipallon miesten Aktialiiga","description":"Valtakunnan vauhdikkainta palloilua!","publisher":{"@id":"https:\/\/aktialiiga.fi\/miehet\/#organization"},"potentialAction":[{"@type":"SearchAction","target":{"@type":"EntryPoint","urlTemplate":"https:\/\/aktialiiga.fi\/miehet\/?s={search_term_string}"},"query-input":{"@type":"PropertyValueSpecification","valueRequired":true,"valueName":"search_term_string"}}],"inLanguage":"fi"},{"@type":"Organization","@id":"https:\/\/aktialiiga.fi\/miehet\/#organization","name":"K\u00e4sipallon miesten Aktialiiga","url":"https:\/\/aktialiiga.fi\/miehet\/","logo":{"@type":"ImageObject","inLanguage":"fi","@id":"https:\/\/aktialiiga.fi\/miehet\/#\/schema\/logo\/image\/","url":"https:\/\/i0.wp.com\/aktialiiga.fi\/miehet\/wp-content\/uploads\/sites\/5\/2024\/09\/Aktialiiga-Yoast-512.png?fit=512%2C512&ssl=1","contentUrl":"https:\/\/i0.wp.com\/aktialiiga.fi\/miehet\/wp-content\/uploads\/sites\/5\/2024\/09\/Aktialiiga-Yoast-512.png?fit=512%2C512&ssl=1","width":512,"height":512,"caption":"K\u00e4sipallon miesten Aktialiiga"},"image":{"@id":"https:\/\/aktialiiga.fi\/miehet\/#\/schema\/logo\/image\/"},"sameAs":["https:\/\/www.facebook.com\/finnhandball","https:\/\/x.com\/finnhandball","https:\/\/www.instagram.com\/handballfinland\/"]},{"@type":"Person","@id":"https:\/\/aktialiiga.fi\/miehet\/#\/schema\/person\/c14bf42f47041db74603c45afcb18d87","name":"tbrmedia","image":{"@type":"ImageObject","inLanguage":"fi","@id":"https:\/\/secure.gravatar.com\/avatar\/ee975fa091fe581d12b60debb3439022686618368a7c142044c56724d4666b16?s=96&d=mm&r=g","url":"https:\/\/secure.gravatar.com\/avatar\/ee975fa091fe581d12b60debb3439022686618368a7c142044c56724d4666b16?s=96&d=mm&r=g","contentUrl":"https:\/\/secure.gravatar.com\/avatar\/ee975fa091fe581d12b60debb3439022686618368a7c142044c56724d4666b16?s=96&d=mm&r=g","caption":"tbrmedia"}}]}},"jetpack_featured_media_url":"https:\/\/i0.wp.com\/aktialiiga.fi\/miehet\/wp-content\/uploads\/sites\/5\/2019\/03\/Dicken_yleisoa_1819.jpg?fit=711%2C330&ssl=1","jetpack_sharing_enabled":true,"jetpack_shortlink":"https:\/\/wp.me\/pfTxOr-5Tr","_links":{"self":[{"href":"https:\/\/aktialiiga.fi\/miehet\/wp-json\/wp\/v2\/posts\/22657","targetHints":{"allow":["GET"]}}],"collection":[{"href":"https:\/\/aktialiiga.fi\/miehet\/wp-json\/wp\/v2\/posts"}],"about":[{"href":"https:\/\/aktialiiga.fi\/miehet\/wp-json\/wp\/v2\/types\/post"}],"author":[{"embeddable":true,"href":"https:\/\/aktialiiga.fi\/miehet\/wp-json\/wp\/v2\/users\/13"}],"replies":[{"embeddable":true,"href":"https:\/\/aktialiiga.fi\/miehet\/wp-json\/wp\/v2\/comments?post=22657"}],"version-history":[{"count":0,"href":"https:\/\/aktialiiga.fi\/miehet\/wp-json\/wp\/v2\/posts\/22657\/revisions"}],"wp:featuredmedia":[{"embeddable":true,"href":"https:\/\/aktialiiga.fi\/miehet\/wp-json\/wp\/v2\/media\/22658"}],"wp:attachment":[{"href":"https:\/\/aktialiiga.fi\/miehet\/wp-json\/wp\/v2\/media?parent=22657"}],"wp:term":[{"taxonomy":"category","embeddable":true,"href":"https:\/\/aktialiiga.fi\/miehet\/wp-json\/wp\/v2\/categories?post=22657"},{"taxonomy":"post_tag","embeddable":true,"href":"https:\/\/aktialiiga.fi\/miehet\/wp-json\/wp\/v2\/tags?post=22657"}],"curies":[{"name":"wp","href":"https:\/\/api.w.org\/{rel}","templated":true}]}}