{"id":22690,"date":"2019-04-03T20:36:58","date_gmt":"2019-04-03T17:36:58","guid":{"rendered":"https:\/\/aktialiiga.fi\/miehet\/?p=22690"},"modified":"2019-04-03T21:38:01","modified_gmt":"2019-04-03T18:38:01","slug":"sif-aifkta-vahvempi","status":"publish","type":"post","link":"https:\/\/aktialiiga.fi\/miehet\/2018-2019\/ottelut-2018-2019\/sif-aifkta-vahvempi\/","title":{"rendered":"SIF \u00c5IFK:ta vahvempi"},"content":{"rendered":"<p>SIF jatkoi voitokkaita otteita alemmassa jatkosarjassa ykk\u00f6ssijan varmistumisesta huolimatta ja kaatoi keskiviikkona kotonaan \u00c5IFK:n.<\/p>\n<p>Ottelu alkoi hiukan ennen ensimm\u00e4isen kymmenminuuttisen t\u00e4yttymist\u00e4 kallistua kotijoukkueelle ja eroa syntyi pikaisesti. Taukoon menness\u00e4 SIF oli venytt\u00e4nyt johtonsa runsasmaalisessa kamppailussa seitsem\u00e4\u00e4n maaliin.<\/p>\n<p>Tauon j\u00e4lkeen ero repesi nopeasti jo yli kymmenen maalin ja ottelun lopun SIF l\u00e4hinn\u00e4 varmisteli voittoaan, eik\u00e4 ensimm\u00e4isen jakson kaltaista ilotulitusta n\u00e4hty. Voittomarginaaliksi SIF:lle j\u00e4i lopulta kahdeksan maalia.<\/p>\n<p>SIF-luotsi Teddy Nordling oli esitykseen kokonaisuudessaan tyytyv\u00e4inen.<\/p>\n<p>&#8211; Joukkueella oli hyv\u00e4 asenne t\u00e4n\u00e4\u00e4n. Vaikka ottelu oli merkitykset\u00f6n, olimme keskittyneit\u00e4 koko matsin. Positiivista my\u00f6s ett\u00e4 pystyimme peluuttamaan koko miehist\u00f6\u00e4 t\u00e4n\u00e4\u00e4n, Nordling mietti.<\/p>\n<p>My\u00f6s vakuuttavimman pelaajan tittelin ja kolme L\u00e4hiTapiola-t\u00e4hte\u00e4 vienyt SIF:n Sten Maasalu n\u00e4ki hyv\u00e4\u00e4 ottelussa.<\/p>\n<p>&#8211; Hyv\u00e4 hy\u00f6kk\u00e4yspeli, puolustus ehk\u00e4 v\u00e4h\u00e4n l\u00f6ys\u00e4. Kokonaisuutena kuitenkin hyv\u00e4 ottelu. Nyt t\u00e4ht\u00e4\u00e4mme kohti puoliv\u00e4lieri\u00e4.<\/p>\n<p>\u00c5IFK-luotsi Christoffer Sj\u00f6blom harmitteli ottelun karkaamista k\u00e4sist\u00e4 pitk\u00e4lti jo avausjaksolla.<\/p>\n<p>&#8211; Heikko ensimm\u00e4inen puoliaika meilt\u00e4 t\u00e4n\u00e4\u00e4n ja aivan liian paljon teknisi\u00e4 virheit\u00e4. Pystyimme kuitenkin kokoamaan itsemme ja pelasimme paremman toisen puoliajan. Selvisimme ottelusta kunnialla, Sj\u00f6blom luonnehti.<\/p>\n<p><strong>SIF &#8211; \u00c5IFK 33-25 (21-14)<\/strong><\/p>\n<p><strong>Maalintekij\u00e4t<\/strong><br \/>\nSIF: Sten Maasalu 8, Christoffer Thor 6, Atte Marjam\u00e4ki 4, Eduard Zakharov 3, Edvin Voutilainen 2, Ott Varik 2, Alex Vaahtoranta 2, Gustav Svanb\u00e4ck 2, Vidar Cabell 2, Carl Weurlander 1, Fredrik Karlsson 1<br \/>\n\u00c5IFK: Santeri Maijala 9, Andreas Nystr\u00f6m 4, Valter Georgs 3, Peik Sj\u00f6blom 2, Alexander Nyst\u00e9n 2, Oscar Berglund 2, Niklas Manderoos 1, Albin J\u00e4rvinen 1, Daniel Eriksson 1<\/p>\n<p><strong>L\u00e4hiTapiola-t\u00e4htipelaajat<\/strong><br \/>\nSten Maasalu SIF 3<br \/>\nSanteri Maijala \u00c5IFK 2<br \/>\nMika Malassu SIF 1<\/p>\n<p><strong>2 min ulosajot sek\u00e4 pelist\u00e4 sulkemiset<\/strong><br \/>\nSIF: Carl Weurlander 1 x 2 min<br \/>\n\u00c5IFK: Oscar Berglund 1 x 2 min, Paavo Brummer 1 x 2 min, Peik Sj\u00f6blom 2 x 2 min<\/p>\n<p><em>Erotuomarit<\/em>: Niko Tillan &#8211; Magnus Roth<\/p>\n<p><em>Yleis\u00f6\u00e4<\/em>: 197<\/p>\n","protected":false},"excerpt":{"rendered":"<p>SIF jatkoi voitokkaita otteita alemmassa jatkosarjassa ykk\u00f6ssijan varmistumisesta huolimatta ja kaatoi keskiviikkona kotonaan \u00c5IFK:n. Ottelu alkoi hiukan ennen ensimm\u00e4isen kymmenminuuttisen t\u00e4yttymist\u00e4 kallistua kotijoukkueelle ja eroa syntyi pikaisesti. Taukoon menness\u00e4 SIF oli venytt\u00e4nyt johtonsa runsasmaalisessa kamppailussa seitsem\u00e4\u00e4n maaliin. Tauon j\u00e4lkeen ero repesi nopeasti jo yli kymmenen maalin ja ottelun lopun SIF l\u00e4hinn\u00e4 varmisteli voittoaan, eik\u00e4 ensimm\u00e4isen [&hellip;]<\/p>\n","protected":false},"author":13,"featured_media":22049,"comment_status":"closed","ping_status":"closed","sticky":false,"template":"","format":"standard","meta":{"_acf_changed":false,"jetpack_post_was_ever_published":false,"_jetpack_newsletter_access":"","_jetpack_dont_email_post_to_subs":false,"_jetpack_newsletter_tier_id":0,"_jetpack_memberships_contains_paywalled_content":false,"_jetpack_memberships_contains_paid_content":false,"footnotes":""},"categories":[212],"tags":[50,111],"class_list":["post-22690","post","type-post","status-publish","format-standard","has-post-thumbnail","hentry","category-ottelut-2018-2019","tag-aifk","tag-sif"],"acf":[],"yoast_head":"<!-- This site is optimized with the Yoast SEO plugin v27.4 - https:\/\/yoast.com\/product\/yoast-seo-wordpress\/ -->\n<title>SIF \u00c5IFK:ta vahvempi | K\u00e4sipallon miesten Aktialiiga<\/title>\n<meta name=\"robots\" content=\"index, follow, max-snippet:-1, max-image-preview:large, max-video-preview:-1\" \/>\n<link rel=\"canonical\" href=\"https:\/\/aktialiiga.fi\/miehet\/2018-2019\/ottelut-2018-2019\/sif-aifkta-vahvempi\/\" \/>\n<meta property=\"og:locale\" content=\"fi_FI\" \/>\n<meta property=\"og:type\" content=\"article\" \/>\n<meta property=\"og:title\" content=\"SIF \u00c5IFK:ta vahvempi | K\u00e4sipallon miesten Aktialiiga\" \/>\n<meta property=\"og:description\" content=\"SIF jatkoi voitokkaita otteita alemmassa jatkosarjassa ykk\u00f6ssijan varmistumisesta huolimatta ja kaatoi keskiviikkona kotonaan \u00c5IFK:n. Ottelu alkoi hiukan ennen ensimm\u00e4isen kymmenminuuttisen t\u00e4yttymist\u00e4 kallistua kotijoukkueelle ja eroa syntyi pikaisesti. Taukoon menness\u00e4 SIF oli venytt\u00e4nyt johtonsa runsasmaalisessa kamppailussa seitsem\u00e4\u00e4n maaliin. Tauon j\u00e4lkeen ero repesi nopeasti jo yli kymmenen maalin ja ottelun lopun SIF l\u00e4hinn\u00e4 varmisteli voittoaan, eik\u00e4 ensimm\u00e4isen [&hellip;]\" \/>\n<meta property=\"og:url\" content=\"https:\/\/aktialiiga.fi\/miehet\/2018-2019\/ottelut-2018-2019\/sif-aifkta-vahvempi\/\" \/>\n<meta property=\"og:site_name\" content=\"K\u00e4sipallon miesten Aktialiiga\" \/>\n<meta property=\"article:publisher\" content=\"https:\/\/www.facebook.com\/finnhandball\" \/>\n<meta property=\"article:published_time\" content=\"2019-04-03T17:36:58+00:00\" \/>\n<meta property=\"article:modified_time\" content=\"2019-04-03T18:38:01+00:00\" \/>\n<meta property=\"og:image\" content=\"https:\/\/i0.wp.com\/aktialiiga.fi\/miehet\/wp-content\/uploads\/sites\/5\/2019\/01\/SIF_Maasalu_Sten_1819.gif?fit=711%2C335&ssl=1\" \/>\n\t<meta property=\"og:image:width\" content=\"711\" \/>\n\t<meta property=\"og:image:height\" content=\"335\" \/>\n\t<meta property=\"og:image:type\" content=\"image\/gif\" \/>\n<meta name=\"author\" content=\"tbrmedia\" \/>\n<meta name=\"twitter:card\" content=\"summary_large_image\" \/>\n<meta name=\"twitter:creator\" content=\"@finnhandball\" \/>\n<meta name=\"twitter:site\" content=\"@finnhandball\" \/>\n<script type=\"application\/ld+json\" class=\"yoast-schema-graph\">{\"@context\":\"https:\\\/\\\/schema.org\",\"@graph\":[{\"@type\":\"Article\",\"@id\":\"https:\\\/\\\/aktialiiga.fi\\\/miehet\\\/2018-2019\\\/ottelut-2018-2019\\\/sif-aifkta-vahvempi\\\/#article\",\"isPartOf\":{\"@id\":\"https:\\\/\\\/aktialiiga.fi\\\/miehet\\\/2018-2019\\\/ottelut-2018-2019\\\/sif-aifkta-vahvempi\\\/\"},\"author\":{\"name\":\"tbrmedia\",\"@id\":\"https:\\\/\\\/aktialiiga.fi\\\/miehet\\\/#\\\/schema\\\/person\\\/c14bf42f47041db74603c45afcb18d87\"},\"headline\":\"SIF \u00c5IFK:ta vahvempi\",\"datePublished\":\"2019-04-03T17:36:58+00:00\",\"dateModified\":\"2019-04-03T18:38:01+00:00\",\"mainEntityOfPage\":{\"@id\":\"https:\\\/\\\/aktialiiga.fi\\\/miehet\\\/2018-2019\\\/ottelut-2018-2019\\\/sif-aifkta-vahvempi\\\/\"},\"wordCount\":302,\"publisher\":{\"@id\":\"https:\\\/\\\/aktialiiga.fi\\\/miehet\\\/#organization\"},\"image\":{\"@id\":\"https:\\\/\\\/aktialiiga.fi\\\/miehet\\\/2018-2019\\\/ottelut-2018-2019\\\/sif-aifkta-vahvempi\\\/#primaryimage\"},\"thumbnailUrl\":\"https:\\\/\\\/i0.wp.com\\\/aktialiiga.fi\\\/miehet\\\/wp-content\\\/uploads\\\/sites\\\/5\\\/2019\\\/01\\\/SIF_Maasalu_Sten_1819.gif?fit=711%2C335&ssl=1\",\"keywords\":[\"\u00c5IFK\",\"SIF\"],\"articleSection\":[\"Ottelut\"],\"inLanguage\":\"fi\"},{\"@type\":\"WebPage\",\"@id\":\"https:\\\/\\\/aktialiiga.fi\\\/miehet\\\/2018-2019\\\/ottelut-2018-2019\\\/sif-aifkta-vahvempi\\\/\",\"url\":\"https:\\\/\\\/aktialiiga.fi\\\/miehet\\\/2018-2019\\\/ottelut-2018-2019\\\/sif-aifkta-vahvempi\\\/\",\"name\":\"SIF \u00c5IFK:ta vahvempi | K\u00e4sipallon miesten Aktialiiga\",\"isPartOf\":{\"@id\":\"https:\\\/\\\/aktialiiga.fi\\\/miehet\\\/#website\"},\"primaryImageOfPage\":{\"@id\":\"https:\\\/\\\/aktialiiga.fi\\\/miehet\\\/2018-2019\\\/ottelut-2018-2019\\\/sif-aifkta-vahvempi\\\/#primaryimage\"},\"image\":{\"@id\":\"https:\\\/\\\/aktialiiga.fi\\\/miehet\\\/2018-2019\\\/ottelut-2018-2019\\\/sif-aifkta-vahvempi\\\/#primaryimage\"},\"thumbnailUrl\":\"https:\\\/\\\/i0.wp.com\\\/aktialiiga.fi\\\/miehet\\\/wp-content\\\/uploads\\\/sites\\\/5\\\/2019\\\/01\\\/SIF_Maasalu_Sten_1819.gif?fit=711%2C335&ssl=1\",\"datePublished\":\"2019-04-03T17:36:58+00:00\",\"dateModified\":\"2019-04-03T18:38:01+00:00\",\"breadcrumb\":{\"@id\":\"https:\\\/\\\/aktialiiga.fi\\\/miehet\\\/2018-2019\\\/ottelut-2018-2019\\\/sif-aifkta-vahvempi\\\/#breadcrumb\"},\"inLanguage\":\"fi\",\"potentialAction\":[{\"@type\":\"ReadAction\",\"target\":[\"https:\\\/\\\/aktialiiga.fi\\\/miehet\\\/2018-2019\\\/ottelut-2018-2019\\\/sif-aifkta-vahvempi\\\/\"]}]},{\"@type\":\"ImageObject\",\"inLanguage\":\"fi\",\"@id\":\"https:\\\/\\\/aktialiiga.fi\\\/miehet\\\/2018-2019\\\/ottelut-2018-2019\\\/sif-aifkta-vahvempi\\\/#primaryimage\",\"url\":\"https:\\\/\\\/i0.wp.com\\\/aktialiiga.fi\\\/miehet\\\/wp-content\\\/uploads\\\/sites\\\/5\\\/2019\\\/01\\\/SIF_Maasalu_Sten_1819.gif?fit=711%2C335&ssl=1\",\"contentUrl\":\"https:\\\/\\\/i0.wp.com\\\/aktialiiga.fi\\\/miehet\\\/wp-content\\\/uploads\\\/sites\\\/5\\\/2019\\\/01\\\/SIF_Maasalu_Sten_1819.gif?fit=711%2C335&ssl=1\",\"width\":711,\"height\":335},{\"@type\":\"BreadcrumbList\",\"@id\":\"https:\\\/\\\/aktialiiga.fi\\\/miehet\\\/2018-2019\\\/ottelut-2018-2019\\\/sif-aifkta-vahvempi\\\/#breadcrumb\",\"itemListElement\":[{\"@type\":\"ListItem\",\"position\":1,\"name\":\"Etusivu\",\"item\":\"https:\\\/\\\/aktialiiga.fi\\\/miehet\\\/\"},{\"@type\":\"ListItem\",\"position\":2,\"name\":\"SIF \u00c5IFK:ta vahvempi\"}]},{\"@type\":\"WebSite\",\"@id\":\"https:\\\/\\\/aktialiiga.fi\\\/miehet\\\/#website\",\"url\":\"https:\\\/\\\/aktialiiga.fi\\\/miehet\\\/\",\"name\":\"K\u00e4sipallon miesten Aktialiiga\",\"description\":\"Valtakunnan vauhdikkainta palloilua!\",\"publisher\":{\"@id\":\"https:\\\/\\\/aktialiiga.fi\\\/miehet\\\/#organization\"},\"potentialAction\":[{\"@type\":\"SearchAction\",\"target\":{\"@type\":\"EntryPoint\",\"urlTemplate\":\"https:\\\/\\\/aktialiiga.fi\\\/miehet\\\/?s={search_term_string}\"},\"query-input\":{\"@type\":\"PropertyValueSpecification\",\"valueRequired\":true,\"valueName\":\"search_term_string\"}}],\"inLanguage\":\"fi\"},{\"@type\":\"Organization\",\"@id\":\"https:\\\/\\\/aktialiiga.fi\\\/miehet\\\/#organization\",\"name\":\"K\u00e4sipallon miesten Aktialiiga\",\"url\":\"https:\\\/\\\/aktialiiga.fi\\\/miehet\\\/\",\"logo\":{\"@type\":\"ImageObject\",\"inLanguage\":\"fi\",\"@id\":\"https:\\\/\\\/aktialiiga.fi\\\/miehet\\\/#\\\/schema\\\/logo\\\/image\\\/\",\"url\":\"https:\\\/\\\/i0.wp.com\\\/aktialiiga.fi\\\/miehet\\\/wp-content\\\/uploads\\\/sites\\\/5\\\/2024\\\/09\\\/Aktialiiga-Yoast-512.png?fit=512%2C512&ssl=1\",\"contentUrl\":\"https:\\\/\\\/i0.wp.com\\\/aktialiiga.fi\\\/miehet\\\/wp-content\\\/uploads\\\/sites\\\/5\\\/2024\\\/09\\\/Aktialiiga-Yoast-512.png?fit=512%2C512&ssl=1\",\"width\":512,\"height\":512,\"caption\":\"K\u00e4sipallon miesten Aktialiiga\"},\"image\":{\"@id\":\"https:\\\/\\\/aktialiiga.fi\\\/miehet\\\/#\\\/schema\\\/logo\\\/image\\\/\"},\"sameAs\":[\"https:\\\/\\\/www.facebook.com\\\/finnhandball\",\"https:\\\/\\\/x.com\\\/finnhandball\",\"https:\\\/\\\/www.instagram.com\\\/handballfinland\\\/\"]},{\"@type\":\"Person\",\"@id\":\"https:\\\/\\\/aktialiiga.fi\\\/miehet\\\/#\\\/schema\\\/person\\\/c14bf42f47041db74603c45afcb18d87\",\"name\":\"tbrmedia\",\"image\":{\"@type\":\"ImageObject\",\"inLanguage\":\"fi\",\"@id\":\"https:\\\/\\\/secure.gravatar.com\\\/avatar\\\/ee975fa091fe581d12b60debb3439022686618368a7c142044c56724d4666b16?s=96&d=mm&r=g\",\"url\":\"https:\\\/\\\/secure.gravatar.com\\\/avatar\\\/ee975fa091fe581d12b60debb3439022686618368a7c142044c56724d4666b16?s=96&d=mm&r=g\",\"contentUrl\":\"https:\\\/\\\/secure.gravatar.com\\\/avatar\\\/ee975fa091fe581d12b60debb3439022686618368a7c142044c56724d4666b16?s=96&d=mm&r=g\",\"caption\":\"tbrmedia\"}}]}<\/script>\n<!-- \/ Yoast SEO plugin. -->","yoast_head_json":{"title":"SIF \u00c5IFK:ta vahvempi | K\u00e4sipallon miesten Aktialiiga","robots":{"index":"index","follow":"follow","max-snippet":"max-snippet:-1","max-image-preview":"max-image-preview:large","max-video-preview":"max-video-preview:-1"},"canonical":"https:\/\/aktialiiga.fi\/miehet\/2018-2019\/ottelut-2018-2019\/sif-aifkta-vahvempi\/","og_locale":"fi_FI","og_type":"article","og_title":"SIF \u00c5IFK:ta vahvempi | K\u00e4sipallon miesten Aktialiiga","og_description":"SIF jatkoi voitokkaita otteita alemmassa jatkosarjassa ykk\u00f6ssijan varmistumisesta huolimatta ja kaatoi keskiviikkona kotonaan \u00c5IFK:n. Ottelu alkoi hiukan ennen ensimm\u00e4isen kymmenminuuttisen t\u00e4yttymist\u00e4 kallistua kotijoukkueelle ja eroa syntyi pikaisesti. Taukoon menness\u00e4 SIF oli venytt\u00e4nyt johtonsa runsasmaalisessa kamppailussa seitsem\u00e4\u00e4n maaliin. Tauon j\u00e4lkeen ero repesi nopeasti jo yli kymmenen maalin ja ottelun lopun SIF l\u00e4hinn\u00e4 varmisteli voittoaan, eik\u00e4 ensimm\u00e4isen [&hellip;]","og_url":"https:\/\/aktialiiga.fi\/miehet\/2018-2019\/ottelut-2018-2019\/sif-aifkta-vahvempi\/","og_site_name":"K\u00e4sipallon miesten Aktialiiga","article_publisher":"https:\/\/www.facebook.com\/finnhandball","article_published_time":"2019-04-03T17:36:58+00:00","article_modified_time":"2019-04-03T18:38:01+00:00","og_image":[{"width":711,"height":335,"url":"https:\/\/i0.wp.com\/aktialiiga.fi\/miehet\/wp-content\/uploads\/sites\/5\/2019\/01\/SIF_Maasalu_Sten_1819.gif?fit=711%2C335&ssl=1","type":"image\/gif"}],"author":"tbrmedia","twitter_card":"summary_large_image","twitter_creator":"@finnhandball","twitter_site":"@finnhandball","schema":{"@context":"https:\/\/schema.org","@graph":[{"@type":"Article","@id":"https:\/\/aktialiiga.fi\/miehet\/2018-2019\/ottelut-2018-2019\/sif-aifkta-vahvempi\/#article","isPartOf":{"@id":"https:\/\/aktialiiga.fi\/miehet\/2018-2019\/ottelut-2018-2019\/sif-aifkta-vahvempi\/"},"author":{"name":"tbrmedia","@id":"https:\/\/aktialiiga.fi\/miehet\/#\/schema\/person\/c14bf42f47041db74603c45afcb18d87"},"headline":"SIF \u00c5IFK:ta vahvempi","datePublished":"2019-04-03T17:36:58+00:00","dateModified":"2019-04-03T18:38:01+00:00","mainEntityOfPage":{"@id":"https:\/\/aktialiiga.fi\/miehet\/2018-2019\/ottelut-2018-2019\/sif-aifkta-vahvempi\/"},"wordCount":302,"publisher":{"@id":"https:\/\/aktialiiga.fi\/miehet\/#organization"},"image":{"@id":"https:\/\/aktialiiga.fi\/miehet\/2018-2019\/ottelut-2018-2019\/sif-aifkta-vahvempi\/#primaryimage"},"thumbnailUrl":"https:\/\/i0.wp.com\/aktialiiga.fi\/miehet\/wp-content\/uploads\/sites\/5\/2019\/01\/SIF_Maasalu_Sten_1819.gif?fit=711%2C335&ssl=1","keywords":["\u00c5IFK","SIF"],"articleSection":["Ottelut"],"inLanguage":"fi"},{"@type":"WebPage","@id":"https:\/\/aktialiiga.fi\/miehet\/2018-2019\/ottelut-2018-2019\/sif-aifkta-vahvempi\/","url":"https:\/\/aktialiiga.fi\/miehet\/2018-2019\/ottelut-2018-2019\/sif-aifkta-vahvempi\/","name":"SIF \u00c5IFK:ta vahvempi | K\u00e4sipallon miesten Aktialiiga","isPartOf":{"@id":"https:\/\/aktialiiga.fi\/miehet\/#website"},"primaryImageOfPage":{"@id":"https:\/\/aktialiiga.fi\/miehet\/2018-2019\/ottelut-2018-2019\/sif-aifkta-vahvempi\/#primaryimage"},"image":{"@id":"https:\/\/aktialiiga.fi\/miehet\/2018-2019\/ottelut-2018-2019\/sif-aifkta-vahvempi\/#primaryimage"},"thumbnailUrl":"https:\/\/i0.wp.com\/aktialiiga.fi\/miehet\/wp-content\/uploads\/sites\/5\/2019\/01\/SIF_Maasalu_Sten_1819.gif?fit=711%2C335&ssl=1","datePublished":"2019-04-03T17:36:58+00:00","dateModified":"2019-04-03T18:38:01+00:00","breadcrumb":{"@id":"https:\/\/aktialiiga.fi\/miehet\/2018-2019\/ottelut-2018-2019\/sif-aifkta-vahvempi\/#breadcrumb"},"inLanguage":"fi","potentialAction":[{"@type":"ReadAction","target":["https:\/\/aktialiiga.fi\/miehet\/2018-2019\/ottelut-2018-2019\/sif-aifkta-vahvempi\/"]}]},{"@type":"ImageObject","inLanguage":"fi","@id":"https:\/\/aktialiiga.fi\/miehet\/2018-2019\/ottelut-2018-2019\/sif-aifkta-vahvempi\/#primaryimage","url":"https:\/\/i0.wp.com\/aktialiiga.fi\/miehet\/wp-content\/uploads\/sites\/5\/2019\/01\/SIF_Maasalu_Sten_1819.gif?fit=711%2C335&ssl=1","contentUrl":"https:\/\/i0.wp.com\/aktialiiga.fi\/miehet\/wp-content\/uploads\/sites\/5\/2019\/01\/SIF_Maasalu_Sten_1819.gif?fit=711%2C335&ssl=1","width":711,"height":335},{"@type":"BreadcrumbList","@id":"https:\/\/aktialiiga.fi\/miehet\/2018-2019\/ottelut-2018-2019\/sif-aifkta-vahvempi\/#breadcrumb","itemListElement":[{"@type":"ListItem","position":1,"name":"Etusivu","item":"https:\/\/aktialiiga.fi\/miehet\/"},{"@type":"ListItem","position":2,"name":"SIF \u00c5IFK:ta vahvempi"}]},{"@type":"WebSite","@id":"https:\/\/aktialiiga.fi\/miehet\/#website","url":"https:\/\/aktialiiga.fi\/miehet\/","name":"K\u00e4sipallon miesten Aktialiiga","description":"Valtakunnan vauhdikkainta palloilua!","publisher":{"@id":"https:\/\/aktialiiga.fi\/miehet\/#organization"},"potentialAction":[{"@type":"SearchAction","target":{"@type":"EntryPoint","urlTemplate":"https:\/\/aktialiiga.fi\/miehet\/?s={search_term_string}"},"query-input":{"@type":"PropertyValueSpecification","valueRequired":true,"valueName":"search_term_string"}}],"inLanguage":"fi"},{"@type":"Organization","@id":"https:\/\/aktialiiga.fi\/miehet\/#organization","name":"K\u00e4sipallon miesten Aktialiiga","url":"https:\/\/aktialiiga.fi\/miehet\/","logo":{"@type":"ImageObject","inLanguage":"fi","@id":"https:\/\/aktialiiga.fi\/miehet\/#\/schema\/logo\/image\/","url":"https:\/\/i0.wp.com\/aktialiiga.fi\/miehet\/wp-content\/uploads\/sites\/5\/2024\/09\/Aktialiiga-Yoast-512.png?fit=512%2C512&ssl=1","contentUrl":"https:\/\/i0.wp.com\/aktialiiga.fi\/miehet\/wp-content\/uploads\/sites\/5\/2024\/09\/Aktialiiga-Yoast-512.png?fit=512%2C512&ssl=1","width":512,"height":512,"caption":"K\u00e4sipallon miesten Aktialiiga"},"image":{"@id":"https:\/\/aktialiiga.fi\/miehet\/#\/schema\/logo\/image\/"},"sameAs":["https:\/\/www.facebook.com\/finnhandball","https:\/\/x.com\/finnhandball","https:\/\/www.instagram.com\/handballfinland\/"]},{"@type":"Person","@id":"https:\/\/aktialiiga.fi\/miehet\/#\/schema\/person\/c14bf42f47041db74603c45afcb18d87","name":"tbrmedia","image":{"@type":"ImageObject","inLanguage":"fi","@id":"https:\/\/secure.gravatar.com\/avatar\/ee975fa091fe581d12b60debb3439022686618368a7c142044c56724d4666b16?s=96&d=mm&r=g","url":"https:\/\/secure.gravatar.com\/avatar\/ee975fa091fe581d12b60debb3439022686618368a7c142044c56724d4666b16?s=96&d=mm&r=g","contentUrl":"https:\/\/secure.gravatar.com\/avatar\/ee975fa091fe581d12b60debb3439022686618368a7c142044c56724d4666b16?s=96&d=mm&r=g","caption":"tbrmedia"}}]}},"jetpack_featured_media_url":"https:\/\/i0.wp.com\/aktialiiga.fi\/miehet\/wp-content\/uploads\/sites\/5\/2019\/01\/SIF_Maasalu_Sten_1819.gif?fit=711%2C335&ssl=1","jetpack_sharing_enabled":true,"jetpack_shortlink":"https:\/\/wp.me\/pfTxOr-5TY","_links":{"self":[{"href":"https:\/\/aktialiiga.fi\/miehet\/wp-json\/wp\/v2\/posts\/22690","targetHints":{"allow":["GET"]}}],"collection":[{"href":"https:\/\/aktialiiga.fi\/miehet\/wp-json\/wp\/v2\/posts"}],"about":[{"href":"https:\/\/aktialiiga.fi\/miehet\/wp-json\/wp\/v2\/types\/post"}],"author":[{"embeddable":true,"href":"https:\/\/aktialiiga.fi\/miehet\/wp-json\/wp\/v2\/users\/13"}],"replies":[{"embeddable":true,"href":"https:\/\/aktialiiga.fi\/miehet\/wp-json\/wp\/v2\/comments?post=22690"}],"version-history":[{"count":0,"href":"https:\/\/aktialiiga.fi\/miehet\/wp-json\/wp\/v2\/posts\/22690\/revisions"}],"wp:featuredmedia":[{"embeddable":true,"href":"https:\/\/aktialiiga.fi\/miehet\/wp-json\/wp\/v2\/media\/22049"}],"wp:attachment":[{"href":"https:\/\/aktialiiga.fi\/miehet\/wp-json\/wp\/v2\/media?parent=22690"}],"wp:term":[{"taxonomy":"category","embeddable":true,"href":"https:\/\/aktialiiga.fi\/miehet\/wp-json\/wp\/v2\/categories?post=22690"},{"taxonomy":"post_tag","embeddable":true,"href":"https:\/\/aktialiiga.fi\/miehet\/wp-json\/wp\/v2\/tags?post=22690"}],"curies":[{"name":"wp","href":"https:\/\/api.w.org\/{rel}","templated":true}]}}