{"id":22886,"date":"2019-04-28T22:06:43","date_gmt":"2019-04-28T19:06:43","guid":{"rendered":"https:\/\/aktialiiga.fi\/miehet\/?p=22886"},"modified":"2019-04-29T14:47:37","modified_gmt":"2019-04-29T11:47:37","slug":"sm-liigan-valierat-kayntiin-maanantaina-29-4","status":"publish","type":"post","link":"https:\/\/aktialiiga.fi\/miehet\/ajankohtaista\/sm-liigan-valierat-kayntiin-maanantaina-29-4\/","title":{"rendered":"SM-liigan v\u00e4lier\u00e4t k\u00e4yntiin maanantaina 29.4."},"content":{"rendered":"<p>K\u00e4sipallon miesten SM-liigan v\u00e4lier\u00e4joukkueet ovat selvill\u00e4 tiukkojen puoliv\u00e4lierien j\u00e4lkeen ja v\u00e4lierien ensimm\u00e4iset ottelut pelataan jo maanantaina 29.4.<\/p>\n<p>Molemmat puoliv\u00e4lier\u00e4sarjat venyiv\u00e4t ratkaisevaan viidenteen otteluun ja lopulta alemmasta jatkosarjasta pudotuspeleihin ponnistaneet SIF ja HIFK raivasivat tiens\u00e4 jatkoon pudottamalla GrIFK:n ja BK-46:n.<\/p>\n<p>&#8211; Puoliv\u00e4lier\u00e4t olivat erinomaista k\u00e4sipalloa ja tarjosivat tiukkoja otteluita. Yleis\u00f6keskiarvo nousi puoliv\u00e4lieriss\u00e4 jo pitk\u00e4lti yli 400:n ja useammassa ottelussa katsojia oli yli 600. T\u00e4m\u00e4 kertoo kiinnostuksesta seurajoukkuek\u00e4sipalloa kohtaan, K\u00e4sipalloliiton puheenjohtaja Jari Henttonen iloitsee.<\/p>\n<p>V\u00e4lieriss\u00e4 ylemm\u00e4n jatkosarjan voittaja ja hallitseva mestari Cocks kohtaa HIFK:n ja ylemm\u00e4n jatkosarjan kakkonen Dicken saa vastaansa SIF:n. V\u00e4lier\u00e4t aloitetaan Cocksin ja Dickenin kotiotteluilla ja finaaliin p\u00e4\u00e4see kolmella voitolla.<\/p>\n<p>Vahvan kauden my\u00f6s eurocupeissa pelanneet Cocks ja Dicken l\u00e4htev\u00e4t v\u00e4lieriin suosikkeina, mutta SIF ja HIFK osoittivat venymiskyky\u00e4 puoliv\u00e4lieriss\u00e4 ja p\u00e4\u00e4sev\u00e4t v\u00e4lier\u00e4sarjoihin ainakin hyv\u00e4ll\u00e4 ottelutuntumalla.<\/p>\n<p>&#8211; Tauon j\u00e4lkeen on haaste l\u00e4hte\u00e4 pelaamaan. Tuntuu v\u00e4h\u00e4n kuin kausi alkaisi uudestaan. Olemme keskittyneet nyt t\u00e4ysin omaan tekemiseen, emmek\u00e4 miettineet sen enemp\u00e4\u00e4 kuka lopulta tulee vastaan, Dickenin p\u00e4\u00e4valmentaja Bj\u00f6rn Monnberg toteaa.<\/p>\n<p>&#8211; Viime vuonna v\u00e4lier\u00e4t osoittivat jo ettemme voi aliarvioida ket\u00e4\u00e4n. En sanoisi ett\u00e4 meill\u00e4 on paineita, mutta olemme valmiita kovaan vastukseen. Vastassa on en\u00e4\u00e4 hyvi\u00e4 joukkueita ja Dicken erityisesti on ollut vahva t\u00e4ll\u00e4 kaudella, eiv\u00e4tk\u00e4 he voittaneet meit\u00e4kin sattumalta runkosarjassa, muistuttaa puolestaan Cocksin p\u00e4\u00e4valmentaja Gintaras Savukynas.<\/p>\n<p>V\u00e4lierien otteluohjelma kokonaisuudessaan <a href=\"\/ajankohtaista\/sm-liigan-valierien-aikataulu\/\" target=\"_blank\" rel=\"noopener noreferrer\">t\u00e4\u00e4ll\u00e4<\/a>.<\/p>\n<p>&nbsp;<\/p>\n","protected":false},"excerpt":{"rendered":"<p>K\u00e4sipallon miesten SM-liigan v\u00e4lier\u00e4joukkueet ovat selvill\u00e4 tiukkojen puoliv\u00e4lierien j\u00e4lkeen ja v\u00e4lierien ensimm\u00e4iset ottelut pelataan jo maanantaina 29.4. Molemmat puoliv\u00e4lier\u00e4sarjat venyiv\u00e4t ratkaisevaan viidenteen otteluun ja lopulta alemmasta jatkosarjasta pudotuspeleihin ponnistaneet SIF ja HIFK raivasivat tiens\u00e4 jatkoon pudottamalla GrIFK:n ja BK-46:n. &#8211; Puoliv\u00e4lier\u00e4t olivat erinomaista k\u00e4sipalloa ja tarjosivat tiukkoja otteluita. Yleis\u00f6keskiarvo nousi puoliv\u00e4lieriss\u00e4 jo pitk\u00e4lti yli 400:n [&hellip;]<\/p>\n","protected":false},"author":13,"featured_media":22582,"comment_status":"closed","ping_status":"closed","sticky":false,"template":"","format":"standard","meta":{"_acf_changed":false,"jetpack_post_was_ever_published":false,"_jetpack_newsletter_access":"","_jetpack_dont_email_post_to_subs":false,"_jetpack_newsletter_tier_id":0,"_jetpack_memberships_contains_paywalled_content":false,"_jetpack_memberships_contains_paid_content":false,"footnotes":""},"categories":[2,211],"tags":[57,58,71,111],"class_list":["post-22886","post","type-post","status-publish","format-standard","has-post-thumbnail","hentry","category-ajankohtaista","category-kohti-play-offeja-2018-2019","tag-cocks","tag-dicken","tag-hifk","tag-sif"],"acf":[],"yoast_head":"<!-- This site is optimized with the Yoast SEO plugin v27.5 - https:\/\/yoast.com\/product\/yoast-seo-wordpress\/ -->\n<title>SM-liigan v\u00e4lier\u00e4t k\u00e4yntiin maanantaina 29.4. | K\u00e4sipallon miesten Aktialiiga<\/title>\n<meta name=\"robots\" content=\"index, follow, max-snippet:-1, max-image-preview:large, max-video-preview:-1\" \/>\n<link rel=\"canonical\" href=\"https:\/\/aktialiiga.fi\/miehet\/ajankohtaista\/sm-liigan-valierat-kayntiin-maanantaina-29-4\/\" \/>\n<meta property=\"og:locale\" content=\"fi_FI\" \/>\n<meta property=\"og:type\" content=\"article\" \/>\n<meta property=\"og:title\" content=\"SM-liigan v\u00e4lier\u00e4t k\u00e4yntiin maanantaina 29.4. | K\u00e4sipallon miesten Aktialiiga\" \/>\n<meta property=\"og:description\" content=\"K\u00e4sipallon miesten SM-liigan v\u00e4lier\u00e4joukkueet ovat selvill\u00e4 tiukkojen puoliv\u00e4lierien j\u00e4lkeen ja v\u00e4lierien ensimm\u00e4iset ottelut pelataan jo maanantaina 29.4. Molemmat puoliv\u00e4lier\u00e4sarjat venyiv\u00e4t ratkaisevaan viidenteen otteluun ja lopulta alemmasta jatkosarjasta pudotuspeleihin ponnistaneet SIF ja HIFK raivasivat tiens\u00e4 jatkoon pudottamalla GrIFK:n ja BK-46:n. &#8211; Puoliv\u00e4lier\u00e4t olivat erinomaista k\u00e4sipalloa ja tarjosivat tiukkoja otteluita. Yleis\u00f6keskiarvo nousi puoliv\u00e4lieriss\u00e4 jo pitk\u00e4lti yli 400:n [&hellip;]\" \/>\n<meta property=\"og:url\" content=\"https:\/\/aktialiiga.fi\/miehet\/ajankohtaista\/sm-liigan-valierat-kayntiin-maanantaina-29-4\/\" \/>\n<meta property=\"og:site_name\" content=\"K\u00e4sipallon miesten Aktialiiga\" \/>\n<meta property=\"article:publisher\" content=\"https:\/\/www.facebook.com\/finnhandball\" \/>\n<meta property=\"article:published_time\" content=\"2019-04-28T19:06:43+00:00\" \/>\n<meta property=\"article:modified_time\" content=\"2019-04-29T11:47:37+00:00\" \/>\n<meta property=\"og:image\" content=\"https:\/\/i0.wp.com\/aktialiiga.fi\/miehet\/wp-content\/uploads\/sites\/5\/2019\/03\/Pallokuvitus_1819e.gif?fit=711%2C330&ssl=1\" \/>\n\t<meta property=\"og:image:width\" content=\"711\" \/>\n\t<meta property=\"og:image:height\" content=\"330\" \/>\n\t<meta property=\"og:image:type\" content=\"image\/gif\" \/>\n<meta name=\"author\" content=\"tbrmedia\" \/>\n<meta name=\"twitter:card\" content=\"summary_large_image\" \/>\n<meta name=\"twitter:creator\" content=\"@finnhandball\" \/>\n<meta name=\"twitter:site\" content=\"@finnhandball\" \/>\n<script type=\"application\/ld+json\" class=\"yoast-schema-graph\">{\"@context\":\"https:\\\/\\\/schema.org\",\"@graph\":[{\"@type\":\"Article\",\"@id\":\"https:\\\/\\\/aktialiiga.fi\\\/miehet\\\/ajankohtaista\\\/sm-liigan-valierat-kayntiin-maanantaina-29-4\\\/#article\",\"isPartOf\":{\"@id\":\"https:\\\/\\\/aktialiiga.fi\\\/miehet\\\/ajankohtaista\\\/sm-liigan-valierat-kayntiin-maanantaina-29-4\\\/\"},\"author\":{\"name\":\"tbrmedia\",\"@id\":\"https:\\\/\\\/aktialiiga.fi\\\/miehet\\\/#\\\/schema\\\/person\\\/c14bf42f47041db74603c45afcb18d87\"},\"headline\":\"SM-liigan v\u00e4lier\u00e4t k\u00e4yntiin maanantaina 29.4.\",\"datePublished\":\"2019-04-28T19:06:43+00:00\",\"dateModified\":\"2019-04-29T11:47:37+00:00\",\"mainEntityOfPage\":{\"@id\":\"https:\\\/\\\/aktialiiga.fi\\\/miehet\\\/ajankohtaista\\\/sm-liigan-valierat-kayntiin-maanantaina-29-4\\\/\"},\"wordCount\":268,\"publisher\":{\"@id\":\"https:\\\/\\\/aktialiiga.fi\\\/miehet\\\/#organization\"},\"image\":{\"@id\":\"https:\\\/\\\/aktialiiga.fi\\\/miehet\\\/ajankohtaista\\\/sm-liigan-valierat-kayntiin-maanantaina-29-4\\\/#primaryimage\"},\"thumbnailUrl\":\"https:\\\/\\\/i0.wp.com\\\/aktialiiga.fi\\\/miehet\\\/wp-content\\\/uploads\\\/sites\\\/5\\\/2019\\\/03\\\/Pallokuvitus_1819e.gif?fit=711%2C330&ssl=1\",\"keywords\":[\"Cocks\",\"Dicken\",\"HIFK\",\"SIF\"],\"articleSection\":[\"Ajankohtaista\",\"Kohti Play offeja\"],\"inLanguage\":\"fi\"},{\"@type\":\"WebPage\",\"@id\":\"https:\\\/\\\/aktialiiga.fi\\\/miehet\\\/ajankohtaista\\\/sm-liigan-valierat-kayntiin-maanantaina-29-4\\\/\",\"url\":\"https:\\\/\\\/aktialiiga.fi\\\/miehet\\\/ajankohtaista\\\/sm-liigan-valierat-kayntiin-maanantaina-29-4\\\/\",\"name\":\"SM-liigan v\u00e4lier\u00e4t k\u00e4yntiin maanantaina 29.4. | K\u00e4sipallon miesten Aktialiiga\",\"isPartOf\":{\"@id\":\"https:\\\/\\\/aktialiiga.fi\\\/miehet\\\/#website\"},\"primaryImageOfPage\":{\"@id\":\"https:\\\/\\\/aktialiiga.fi\\\/miehet\\\/ajankohtaista\\\/sm-liigan-valierat-kayntiin-maanantaina-29-4\\\/#primaryimage\"},\"image\":{\"@id\":\"https:\\\/\\\/aktialiiga.fi\\\/miehet\\\/ajankohtaista\\\/sm-liigan-valierat-kayntiin-maanantaina-29-4\\\/#primaryimage\"},\"thumbnailUrl\":\"https:\\\/\\\/i0.wp.com\\\/aktialiiga.fi\\\/miehet\\\/wp-content\\\/uploads\\\/sites\\\/5\\\/2019\\\/03\\\/Pallokuvitus_1819e.gif?fit=711%2C330&ssl=1\",\"datePublished\":\"2019-04-28T19:06:43+00:00\",\"dateModified\":\"2019-04-29T11:47:37+00:00\",\"breadcrumb\":{\"@id\":\"https:\\\/\\\/aktialiiga.fi\\\/miehet\\\/ajankohtaista\\\/sm-liigan-valierat-kayntiin-maanantaina-29-4\\\/#breadcrumb\"},\"inLanguage\":\"fi\",\"potentialAction\":[{\"@type\":\"ReadAction\",\"target\":[\"https:\\\/\\\/aktialiiga.fi\\\/miehet\\\/ajankohtaista\\\/sm-liigan-valierat-kayntiin-maanantaina-29-4\\\/\"]}]},{\"@type\":\"ImageObject\",\"inLanguage\":\"fi\",\"@id\":\"https:\\\/\\\/aktialiiga.fi\\\/miehet\\\/ajankohtaista\\\/sm-liigan-valierat-kayntiin-maanantaina-29-4\\\/#primaryimage\",\"url\":\"https:\\\/\\\/i0.wp.com\\\/aktialiiga.fi\\\/miehet\\\/wp-content\\\/uploads\\\/sites\\\/5\\\/2019\\\/03\\\/Pallokuvitus_1819e.gif?fit=711%2C330&ssl=1\",\"contentUrl\":\"https:\\\/\\\/i0.wp.com\\\/aktialiiga.fi\\\/miehet\\\/wp-content\\\/uploads\\\/sites\\\/5\\\/2019\\\/03\\\/Pallokuvitus_1819e.gif?fit=711%2C330&ssl=1\",\"width\":711,\"height\":330},{\"@type\":\"BreadcrumbList\",\"@id\":\"https:\\\/\\\/aktialiiga.fi\\\/miehet\\\/ajankohtaista\\\/sm-liigan-valierat-kayntiin-maanantaina-29-4\\\/#breadcrumb\",\"itemListElement\":[{\"@type\":\"ListItem\",\"position\":1,\"name\":\"Etusivu\",\"item\":\"https:\\\/\\\/aktialiiga.fi\\\/miehet\\\/\"},{\"@type\":\"ListItem\",\"position\":2,\"name\":\"SM-liigan v\u00e4lier\u00e4t k\u00e4yntiin maanantaina 29.4.\"}]},{\"@type\":\"WebSite\",\"@id\":\"https:\\\/\\\/aktialiiga.fi\\\/miehet\\\/#website\",\"url\":\"https:\\\/\\\/aktialiiga.fi\\\/miehet\\\/\",\"name\":\"K\u00e4sipallon miesten Aktialiiga\",\"description\":\"Valtakunnan vauhdikkainta palloilua!\",\"publisher\":{\"@id\":\"https:\\\/\\\/aktialiiga.fi\\\/miehet\\\/#organization\"},\"potentialAction\":[{\"@type\":\"SearchAction\",\"target\":{\"@type\":\"EntryPoint\",\"urlTemplate\":\"https:\\\/\\\/aktialiiga.fi\\\/miehet\\\/?s={search_term_string}\"},\"query-input\":{\"@type\":\"PropertyValueSpecification\",\"valueRequired\":true,\"valueName\":\"search_term_string\"}}],\"inLanguage\":\"fi\"},{\"@type\":\"Organization\",\"@id\":\"https:\\\/\\\/aktialiiga.fi\\\/miehet\\\/#organization\",\"name\":\"K\u00e4sipallon miesten Aktialiiga\",\"url\":\"https:\\\/\\\/aktialiiga.fi\\\/miehet\\\/\",\"logo\":{\"@type\":\"ImageObject\",\"inLanguage\":\"fi\",\"@id\":\"https:\\\/\\\/aktialiiga.fi\\\/miehet\\\/#\\\/schema\\\/logo\\\/image\\\/\",\"url\":\"https:\\\/\\\/i0.wp.com\\\/aktialiiga.fi\\\/miehet\\\/wp-content\\\/uploads\\\/sites\\\/5\\\/2024\\\/09\\\/Aktialiiga-Yoast-512.png?fit=512%2C512&ssl=1\",\"contentUrl\":\"https:\\\/\\\/i0.wp.com\\\/aktialiiga.fi\\\/miehet\\\/wp-content\\\/uploads\\\/sites\\\/5\\\/2024\\\/09\\\/Aktialiiga-Yoast-512.png?fit=512%2C512&ssl=1\",\"width\":512,\"height\":512,\"caption\":\"K\u00e4sipallon miesten Aktialiiga\"},\"image\":{\"@id\":\"https:\\\/\\\/aktialiiga.fi\\\/miehet\\\/#\\\/schema\\\/logo\\\/image\\\/\"},\"sameAs\":[\"https:\\\/\\\/www.facebook.com\\\/finnhandball\",\"https:\\\/\\\/x.com\\\/finnhandball\",\"https:\\\/\\\/www.instagram.com\\\/handballfinland\\\/\"]},{\"@type\":\"Person\",\"@id\":\"https:\\\/\\\/aktialiiga.fi\\\/miehet\\\/#\\\/schema\\\/person\\\/c14bf42f47041db74603c45afcb18d87\",\"name\":\"tbrmedia\",\"image\":{\"@type\":\"ImageObject\",\"inLanguage\":\"fi\",\"@id\":\"https:\\\/\\\/secure.gravatar.com\\\/avatar\\\/ee975fa091fe581d12b60debb3439022686618368a7c142044c56724d4666b16?s=96&d=mm&r=g\",\"url\":\"https:\\\/\\\/secure.gravatar.com\\\/avatar\\\/ee975fa091fe581d12b60debb3439022686618368a7c142044c56724d4666b16?s=96&d=mm&r=g\",\"contentUrl\":\"https:\\\/\\\/secure.gravatar.com\\\/avatar\\\/ee975fa091fe581d12b60debb3439022686618368a7c142044c56724d4666b16?s=96&d=mm&r=g\",\"caption\":\"tbrmedia\"}}]}<\/script>\n<!-- \/ Yoast SEO plugin. -->","yoast_head_json":{"title":"SM-liigan v\u00e4lier\u00e4t k\u00e4yntiin maanantaina 29.4. | K\u00e4sipallon miesten Aktialiiga","robots":{"index":"index","follow":"follow","max-snippet":"max-snippet:-1","max-image-preview":"max-image-preview:large","max-video-preview":"max-video-preview:-1"},"canonical":"https:\/\/aktialiiga.fi\/miehet\/ajankohtaista\/sm-liigan-valierat-kayntiin-maanantaina-29-4\/","og_locale":"fi_FI","og_type":"article","og_title":"SM-liigan v\u00e4lier\u00e4t k\u00e4yntiin maanantaina 29.4. | K\u00e4sipallon miesten Aktialiiga","og_description":"K\u00e4sipallon miesten SM-liigan v\u00e4lier\u00e4joukkueet ovat selvill\u00e4 tiukkojen puoliv\u00e4lierien j\u00e4lkeen ja v\u00e4lierien ensimm\u00e4iset ottelut pelataan jo maanantaina 29.4. Molemmat puoliv\u00e4lier\u00e4sarjat venyiv\u00e4t ratkaisevaan viidenteen otteluun ja lopulta alemmasta jatkosarjasta pudotuspeleihin ponnistaneet SIF ja HIFK raivasivat tiens\u00e4 jatkoon pudottamalla GrIFK:n ja BK-46:n. &#8211; Puoliv\u00e4lier\u00e4t olivat erinomaista k\u00e4sipalloa ja tarjosivat tiukkoja otteluita. Yleis\u00f6keskiarvo nousi puoliv\u00e4lieriss\u00e4 jo pitk\u00e4lti yli 400:n [&hellip;]","og_url":"https:\/\/aktialiiga.fi\/miehet\/ajankohtaista\/sm-liigan-valierat-kayntiin-maanantaina-29-4\/","og_site_name":"K\u00e4sipallon miesten Aktialiiga","article_publisher":"https:\/\/www.facebook.com\/finnhandball","article_published_time":"2019-04-28T19:06:43+00:00","article_modified_time":"2019-04-29T11:47:37+00:00","og_image":[{"width":711,"height":330,"url":"https:\/\/i0.wp.com\/aktialiiga.fi\/miehet\/wp-content\/uploads\/sites\/5\/2019\/03\/Pallokuvitus_1819e.gif?fit=711%2C330&ssl=1","type":"image\/gif"}],"author":"tbrmedia","twitter_card":"summary_large_image","twitter_creator":"@finnhandball","twitter_site":"@finnhandball","schema":{"@context":"https:\/\/schema.org","@graph":[{"@type":"Article","@id":"https:\/\/aktialiiga.fi\/miehet\/ajankohtaista\/sm-liigan-valierat-kayntiin-maanantaina-29-4\/#article","isPartOf":{"@id":"https:\/\/aktialiiga.fi\/miehet\/ajankohtaista\/sm-liigan-valierat-kayntiin-maanantaina-29-4\/"},"author":{"name":"tbrmedia","@id":"https:\/\/aktialiiga.fi\/miehet\/#\/schema\/person\/c14bf42f47041db74603c45afcb18d87"},"headline":"SM-liigan v\u00e4lier\u00e4t k\u00e4yntiin maanantaina 29.4.","datePublished":"2019-04-28T19:06:43+00:00","dateModified":"2019-04-29T11:47:37+00:00","mainEntityOfPage":{"@id":"https:\/\/aktialiiga.fi\/miehet\/ajankohtaista\/sm-liigan-valierat-kayntiin-maanantaina-29-4\/"},"wordCount":268,"publisher":{"@id":"https:\/\/aktialiiga.fi\/miehet\/#organization"},"image":{"@id":"https:\/\/aktialiiga.fi\/miehet\/ajankohtaista\/sm-liigan-valierat-kayntiin-maanantaina-29-4\/#primaryimage"},"thumbnailUrl":"https:\/\/i0.wp.com\/aktialiiga.fi\/miehet\/wp-content\/uploads\/sites\/5\/2019\/03\/Pallokuvitus_1819e.gif?fit=711%2C330&ssl=1","keywords":["Cocks","Dicken","HIFK","SIF"],"articleSection":["Ajankohtaista","Kohti Play offeja"],"inLanguage":"fi"},{"@type":"WebPage","@id":"https:\/\/aktialiiga.fi\/miehet\/ajankohtaista\/sm-liigan-valierat-kayntiin-maanantaina-29-4\/","url":"https:\/\/aktialiiga.fi\/miehet\/ajankohtaista\/sm-liigan-valierat-kayntiin-maanantaina-29-4\/","name":"SM-liigan v\u00e4lier\u00e4t k\u00e4yntiin maanantaina 29.4. | K\u00e4sipallon miesten Aktialiiga","isPartOf":{"@id":"https:\/\/aktialiiga.fi\/miehet\/#website"},"primaryImageOfPage":{"@id":"https:\/\/aktialiiga.fi\/miehet\/ajankohtaista\/sm-liigan-valierat-kayntiin-maanantaina-29-4\/#primaryimage"},"image":{"@id":"https:\/\/aktialiiga.fi\/miehet\/ajankohtaista\/sm-liigan-valierat-kayntiin-maanantaina-29-4\/#primaryimage"},"thumbnailUrl":"https:\/\/i0.wp.com\/aktialiiga.fi\/miehet\/wp-content\/uploads\/sites\/5\/2019\/03\/Pallokuvitus_1819e.gif?fit=711%2C330&ssl=1","datePublished":"2019-04-28T19:06:43+00:00","dateModified":"2019-04-29T11:47:37+00:00","breadcrumb":{"@id":"https:\/\/aktialiiga.fi\/miehet\/ajankohtaista\/sm-liigan-valierat-kayntiin-maanantaina-29-4\/#breadcrumb"},"inLanguage":"fi","potentialAction":[{"@type":"ReadAction","target":["https:\/\/aktialiiga.fi\/miehet\/ajankohtaista\/sm-liigan-valierat-kayntiin-maanantaina-29-4\/"]}]},{"@type":"ImageObject","inLanguage":"fi","@id":"https:\/\/aktialiiga.fi\/miehet\/ajankohtaista\/sm-liigan-valierat-kayntiin-maanantaina-29-4\/#primaryimage","url":"https:\/\/i0.wp.com\/aktialiiga.fi\/miehet\/wp-content\/uploads\/sites\/5\/2019\/03\/Pallokuvitus_1819e.gif?fit=711%2C330&ssl=1","contentUrl":"https:\/\/i0.wp.com\/aktialiiga.fi\/miehet\/wp-content\/uploads\/sites\/5\/2019\/03\/Pallokuvitus_1819e.gif?fit=711%2C330&ssl=1","width":711,"height":330},{"@type":"BreadcrumbList","@id":"https:\/\/aktialiiga.fi\/miehet\/ajankohtaista\/sm-liigan-valierat-kayntiin-maanantaina-29-4\/#breadcrumb","itemListElement":[{"@type":"ListItem","position":1,"name":"Etusivu","item":"https:\/\/aktialiiga.fi\/miehet\/"},{"@type":"ListItem","position":2,"name":"SM-liigan v\u00e4lier\u00e4t k\u00e4yntiin maanantaina 29.4."}]},{"@type":"WebSite","@id":"https:\/\/aktialiiga.fi\/miehet\/#website","url":"https:\/\/aktialiiga.fi\/miehet\/","name":"K\u00e4sipallon miesten Aktialiiga","description":"Valtakunnan vauhdikkainta palloilua!","publisher":{"@id":"https:\/\/aktialiiga.fi\/miehet\/#organization"},"potentialAction":[{"@type":"SearchAction","target":{"@type":"EntryPoint","urlTemplate":"https:\/\/aktialiiga.fi\/miehet\/?s={search_term_string}"},"query-input":{"@type":"PropertyValueSpecification","valueRequired":true,"valueName":"search_term_string"}}],"inLanguage":"fi"},{"@type":"Organization","@id":"https:\/\/aktialiiga.fi\/miehet\/#organization","name":"K\u00e4sipallon miesten Aktialiiga","url":"https:\/\/aktialiiga.fi\/miehet\/","logo":{"@type":"ImageObject","inLanguage":"fi","@id":"https:\/\/aktialiiga.fi\/miehet\/#\/schema\/logo\/image\/","url":"https:\/\/i0.wp.com\/aktialiiga.fi\/miehet\/wp-content\/uploads\/sites\/5\/2024\/09\/Aktialiiga-Yoast-512.png?fit=512%2C512&ssl=1","contentUrl":"https:\/\/i0.wp.com\/aktialiiga.fi\/miehet\/wp-content\/uploads\/sites\/5\/2024\/09\/Aktialiiga-Yoast-512.png?fit=512%2C512&ssl=1","width":512,"height":512,"caption":"K\u00e4sipallon miesten Aktialiiga"},"image":{"@id":"https:\/\/aktialiiga.fi\/miehet\/#\/schema\/logo\/image\/"},"sameAs":["https:\/\/www.facebook.com\/finnhandball","https:\/\/x.com\/finnhandball","https:\/\/www.instagram.com\/handballfinland\/"]},{"@type":"Person","@id":"https:\/\/aktialiiga.fi\/miehet\/#\/schema\/person\/c14bf42f47041db74603c45afcb18d87","name":"tbrmedia","image":{"@type":"ImageObject","inLanguage":"fi","@id":"https:\/\/secure.gravatar.com\/avatar\/ee975fa091fe581d12b60debb3439022686618368a7c142044c56724d4666b16?s=96&d=mm&r=g","url":"https:\/\/secure.gravatar.com\/avatar\/ee975fa091fe581d12b60debb3439022686618368a7c142044c56724d4666b16?s=96&d=mm&r=g","contentUrl":"https:\/\/secure.gravatar.com\/avatar\/ee975fa091fe581d12b60debb3439022686618368a7c142044c56724d4666b16?s=96&d=mm&r=g","caption":"tbrmedia"}}]}},"jetpack_featured_media_url":"https:\/\/i0.wp.com\/aktialiiga.fi\/miehet\/wp-content\/uploads\/sites\/5\/2019\/03\/Pallokuvitus_1819e.gif?fit=711%2C330&ssl=1","jetpack_sharing_enabled":true,"jetpack_shortlink":"https:\/\/wp.me\/pfTxOr-5X8","_links":{"self":[{"href":"https:\/\/aktialiiga.fi\/miehet\/wp-json\/wp\/v2\/posts\/22886","targetHints":{"allow":["GET"]}}],"collection":[{"href":"https:\/\/aktialiiga.fi\/miehet\/wp-json\/wp\/v2\/posts"}],"about":[{"href":"https:\/\/aktialiiga.fi\/miehet\/wp-json\/wp\/v2\/types\/post"}],"author":[{"embeddable":true,"href":"https:\/\/aktialiiga.fi\/miehet\/wp-json\/wp\/v2\/users\/13"}],"replies":[{"embeddable":true,"href":"https:\/\/aktialiiga.fi\/miehet\/wp-json\/wp\/v2\/comments?post=22886"}],"version-history":[{"count":0,"href":"https:\/\/aktialiiga.fi\/miehet\/wp-json\/wp\/v2\/posts\/22886\/revisions"}],"wp:featuredmedia":[{"embeddable":true,"href":"https:\/\/aktialiiga.fi\/miehet\/wp-json\/wp\/v2\/media\/22582"}],"wp:attachment":[{"href":"https:\/\/aktialiiga.fi\/miehet\/wp-json\/wp\/v2\/media?parent=22886"}],"wp:term":[{"taxonomy":"category","embeddable":true,"href":"https:\/\/aktialiiga.fi\/miehet\/wp-json\/wp\/v2\/categories?post=22886"},{"taxonomy":"post_tag","embeddable":true,"href":"https:\/\/aktialiiga.fi\/miehet\/wp-json\/wp\/v2\/tags?post=22886"}],"curies":[{"name":"wp","href":"https:\/\/api.w.org\/{rel}","templated":true}]}}