{"id":22929,"date":"2019-04-29T20:39:34","date_gmt":"2019-04-29T17:39:34","guid":{"rendered":"https:\/\/aktialiiga.fi\/miehet\/?p=22929"},"modified":"2019-04-29T21:16:08","modified_gmt":"2019-04-29T18:16:08","slug":"dicken-kaatoi-sifn-valierien-avauksessa","status":"publish","type":"post","link":"https:\/\/aktialiiga.fi\/miehet\/2018-2019\/ottelut-2018-2019\/dicken-kaatoi-sifn-valierien-avauksessa\/","title":{"rendered":"Dicken kaatoi SIF:n v\u00e4lierien avauksessa"},"content":{"rendered":"<p>Dicken ja SIF taistelivat v\u00e4lierien avausottelussa pitk\u00e4\u00e4n tasap\u00e4isesti, mutta toisen jakson rep\u00e4isy riitti Dickenille voittoon siuntiolaisista.<\/p>\n<p>Avausjakso eteni kaikkiaan hyvin tasaisena. Johto vaihteli puolelta toiselle, mutta kumpikaan joukkue ei miss\u00e4\u00e4n vaiheessa saanut kahta maalia suurempaa eroa aikaiseksi. Tauolle mentiin Dickenin johtaessa juuri kahdella maalilla hyv\u00e4n loppuvetonsa ansiosta.<\/p>\n<p>Tauon j\u00e4lkeenkin Dicken piti kiinni niukasta johtoasemastaan, mutta mit\u00e4\u00e4n varsinaista ratkaisua ei n\u00e4hty SIF:n roikkuessa tiiviisti tuntumassa. Toisen jakson puoliv\u00e4lin j\u00e4lkeen Dicken alkoi kuitenkin tehd\u00e4 pes\u00e4eroa, eik\u00e4 SIF l\u00f6yt\u00e4nyt en\u00e4\u00e4 kunnolla uutta vaihdetta. N\u00e4in avausvoitto merkittiin Dickenille.<\/p>\n<p>Dickenin p\u00e4\u00e4valmentaja Bj\u00f6rn Monnberg oli esitykseen tyytyv\u00e4inen ja korosti pient\u00e4 kysymysmerkki\u00e4 ennakkoon, kun edellisottelusta oli jo aikaa.<\/p>\n<p>&#8211; Hyvin puolustettu t\u00e4n\u00e4\u00e4n pitk\u00e4n pelitauon j\u00e4lkeen, torstaina jatketaan, Monnberg tiivisti.<\/p>\n<p>Vakuuttavimman pelaajan tittelin ja kolme L\u00e4hiTapiola-t\u00e4hte\u00e4 napannut Dickenin Tadas Stankevicius n\u00e4ki tauon hiukan vaikuttaneenkin.<\/p>\n<p>&#8211; Vaikea alku peliin pitk\u00e4n pelitauon j\u00e4lkeen, mutta p\u00e4\u00e4simme pikku hiljaa mukaan peliin, ja loppu meni jo paremmin, mutta paljon on viel\u00e4 parannettavaa, Stankevicius painotti.<\/p>\n<p>SIF-luotsi Teddy Nordling ei tappiota l\u00e4htenyt selittelem\u00e4\u00e4n.<\/p>\n<p>&#8211; Hyv\u00e4 alku meilt\u00e4, loppua kohden v\u00e4syttiin selke\u00e4sti, ja Dicken ansaitsi voittonsa t\u00e4n\u00e4\u00e4n, Nordling tunnusti.<\/p>\n<p><strong>1. v\u00e4lier\u00e4:<\/strong><br \/>\n<strong>Dicken &#8211; SIF 25-19 (12-10)<\/strong><br \/>\n<em><strong>Dicken johtaa otteluvoitoin 1-0.<\/strong><\/em><\/p>\n<p><strong>Maalintekij\u00e4t:<\/strong> (7m maalit)<br \/>\nDicken: Tadas Stankevicius 5, Joacim Broman 5 (2), Benny Broman 5, Max Granlund 4, Filip S\u00f6derlund 3 (1), Anton R\u00e9my 1, Felix Nilsson 1, Gusten Montonen 1<br \/>\nSIF: Sten Maasalu 7, Christoffer Thor 5 (3), Ott Varik 4, Eduard Zakharov 2, Carl Weurlander 1<\/p>\n<p><strong>L\u00e4hiTapiola-t\u00e4htipelaajat<\/strong><br \/>\nTadas Stankevicius Dicken 3<br \/>\nPatrik Roslander Dicken 2<br \/>\nSten Maasalu SIF 1<\/p>\n<p><strong>2 min ulosajot sek\u00e4 pelist\u00e4 sulkemiset<\/strong><br \/>\nDicken: Oskar Monnberg 1 x 2 min, Robin Granlund 1 x 2 min<br \/>\nSIF: Carl Weurlander 2 x 2 min, Vincent Voutilainen 1 x 2 min<\/p>\n<p><em>Erotuomarit<\/em>: Sami Kinnari &#8211; Johan Skogberg<\/p>\n<p><em>Yleis\u00f6\u00e4<\/em>: 333<\/p>\n","protected":false},"excerpt":{"rendered":"<p>Dicken ja SIF taistelivat v\u00e4lierien avausottelussa pitk\u00e4\u00e4n tasap\u00e4isesti, mutta toisen jakson rep\u00e4isy riitti Dickenille voittoon siuntiolaisista. Avausjakso eteni kaikkiaan hyvin tasaisena. Johto vaihteli puolelta toiselle, mutta kumpikaan joukkue ei miss\u00e4\u00e4n vaiheessa saanut kahta maalia suurempaa eroa aikaiseksi. Tauolle mentiin Dickenin johtaessa juuri kahdella maalilla hyv\u00e4n loppuvetonsa ansiosta. Tauon j\u00e4lkeenkin Dicken piti kiinni niukasta johtoasemastaan, mutta [&hellip;]<\/p>\n","protected":false},"author":13,"featured_media":21127,"comment_status":"closed","ping_status":"closed","sticky":false,"template":"","format":"standard","meta":{"_acf_changed":false,"jetpack_post_was_ever_published":false,"_jetpack_newsletter_access":"","_jetpack_dont_email_post_to_subs":false,"_jetpack_newsletter_tier_id":0,"_jetpack_memberships_contains_paywalled_content":false,"_jetpack_memberships_contains_paid_content":false,"footnotes":""},"categories":[212,213],"tags":[58,111],"class_list":["post-22929","post","type-post","status-publish","format-standard","has-post-thumbnail","hentry","category-ottelut-2018-2019","category-play-off-2018-2019","tag-dicken","tag-sif"],"acf":[],"yoast_head":"<!-- This site is optimized with the Yoast SEO plugin v27.5 - https:\/\/yoast.com\/product\/yoast-seo-wordpress\/ -->\n<title>Dicken kaatoi SIF:n v\u00e4lierien avauksessa | K\u00e4sipallon miesten Aktialiiga<\/title>\n<meta name=\"robots\" content=\"index, follow, max-snippet:-1, max-image-preview:large, max-video-preview:-1\" \/>\n<link rel=\"canonical\" href=\"https:\/\/aktialiiga.fi\/miehet\/2018-2019\/ottelut-2018-2019\/dicken-kaatoi-sifn-valierien-avauksessa\/\" \/>\n<meta property=\"og:locale\" content=\"fi_FI\" \/>\n<meta property=\"og:type\" content=\"article\" \/>\n<meta property=\"og:title\" content=\"Dicken kaatoi SIF:n v\u00e4lierien avauksessa | K\u00e4sipallon miesten Aktialiiga\" \/>\n<meta property=\"og:description\" content=\"Dicken ja SIF taistelivat v\u00e4lierien avausottelussa pitk\u00e4\u00e4n tasap\u00e4isesti, mutta toisen jakson rep\u00e4isy riitti Dickenille voittoon siuntiolaisista. Avausjakso eteni kaikkiaan hyvin tasaisena. Johto vaihteli puolelta toiselle, mutta kumpikaan joukkue ei miss\u00e4\u00e4n vaiheessa saanut kahta maalia suurempaa eroa aikaiseksi. Tauolle mentiin Dickenin johtaessa juuri kahdella maalilla hyv\u00e4n loppuvetonsa ansiosta. Tauon j\u00e4lkeenkin Dicken piti kiinni niukasta johtoasemastaan, mutta [&hellip;]\" \/>\n<meta property=\"og:url\" content=\"https:\/\/aktialiiga.fi\/miehet\/2018-2019\/ottelut-2018-2019\/dicken-kaatoi-sifn-valierien-avauksessa\/\" \/>\n<meta property=\"og:site_name\" content=\"K\u00e4sipallon miesten Aktialiiga\" \/>\n<meta property=\"article:publisher\" content=\"https:\/\/www.facebook.com\/finnhandball\" \/>\n<meta property=\"article:published_time\" content=\"2019-04-29T17:39:34+00:00\" \/>\n<meta property=\"article:modified_time\" content=\"2019-04-29T18:16:08+00:00\" \/>\n<meta property=\"og:image\" content=\"https:\/\/i0.wp.com\/aktialiiga.fi\/miehet\/wp-content\/uploads\/sites\/5\/2018\/09\/Dicken_Broman_Joacim_1819.gif?fit=711%2C330&ssl=1\" \/>\n\t<meta property=\"og:image:width\" content=\"711\" \/>\n\t<meta property=\"og:image:height\" content=\"330\" \/>\n\t<meta property=\"og:image:type\" content=\"image\/gif\" \/>\n<meta name=\"author\" content=\"tbrmedia\" \/>\n<meta name=\"twitter:card\" content=\"summary_large_image\" \/>\n<meta name=\"twitter:creator\" content=\"@finnhandball\" \/>\n<meta name=\"twitter:site\" content=\"@finnhandball\" \/>\n<script type=\"application\/ld+json\" class=\"yoast-schema-graph\">{\"@context\":\"https:\\\/\\\/schema.org\",\"@graph\":[{\"@type\":\"Article\",\"@id\":\"https:\\\/\\\/aktialiiga.fi\\\/miehet\\\/2018-2019\\\/ottelut-2018-2019\\\/dicken-kaatoi-sifn-valierien-avauksessa\\\/#article\",\"isPartOf\":{\"@id\":\"https:\\\/\\\/aktialiiga.fi\\\/miehet\\\/2018-2019\\\/ottelut-2018-2019\\\/dicken-kaatoi-sifn-valierien-avauksessa\\\/\"},\"author\":{\"name\":\"tbrmedia\",\"@id\":\"https:\\\/\\\/aktialiiga.fi\\\/miehet\\\/#\\\/schema\\\/person\\\/c14bf42f47041db74603c45afcb18d87\"},\"headline\":\"Dicken kaatoi SIF:n v\u00e4lierien avauksessa\",\"datePublished\":\"2019-04-29T17:39:34+00:00\",\"dateModified\":\"2019-04-29T18:16:08+00:00\",\"mainEntityOfPage\":{\"@id\":\"https:\\\/\\\/aktialiiga.fi\\\/miehet\\\/2018-2019\\\/ottelut-2018-2019\\\/dicken-kaatoi-sifn-valierien-avauksessa\\\/\"},\"wordCount\":302,\"publisher\":{\"@id\":\"https:\\\/\\\/aktialiiga.fi\\\/miehet\\\/#organization\"},\"image\":{\"@id\":\"https:\\\/\\\/aktialiiga.fi\\\/miehet\\\/2018-2019\\\/ottelut-2018-2019\\\/dicken-kaatoi-sifn-valierien-avauksessa\\\/#primaryimage\"},\"thumbnailUrl\":\"https:\\\/\\\/i0.wp.com\\\/aktialiiga.fi\\\/miehet\\\/wp-content\\\/uploads\\\/sites\\\/5\\\/2018\\\/09\\\/Dicken_Broman_Joacim_1819.gif?fit=711%2C330&ssl=1\",\"keywords\":[\"Dicken\",\"SIF\"],\"articleSection\":[\"Ottelut\",\"Play off\"],\"inLanguage\":\"fi\"},{\"@type\":\"WebPage\",\"@id\":\"https:\\\/\\\/aktialiiga.fi\\\/miehet\\\/2018-2019\\\/ottelut-2018-2019\\\/dicken-kaatoi-sifn-valierien-avauksessa\\\/\",\"url\":\"https:\\\/\\\/aktialiiga.fi\\\/miehet\\\/2018-2019\\\/ottelut-2018-2019\\\/dicken-kaatoi-sifn-valierien-avauksessa\\\/\",\"name\":\"Dicken kaatoi SIF:n v\u00e4lierien avauksessa | K\u00e4sipallon miesten Aktialiiga\",\"isPartOf\":{\"@id\":\"https:\\\/\\\/aktialiiga.fi\\\/miehet\\\/#website\"},\"primaryImageOfPage\":{\"@id\":\"https:\\\/\\\/aktialiiga.fi\\\/miehet\\\/2018-2019\\\/ottelut-2018-2019\\\/dicken-kaatoi-sifn-valierien-avauksessa\\\/#primaryimage\"},\"image\":{\"@id\":\"https:\\\/\\\/aktialiiga.fi\\\/miehet\\\/2018-2019\\\/ottelut-2018-2019\\\/dicken-kaatoi-sifn-valierien-avauksessa\\\/#primaryimage\"},\"thumbnailUrl\":\"https:\\\/\\\/i0.wp.com\\\/aktialiiga.fi\\\/miehet\\\/wp-content\\\/uploads\\\/sites\\\/5\\\/2018\\\/09\\\/Dicken_Broman_Joacim_1819.gif?fit=711%2C330&ssl=1\",\"datePublished\":\"2019-04-29T17:39:34+00:00\",\"dateModified\":\"2019-04-29T18:16:08+00:00\",\"breadcrumb\":{\"@id\":\"https:\\\/\\\/aktialiiga.fi\\\/miehet\\\/2018-2019\\\/ottelut-2018-2019\\\/dicken-kaatoi-sifn-valierien-avauksessa\\\/#breadcrumb\"},\"inLanguage\":\"fi\",\"potentialAction\":[{\"@type\":\"ReadAction\",\"target\":[\"https:\\\/\\\/aktialiiga.fi\\\/miehet\\\/2018-2019\\\/ottelut-2018-2019\\\/dicken-kaatoi-sifn-valierien-avauksessa\\\/\"]}]},{\"@type\":\"ImageObject\",\"inLanguage\":\"fi\",\"@id\":\"https:\\\/\\\/aktialiiga.fi\\\/miehet\\\/2018-2019\\\/ottelut-2018-2019\\\/dicken-kaatoi-sifn-valierien-avauksessa\\\/#primaryimage\",\"url\":\"https:\\\/\\\/i0.wp.com\\\/aktialiiga.fi\\\/miehet\\\/wp-content\\\/uploads\\\/sites\\\/5\\\/2018\\\/09\\\/Dicken_Broman_Joacim_1819.gif?fit=711%2C330&ssl=1\",\"contentUrl\":\"https:\\\/\\\/i0.wp.com\\\/aktialiiga.fi\\\/miehet\\\/wp-content\\\/uploads\\\/sites\\\/5\\\/2018\\\/09\\\/Dicken_Broman_Joacim_1819.gif?fit=711%2C330&ssl=1\",\"width\":711,\"height\":330},{\"@type\":\"BreadcrumbList\",\"@id\":\"https:\\\/\\\/aktialiiga.fi\\\/miehet\\\/2018-2019\\\/ottelut-2018-2019\\\/dicken-kaatoi-sifn-valierien-avauksessa\\\/#breadcrumb\",\"itemListElement\":[{\"@type\":\"ListItem\",\"position\":1,\"name\":\"Etusivu\",\"item\":\"https:\\\/\\\/aktialiiga.fi\\\/miehet\\\/\"},{\"@type\":\"ListItem\",\"position\":2,\"name\":\"Dicken kaatoi SIF:n v\u00e4lierien avauksessa\"}]},{\"@type\":\"WebSite\",\"@id\":\"https:\\\/\\\/aktialiiga.fi\\\/miehet\\\/#website\",\"url\":\"https:\\\/\\\/aktialiiga.fi\\\/miehet\\\/\",\"name\":\"K\u00e4sipallon miesten Aktialiiga\",\"description\":\"Valtakunnan vauhdikkainta palloilua!\",\"publisher\":{\"@id\":\"https:\\\/\\\/aktialiiga.fi\\\/miehet\\\/#organization\"},\"potentialAction\":[{\"@type\":\"SearchAction\",\"target\":{\"@type\":\"EntryPoint\",\"urlTemplate\":\"https:\\\/\\\/aktialiiga.fi\\\/miehet\\\/?s={search_term_string}\"},\"query-input\":{\"@type\":\"PropertyValueSpecification\",\"valueRequired\":true,\"valueName\":\"search_term_string\"}}],\"inLanguage\":\"fi\"},{\"@type\":\"Organization\",\"@id\":\"https:\\\/\\\/aktialiiga.fi\\\/miehet\\\/#organization\",\"name\":\"K\u00e4sipallon miesten Aktialiiga\",\"url\":\"https:\\\/\\\/aktialiiga.fi\\\/miehet\\\/\",\"logo\":{\"@type\":\"ImageObject\",\"inLanguage\":\"fi\",\"@id\":\"https:\\\/\\\/aktialiiga.fi\\\/miehet\\\/#\\\/schema\\\/logo\\\/image\\\/\",\"url\":\"https:\\\/\\\/i0.wp.com\\\/aktialiiga.fi\\\/miehet\\\/wp-content\\\/uploads\\\/sites\\\/5\\\/2024\\\/09\\\/Aktialiiga-Yoast-512.png?fit=512%2C512&ssl=1\",\"contentUrl\":\"https:\\\/\\\/i0.wp.com\\\/aktialiiga.fi\\\/miehet\\\/wp-content\\\/uploads\\\/sites\\\/5\\\/2024\\\/09\\\/Aktialiiga-Yoast-512.png?fit=512%2C512&ssl=1\",\"width\":512,\"height\":512,\"caption\":\"K\u00e4sipallon miesten Aktialiiga\"},\"image\":{\"@id\":\"https:\\\/\\\/aktialiiga.fi\\\/miehet\\\/#\\\/schema\\\/logo\\\/image\\\/\"},\"sameAs\":[\"https:\\\/\\\/www.facebook.com\\\/finnhandball\",\"https:\\\/\\\/x.com\\\/finnhandball\",\"https:\\\/\\\/www.instagram.com\\\/handballfinland\\\/\"]},{\"@type\":\"Person\",\"@id\":\"https:\\\/\\\/aktialiiga.fi\\\/miehet\\\/#\\\/schema\\\/person\\\/c14bf42f47041db74603c45afcb18d87\",\"name\":\"tbrmedia\",\"image\":{\"@type\":\"ImageObject\",\"inLanguage\":\"fi\",\"@id\":\"https:\\\/\\\/secure.gravatar.com\\\/avatar\\\/ee975fa091fe581d12b60debb3439022686618368a7c142044c56724d4666b16?s=96&d=mm&r=g\",\"url\":\"https:\\\/\\\/secure.gravatar.com\\\/avatar\\\/ee975fa091fe581d12b60debb3439022686618368a7c142044c56724d4666b16?s=96&d=mm&r=g\",\"contentUrl\":\"https:\\\/\\\/secure.gravatar.com\\\/avatar\\\/ee975fa091fe581d12b60debb3439022686618368a7c142044c56724d4666b16?s=96&d=mm&r=g\",\"caption\":\"tbrmedia\"}}]}<\/script>\n<!-- \/ Yoast SEO plugin. -->","yoast_head_json":{"title":"Dicken kaatoi SIF:n v\u00e4lierien avauksessa | K\u00e4sipallon miesten Aktialiiga","robots":{"index":"index","follow":"follow","max-snippet":"max-snippet:-1","max-image-preview":"max-image-preview:large","max-video-preview":"max-video-preview:-1"},"canonical":"https:\/\/aktialiiga.fi\/miehet\/2018-2019\/ottelut-2018-2019\/dicken-kaatoi-sifn-valierien-avauksessa\/","og_locale":"fi_FI","og_type":"article","og_title":"Dicken kaatoi SIF:n v\u00e4lierien avauksessa | K\u00e4sipallon miesten Aktialiiga","og_description":"Dicken ja SIF taistelivat v\u00e4lierien avausottelussa pitk\u00e4\u00e4n tasap\u00e4isesti, mutta toisen jakson rep\u00e4isy riitti Dickenille voittoon siuntiolaisista. Avausjakso eteni kaikkiaan hyvin tasaisena. Johto vaihteli puolelta toiselle, mutta kumpikaan joukkue ei miss\u00e4\u00e4n vaiheessa saanut kahta maalia suurempaa eroa aikaiseksi. Tauolle mentiin Dickenin johtaessa juuri kahdella maalilla hyv\u00e4n loppuvetonsa ansiosta. Tauon j\u00e4lkeenkin Dicken piti kiinni niukasta johtoasemastaan, mutta [&hellip;]","og_url":"https:\/\/aktialiiga.fi\/miehet\/2018-2019\/ottelut-2018-2019\/dicken-kaatoi-sifn-valierien-avauksessa\/","og_site_name":"K\u00e4sipallon miesten Aktialiiga","article_publisher":"https:\/\/www.facebook.com\/finnhandball","article_published_time":"2019-04-29T17:39:34+00:00","article_modified_time":"2019-04-29T18:16:08+00:00","og_image":[{"width":711,"height":330,"url":"https:\/\/i0.wp.com\/aktialiiga.fi\/miehet\/wp-content\/uploads\/sites\/5\/2018\/09\/Dicken_Broman_Joacim_1819.gif?fit=711%2C330&ssl=1","type":"image\/gif"}],"author":"tbrmedia","twitter_card":"summary_large_image","twitter_creator":"@finnhandball","twitter_site":"@finnhandball","schema":{"@context":"https:\/\/schema.org","@graph":[{"@type":"Article","@id":"https:\/\/aktialiiga.fi\/miehet\/2018-2019\/ottelut-2018-2019\/dicken-kaatoi-sifn-valierien-avauksessa\/#article","isPartOf":{"@id":"https:\/\/aktialiiga.fi\/miehet\/2018-2019\/ottelut-2018-2019\/dicken-kaatoi-sifn-valierien-avauksessa\/"},"author":{"name":"tbrmedia","@id":"https:\/\/aktialiiga.fi\/miehet\/#\/schema\/person\/c14bf42f47041db74603c45afcb18d87"},"headline":"Dicken kaatoi SIF:n v\u00e4lierien avauksessa","datePublished":"2019-04-29T17:39:34+00:00","dateModified":"2019-04-29T18:16:08+00:00","mainEntityOfPage":{"@id":"https:\/\/aktialiiga.fi\/miehet\/2018-2019\/ottelut-2018-2019\/dicken-kaatoi-sifn-valierien-avauksessa\/"},"wordCount":302,"publisher":{"@id":"https:\/\/aktialiiga.fi\/miehet\/#organization"},"image":{"@id":"https:\/\/aktialiiga.fi\/miehet\/2018-2019\/ottelut-2018-2019\/dicken-kaatoi-sifn-valierien-avauksessa\/#primaryimage"},"thumbnailUrl":"https:\/\/i0.wp.com\/aktialiiga.fi\/miehet\/wp-content\/uploads\/sites\/5\/2018\/09\/Dicken_Broman_Joacim_1819.gif?fit=711%2C330&ssl=1","keywords":["Dicken","SIF"],"articleSection":["Ottelut","Play off"],"inLanguage":"fi"},{"@type":"WebPage","@id":"https:\/\/aktialiiga.fi\/miehet\/2018-2019\/ottelut-2018-2019\/dicken-kaatoi-sifn-valierien-avauksessa\/","url":"https:\/\/aktialiiga.fi\/miehet\/2018-2019\/ottelut-2018-2019\/dicken-kaatoi-sifn-valierien-avauksessa\/","name":"Dicken kaatoi SIF:n v\u00e4lierien avauksessa | K\u00e4sipallon miesten Aktialiiga","isPartOf":{"@id":"https:\/\/aktialiiga.fi\/miehet\/#website"},"primaryImageOfPage":{"@id":"https:\/\/aktialiiga.fi\/miehet\/2018-2019\/ottelut-2018-2019\/dicken-kaatoi-sifn-valierien-avauksessa\/#primaryimage"},"image":{"@id":"https:\/\/aktialiiga.fi\/miehet\/2018-2019\/ottelut-2018-2019\/dicken-kaatoi-sifn-valierien-avauksessa\/#primaryimage"},"thumbnailUrl":"https:\/\/i0.wp.com\/aktialiiga.fi\/miehet\/wp-content\/uploads\/sites\/5\/2018\/09\/Dicken_Broman_Joacim_1819.gif?fit=711%2C330&ssl=1","datePublished":"2019-04-29T17:39:34+00:00","dateModified":"2019-04-29T18:16:08+00:00","breadcrumb":{"@id":"https:\/\/aktialiiga.fi\/miehet\/2018-2019\/ottelut-2018-2019\/dicken-kaatoi-sifn-valierien-avauksessa\/#breadcrumb"},"inLanguage":"fi","potentialAction":[{"@type":"ReadAction","target":["https:\/\/aktialiiga.fi\/miehet\/2018-2019\/ottelut-2018-2019\/dicken-kaatoi-sifn-valierien-avauksessa\/"]}]},{"@type":"ImageObject","inLanguage":"fi","@id":"https:\/\/aktialiiga.fi\/miehet\/2018-2019\/ottelut-2018-2019\/dicken-kaatoi-sifn-valierien-avauksessa\/#primaryimage","url":"https:\/\/i0.wp.com\/aktialiiga.fi\/miehet\/wp-content\/uploads\/sites\/5\/2018\/09\/Dicken_Broman_Joacim_1819.gif?fit=711%2C330&ssl=1","contentUrl":"https:\/\/i0.wp.com\/aktialiiga.fi\/miehet\/wp-content\/uploads\/sites\/5\/2018\/09\/Dicken_Broman_Joacim_1819.gif?fit=711%2C330&ssl=1","width":711,"height":330},{"@type":"BreadcrumbList","@id":"https:\/\/aktialiiga.fi\/miehet\/2018-2019\/ottelut-2018-2019\/dicken-kaatoi-sifn-valierien-avauksessa\/#breadcrumb","itemListElement":[{"@type":"ListItem","position":1,"name":"Etusivu","item":"https:\/\/aktialiiga.fi\/miehet\/"},{"@type":"ListItem","position":2,"name":"Dicken kaatoi SIF:n v\u00e4lierien avauksessa"}]},{"@type":"WebSite","@id":"https:\/\/aktialiiga.fi\/miehet\/#website","url":"https:\/\/aktialiiga.fi\/miehet\/","name":"K\u00e4sipallon miesten Aktialiiga","description":"Valtakunnan vauhdikkainta palloilua!","publisher":{"@id":"https:\/\/aktialiiga.fi\/miehet\/#organization"},"potentialAction":[{"@type":"SearchAction","target":{"@type":"EntryPoint","urlTemplate":"https:\/\/aktialiiga.fi\/miehet\/?s={search_term_string}"},"query-input":{"@type":"PropertyValueSpecification","valueRequired":true,"valueName":"search_term_string"}}],"inLanguage":"fi"},{"@type":"Organization","@id":"https:\/\/aktialiiga.fi\/miehet\/#organization","name":"K\u00e4sipallon miesten Aktialiiga","url":"https:\/\/aktialiiga.fi\/miehet\/","logo":{"@type":"ImageObject","inLanguage":"fi","@id":"https:\/\/aktialiiga.fi\/miehet\/#\/schema\/logo\/image\/","url":"https:\/\/i0.wp.com\/aktialiiga.fi\/miehet\/wp-content\/uploads\/sites\/5\/2024\/09\/Aktialiiga-Yoast-512.png?fit=512%2C512&ssl=1","contentUrl":"https:\/\/i0.wp.com\/aktialiiga.fi\/miehet\/wp-content\/uploads\/sites\/5\/2024\/09\/Aktialiiga-Yoast-512.png?fit=512%2C512&ssl=1","width":512,"height":512,"caption":"K\u00e4sipallon miesten Aktialiiga"},"image":{"@id":"https:\/\/aktialiiga.fi\/miehet\/#\/schema\/logo\/image\/"},"sameAs":["https:\/\/www.facebook.com\/finnhandball","https:\/\/x.com\/finnhandball","https:\/\/www.instagram.com\/handballfinland\/"]},{"@type":"Person","@id":"https:\/\/aktialiiga.fi\/miehet\/#\/schema\/person\/c14bf42f47041db74603c45afcb18d87","name":"tbrmedia","image":{"@type":"ImageObject","inLanguage":"fi","@id":"https:\/\/secure.gravatar.com\/avatar\/ee975fa091fe581d12b60debb3439022686618368a7c142044c56724d4666b16?s=96&d=mm&r=g","url":"https:\/\/secure.gravatar.com\/avatar\/ee975fa091fe581d12b60debb3439022686618368a7c142044c56724d4666b16?s=96&d=mm&r=g","contentUrl":"https:\/\/secure.gravatar.com\/avatar\/ee975fa091fe581d12b60debb3439022686618368a7c142044c56724d4666b16?s=96&d=mm&r=g","caption":"tbrmedia"}}]}},"jetpack_featured_media_url":"https:\/\/i0.wp.com\/aktialiiga.fi\/miehet\/wp-content\/uploads\/sites\/5\/2018\/09\/Dicken_Broman_Joacim_1819.gif?fit=711%2C330&ssl=1","jetpack_sharing_enabled":true,"jetpack_shortlink":"https:\/\/wp.me\/pfTxOr-5XP","_links":{"self":[{"href":"https:\/\/aktialiiga.fi\/miehet\/wp-json\/wp\/v2\/posts\/22929","targetHints":{"allow":["GET"]}}],"collection":[{"href":"https:\/\/aktialiiga.fi\/miehet\/wp-json\/wp\/v2\/posts"}],"about":[{"href":"https:\/\/aktialiiga.fi\/miehet\/wp-json\/wp\/v2\/types\/post"}],"author":[{"embeddable":true,"href":"https:\/\/aktialiiga.fi\/miehet\/wp-json\/wp\/v2\/users\/13"}],"replies":[{"embeddable":true,"href":"https:\/\/aktialiiga.fi\/miehet\/wp-json\/wp\/v2\/comments?post=22929"}],"version-history":[{"count":0,"href":"https:\/\/aktialiiga.fi\/miehet\/wp-json\/wp\/v2\/posts\/22929\/revisions"}],"wp:featuredmedia":[{"embeddable":true,"href":"https:\/\/aktialiiga.fi\/miehet\/wp-json\/wp\/v2\/media\/21127"}],"wp:attachment":[{"href":"https:\/\/aktialiiga.fi\/miehet\/wp-json\/wp\/v2\/media?parent=22929"}],"wp:term":[{"taxonomy":"category","embeddable":true,"href":"https:\/\/aktialiiga.fi\/miehet\/wp-json\/wp\/v2\/categories?post=22929"},{"taxonomy":"post_tag","embeddable":true,"href":"https:\/\/aktialiiga.fi\/miehet\/wp-json\/wp\/v2\/tags?post=22929"}],"curies":[{"name":"wp","href":"https:\/\/api.w.org\/{rel}","templated":true}]}}