{"id":23002,"date":"2019-05-09T11:10:53","date_gmt":"2019-05-09T08:10:53","guid":{"rendered":"https:\/\/aktialiiga.fi\/miehet\/?p=23002"},"modified":"2019-05-09T11:10:53","modified_gmt":"2019-05-09T08:10:53","slug":"dickenin-miehisto-jatkaa-samalla-rungolla-ensi-kaudella","status":"publish","type":"post","link":"https:\/\/aktialiiga.fi\/miehet\/ajankohtaista\/dickenin-miehisto-jatkaa-samalla-rungolla-ensi-kaudella\/","title":{"rendered":"Dickenin miehist\u00f6 jatkaa samalla rungolla ensi kaudella"},"content":{"rendered":"<p>Parhaillaan SM-liigan finaaleihin Cocksia vastaan valmistautuva Dicken jatkaa kaudella 2019-20 hyvin pitk\u00e4lti samalla rungolla kuin t\u00e4ll\u00e4kin kaudella.<\/p>\n<p>Ian Martin on ainoa seuran ulkopuolelta tulevalle kaudelle hankittu vahvistus, Klaus Ahlgren sen sijaan nousee vasempaan laitaan Dickenin akatemiasta. Max Granlund opiskelee syyskauden Tukholmassa pakollisen vaihto-opiskelujakson takia, mutta pelaa kuitenkin valikoituja otteluita my\u00f6s syksyll\u00e4.<\/p>\n<p>Tadas Stankevicius solmi lauttasaarelaisten kanssa talven aikana kahden vuoden jatkosopimuksen, ja pelaa n\u00e4in ollen my\u00f6s 2020\/2021 Dickeniss\u00e4. Robin Granlund, Felix Nilsson sek\u00e4 Klaus Ahlgren suorittavat asepalvelustaan Santahaminassa. My\u00f6s seuraikonit ja henkiset johtajat Jukka Kamula ja Teemu Hertola jatkavat pelej\u00e4\u00e4n ensi kaudella.<\/p>\n<p>Maalivahtirintamalla sama kolmikko varjelee maaleja, Kim Davidsonin kausi alkanee muita my\u00f6hemmin alavartalovamman johdosta. Nuori ja eritt\u00e4in lupaava Niclas Kavaleff siirtyy Ruotsiin opiskelemaan ensi kaudeksi.<\/p>\n<p>P\u00e4\u00e4valmentaja Bj\u00f6rn Monnberg n\u00e4kee jatkuvuuden yksinomaan positiivisena asiana etenkin, kun ryhm\u00e4ss\u00e4 on paljon nuoria pelaajia.<\/p>\n<p>&#8211; Valmentajan n\u00e4k\u00f6kulmasta on hienoa saada jatkaa pitk\u00e4j\u00e4nteist\u00e4 kehitysprosessia p\u00e4\u00e4osin samojen pelaajien kanssa my\u00f6s ensi kaudella. Monet pelaajista ovat viel\u00e4 uransa alkuvaiheessa aikuisten sarjassa ja kehityspotentiaalia l\u00f6ytyy monella osa-alueella, Monnberg muistuttaa<\/p>\n<p>Dickenin General Manager Daniel R\u00e9my on samoilla linjoilla.<\/p>\n<p>&#8211; Uskon ett\u00e4 meill\u00e4 on entist\u00e4 vaarallisempi joukkue ensi kaudella. Nuoret pelaajamme ovat j\u00e4lleen vuotta vanhempia ja vahvempia. Ianin mukaan tulo luo syvyytt\u00e4 kokoonpanoomme ja uskon ett\u00e4 t\u00e4ll\u00e4 nipulla pysyt\u00e4\u00e4n edelleen SM-Liigan k\u00e4rkikahinoissa sek\u00e4 pystyt\u00e4\u00e4n haastamaan mahdollisissa Europeleiss\u00e4 koviakin joukkueita, R\u00e9my toteaa.<\/p>\n<p>&#8211; Klaus Ahlgrenin nostaminen sopimuspelaajaksi on j\u00e4lleen hyv\u00e4 osoitus juniori- ja akatemiaty\u00f6mme toimivuudesta. My\u00f6s Ian Martinin saaminen joukkueeseen kertoo organisaatiomme houkuttelevuudesta. Luonnollisesti my\u00f6s Tadasin jatkosopimus oli meid\u00e4n kannalta eritt\u00e4in t\u00e4rke\u00e4 lenkki joukkueen rakentamisen kannalta.<\/p>\n<p><strong>Dickenin miehist\u00f6n runko kaudella 2019-20 perustuu seuraaviin pelaajiin:<\/strong><\/p>\n<p><strong>Laitapelaajat<\/strong>:<br \/>\nJoacim Broman<br \/>\nOskar Monnberg<br \/>\nKlaus Ahlgren<br \/>\nAnton R\u00e9my<br \/>\nGusten Montonen<\/p>\n<p><strong>Viivapelaajat<\/strong>:<br \/>\nTadas Stankevicius<br \/>\nFelix Nilsson<br \/>\nTeemu Hertola<br \/>\nJukka Kamula<\/p>\n<p><strong>Takapelaajat<\/strong>:<br \/>\nBenny Broman<br \/>\nMax Granlund<br \/>\nRobin Granlund<br \/>\nJohan Gripenberg<br \/>\nFilip S\u00f6derlund<br \/>\nIan Martin<\/p>\n<p><strong>Maalivahdit<\/strong>:<br \/>\nMikael M\u00e4kel\u00e4<br \/>\nPatrik Roslander<br \/>\nKim Davidson<\/p>\n","protected":false},"excerpt":{"rendered":"<p>Parhaillaan SM-liigan finaaleihin Cocksia vastaan valmistautuva Dicken jatkaa kaudella 2019-20 hyvin pitk\u00e4lti samalla rungolla kuin t\u00e4ll\u00e4kin kaudella. Ian Martin on ainoa seuran ulkopuolelta tulevalle kaudelle hankittu vahvistus, Klaus Ahlgren sen sijaan nousee vasempaan laitaan Dickenin akatemiasta. Max Granlund opiskelee syyskauden Tukholmassa pakollisen vaihto-opiskelujakson takia, mutta pelaa kuitenkin valikoituja otteluita my\u00f6s syksyll\u00e4. Tadas Stankevicius solmi lauttasaarelaisten [&hellip;]<\/p>\n","protected":false},"author":13,"featured_media":23004,"comment_status":"closed","ping_status":"closed","sticky":false,"template":"","format":"standard","meta":{"_acf_changed":false,"jetpack_post_was_ever_published":false,"_jetpack_newsletter_access":"","_jetpack_dont_email_post_to_subs":false,"_jetpack_newsletter_tier_id":0,"_jetpack_memberships_contains_paywalled_content":false,"_jetpack_memberships_contains_paid_content":false,"footnotes":""},"categories":[2],"tags":[58],"class_list":["post-23002","post","type-post","status-publish","format-standard","has-post-thumbnail","hentry","category-ajankohtaista","tag-dicken"],"acf":[],"yoast_head":"<!-- This site is optimized with the Yoast SEO plugin v27.4 - https:\/\/yoast.com\/product\/yoast-seo-wordpress\/ -->\n<title>Dickenin miehist\u00f6 jatkaa samalla rungolla ensi kaudella | K\u00e4sipallon miesten Aktialiiga<\/title>\n<meta name=\"robots\" content=\"index, follow, max-snippet:-1, max-image-preview:large, max-video-preview:-1\" \/>\n<link rel=\"canonical\" href=\"https:\/\/aktialiiga.fi\/miehet\/ajankohtaista\/dickenin-miehisto-jatkaa-samalla-rungolla-ensi-kaudella\/\" \/>\n<meta property=\"og:locale\" content=\"fi_FI\" \/>\n<meta property=\"og:type\" content=\"article\" \/>\n<meta property=\"og:title\" content=\"Dickenin miehist\u00f6 jatkaa samalla rungolla ensi kaudella | K\u00e4sipallon miesten Aktialiiga\" \/>\n<meta property=\"og:description\" content=\"Parhaillaan SM-liigan finaaleihin Cocksia vastaan valmistautuva Dicken jatkaa kaudella 2019-20 hyvin pitk\u00e4lti samalla rungolla kuin t\u00e4ll\u00e4kin kaudella. Ian Martin on ainoa seuran ulkopuolelta tulevalle kaudelle hankittu vahvistus, Klaus Ahlgren sen sijaan nousee vasempaan laitaan Dickenin akatemiasta. Max Granlund opiskelee syyskauden Tukholmassa pakollisen vaihto-opiskelujakson takia, mutta pelaa kuitenkin valikoituja otteluita my\u00f6s syksyll\u00e4. Tadas Stankevicius solmi lauttasaarelaisten [&hellip;]\" \/>\n<meta property=\"og:url\" content=\"https:\/\/aktialiiga.fi\/miehet\/ajankohtaista\/dickenin-miehisto-jatkaa-samalla-rungolla-ensi-kaudella\/\" \/>\n<meta property=\"og:site_name\" content=\"K\u00e4sipallon miesten Aktialiiga\" \/>\n<meta property=\"article:publisher\" content=\"https:\/\/www.facebook.com\/finnhandball\" \/>\n<meta property=\"article:published_time\" content=\"2019-05-09T08:10:53+00:00\" \/>\n<meta property=\"og:image\" content=\"https:\/\/i0.wp.com\/aktialiiga.fi\/miehet\/wp-content\/uploads\/sites\/5\/2019\/05\/Dicken_Stankevicius_Granlun.gif?fit=711%2C330&ssl=1\" \/>\n\t<meta property=\"og:image:width\" content=\"711\" \/>\n\t<meta property=\"og:image:height\" content=\"330\" \/>\n\t<meta property=\"og:image:type\" content=\"image\/gif\" \/>\n<meta name=\"author\" content=\"tbrmedia\" \/>\n<meta name=\"twitter:card\" content=\"summary_large_image\" \/>\n<meta name=\"twitter:creator\" content=\"@finnhandball\" \/>\n<meta name=\"twitter:site\" content=\"@finnhandball\" \/>\n<script type=\"application\/ld+json\" class=\"yoast-schema-graph\">{\"@context\":\"https:\\\/\\\/schema.org\",\"@graph\":[{\"@type\":\"Article\",\"@id\":\"https:\\\/\\\/aktialiiga.fi\\\/miehet\\\/ajankohtaista\\\/dickenin-miehisto-jatkaa-samalla-rungolla-ensi-kaudella\\\/#article\",\"isPartOf\":{\"@id\":\"https:\\\/\\\/aktialiiga.fi\\\/miehet\\\/ajankohtaista\\\/dickenin-miehisto-jatkaa-samalla-rungolla-ensi-kaudella\\\/\"},\"author\":{\"name\":\"tbrmedia\",\"@id\":\"https:\\\/\\\/aktialiiga.fi\\\/miehet\\\/#\\\/schema\\\/person\\\/c14bf42f47041db74603c45afcb18d87\"},\"headline\":\"Dickenin miehist\u00f6 jatkaa samalla rungolla ensi kaudella\",\"datePublished\":\"2019-05-09T08:10:53+00:00\",\"mainEntityOfPage\":{\"@id\":\"https:\\\/\\\/aktialiiga.fi\\\/miehet\\\/ajankohtaista\\\/dickenin-miehisto-jatkaa-samalla-rungolla-ensi-kaudella\\\/\"},\"wordCount\":339,\"publisher\":{\"@id\":\"https:\\\/\\\/aktialiiga.fi\\\/miehet\\\/#organization\"},\"image\":{\"@id\":\"https:\\\/\\\/aktialiiga.fi\\\/miehet\\\/ajankohtaista\\\/dickenin-miehisto-jatkaa-samalla-rungolla-ensi-kaudella\\\/#primaryimage\"},\"thumbnailUrl\":\"https:\\\/\\\/i0.wp.com\\\/aktialiiga.fi\\\/miehet\\\/wp-content\\\/uploads\\\/sites\\\/5\\\/2019\\\/05\\\/Dicken_Stankevicius_Granlun.gif?fit=711%2C330&ssl=1\",\"keywords\":[\"Dicken\"],\"articleSection\":[\"Ajankohtaista\"],\"inLanguage\":\"fi\"},{\"@type\":\"WebPage\",\"@id\":\"https:\\\/\\\/aktialiiga.fi\\\/miehet\\\/ajankohtaista\\\/dickenin-miehisto-jatkaa-samalla-rungolla-ensi-kaudella\\\/\",\"url\":\"https:\\\/\\\/aktialiiga.fi\\\/miehet\\\/ajankohtaista\\\/dickenin-miehisto-jatkaa-samalla-rungolla-ensi-kaudella\\\/\",\"name\":\"Dickenin miehist\u00f6 jatkaa samalla rungolla ensi kaudella | K\u00e4sipallon miesten Aktialiiga\",\"isPartOf\":{\"@id\":\"https:\\\/\\\/aktialiiga.fi\\\/miehet\\\/#website\"},\"primaryImageOfPage\":{\"@id\":\"https:\\\/\\\/aktialiiga.fi\\\/miehet\\\/ajankohtaista\\\/dickenin-miehisto-jatkaa-samalla-rungolla-ensi-kaudella\\\/#primaryimage\"},\"image\":{\"@id\":\"https:\\\/\\\/aktialiiga.fi\\\/miehet\\\/ajankohtaista\\\/dickenin-miehisto-jatkaa-samalla-rungolla-ensi-kaudella\\\/#primaryimage\"},\"thumbnailUrl\":\"https:\\\/\\\/i0.wp.com\\\/aktialiiga.fi\\\/miehet\\\/wp-content\\\/uploads\\\/sites\\\/5\\\/2019\\\/05\\\/Dicken_Stankevicius_Granlun.gif?fit=711%2C330&ssl=1\",\"datePublished\":\"2019-05-09T08:10:53+00:00\",\"breadcrumb\":{\"@id\":\"https:\\\/\\\/aktialiiga.fi\\\/miehet\\\/ajankohtaista\\\/dickenin-miehisto-jatkaa-samalla-rungolla-ensi-kaudella\\\/#breadcrumb\"},\"inLanguage\":\"fi\",\"potentialAction\":[{\"@type\":\"ReadAction\",\"target\":[\"https:\\\/\\\/aktialiiga.fi\\\/miehet\\\/ajankohtaista\\\/dickenin-miehisto-jatkaa-samalla-rungolla-ensi-kaudella\\\/\"]}]},{\"@type\":\"ImageObject\",\"inLanguage\":\"fi\",\"@id\":\"https:\\\/\\\/aktialiiga.fi\\\/miehet\\\/ajankohtaista\\\/dickenin-miehisto-jatkaa-samalla-rungolla-ensi-kaudella\\\/#primaryimage\",\"url\":\"https:\\\/\\\/i0.wp.com\\\/aktialiiga.fi\\\/miehet\\\/wp-content\\\/uploads\\\/sites\\\/5\\\/2019\\\/05\\\/Dicken_Stankevicius_Granlun.gif?fit=711%2C330&ssl=1\",\"contentUrl\":\"https:\\\/\\\/i0.wp.com\\\/aktialiiga.fi\\\/miehet\\\/wp-content\\\/uploads\\\/sites\\\/5\\\/2019\\\/05\\\/Dicken_Stankevicius_Granlun.gif?fit=711%2C330&ssl=1\",\"width\":711,\"height\":330},{\"@type\":\"BreadcrumbList\",\"@id\":\"https:\\\/\\\/aktialiiga.fi\\\/miehet\\\/ajankohtaista\\\/dickenin-miehisto-jatkaa-samalla-rungolla-ensi-kaudella\\\/#breadcrumb\",\"itemListElement\":[{\"@type\":\"ListItem\",\"position\":1,\"name\":\"Etusivu\",\"item\":\"https:\\\/\\\/aktialiiga.fi\\\/miehet\\\/\"},{\"@type\":\"ListItem\",\"position\":2,\"name\":\"Dickenin miehist\u00f6 jatkaa samalla rungolla ensi kaudella\"}]},{\"@type\":\"WebSite\",\"@id\":\"https:\\\/\\\/aktialiiga.fi\\\/miehet\\\/#website\",\"url\":\"https:\\\/\\\/aktialiiga.fi\\\/miehet\\\/\",\"name\":\"K\u00e4sipallon miesten Aktialiiga\",\"description\":\"Valtakunnan vauhdikkainta palloilua!\",\"publisher\":{\"@id\":\"https:\\\/\\\/aktialiiga.fi\\\/miehet\\\/#organization\"},\"potentialAction\":[{\"@type\":\"SearchAction\",\"target\":{\"@type\":\"EntryPoint\",\"urlTemplate\":\"https:\\\/\\\/aktialiiga.fi\\\/miehet\\\/?s={search_term_string}\"},\"query-input\":{\"@type\":\"PropertyValueSpecification\",\"valueRequired\":true,\"valueName\":\"search_term_string\"}}],\"inLanguage\":\"fi\"},{\"@type\":\"Organization\",\"@id\":\"https:\\\/\\\/aktialiiga.fi\\\/miehet\\\/#organization\",\"name\":\"K\u00e4sipallon miesten Aktialiiga\",\"url\":\"https:\\\/\\\/aktialiiga.fi\\\/miehet\\\/\",\"logo\":{\"@type\":\"ImageObject\",\"inLanguage\":\"fi\",\"@id\":\"https:\\\/\\\/aktialiiga.fi\\\/miehet\\\/#\\\/schema\\\/logo\\\/image\\\/\",\"url\":\"https:\\\/\\\/i0.wp.com\\\/aktialiiga.fi\\\/miehet\\\/wp-content\\\/uploads\\\/sites\\\/5\\\/2024\\\/09\\\/Aktialiiga-Yoast-512.png?fit=512%2C512&ssl=1\",\"contentUrl\":\"https:\\\/\\\/i0.wp.com\\\/aktialiiga.fi\\\/miehet\\\/wp-content\\\/uploads\\\/sites\\\/5\\\/2024\\\/09\\\/Aktialiiga-Yoast-512.png?fit=512%2C512&ssl=1\",\"width\":512,\"height\":512,\"caption\":\"K\u00e4sipallon miesten Aktialiiga\"},\"image\":{\"@id\":\"https:\\\/\\\/aktialiiga.fi\\\/miehet\\\/#\\\/schema\\\/logo\\\/image\\\/\"},\"sameAs\":[\"https:\\\/\\\/www.facebook.com\\\/finnhandball\",\"https:\\\/\\\/x.com\\\/finnhandball\",\"https:\\\/\\\/www.instagram.com\\\/handballfinland\\\/\"]},{\"@type\":\"Person\",\"@id\":\"https:\\\/\\\/aktialiiga.fi\\\/miehet\\\/#\\\/schema\\\/person\\\/c14bf42f47041db74603c45afcb18d87\",\"name\":\"tbrmedia\",\"image\":{\"@type\":\"ImageObject\",\"inLanguage\":\"fi\",\"@id\":\"https:\\\/\\\/secure.gravatar.com\\\/avatar\\\/ee975fa091fe581d12b60debb3439022686618368a7c142044c56724d4666b16?s=96&d=mm&r=g\",\"url\":\"https:\\\/\\\/secure.gravatar.com\\\/avatar\\\/ee975fa091fe581d12b60debb3439022686618368a7c142044c56724d4666b16?s=96&d=mm&r=g\",\"contentUrl\":\"https:\\\/\\\/secure.gravatar.com\\\/avatar\\\/ee975fa091fe581d12b60debb3439022686618368a7c142044c56724d4666b16?s=96&d=mm&r=g\",\"caption\":\"tbrmedia\"}}]}<\/script>\n<!-- \/ Yoast SEO plugin. -->","yoast_head_json":{"title":"Dickenin miehist\u00f6 jatkaa samalla rungolla ensi kaudella | K\u00e4sipallon miesten Aktialiiga","robots":{"index":"index","follow":"follow","max-snippet":"max-snippet:-1","max-image-preview":"max-image-preview:large","max-video-preview":"max-video-preview:-1"},"canonical":"https:\/\/aktialiiga.fi\/miehet\/ajankohtaista\/dickenin-miehisto-jatkaa-samalla-rungolla-ensi-kaudella\/","og_locale":"fi_FI","og_type":"article","og_title":"Dickenin miehist\u00f6 jatkaa samalla rungolla ensi kaudella | K\u00e4sipallon miesten Aktialiiga","og_description":"Parhaillaan SM-liigan finaaleihin Cocksia vastaan valmistautuva Dicken jatkaa kaudella 2019-20 hyvin pitk\u00e4lti samalla rungolla kuin t\u00e4ll\u00e4kin kaudella. Ian Martin on ainoa seuran ulkopuolelta tulevalle kaudelle hankittu vahvistus, Klaus Ahlgren sen sijaan nousee vasempaan laitaan Dickenin akatemiasta. Max Granlund opiskelee syyskauden Tukholmassa pakollisen vaihto-opiskelujakson takia, mutta pelaa kuitenkin valikoituja otteluita my\u00f6s syksyll\u00e4. Tadas Stankevicius solmi lauttasaarelaisten [&hellip;]","og_url":"https:\/\/aktialiiga.fi\/miehet\/ajankohtaista\/dickenin-miehisto-jatkaa-samalla-rungolla-ensi-kaudella\/","og_site_name":"K\u00e4sipallon miesten Aktialiiga","article_publisher":"https:\/\/www.facebook.com\/finnhandball","article_published_time":"2019-05-09T08:10:53+00:00","og_image":[{"width":711,"height":330,"url":"https:\/\/i0.wp.com\/aktialiiga.fi\/miehet\/wp-content\/uploads\/sites\/5\/2019\/05\/Dicken_Stankevicius_Granlun.gif?fit=711%2C330&ssl=1","type":"image\/gif"}],"author":"tbrmedia","twitter_card":"summary_large_image","twitter_creator":"@finnhandball","twitter_site":"@finnhandball","schema":{"@context":"https:\/\/schema.org","@graph":[{"@type":"Article","@id":"https:\/\/aktialiiga.fi\/miehet\/ajankohtaista\/dickenin-miehisto-jatkaa-samalla-rungolla-ensi-kaudella\/#article","isPartOf":{"@id":"https:\/\/aktialiiga.fi\/miehet\/ajankohtaista\/dickenin-miehisto-jatkaa-samalla-rungolla-ensi-kaudella\/"},"author":{"name":"tbrmedia","@id":"https:\/\/aktialiiga.fi\/miehet\/#\/schema\/person\/c14bf42f47041db74603c45afcb18d87"},"headline":"Dickenin miehist\u00f6 jatkaa samalla rungolla ensi kaudella","datePublished":"2019-05-09T08:10:53+00:00","mainEntityOfPage":{"@id":"https:\/\/aktialiiga.fi\/miehet\/ajankohtaista\/dickenin-miehisto-jatkaa-samalla-rungolla-ensi-kaudella\/"},"wordCount":339,"publisher":{"@id":"https:\/\/aktialiiga.fi\/miehet\/#organization"},"image":{"@id":"https:\/\/aktialiiga.fi\/miehet\/ajankohtaista\/dickenin-miehisto-jatkaa-samalla-rungolla-ensi-kaudella\/#primaryimage"},"thumbnailUrl":"https:\/\/i0.wp.com\/aktialiiga.fi\/miehet\/wp-content\/uploads\/sites\/5\/2019\/05\/Dicken_Stankevicius_Granlun.gif?fit=711%2C330&ssl=1","keywords":["Dicken"],"articleSection":["Ajankohtaista"],"inLanguage":"fi"},{"@type":"WebPage","@id":"https:\/\/aktialiiga.fi\/miehet\/ajankohtaista\/dickenin-miehisto-jatkaa-samalla-rungolla-ensi-kaudella\/","url":"https:\/\/aktialiiga.fi\/miehet\/ajankohtaista\/dickenin-miehisto-jatkaa-samalla-rungolla-ensi-kaudella\/","name":"Dickenin miehist\u00f6 jatkaa samalla rungolla ensi kaudella | K\u00e4sipallon miesten Aktialiiga","isPartOf":{"@id":"https:\/\/aktialiiga.fi\/miehet\/#website"},"primaryImageOfPage":{"@id":"https:\/\/aktialiiga.fi\/miehet\/ajankohtaista\/dickenin-miehisto-jatkaa-samalla-rungolla-ensi-kaudella\/#primaryimage"},"image":{"@id":"https:\/\/aktialiiga.fi\/miehet\/ajankohtaista\/dickenin-miehisto-jatkaa-samalla-rungolla-ensi-kaudella\/#primaryimage"},"thumbnailUrl":"https:\/\/i0.wp.com\/aktialiiga.fi\/miehet\/wp-content\/uploads\/sites\/5\/2019\/05\/Dicken_Stankevicius_Granlun.gif?fit=711%2C330&ssl=1","datePublished":"2019-05-09T08:10:53+00:00","breadcrumb":{"@id":"https:\/\/aktialiiga.fi\/miehet\/ajankohtaista\/dickenin-miehisto-jatkaa-samalla-rungolla-ensi-kaudella\/#breadcrumb"},"inLanguage":"fi","potentialAction":[{"@type":"ReadAction","target":["https:\/\/aktialiiga.fi\/miehet\/ajankohtaista\/dickenin-miehisto-jatkaa-samalla-rungolla-ensi-kaudella\/"]}]},{"@type":"ImageObject","inLanguage":"fi","@id":"https:\/\/aktialiiga.fi\/miehet\/ajankohtaista\/dickenin-miehisto-jatkaa-samalla-rungolla-ensi-kaudella\/#primaryimage","url":"https:\/\/i0.wp.com\/aktialiiga.fi\/miehet\/wp-content\/uploads\/sites\/5\/2019\/05\/Dicken_Stankevicius_Granlun.gif?fit=711%2C330&ssl=1","contentUrl":"https:\/\/i0.wp.com\/aktialiiga.fi\/miehet\/wp-content\/uploads\/sites\/5\/2019\/05\/Dicken_Stankevicius_Granlun.gif?fit=711%2C330&ssl=1","width":711,"height":330},{"@type":"BreadcrumbList","@id":"https:\/\/aktialiiga.fi\/miehet\/ajankohtaista\/dickenin-miehisto-jatkaa-samalla-rungolla-ensi-kaudella\/#breadcrumb","itemListElement":[{"@type":"ListItem","position":1,"name":"Etusivu","item":"https:\/\/aktialiiga.fi\/miehet\/"},{"@type":"ListItem","position":2,"name":"Dickenin miehist\u00f6 jatkaa samalla rungolla ensi kaudella"}]},{"@type":"WebSite","@id":"https:\/\/aktialiiga.fi\/miehet\/#website","url":"https:\/\/aktialiiga.fi\/miehet\/","name":"K\u00e4sipallon miesten Aktialiiga","description":"Valtakunnan vauhdikkainta palloilua!","publisher":{"@id":"https:\/\/aktialiiga.fi\/miehet\/#organization"},"potentialAction":[{"@type":"SearchAction","target":{"@type":"EntryPoint","urlTemplate":"https:\/\/aktialiiga.fi\/miehet\/?s={search_term_string}"},"query-input":{"@type":"PropertyValueSpecification","valueRequired":true,"valueName":"search_term_string"}}],"inLanguage":"fi"},{"@type":"Organization","@id":"https:\/\/aktialiiga.fi\/miehet\/#organization","name":"K\u00e4sipallon miesten Aktialiiga","url":"https:\/\/aktialiiga.fi\/miehet\/","logo":{"@type":"ImageObject","inLanguage":"fi","@id":"https:\/\/aktialiiga.fi\/miehet\/#\/schema\/logo\/image\/","url":"https:\/\/i0.wp.com\/aktialiiga.fi\/miehet\/wp-content\/uploads\/sites\/5\/2024\/09\/Aktialiiga-Yoast-512.png?fit=512%2C512&ssl=1","contentUrl":"https:\/\/i0.wp.com\/aktialiiga.fi\/miehet\/wp-content\/uploads\/sites\/5\/2024\/09\/Aktialiiga-Yoast-512.png?fit=512%2C512&ssl=1","width":512,"height":512,"caption":"K\u00e4sipallon miesten Aktialiiga"},"image":{"@id":"https:\/\/aktialiiga.fi\/miehet\/#\/schema\/logo\/image\/"},"sameAs":["https:\/\/www.facebook.com\/finnhandball","https:\/\/x.com\/finnhandball","https:\/\/www.instagram.com\/handballfinland\/"]},{"@type":"Person","@id":"https:\/\/aktialiiga.fi\/miehet\/#\/schema\/person\/c14bf42f47041db74603c45afcb18d87","name":"tbrmedia","image":{"@type":"ImageObject","inLanguage":"fi","@id":"https:\/\/secure.gravatar.com\/avatar\/ee975fa091fe581d12b60debb3439022686618368a7c142044c56724d4666b16?s=96&d=mm&r=g","url":"https:\/\/secure.gravatar.com\/avatar\/ee975fa091fe581d12b60debb3439022686618368a7c142044c56724d4666b16?s=96&d=mm&r=g","contentUrl":"https:\/\/secure.gravatar.com\/avatar\/ee975fa091fe581d12b60debb3439022686618368a7c142044c56724d4666b16?s=96&d=mm&r=g","caption":"tbrmedia"}}]}},"jetpack_featured_media_url":"https:\/\/i0.wp.com\/aktialiiga.fi\/miehet\/wp-content\/uploads\/sites\/5\/2019\/05\/Dicken_Stankevicius_Granlun.gif?fit=711%2C330&ssl=1","jetpack_sharing_enabled":true,"jetpack_shortlink":"https:\/\/wp.me\/pfTxOr-5Z0","_links":{"self":[{"href":"https:\/\/aktialiiga.fi\/miehet\/wp-json\/wp\/v2\/posts\/23002","targetHints":{"allow":["GET"]}}],"collection":[{"href":"https:\/\/aktialiiga.fi\/miehet\/wp-json\/wp\/v2\/posts"}],"about":[{"href":"https:\/\/aktialiiga.fi\/miehet\/wp-json\/wp\/v2\/types\/post"}],"author":[{"embeddable":true,"href":"https:\/\/aktialiiga.fi\/miehet\/wp-json\/wp\/v2\/users\/13"}],"replies":[{"embeddable":true,"href":"https:\/\/aktialiiga.fi\/miehet\/wp-json\/wp\/v2\/comments?post=23002"}],"version-history":[{"count":0,"href":"https:\/\/aktialiiga.fi\/miehet\/wp-json\/wp\/v2\/posts\/23002\/revisions"}],"wp:featuredmedia":[{"embeddable":true,"href":"https:\/\/aktialiiga.fi\/miehet\/wp-json\/wp\/v2\/media\/23004"}],"wp:attachment":[{"href":"https:\/\/aktialiiga.fi\/miehet\/wp-json\/wp\/v2\/media?parent=23002"}],"wp:term":[{"taxonomy":"category","embeddable":true,"href":"https:\/\/aktialiiga.fi\/miehet\/wp-json\/wp\/v2\/categories?post=23002"},{"taxonomy":"post_tag","embeddable":true,"href":"https:\/\/aktialiiga.fi\/miehet\/wp-json\/wp\/v2\/tags?post=23002"}],"curies":[{"name":"wp","href":"https:\/\/api.w.org\/{rel}","templated":true}]}}