{"id":23007,"date":"2019-05-09T13:25:25","date_gmt":"2019-05-09T10:25:25","guid":{"rendered":"https:\/\/aktialiiga.fi\/miehet\/?p=23007"},"modified":"2019-05-09T12:26:12","modified_gmt":"2019-05-09T09:26:12","slug":"ts-robin-mattsson-siirtyy-aifkn-riveihin-pifsta","status":"publish","type":"post","link":"https:\/\/aktialiiga.fi\/miehet\/ajankohtaista\/ts-robin-mattsson-siirtyy-aifkn-riveihin-pifsta\/","title":{"rendered":"TS: Robin Mattsson siirtyy \u00c5IFK:n riveihin PIF:sta"},"content":{"rendered":"<p>\u00c5bo IFK on aloittanut valmistautumisensa ensi kauden SM-liigaan. Samalla seura kertoi ensimm\u00e4isest\u00e4 vahvistuksestaan.<\/p>\n<p>Vahva viivapelaaja Robin Mattsson vaihtaa Pargas IF:n punaisen pelipaidan \u00c5IFK:n keltaiseen. 28-vuotias, 186-senttinen Mattsson on BK-46:n kasvatti, joka viimeiset kaksi kautta pelasi PIF:ssa. Sit\u00e4 ennen koko ura oli mennyt BK:ssa.<\/p>\n<p>\u2013\u2009Valmistuin vuonna 2015 rakennusinsin\u00f6\u00f6riksi ja sen j\u00e4lkeen muutin Turkuun. Silloin my\u00f6s siirryin Paraisille. Minulla oli Piffenin kanssa optio ensi kaudesta, mutta j\u00e4tin sen k\u00e4ytt\u00e4m\u00e4tt\u00e4, kertoi uusiin pelikavereihinsa Samppalinnan palloiluhallissa tutustunut Mattsson Turun Sanomille.<\/p>\n<p>\u2013\u2009\u00c5IFK:n valmentaja, my\u00f6s karjaalainen Robin Karlsson oli minulle ennest\u00e4\u00e4n tuttu, sill\u00e4 pelasimmekin pari kautta samassa joukkueessa. H\u00e4n soitti minulle ja kyseli halukkuutta tulla \u00c5IFK:n riveihin, Mattsson selvitti.<\/p>\n","protected":false},"excerpt":{"rendered":"<p>\u00c5bo IFK on aloittanut valmistautumisensa ensi kauden SM-liigaan. Samalla seura kertoi ensimm\u00e4isest\u00e4 vahvistuksestaan. Vahva viivapelaaja Robin Mattsson vaihtaa Pargas IF:n punaisen pelipaidan \u00c5IFK:n keltaiseen. 28-vuotias, 186-senttinen Mattsson on BK-46:n kasvatti, joka viimeiset kaksi kautta pelasi PIF:ssa. Sit\u00e4 ennen koko ura oli mennyt BK:ssa. \u2013\u2009Valmistuin vuonna 2015 rakennusinsin\u00f6\u00f6riksi ja sen j\u00e4lkeen muutin Turkuun. Silloin my\u00f6s siirryin [&hellip;]<\/p>\n","protected":false},"author":13,"featured_media":22581,"comment_status":"closed","ping_status":"closed","sticky":false,"template":"","format":"standard","meta":{"_acf_changed":false,"jetpack_post_was_ever_published":false,"_jetpack_newsletter_access":"","_jetpack_dont_email_post_to_subs":false,"_jetpack_newsletter_tier_id":0,"_jetpack_memberships_contains_paywalled_content":false,"_jetpack_memberships_contains_paid_content":false,"footnotes":""},"categories":[2],"tags":[50,98],"class_list":["post-23007","post","type-post","status-publish","format-standard","has-post-thumbnail","hentry","category-ajankohtaista","tag-aifk","tag-pif"],"acf":[],"yoast_head":"<!-- This site is optimized with the Yoast SEO plugin v27.4 - https:\/\/yoast.com\/product\/yoast-seo-wordpress\/ -->\n<title>TS: Robin Mattsson siirtyy \u00c5IFK:n riveihin PIF:sta | K\u00e4sipallon miesten Aktialiiga<\/title>\n<meta name=\"robots\" content=\"index, follow, max-snippet:-1, max-image-preview:large, max-video-preview:-1\" \/>\n<link rel=\"canonical\" href=\"https:\/\/aktialiiga.fi\/miehet\/ajankohtaista\/ts-robin-mattsson-siirtyy-aifkn-riveihin-pifsta\/\" \/>\n<meta property=\"og:locale\" content=\"fi_FI\" \/>\n<meta property=\"og:type\" content=\"article\" \/>\n<meta property=\"og:title\" content=\"TS: Robin Mattsson siirtyy \u00c5IFK:n riveihin PIF:sta | K\u00e4sipallon miesten Aktialiiga\" \/>\n<meta property=\"og:description\" content=\"\u00c5bo IFK on aloittanut valmistautumisensa ensi kauden SM-liigaan. Samalla seura kertoi ensimm\u00e4isest\u00e4 vahvistuksestaan. Vahva viivapelaaja Robin Mattsson vaihtaa Pargas IF:n punaisen pelipaidan \u00c5IFK:n keltaiseen. 28-vuotias, 186-senttinen Mattsson on BK-46:n kasvatti, joka viimeiset kaksi kautta pelasi PIF:ssa. Sit\u00e4 ennen koko ura oli mennyt BK:ssa. \u2013\u2009Valmistuin vuonna 2015 rakennusinsin\u00f6\u00f6riksi ja sen j\u00e4lkeen muutin Turkuun. Silloin my\u00f6s siirryin [&hellip;]\" \/>\n<meta property=\"og:url\" content=\"https:\/\/aktialiiga.fi\/miehet\/ajankohtaista\/ts-robin-mattsson-siirtyy-aifkn-riveihin-pifsta\/\" \/>\n<meta property=\"og:site_name\" content=\"K\u00e4sipallon miesten Aktialiiga\" \/>\n<meta property=\"article:publisher\" content=\"https:\/\/www.facebook.com\/finnhandball\" \/>\n<meta property=\"article:published_time\" content=\"2019-05-09T10:25:25+00:00\" \/>\n<meta property=\"og:image\" content=\"https:\/\/i0.wp.com\/aktialiiga.fi\/miehet\/wp-content\/uploads\/sites\/5\/2019\/03\/Pallokuvitus_1819d.gif?fit=711%2C328&ssl=1\" \/>\n\t<meta property=\"og:image:width\" content=\"711\" \/>\n\t<meta property=\"og:image:height\" content=\"328\" \/>\n\t<meta property=\"og:image:type\" content=\"image\/gif\" \/>\n<meta name=\"author\" content=\"tbrmedia\" \/>\n<meta name=\"twitter:card\" content=\"summary_large_image\" \/>\n<meta name=\"twitter:creator\" content=\"@finnhandball\" \/>\n<meta name=\"twitter:site\" content=\"@finnhandball\" \/>\n<script type=\"application\/ld+json\" class=\"yoast-schema-graph\">{\"@context\":\"https:\\\/\\\/schema.org\",\"@graph\":[{\"@type\":\"Article\",\"@id\":\"https:\\\/\\\/aktialiiga.fi\\\/miehet\\\/ajankohtaista\\\/ts-robin-mattsson-siirtyy-aifkn-riveihin-pifsta\\\/#article\",\"isPartOf\":{\"@id\":\"https:\\\/\\\/aktialiiga.fi\\\/miehet\\\/ajankohtaista\\\/ts-robin-mattsson-siirtyy-aifkn-riveihin-pifsta\\\/\"},\"author\":{\"name\":\"tbrmedia\",\"@id\":\"https:\\\/\\\/aktialiiga.fi\\\/miehet\\\/#\\\/schema\\\/person\\\/c14bf42f47041db74603c45afcb18d87\"},\"headline\":\"TS: Robin Mattsson siirtyy \u00c5IFK:n riveihin PIF:sta\",\"datePublished\":\"2019-05-09T10:25:25+00:00\",\"mainEntityOfPage\":{\"@id\":\"https:\\\/\\\/aktialiiga.fi\\\/miehet\\\/ajankohtaista\\\/ts-robin-mattsson-siirtyy-aifkn-riveihin-pifsta\\\/\"},\"wordCount\":129,\"publisher\":{\"@id\":\"https:\\\/\\\/aktialiiga.fi\\\/miehet\\\/#organization\"},\"image\":{\"@id\":\"https:\\\/\\\/aktialiiga.fi\\\/miehet\\\/ajankohtaista\\\/ts-robin-mattsson-siirtyy-aifkn-riveihin-pifsta\\\/#primaryimage\"},\"thumbnailUrl\":\"https:\\\/\\\/i0.wp.com\\\/aktialiiga.fi\\\/miehet\\\/wp-content\\\/uploads\\\/sites\\\/5\\\/2019\\\/03\\\/Pallokuvitus_1819d.gif?fit=711%2C328&ssl=1\",\"keywords\":[\"\u00c5IFK\",\"PIF\"],\"articleSection\":[\"Ajankohtaista\"],\"inLanguage\":\"fi\"},{\"@type\":\"WebPage\",\"@id\":\"https:\\\/\\\/aktialiiga.fi\\\/miehet\\\/ajankohtaista\\\/ts-robin-mattsson-siirtyy-aifkn-riveihin-pifsta\\\/\",\"url\":\"https:\\\/\\\/aktialiiga.fi\\\/miehet\\\/ajankohtaista\\\/ts-robin-mattsson-siirtyy-aifkn-riveihin-pifsta\\\/\",\"name\":\"TS: Robin Mattsson siirtyy \u00c5IFK:n riveihin PIF:sta | K\u00e4sipallon miesten Aktialiiga\",\"isPartOf\":{\"@id\":\"https:\\\/\\\/aktialiiga.fi\\\/miehet\\\/#website\"},\"primaryImageOfPage\":{\"@id\":\"https:\\\/\\\/aktialiiga.fi\\\/miehet\\\/ajankohtaista\\\/ts-robin-mattsson-siirtyy-aifkn-riveihin-pifsta\\\/#primaryimage\"},\"image\":{\"@id\":\"https:\\\/\\\/aktialiiga.fi\\\/miehet\\\/ajankohtaista\\\/ts-robin-mattsson-siirtyy-aifkn-riveihin-pifsta\\\/#primaryimage\"},\"thumbnailUrl\":\"https:\\\/\\\/i0.wp.com\\\/aktialiiga.fi\\\/miehet\\\/wp-content\\\/uploads\\\/sites\\\/5\\\/2019\\\/03\\\/Pallokuvitus_1819d.gif?fit=711%2C328&ssl=1\",\"datePublished\":\"2019-05-09T10:25:25+00:00\",\"breadcrumb\":{\"@id\":\"https:\\\/\\\/aktialiiga.fi\\\/miehet\\\/ajankohtaista\\\/ts-robin-mattsson-siirtyy-aifkn-riveihin-pifsta\\\/#breadcrumb\"},\"inLanguage\":\"fi\",\"potentialAction\":[{\"@type\":\"ReadAction\",\"target\":[\"https:\\\/\\\/aktialiiga.fi\\\/miehet\\\/ajankohtaista\\\/ts-robin-mattsson-siirtyy-aifkn-riveihin-pifsta\\\/\"]}]},{\"@type\":\"ImageObject\",\"inLanguage\":\"fi\",\"@id\":\"https:\\\/\\\/aktialiiga.fi\\\/miehet\\\/ajankohtaista\\\/ts-robin-mattsson-siirtyy-aifkn-riveihin-pifsta\\\/#primaryimage\",\"url\":\"https:\\\/\\\/i0.wp.com\\\/aktialiiga.fi\\\/miehet\\\/wp-content\\\/uploads\\\/sites\\\/5\\\/2019\\\/03\\\/Pallokuvitus_1819d.gif?fit=711%2C328&ssl=1\",\"contentUrl\":\"https:\\\/\\\/i0.wp.com\\\/aktialiiga.fi\\\/miehet\\\/wp-content\\\/uploads\\\/sites\\\/5\\\/2019\\\/03\\\/Pallokuvitus_1819d.gif?fit=711%2C328&ssl=1\",\"width\":711,\"height\":328},{\"@type\":\"BreadcrumbList\",\"@id\":\"https:\\\/\\\/aktialiiga.fi\\\/miehet\\\/ajankohtaista\\\/ts-robin-mattsson-siirtyy-aifkn-riveihin-pifsta\\\/#breadcrumb\",\"itemListElement\":[{\"@type\":\"ListItem\",\"position\":1,\"name\":\"Etusivu\",\"item\":\"https:\\\/\\\/aktialiiga.fi\\\/miehet\\\/\"},{\"@type\":\"ListItem\",\"position\":2,\"name\":\"TS: Robin Mattsson siirtyy \u00c5IFK:n riveihin PIF:sta\"}]},{\"@type\":\"WebSite\",\"@id\":\"https:\\\/\\\/aktialiiga.fi\\\/miehet\\\/#website\",\"url\":\"https:\\\/\\\/aktialiiga.fi\\\/miehet\\\/\",\"name\":\"K\u00e4sipallon miesten Aktialiiga\",\"description\":\"Valtakunnan vauhdikkainta palloilua!\",\"publisher\":{\"@id\":\"https:\\\/\\\/aktialiiga.fi\\\/miehet\\\/#organization\"},\"potentialAction\":[{\"@type\":\"SearchAction\",\"target\":{\"@type\":\"EntryPoint\",\"urlTemplate\":\"https:\\\/\\\/aktialiiga.fi\\\/miehet\\\/?s={search_term_string}\"},\"query-input\":{\"@type\":\"PropertyValueSpecification\",\"valueRequired\":true,\"valueName\":\"search_term_string\"}}],\"inLanguage\":\"fi\"},{\"@type\":\"Organization\",\"@id\":\"https:\\\/\\\/aktialiiga.fi\\\/miehet\\\/#organization\",\"name\":\"K\u00e4sipallon miesten Aktialiiga\",\"url\":\"https:\\\/\\\/aktialiiga.fi\\\/miehet\\\/\",\"logo\":{\"@type\":\"ImageObject\",\"inLanguage\":\"fi\",\"@id\":\"https:\\\/\\\/aktialiiga.fi\\\/miehet\\\/#\\\/schema\\\/logo\\\/image\\\/\",\"url\":\"https:\\\/\\\/i0.wp.com\\\/aktialiiga.fi\\\/miehet\\\/wp-content\\\/uploads\\\/sites\\\/5\\\/2024\\\/09\\\/Aktialiiga-Yoast-512.png?fit=512%2C512&ssl=1\",\"contentUrl\":\"https:\\\/\\\/i0.wp.com\\\/aktialiiga.fi\\\/miehet\\\/wp-content\\\/uploads\\\/sites\\\/5\\\/2024\\\/09\\\/Aktialiiga-Yoast-512.png?fit=512%2C512&ssl=1\",\"width\":512,\"height\":512,\"caption\":\"K\u00e4sipallon miesten Aktialiiga\"},\"image\":{\"@id\":\"https:\\\/\\\/aktialiiga.fi\\\/miehet\\\/#\\\/schema\\\/logo\\\/image\\\/\"},\"sameAs\":[\"https:\\\/\\\/www.facebook.com\\\/finnhandball\",\"https:\\\/\\\/x.com\\\/finnhandball\",\"https:\\\/\\\/www.instagram.com\\\/handballfinland\\\/\"]},{\"@type\":\"Person\",\"@id\":\"https:\\\/\\\/aktialiiga.fi\\\/miehet\\\/#\\\/schema\\\/person\\\/c14bf42f47041db74603c45afcb18d87\",\"name\":\"tbrmedia\",\"image\":{\"@type\":\"ImageObject\",\"inLanguage\":\"fi\",\"@id\":\"https:\\\/\\\/secure.gravatar.com\\\/avatar\\\/ee975fa091fe581d12b60debb3439022686618368a7c142044c56724d4666b16?s=96&d=mm&r=g\",\"url\":\"https:\\\/\\\/secure.gravatar.com\\\/avatar\\\/ee975fa091fe581d12b60debb3439022686618368a7c142044c56724d4666b16?s=96&d=mm&r=g\",\"contentUrl\":\"https:\\\/\\\/secure.gravatar.com\\\/avatar\\\/ee975fa091fe581d12b60debb3439022686618368a7c142044c56724d4666b16?s=96&d=mm&r=g\",\"caption\":\"tbrmedia\"}}]}<\/script>\n<!-- \/ Yoast SEO plugin. -->","yoast_head_json":{"title":"TS: Robin Mattsson siirtyy \u00c5IFK:n riveihin PIF:sta | K\u00e4sipallon miesten Aktialiiga","robots":{"index":"index","follow":"follow","max-snippet":"max-snippet:-1","max-image-preview":"max-image-preview:large","max-video-preview":"max-video-preview:-1"},"canonical":"https:\/\/aktialiiga.fi\/miehet\/ajankohtaista\/ts-robin-mattsson-siirtyy-aifkn-riveihin-pifsta\/","og_locale":"fi_FI","og_type":"article","og_title":"TS: Robin Mattsson siirtyy \u00c5IFK:n riveihin PIF:sta | K\u00e4sipallon miesten Aktialiiga","og_description":"\u00c5bo IFK on aloittanut valmistautumisensa ensi kauden SM-liigaan. Samalla seura kertoi ensimm\u00e4isest\u00e4 vahvistuksestaan. Vahva viivapelaaja Robin Mattsson vaihtaa Pargas IF:n punaisen pelipaidan \u00c5IFK:n keltaiseen. 28-vuotias, 186-senttinen Mattsson on BK-46:n kasvatti, joka viimeiset kaksi kautta pelasi PIF:ssa. Sit\u00e4 ennen koko ura oli mennyt BK:ssa. \u2013\u2009Valmistuin vuonna 2015 rakennusinsin\u00f6\u00f6riksi ja sen j\u00e4lkeen muutin Turkuun. Silloin my\u00f6s siirryin [&hellip;]","og_url":"https:\/\/aktialiiga.fi\/miehet\/ajankohtaista\/ts-robin-mattsson-siirtyy-aifkn-riveihin-pifsta\/","og_site_name":"K\u00e4sipallon miesten Aktialiiga","article_publisher":"https:\/\/www.facebook.com\/finnhandball","article_published_time":"2019-05-09T10:25:25+00:00","og_image":[{"width":711,"height":328,"url":"https:\/\/i0.wp.com\/aktialiiga.fi\/miehet\/wp-content\/uploads\/sites\/5\/2019\/03\/Pallokuvitus_1819d.gif?fit=711%2C328&ssl=1","type":"image\/gif"}],"author":"tbrmedia","twitter_card":"summary_large_image","twitter_creator":"@finnhandball","twitter_site":"@finnhandball","schema":{"@context":"https:\/\/schema.org","@graph":[{"@type":"Article","@id":"https:\/\/aktialiiga.fi\/miehet\/ajankohtaista\/ts-robin-mattsson-siirtyy-aifkn-riveihin-pifsta\/#article","isPartOf":{"@id":"https:\/\/aktialiiga.fi\/miehet\/ajankohtaista\/ts-robin-mattsson-siirtyy-aifkn-riveihin-pifsta\/"},"author":{"name":"tbrmedia","@id":"https:\/\/aktialiiga.fi\/miehet\/#\/schema\/person\/c14bf42f47041db74603c45afcb18d87"},"headline":"TS: Robin Mattsson siirtyy \u00c5IFK:n riveihin PIF:sta","datePublished":"2019-05-09T10:25:25+00:00","mainEntityOfPage":{"@id":"https:\/\/aktialiiga.fi\/miehet\/ajankohtaista\/ts-robin-mattsson-siirtyy-aifkn-riveihin-pifsta\/"},"wordCount":129,"publisher":{"@id":"https:\/\/aktialiiga.fi\/miehet\/#organization"},"image":{"@id":"https:\/\/aktialiiga.fi\/miehet\/ajankohtaista\/ts-robin-mattsson-siirtyy-aifkn-riveihin-pifsta\/#primaryimage"},"thumbnailUrl":"https:\/\/i0.wp.com\/aktialiiga.fi\/miehet\/wp-content\/uploads\/sites\/5\/2019\/03\/Pallokuvitus_1819d.gif?fit=711%2C328&ssl=1","keywords":["\u00c5IFK","PIF"],"articleSection":["Ajankohtaista"],"inLanguage":"fi"},{"@type":"WebPage","@id":"https:\/\/aktialiiga.fi\/miehet\/ajankohtaista\/ts-robin-mattsson-siirtyy-aifkn-riveihin-pifsta\/","url":"https:\/\/aktialiiga.fi\/miehet\/ajankohtaista\/ts-robin-mattsson-siirtyy-aifkn-riveihin-pifsta\/","name":"TS: Robin Mattsson siirtyy \u00c5IFK:n riveihin PIF:sta | K\u00e4sipallon miesten Aktialiiga","isPartOf":{"@id":"https:\/\/aktialiiga.fi\/miehet\/#website"},"primaryImageOfPage":{"@id":"https:\/\/aktialiiga.fi\/miehet\/ajankohtaista\/ts-robin-mattsson-siirtyy-aifkn-riveihin-pifsta\/#primaryimage"},"image":{"@id":"https:\/\/aktialiiga.fi\/miehet\/ajankohtaista\/ts-robin-mattsson-siirtyy-aifkn-riveihin-pifsta\/#primaryimage"},"thumbnailUrl":"https:\/\/i0.wp.com\/aktialiiga.fi\/miehet\/wp-content\/uploads\/sites\/5\/2019\/03\/Pallokuvitus_1819d.gif?fit=711%2C328&ssl=1","datePublished":"2019-05-09T10:25:25+00:00","breadcrumb":{"@id":"https:\/\/aktialiiga.fi\/miehet\/ajankohtaista\/ts-robin-mattsson-siirtyy-aifkn-riveihin-pifsta\/#breadcrumb"},"inLanguage":"fi","potentialAction":[{"@type":"ReadAction","target":["https:\/\/aktialiiga.fi\/miehet\/ajankohtaista\/ts-robin-mattsson-siirtyy-aifkn-riveihin-pifsta\/"]}]},{"@type":"ImageObject","inLanguage":"fi","@id":"https:\/\/aktialiiga.fi\/miehet\/ajankohtaista\/ts-robin-mattsson-siirtyy-aifkn-riveihin-pifsta\/#primaryimage","url":"https:\/\/i0.wp.com\/aktialiiga.fi\/miehet\/wp-content\/uploads\/sites\/5\/2019\/03\/Pallokuvitus_1819d.gif?fit=711%2C328&ssl=1","contentUrl":"https:\/\/i0.wp.com\/aktialiiga.fi\/miehet\/wp-content\/uploads\/sites\/5\/2019\/03\/Pallokuvitus_1819d.gif?fit=711%2C328&ssl=1","width":711,"height":328},{"@type":"BreadcrumbList","@id":"https:\/\/aktialiiga.fi\/miehet\/ajankohtaista\/ts-robin-mattsson-siirtyy-aifkn-riveihin-pifsta\/#breadcrumb","itemListElement":[{"@type":"ListItem","position":1,"name":"Etusivu","item":"https:\/\/aktialiiga.fi\/miehet\/"},{"@type":"ListItem","position":2,"name":"TS: Robin Mattsson siirtyy \u00c5IFK:n riveihin PIF:sta"}]},{"@type":"WebSite","@id":"https:\/\/aktialiiga.fi\/miehet\/#website","url":"https:\/\/aktialiiga.fi\/miehet\/","name":"K\u00e4sipallon miesten Aktialiiga","description":"Valtakunnan vauhdikkainta palloilua!","publisher":{"@id":"https:\/\/aktialiiga.fi\/miehet\/#organization"},"potentialAction":[{"@type":"SearchAction","target":{"@type":"EntryPoint","urlTemplate":"https:\/\/aktialiiga.fi\/miehet\/?s={search_term_string}"},"query-input":{"@type":"PropertyValueSpecification","valueRequired":true,"valueName":"search_term_string"}}],"inLanguage":"fi"},{"@type":"Organization","@id":"https:\/\/aktialiiga.fi\/miehet\/#organization","name":"K\u00e4sipallon miesten Aktialiiga","url":"https:\/\/aktialiiga.fi\/miehet\/","logo":{"@type":"ImageObject","inLanguage":"fi","@id":"https:\/\/aktialiiga.fi\/miehet\/#\/schema\/logo\/image\/","url":"https:\/\/i0.wp.com\/aktialiiga.fi\/miehet\/wp-content\/uploads\/sites\/5\/2024\/09\/Aktialiiga-Yoast-512.png?fit=512%2C512&ssl=1","contentUrl":"https:\/\/i0.wp.com\/aktialiiga.fi\/miehet\/wp-content\/uploads\/sites\/5\/2024\/09\/Aktialiiga-Yoast-512.png?fit=512%2C512&ssl=1","width":512,"height":512,"caption":"K\u00e4sipallon miesten Aktialiiga"},"image":{"@id":"https:\/\/aktialiiga.fi\/miehet\/#\/schema\/logo\/image\/"},"sameAs":["https:\/\/www.facebook.com\/finnhandball","https:\/\/x.com\/finnhandball","https:\/\/www.instagram.com\/handballfinland\/"]},{"@type":"Person","@id":"https:\/\/aktialiiga.fi\/miehet\/#\/schema\/person\/c14bf42f47041db74603c45afcb18d87","name":"tbrmedia","image":{"@type":"ImageObject","inLanguage":"fi","@id":"https:\/\/secure.gravatar.com\/avatar\/ee975fa091fe581d12b60debb3439022686618368a7c142044c56724d4666b16?s=96&d=mm&r=g","url":"https:\/\/secure.gravatar.com\/avatar\/ee975fa091fe581d12b60debb3439022686618368a7c142044c56724d4666b16?s=96&d=mm&r=g","contentUrl":"https:\/\/secure.gravatar.com\/avatar\/ee975fa091fe581d12b60debb3439022686618368a7c142044c56724d4666b16?s=96&d=mm&r=g","caption":"tbrmedia"}}]}},"jetpack_featured_media_url":"https:\/\/i0.wp.com\/aktialiiga.fi\/miehet\/wp-content\/uploads\/sites\/5\/2019\/03\/Pallokuvitus_1819d.gif?fit=711%2C328&ssl=1","jetpack_sharing_enabled":true,"jetpack_shortlink":"https:\/\/wp.me\/pfTxOr-5Z5","_links":{"self":[{"href":"https:\/\/aktialiiga.fi\/miehet\/wp-json\/wp\/v2\/posts\/23007","targetHints":{"allow":["GET"]}}],"collection":[{"href":"https:\/\/aktialiiga.fi\/miehet\/wp-json\/wp\/v2\/posts"}],"about":[{"href":"https:\/\/aktialiiga.fi\/miehet\/wp-json\/wp\/v2\/types\/post"}],"author":[{"embeddable":true,"href":"https:\/\/aktialiiga.fi\/miehet\/wp-json\/wp\/v2\/users\/13"}],"replies":[{"embeddable":true,"href":"https:\/\/aktialiiga.fi\/miehet\/wp-json\/wp\/v2\/comments?post=23007"}],"version-history":[{"count":0,"href":"https:\/\/aktialiiga.fi\/miehet\/wp-json\/wp\/v2\/posts\/23007\/revisions"}],"wp:featuredmedia":[{"embeddable":true,"href":"https:\/\/aktialiiga.fi\/miehet\/wp-json\/wp\/v2\/media\/22581"}],"wp:attachment":[{"href":"https:\/\/aktialiiga.fi\/miehet\/wp-json\/wp\/v2\/media?parent=23007"}],"wp:term":[{"taxonomy":"category","embeddable":true,"href":"https:\/\/aktialiiga.fi\/miehet\/wp-json\/wp\/v2\/categories?post=23007"},{"taxonomy":"post_tag","embeddable":true,"href":"https:\/\/aktialiiga.fi\/miehet\/wp-json\/wp\/v2\/tags?post=23007"}],"curies":[{"name":"wp","href":"https:\/\/api.w.org\/{rel}","templated":true}]}}