{"id":23598,"date":"2019-09-19T22:56:53","date_gmt":"2019-09-19T19:56:53","guid":{"rendered":"https:\/\/aktialiiga.fi\/miehet\/?p=23598"},"modified":"2019-09-23T13:06:39","modified_gmt":"2019-09-23T10:06:39","slug":"kohti-kautta-aifk-4","status":"publish","type":"post","link":"https:\/\/aktialiiga.fi\/miehet\/2019-2020\/kohti-kautta-2019-2020\/kohti-kautta-aifk-4\/","title":{"rendered":"Kohti kautta: \u00c5IFK"},"content":{"rendered":"<p>Perinteik\u00e4s \u00c5IFK pelasi itsens\u00e4 viime kaudella jatkosarjaan varmasti, mutta ev\u00e4\u00e4t eiv\u00e4t lopulta riitt\u00e4neet 7. sijaa korkeammalle.<\/p>\n<p>Suurimpiin suosikkeihin \u00c5IFK ei alkavallakaan kaudella ennakkoon kuulu, mutta p\u00e4\u00e4valmentaja Robin Karlssonilla on k\u00e4yt\u00f6ss\u00e4\u00e4n lupaava sekoitus nuoria pelaajia sek\u00e4 kokeneempaa kaartia seuraikoni Andreas Nystr\u00f6min johdolla.<\/p>\n<p>Tulevaisuutta on my\u00f6s vahvasti ja \u00c5IFK:n liigajoukkueen harjoitusrinkiin kuuluvat IFK:n omat kasvatit Mikael Manderoos ja Benjamin Fellman pelaavat syyskauden lainapelaajina Piffenin liigajoukkueessa.<\/p>\n<p>&#8211; Avasimme keskustelut kolmisen viikkoa sitten Piffenin p\u00e4\u00e4valmentaja Michael Lindblomin kanssa ja seurat p\u00e4\u00e4siv\u00e4t lopulta nopeasti molempia palvelevaan ratkaisuun. Meid\u00e4n nuoret saavat arvokasta liigakokemusta lainan my\u00f6t\u00e4, mutta pelaaminen A-poikien ykk\u00f6sjoukkueen ringiss\u00e4 ja harjoittelu Turussa onnistuvat my\u00f6s edelleen.<\/p>\n<p>&#8211; Piffen saa kaksi motivoitunutta ja hyvin harjoittelevaa poikaa pelaavaan rosteriinsa, kommentoi A-poikien valmentaja Aku Kuusisto.<\/p>\n<p><em>(\u00c5IFK joutui viime hetkill\u00e4 perumaan osallistumisensa SM-liigan kauden avausinfoon, jonka antiin n\u00e4m\u00e4 artikkelit perustuvat)<\/em><\/p>\n<p><strong>\u00c5IFK<\/strong><br \/>\nSijoitus 7. kaudella 2018-19<\/p>\n<p><strong>L\u00e4hteneet pelaajat:<\/strong><br \/>\nAlbin J\u00e4rvinen (lop.)<br \/>\nMarkus Aspelin (lop.)<br \/>\nPaavo Brummer (lop.)<br \/>\nWilhelm Hammarberg (lop.)<br \/>\nMikael Manderoos (PIF, laina syksy 2019)<br \/>\nBenjamin Fellman (PIF, laina syksy 2019)<\/p>\n<p><strong>Tulleet pelaajat:<\/strong><br \/>\nRobin Mattsson (PIF)<\/p>\n","protected":false},"excerpt":{"rendered":"<p>Perinteik\u00e4s \u00c5IFK pelasi itsens\u00e4 viime kaudella jatkosarjaan varmasti, mutta ev\u00e4\u00e4t eiv\u00e4t lopulta riitt\u00e4neet 7. sijaa korkeammalle. Suurimpiin suosikkeihin \u00c5IFK ei alkavallakaan kaudella ennakkoon kuulu, mutta p\u00e4\u00e4valmentaja Robin Karlssonilla on k\u00e4yt\u00f6ss\u00e4\u00e4n lupaava sekoitus nuoria pelaajia sek\u00e4 kokeneempaa kaartia seuraikoni Andreas Nystr\u00f6min johdolla. Tulevaisuutta on my\u00f6s vahvasti ja \u00c5IFK:n liigajoukkueen harjoitusrinkiin kuuluvat IFK:n omat kasvatit Mikael Manderoos [&hellip;]<\/p>\n","protected":false},"author":13,"featured_media":20678,"comment_status":"closed","ping_status":"closed","sticky":false,"template":"","format":"standard","meta":{"_acf_changed":false,"jetpack_post_was_ever_published":false,"_jetpack_newsletter_access":"","_jetpack_dont_email_post_to_subs":false,"_jetpack_newsletter_tier_id":0,"_jetpack_memberships_contains_paywalled_content":false,"_jetpack_memberships_contains_paid_content":false,"footnotes":""},"categories":[228],"tags":[50],"class_list":["post-23598","post","type-post","status-publish","format-standard","has-post-thumbnail","hentry","category-kohti-kautta-2019-2020","tag-aifk"],"acf":[],"yoast_head":"<!-- This site is optimized with the Yoast SEO plugin v27.5 - https:\/\/yoast.com\/product\/yoast-seo-wordpress\/ -->\n<title>Kohti kautta: \u00c5IFK | K\u00e4sipallon miesten Aktialiiga<\/title>\n<meta name=\"robots\" content=\"index, follow, max-snippet:-1, max-image-preview:large, max-video-preview:-1\" \/>\n<link rel=\"canonical\" href=\"https:\/\/aktialiiga.fi\/miehet\/2019-2020\/kohti-kautta-2019-2020\/kohti-kautta-aifk-4\/\" \/>\n<meta property=\"og:locale\" content=\"fi_FI\" \/>\n<meta property=\"og:type\" content=\"article\" \/>\n<meta property=\"og:title\" content=\"Kohti kautta: \u00c5IFK | K\u00e4sipallon miesten Aktialiiga\" \/>\n<meta property=\"og:description\" content=\"Perinteik\u00e4s \u00c5IFK pelasi itsens\u00e4 viime kaudella jatkosarjaan varmasti, mutta ev\u00e4\u00e4t eiv\u00e4t lopulta riitt\u00e4neet 7. sijaa korkeammalle. Suurimpiin suosikkeihin \u00c5IFK ei alkavallakaan kaudella ennakkoon kuulu, mutta p\u00e4\u00e4valmentaja Robin Karlssonilla on k\u00e4yt\u00f6ss\u00e4\u00e4n lupaava sekoitus nuoria pelaajia sek\u00e4 kokeneempaa kaartia seuraikoni Andreas Nystr\u00f6min johdolla. Tulevaisuutta on my\u00f6s vahvasti ja \u00c5IFK:n liigajoukkueen harjoitusrinkiin kuuluvat IFK:n omat kasvatit Mikael Manderoos [&hellip;]\" \/>\n<meta property=\"og:url\" content=\"https:\/\/aktialiiga.fi\/miehet\/2019-2020\/kohti-kautta-2019-2020\/kohti-kautta-aifk-4\/\" \/>\n<meta property=\"og:site_name\" content=\"K\u00e4sipallon miesten Aktialiiga\" \/>\n<meta property=\"article:publisher\" content=\"https:\/\/www.facebook.com\/finnhandball\" \/>\n<meta property=\"article:published_time\" content=\"2019-09-19T19:56:53+00:00\" \/>\n<meta property=\"article:modified_time\" content=\"2019-09-23T10:06:39+00:00\" \/>\n<meta property=\"og:image\" content=\"https:\/\/i0.wp.com\/aktialiiga.fi\/miehet\/wp-content\/uploads\/sites\/5\/2018\/09\/AIFK_logokuv_1819.jpg?fit=711%2C330&ssl=1\" \/>\n\t<meta property=\"og:image:width\" content=\"711\" \/>\n\t<meta property=\"og:image:height\" content=\"330\" \/>\n\t<meta property=\"og:image:type\" content=\"image\/jpeg\" \/>\n<meta name=\"author\" content=\"tbrmedia\" \/>\n<meta name=\"twitter:card\" content=\"summary_large_image\" \/>\n<meta name=\"twitter:creator\" content=\"@finnhandball\" \/>\n<meta name=\"twitter:site\" content=\"@finnhandball\" \/>\n<script type=\"application\/ld+json\" class=\"yoast-schema-graph\">{\"@context\":\"https:\\\/\\\/schema.org\",\"@graph\":[{\"@type\":\"Article\",\"@id\":\"https:\\\/\\\/aktialiiga.fi\\\/miehet\\\/2019-2020\\\/kohti-kautta-2019-2020\\\/kohti-kautta-aifk-4\\\/#article\",\"isPartOf\":{\"@id\":\"https:\\\/\\\/aktialiiga.fi\\\/miehet\\\/2019-2020\\\/kohti-kautta-2019-2020\\\/kohti-kautta-aifk-4\\\/\"},\"author\":{\"name\":\"tbrmedia\",\"@id\":\"https:\\\/\\\/aktialiiga.fi\\\/miehet\\\/#\\\/schema\\\/person\\\/c14bf42f47041db74603c45afcb18d87\"},\"headline\":\"Kohti kautta: \u00c5IFK\",\"datePublished\":\"2019-09-19T19:56:53+00:00\",\"dateModified\":\"2019-09-23T10:06:39+00:00\",\"mainEntityOfPage\":{\"@id\":\"https:\\\/\\\/aktialiiga.fi\\\/miehet\\\/2019-2020\\\/kohti-kautta-2019-2020\\\/kohti-kautta-aifk-4\\\/\"},\"wordCount\":187,\"publisher\":{\"@id\":\"https:\\\/\\\/aktialiiga.fi\\\/miehet\\\/#organization\"},\"image\":{\"@id\":\"https:\\\/\\\/aktialiiga.fi\\\/miehet\\\/2019-2020\\\/kohti-kautta-2019-2020\\\/kohti-kautta-aifk-4\\\/#primaryimage\"},\"thumbnailUrl\":\"https:\\\/\\\/i0.wp.com\\\/aktialiiga.fi\\\/miehet\\\/wp-content\\\/uploads\\\/sites\\\/5\\\/2018\\\/09\\\/AIFK_logokuv_1819.jpg?fit=711%2C330&ssl=1\",\"keywords\":[\"\u00c5IFK\"],\"articleSection\":[\"Kohti kautta\"],\"inLanguage\":\"fi\"},{\"@type\":\"WebPage\",\"@id\":\"https:\\\/\\\/aktialiiga.fi\\\/miehet\\\/2019-2020\\\/kohti-kautta-2019-2020\\\/kohti-kautta-aifk-4\\\/\",\"url\":\"https:\\\/\\\/aktialiiga.fi\\\/miehet\\\/2019-2020\\\/kohti-kautta-2019-2020\\\/kohti-kautta-aifk-4\\\/\",\"name\":\"Kohti kautta: \u00c5IFK | K\u00e4sipallon miesten Aktialiiga\",\"isPartOf\":{\"@id\":\"https:\\\/\\\/aktialiiga.fi\\\/miehet\\\/#website\"},\"primaryImageOfPage\":{\"@id\":\"https:\\\/\\\/aktialiiga.fi\\\/miehet\\\/2019-2020\\\/kohti-kautta-2019-2020\\\/kohti-kautta-aifk-4\\\/#primaryimage\"},\"image\":{\"@id\":\"https:\\\/\\\/aktialiiga.fi\\\/miehet\\\/2019-2020\\\/kohti-kautta-2019-2020\\\/kohti-kautta-aifk-4\\\/#primaryimage\"},\"thumbnailUrl\":\"https:\\\/\\\/i0.wp.com\\\/aktialiiga.fi\\\/miehet\\\/wp-content\\\/uploads\\\/sites\\\/5\\\/2018\\\/09\\\/AIFK_logokuv_1819.jpg?fit=711%2C330&ssl=1\",\"datePublished\":\"2019-09-19T19:56:53+00:00\",\"dateModified\":\"2019-09-23T10:06:39+00:00\",\"breadcrumb\":{\"@id\":\"https:\\\/\\\/aktialiiga.fi\\\/miehet\\\/2019-2020\\\/kohti-kautta-2019-2020\\\/kohti-kautta-aifk-4\\\/#breadcrumb\"},\"inLanguage\":\"fi\",\"potentialAction\":[{\"@type\":\"ReadAction\",\"target\":[\"https:\\\/\\\/aktialiiga.fi\\\/miehet\\\/2019-2020\\\/kohti-kautta-2019-2020\\\/kohti-kautta-aifk-4\\\/\"]}]},{\"@type\":\"ImageObject\",\"inLanguage\":\"fi\",\"@id\":\"https:\\\/\\\/aktialiiga.fi\\\/miehet\\\/2019-2020\\\/kohti-kautta-2019-2020\\\/kohti-kautta-aifk-4\\\/#primaryimage\",\"url\":\"https:\\\/\\\/i0.wp.com\\\/aktialiiga.fi\\\/miehet\\\/wp-content\\\/uploads\\\/sites\\\/5\\\/2018\\\/09\\\/AIFK_logokuv_1819.jpg?fit=711%2C330&ssl=1\",\"contentUrl\":\"https:\\\/\\\/i0.wp.com\\\/aktialiiga.fi\\\/miehet\\\/wp-content\\\/uploads\\\/sites\\\/5\\\/2018\\\/09\\\/AIFK_logokuv_1819.jpg?fit=711%2C330&ssl=1\",\"width\":711,\"height\":330},{\"@type\":\"BreadcrumbList\",\"@id\":\"https:\\\/\\\/aktialiiga.fi\\\/miehet\\\/2019-2020\\\/kohti-kautta-2019-2020\\\/kohti-kautta-aifk-4\\\/#breadcrumb\",\"itemListElement\":[{\"@type\":\"ListItem\",\"position\":1,\"name\":\"Etusivu\",\"item\":\"https:\\\/\\\/aktialiiga.fi\\\/miehet\\\/\"},{\"@type\":\"ListItem\",\"position\":2,\"name\":\"Kohti kautta: \u00c5IFK\"}]},{\"@type\":\"WebSite\",\"@id\":\"https:\\\/\\\/aktialiiga.fi\\\/miehet\\\/#website\",\"url\":\"https:\\\/\\\/aktialiiga.fi\\\/miehet\\\/\",\"name\":\"K\u00e4sipallon miesten Aktialiiga\",\"description\":\"Valtakunnan vauhdikkainta palloilua!\",\"publisher\":{\"@id\":\"https:\\\/\\\/aktialiiga.fi\\\/miehet\\\/#organization\"},\"potentialAction\":[{\"@type\":\"SearchAction\",\"target\":{\"@type\":\"EntryPoint\",\"urlTemplate\":\"https:\\\/\\\/aktialiiga.fi\\\/miehet\\\/?s={search_term_string}\"},\"query-input\":{\"@type\":\"PropertyValueSpecification\",\"valueRequired\":true,\"valueName\":\"search_term_string\"}}],\"inLanguage\":\"fi\"},{\"@type\":\"Organization\",\"@id\":\"https:\\\/\\\/aktialiiga.fi\\\/miehet\\\/#organization\",\"name\":\"K\u00e4sipallon miesten Aktialiiga\",\"url\":\"https:\\\/\\\/aktialiiga.fi\\\/miehet\\\/\",\"logo\":{\"@type\":\"ImageObject\",\"inLanguage\":\"fi\",\"@id\":\"https:\\\/\\\/aktialiiga.fi\\\/miehet\\\/#\\\/schema\\\/logo\\\/image\\\/\",\"url\":\"https:\\\/\\\/i0.wp.com\\\/aktialiiga.fi\\\/miehet\\\/wp-content\\\/uploads\\\/sites\\\/5\\\/2024\\\/09\\\/Aktialiiga-Yoast-512.png?fit=512%2C512&ssl=1\",\"contentUrl\":\"https:\\\/\\\/i0.wp.com\\\/aktialiiga.fi\\\/miehet\\\/wp-content\\\/uploads\\\/sites\\\/5\\\/2024\\\/09\\\/Aktialiiga-Yoast-512.png?fit=512%2C512&ssl=1\",\"width\":512,\"height\":512,\"caption\":\"K\u00e4sipallon miesten Aktialiiga\"},\"image\":{\"@id\":\"https:\\\/\\\/aktialiiga.fi\\\/miehet\\\/#\\\/schema\\\/logo\\\/image\\\/\"},\"sameAs\":[\"https:\\\/\\\/www.facebook.com\\\/finnhandball\",\"https:\\\/\\\/x.com\\\/finnhandball\",\"https:\\\/\\\/www.instagram.com\\\/handballfinland\\\/\"]},{\"@type\":\"Person\",\"@id\":\"https:\\\/\\\/aktialiiga.fi\\\/miehet\\\/#\\\/schema\\\/person\\\/c14bf42f47041db74603c45afcb18d87\",\"name\":\"tbrmedia\",\"image\":{\"@type\":\"ImageObject\",\"inLanguage\":\"fi\",\"@id\":\"https:\\\/\\\/secure.gravatar.com\\\/avatar\\\/ee975fa091fe581d12b60debb3439022686618368a7c142044c56724d4666b16?s=96&d=mm&r=g\",\"url\":\"https:\\\/\\\/secure.gravatar.com\\\/avatar\\\/ee975fa091fe581d12b60debb3439022686618368a7c142044c56724d4666b16?s=96&d=mm&r=g\",\"contentUrl\":\"https:\\\/\\\/secure.gravatar.com\\\/avatar\\\/ee975fa091fe581d12b60debb3439022686618368a7c142044c56724d4666b16?s=96&d=mm&r=g\",\"caption\":\"tbrmedia\"}}]}<\/script>\n<!-- \/ Yoast SEO plugin. -->","yoast_head_json":{"title":"Kohti kautta: \u00c5IFK | K\u00e4sipallon miesten Aktialiiga","robots":{"index":"index","follow":"follow","max-snippet":"max-snippet:-1","max-image-preview":"max-image-preview:large","max-video-preview":"max-video-preview:-1"},"canonical":"https:\/\/aktialiiga.fi\/miehet\/2019-2020\/kohti-kautta-2019-2020\/kohti-kautta-aifk-4\/","og_locale":"fi_FI","og_type":"article","og_title":"Kohti kautta: \u00c5IFK | K\u00e4sipallon miesten Aktialiiga","og_description":"Perinteik\u00e4s \u00c5IFK pelasi itsens\u00e4 viime kaudella jatkosarjaan varmasti, mutta ev\u00e4\u00e4t eiv\u00e4t lopulta riitt\u00e4neet 7. sijaa korkeammalle. Suurimpiin suosikkeihin \u00c5IFK ei alkavallakaan kaudella ennakkoon kuulu, mutta p\u00e4\u00e4valmentaja Robin Karlssonilla on k\u00e4yt\u00f6ss\u00e4\u00e4n lupaava sekoitus nuoria pelaajia sek\u00e4 kokeneempaa kaartia seuraikoni Andreas Nystr\u00f6min johdolla. Tulevaisuutta on my\u00f6s vahvasti ja \u00c5IFK:n liigajoukkueen harjoitusrinkiin kuuluvat IFK:n omat kasvatit Mikael Manderoos [&hellip;]","og_url":"https:\/\/aktialiiga.fi\/miehet\/2019-2020\/kohti-kautta-2019-2020\/kohti-kautta-aifk-4\/","og_site_name":"K\u00e4sipallon miesten Aktialiiga","article_publisher":"https:\/\/www.facebook.com\/finnhandball","article_published_time":"2019-09-19T19:56:53+00:00","article_modified_time":"2019-09-23T10:06:39+00:00","og_image":[{"width":711,"height":330,"url":"https:\/\/i0.wp.com\/aktialiiga.fi\/miehet\/wp-content\/uploads\/sites\/5\/2018\/09\/AIFK_logokuv_1819.jpg?fit=711%2C330&ssl=1","type":"image\/jpeg"}],"author":"tbrmedia","twitter_card":"summary_large_image","twitter_creator":"@finnhandball","twitter_site":"@finnhandball","schema":{"@context":"https:\/\/schema.org","@graph":[{"@type":"Article","@id":"https:\/\/aktialiiga.fi\/miehet\/2019-2020\/kohti-kautta-2019-2020\/kohti-kautta-aifk-4\/#article","isPartOf":{"@id":"https:\/\/aktialiiga.fi\/miehet\/2019-2020\/kohti-kautta-2019-2020\/kohti-kautta-aifk-4\/"},"author":{"name":"tbrmedia","@id":"https:\/\/aktialiiga.fi\/miehet\/#\/schema\/person\/c14bf42f47041db74603c45afcb18d87"},"headline":"Kohti kautta: \u00c5IFK","datePublished":"2019-09-19T19:56:53+00:00","dateModified":"2019-09-23T10:06:39+00:00","mainEntityOfPage":{"@id":"https:\/\/aktialiiga.fi\/miehet\/2019-2020\/kohti-kautta-2019-2020\/kohti-kautta-aifk-4\/"},"wordCount":187,"publisher":{"@id":"https:\/\/aktialiiga.fi\/miehet\/#organization"},"image":{"@id":"https:\/\/aktialiiga.fi\/miehet\/2019-2020\/kohti-kautta-2019-2020\/kohti-kautta-aifk-4\/#primaryimage"},"thumbnailUrl":"https:\/\/i0.wp.com\/aktialiiga.fi\/miehet\/wp-content\/uploads\/sites\/5\/2018\/09\/AIFK_logokuv_1819.jpg?fit=711%2C330&ssl=1","keywords":["\u00c5IFK"],"articleSection":["Kohti kautta"],"inLanguage":"fi"},{"@type":"WebPage","@id":"https:\/\/aktialiiga.fi\/miehet\/2019-2020\/kohti-kautta-2019-2020\/kohti-kautta-aifk-4\/","url":"https:\/\/aktialiiga.fi\/miehet\/2019-2020\/kohti-kautta-2019-2020\/kohti-kautta-aifk-4\/","name":"Kohti kautta: \u00c5IFK | K\u00e4sipallon miesten Aktialiiga","isPartOf":{"@id":"https:\/\/aktialiiga.fi\/miehet\/#website"},"primaryImageOfPage":{"@id":"https:\/\/aktialiiga.fi\/miehet\/2019-2020\/kohti-kautta-2019-2020\/kohti-kautta-aifk-4\/#primaryimage"},"image":{"@id":"https:\/\/aktialiiga.fi\/miehet\/2019-2020\/kohti-kautta-2019-2020\/kohti-kautta-aifk-4\/#primaryimage"},"thumbnailUrl":"https:\/\/i0.wp.com\/aktialiiga.fi\/miehet\/wp-content\/uploads\/sites\/5\/2018\/09\/AIFK_logokuv_1819.jpg?fit=711%2C330&ssl=1","datePublished":"2019-09-19T19:56:53+00:00","dateModified":"2019-09-23T10:06:39+00:00","breadcrumb":{"@id":"https:\/\/aktialiiga.fi\/miehet\/2019-2020\/kohti-kautta-2019-2020\/kohti-kautta-aifk-4\/#breadcrumb"},"inLanguage":"fi","potentialAction":[{"@type":"ReadAction","target":["https:\/\/aktialiiga.fi\/miehet\/2019-2020\/kohti-kautta-2019-2020\/kohti-kautta-aifk-4\/"]}]},{"@type":"ImageObject","inLanguage":"fi","@id":"https:\/\/aktialiiga.fi\/miehet\/2019-2020\/kohti-kautta-2019-2020\/kohti-kautta-aifk-4\/#primaryimage","url":"https:\/\/i0.wp.com\/aktialiiga.fi\/miehet\/wp-content\/uploads\/sites\/5\/2018\/09\/AIFK_logokuv_1819.jpg?fit=711%2C330&ssl=1","contentUrl":"https:\/\/i0.wp.com\/aktialiiga.fi\/miehet\/wp-content\/uploads\/sites\/5\/2018\/09\/AIFK_logokuv_1819.jpg?fit=711%2C330&ssl=1","width":711,"height":330},{"@type":"BreadcrumbList","@id":"https:\/\/aktialiiga.fi\/miehet\/2019-2020\/kohti-kautta-2019-2020\/kohti-kautta-aifk-4\/#breadcrumb","itemListElement":[{"@type":"ListItem","position":1,"name":"Etusivu","item":"https:\/\/aktialiiga.fi\/miehet\/"},{"@type":"ListItem","position":2,"name":"Kohti kautta: \u00c5IFK"}]},{"@type":"WebSite","@id":"https:\/\/aktialiiga.fi\/miehet\/#website","url":"https:\/\/aktialiiga.fi\/miehet\/","name":"K\u00e4sipallon miesten Aktialiiga","description":"Valtakunnan vauhdikkainta palloilua!","publisher":{"@id":"https:\/\/aktialiiga.fi\/miehet\/#organization"},"potentialAction":[{"@type":"SearchAction","target":{"@type":"EntryPoint","urlTemplate":"https:\/\/aktialiiga.fi\/miehet\/?s={search_term_string}"},"query-input":{"@type":"PropertyValueSpecification","valueRequired":true,"valueName":"search_term_string"}}],"inLanguage":"fi"},{"@type":"Organization","@id":"https:\/\/aktialiiga.fi\/miehet\/#organization","name":"K\u00e4sipallon miesten Aktialiiga","url":"https:\/\/aktialiiga.fi\/miehet\/","logo":{"@type":"ImageObject","inLanguage":"fi","@id":"https:\/\/aktialiiga.fi\/miehet\/#\/schema\/logo\/image\/","url":"https:\/\/i0.wp.com\/aktialiiga.fi\/miehet\/wp-content\/uploads\/sites\/5\/2024\/09\/Aktialiiga-Yoast-512.png?fit=512%2C512&ssl=1","contentUrl":"https:\/\/i0.wp.com\/aktialiiga.fi\/miehet\/wp-content\/uploads\/sites\/5\/2024\/09\/Aktialiiga-Yoast-512.png?fit=512%2C512&ssl=1","width":512,"height":512,"caption":"K\u00e4sipallon miesten Aktialiiga"},"image":{"@id":"https:\/\/aktialiiga.fi\/miehet\/#\/schema\/logo\/image\/"},"sameAs":["https:\/\/www.facebook.com\/finnhandball","https:\/\/x.com\/finnhandball","https:\/\/www.instagram.com\/handballfinland\/"]},{"@type":"Person","@id":"https:\/\/aktialiiga.fi\/miehet\/#\/schema\/person\/c14bf42f47041db74603c45afcb18d87","name":"tbrmedia","image":{"@type":"ImageObject","inLanguage":"fi","@id":"https:\/\/secure.gravatar.com\/avatar\/ee975fa091fe581d12b60debb3439022686618368a7c142044c56724d4666b16?s=96&d=mm&r=g","url":"https:\/\/secure.gravatar.com\/avatar\/ee975fa091fe581d12b60debb3439022686618368a7c142044c56724d4666b16?s=96&d=mm&r=g","contentUrl":"https:\/\/secure.gravatar.com\/avatar\/ee975fa091fe581d12b60debb3439022686618368a7c142044c56724d4666b16?s=96&d=mm&r=g","caption":"tbrmedia"}}]}},"jetpack_featured_media_url":"https:\/\/i0.wp.com\/aktialiiga.fi\/miehet\/wp-content\/uploads\/sites\/5\/2018\/09\/AIFK_logokuv_1819.jpg?fit=711%2C330&ssl=1","jetpack_sharing_enabled":true,"jetpack_shortlink":"https:\/\/wp.me\/pfTxOr-68C","_links":{"self":[{"href":"https:\/\/aktialiiga.fi\/miehet\/wp-json\/wp\/v2\/posts\/23598","targetHints":{"allow":["GET"]}}],"collection":[{"href":"https:\/\/aktialiiga.fi\/miehet\/wp-json\/wp\/v2\/posts"}],"about":[{"href":"https:\/\/aktialiiga.fi\/miehet\/wp-json\/wp\/v2\/types\/post"}],"author":[{"embeddable":true,"href":"https:\/\/aktialiiga.fi\/miehet\/wp-json\/wp\/v2\/users\/13"}],"replies":[{"embeddable":true,"href":"https:\/\/aktialiiga.fi\/miehet\/wp-json\/wp\/v2\/comments?post=23598"}],"version-history":[{"count":0,"href":"https:\/\/aktialiiga.fi\/miehet\/wp-json\/wp\/v2\/posts\/23598\/revisions"}],"wp:featuredmedia":[{"embeddable":true,"href":"https:\/\/aktialiiga.fi\/miehet\/wp-json\/wp\/v2\/media\/20678"}],"wp:attachment":[{"href":"https:\/\/aktialiiga.fi\/miehet\/wp-json\/wp\/v2\/media?parent=23598"}],"wp:term":[{"taxonomy":"category","embeddable":true,"href":"https:\/\/aktialiiga.fi\/miehet\/wp-json\/wp\/v2\/categories?post=23598"},{"taxonomy":"post_tag","embeddable":true,"href":"https:\/\/aktialiiga.fi\/miehet\/wp-json\/wp\/v2\/tags?post=23598"}],"curies":[{"name":"wp","href":"https:\/\/api.w.org\/{rel}","templated":true}]}}