{"id":23647,"date":"2019-09-21T08:41:22","date_gmt":"2019-09-21T05:41:22","guid":{"rendered":"https:\/\/aktialiiga.fi\/miehet\/?p=23647"},"modified":"2019-09-23T14:44:27","modified_gmt":"2019-09-23T11:44:27","slug":"grifk-ja-dicken-lauantaina-kauden-avauksessaan","status":"publish","type":"post","link":"https:\/\/aktialiiga.fi\/miehet\/2019-2020\/ennakot-2019-2020\/grifk-ja-dicken-lauantaina-kauden-avauksessaan\/","title":{"rendered":"GrIFK ja Dicken lauantaina kauden avauksessaan"},"content":{"rendered":"<p>Perjantaina k\u00e4yntiin py\u00f6r\u00e4ht\u00e4nyt SM-liigakausi 2019-20 jatkuu lauantaina yhdell\u00e4 ottelulla, kun GrIFK saa vieraakseen Dickenin.<\/p>\n<p>Vuosien ja vuosikymmenten varrella lukuisia kertoja tiukasti kamppaillut kaksikko. Viime kaudella lopulta hopeaa vienyt Dicken vei kaikki nelj\u00e4 kohtaamista nimiins\u00e4, mutta nyt on toki uusi kausi alkamassa.<\/p>\n<p>&#8211; Tosi mielenkiintoinen peli heti alkuun ja vastassa on rakas vihollinen, niin varmasti todella mielenkiintoinen peli on tulossa. Oman mausteensa tuo se, ett\u00e4 Dicken valmistautuu samalla eurocup-peleihin, GrIFK-valmentaja Mikael Westerholm ennakoi.<\/p>\n<p>Grani avasi kilpailukautensa jo viime viikonloppuna hakemalla voiton Dynamo Riihim\u00e4est\u00e4 Suomen Cupissa.<\/p>\n<p>Dickenille ottelu on kauden ensimm\u00e4inen ja harjoitusotteluitakin joukkue on pelaillut varsin s\u00e4\u00e4steli\u00e4\u00e4sti.<\/p>\n<p>&#8211; Olemme pelanneet kaksi harjoituspeli\u00e4 ennen kautta, joten v\u00e4ltt\u00e4m\u00e4tt\u00e4 kovin selke\u00e4\u00e4 kuvaa omasta tilanteesta ja pelist\u00e4 viel\u00e4 ole. Tietysti innolla l\u00e4hdet\u00e4\u00e4n uuteen kauteen ja on hieno l\u00e4hte\u00e4 Kauniaisiin heti alkuun, toteaa Dickenin p\u00e4\u00e4valmentaja Bj\u00f6rn Monnberg.<\/p>\n<p>Ottelu Kauniaisten Luolassa alkaa lauantaina kello 16.00.<\/p>\n","protected":false},"excerpt":{"rendered":"<p>Perjantaina k\u00e4yntiin py\u00f6r\u00e4ht\u00e4nyt SM-liigakausi 2019-20 jatkuu lauantaina yhdell\u00e4 ottelulla, kun GrIFK saa vieraakseen Dickenin. Vuosien ja vuosikymmenten varrella lukuisia kertoja tiukasti kamppaillut kaksikko. Viime kaudella lopulta hopeaa vienyt Dicken vei kaikki nelj\u00e4 kohtaamista nimiins\u00e4, mutta nyt on toki uusi kausi alkamassa. &#8211; Tosi mielenkiintoinen peli heti alkuun ja vastassa on rakas vihollinen, niin varmasti todella [&hellip;]<\/p>\n","protected":false},"author":13,"featured_media":21528,"comment_status":"closed","ping_status":"closed","sticky":false,"template":"","format":"standard","meta":{"_acf_changed":false,"jetpack_post_was_ever_published":false,"_jetpack_newsletter_access":"","_jetpack_dont_email_post_to_subs":false,"_jetpack_newsletter_tier_id":0,"_jetpack_memberships_contains_paywalled_content":false,"_jetpack_memberships_contains_paid_content":false,"footnotes":""},"categories":[227],"tags":[58,64],"class_list":["post-23647","post","type-post","status-publish","format-standard","has-post-thumbnail","hentry","category-ennakot-2019-2020","tag-dicken","tag-grifk"],"acf":[],"yoast_head":"<!-- This site is optimized with the Yoast SEO plugin v27.5 - https:\/\/yoast.com\/product\/yoast-seo-wordpress\/ -->\n<title>GrIFK ja Dicken lauantaina kauden avauksessaan | K\u00e4sipallon miesten Aktialiiga<\/title>\n<meta name=\"robots\" content=\"index, follow, max-snippet:-1, max-image-preview:large, max-video-preview:-1\" \/>\n<link rel=\"canonical\" href=\"https:\/\/aktialiiga.fi\/miehet\/2019-2020\/ennakot-2019-2020\/grifk-ja-dicken-lauantaina-kauden-avauksessaan\/\" \/>\n<meta property=\"og:locale\" content=\"fi_FI\" \/>\n<meta property=\"og:type\" content=\"article\" \/>\n<meta property=\"og:title\" content=\"GrIFK ja Dicken lauantaina kauden avauksessaan | K\u00e4sipallon miesten Aktialiiga\" \/>\n<meta property=\"og:description\" content=\"Perjantaina k\u00e4yntiin py\u00f6r\u00e4ht\u00e4nyt SM-liigakausi 2019-20 jatkuu lauantaina yhdell\u00e4 ottelulla, kun GrIFK saa vieraakseen Dickenin. Vuosien ja vuosikymmenten varrella lukuisia kertoja tiukasti kamppaillut kaksikko. Viime kaudella lopulta hopeaa vienyt Dicken vei kaikki nelj\u00e4 kohtaamista nimiins\u00e4, mutta nyt on toki uusi kausi alkamassa. &#8211; Tosi mielenkiintoinen peli heti alkuun ja vastassa on rakas vihollinen, niin varmasti todella [&hellip;]\" \/>\n<meta property=\"og:url\" content=\"https:\/\/aktialiiga.fi\/miehet\/2019-2020\/ennakot-2019-2020\/grifk-ja-dicken-lauantaina-kauden-avauksessaan\/\" \/>\n<meta property=\"og:site_name\" content=\"K\u00e4sipallon miesten Aktialiiga\" \/>\n<meta property=\"article:publisher\" content=\"https:\/\/www.facebook.com\/finnhandball\" \/>\n<meta property=\"article:published_time\" content=\"2019-09-21T05:41:22+00:00\" \/>\n<meta property=\"article:modified_time\" content=\"2019-09-23T11:44:27+00:00\" \/>\n<meta property=\"og:image\" content=\"https:\/\/i0.wp.com\/aktialiiga.fi\/miehet\/wp-content\/uploads\/sites\/5\/2018\/11\/remy_anton_dicken_18-19.jpg?fit=711%2C320&ssl=1\" \/>\n\t<meta property=\"og:image:width\" content=\"711\" \/>\n\t<meta property=\"og:image:height\" content=\"320\" \/>\n\t<meta property=\"og:image:type\" content=\"image\/jpeg\" \/>\n<meta name=\"author\" content=\"tbrmedia\" \/>\n<meta name=\"twitter:card\" content=\"summary_large_image\" \/>\n<meta name=\"twitter:creator\" content=\"@finnhandball\" \/>\n<meta name=\"twitter:site\" content=\"@finnhandball\" \/>\n<script type=\"application\/ld+json\" class=\"yoast-schema-graph\">{\"@context\":\"https:\\\/\\\/schema.org\",\"@graph\":[{\"@type\":\"Article\",\"@id\":\"https:\\\/\\\/aktialiiga.fi\\\/miehet\\\/2019-2020\\\/ennakot-2019-2020\\\/grifk-ja-dicken-lauantaina-kauden-avauksessaan\\\/#article\",\"isPartOf\":{\"@id\":\"https:\\\/\\\/aktialiiga.fi\\\/miehet\\\/2019-2020\\\/ennakot-2019-2020\\\/grifk-ja-dicken-lauantaina-kauden-avauksessaan\\\/\"},\"author\":{\"name\":\"tbrmedia\",\"@id\":\"https:\\\/\\\/aktialiiga.fi\\\/miehet\\\/#\\\/schema\\\/person\\\/c14bf42f47041db74603c45afcb18d87\"},\"headline\":\"GrIFK ja Dicken lauantaina kauden avauksessaan\",\"datePublished\":\"2019-09-21T05:41:22+00:00\",\"dateModified\":\"2019-09-23T11:44:27+00:00\",\"mainEntityOfPage\":{\"@id\":\"https:\\\/\\\/aktialiiga.fi\\\/miehet\\\/2019-2020\\\/ennakot-2019-2020\\\/grifk-ja-dicken-lauantaina-kauden-avauksessaan\\\/\"},\"wordCount\":159,\"publisher\":{\"@id\":\"https:\\\/\\\/aktialiiga.fi\\\/miehet\\\/#organization\"},\"image\":{\"@id\":\"https:\\\/\\\/aktialiiga.fi\\\/miehet\\\/2019-2020\\\/ennakot-2019-2020\\\/grifk-ja-dicken-lauantaina-kauden-avauksessaan\\\/#primaryimage\"},\"thumbnailUrl\":\"https:\\\/\\\/i0.wp.com\\\/aktialiiga.fi\\\/miehet\\\/wp-content\\\/uploads\\\/sites\\\/5\\\/2018\\\/11\\\/remy_anton_dicken_18-19.jpg?fit=711%2C320&ssl=1\",\"keywords\":[\"Dicken\",\"GrIFK\"],\"articleSection\":[\"Ennakot\"],\"inLanguage\":\"fi\"},{\"@type\":\"WebPage\",\"@id\":\"https:\\\/\\\/aktialiiga.fi\\\/miehet\\\/2019-2020\\\/ennakot-2019-2020\\\/grifk-ja-dicken-lauantaina-kauden-avauksessaan\\\/\",\"url\":\"https:\\\/\\\/aktialiiga.fi\\\/miehet\\\/2019-2020\\\/ennakot-2019-2020\\\/grifk-ja-dicken-lauantaina-kauden-avauksessaan\\\/\",\"name\":\"GrIFK ja Dicken lauantaina kauden avauksessaan | K\u00e4sipallon miesten Aktialiiga\",\"isPartOf\":{\"@id\":\"https:\\\/\\\/aktialiiga.fi\\\/miehet\\\/#website\"},\"primaryImageOfPage\":{\"@id\":\"https:\\\/\\\/aktialiiga.fi\\\/miehet\\\/2019-2020\\\/ennakot-2019-2020\\\/grifk-ja-dicken-lauantaina-kauden-avauksessaan\\\/#primaryimage\"},\"image\":{\"@id\":\"https:\\\/\\\/aktialiiga.fi\\\/miehet\\\/2019-2020\\\/ennakot-2019-2020\\\/grifk-ja-dicken-lauantaina-kauden-avauksessaan\\\/#primaryimage\"},\"thumbnailUrl\":\"https:\\\/\\\/i0.wp.com\\\/aktialiiga.fi\\\/miehet\\\/wp-content\\\/uploads\\\/sites\\\/5\\\/2018\\\/11\\\/remy_anton_dicken_18-19.jpg?fit=711%2C320&ssl=1\",\"datePublished\":\"2019-09-21T05:41:22+00:00\",\"dateModified\":\"2019-09-23T11:44:27+00:00\",\"breadcrumb\":{\"@id\":\"https:\\\/\\\/aktialiiga.fi\\\/miehet\\\/2019-2020\\\/ennakot-2019-2020\\\/grifk-ja-dicken-lauantaina-kauden-avauksessaan\\\/#breadcrumb\"},\"inLanguage\":\"fi\",\"potentialAction\":[{\"@type\":\"ReadAction\",\"target\":[\"https:\\\/\\\/aktialiiga.fi\\\/miehet\\\/2019-2020\\\/ennakot-2019-2020\\\/grifk-ja-dicken-lauantaina-kauden-avauksessaan\\\/\"]}]},{\"@type\":\"ImageObject\",\"inLanguage\":\"fi\",\"@id\":\"https:\\\/\\\/aktialiiga.fi\\\/miehet\\\/2019-2020\\\/ennakot-2019-2020\\\/grifk-ja-dicken-lauantaina-kauden-avauksessaan\\\/#primaryimage\",\"url\":\"https:\\\/\\\/i0.wp.com\\\/aktialiiga.fi\\\/miehet\\\/wp-content\\\/uploads\\\/sites\\\/5\\\/2018\\\/11\\\/remy_anton_dicken_18-19.jpg?fit=711%2C320&ssl=1\",\"contentUrl\":\"https:\\\/\\\/i0.wp.com\\\/aktialiiga.fi\\\/miehet\\\/wp-content\\\/uploads\\\/sites\\\/5\\\/2018\\\/11\\\/remy_anton_dicken_18-19.jpg?fit=711%2C320&ssl=1\",\"width\":711,\"height\":320,\"caption\":\"Anton R\u00e9my #28, Dicken k\u00e4sipallon SM-liigan ottelussa Cocks - Dicken Riihim\u00e4en Urheilutalolla 23. syyskuuta 2018. (Tomi H\u00e4nninen\\\/Newspix24)\"},{\"@type\":\"BreadcrumbList\",\"@id\":\"https:\\\/\\\/aktialiiga.fi\\\/miehet\\\/2019-2020\\\/ennakot-2019-2020\\\/grifk-ja-dicken-lauantaina-kauden-avauksessaan\\\/#breadcrumb\",\"itemListElement\":[{\"@type\":\"ListItem\",\"position\":1,\"name\":\"Etusivu\",\"item\":\"https:\\\/\\\/aktialiiga.fi\\\/miehet\\\/\"},{\"@type\":\"ListItem\",\"position\":2,\"name\":\"GrIFK ja Dicken lauantaina kauden avauksessaan\"}]},{\"@type\":\"WebSite\",\"@id\":\"https:\\\/\\\/aktialiiga.fi\\\/miehet\\\/#website\",\"url\":\"https:\\\/\\\/aktialiiga.fi\\\/miehet\\\/\",\"name\":\"K\u00e4sipallon miesten Aktialiiga\",\"description\":\"Valtakunnan vauhdikkainta palloilua!\",\"publisher\":{\"@id\":\"https:\\\/\\\/aktialiiga.fi\\\/miehet\\\/#organization\"},\"potentialAction\":[{\"@type\":\"SearchAction\",\"target\":{\"@type\":\"EntryPoint\",\"urlTemplate\":\"https:\\\/\\\/aktialiiga.fi\\\/miehet\\\/?s={search_term_string}\"},\"query-input\":{\"@type\":\"PropertyValueSpecification\",\"valueRequired\":true,\"valueName\":\"search_term_string\"}}],\"inLanguage\":\"fi\"},{\"@type\":\"Organization\",\"@id\":\"https:\\\/\\\/aktialiiga.fi\\\/miehet\\\/#organization\",\"name\":\"K\u00e4sipallon miesten Aktialiiga\",\"url\":\"https:\\\/\\\/aktialiiga.fi\\\/miehet\\\/\",\"logo\":{\"@type\":\"ImageObject\",\"inLanguage\":\"fi\",\"@id\":\"https:\\\/\\\/aktialiiga.fi\\\/miehet\\\/#\\\/schema\\\/logo\\\/image\\\/\",\"url\":\"https:\\\/\\\/i0.wp.com\\\/aktialiiga.fi\\\/miehet\\\/wp-content\\\/uploads\\\/sites\\\/5\\\/2024\\\/09\\\/Aktialiiga-Yoast-512.png?fit=512%2C512&ssl=1\",\"contentUrl\":\"https:\\\/\\\/i0.wp.com\\\/aktialiiga.fi\\\/miehet\\\/wp-content\\\/uploads\\\/sites\\\/5\\\/2024\\\/09\\\/Aktialiiga-Yoast-512.png?fit=512%2C512&ssl=1\",\"width\":512,\"height\":512,\"caption\":\"K\u00e4sipallon miesten Aktialiiga\"},\"image\":{\"@id\":\"https:\\\/\\\/aktialiiga.fi\\\/miehet\\\/#\\\/schema\\\/logo\\\/image\\\/\"},\"sameAs\":[\"https:\\\/\\\/www.facebook.com\\\/finnhandball\",\"https:\\\/\\\/x.com\\\/finnhandball\",\"https:\\\/\\\/www.instagram.com\\\/handballfinland\\\/\"]},{\"@type\":\"Person\",\"@id\":\"https:\\\/\\\/aktialiiga.fi\\\/miehet\\\/#\\\/schema\\\/person\\\/c14bf42f47041db74603c45afcb18d87\",\"name\":\"tbrmedia\",\"image\":{\"@type\":\"ImageObject\",\"inLanguage\":\"fi\",\"@id\":\"https:\\\/\\\/secure.gravatar.com\\\/avatar\\\/ee975fa091fe581d12b60debb3439022686618368a7c142044c56724d4666b16?s=96&d=mm&r=g\",\"url\":\"https:\\\/\\\/secure.gravatar.com\\\/avatar\\\/ee975fa091fe581d12b60debb3439022686618368a7c142044c56724d4666b16?s=96&d=mm&r=g\",\"contentUrl\":\"https:\\\/\\\/secure.gravatar.com\\\/avatar\\\/ee975fa091fe581d12b60debb3439022686618368a7c142044c56724d4666b16?s=96&d=mm&r=g\",\"caption\":\"tbrmedia\"}}]}<\/script>\n<!-- \/ Yoast SEO plugin. -->","yoast_head_json":{"title":"GrIFK ja Dicken lauantaina kauden avauksessaan | K\u00e4sipallon miesten Aktialiiga","robots":{"index":"index","follow":"follow","max-snippet":"max-snippet:-1","max-image-preview":"max-image-preview:large","max-video-preview":"max-video-preview:-1"},"canonical":"https:\/\/aktialiiga.fi\/miehet\/2019-2020\/ennakot-2019-2020\/grifk-ja-dicken-lauantaina-kauden-avauksessaan\/","og_locale":"fi_FI","og_type":"article","og_title":"GrIFK ja Dicken lauantaina kauden avauksessaan | K\u00e4sipallon miesten Aktialiiga","og_description":"Perjantaina k\u00e4yntiin py\u00f6r\u00e4ht\u00e4nyt SM-liigakausi 2019-20 jatkuu lauantaina yhdell\u00e4 ottelulla, kun GrIFK saa vieraakseen Dickenin. Vuosien ja vuosikymmenten varrella lukuisia kertoja tiukasti kamppaillut kaksikko. Viime kaudella lopulta hopeaa vienyt Dicken vei kaikki nelj\u00e4 kohtaamista nimiins\u00e4, mutta nyt on toki uusi kausi alkamassa. &#8211; Tosi mielenkiintoinen peli heti alkuun ja vastassa on rakas vihollinen, niin varmasti todella [&hellip;]","og_url":"https:\/\/aktialiiga.fi\/miehet\/2019-2020\/ennakot-2019-2020\/grifk-ja-dicken-lauantaina-kauden-avauksessaan\/","og_site_name":"K\u00e4sipallon miesten Aktialiiga","article_publisher":"https:\/\/www.facebook.com\/finnhandball","article_published_time":"2019-09-21T05:41:22+00:00","article_modified_time":"2019-09-23T11:44:27+00:00","og_image":[{"width":711,"height":320,"url":"https:\/\/i0.wp.com\/aktialiiga.fi\/miehet\/wp-content\/uploads\/sites\/5\/2018\/11\/remy_anton_dicken_18-19.jpg?fit=711%2C320&ssl=1","type":"image\/jpeg"}],"author":"tbrmedia","twitter_card":"summary_large_image","twitter_creator":"@finnhandball","twitter_site":"@finnhandball","schema":{"@context":"https:\/\/schema.org","@graph":[{"@type":"Article","@id":"https:\/\/aktialiiga.fi\/miehet\/2019-2020\/ennakot-2019-2020\/grifk-ja-dicken-lauantaina-kauden-avauksessaan\/#article","isPartOf":{"@id":"https:\/\/aktialiiga.fi\/miehet\/2019-2020\/ennakot-2019-2020\/grifk-ja-dicken-lauantaina-kauden-avauksessaan\/"},"author":{"name":"tbrmedia","@id":"https:\/\/aktialiiga.fi\/miehet\/#\/schema\/person\/c14bf42f47041db74603c45afcb18d87"},"headline":"GrIFK ja Dicken lauantaina kauden avauksessaan","datePublished":"2019-09-21T05:41:22+00:00","dateModified":"2019-09-23T11:44:27+00:00","mainEntityOfPage":{"@id":"https:\/\/aktialiiga.fi\/miehet\/2019-2020\/ennakot-2019-2020\/grifk-ja-dicken-lauantaina-kauden-avauksessaan\/"},"wordCount":159,"publisher":{"@id":"https:\/\/aktialiiga.fi\/miehet\/#organization"},"image":{"@id":"https:\/\/aktialiiga.fi\/miehet\/2019-2020\/ennakot-2019-2020\/grifk-ja-dicken-lauantaina-kauden-avauksessaan\/#primaryimage"},"thumbnailUrl":"https:\/\/i0.wp.com\/aktialiiga.fi\/miehet\/wp-content\/uploads\/sites\/5\/2018\/11\/remy_anton_dicken_18-19.jpg?fit=711%2C320&ssl=1","keywords":["Dicken","GrIFK"],"articleSection":["Ennakot"],"inLanguage":"fi"},{"@type":"WebPage","@id":"https:\/\/aktialiiga.fi\/miehet\/2019-2020\/ennakot-2019-2020\/grifk-ja-dicken-lauantaina-kauden-avauksessaan\/","url":"https:\/\/aktialiiga.fi\/miehet\/2019-2020\/ennakot-2019-2020\/grifk-ja-dicken-lauantaina-kauden-avauksessaan\/","name":"GrIFK ja Dicken lauantaina kauden avauksessaan | K\u00e4sipallon miesten Aktialiiga","isPartOf":{"@id":"https:\/\/aktialiiga.fi\/miehet\/#website"},"primaryImageOfPage":{"@id":"https:\/\/aktialiiga.fi\/miehet\/2019-2020\/ennakot-2019-2020\/grifk-ja-dicken-lauantaina-kauden-avauksessaan\/#primaryimage"},"image":{"@id":"https:\/\/aktialiiga.fi\/miehet\/2019-2020\/ennakot-2019-2020\/grifk-ja-dicken-lauantaina-kauden-avauksessaan\/#primaryimage"},"thumbnailUrl":"https:\/\/i0.wp.com\/aktialiiga.fi\/miehet\/wp-content\/uploads\/sites\/5\/2018\/11\/remy_anton_dicken_18-19.jpg?fit=711%2C320&ssl=1","datePublished":"2019-09-21T05:41:22+00:00","dateModified":"2019-09-23T11:44:27+00:00","breadcrumb":{"@id":"https:\/\/aktialiiga.fi\/miehet\/2019-2020\/ennakot-2019-2020\/grifk-ja-dicken-lauantaina-kauden-avauksessaan\/#breadcrumb"},"inLanguage":"fi","potentialAction":[{"@type":"ReadAction","target":["https:\/\/aktialiiga.fi\/miehet\/2019-2020\/ennakot-2019-2020\/grifk-ja-dicken-lauantaina-kauden-avauksessaan\/"]}]},{"@type":"ImageObject","inLanguage":"fi","@id":"https:\/\/aktialiiga.fi\/miehet\/2019-2020\/ennakot-2019-2020\/grifk-ja-dicken-lauantaina-kauden-avauksessaan\/#primaryimage","url":"https:\/\/i0.wp.com\/aktialiiga.fi\/miehet\/wp-content\/uploads\/sites\/5\/2018\/11\/remy_anton_dicken_18-19.jpg?fit=711%2C320&ssl=1","contentUrl":"https:\/\/i0.wp.com\/aktialiiga.fi\/miehet\/wp-content\/uploads\/sites\/5\/2018\/11\/remy_anton_dicken_18-19.jpg?fit=711%2C320&ssl=1","width":711,"height":320,"caption":"Anton R\u00e9my #28, Dicken k\u00e4sipallon SM-liigan ottelussa Cocks - Dicken Riihim\u00e4en Urheilutalolla 23. syyskuuta 2018. (Tomi H\u00e4nninen\/Newspix24)"},{"@type":"BreadcrumbList","@id":"https:\/\/aktialiiga.fi\/miehet\/2019-2020\/ennakot-2019-2020\/grifk-ja-dicken-lauantaina-kauden-avauksessaan\/#breadcrumb","itemListElement":[{"@type":"ListItem","position":1,"name":"Etusivu","item":"https:\/\/aktialiiga.fi\/miehet\/"},{"@type":"ListItem","position":2,"name":"GrIFK ja Dicken lauantaina kauden avauksessaan"}]},{"@type":"WebSite","@id":"https:\/\/aktialiiga.fi\/miehet\/#website","url":"https:\/\/aktialiiga.fi\/miehet\/","name":"K\u00e4sipallon miesten Aktialiiga","description":"Valtakunnan vauhdikkainta palloilua!","publisher":{"@id":"https:\/\/aktialiiga.fi\/miehet\/#organization"},"potentialAction":[{"@type":"SearchAction","target":{"@type":"EntryPoint","urlTemplate":"https:\/\/aktialiiga.fi\/miehet\/?s={search_term_string}"},"query-input":{"@type":"PropertyValueSpecification","valueRequired":true,"valueName":"search_term_string"}}],"inLanguage":"fi"},{"@type":"Organization","@id":"https:\/\/aktialiiga.fi\/miehet\/#organization","name":"K\u00e4sipallon miesten Aktialiiga","url":"https:\/\/aktialiiga.fi\/miehet\/","logo":{"@type":"ImageObject","inLanguage":"fi","@id":"https:\/\/aktialiiga.fi\/miehet\/#\/schema\/logo\/image\/","url":"https:\/\/i0.wp.com\/aktialiiga.fi\/miehet\/wp-content\/uploads\/sites\/5\/2024\/09\/Aktialiiga-Yoast-512.png?fit=512%2C512&ssl=1","contentUrl":"https:\/\/i0.wp.com\/aktialiiga.fi\/miehet\/wp-content\/uploads\/sites\/5\/2024\/09\/Aktialiiga-Yoast-512.png?fit=512%2C512&ssl=1","width":512,"height":512,"caption":"K\u00e4sipallon miesten Aktialiiga"},"image":{"@id":"https:\/\/aktialiiga.fi\/miehet\/#\/schema\/logo\/image\/"},"sameAs":["https:\/\/www.facebook.com\/finnhandball","https:\/\/x.com\/finnhandball","https:\/\/www.instagram.com\/handballfinland\/"]},{"@type":"Person","@id":"https:\/\/aktialiiga.fi\/miehet\/#\/schema\/person\/c14bf42f47041db74603c45afcb18d87","name":"tbrmedia","image":{"@type":"ImageObject","inLanguage":"fi","@id":"https:\/\/secure.gravatar.com\/avatar\/ee975fa091fe581d12b60debb3439022686618368a7c142044c56724d4666b16?s=96&d=mm&r=g","url":"https:\/\/secure.gravatar.com\/avatar\/ee975fa091fe581d12b60debb3439022686618368a7c142044c56724d4666b16?s=96&d=mm&r=g","contentUrl":"https:\/\/secure.gravatar.com\/avatar\/ee975fa091fe581d12b60debb3439022686618368a7c142044c56724d4666b16?s=96&d=mm&r=g","caption":"tbrmedia"}}]}},"jetpack_featured_media_url":"https:\/\/i0.wp.com\/aktialiiga.fi\/miehet\/wp-content\/uploads\/sites\/5\/2018\/11\/remy_anton_dicken_18-19.jpg?fit=711%2C320&ssl=1","jetpack_sharing_enabled":true,"jetpack_shortlink":"https:\/\/wp.me\/pfTxOr-69p","_links":{"self":[{"href":"https:\/\/aktialiiga.fi\/miehet\/wp-json\/wp\/v2\/posts\/23647","targetHints":{"allow":["GET"]}}],"collection":[{"href":"https:\/\/aktialiiga.fi\/miehet\/wp-json\/wp\/v2\/posts"}],"about":[{"href":"https:\/\/aktialiiga.fi\/miehet\/wp-json\/wp\/v2\/types\/post"}],"author":[{"embeddable":true,"href":"https:\/\/aktialiiga.fi\/miehet\/wp-json\/wp\/v2\/users\/13"}],"replies":[{"embeddable":true,"href":"https:\/\/aktialiiga.fi\/miehet\/wp-json\/wp\/v2\/comments?post=23647"}],"version-history":[{"count":0,"href":"https:\/\/aktialiiga.fi\/miehet\/wp-json\/wp\/v2\/posts\/23647\/revisions"}],"wp:featuredmedia":[{"embeddable":true,"href":"https:\/\/aktialiiga.fi\/miehet\/wp-json\/wp\/v2\/media\/21528"}],"wp:attachment":[{"href":"https:\/\/aktialiiga.fi\/miehet\/wp-json\/wp\/v2\/media?parent=23647"}],"wp:term":[{"taxonomy":"category","embeddable":true,"href":"https:\/\/aktialiiga.fi\/miehet\/wp-json\/wp\/v2\/categories?post=23647"},{"taxonomy":"post_tag","embeddable":true,"href":"https:\/\/aktialiiga.fi\/miehet\/wp-json\/wp\/v2\/tags?post=23647"}],"curies":[{"name":"wp","href":"https:\/\/api.w.org\/{rel}","templated":true}]}}