{"id":23713,"date":"2019-09-24T21:36:13","date_gmt":"2019-09-24T18:36:13","guid":{"rendered":"https:\/\/aktialiiga.fi\/miehet\/?p=23713"},"modified":"2019-09-24T21:36:13","modified_gmt":"2019-09-24T18:36:13","slug":"kohti-kautta-bk-46-4","status":"publish","type":"post","link":"https:\/\/aktialiiga.fi\/miehet\/2019-2020\/kohti-kautta-2019-2020\/kohti-kautta-bk-46-4\/","title":{"rendered":"Kohti kautta: BK-46"},"content":{"rendered":"<p>Perinteikk\u00e4\u00e4n BK-46:n viime kausi p\u00e4\u00e4ttyi viidenteen sijaan, mik\u00e4 oli pitk\u00e4\u00e4n runkosarjassa k\u00e4rkipaikoista taistelleelle joukkueelle pettymys.<\/p>\n<p>P\u00e4\u00e4valmentaja Mikael K\u00e4llman ilmoitti heti kauden j\u00e4lkeen j\u00e4tt\u00e4v\u00e4ns\u00e4 teht\u00e4v\u00e4ns\u00e4 ja Karjaalla tehtiin nopea ratkaisu \u2013 Andreas R\u00f6nnberg nostettiin valmennusvastuuseen. Kokenut pelimies jatkaa sen lis\u00e4ksi edelleen my\u00f6s pelaajana.<\/p>\n<p>&#8211; Molemmat varmaan olen edelleen, mutta iso haastehan se on olla sek\u00e4 valmentaja ja pelaaja. Ihan hyvin kuitenkin on mennyt t\u00e4h\u00e4n saakka, R\u00f6nnberg sanoo.<\/p>\n<p>R\u00f6nnberg my\u00f6nt\u00e4\u00e4, ett\u00e4 kev\u00e4\u00e4st\u00e4 j\u00e4i ainakin n\u00e4lk\u00e4\u00e4 alkavalle kaudelle.<\/p>\n<p>&#8211; V\u00e4h\u00e4n pettynyt oli varmasti koko joukkue, kun HIFK pudotti meid\u00e4t v\u00e4lierist\u00e4. Aika paljon oli loukkaantumisia lopussa ja kun pelasimme huonosti, niin se oli siin\u00e4. Toivotaan ett\u00e4 menee nyt paremmin.<\/p>\n<p>BK:n riveiss\u00e4 on muutamia muutoksia sitten viime kauden my\u00f6s pelaajapuolella ja etenkin tulijoiden nimet ovat kiinnostavuudeltaan huippuluokkaa.<\/p>\n<p>&#8211; No, varmaan Jac Karlsson pit\u00e4\u00e4 mainita, h\u00e4n on hyv\u00e4 playmaker ja peli\u00e4lyns\u00e4 my\u00f6t\u00e4 h\u00e4n tulee varmaan olemaan ihan huippu-playmaker t\u00e4ss\u00e4 liigassa ja sitten Andr\u00e9 Uddin heittovoima tuo meille jotain sellaista, jota on ehk\u00e4 puuttunut viime vuosina.<\/p>\n<p>R\u00f6nnberg ei suoraa tavoiteta alkavaan kauteen naulaa, mutta rivien v\u00e4list\u00e4 voi lukea paljon.<\/p>\n<p>&#8211; Kyll\u00e4 meid\u00e4n minun mielest\u00e4ni pit\u00e4\u00e4 taistella ihan k\u00e4rkip\u00e4\u00e4ss\u00e4 ja sinne my\u00f6s ehdottomasti pyrit\u00e4\u00e4n.<\/p>\n<p><strong>BK-46<\/strong><br \/>\nSijoitus 5. kaudella 2018-19<\/p>\n<p><strong>Uudet pelaajat:<\/strong><br \/>\nJac Karlsson (TTH H\u00f8lstebro, DEN)<br \/>\nAndr\u00e9 Udd, Cocks<\/p>\n<p><strong>L\u00e4hteneet pelaajat:<\/strong><br \/>\nViktor Gruzinskii<br \/>\nOscar Kihlstedt<br \/>\nGrygorii Semenchenko (Donbas, UKR, laina p\u00e4\u00e4ttyi)<br \/>\nOscar Snellman (Borl\u00e4nge HK, SWE)<\/p>\n","protected":false},"excerpt":{"rendered":"<p>Perinteikk\u00e4\u00e4n BK-46:n viime kausi p\u00e4\u00e4ttyi viidenteen sijaan, mik\u00e4 oli pitk\u00e4\u00e4n runkosarjassa k\u00e4rkipaikoista taistelleelle joukkueelle pettymys. P\u00e4\u00e4valmentaja Mikael K\u00e4llman ilmoitti heti kauden j\u00e4lkeen j\u00e4tt\u00e4v\u00e4ns\u00e4 teht\u00e4v\u00e4ns\u00e4 ja Karjaalla tehtiin nopea ratkaisu \u2013 Andreas R\u00f6nnberg nostettiin valmennusvastuuseen. Kokenut pelimies jatkaa sen lis\u00e4ksi edelleen my\u00f6s pelaajana. &#8211; Molemmat varmaan olen edelleen, mutta iso haastehan se on olla sek\u00e4 valmentaja [&hellip;]<\/p>\n","protected":false},"author":13,"featured_media":20718,"comment_status":"closed","ping_status":"closed","sticky":false,"template":"","format":"standard","meta":{"_acf_changed":false,"jetpack_post_was_ever_published":false,"_jetpack_newsletter_access":"","_jetpack_dont_email_post_to_subs":false,"_jetpack_newsletter_tier_id":0,"_jetpack_memberships_contains_paywalled_content":false,"_jetpack_memberships_contains_paid_content":false,"footnotes":""},"categories":[228],"tags":[56],"class_list":["post-23713","post","type-post","status-publish","format-standard","has-post-thumbnail","hentry","category-kohti-kautta-2019-2020","tag-bk-46"],"acf":[],"yoast_head":"<!-- This site is optimized with the Yoast SEO plugin v27.5 - https:\/\/yoast.com\/product\/yoast-seo-wordpress\/ -->\n<title>Kohti kautta: BK-46 | K\u00e4sipallon miesten Aktialiiga<\/title>\n<meta name=\"robots\" content=\"index, follow, max-snippet:-1, max-image-preview:large, max-video-preview:-1\" \/>\n<link rel=\"canonical\" href=\"https:\/\/aktialiiga.fi\/miehet\/2019-2020\/kohti-kautta-2019-2020\/kohti-kautta-bk-46-4\/\" \/>\n<meta property=\"og:locale\" content=\"fi_FI\" \/>\n<meta property=\"og:type\" content=\"article\" \/>\n<meta property=\"og:title\" content=\"Kohti kautta: BK-46 | K\u00e4sipallon miesten Aktialiiga\" \/>\n<meta property=\"og:description\" content=\"Perinteikk\u00e4\u00e4n BK-46:n viime kausi p\u00e4\u00e4ttyi viidenteen sijaan, mik\u00e4 oli pitk\u00e4\u00e4n runkosarjassa k\u00e4rkipaikoista taistelleelle joukkueelle pettymys. P\u00e4\u00e4valmentaja Mikael K\u00e4llman ilmoitti heti kauden j\u00e4lkeen j\u00e4tt\u00e4v\u00e4ns\u00e4 teht\u00e4v\u00e4ns\u00e4 ja Karjaalla tehtiin nopea ratkaisu \u2013 Andreas R\u00f6nnberg nostettiin valmennusvastuuseen. Kokenut pelimies jatkaa sen lis\u00e4ksi edelleen my\u00f6s pelaajana. &#8211; Molemmat varmaan olen edelleen, mutta iso haastehan se on olla sek\u00e4 valmentaja [&hellip;]\" \/>\n<meta property=\"og:url\" content=\"https:\/\/aktialiiga.fi\/miehet\/2019-2020\/kohti-kautta-2019-2020\/kohti-kautta-bk-46-4\/\" \/>\n<meta property=\"og:site_name\" content=\"K\u00e4sipallon miesten Aktialiiga\" \/>\n<meta property=\"article:publisher\" content=\"https:\/\/www.facebook.com\/finnhandball\" \/>\n<meta property=\"article:published_time\" content=\"2019-09-24T18:36:13+00:00\" \/>\n<meta property=\"og:image\" content=\"https:\/\/i0.wp.com\/aktialiiga.fi\/miehet\/wp-content\/uploads\/sites\/5\/2018\/09\/BK46_logokuvitus_1819.jpg?fit=711%2C330&ssl=1\" \/>\n\t<meta property=\"og:image:width\" content=\"711\" \/>\n\t<meta property=\"og:image:height\" content=\"330\" \/>\n\t<meta property=\"og:image:type\" content=\"image\/jpeg\" \/>\n<meta name=\"author\" content=\"tbrmedia\" \/>\n<meta name=\"twitter:card\" content=\"summary_large_image\" \/>\n<meta name=\"twitter:creator\" content=\"@finnhandball\" \/>\n<meta name=\"twitter:site\" content=\"@finnhandball\" \/>\n<script type=\"application\/ld+json\" class=\"yoast-schema-graph\">{\"@context\":\"https:\\\/\\\/schema.org\",\"@graph\":[{\"@type\":\"Article\",\"@id\":\"https:\\\/\\\/aktialiiga.fi\\\/miehet\\\/2019-2020\\\/kohti-kautta-2019-2020\\\/kohti-kautta-bk-46-4\\\/#article\",\"isPartOf\":{\"@id\":\"https:\\\/\\\/aktialiiga.fi\\\/miehet\\\/2019-2020\\\/kohti-kautta-2019-2020\\\/kohti-kautta-bk-46-4\\\/\"},\"author\":{\"name\":\"tbrmedia\",\"@id\":\"https:\\\/\\\/aktialiiga.fi\\\/miehet\\\/#\\\/schema\\\/person\\\/c14bf42f47041db74603c45afcb18d87\"},\"headline\":\"Kohti kautta: BK-46\",\"datePublished\":\"2019-09-24T18:36:13+00:00\",\"mainEntityOfPage\":{\"@id\":\"https:\\\/\\\/aktialiiga.fi\\\/miehet\\\/2019-2020\\\/kohti-kautta-2019-2020\\\/kohti-kautta-bk-46-4\\\/\"},\"wordCount\":266,\"publisher\":{\"@id\":\"https:\\\/\\\/aktialiiga.fi\\\/miehet\\\/#organization\"},\"image\":{\"@id\":\"https:\\\/\\\/aktialiiga.fi\\\/miehet\\\/2019-2020\\\/kohti-kautta-2019-2020\\\/kohti-kautta-bk-46-4\\\/#primaryimage\"},\"thumbnailUrl\":\"https:\\\/\\\/i0.wp.com\\\/aktialiiga.fi\\\/miehet\\\/wp-content\\\/uploads\\\/sites\\\/5\\\/2018\\\/09\\\/BK46_logokuvitus_1819.jpg?fit=711%2C330&ssl=1\",\"keywords\":[\"BK-46\"],\"articleSection\":[\"Kohti kautta\"],\"inLanguage\":\"fi\"},{\"@type\":\"WebPage\",\"@id\":\"https:\\\/\\\/aktialiiga.fi\\\/miehet\\\/2019-2020\\\/kohti-kautta-2019-2020\\\/kohti-kautta-bk-46-4\\\/\",\"url\":\"https:\\\/\\\/aktialiiga.fi\\\/miehet\\\/2019-2020\\\/kohti-kautta-2019-2020\\\/kohti-kautta-bk-46-4\\\/\",\"name\":\"Kohti kautta: BK-46 | K\u00e4sipallon miesten Aktialiiga\",\"isPartOf\":{\"@id\":\"https:\\\/\\\/aktialiiga.fi\\\/miehet\\\/#website\"},\"primaryImageOfPage\":{\"@id\":\"https:\\\/\\\/aktialiiga.fi\\\/miehet\\\/2019-2020\\\/kohti-kautta-2019-2020\\\/kohti-kautta-bk-46-4\\\/#primaryimage\"},\"image\":{\"@id\":\"https:\\\/\\\/aktialiiga.fi\\\/miehet\\\/2019-2020\\\/kohti-kautta-2019-2020\\\/kohti-kautta-bk-46-4\\\/#primaryimage\"},\"thumbnailUrl\":\"https:\\\/\\\/i0.wp.com\\\/aktialiiga.fi\\\/miehet\\\/wp-content\\\/uploads\\\/sites\\\/5\\\/2018\\\/09\\\/BK46_logokuvitus_1819.jpg?fit=711%2C330&ssl=1\",\"datePublished\":\"2019-09-24T18:36:13+00:00\",\"breadcrumb\":{\"@id\":\"https:\\\/\\\/aktialiiga.fi\\\/miehet\\\/2019-2020\\\/kohti-kautta-2019-2020\\\/kohti-kautta-bk-46-4\\\/#breadcrumb\"},\"inLanguage\":\"fi\",\"potentialAction\":[{\"@type\":\"ReadAction\",\"target\":[\"https:\\\/\\\/aktialiiga.fi\\\/miehet\\\/2019-2020\\\/kohti-kautta-2019-2020\\\/kohti-kautta-bk-46-4\\\/\"]}]},{\"@type\":\"ImageObject\",\"inLanguage\":\"fi\",\"@id\":\"https:\\\/\\\/aktialiiga.fi\\\/miehet\\\/2019-2020\\\/kohti-kautta-2019-2020\\\/kohti-kautta-bk-46-4\\\/#primaryimage\",\"url\":\"https:\\\/\\\/i0.wp.com\\\/aktialiiga.fi\\\/miehet\\\/wp-content\\\/uploads\\\/sites\\\/5\\\/2018\\\/09\\\/BK46_logokuvitus_1819.jpg?fit=711%2C330&ssl=1\",\"contentUrl\":\"https:\\\/\\\/i0.wp.com\\\/aktialiiga.fi\\\/miehet\\\/wp-content\\\/uploads\\\/sites\\\/5\\\/2018\\\/09\\\/BK46_logokuvitus_1819.jpg?fit=711%2C330&ssl=1\",\"width\":711,\"height\":330},{\"@type\":\"BreadcrumbList\",\"@id\":\"https:\\\/\\\/aktialiiga.fi\\\/miehet\\\/2019-2020\\\/kohti-kautta-2019-2020\\\/kohti-kautta-bk-46-4\\\/#breadcrumb\",\"itemListElement\":[{\"@type\":\"ListItem\",\"position\":1,\"name\":\"Etusivu\",\"item\":\"https:\\\/\\\/aktialiiga.fi\\\/miehet\\\/\"},{\"@type\":\"ListItem\",\"position\":2,\"name\":\"Kohti kautta: BK-46\"}]},{\"@type\":\"WebSite\",\"@id\":\"https:\\\/\\\/aktialiiga.fi\\\/miehet\\\/#website\",\"url\":\"https:\\\/\\\/aktialiiga.fi\\\/miehet\\\/\",\"name\":\"K\u00e4sipallon miesten Aktialiiga\",\"description\":\"Valtakunnan vauhdikkainta palloilua!\",\"publisher\":{\"@id\":\"https:\\\/\\\/aktialiiga.fi\\\/miehet\\\/#organization\"},\"potentialAction\":[{\"@type\":\"SearchAction\",\"target\":{\"@type\":\"EntryPoint\",\"urlTemplate\":\"https:\\\/\\\/aktialiiga.fi\\\/miehet\\\/?s={search_term_string}\"},\"query-input\":{\"@type\":\"PropertyValueSpecification\",\"valueRequired\":true,\"valueName\":\"search_term_string\"}}],\"inLanguage\":\"fi\"},{\"@type\":\"Organization\",\"@id\":\"https:\\\/\\\/aktialiiga.fi\\\/miehet\\\/#organization\",\"name\":\"K\u00e4sipallon miesten Aktialiiga\",\"url\":\"https:\\\/\\\/aktialiiga.fi\\\/miehet\\\/\",\"logo\":{\"@type\":\"ImageObject\",\"inLanguage\":\"fi\",\"@id\":\"https:\\\/\\\/aktialiiga.fi\\\/miehet\\\/#\\\/schema\\\/logo\\\/image\\\/\",\"url\":\"https:\\\/\\\/i0.wp.com\\\/aktialiiga.fi\\\/miehet\\\/wp-content\\\/uploads\\\/sites\\\/5\\\/2024\\\/09\\\/Aktialiiga-Yoast-512.png?fit=512%2C512&ssl=1\",\"contentUrl\":\"https:\\\/\\\/i0.wp.com\\\/aktialiiga.fi\\\/miehet\\\/wp-content\\\/uploads\\\/sites\\\/5\\\/2024\\\/09\\\/Aktialiiga-Yoast-512.png?fit=512%2C512&ssl=1\",\"width\":512,\"height\":512,\"caption\":\"K\u00e4sipallon miesten Aktialiiga\"},\"image\":{\"@id\":\"https:\\\/\\\/aktialiiga.fi\\\/miehet\\\/#\\\/schema\\\/logo\\\/image\\\/\"},\"sameAs\":[\"https:\\\/\\\/www.facebook.com\\\/finnhandball\",\"https:\\\/\\\/x.com\\\/finnhandball\",\"https:\\\/\\\/www.instagram.com\\\/handballfinland\\\/\"]},{\"@type\":\"Person\",\"@id\":\"https:\\\/\\\/aktialiiga.fi\\\/miehet\\\/#\\\/schema\\\/person\\\/c14bf42f47041db74603c45afcb18d87\",\"name\":\"tbrmedia\",\"image\":{\"@type\":\"ImageObject\",\"inLanguage\":\"fi\",\"@id\":\"https:\\\/\\\/secure.gravatar.com\\\/avatar\\\/ee975fa091fe581d12b60debb3439022686618368a7c142044c56724d4666b16?s=96&d=mm&r=g\",\"url\":\"https:\\\/\\\/secure.gravatar.com\\\/avatar\\\/ee975fa091fe581d12b60debb3439022686618368a7c142044c56724d4666b16?s=96&d=mm&r=g\",\"contentUrl\":\"https:\\\/\\\/secure.gravatar.com\\\/avatar\\\/ee975fa091fe581d12b60debb3439022686618368a7c142044c56724d4666b16?s=96&d=mm&r=g\",\"caption\":\"tbrmedia\"}}]}<\/script>\n<!-- \/ Yoast SEO plugin. -->","yoast_head_json":{"title":"Kohti kautta: BK-46 | K\u00e4sipallon miesten Aktialiiga","robots":{"index":"index","follow":"follow","max-snippet":"max-snippet:-1","max-image-preview":"max-image-preview:large","max-video-preview":"max-video-preview:-1"},"canonical":"https:\/\/aktialiiga.fi\/miehet\/2019-2020\/kohti-kautta-2019-2020\/kohti-kautta-bk-46-4\/","og_locale":"fi_FI","og_type":"article","og_title":"Kohti kautta: BK-46 | K\u00e4sipallon miesten Aktialiiga","og_description":"Perinteikk\u00e4\u00e4n BK-46:n viime kausi p\u00e4\u00e4ttyi viidenteen sijaan, mik\u00e4 oli pitk\u00e4\u00e4n runkosarjassa k\u00e4rkipaikoista taistelleelle joukkueelle pettymys. P\u00e4\u00e4valmentaja Mikael K\u00e4llman ilmoitti heti kauden j\u00e4lkeen j\u00e4tt\u00e4v\u00e4ns\u00e4 teht\u00e4v\u00e4ns\u00e4 ja Karjaalla tehtiin nopea ratkaisu \u2013 Andreas R\u00f6nnberg nostettiin valmennusvastuuseen. Kokenut pelimies jatkaa sen lis\u00e4ksi edelleen my\u00f6s pelaajana. &#8211; Molemmat varmaan olen edelleen, mutta iso haastehan se on olla sek\u00e4 valmentaja [&hellip;]","og_url":"https:\/\/aktialiiga.fi\/miehet\/2019-2020\/kohti-kautta-2019-2020\/kohti-kautta-bk-46-4\/","og_site_name":"K\u00e4sipallon miesten Aktialiiga","article_publisher":"https:\/\/www.facebook.com\/finnhandball","article_published_time":"2019-09-24T18:36:13+00:00","og_image":[{"width":711,"height":330,"url":"https:\/\/i0.wp.com\/aktialiiga.fi\/miehet\/wp-content\/uploads\/sites\/5\/2018\/09\/BK46_logokuvitus_1819.jpg?fit=711%2C330&ssl=1","type":"image\/jpeg"}],"author":"tbrmedia","twitter_card":"summary_large_image","twitter_creator":"@finnhandball","twitter_site":"@finnhandball","schema":{"@context":"https:\/\/schema.org","@graph":[{"@type":"Article","@id":"https:\/\/aktialiiga.fi\/miehet\/2019-2020\/kohti-kautta-2019-2020\/kohti-kautta-bk-46-4\/#article","isPartOf":{"@id":"https:\/\/aktialiiga.fi\/miehet\/2019-2020\/kohti-kautta-2019-2020\/kohti-kautta-bk-46-4\/"},"author":{"name":"tbrmedia","@id":"https:\/\/aktialiiga.fi\/miehet\/#\/schema\/person\/c14bf42f47041db74603c45afcb18d87"},"headline":"Kohti kautta: BK-46","datePublished":"2019-09-24T18:36:13+00:00","mainEntityOfPage":{"@id":"https:\/\/aktialiiga.fi\/miehet\/2019-2020\/kohti-kautta-2019-2020\/kohti-kautta-bk-46-4\/"},"wordCount":266,"publisher":{"@id":"https:\/\/aktialiiga.fi\/miehet\/#organization"},"image":{"@id":"https:\/\/aktialiiga.fi\/miehet\/2019-2020\/kohti-kautta-2019-2020\/kohti-kautta-bk-46-4\/#primaryimage"},"thumbnailUrl":"https:\/\/i0.wp.com\/aktialiiga.fi\/miehet\/wp-content\/uploads\/sites\/5\/2018\/09\/BK46_logokuvitus_1819.jpg?fit=711%2C330&ssl=1","keywords":["BK-46"],"articleSection":["Kohti kautta"],"inLanguage":"fi"},{"@type":"WebPage","@id":"https:\/\/aktialiiga.fi\/miehet\/2019-2020\/kohti-kautta-2019-2020\/kohti-kautta-bk-46-4\/","url":"https:\/\/aktialiiga.fi\/miehet\/2019-2020\/kohti-kautta-2019-2020\/kohti-kautta-bk-46-4\/","name":"Kohti kautta: BK-46 | K\u00e4sipallon miesten Aktialiiga","isPartOf":{"@id":"https:\/\/aktialiiga.fi\/miehet\/#website"},"primaryImageOfPage":{"@id":"https:\/\/aktialiiga.fi\/miehet\/2019-2020\/kohti-kautta-2019-2020\/kohti-kautta-bk-46-4\/#primaryimage"},"image":{"@id":"https:\/\/aktialiiga.fi\/miehet\/2019-2020\/kohti-kautta-2019-2020\/kohti-kautta-bk-46-4\/#primaryimage"},"thumbnailUrl":"https:\/\/i0.wp.com\/aktialiiga.fi\/miehet\/wp-content\/uploads\/sites\/5\/2018\/09\/BK46_logokuvitus_1819.jpg?fit=711%2C330&ssl=1","datePublished":"2019-09-24T18:36:13+00:00","breadcrumb":{"@id":"https:\/\/aktialiiga.fi\/miehet\/2019-2020\/kohti-kautta-2019-2020\/kohti-kautta-bk-46-4\/#breadcrumb"},"inLanguage":"fi","potentialAction":[{"@type":"ReadAction","target":["https:\/\/aktialiiga.fi\/miehet\/2019-2020\/kohti-kautta-2019-2020\/kohti-kautta-bk-46-4\/"]}]},{"@type":"ImageObject","inLanguage":"fi","@id":"https:\/\/aktialiiga.fi\/miehet\/2019-2020\/kohti-kautta-2019-2020\/kohti-kautta-bk-46-4\/#primaryimage","url":"https:\/\/i0.wp.com\/aktialiiga.fi\/miehet\/wp-content\/uploads\/sites\/5\/2018\/09\/BK46_logokuvitus_1819.jpg?fit=711%2C330&ssl=1","contentUrl":"https:\/\/i0.wp.com\/aktialiiga.fi\/miehet\/wp-content\/uploads\/sites\/5\/2018\/09\/BK46_logokuvitus_1819.jpg?fit=711%2C330&ssl=1","width":711,"height":330},{"@type":"BreadcrumbList","@id":"https:\/\/aktialiiga.fi\/miehet\/2019-2020\/kohti-kautta-2019-2020\/kohti-kautta-bk-46-4\/#breadcrumb","itemListElement":[{"@type":"ListItem","position":1,"name":"Etusivu","item":"https:\/\/aktialiiga.fi\/miehet\/"},{"@type":"ListItem","position":2,"name":"Kohti kautta: BK-46"}]},{"@type":"WebSite","@id":"https:\/\/aktialiiga.fi\/miehet\/#website","url":"https:\/\/aktialiiga.fi\/miehet\/","name":"K\u00e4sipallon miesten Aktialiiga","description":"Valtakunnan vauhdikkainta palloilua!","publisher":{"@id":"https:\/\/aktialiiga.fi\/miehet\/#organization"},"potentialAction":[{"@type":"SearchAction","target":{"@type":"EntryPoint","urlTemplate":"https:\/\/aktialiiga.fi\/miehet\/?s={search_term_string}"},"query-input":{"@type":"PropertyValueSpecification","valueRequired":true,"valueName":"search_term_string"}}],"inLanguage":"fi"},{"@type":"Organization","@id":"https:\/\/aktialiiga.fi\/miehet\/#organization","name":"K\u00e4sipallon miesten Aktialiiga","url":"https:\/\/aktialiiga.fi\/miehet\/","logo":{"@type":"ImageObject","inLanguage":"fi","@id":"https:\/\/aktialiiga.fi\/miehet\/#\/schema\/logo\/image\/","url":"https:\/\/i0.wp.com\/aktialiiga.fi\/miehet\/wp-content\/uploads\/sites\/5\/2024\/09\/Aktialiiga-Yoast-512.png?fit=512%2C512&ssl=1","contentUrl":"https:\/\/i0.wp.com\/aktialiiga.fi\/miehet\/wp-content\/uploads\/sites\/5\/2024\/09\/Aktialiiga-Yoast-512.png?fit=512%2C512&ssl=1","width":512,"height":512,"caption":"K\u00e4sipallon miesten Aktialiiga"},"image":{"@id":"https:\/\/aktialiiga.fi\/miehet\/#\/schema\/logo\/image\/"},"sameAs":["https:\/\/www.facebook.com\/finnhandball","https:\/\/x.com\/finnhandball","https:\/\/www.instagram.com\/handballfinland\/"]},{"@type":"Person","@id":"https:\/\/aktialiiga.fi\/miehet\/#\/schema\/person\/c14bf42f47041db74603c45afcb18d87","name":"tbrmedia","image":{"@type":"ImageObject","inLanguage":"fi","@id":"https:\/\/secure.gravatar.com\/avatar\/ee975fa091fe581d12b60debb3439022686618368a7c142044c56724d4666b16?s=96&d=mm&r=g","url":"https:\/\/secure.gravatar.com\/avatar\/ee975fa091fe581d12b60debb3439022686618368a7c142044c56724d4666b16?s=96&d=mm&r=g","contentUrl":"https:\/\/secure.gravatar.com\/avatar\/ee975fa091fe581d12b60debb3439022686618368a7c142044c56724d4666b16?s=96&d=mm&r=g","caption":"tbrmedia"}}]}},"jetpack_featured_media_url":"https:\/\/i0.wp.com\/aktialiiga.fi\/miehet\/wp-content\/uploads\/sites\/5\/2018\/09\/BK46_logokuvitus_1819.jpg?fit=711%2C330&ssl=1","jetpack_sharing_enabled":true,"jetpack_shortlink":"https:\/\/wp.me\/pfTxOr-6at","_links":{"self":[{"href":"https:\/\/aktialiiga.fi\/miehet\/wp-json\/wp\/v2\/posts\/23713","targetHints":{"allow":["GET"]}}],"collection":[{"href":"https:\/\/aktialiiga.fi\/miehet\/wp-json\/wp\/v2\/posts"}],"about":[{"href":"https:\/\/aktialiiga.fi\/miehet\/wp-json\/wp\/v2\/types\/post"}],"author":[{"embeddable":true,"href":"https:\/\/aktialiiga.fi\/miehet\/wp-json\/wp\/v2\/users\/13"}],"replies":[{"embeddable":true,"href":"https:\/\/aktialiiga.fi\/miehet\/wp-json\/wp\/v2\/comments?post=23713"}],"version-history":[{"count":0,"href":"https:\/\/aktialiiga.fi\/miehet\/wp-json\/wp\/v2\/posts\/23713\/revisions"}],"wp:featuredmedia":[{"embeddable":true,"href":"https:\/\/aktialiiga.fi\/miehet\/wp-json\/wp\/v2\/media\/20718"}],"wp:attachment":[{"href":"https:\/\/aktialiiga.fi\/miehet\/wp-json\/wp\/v2\/media?parent=23713"}],"wp:term":[{"taxonomy":"category","embeddable":true,"href":"https:\/\/aktialiiga.fi\/miehet\/wp-json\/wp\/v2\/categories?post=23713"},{"taxonomy":"post_tag","embeddable":true,"href":"https:\/\/aktialiiga.fi\/miehet\/wp-json\/wp\/v2\/tags?post=23713"}],"curies":[{"name":"wp","href":"https:\/\/api.w.org\/{rel}","templated":true}]}}