{"id":23851,"date":"2019-09-27T10:44:29","date_gmt":"2019-09-27T07:44:29","guid":{"rendered":"https:\/\/aktialiiga.fi\/miehet\/?p=23851"},"modified":"2019-09-27T10:44:29","modified_gmt":"2019-09-27T07:44:29","slug":"kohti-kautta-pif-3","status":"publish","type":"post","link":"https:\/\/aktialiiga.fi\/miehet\/2019-2020\/kohti-kautta-2019-2020\/kohti-kautta-pif-3\/","title":{"rendered":"Kohti kautta: PIF"},"content":{"rendered":"<p>Viime kaudella yhdeks\u00e4nnelle sijalle j\u00e4\u00e4nyt Pargas IF l\u00e4htee kauteen melkoisesti muuttuneena ja joukkueen rakentuminen j\u00e4i viel\u00e4 varsin viime tippaan.<\/p>\n<p>Uuteen kauteen Paraisilla l\u00e4hdet\u00e4\u00e4n uuden p\u00e4\u00e4valmentajan Michael Lindblomin johdolla. Varsin kapealla ringill\u00e4 kauteen valmistautunut joukkue sai kaivattuja vahvistuksia vasta aivan siirtoajan loppuhetkill\u00e4.<\/p>\n<p>Iso merkitys joukkueen kokoamisessa oli sill\u00e4, ett\u00e4 \u00c5IFK:sta saatiin kolme lupaavaa pelaajaa lainalle.<\/p>\n<p>&#8211; Iso kiitos t\u00e4st\u00e4 naapuriseuralle. Tammikuussa sitten katsotaan jatketaanko ja mik\u00e4 on \u00c5IFK:n tarve ja meid\u00e4n tarpeemme, PIF:n puheenjohtaja Tommi Suominen kertoi.<\/p>\n<p>Merkitt\u00e4v\u00e4 vahvistus PIF:lle on my\u00f6s viime kaudella BK-46:ssa pelannut ukrainalainen Victor Gruzinsky. Miest\u00e4 ei Paraisilla kuitenkaan viel\u00e4 ole n\u00e4hty.<\/p>\n<p>&#8211; Viisumiongelman takia mies on edelleenkin kotona eik\u00e4 Paraisilla. Nyt on pakko sitten mietti\u00e4. Jos viisumia ei saa, niin pit\u00e4\u00e4 keksi\u00e4 jotain uutta. Kausi alkaa, emmek\u00e4 mek\u00e4\u00e4n voi odottaa, jos se viisumiasia ei j\u00e4rjesty, kun sit\u00e4 ollaan viisi viikkoa odotettu &#8211; se on aika pitk\u00e4 aika, Suominen harmittelee.<\/p>\n<p>Joka tapauksessa kauteen l\u00e4hdet\u00e4\u00e4n luottavaisena ja tavoitteena on parantaa sitten viime kauden.<\/p>\n<p>&#8211; Joukkue on t\u00e4ysin erilainen kuin viime kaudella, se pit\u00e4\u00e4 my\u00f6nt\u00e4\u00e4. Mutta ollaan varmasti kilpailukykyisempi\u00e4 ja tavoite on haastaa ainakin muutama joukkue ja my\u00f6s kiilata korkeammalle runkosarjassa.<\/p>\n<p><strong>PIF<\/strong><br \/>\nSijoitus 9. kaudella 2018-19<\/p>\n<p><strong>Uudet pelaajat<\/strong>:<br \/>\nAleksandar Trencevski (HC Sturga, MKD)<br \/>\nHenry Kellgren (Akilles)<br \/>\nMikael Manderoos (\u00c5IFK)<br \/>\nBenjamin Fellman (\u00c5IFK)<br \/>\nSamuel Edberg (\u00c5IFK)<br \/>\nVictor Gruzinsky (BK-46) ?<\/p>\n<p><strong>L\u00e4hteneet pelaajat<\/strong>:<br \/>\nSamuel Alexandersson (HIFK)<br \/>\nRobin Mattsson (\u00c5IFK)<\/p>\n","protected":false},"excerpt":{"rendered":"<p>Viime kaudella yhdeks\u00e4nnelle sijalle j\u00e4\u00e4nyt Pargas IF l\u00e4htee kauteen melkoisesti muuttuneena ja joukkueen rakentuminen j\u00e4i viel\u00e4 varsin viime tippaan. Uuteen kauteen Paraisilla l\u00e4hdet\u00e4\u00e4n uuden p\u00e4\u00e4valmentajan Michael Lindblomin johdolla. Varsin kapealla ringill\u00e4 kauteen valmistautunut joukkue sai kaivattuja vahvistuksia vasta aivan siirtoajan loppuhetkill\u00e4. Iso merkitys joukkueen kokoamisessa oli sill\u00e4, ett\u00e4 \u00c5IFK:sta saatiin kolme lupaavaa pelaajaa lainalle. &#8211; [&hellip;]<\/p>\n","protected":false},"author":13,"featured_media":20589,"comment_status":"closed","ping_status":"closed","sticky":false,"template":"","format":"standard","meta":{"_acf_changed":false,"jetpack_post_was_ever_published":false,"_jetpack_newsletter_access":"","_jetpack_dont_email_post_to_subs":false,"_jetpack_newsletter_tier_id":0,"_jetpack_memberships_contains_paywalled_content":false,"_jetpack_memberships_contains_paid_content":false,"footnotes":""},"categories":[228],"tags":[98],"class_list":["post-23851","post","type-post","status-publish","format-standard","has-post-thumbnail","hentry","category-kohti-kautta-2019-2020","tag-pif"],"acf":[],"yoast_head":"<!-- This site is optimized with the Yoast SEO plugin v27.4 - https:\/\/yoast.com\/product\/yoast-seo-wordpress\/ -->\n<title>Kohti kautta: PIF | K\u00e4sipallon miesten Aktialiiga<\/title>\n<meta name=\"robots\" content=\"index, follow, max-snippet:-1, max-image-preview:large, max-video-preview:-1\" \/>\n<link rel=\"canonical\" href=\"https:\/\/aktialiiga.fi\/miehet\/2019-2020\/kohti-kautta-2019-2020\/kohti-kautta-pif-3\/\" \/>\n<meta property=\"og:locale\" content=\"fi_FI\" \/>\n<meta property=\"og:type\" content=\"article\" \/>\n<meta property=\"og:title\" content=\"Kohti kautta: PIF | K\u00e4sipallon miesten Aktialiiga\" \/>\n<meta property=\"og:description\" content=\"Viime kaudella yhdeks\u00e4nnelle sijalle j\u00e4\u00e4nyt Pargas IF l\u00e4htee kauteen melkoisesti muuttuneena ja joukkueen rakentuminen j\u00e4i viel\u00e4 varsin viime tippaan. Uuteen kauteen Paraisilla l\u00e4hdet\u00e4\u00e4n uuden p\u00e4\u00e4valmentajan Michael Lindblomin johdolla. Varsin kapealla ringill\u00e4 kauteen valmistautunut joukkue sai kaivattuja vahvistuksia vasta aivan siirtoajan loppuhetkill\u00e4. Iso merkitys joukkueen kokoamisessa oli sill\u00e4, ett\u00e4 \u00c5IFK:sta saatiin kolme lupaavaa pelaajaa lainalle. &#8211; [&hellip;]\" \/>\n<meta property=\"og:url\" content=\"https:\/\/aktialiiga.fi\/miehet\/2019-2020\/kohti-kautta-2019-2020\/kohti-kautta-pif-3\/\" \/>\n<meta property=\"og:site_name\" content=\"K\u00e4sipallon miesten Aktialiiga\" \/>\n<meta property=\"article:publisher\" content=\"https:\/\/www.facebook.com\/finnhandball\" \/>\n<meta property=\"article:published_time\" content=\"2019-09-27T07:44:29+00:00\" \/>\n<meta property=\"og:image\" content=\"https:\/\/i0.wp.com\/aktialiiga.fi\/miehet\/wp-content\/uploads\/sites\/5\/2018\/09\/PIF_logokuv_1819.jpg?fit=711%2C330&ssl=1\" \/>\n\t<meta property=\"og:image:width\" content=\"711\" \/>\n\t<meta property=\"og:image:height\" content=\"330\" \/>\n\t<meta property=\"og:image:type\" content=\"image\/jpeg\" \/>\n<meta name=\"author\" content=\"tbrmedia\" \/>\n<meta name=\"twitter:card\" content=\"summary_large_image\" \/>\n<meta name=\"twitter:creator\" content=\"@finnhandball\" \/>\n<meta name=\"twitter:site\" content=\"@finnhandball\" \/>\n<script type=\"application\/ld+json\" class=\"yoast-schema-graph\">{\"@context\":\"https:\\\/\\\/schema.org\",\"@graph\":[{\"@type\":\"Article\",\"@id\":\"https:\\\/\\\/aktialiiga.fi\\\/miehet\\\/2019-2020\\\/kohti-kautta-2019-2020\\\/kohti-kautta-pif-3\\\/#article\",\"isPartOf\":{\"@id\":\"https:\\\/\\\/aktialiiga.fi\\\/miehet\\\/2019-2020\\\/kohti-kautta-2019-2020\\\/kohti-kautta-pif-3\\\/\"},\"author\":{\"name\":\"tbrmedia\",\"@id\":\"https:\\\/\\\/aktialiiga.fi\\\/miehet\\\/#\\\/schema\\\/person\\\/c14bf42f47041db74603c45afcb18d87\"},\"headline\":\"Kohti kautta: PIF\",\"datePublished\":\"2019-09-27T07:44:29+00:00\",\"mainEntityOfPage\":{\"@id\":\"https:\\\/\\\/aktialiiga.fi\\\/miehet\\\/2019-2020\\\/kohti-kautta-2019-2020\\\/kohti-kautta-pif-3\\\/\"},\"wordCount\":244,\"publisher\":{\"@id\":\"https:\\\/\\\/aktialiiga.fi\\\/miehet\\\/#organization\"},\"image\":{\"@id\":\"https:\\\/\\\/aktialiiga.fi\\\/miehet\\\/2019-2020\\\/kohti-kautta-2019-2020\\\/kohti-kautta-pif-3\\\/#primaryimage\"},\"thumbnailUrl\":\"https:\\\/\\\/i0.wp.com\\\/aktialiiga.fi\\\/miehet\\\/wp-content\\\/uploads\\\/sites\\\/5\\\/2018\\\/09\\\/PIF_logokuv_1819.jpg?fit=711%2C330&ssl=1\",\"keywords\":[\"PIF\"],\"articleSection\":[\"Kohti kautta\"],\"inLanguage\":\"fi\"},{\"@type\":\"WebPage\",\"@id\":\"https:\\\/\\\/aktialiiga.fi\\\/miehet\\\/2019-2020\\\/kohti-kautta-2019-2020\\\/kohti-kautta-pif-3\\\/\",\"url\":\"https:\\\/\\\/aktialiiga.fi\\\/miehet\\\/2019-2020\\\/kohti-kautta-2019-2020\\\/kohti-kautta-pif-3\\\/\",\"name\":\"Kohti kautta: PIF | K\u00e4sipallon miesten Aktialiiga\",\"isPartOf\":{\"@id\":\"https:\\\/\\\/aktialiiga.fi\\\/miehet\\\/#website\"},\"primaryImageOfPage\":{\"@id\":\"https:\\\/\\\/aktialiiga.fi\\\/miehet\\\/2019-2020\\\/kohti-kautta-2019-2020\\\/kohti-kautta-pif-3\\\/#primaryimage\"},\"image\":{\"@id\":\"https:\\\/\\\/aktialiiga.fi\\\/miehet\\\/2019-2020\\\/kohti-kautta-2019-2020\\\/kohti-kautta-pif-3\\\/#primaryimage\"},\"thumbnailUrl\":\"https:\\\/\\\/i0.wp.com\\\/aktialiiga.fi\\\/miehet\\\/wp-content\\\/uploads\\\/sites\\\/5\\\/2018\\\/09\\\/PIF_logokuv_1819.jpg?fit=711%2C330&ssl=1\",\"datePublished\":\"2019-09-27T07:44:29+00:00\",\"breadcrumb\":{\"@id\":\"https:\\\/\\\/aktialiiga.fi\\\/miehet\\\/2019-2020\\\/kohti-kautta-2019-2020\\\/kohti-kautta-pif-3\\\/#breadcrumb\"},\"inLanguage\":\"fi\",\"potentialAction\":[{\"@type\":\"ReadAction\",\"target\":[\"https:\\\/\\\/aktialiiga.fi\\\/miehet\\\/2019-2020\\\/kohti-kautta-2019-2020\\\/kohti-kautta-pif-3\\\/\"]}]},{\"@type\":\"ImageObject\",\"inLanguage\":\"fi\",\"@id\":\"https:\\\/\\\/aktialiiga.fi\\\/miehet\\\/2019-2020\\\/kohti-kautta-2019-2020\\\/kohti-kautta-pif-3\\\/#primaryimage\",\"url\":\"https:\\\/\\\/i0.wp.com\\\/aktialiiga.fi\\\/miehet\\\/wp-content\\\/uploads\\\/sites\\\/5\\\/2018\\\/09\\\/PIF_logokuv_1819.jpg?fit=711%2C330&ssl=1\",\"contentUrl\":\"https:\\\/\\\/i0.wp.com\\\/aktialiiga.fi\\\/miehet\\\/wp-content\\\/uploads\\\/sites\\\/5\\\/2018\\\/09\\\/PIF_logokuv_1819.jpg?fit=711%2C330&ssl=1\",\"width\":711,\"height\":330},{\"@type\":\"BreadcrumbList\",\"@id\":\"https:\\\/\\\/aktialiiga.fi\\\/miehet\\\/2019-2020\\\/kohti-kautta-2019-2020\\\/kohti-kautta-pif-3\\\/#breadcrumb\",\"itemListElement\":[{\"@type\":\"ListItem\",\"position\":1,\"name\":\"Etusivu\",\"item\":\"https:\\\/\\\/aktialiiga.fi\\\/miehet\\\/\"},{\"@type\":\"ListItem\",\"position\":2,\"name\":\"Kohti kautta: PIF\"}]},{\"@type\":\"WebSite\",\"@id\":\"https:\\\/\\\/aktialiiga.fi\\\/miehet\\\/#website\",\"url\":\"https:\\\/\\\/aktialiiga.fi\\\/miehet\\\/\",\"name\":\"K\u00e4sipallon miesten Aktialiiga\",\"description\":\"Valtakunnan vauhdikkainta palloilua!\",\"publisher\":{\"@id\":\"https:\\\/\\\/aktialiiga.fi\\\/miehet\\\/#organization\"},\"potentialAction\":[{\"@type\":\"SearchAction\",\"target\":{\"@type\":\"EntryPoint\",\"urlTemplate\":\"https:\\\/\\\/aktialiiga.fi\\\/miehet\\\/?s={search_term_string}\"},\"query-input\":{\"@type\":\"PropertyValueSpecification\",\"valueRequired\":true,\"valueName\":\"search_term_string\"}}],\"inLanguage\":\"fi\"},{\"@type\":\"Organization\",\"@id\":\"https:\\\/\\\/aktialiiga.fi\\\/miehet\\\/#organization\",\"name\":\"K\u00e4sipallon miesten Aktialiiga\",\"url\":\"https:\\\/\\\/aktialiiga.fi\\\/miehet\\\/\",\"logo\":{\"@type\":\"ImageObject\",\"inLanguage\":\"fi\",\"@id\":\"https:\\\/\\\/aktialiiga.fi\\\/miehet\\\/#\\\/schema\\\/logo\\\/image\\\/\",\"url\":\"https:\\\/\\\/i0.wp.com\\\/aktialiiga.fi\\\/miehet\\\/wp-content\\\/uploads\\\/sites\\\/5\\\/2024\\\/09\\\/Aktialiiga-Yoast-512.png?fit=512%2C512&ssl=1\",\"contentUrl\":\"https:\\\/\\\/i0.wp.com\\\/aktialiiga.fi\\\/miehet\\\/wp-content\\\/uploads\\\/sites\\\/5\\\/2024\\\/09\\\/Aktialiiga-Yoast-512.png?fit=512%2C512&ssl=1\",\"width\":512,\"height\":512,\"caption\":\"K\u00e4sipallon miesten Aktialiiga\"},\"image\":{\"@id\":\"https:\\\/\\\/aktialiiga.fi\\\/miehet\\\/#\\\/schema\\\/logo\\\/image\\\/\"},\"sameAs\":[\"https:\\\/\\\/www.facebook.com\\\/finnhandball\",\"https:\\\/\\\/x.com\\\/finnhandball\",\"https:\\\/\\\/www.instagram.com\\\/handballfinland\\\/\"]},{\"@type\":\"Person\",\"@id\":\"https:\\\/\\\/aktialiiga.fi\\\/miehet\\\/#\\\/schema\\\/person\\\/c14bf42f47041db74603c45afcb18d87\",\"name\":\"tbrmedia\",\"image\":{\"@type\":\"ImageObject\",\"inLanguage\":\"fi\",\"@id\":\"https:\\\/\\\/secure.gravatar.com\\\/avatar\\\/ee975fa091fe581d12b60debb3439022686618368a7c142044c56724d4666b16?s=96&d=mm&r=g\",\"url\":\"https:\\\/\\\/secure.gravatar.com\\\/avatar\\\/ee975fa091fe581d12b60debb3439022686618368a7c142044c56724d4666b16?s=96&d=mm&r=g\",\"contentUrl\":\"https:\\\/\\\/secure.gravatar.com\\\/avatar\\\/ee975fa091fe581d12b60debb3439022686618368a7c142044c56724d4666b16?s=96&d=mm&r=g\",\"caption\":\"tbrmedia\"}}]}<\/script>\n<!-- \/ Yoast SEO plugin. -->","yoast_head_json":{"title":"Kohti kautta: PIF | K\u00e4sipallon miesten Aktialiiga","robots":{"index":"index","follow":"follow","max-snippet":"max-snippet:-1","max-image-preview":"max-image-preview:large","max-video-preview":"max-video-preview:-1"},"canonical":"https:\/\/aktialiiga.fi\/miehet\/2019-2020\/kohti-kautta-2019-2020\/kohti-kautta-pif-3\/","og_locale":"fi_FI","og_type":"article","og_title":"Kohti kautta: PIF | K\u00e4sipallon miesten Aktialiiga","og_description":"Viime kaudella yhdeks\u00e4nnelle sijalle j\u00e4\u00e4nyt Pargas IF l\u00e4htee kauteen melkoisesti muuttuneena ja joukkueen rakentuminen j\u00e4i viel\u00e4 varsin viime tippaan. Uuteen kauteen Paraisilla l\u00e4hdet\u00e4\u00e4n uuden p\u00e4\u00e4valmentajan Michael Lindblomin johdolla. Varsin kapealla ringill\u00e4 kauteen valmistautunut joukkue sai kaivattuja vahvistuksia vasta aivan siirtoajan loppuhetkill\u00e4. Iso merkitys joukkueen kokoamisessa oli sill\u00e4, ett\u00e4 \u00c5IFK:sta saatiin kolme lupaavaa pelaajaa lainalle. &#8211; [&hellip;]","og_url":"https:\/\/aktialiiga.fi\/miehet\/2019-2020\/kohti-kautta-2019-2020\/kohti-kautta-pif-3\/","og_site_name":"K\u00e4sipallon miesten Aktialiiga","article_publisher":"https:\/\/www.facebook.com\/finnhandball","article_published_time":"2019-09-27T07:44:29+00:00","og_image":[{"width":711,"height":330,"url":"https:\/\/i0.wp.com\/aktialiiga.fi\/miehet\/wp-content\/uploads\/sites\/5\/2018\/09\/PIF_logokuv_1819.jpg?fit=711%2C330&ssl=1","type":"image\/jpeg"}],"author":"tbrmedia","twitter_card":"summary_large_image","twitter_creator":"@finnhandball","twitter_site":"@finnhandball","schema":{"@context":"https:\/\/schema.org","@graph":[{"@type":"Article","@id":"https:\/\/aktialiiga.fi\/miehet\/2019-2020\/kohti-kautta-2019-2020\/kohti-kautta-pif-3\/#article","isPartOf":{"@id":"https:\/\/aktialiiga.fi\/miehet\/2019-2020\/kohti-kautta-2019-2020\/kohti-kautta-pif-3\/"},"author":{"name":"tbrmedia","@id":"https:\/\/aktialiiga.fi\/miehet\/#\/schema\/person\/c14bf42f47041db74603c45afcb18d87"},"headline":"Kohti kautta: PIF","datePublished":"2019-09-27T07:44:29+00:00","mainEntityOfPage":{"@id":"https:\/\/aktialiiga.fi\/miehet\/2019-2020\/kohti-kautta-2019-2020\/kohti-kautta-pif-3\/"},"wordCount":244,"publisher":{"@id":"https:\/\/aktialiiga.fi\/miehet\/#organization"},"image":{"@id":"https:\/\/aktialiiga.fi\/miehet\/2019-2020\/kohti-kautta-2019-2020\/kohti-kautta-pif-3\/#primaryimage"},"thumbnailUrl":"https:\/\/i0.wp.com\/aktialiiga.fi\/miehet\/wp-content\/uploads\/sites\/5\/2018\/09\/PIF_logokuv_1819.jpg?fit=711%2C330&ssl=1","keywords":["PIF"],"articleSection":["Kohti kautta"],"inLanguage":"fi"},{"@type":"WebPage","@id":"https:\/\/aktialiiga.fi\/miehet\/2019-2020\/kohti-kautta-2019-2020\/kohti-kautta-pif-3\/","url":"https:\/\/aktialiiga.fi\/miehet\/2019-2020\/kohti-kautta-2019-2020\/kohti-kautta-pif-3\/","name":"Kohti kautta: PIF | K\u00e4sipallon miesten Aktialiiga","isPartOf":{"@id":"https:\/\/aktialiiga.fi\/miehet\/#website"},"primaryImageOfPage":{"@id":"https:\/\/aktialiiga.fi\/miehet\/2019-2020\/kohti-kautta-2019-2020\/kohti-kautta-pif-3\/#primaryimage"},"image":{"@id":"https:\/\/aktialiiga.fi\/miehet\/2019-2020\/kohti-kautta-2019-2020\/kohti-kautta-pif-3\/#primaryimage"},"thumbnailUrl":"https:\/\/i0.wp.com\/aktialiiga.fi\/miehet\/wp-content\/uploads\/sites\/5\/2018\/09\/PIF_logokuv_1819.jpg?fit=711%2C330&ssl=1","datePublished":"2019-09-27T07:44:29+00:00","breadcrumb":{"@id":"https:\/\/aktialiiga.fi\/miehet\/2019-2020\/kohti-kautta-2019-2020\/kohti-kautta-pif-3\/#breadcrumb"},"inLanguage":"fi","potentialAction":[{"@type":"ReadAction","target":["https:\/\/aktialiiga.fi\/miehet\/2019-2020\/kohti-kautta-2019-2020\/kohti-kautta-pif-3\/"]}]},{"@type":"ImageObject","inLanguage":"fi","@id":"https:\/\/aktialiiga.fi\/miehet\/2019-2020\/kohti-kautta-2019-2020\/kohti-kautta-pif-3\/#primaryimage","url":"https:\/\/i0.wp.com\/aktialiiga.fi\/miehet\/wp-content\/uploads\/sites\/5\/2018\/09\/PIF_logokuv_1819.jpg?fit=711%2C330&ssl=1","contentUrl":"https:\/\/i0.wp.com\/aktialiiga.fi\/miehet\/wp-content\/uploads\/sites\/5\/2018\/09\/PIF_logokuv_1819.jpg?fit=711%2C330&ssl=1","width":711,"height":330},{"@type":"BreadcrumbList","@id":"https:\/\/aktialiiga.fi\/miehet\/2019-2020\/kohti-kautta-2019-2020\/kohti-kautta-pif-3\/#breadcrumb","itemListElement":[{"@type":"ListItem","position":1,"name":"Etusivu","item":"https:\/\/aktialiiga.fi\/miehet\/"},{"@type":"ListItem","position":2,"name":"Kohti kautta: PIF"}]},{"@type":"WebSite","@id":"https:\/\/aktialiiga.fi\/miehet\/#website","url":"https:\/\/aktialiiga.fi\/miehet\/","name":"K\u00e4sipallon miesten Aktialiiga","description":"Valtakunnan vauhdikkainta palloilua!","publisher":{"@id":"https:\/\/aktialiiga.fi\/miehet\/#organization"},"potentialAction":[{"@type":"SearchAction","target":{"@type":"EntryPoint","urlTemplate":"https:\/\/aktialiiga.fi\/miehet\/?s={search_term_string}"},"query-input":{"@type":"PropertyValueSpecification","valueRequired":true,"valueName":"search_term_string"}}],"inLanguage":"fi"},{"@type":"Organization","@id":"https:\/\/aktialiiga.fi\/miehet\/#organization","name":"K\u00e4sipallon miesten Aktialiiga","url":"https:\/\/aktialiiga.fi\/miehet\/","logo":{"@type":"ImageObject","inLanguage":"fi","@id":"https:\/\/aktialiiga.fi\/miehet\/#\/schema\/logo\/image\/","url":"https:\/\/i0.wp.com\/aktialiiga.fi\/miehet\/wp-content\/uploads\/sites\/5\/2024\/09\/Aktialiiga-Yoast-512.png?fit=512%2C512&ssl=1","contentUrl":"https:\/\/i0.wp.com\/aktialiiga.fi\/miehet\/wp-content\/uploads\/sites\/5\/2024\/09\/Aktialiiga-Yoast-512.png?fit=512%2C512&ssl=1","width":512,"height":512,"caption":"K\u00e4sipallon miesten Aktialiiga"},"image":{"@id":"https:\/\/aktialiiga.fi\/miehet\/#\/schema\/logo\/image\/"},"sameAs":["https:\/\/www.facebook.com\/finnhandball","https:\/\/x.com\/finnhandball","https:\/\/www.instagram.com\/handballfinland\/"]},{"@type":"Person","@id":"https:\/\/aktialiiga.fi\/miehet\/#\/schema\/person\/c14bf42f47041db74603c45afcb18d87","name":"tbrmedia","image":{"@type":"ImageObject","inLanguage":"fi","@id":"https:\/\/secure.gravatar.com\/avatar\/ee975fa091fe581d12b60debb3439022686618368a7c142044c56724d4666b16?s=96&d=mm&r=g","url":"https:\/\/secure.gravatar.com\/avatar\/ee975fa091fe581d12b60debb3439022686618368a7c142044c56724d4666b16?s=96&d=mm&r=g","contentUrl":"https:\/\/secure.gravatar.com\/avatar\/ee975fa091fe581d12b60debb3439022686618368a7c142044c56724d4666b16?s=96&d=mm&r=g","caption":"tbrmedia"}}]}},"jetpack_featured_media_url":"https:\/\/i0.wp.com\/aktialiiga.fi\/miehet\/wp-content\/uploads\/sites\/5\/2018\/09\/PIF_logokuv_1819.jpg?fit=711%2C330&ssl=1","jetpack_sharing_enabled":true,"jetpack_shortlink":"https:\/\/wp.me\/pfTxOr-6cH","_links":{"self":[{"href":"https:\/\/aktialiiga.fi\/miehet\/wp-json\/wp\/v2\/posts\/23851","targetHints":{"allow":["GET"]}}],"collection":[{"href":"https:\/\/aktialiiga.fi\/miehet\/wp-json\/wp\/v2\/posts"}],"about":[{"href":"https:\/\/aktialiiga.fi\/miehet\/wp-json\/wp\/v2\/types\/post"}],"author":[{"embeddable":true,"href":"https:\/\/aktialiiga.fi\/miehet\/wp-json\/wp\/v2\/users\/13"}],"replies":[{"embeddable":true,"href":"https:\/\/aktialiiga.fi\/miehet\/wp-json\/wp\/v2\/comments?post=23851"}],"version-history":[{"count":0,"href":"https:\/\/aktialiiga.fi\/miehet\/wp-json\/wp\/v2\/posts\/23851\/revisions"}],"wp:featuredmedia":[{"embeddable":true,"href":"https:\/\/aktialiiga.fi\/miehet\/wp-json\/wp\/v2\/media\/20589"}],"wp:attachment":[{"href":"https:\/\/aktialiiga.fi\/miehet\/wp-json\/wp\/v2\/media?parent=23851"}],"wp:term":[{"taxonomy":"category","embeddable":true,"href":"https:\/\/aktialiiga.fi\/miehet\/wp-json\/wp\/v2\/categories?post=23851"},{"taxonomy":"post_tag","embeddable":true,"href":"https:\/\/aktialiiga.fi\/miehet\/wp-json\/wp\/v2\/tags?post=23851"}],"curies":[{"name":"wp","href":"https:\/\/api.w.org\/{rel}","templated":true}]}}