{"id":24138,"date":"2019-10-12T22:11:51","date_gmt":"2019-10-12T19:11:51","guid":{"rendered":"https:\/\/aktialiiga.fi\/miehet\/?p=24138"},"modified":"2024-08-26T22:35:45","modified_gmt":"2024-08-26T19:35:45","slug":"hifk-jai-bregenzin-jalkoihin-challenge-cupissa","status":"publish","type":"post","link":"https:\/\/aktialiiga.fi\/miehet\/ajankohtaista\/hifk-jai-bregenzin-jalkoihin-challenge-cupissa\/","title":{"rendered":"HIFK j\u00e4i Bregenzin jalkoihin Challenge Cupissa"},"content":{"rendered":"<p>HIFK:n haaveet jatkopaikasta EHF Challenge Cupissa haihtuivat lauantaina It\u00e4vallassa k\u00e4rsittyyn vierastappioon Bregenz Handballille.<\/p>\n<p>HIFK l\u00e4hti vierasotteluun viikko sitten hankkimansa kolmen maalin johdon turvin.<\/p>\n<p>Viel\u00e4 avausjakson j\u00e4lkeen jatkopaikka oli t\u00e4ysin avoinna Bregenzin johdettua nelj\u00e4ll\u00e4 maalilla. Toisella jaksolla it\u00e4valtalaiset paukuttivat kuitenkin per\u00e4ti 22 maalia ja HIFK:lle j\u00e4i vastaanottavan osapuolen rooli.<\/p>\n<p>Bregenz nappasi paikan Challenge Cupin 3. kierroksella lopulta selv\u00e4ll\u00e4 14 maalin erolla.<\/p>\n<p><em><strong>EHF Challenge Cup, 2. kierros, 2. osaottelu:<\/strong><\/em><br \/>\n<strong>Bregenz Handball \u2013 HIFK 35-18 (13-9)<\/strong><br \/>\nBregenz jatkoon yhteismaalein 67-53.<\/p>\n<p><strong>HIFK:n maalintekij\u00e4t<\/strong>: Niclas Ahlgren 3, Roman Protsenko 3, Vladimir Knopinskii 2, Erkka N\u00e4nt\u00f6 2, Ardo Puna 2, Sten Toomla 2, Kristian Jansson 1, Oscar Udd 1, Geza Vasvari 1<\/p>\n<p><strong>2 min ulosajot ja pelist\u00e4 sulkemiset<\/strong>:<br \/>\nBregenz: 7 x 2 min., HIFK 2 x 2 min. + Gheorghe Safronii suora punainen kortti<\/p>\n","protected":false},"excerpt":{"rendered":"<p>HIFK:n haaveet jatkopaikasta EHF Challenge Cupissa haihtuivat lauantaina It\u00e4vallassa k\u00e4rsittyyn vierastappioon Bregenz Handballille. HIFK l\u00e4hti vierasotteluun viikko sitten hankkimansa kolmen maalin johdon turvin. Viel\u00e4 avausjakson j\u00e4lkeen jatkopaikka oli t\u00e4ysin avoinna Bregenzin johdettua nelj\u00e4ll\u00e4 maalilla. Toisella jaksolla it\u00e4valtalaiset paukuttivat kuitenkin per\u00e4ti 22 maalia ja HIFK:lle j\u00e4i vastaanottavan osapuolen rooli. Bregenz nappasi paikan Challenge Cupin 3. kierroksella [&hellip;]<\/p>\n","protected":false},"author":13,"featured_media":24140,"comment_status":"closed","ping_status":"closed","sticky":false,"template":"","format":"standard","meta":{"_acf_changed":false,"jetpack_post_was_ever_published":false,"_jetpack_newsletter_access":"","_jetpack_dont_email_post_to_subs":false,"_jetpack_newsletter_tier_id":0,"_jetpack_memberships_contains_paywalled_content":false,"_jetpack_memberships_contains_paid_content":false,"footnotes":""},"categories":[2],"tags":[329,71],"class_list":["post-24138","post","type-post","status-publish","format-standard","has-post-thumbnail","hentry","category-ajankohtaista","tag-ehf-challenge-cup","tag-hifk"],"acf":[],"yoast_head":"<!-- This site is optimized with the Yoast SEO plugin v27.5 - https:\/\/yoast.com\/product\/yoast-seo-wordpress\/ -->\n<title>HIFK j\u00e4i Bregenzin jalkoihin Challenge Cupissa | K\u00e4sipallon miesten Aktialiiga<\/title>\n<meta name=\"robots\" content=\"index, follow, max-snippet:-1, max-image-preview:large, max-video-preview:-1\" \/>\n<link rel=\"canonical\" href=\"https:\/\/aktialiiga.fi\/miehet\/ajankohtaista\/hifk-jai-bregenzin-jalkoihin-challenge-cupissa\/\" \/>\n<meta property=\"og:locale\" content=\"fi_FI\" \/>\n<meta property=\"og:type\" content=\"article\" \/>\n<meta property=\"og:title\" content=\"HIFK j\u00e4i Bregenzin jalkoihin Challenge Cupissa | K\u00e4sipallon miesten Aktialiiga\" \/>\n<meta property=\"og:description\" content=\"HIFK:n haaveet jatkopaikasta EHF Challenge Cupissa haihtuivat lauantaina It\u00e4vallassa k\u00e4rsittyyn vierastappioon Bregenz Handballille. HIFK l\u00e4hti vierasotteluun viikko sitten hankkimansa kolmen maalin johdon turvin. Viel\u00e4 avausjakson j\u00e4lkeen jatkopaikka oli t\u00e4ysin avoinna Bregenzin johdettua nelj\u00e4ll\u00e4 maalilla. Toisella jaksolla it\u00e4valtalaiset paukuttivat kuitenkin per\u00e4ti 22 maalia ja HIFK:lle j\u00e4i vastaanottavan osapuolen rooli. Bregenz nappasi paikan Challenge Cupin 3. kierroksella [&hellip;]\" \/>\n<meta property=\"og:url\" content=\"https:\/\/aktialiiga.fi\/miehet\/ajankohtaista\/hifk-jai-bregenzin-jalkoihin-challenge-cupissa\/\" \/>\n<meta property=\"og:site_name\" content=\"K\u00e4sipallon miesten Aktialiiga\" \/>\n<meta property=\"article:publisher\" content=\"https:\/\/www.facebook.com\/finnhandball\" \/>\n<meta property=\"article:published_time\" content=\"2019-10-12T19:11:51+00:00\" \/>\n<meta property=\"article:modified_time\" content=\"2024-08-26T19:35:45+00:00\" \/>\n<meta property=\"og:image\" content=\"https:\/\/i0.wp.com\/aktialiiga.fi\/miehet\/wp-content\/uploads\/sites\/5\/2019\/10\/HIFK_Ahlgren_Niclas_1920.jpg?fit=711%2C330&ssl=1\" \/>\n\t<meta property=\"og:image:width\" content=\"711\" \/>\n\t<meta property=\"og:image:height\" content=\"330\" \/>\n\t<meta property=\"og:image:type\" content=\"image\/jpeg\" \/>\n<meta name=\"author\" content=\"tbrmedia\" \/>\n<meta name=\"twitter:card\" content=\"summary_large_image\" \/>\n<meta name=\"twitter:creator\" content=\"@finnhandball\" \/>\n<meta name=\"twitter:site\" content=\"@finnhandball\" \/>\n<script type=\"application\/ld+json\" class=\"yoast-schema-graph\">{\"@context\":\"https:\\\/\\\/schema.org\",\"@graph\":[{\"@type\":\"Article\",\"@id\":\"https:\\\/\\\/aktialiiga.fi\\\/miehet\\\/ajankohtaista\\\/hifk-jai-bregenzin-jalkoihin-challenge-cupissa\\\/#article\",\"isPartOf\":{\"@id\":\"https:\\\/\\\/aktialiiga.fi\\\/miehet\\\/ajankohtaista\\\/hifk-jai-bregenzin-jalkoihin-challenge-cupissa\\\/\"},\"author\":{\"name\":\"tbrmedia\",\"@id\":\"https:\\\/\\\/aktialiiga.fi\\\/miehet\\\/#\\\/schema\\\/person\\\/c14bf42f47041db74603c45afcb18d87\"},\"headline\":\"HIFK j\u00e4i Bregenzin jalkoihin Challenge Cupissa\",\"datePublished\":\"2019-10-12T19:11:51+00:00\",\"dateModified\":\"2024-08-26T19:35:45+00:00\",\"mainEntityOfPage\":{\"@id\":\"https:\\\/\\\/aktialiiga.fi\\\/miehet\\\/ajankohtaista\\\/hifk-jai-bregenzin-jalkoihin-challenge-cupissa\\\/\"},\"wordCount\":129,\"publisher\":{\"@id\":\"https:\\\/\\\/aktialiiga.fi\\\/miehet\\\/#organization\"},\"image\":{\"@id\":\"https:\\\/\\\/aktialiiga.fi\\\/miehet\\\/ajankohtaista\\\/hifk-jai-bregenzin-jalkoihin-challenge-cupissa\\\/#primaryimage\"},\"thumbnailUrl\":\"https:\\\/\\\/i0.wp.com\\\/aktialiiga.fi\\\/miehet\\\/wp-content\\\/uploads\\\/sites\\\/5\\\/2019\\\/10\\\/HIFK_Ahlgren_Niclas_1920.jpg?fit=711%2C330&ssl=1\",\"keywords\":[\"EHF Challenge Cup\",\"HIFK\"],\"articleSection\":[\"Ajankohtaista\"],\"inLanguage\":\"fi\"},{\"@type\":\"WebPage\",\"@id\":\"https:\\\/\\\/aktialiiga.fi\\\/miehet\\\/ajankohtaista\\\/hifk-jai-bregenzin-jalkoihin-challenge-cupissa\\\/\",\"url\":\"https:\\\/\\\/aktialiiga.fi\\\/miehet\\\/ajankohtaista\\\/hifk-jai-bregenzin-jalkoihin-challenge-cupissa\\\/\",\"name\":\"HIFK j\u00e4i Bregenzin jalkoihin Challenge Cupissa | K\u00e4sipallon miesten Aktialiiga\",\"isPartOf\":{\"@id\":\"https:\\\/\\\/aktialiiga.fi\\\/miehet\\\/#website\"},\"primaryImageOfPage\":{\"@id\":\"https:\\\/\\\/aktialiiga.fi\\\/miehet\\\/ajankohtaista\\\/hifk-jai-bregenzin-jalkoihin-challenge-cupissa\\\/#primaryimage\"},\"image\":{\"@id\":\"https:\\\/\\\/aktialiiga.fi\\\/miehet\\\/ajankohtaista\\\/hifk-jai-bregenzin-jalkoihin-challenge-cupissa\\\/#primaryimage\"},\"thumbnailUrl\":\"https:\\\/\\\/i0.wp.com\\\/aktialiiga.fi\\\/miehet\\\/wp-content\\\/uploads\\\/sites\\\/5\\\/2019\\\/10\\\/HIFK_Ahlgren_Niclas_1920.jpg?fit=711%2C330&ssl=1\",\"datePublished\":\"2019-10-12T19:11:51+00:00\",\"dateModified\":\"2024-08-26T19:35:45+00:00\",\"breadcrumb\":{\"@id\":\"https:\\\/\\\/aktialiiga.fi\\\/miehet\\\/ajankohtaista\\\/hifk-jai-bregenzin-jalkoihin-challenge-cupissa\\\/#breadcrumb\"},\"inLanguage\":\"fi\",\"potentialAction\":[{\"@type\":\"ReadAction\",\"target\":[\"https:\\\/\\\/aktialiiga.fi\\\/miehet\\\/ajankohtaista\\\/hifk-jai-bregenzin-jalkoihin-challenge-cupissa\\\/\"]}]},{\"@type\":\"ImageObject\",\"inLanguage\":\"fi\",\"@id\":\"https:\\\/\\\/aktialiiga.fi\\\/miehet\\\/ajankohtaista\\\/hifk-jai-bregenzin-jalkoihin-challenge-cupissa\\\/#primaryimage\",\"url\":\"https:\\\/\\\/i0.wp.com\\\/aktialiiga.fi\\\/miehet\\\/wp-content\\\/uploads\\\/sites\\\/5\\\/2019\\\/10\\\/HIFK_Ahlgren_Niclas_1920.jpg?fit=711%2C330&ssl=1\",\"contentUrl\":\"https:\\\/\\\/i0.wp.com\\\/aktialiiga.fi\\\/miehet\\\/wp-content\\\/uploads\\\/sites\\\/5\\\/2019\\\/10\\\/HIFK_Ahlgren_Niclas_1920.jpg?fit=711%2C330&ssl=1\",\"width\":711,\"height\":330},{\"@type\":\"BreadcrumbList\",\"@id\":\"https:\\\/\\\/aktialiiga.fi\\\/miehet\\\/ajankohtaista\\\/hifk-jai-bregenzin-jalkoihin-challenge-cupissa\\\/#breadcrumb\",\"itemListElement\":[{\"@type\":\"ListItem\",\"position\":1,\"name\":\"Etusivu\",\"item\":\"https:\\\/\\\/aktialiiga.fi\\\/miehet\\\/\"},{\"@type\":\"ListItem\",\"position\":2,\"name\":\"HIFK j\u00e4i Bregenzin jalkoihin Challenge Cupissa\"}]},{\"@type\":\"WebSite\",\"@id\":\"https:\\\/\\\/aktialiiga.fi\\\/miehet\\\/#website\",\"url\":\"https:\\\/\\\/aktialiiga.fi\\\/miehet\\\/\",\"name\":\"K\u00e4sipallon miesten Aktialiiga\",\"description\":\"Valtakunnan vauhdikkainta palloilua!\",\"publisher\":{\"@id\":\"https:\\\/\\\/aktialiiga.fi\\\/miehet\\\/#organization\"},\"potentialAction\":[{\"@type\":\"SearchAction\",\"target\":{\"@type\":\"EntryPoint\",\"urlTemplate\":\"https:\\\/\\\/aktialiiga.fi\\\/miehet\\\/?s={search_term_string}\"},\"query-input\":{\"@type\":\"PropertyValueSpecification\",\"valueRequired\":true,\"valueName\":\"search_term_string\"}}],\"inLanguage\":\"fi\"},{\"@type\":\"Organization\",\"@id\":\"https:\\\/\\\/aktialiiga.fi\\\/miehet\\\/#organization\",\"name\":\"K\u00e4sipallon miesten Aktialiiga\",\"url\":\"https:\\\/\\\/aktialiiga.fi\\\/miehet\\\/\",\"logo\":{\"@type\":\"ImageObject\",\"inLanguage\":\"fi\",\"@id\":\"https:\\\/\\\/aktialiiga.fi\\\/miehet\\\/#\\\/schema\\\/logo\\\/image\\\/\",\"url\":\"https:\\\/\\\/i0.wp.com\\\/aktialiiga.fi\\\/miehet\\\/wp-content\\\/uploads\\\/sites\\\/5\\\/2024\\\/09\\\/Aktialiiga-Yoast-512.png?fit=512%2C512&ssl=1\",\"contentUrl\":\"https:\\\/\\\/i0.wp.com\\\/aktialiiga.fi\\\/miehet\\\/wp-content\\\/uploads\\\/sites\\\/5\\\/2024\\\/09\\\/Aktialiiga-Yoast-512.png?fit=512%2C512&ssl=1\",\"width\":512,\"height\":512,\"caption\":\"K\u00e4sipallon miesten Aktialiiga\"},\"image\":{\"@id\":\"https:\\\/\\\/aktialiiga.fi\\\/miehet\\\/#\\\/schema\\\/logo\\\/image\\\/\"},\"sameAs\":[\"https:\\\/\\\/www.facebook.com\\\/finnhandball\",\"https:\\\/\\\/x.com\\\/finnhandball\",\"https:\\\/\\\/www.instagram.com\\\/handballfinland\\\/\"]},{\"@type\":\"Person\",\"@id\":\"https:\\\/\\\/aktialiiga.fi\\\/miehet\\\/#\\\/schema\\\/person\\\/c14bf42f47041db74603c45afcb18d87\",\"name\":\"tbrmedia\",\"image\":{\"@type\":\"ImageObject\",\"inLanguage\":\"fi\",\"@id\":\"https:\\\/\\\/secure.gravatar.com\\\/avatar\\\/ee975fa091fe581d12b60debb3439022686618368a7c142044c56724d4666b16?s=96&d=mm&r=g\",\"url\":\"https:\\\/\\\/secure.gravatar.com\\\/avatar\\\/ee975fa091fe581d12b60debb3439022686618368a7c142044c56724d4666b16?s=96&d=mm&r=g\",\"contentUrl\":\"https:\\\/\\\/secure.gravatar.com\\\/avatar\\\/ee975fa091fe581d12b60debb3439022686618368a7c142044c56724d4666b16?s=96&d=mm&r=g\",\"caption\":\"tbrmedia\"}}]}<\/script>\n<!-- \/ Yoast SEO plugin. -->","yoast_head_json":{"title":"HIFK j\u00e4i Bregenzin jalkoihin Challenge Cupissa | K\u00e4sipallon miesten Aktialiiga","robots":{"index":"index","follow":"follow","max-snippet":"max-snippet:-1","max-image-preview":"max-image-preview:large","max-video-preview":"max-video-preview:-1"},"canonical":"https:\/\/aktialiiga.fi\/miehet\/ajankohtaista\/hifk-jai-bregenzin-jalkoihin-challenge-cupissa\/","og_locale":"fi_FI","og_type":"article","og_title":"HIFK j\u00e4i Bregenzin jalkoihin Challenge Cupissa | K\u00e4sipallon miesten Aktialiiga","og_description":"HIFK:n haaveet jatkopaikasta EHF Challenge Cupissa haihtuivat lauantaina It\u00e4vallassa k\u00e4rsittyyn vierastappioon Bregenz Handballille. HIFK l\u00e4hti vierasotteluun viikko sitten hankkimansa kolmen maalin johdon turvin. Viel\u00e4 avausjakson j\u00e4lkeen jatkopaikka oli t\u00e4ysin avoinna Bregenzin johdettua nelj\u00e4ll\u00e4 maalilla. Toisella jaksolla it\u00e4valtalaiset paukuttivat kuitenkin per\u00e4ti 22 maalia ja HIFK:lle j\u00e4i vastaanottavan osapuolen rooli. Bregenz nappasi paikan Challenge Cupin 3. kierroksella [&hellip;]","og_url":"https:\/\/aktialiiga.fi\/miehet\/ajankohtaista\/hifk-jai-bregenzin-jalkoihin-challenge-cupissa\/","og_site_name":"K\u00e4sipallon miesten Aktialiiga","article_publisher":"https:\/\/www.facebook.com\/finnhandball","article_published_time":"2019-10-12T19:11:51+00:00","article_modified_time":"2024-08-26T19:35:45+00:00","og_image":[{"width":711,"height":330,"url":"https:\/\/i0.wp.com\/aktialiiga.fi\/miehet\/wp-content\/uploads\/sites\/5\/2019\/10\/HIFK_Ahlgren_Niclas_1920.jpg?fit=711%2C330&ssl=1","type":"image\/jpeg"}],"author":"tbrmedia","twitter_card":"summary_large_image","twitter_creator":"@finnhandball","twitter_site":"@finnhandball","schema":{"@context":"https:\/\/schema.org","@graph":[{"@type":"Article","@id":"https:\/\/aktialiiga.fi\/miehet\/ajankohtaista\/hifk-jai-bregenzin-jalkoihin-challenge-cupissa\/#article","isPartOf":{"@id":"https:\/\/aktialiiga.fi\/miehet\/ajankohtaista\/hifk-jai-bregenzin-jalkoihin-challenge-cupissa\/"},"author":{"name":"tbrmedia","@id":"https:\/\/aktialiiga.fi\/miehet\/#\/schema\/person\/c14bf42f47041db74603c45afcb18d87"},"headline":"HIFK j\u00e4i Bregenzin jalkoihin Challenge Cupissa","datePublished":"2019-10-12T19:11:51+00:00","dateModified":"2024-08-26T19:35:45+00:00","mainEntityOfPage":{"@id":"https:\/\/aktialiiga.fi\/miehet\/ajankohtaista\/hifk-jai-bregenzin-jalkoihin-challenge-cupissa\/"},"wordCount":129,"publisher":{"@id":"https:\/\/aktialiiga.fi\/miehet\/#organization"},"image":{"@id":"https:\/\/aktialiiga.fi\/miehet\/ajankohtaista\/hifk-jai-bregenzin-jalkoihin-challenge-cupissa\/#primaryimage"},"thumbnailUrl":"https:\/\/i0.wp.com\/aktialiiga.fi\/miehet\/wp-content\/uploads\/sites\/5\/2019\/10\/HIFK_Ahlgren_Niclas_1920.jpg?fit=711%2C330&ssl=1","keywords":["EHF Challenge Cup","HIFK"],"articleSection":["Ajankohtaista"],"inLanguage":"fi"},{"@type":"WebPage","@id":"https:\/\/aktialiiga.fi\/miehet\/ajankohtaista\/hifk-jai-bregenzin-jalkoihin-challenge-cupissa\/","url":"https:\/\/aktialiiga.fi\/miehet\/ajankohtaista\/hifk-jai-bregenzin-jalkoihin-challenge-cupissa\/","name":"HIFK j\u00e4i Bregenzin jalkoihin Challenge Cupissa | K\u00e4sipallon miesten Aktialiiga","isPartOf":{"@id":"https:\/\/aktialiiga.fi\/miehet\/#website"},"primaryImageOfPage":{"@id":"https:\/\/aktialiiga.fi\/miehet\/ajankohtaista\/hifk-jai-bregenzin-jalkoihin-challenge-cupissa\/#primaryimage"},"image":{"@id":"https:\/\/aktialiiga.fi\/miehet\/ajankohtaista\/hifk-jai-bregenzin-jalkoihin-challenge-cupissa\/#primaryimage"},"thumbnailUrl":"https:\/\/i0.wp.com\/aktialiiga.fi\/miehet\/wp-content\/uploads\/sites\/5\/2019\/10\/HIFK_Ahlgren_Niclas_1920.jpg?fit=711%2C330&ssl=1","datePublished":"2019-10-12T19:11:51+00:00","dateModified":"2024-08-26T19:35:45+00:00","breadcrumb":{"@id":"https:\/\/aktialiiga.fi\/miehet\/ajankohtaista\/hifk-jai-bregenzin-jalkoihin-challenge-cupissa\/#breadcrumb"},"inLanguage":"fi","potentialAction":[{"@type":"ReadAction","target":["https:\/\/aktialiiga.fi\/miehet\/ajankohtaista\/hifk-jai-bregenzin-jalkoihin-challenge-cupissa\/"]}]},{"@type":"ImageObject","inLanguage":"fi","@id":"https:\/\/aktialiiga.fi\/miehet\/ajankohtaista\/hifk-jai-bregenzin-jalkoihin-challenge-cupissa\/#primaryimage","url":"https:\/\/i0.wp.com\/aktialiiga.fi\/miehet\/wp-content\/uploads\/sites\/5\/2019\/10\/HIFK_Ahlgren_Niclas_1920.jpg?fit=711%2C330&ssl=1","contentUrl":"https:\/\/i0.wp.com\/aktialiiga.fi\/miehet\/wp-content\/uploads\/sites\/5\/2019\/10\/HIFK_Ahlgren_Niclas_1920.jpg?fit=711%2C330&ssl=1","width":711,"height":330},{"@type":"BreadcrumbList","@id":"https:\/\/aktialiiga.fi\/miehet\/ajankohtaista\/hifk-jai-bregenzin-jalkoihin-challenge-cupissa\/#breadcrumb","itemListElement":[{"@type":"ListItem","position":1,"name":"Etusivu","item":"https:\/\/aktialiiga.fi\/miehet\/"},{"@type":"ListItem","position":2,"name":"HIFK j\u00e4i Bregenzin jalkoihin Challenge Cupissa"}]},{"@type":"WebSite","@id":"https:\/\/aktialiiga.fi\/miehet\/#website","url":"https:\/\/aktialiiga.fi\/miehet\/","name":"K\u00e4sipallon miesten Aktialiiga","description":"Valtakunnan vauhdikkainta palloilua!","publisher":{"@id":"https:\/\/aktialiiga.fi\/miehet\/#organization"},"potentialAction":[{"@type":"SearchAction","target":{"@type":"EntryPoint","urlTemplate":"https:\/\/aktialiiga.fi\/miehet\/?s={search_term_string}"},"query-input":{"@type":"PropertyValueSpecification","valueRequired":true,"valueName":"search_term_string"}}],"inLanguage":"fi"},{"@type":"Organization","@id":"https:\/\/aktialiiga.fi\/miehet\/#organization","name":"K\u00e4sipallon miesten Aktialiiga","url":"https:\/\/aktialiiga.fi\/miehet\/","logo":{"@type":"ImageObject","inLanguage":"fi","@id":"https:\/\/aktialiiga.fi\/miehet\/#\/schema\/logo\/image\/","url":"https:\/\/i0.wp.com\/aktialiiga.fi\/miehet\/wp-content\/uploads\/sites\/5\/2024\/09\/Aktialiiga-Yoast-512.png?fit=512%2C512&ssl=1","contentUrl":"https:\/\/i0.wp.com\/aktialiiga.fi\/miehet\/wp-content\/uploads\/sites\/5\/2024\/09\/Aktialiiga-Yoast-512.png?fit=512%2C512&ssl=1","width":512,"height":512,"caption":"K\u00e4sipallon miesten Aktialiiga"},"image":{"@id":"https:\/\/aktialiiga.fi\/miehet\/#\/schema\/logo\/image\/"},"sameAs":["https:\/\/www.facebook.com\/finnhandball","https:\/\/x.com\/finnhandball","https:\/\/www.instagram.com\/handballfinland\/"]},{"@type":"Person","@id":"https:\/\/aktialiiga.fi\/miehet\/#\/schema\/person\/c14bf42f47041db74603c45afcb18d87","name":"tbrmedia","image":{"@type":"ImageObject","inLanguage":"fi","@id":"https:\/\/secure.gravatar.com\/avatar\/ee975fa091fe581d12b60debb3439022686618368a7c142044c56724d4666b16?s=96&d=mm&r=g","url":"https:\/\/secure.gravatar.com\/avatar\/ee975fa091fe581d12b60debb3439022686618368a7c142044c56724d4666b16?s=96&d=mm&r=g","contentUrl":"https:\/\/secure.gravatar.com\/avatar\/ee975fa091fe581d12b60debb3439022686618368a7c142044c56724d4666b16?s=96&d=mm&r=g","caption":"tbrmedia"}}]}},"jetpack_featured_media_url":"https:\/\/i0.wp.com\/aktialiiga.fi\/miehet\/wp-content\/uploads\/sites\/5\/2019\/10\/HIFK_Ahlgren_Niclas_1920.jpg?fit=711%2C330&ssl=1","jetpack_sharing_enabled":true,"jetpack_shortlink":"https:\/\/wp.me\/pfTxOr-6hk","_links":{"self":[{"href":"https:\/\/aktialiiga.fi\/miehet\/wp-json\/wp\/v2\/posts\/24138","targetHints":{"allow":["GET"]}}],"collection":[{"href":"https:\/\/aktialiiga.fi\/miehet\/wp-json\/wp\/v2\/posts"}],"about":[{"href":"https:\/\/aktialiiga.fi\/miehet\/wp-json\/wp\/v2\/types\/post"}],"author":[{"embeddable":true,"href":"https:\/\/aktialiiga.fi\/miehet\/wp-json\/wp\/v2\/users\/13"}],"replies":[{"embeddable":true,"href":"https:\/\/aktialiiga.fi\/miehet\/wp-json\/wp\/v2\/comments?post=24138"}],"version-history":[{"count":0,"href":"https:\/\/aktialiiga.fi\/miehet\/wp-json\/wp\/v2\/posts\/24138\/revisions"}],"wp:featuredmedia":[{"embeddable":true,"href":"https:\/\/aktialiiga.fi\/miehet\/wp-json\/wp\/v2\/media\/24140"}],"wp:attachment":[{"href":"https:\/\/aktialiiga.fi\/miehet\/wp-json\/wp\/v2\/media?parent=24138"}],"wp:term":[{"taxonomy":"category","embeddable":true,"href":"https:\/\/aktialiiga.fi\/miehet\/wp-json\/wp\/v2\/categories?post=24138"},{"taxonomy":"post_tag","embeddable":true,"href":"https:\/\/aktialiiga.fi\/miehet\/wp-json\/wp\/v2\/tags?post=24138"}],"curies":[{"name":"wp","href":"https:\/\/api.w.org\/{rel}","templated":true}]}}