{"id":24291,"date":"2019-10-29T22:20:27","date_gmt":"2019-10-29T20:20:27","guid":{"rendered":"https:\/\/aktialiiga.fi\/miehet\/?p=24291"},"modified":"2019-10-29T22:20:27","modified_gmt":"2019-10-29T20:20:27","slug":"sm-liiga-palaa-tauolta-keskiviikkona-karkikamppailulla","status":"publish","type":"post","link":"https:\/\/aktialiiga.fi\/miehet\/2019-2020\/ennakot-2019-2020\/sm-liiga-palaa-tauolta-keskiviikkona-karkikamppailulla\/","title":{"rendered":"SM-liiga palaa tauolta keskiviikkona k\u00e4rkikamppailulla"},"content":{"rendered":"<p>Maaottelutauko on takana ja SM-liiga jatkuu j\u00e4lleen keskiviikkona 30.10., kun ohjelmassa on heti todellinen huippuottelu.<\/p>\n<p>Viime kauden finalistit Cocks ja Dicken iskev\u00e4t yhteen Cocks Areenalla. Otteluun l\u00e4hdet\u00e4\u00e4n asetelmista, joissa Dicken on ainoana joukkueena viel\u00e4 pistemenetyksitt\u00e4 sarjataulukon k\u00e4rjess\u00e4, mutta yhden tappion k\u00e4rsinyt Cocks tasoittaisi voitolla k\u00e4rke\u00e4 merkitt\u00e4v\u00e4sti.<\/p>\n<p>Kauden ensimm\u00e4iseen \u201dEl Romanticoon\u201d Cocks joutuu l\u00e4htem\u00e4\u00e4n hiukan siipirikkoisena, sill\u00e4 keskiviikon kamppailusta puuttuvat ainakin Davor Basaric yl\u00e4vartalovamman takia sek\u00e4 Teemu Tamminen pelikiellon vuoksi.<\/p>\n<p>Kummankin joukkueen pelaajilla on maajoukkuetauon aikana pit\u00e4nyt kiirett\u00e4. Cocks pelasi viime viikonloppuna viel\u00e4 Mestarien liigaa ja sen j\u00e4lkeen pelaajia liittyi maajoukkueen riveihin MM-karsinnan avaukseen. Dickenist\u00e4 puolestaan MM-karsinnassa ja sit\u00e4 edelt\u00e4neiss\u00e4 Japani-otteluissa oli mukana per\u00e4ti kahdeksan pelaajaa kaikkineen.<\/p>\n<p>Nyt maajoukkueessa samalla puolella olleet pelaajat ovat taas vastakkain ja ottelussa pedataan jo asetelmia koko runkosarjan lopputulemaakin ajatellen.<\/p>\n<p>Cocks \u2013 Dicken alkaa keskiviikkona kello 19.00 ja ottelua voi seurata suorana l\u00e4hetyksen\u00e4 tutun SolidSportin lis\u00e4ksi my\u00f6s VeikkausTV:ss\u00e4-<\/p>\n","protected":false},"excerpt":{"rendered":"<p>Maaottelutauko on takana ja SM-liiga jatkuu j\u00e4lleen keskiviikkona 30.10., kun ohjelmassa on heti todellinen huippuottelu. Viime kauden finalistit Cocks ja Dicken iskev\u00e4t yhteen Cocks Areenalla. Otteluun l\u00e4hdet\u00e4\u00e4n asetelmista, joissa Dicken on ainoana joukkueena viel\u00e4 pistemenetyksitt\u00e4 sarjataulukon k\u00e4rjess\u00e4, mutta yhden tappion k\u00e4rsinyt Cocks tasoittaisi voitolla k\u00e4rke\u00e4 merkitt\u00e4v\u00e4sti. Kauden ensimm\u00e4iseen \u201dEl Romanticoon\u201d Cocks joutuu l\u00e4htem\u00e4\u00e4n hiukan siipirikkoisena, [&hellip;]<\/p>\n","protected":false},"author":13,"featured_media":24145,"comment_status":"closed","ping_status":"closed","sticky":false,"template":"","format":"standard","meta":{"_acf_changed":false,"jetpack_post_was_ever_published":false,"_jetpack_newsletter_access":"","_jetpack_dont_email_post_to_subs":false,"_jetpack_newsletter_tier_id":0,"_jetpack_memberships_contains_paywalled_content":false,"_jetpack_memberships_contains_paid_content":false,"footnotes":""},"categories":[227],"tags":[57,58],"class_list":["post-24291","post","type-post","status-publish","format-standard","has-post-thumbnail","hentry","category-ennakot-2019-2020","tag-cocks","tag-dicken"],"acf":[],"yoast_head":"<!-- This site is optimized with the Yoast SEO plugin v27.5 - https:\/\/yoast.com\/product\/yoast-seo-wordpress\/ -->\n<title>SM-liiga palaa tauolta keskiviikkona k\u00e4rkikamppailulla | K\u00e4sipallon miesten Aktialiiga<\/title>\n<meta name=\"robots\" content=\"index, follow, max-snippet:-1, max-image-preview:large, max-video-preview:-1\" \/>\n<link rel=\"canonical\" href=\"https:\/\/aktialiiga.fi\/miehet\/2019-2020\/ennakot-2019-2020\/sm-liiga-palaa-tauolta-keskiviikkona-karkikamppailulla\/\" \/>\n<meta property=\"og:locale\" content=\"fi_FI\" \/>\n<meta property=\"og:type\" content=\"article\" \/>\n<meta property=\"og:title\" content=\"SM-liiga palaa tauolta keskiviikkona k\u00e4rkikamppailulla | K\u00e4sipallon miesten Aktialiiga\" \/>\n<meta property=\"og:description\" content=\"Maaottelutauko on takana ja SM-liiga jatkuu j\u00e4lleen keskiviikkona 30.10., kun ohjelmassa on heti todellinen huippuottelu. Viime kauden finalistit Cocks ja Dicken iskev\u00e4t yhteen Cocks Areenalla. Otteluun l\u00e4hdet\u00e4\u00e4n asetelmista, joissa Dicken on ainoana joukkueena viel\u00e4 pistemenetyksitt\u00e4 sarjataulukon k\u00e4rjess\u00e4, mutta yhden tappion k\u00e4rsinyt Cocks tasoittaisi voitolla k\u00e4rke\u00e4 merkitt\u00e4v\u00e4sti. Kauden ensimm\u00e4iseen \u201dEl Romanticoon\u201d Cocks joutuu l\u00e4htem\u00e4\u00e4n hiukan siipirikkoisena, [&hellip;]\" \/>\n<meta property=\"og:url\" content=\"https:\/\/aktialiiga.fi\/miehet\/2019-2020\/ennakot-2019-2020\/sm-liiga-palaa-tauolta-keskiviikkona-karkikamppailulla\/\" \/>\n<meta property=\"og:site_name\" content=\"K\u00e4sipallon miesten Aktialiiga\" \/>\n<meta property=\"article:publisher\" content=\"https:\/\/www.facebook.com\/finnhandball\" \/>\n<meta property=\"article:published_time\" content=\"2019-10-29T20:20:27+00:00\" \/>\n<meta property=\"og:image\" content=\"https:\/\/i0.wp.com\/aktialiiga.fi\/miehet\/wp-content\/uploads\/sites\/5\/2019\/10\/Cocks_pelaajia_1920.jpg?fit=711%2C330&ssl=1\" \/>\n\t<meta property=\"og:image:width\" content=\"711\" \/>\n\t<meta property=\"og:image:height\" content=\"330\" \/>\n\t<meta property=\"og:image:type\" content=\"image\/jpeg\" \/>\n<meta name=\"author\" content=\"tbrmedia\" \/>\n<meta name=\"twitter:card\" content=\"summary_large_image\" \/>\n<meta name=\"twitter:creator\" content=\"@finnhandball\" \/>\n<meta name=\"twitter:site\" content=\"@finnhandball\" \/>\n<script type=\"application\/ld+json\" class=\"yoast-schema-graph\">{\"@context\":\"https:\\\/\\\/schema.org\",\"@graph\":[{\"@type\":\"Article\",\"@id\":\"https:\\\/\\\/aktialiiga.fi\\\/miehet\\\/2019-2020\\\/ennakot-2019-2020\\\/sm-liiga-palaa-tauolta-keskiviikkona-karkikamppailulla\\\/#article\",\"isPartOf\":{\"@id\":\"https:\\\/\\\/aktialiiga.fi\\\/miehet\\\/2019-2020\\\/ennakot-2019-2020\\\/sm-liiga-palaa-tauolta-keskiviikkona-karkikamppailulla\\\/\"},\"author\":{\"name\":\"tbrmedia\",\"@id\":\"https:\\\/\\\/aktialiiga.fi\\\/miehet\\\/#\\\/schema\\\/person\\\/c14bf42f47041db74603c45afcb18d87\"},\"headline\":\"SM-liiga palaa tauolta keskiviikkona k\u00e4rkikamppailulla\",\"datePublished\":\"2019-10-29T20:20:27+00:00\",\"mainEntityOfPage\":{\"@id\":\"https:\\\/\\\/aktialiiga.fi\\\/miehet\\\/2019-2020\\\/ennakot-2019-2020\\\/sm-liiga-palaa-tauolta-keskiviikkona-karkikamppailulla\\\/\"},\"wordCount\":166,\"publisher\":{\"@id\":\"https:\\\/\\\/aktialiiga.fi\\\/miehet\\\/#organization\"},\"image\":{\"@id\":\"https:\\\/\\\/aktialiiga.fi\\\/miehet\\\/2019-2020\\\/ennakot-2019-2020\\\/sm-liiga-palaa-tauolta-keskiviikkona-karkikamppailulla\\\/#primaryimage\"},\"thumbnailUrl\":\"https:\\\/\\\/i0.wp.com\\\/aktialiiga.fi\\\/miehet\\\/wp-content\\\/uploads\\\/sites\\\/5\\\/2019\\\/10\\\/Cocks_pelaajia_1920.jpg?fit=711%2C330&ssl=1\",\"keywords\":[\"Cocks\",\"Dicken\"],\"articleSection\":[\"Ennakot\"],\"inLanguage\":\"fi\"},{\"@type\":\"WebPage\",\"@id\":\"https:\\\/\\\/aktialiiga.fi\\\/miehet\\\/2019-2020\\\/ennakot-2019-2020\\\/sm-liiga-palaa-tauolta-keskiviikkona-karkikamppailulla\\\/\",\"url\":\"https:\\\/\\\/aktialiiga.fi\\\/miehet\\\/2019-2020\\\/ennakot-2019-2020\\\/sm-liiga-palaa-tauolta-keskiviikkona-karkikamppailulla\\\/\",\"name\":\"SM-liiga palaa tauolta keskiviikkona k\u00e4rkikamppailulla | K\u00e4sipallon miesten Aktialiiga\",\"isPartOf\":{\"@id\":\"https:\\\/\\\/aktialiiga.fi\\\/miehet\\\/#website\"},\"primaryImageOfPage\":{\"@id\":\"https:\\\/\\\/aktialiiga.fi\\\/miehet\\\/2019-2020\\\/ennakot-2019-2020\\\/sm-liiga-palaa-tauolta-keskiviikkona-karkikamppailulla\\\/#primaryimage\"},\"image\":{\"@id\":\"https:\\\/\\\/aktialiiga.fi\\\/miehet\\\/2019-2020\\\/ennakot-2019-2020\\\/sm-liiga-palaa-tauolta-keskiviikkona-karkikamppailulla\\\/#primaryimage\"},\"thumbnailUrl\":\"https:\\\/\\\/i0.wp.com\\\/aktialiiga.fi\\\/miehet\\\/wp-content\\\/uploads\\\/sites\\\/5\\\/2019\\\/10\\\/Cocks_pelaajia_1920.jpg?fit=711%2C330&ssl=1\",\"datePublished\":\"2019-10-29T20:20:27+00:00\",\"breadcrumb\":{\"@id\":\"https:\\\/\\\/aktialiiga.fi\\\/miehet\\\/2019-2020\\\/ennakot-2019-2020\\\/sm-liiga-palaa-tauolta-keskiviikkona-karkikamppailulla\\\/#breadcrumb\"},\"inLanguage\":\"fi\",\"potentialAction\":[{\"@type\":\"ReadAction\",\"target\":[\"https:\\\/\\\/aktialiiga.fi\\\/miehet\\\/2019-2020\\\/ennakot-2019-2020\\\/sm-liiga-palaa-tauolta-keskiviikkona-karkikamppailulla\\\/\"]}]},{\"@type\":\"ImageObject\",\"inLanguage\":\"fi\",\"@id\":\"https:\\\/\\\/aktialiiga.fi\\\/miehet\\\/2019-2020\\\/ennakot-2019-2020\\\/sm-liiga-palaa-tauolta-keskiviikkona-karkikamppailulla\\\/#primaryimage\",\"url\":\"https:\\\/\\\/i0.wp.com\\\/aktialiiga.fi\\\/miehet\\\/wp-content\\\/uploads\\\/sites\\\/5\\\/2019\\\/10\\\/Cocks_pelaajia_1920.jpg?fit=711%2C330&ssl=1\",\"contentUrl\":\"https:\\\/\\\/i0.wp.com\\\/aktialiiga.fi\\\/miehet\\\/wp-content\\\/uploads\\\/sites\\\/5\\\/2019\\\/10\\\/Cocks_pelaajia_1920.jpg?fit=711%2C330&ssl=1\",\"width\":711,\"height\":330},{\"@type\":\"BreadcrumbList\",\"@id\":\"https:\\\/\\\/aktialiiga.fi\\\/miehet\\\/2019-2020\\\/ennakot-2019-2020\\\/sm-liiga-palaa-tauolta-keskiviikkona-karkikamppailulla\\\/#breadcrumb\",\"itemListElement\":[{\"@type\":\"ListItem\",\"position\":1,\"name\":\"Etusivu\",\"item\":\"https:\\\/\\\/aktialiiga.fi\\\/miehet\\\/\"},{\"@type\":\"ListItem\",\"position\":2,\"name\":\"SM-liiga palaa tauolta keskiviikkona k\u00e4rkikamppailulla\"}]},{\"@type\":\"WebSite\",\"@id\":\"https:\\\/\\\/aktialiiga.fi\\\/miehet\\\/#website\",\"url\":\"https:\\\/\\\/aktialiiga.fi\\\/miehet\\\/\",\"name\":\"K\u00e4sipallon miesten Aktialiiga\",\"description\":\"Valtakunnan vauhdikkainta palloilua!\",\"publisher\":{\"@id\":\"https:\\\/\\\/aktialiiga.fi\\\/miehet\\\/#organization\"},\"potentialAction\":[{\"@type\":\"SearchAction\",\"target\":{\"@type\":\"EntryPoint\",\"urlTemplate\":\"https:\\\/\\\/aktialiiga.fi\\\/miehet\\\/?s={search_term_string}\"},\"query-input\":{\"@type\":\"PropertyValueSpecification\",\"valueRequired\":true,\"valueName\":\"search_term_string\"}}],\"inLanguage\":\"fi\"},{\"@type\":\"Organization\",\"@id\":\"https:\\\/\\\/aktialiiga.fi\\\/miehet\\\/#organization\",\"name\":\"K\u00e4sipallon miesten Aktialiiga\",\"url\":\"https:\\\/\\\/aktialiiga.fi\\\/miehet\\\/\",\"logo\":{\"@type\":\"ImageObject\",\"inLanguage\":\"fi\",\"@id\":\"https:\\\/\\\/aktialiiga.fi\\\/miehet\\\/#\\\/schema\\\/logo\\\/image\\\/\",\"url\":\"https:\\\/\\\/i0.wp.com\\\/aktialiiga.fi\\\/miehet\\\/wp-content\\\/uploads\\\/sites\\\/5\\\/2024\\\/09\\\/Aktialiiga-Yoast-512.png?fit=512%2C512&ssl=1\",\"contentUrl\":\"https:\\\/\\\/i0.wp.com\\\/aktialiiga.fi\\\/miehet\\\/wp-content\\\/uploads\\\/sites\\\/5\\\/2024\\\/09\\\/Aktialiiga-Yoast-512.png?fit=512%2C512&ssl=1\",\"width\":512,\"height\":512,\"caption\":\"K\u00e4sipallon miesten Aktialiiga\"},\"image\":{\"@id\":\"https:\\\/\\\/aktialiiga.fi\\\/miehet\\\/#\\\/schema\\\/logo\\\/image\\\/\"},\"sameAs\":[\"https:\\\/\\\/www.facebook.com\\\/finnhandball\",\"https:\\\/\\\/x.com\\\/finnhandball\",\"https:\\\/\\\/www.instagram.com\\\/handballfinland\\\/\"]},{\"@type\":\"Person\",\"@id\":\"https:\\\/\\\/aktialiiga.fi\\\/miehet\\\/#\\\/schema\\\/person\\\/c14bf42f47041db74603c45afcb18d87\",\"name\":\"tbrmedia\",\"image\":{\"@type\":\"ImageObject\",\"inLanguage\":\"fi\",\"@id\":\"https:\\\/\\\/secure.gravatar.com\\\/avatar\\\/ee975fa091fe581d12b60debb3439022686618368a7c142044c56724d4666b16?s=96&d=mm&r=g\",\"url\":\"https:\\\/\\\/secure.gravatar.com\\\/avatar\\\/ee975fa091fe581d12b60debb3439022686618368a7c142044c56724d4666b16?s=96&d=mm&r=g\",\"contentUrl\":\"https:\\\/\\\/secure.gravatar.com\\\/avatar\\\/ee975fa091fe581d12b60debb3439022686618368a7c142044c56724d4666b16?s=96&d=mm&r=g\",\"caption\":\"tbrmedia\"}}]}<\/script>\n<!-- \/ Yoast SEO plugin. -->","yoast_head_json":{"title":"SM-liiga palaa tauolta keskiviikkona k\u00e4rkikamppailulla | K\u00e4sipallon miesten Aktialiiga","robots":{"index":"index","follow":"follow","max-snippet":"max-snippet:-1","max-image-preview":"max-image-preview:large","max-video-preview":"max-video-preview:-1"},"canonical":"https:\/\/aktialiiga.fi\/miehet\/2019-2020\/ennakot-2019-2020\/sm-liiga-palaa-tauolta-keskiviikkona-karkikamppailulla\/","og_locale":"fi_FI","og_type":"article","og_title":"SM-liiga palaa tauolta keskiviikkona k\u00e4rkikamppailulla | K\u00e4sipallon miesten Aktialiiga","og_description":"Maaottelutauko on takana ja SM-liiga jatkuu j\u00e4lleen keskiviikkona 30.10., kun ohjelmassa on heti todellinen huippuottelu. Viime kauden finalistit Cocks ja Dicken iskev\u00e4t yhteen Cocks Areenalla. Otteluun l\u00e4hdet\u00e4\u00e4n asetelmista, joissa Dicken on ainoana joukkueena viel\u00e4 pistemenetyksitt\u00e4 sarjataulukon k\u00e4rjess\u00e4, mutta yhden tappion k\u00e4rsinyt Cocks tasoittaisi voitolla k\u00e4rke\u00e4 merkitt\u00e4v\u00e4sti. Kauden ensimm\u00e4iseen \u201dEl Romanticoon\u201d Cocks joutuu l\u00e4htem\u00e4\u00e4n hiukan siipirikkoisena, [&hellip;]","og_url":"https:\/\/aktialiiga.fi\/miehet\/2019-2020\/ennakot-2019-2020\/sm-liiga-palaa-tauolta-keskiviikkona-karkikamppailulla\/","og_site_name":"K\u00e4sipallon miesten Aktialiiga","article_publisher":"https:\/\/www.facebook.com\/finnhandball","article_published_time":"2019-10-29T20:20:27+00:00","og_image":[{"width":711,"height":330,"url":"https:\/\/i0.wp.com\/aktialiiga.fi\/miehet\/wp-content\/uploads\/sites\/5\/2019\/10\/Cocks_pelaajia_1920.jpg?fit=711%2C330&ssl=1","type":"image\/jpeg"}],"author":"tbrmedia","twitter_card":"summary_large_image","twitter_creator":"@finnhandball","twitter_site":"@finnhandball","schema":{"@context":"https:\/\/schema.org","@graph":[{"@type":"Article","@id":"https:\/\/aktialiiga.fi\/miehet\/2019-2020\/ennakot-2019-2020\/sm-liiga-palaa-tauolta-keskiviikkona-karkikamppailulla\/#article","isPartOf":{"@id":"https:\/\/aktialiiga.fi\/miehet\/2019-2020\/ennakot-2019-2020\/sm-liiga-palaa-tauolta-keskiviikkona-karkikamppailulla\/"},"author":{"name":"tbrmedia","@id":"https:\/\/aktialiiga.fi\/miehet\/#\/schema\/person\/c14bf42f47041db74603c45afcb18d87"},"headline":"SM-liiga palaa tauolta keskiviikkona k\u00e4rkikamppailulla","datePublished":"2019-10-29T20:20:27+00:00","mainEntityOfPage":{"@id":"https:\/\/aktialiiga.fi\/miehet\/2019-2020\/ennakot-2019-2020\/sm-liiga-palaa-tauolta-keskiviikkona-karkikamppailulla\/"},"wordCount":166,"publisher":{"@id":"https:\/\/aktialiiga.fi\/miehet\/#organization"},"image":{"@id":"https:\/\/aktialiiga.fi\/miehet\/2019-2020\/ennakot-2019-2020\/sm-liiga-palaa-tauolta-keskiviikkona-karkikamppailulla\/#primaryimage"},"thumbnailUrl":"https:\/\/i0.wp.com\/aktialiiga.fi\/miehet\/wp-content\/uploads\/sites\/5\/2019\/10\/Cocks_pelaajia_1920.jpg?fit=711%2C330&ssl=1","keywords":["Cocks","Dicken"],"articleSection":["Ennakot"],"inLanguage":"fi"},{"@type":"WebPage","@id":"https:\/\/aktialiiga.fi\/miehet\/2019-2020\/ennakot-2019-2020\/sm-liiga-palaa-tauolta-keskiviikkona-karkikamppailulla\/","url":"https:\/\/aktialiiga.fi\/miehet\/2019-2020\/ennakot-2019-2020\/sm-liiga-palaa-tauolta-keskiviikkona-karkikamppailulla\/","name":"SM-liiga palaa tauolta keskiviikkona k\u00e4rkikamppailulla | K\u00e4sipallon miesten Aktialiiga","isPartOf":{"@id":"https:\/\/aktialiiga.fi\/miehet\/#website"},"primaryImageOfPage":{"@id":"https:\/\/aktialiiga.fi\/miehet\/2019-2020\/ennakot-2019-2020\/sm-liiga-palaa-tauolta-keskiviikkona-karkikamppailulla\/#primaryimage"},"image":{"@id":"https:\/\/aktialiiga.fi\/miehet\/2019-2020\/ennakot-2019-2020\/sm-liiga-palaa-tauolta-keskiviikkona-karkikamppailulla\/#primaryimage"},"thumbnailUrl":"https:\/\/i0.wp.com\/aktialiiga.fi\/miehet\/wp-content\/uploads\/sites\/5\/2019\/10\/Cocks_pelaajia_1920.jpg?fit=711%2C330&ssl=1","datePublished":"2019-10-29T20:20:27+00:00","breadcrumb":{"@id":"https:\/\/aktialiiga.fi\/miehet\/2019-2020\/ennakot-2019-2020\/sm-liiga-palaa-tauolta-keskiviikkona-karkikamppailulla\/#breadcrumb"},"inLanguage":"fi","potentialAction":[{"@type":"ReadAction","target":["https:\/\/aktialiiga.fi\/miehet\/2019-2020\/ennakot-2019-2020\/sm-liiga-palaa-tauolta-keskiviikkona-karkikamppailulla\/"]}]},{"@type":"ImageObject","inLanguage":"fi","@id":"https:\/\/aktialiiga.fi\/miehet\/2019-2020\/ennakot-2019-2020\/sm-liiga-palaa-tauolta-keskiviikkona-karkikamppailulla\/#primaryimage","url":"https:\/\/i0.wp.com\/aktialiiga.fi\/miehet\/wp-content\/uploads\/sites\/5\/2019\/10\/Cocks_pelaajia_1920.jpg?fit=711%2C330&ssl=1","contentUrl":"https:\/\/i0.wp.com\/aktialiiga.fi\/miehet\/wp-content\/uploads\/sites\/5\/2019\/10\/Cocks_pelaajia_1920.jpg?fit=711%2C330&ssl=1","width":711,"height":330},{"@type":"BreadcrumbList","@id":"https:\/\/aktialiiga.fi\/miehet\/2019-2020\/ennakot-2019-2020\/sm-liiga-palaa-tauolta-keskiviikkona-karkikamppailulla\/#breadcrumb","itemListElement":[{"@type":"ListItem","position":1,"name":"Etusivu","item":"https:\/\/aktialiiga.fi\/miehet\/"},{"@type":"ListItem","position":2,"name":"SM-liiga palaa tauolta keskiviikkona k\u00e4rkikamppailulla"}]},{"@type":"WebSite","@id":"https:\/\/aktialiiga.fi\/miehet\/#website","url":"https:\/\/aktialiiga.fi\/miehet\/","name":"K\u00e4sipallon miesten Aktialiiga","description":"Valtakunnan vauhdikkainta palloilua!","publisher":{"@id":"https:\/\/aktialiiga.fi\/miehet\/#organization"},"potentialAction":[{"@type":"SearchAction","target":{"@type":"EntryPoint","urlTemplate":"https:\/\/aktialiiga.fi\/miehet\/?s={search_term_string}"},"query-input":{"@type":"PropertyValueSpecification","valueRequired":true,"valueName":"search_term_string"}}],"inLanguage":"fi"},{"@type":"Organization","@id":"https:\/\/aktialiiga.fi\/miehet\/#organization","name":"K\u00e4sipallon miesten Aktialiiga","url":"https:\/\/aktialiiga.fi\/miehet\/","logo":{"@type":"ImageObject","inLanguage":"fi","@id":"https:\/\/aktialiiga.fi\/miehet\/#\/schema\/logo\/image\/","url":"https:\/\/i0.wp.com\/aktialiiga.fi\/miehet\/wp-content\/uploads\/sites\/5\/2024\/09\/Aktialiiga-Yoast-512.png?fit=512%2C512&ssl=1","contentUrl":"https:\/\/i0.wp.com\/aktialiiga.fi\/miehet\/wp-content\/uploads\/sites\/5\/2024\/09\/Aktialiiga-Yoast-512.png?fit=512%2C512&ssl=1","width":512,"height":512,"caption":"K\u00e4sipallon miesten Aktialiiga"},"image":{"@id":"https:\/\/aktialiiga.fi\/miehet\/#\/schema\/logo\/image\/"},"sameAs":["https:\/\/www.facebook.com\/finnhandball","https:\/\/x.com\/finnhandball","https:\/\/www.instagram.com\/handballfinland\/"]},{"@type":"Person","@id":"https:\/\/aktialiiga.fi\/miehet\/#\/schema\/person\/c14bf42f47041db74603c45afcb18d87","name":"tbrmedia","image":{"@type":"ImageObject","inLanguage":"fi","@id":"https:\/\/secure.gravatar.com\/avatar\/ee975fa091fe581d12b60debb3439022686618368a7c142044c56724d4666b16?s=96&d=mm&r=g","url":"https:\/\/secure.gravatar.com\/avatar\/ee975fa091fe581d12b60debb3439022686618368a7c142044c56724d4666b16?s=96&d=mm&r=g","contentUrl":"https:\/\/secure.gravatar.com\/avatar\/ee975fa091fe581d12b60debb3439022686618368a7c142044c56724d4666b16?s=96&d=mm&r=g","caption":"tbrmedia"}}]}},"jetpack_featured_media_url":"https:\/\/i0.wp.com\/aktialiiga.fi\/miehet\/wp-content\/uploads\/sites\/5\/2019\/10\/Cocks_pelaajia_1920.jpg?fit=711%2C330&ssl=1","jetpack_sharing_enabled":true,"jetpack_shortlink":"https:\/\/wp.me\/pfTxOr-6jN","_links":{"self":[{"href":"https:\/\/aktialiiga.fi\/miehet\/wp-json\/wp\/v2\/posts\/24291","targetHints":{"allow":["GET"]}}],"collection":[{"href":"https:\/\/aktialiiga.fi\/miehet\/wp-json\/wp\/v2\/posts"}],"about":[{"href":"https:\/\/aktialiiga.fi\/miehet\/wp-json\/wp\/v2\/types\/post"}],"author":[{"embeddable":true,"href":"https:\/\/aktialiiga.fi\/miehet\/wp-json\/wp\/v2\/users\/13"}],"replies":[{"embeddable":true,"href":"https:\/\/aktialiiga.fi\/miehet\/wp-json\/wp\/v2\/comments?post=24291"}],"version-history":[{"count":0,"href":"https:\/\/aktialiiga.fi\/miehet\/wp-json\/wp\/v2\/posts\/24291\/revisions"}],"wp:featuredmedia":[{"embeddable":true,"href":"https:\/\/aktialiiga.fi\/miehet\/wp-json\/wp\/v2\/media\/24145"}],"wp:attachment":[{"href":"https:\/\/aktialiiga.fi\/miehet\/wp-json\/wp\/v2\/media?parent=24291"}],"wp:term":[{"taxonomy":"category","embeddable":true,"href":"https:\/\/aktialiiga.fi\/miehet\/wp-json\/wp\/v2\/categories?post=24291"},{"taxonomy":"post_tag","embeddable":true,"href":"https:\/\/aktialiiga.fi\/miehet\/wp-json\/wp\/v2\/tags?post=24291"}],"curies":[{"name":"wp","href":"https:\/\/api.w.org\/{rel}","templated":true}]}}