{"id":24402,"date":"2019-11-09T17:59:36","date_gmt":"2019-11-09T15:59:36","guid":{"rendered":"https:\/\/aktialiiga.fi\/miehet\/?p=24402"},"modified":"2019-11-09T22:35:46","modified_gmt":"2019-11-09T20:35:46","slug":"grifklle-ja-piflle-kauden-avauspiste","status":"publish","type":"post","link":"https:\/\/aktialiiga.fi\/miehet\/2019-2020\/ottelut-2019-2020\/grifklle-ja-piflle-kauden-avauspiste\/","title":{"rendered":"GrIFK:lle ja PIF:lle kauden avauspiste"},"content":{"rendered":"<p>GrIFK ja PIF avasivat kumpikin kauden pistetilins\u00e4 pelattuaan lauantaina Kauniaisissa tasapelin maalein 30-30.<\/p>\n<p>Kotijoukkue Grani aloitti ottelun vahvemmin ja johti parhaimmillaan jo nelj\u00e4ll\u00e4 maalilla. PIF tuli kuitenkin vahvasti avausjakson j\u00e4lkimm\u00e4isell\u00e4 puolikkaalla, nousi tasoihin ja tauon alla jo parin maalin johtoonkin.<\/p>\n<p>Toisen jakson alussa paraislaisten johto puolestaan oli jo nelj\u00e4ss\u00e4 osumassa, kunnes kotijoukkue aloitti nousunsa, puristi ensin rinnalle ja sitten ohi. Granin johto piti melkein loppuun saakka, kunnes Piffen viime hetkill\u00e4 nousi pistejakoon.<\/p>\n<p>GrIFK:n p\u00e4\u00e4valmentaja Kaj Hagman oli pettynyt tulokseen ja n\u00e4ki taustalla vaikean alkukauden.<\/p>\n<p>&#8211; Itseluottamus on pahasti pakkasen puolella. T\u00e4m\u00e4 heijastuu peliin ja lopputulos on t\u00e4m\u00e4n n\u00e4k\u00f6inen, Hagman ruoti.<\/p>\n<p>Vakuuttavimman pelaajan tittelin ja kolme L\u00e4hiTapiola-t\u00e4hte\u00e4 kuitannut Granin Erik \u00c5kermarck oli Hagmanin tavoin pettynyt.<\/p>\n<p>&#8211; Ensimm\u00e4isell\u00e4 puoliajalla meid\u00e4n puolustus ei toiminut oikein lainkaan. Hy\u00f6kk\u00e4yspeli toimi ajoittain ihan hyvin. Lopussa sitten tyrittiin ottelu, \u00c5kermarck manasi.<\/p>\n<p>PIF-luotsi Besim Qerimi oli pisteeseen selke\u00e4sti tyytyv\u00e4isempi.<\/p>\n<p>&#8211; Minun mielest\u00e4ni tasapeli oli ihan oikea tulos. Ottelu olisi voinut k\u00e4\u00e4nty\u00e4 kumpaakin suuntaan, t\u00e4n\u00e4\u00e4n nyt oli t\u00e4llaista.<\/p>\n<p><strong>GrIFK \u2013 PIF 30-30 (14-16)<\/strong><\/p>\n<p><strong>Maalintekij\u00e4t<\/strong>: maalit (7m maalit)<br \/>\nGrIFK: Erik \u00c5kermarck 7, Anthony Hellakoski 6 (3), Fredrik Forss 5, Nikola Zujic 4, Ville Viljanen 2, Jere Kantee 2, Jonathan Almark 2, Daniel L\u00e5ng 1, Alexander L\u00e5ng 1<br \/>\nPIF: Aleksa Veselinovic 9 (5), Aleksandar Trenchevski 7, Ilija Krstevski 4, Mikael Manderoos 3, Viktor Gruzinskiy 3, Fredrik Lunden 2 (1), Valter Lehtinen 2<\/p>\n<p><strong>L\u00e4hiTapiola-t\u00e4htipelaajat<\/strong><br \/>\nErik \u00c5kermarck GrIFK 3<br \/>\nFredrik Forss GrIFK 2<br \/>\nAleksandar Trenchevski PIF 1<\/p>\n<p><strong>2 min ulosajot sek\u00e4 pelist\u00e4 sulkemiset<\/strong><br \/>\nGrIFK: Alexander L\u00e5ng 2 x 2 min, Anthony Hellakoski 1 x 2 min, Fredrik Forss 1 x 2 min, Nikola Zujic 1 x 2 min<br \/>\nPIF: Fredrik Lunden 1 x 2 min, suora punainen kortti, Valter Lehtinen 2 x 2 min<\/p>\n<p><em>Erotuomarit<\/em>: Johan Skogberg &#8211; Sami Kinnari<\/p>\n<p><em>Yleis\u00f6\u00e4<\/em>: 162<\/p>\n","protected":false},"excerpt":{"rendered":"<p>GrIFK ja PIF avasivat kumpikin kauden pistetilins\u00e4 pelattuaan lauantaina Kauniaisissa tasapelin maalein 30-30. Kotijoukkue Grani aloitti ottelun vahvemmin ja johti parhaimmillaan jo nelj\u00e4ll\u00e4 maalilla. PIF tuli kuitenkin vahvasti avausjakson j\u00e4lkimm\u00e4isell\u00e4 puolikkaalla, nousi tasoihin ja tauon alla jo parin maalin johtoonkin. Toisen jakson alussa paraislaisten johto puolestaan oli jo nelj\u00e4ss\u00e4 osumassa, kunnes kotijoukkue aloitti nousunsa, puristi [&hellip;]<\/p>\n","protected":false},"author":13,"featured_media":24413,"comment_status":"closed","ping_status":"closed","sticky":false,"template":"","format":"standard","meta":{"_acf_changed":false,"jetpack_post_was_ever_published":false,"_jetpack_newsletter_access":"","_jetpack_dont_email_post_to_subs":false,"_jetpack_newsletter_tier_id":0,"_jetpack_memberships_contains_paywalled_content":false,"_jetpack_memberships_contains_paid_content":false,"footnotes":""},"categories":[230],"tags":[64,98],"class_list":["post-24402","post","type-post","status-publish","format-standard","has-post-thumbnail","hentry","category-ottelut-2019-2020","tag-grifk","tag-pif"],"acf":[],"yoast_head":"<!-- This site is optimized with the Yoast SEO plugin v27.5 - https:\/\/yoast.com\/product\/yoast-seo-wordpress\/ -->\n<title>GrIFK:lle ja PIF:lle kauden avauspiste | K\u00e4sipallon miesten Aktialiiga<\/title>\n<meta name=\"robots\" content=\"index, follow, max-snippet:-1, max-image-preview:large, max-video-preview:-1\" \/>\n<link rel=\"canonical\" href=\"https:\/\/aktialiiga.fi\/miehet\/2019-2020\/ottelut-2019-2020\/grifklle-ja-piflle-kauden-avauspiste\/\" \/>\n<meta property=\"og:locale\" content=\"fi_FI\" \/>\n<meta property=\"og:type\" content=\"article\" \/>\n<meta property=\"og:title\" content=\"GrIFK:lle ja PIF:lle kauden avauspiste | K\u00e4sipallon miesten Aktialiiga\" \/>\n<meta property=\"og:description\" content=\"GrIFK ja PIF avasivat kumpikin kauden pistetilins\u00e4 pelattuaan lauantaina Kauniaisissa tasapelin maalein 30-30. Kotijoukkue Grani aloitti ottelun vahvemmin ja johti parhaimmillaan jo nelj\u00e4ll\u00e4 maalilla. PIF tuli kuitenkin vahvasti avausjakson j\u00e4lkimm\u00e4isell\u00e4 puolikkaalla, nousi tasoihin ja tauon alla jo parin maalin johtoonkin. Toisen jakson alussa paraislaisten johto puolestaan oli jo nelj\u00e4ss\u00e4 osumassa, kunnes kotijoukkue aloitti nousunsa, puristi [&hellip;]\" \/>\n<meta property=\"og:url\" content=\"https:\/\/aktialiiga.fi\/miehet\/2019-2020\/ottelut-2019-2020\/grifklle-ja-piflle-kauden-avauspiste\/\" \/>\n<meta property=\"og:site_name\" content=\"K\u00e4sipallon miesten Aktialiiga\" \/>\n<meta property=\"article:publisher\" content=\"https:\/\/www.facebook.com\/finnhandball\" \/>\n<meta property=\"article:published_time\" content=\"2019-11-09T15:59:36+00:00\" \/>\n<meta property=\"article:modified_time\" content=\"2019-11-09T20:35:46+00:00\" \/>\n<meta property=\"og:image\" content=\"https:\/\/i0.wp.com\/aktialiiga.fi\/miehet\/wp-content\/uploads\/sites\/5\/2019\/11\/GrIFK_pelaajia_1920.jpg?fit=711%2C330&ssl=1\" \/>\n\t<meta property=\"og:image:width\" content=\"711\" \/>\n\t<meta property=\"og:image:height\" content=\"330\" \/>\n\t<meta property=\"og:image:type\" content=\"image\/jpeg\" \/>\n<meta name=\"author\" content=\"tbrmedia\" \/>\n<meta name=\"twitter:card\" content=\"summary_large_image\" \/>\n<meta name=\"twitter:creator\" content=\"@finnhandball\" \/>\n<meta name=\"twitter:site\" content=\"@finnhandball\" \/>\n<script type=\"application\/ld+json\" class=\"yoast-schema-graph\">{\"@context\":\"https:\\\/\\\/schema.org\",\"@graph\":[{\"@type\":\"Article\",\"@id\":\"https:\\\/\\\/aktialiiga.fi\\\/miehet\\\/2019-2020\\\/ottelut-2019-2020\\\/grifklle-ja-piflle-kauden-avauspiste\\\/#article\",\"isPartOf\":{\"@id\":\"https:\\\/\\\/aktialiiga.fi\\\/miehet\\\/2019-2020\\\/ottelut-2019-2020\\\/grifklle-ja-piflle-kauden-avauspiste\\\/\"},\"author\":{\"name\":\"tbrmedia\",\"@id\":\"https:\\\/\\\/aktialiiga.fi\\\/miehet\\\/#\\\/schema\\\/person\\\/c14bf42f47041db74603c45afcb18d87\"},\"headline\":\"GrIFK:lle ja PIF:lle kauden avauspiste\",\"datePublished\":\"2019-11-09T15:59:36+00:00\",\"dateModified\":\"2019-11-09T20:35:46+00:00\",\"mainEntityOfPage\":{\"@id\":\"https:\\\/\\\/aktialiiga.fi\\\/miehet\\\/2019-2020\\\/ottelut-2019-2020\\\/grifklle-ja-piflle-kauden-avauspiste\\\/\"},\"wordCount\":290,\"publisher\":{\"@id\":\"https:\\\/\\\/aktialiiga.fi\\\/miehet\\\/#organization\"},\"image\":{\"@id\":\"https:\\\/\\\/aktialiiga.fi\\\/miehet\\\/2019-2020\\\/ottelut-2019-2020\\\/grifklle-ja-piflle-kauden-avauspiste\\\/#primaryimage\"},\"thumbnailUrl\":\"https:\\\/\\\/i0.wp.com\\\/aktialiiga.fi\\\/miehet\\\/wp-content\\\/uploads\\\/sites\\\/5\\\/2019\\\/11\\\/GrIFK_pelaajia_1920.jpg?fit=711%2C330&ssl=1\",\"keywords\":[\"GrIFK\",\"PIF\"],\"articleSection\":[\"Ottelut\"],\"inLanguage\":\"fi\"},{\"@type\":\"WebPage\",\"@id\":\"https:\\\/\\\/aktialiiga.fi\\\/miehet\\\/2019-2020\\\/ottelut-2019-2020\\\/grifklle-ja-piflle-kauden-avauspiste\\\/\",\"url\":\"https:\\\/\\\/aktialiiga.fi\\\/miehet\\\/2019-2020\\\/ottelut-2019-2020\\\/grifklle-ja-piflle-kauden-avauspiste\\\/\",\"name\":\"GrIFK:lle ja PIF:lle kauden avauspiste | K\u00e4sipallon miesten Aktialiiga\",\"isPartOf\":{\"@id\":\"https:\\\/\\\/aktialiiga.fi\\\/miehet\\\/#website\"},\"primaryImageOfPage\":{\"@id\":\"https:\\\/\\\/aktialiiga.fi\\\/miehet\\\/2019-2020\\\/ottelut-2019-2020\\\/grifklle-ja-piflle-kauden-avauspiste\\\/#primaryimage\"},\"image\":{\"@id\":\"https:\\\/\\\/aktialiiga.fi\\\/miehet\\\/2019-2020\\\/ottelut-2019-2020\\\/grifklle-ja-piflle-kauden-avauspiste\\\/#primaryimage\"},\"thumbnailUrl\":\"https:\\\/\\\/i0.wp.com\\\/aktialiiga.fi\\\/miehet\\\/wp-content\\\/uploads\\\/sites\\\/5\\\/2019\\\/11\\\/GrIFK_pelaajia_1920.jpg?fit=711%2C330&ssl=1\",\"datePublished\":\"2019-11-09T15:59:36+00:00\",\"dateModified\":\"2019-11-09T20:35:46+00:00\",\"breadcrumb\":{\"@id\":\"https:\\\/\\\/aktialiiga.fi\\\/miehet\\\/2019-2020\\\/ottelut-2019-2020\\\/grifklle-ja-piflle-kauden-avauspiste\\\/#breadcrumb\"},\"inLanguage\":\"fi\",\"potentialAction\":[{\"@type\":\"ReadAction\",\"target\":[\"https:\\\/\\\/aktialiiga.fi\\\/miehet\\\/2019-2020\\\/ottelut-2019-2020\\\/grifklle-ja-piflle-kauden-avauspiste\\\/\"]}]},{\"@type\":\"ImageObject\",\"inLanguage\":\"fi\",\"@id\":\"https:\\\/\\\/aktialiiga.fi\\\/miehet\\\/2019-2020\\\/ottelut-2019-2020\\\/grifklle-ja-piflle-kauden-avauspiste\\\/#primaryimage\",\"url\":\"https:\\\/\\\/i0.wp.com\\\/aktialiiga.fi\\\/miehet\\\/wp-content\\\/uploads\\\/sites\\\/5\\\/2019\\\/11\\\/GrIFK_pelaajia_1920.jpg?fit=711%2C330&ssl=1\",\"contentUrl\":\"https:\\\/\\\/i0.wp.com\\\/aktialiiga.fi\\\/miehet\\\/wp-content\\\/uploads\\\/sites\\\/5\\\/2019\\\/11\\\/GrIFK_pelaajia_1920.jpg?fit=711%2C330&ssl=1\",\"width\":711,\"height\":330},{\"@type\":\"BreadcrumbList\",\"@id\":\"https:\\\/\\\/aktialiiga.fi\\\/miehet\\\/2019-2020\\\/ottelut-2019-2020\\\/grifklle-ja-piflle-kauden-avauspiste\\\/#breadcrumb\",\"itemListElement\":[{\"@type\":\"ListItem\",\"position\":1,\"name\":\"Etusivu\",\"item\":\"https:\\\/\\\/aktialiiga.fi\\\/miehet\\\/\"},{\"@type\":\"ListItem\",\"position\":2,\"name\":\"GrIFK:lle ja PIF:lle kauden avauspiste\"}]},{\"@type\":\"WebSite\",\"@id\":\"https:\\\/\\\/aktialiiga.fi\\\/miehet\\\/#website\",\"url\":\"https:\\\/\\\/aktialiiga.fi\\\/miehet\\\/\",\"name\":\"K\u00e4sipallon miesten Aktialiiga\",\"description\":\"Valtakunnan vauhdikkainta palloilua!\",\"publisher\":{\"@id\":\"https:\\\/\\\/aktialiiga.fi\\\/miehet\\\/#organization\"},\"potentialAction\":[{\"@type\":\"SearchAction\",\"target\":{\"@type\":\"EntryPoint\",\"urlTemplate\":\"https:\\\/\\\/aktialiiga.fi\\\/miehet\\\/?s={search_term_string}\"},\"query-input\":{\"@type\":\"PropertyValueSpecification\",\"valueRequired\":true,\"valueName\":\"search_term_string\"}}],\"inLanguage\":\"fi\"},{\"@type\":\"Organization\",\"@id\":\"https:\\\/\\\/aktialiiga.fi\\\/miehet\\\/#organization\",\"name\":\"K\u00e4sipallon miesten Aktialiiga\",\"url\":\"https:\\\/\\\/aktialiiga.fi\\\/miehet\\\/\",\"logo\":{\"@type\":\"ImageObject\",\"inLanguage\":\"fi\",\"@id\":\"https:\\\/\\\/aktialiiga.fi\\\/miehet\\\/#\\\/schema\\\/logo\\\/image\\\/\",\"url\":\"https:\\\/\\\/i0.wp.com\\\/aktialiiga.fi\\\/miehet\\\/wp-content\\\/uploads\\\/sites\\\/5\\\/2024\\\/09\\\/Aktialiiga-Yoast-512.png?fit=512%2C512&ssl=1\",\"contentUrl\":\"https:\\\/\\\/i0.wp.com\\\/aktialiiga.fi\\\/miehet\\\/wp-content\\\/uploads\\\/sites\\\/5\\\/2024\\\/09\\\/Aktialiiga-Yoast-512.png?fit=512%2C512&ssl=1\",\"width\":512,\"height\":512,\"caption\":\"K\u00e4sipallon miesten Aktialiiga\"},\"image\":{\"@id\":\"https:\\\/\\\/aktialiiga.fi\\\/miehet\\\/#\\\/schema\\\/logo\\\/image\\\/\"},\"sameAs\":[\"https:\\\/\\\/www.facebook.com\\\/finnhandball\",\"https:\\\/\\\/x.com\\\/finnhandball\",\"https:\\\/\\\/www.instagram.com\\\/handballfinland\\\/\"]},{\"@type\":\"Person\",\"@id\":\"https:\\\/\\\/aktialiiga.fi\\\/miehet\\\/#\\\/schema\\\/person\\\/c14bf42f47041db74603c45afcb18d87\",\"name\":\"tbrmedia\",\"image\":{\"@type\":\"ImageObject\",\"inLanguage\":\"fi\",\"@id\":\"https:\\\/\\\/secure.gravatar.com\\\/avatar\\\/ee975fa091fe581d12b60debb3439022686618368a7c142044c56724d4666b16?s=96&d=mm&r=g\",\"url\":\"https:\\\/\\\/secure.gravatar.com\\\/avatar\\\/ee975fa091fe581d12b60debb3439022686618368a7c142044c56724d4666b16?s=96&d=mm&r=g\",\"contentUrl\":\"https:\\\/\\\/secure.gravatar.com\\\/avatar\\\/ee975fa091fe581d12b60debb3439022686618368a7c142044c56724d4666b16?s=96&d=mm&r=g\",\"caption\":\"tbrmedia\"}}]}<\/script>\n<!-- \/ Yoast SEO plugin. -->","yoast_head_json":{"title":"GrIFK:lle ja PIF:lle kauden avauspiste | K\u00e4sipallon miesten Aktialiiga","robots":{"index":"index","follow":"follow","max-snippet":"max-snippet:-1","max-image-preview":"max-image-preview:large","max-video-preview":"max-video-preview:-1"},"canonical":"https:\/\/aktialiiga.fi\/miehet\/2019-2020\/ottelut-2019-2020\/grifklle-ja-piflle-kauden-avauspiste\/","og_locale":"fi_FI","og_type":"article","og_title":"GrIFK:lle ja PIF:lle kauden avauspiste | K\u00e4sipallon miesten Aktialiiga","og_description":"GrIFK ja PIF avasivat kumpikin kauden pistetilins\u00e4 pelattuaan lauantaina Kauniaisissa tasapelin maalein 30-30. Kotijoukkue Grani aloitti ottelun vahvemmin ja johti parhaimmillaan jo nelj\u00e4ll\u00e4 maalilla. PIF tuli kuitenkin vahvasti avausjakson j\u00e4lkimm\u00e4isell\u00e4 puolikkaalla, nousi tasoihin ja tauon alla jo parin maalin johtoonkin. Toisen jakson alussa paraislaisten johto puolestaan oli jo nelj\u00e4ss\u00e4 osumassa, kunnes kotijoukkue aloitti nousunsa, puristi [&hellip;]","og_url":"https:\/\/aktialiiga.fi\/miehet\/2019-2020\/ottelut-2019-2020\/grifklle-ja-piflle-kauden-avauspiste\/","og_site_name":"K\u00e4sipallon miesten Aktialiiga","article_publisher":"https:\/\/www.facebook.com\/finnhandball","article_published_time":"2019-11-09T15:59:36+00:00","article_modified_time":"2019-11-09T20:35:46+00:00","og_image":[{"width":711,"height":330,"url":"https:\/\/i0.wp.com\/aktialiiga.fi\/miehet\/wp-content\/uploads\/sites\/5\/2019\/11\/GrIFK_pelaajia_1920.jpg?fit=711%2C330&ssl=1","type":"image\/jpeg"}],"author":"tbrmedia","twitter_card":"summary_large_image","twitter_creator":"@finnhandball","twitter_site":"@finnhandball","schema":{"@context":"https:\/\/schema.org","@graph":[{"@type":"Article","@id":"https:\/\/aktialiiga.fi\/miehet\/2019-2020\/ottelut-2019-2020\/grifklle-ja-piflle-kauden-avauspiste\/#article","isPartOf":{"@id":"https:\/\/aktialiiga.fi\/miehet\/2019-2020\/ottelut-2019-2020\/grifklle-ja-piflle-kauden-avauspiste\/"},"author":{"name":"tbrmedia","@id":"https:\/\/aktialiiga.fi\/miehet\/#\/schema\/person\/c14bf42f47041db74603c45afcb18d87"},"headline":"GrIFK:lle ja PIF:lle kauden avauspiste","datePublished":"2019-11-09T15:59:36+00:00","dateModified":"2019-11-09T20:35:46+00:00","mainEntityOfPage":{"@id":"https:\/\/aktialiiga.fi\/miehet\/2019-2020\/ottelut-2019-2020\/grifklle-ja-piflle-kauden-avauspiste\/"},"wordCount":290,"publisher":{"@id":"https:\/\/aktialiiga.fi\/miehet\/#organization"},"image":{"@id":"https:\/\/aktialiiga.fi\/miehet\/2019-2020\/ottelut-2019-2020\/grifklle-ja-piflle-kauden-avauspiste\/#primaryimage"},"thumbnailUrl":"https:\/\/i0.wp.com\/aktialiiga.fi\/miehet\/wp-content\/uploads\/sites\/5\/2019\/11\/GrIFK_pelaajia_1920.jpg?fit=711%2C330&ssl=1","keywords":["GrIFK","PIF"],"articleSection":["Ottelut"],"inLanguage":"fi"},{"@type":"WebPage","@id":"https:\/\/aktialiiga.fi\/miehet\/2019-2020\/ottelut-2019-2020\/grifklle-ja-piflle-kauden-avauspiste\/","url":"https:\/\/aktialiiga.fi\/miehet\/2019-2020\/ottelut-2019-2020\/grifklle-ja-piflle-kauden-avauspiste\/","name":"GrIFK:lle ja PIF:lle kauden avauspiste | K\u00e4sipallon miesten Aktialiiga","isPartOf":{"@id":"https:\/\/aktialiiga.fi\/miehet\/#website"},"primaryImageOfPage":{"@id":"https:\/\/aktialiiga.fi\/miehet\/2019-2020\/ottelut-2019-2020\/grifklle-ja-piflle-kauden-avauspiste\/#primaryimage"},"image":{"@id":"https:\/\/aktialiiga.fi\/miehet\/2019-2020\/ottelut-2019-2020\/grifklle-ja-piflle-kauden-avauspiste\/#primaryimage"},"thumbnailUrl":"https:\/\/i0.wp.com\/aktialiiga.fi\/miehet\/wp-content\/uploads\/sites\/5\/2019\/11\/GrIFK_pelaajia_1920.jpg?fit=711%2C330&ssl=1","datePublished":"2019-11-09T15:59:36+00:00","dateModified":"2019-11-09T20:35:46+00:00","breadcrumb":{"@id":"https:\/\/aktialiiga.fi\/miehet\/2019-2020\/ottelut-2019-2020\/grifklle-ja-piflle-kauden-avauspiste\/#breadcrumb"},"inLanguage":"fi","potentialAction":[{"@type":"ReadAction","target":["https:\/\/aktialiiga.fi\/miehet\/2019-2020\/ottelut-2019-2020\/grifklle-ja-piflle-kauden-avauspiste\/"]}]},{"@type":"ImageObject","inLanguage":"fi","@id":"https:\/\/aktialiiga.fi\/miehet\/2019-2020\/ottelut-2019-2020\/grifklle-ja-piflle-kauden-avauspiste\/#primaryimage","url":"https:\/\/i0.wp.com\/aktialiiga.fi\/miehet\/wp-content\/uploads\/sites\/5\/2019\/11\/GrIFK_pelaajia_1920.jpg?fit=711%2C330&ssl=1","contentUrl":"https:\/\/i0.wp.com\/aktialiiga.fi\/miehet\/wp-content\/uploads\/sites\/5\/2019\/11\/GrIFK_pelaajia_1920.jpg?fit=711%2C330&ssl=1","width":711,"height":330},{"@type":"BreadcrumbList","@id":"https:\/\/aktialiiga.fi\/miehet\/2019-2020\/ottelut-2019-2020\/grifklle-ja-piflle-kauden-avauspiste\/#breadcrumb","itemListElement":[{"@type":"ListItem","position":1,"name":"Etusivu","item":"https:\/\/aktialiiga.fi\/miehet\/"},{"@type":"ListItem","position":2,"name":"GrIFK:lle ja PIF:lle kauden avauspiste"}]},{"@type":"WebSite","@id":"https:\/\/aktialiiga.fi\/miehet\/#website","url":"https:\/\/aktialiiga.fi\/miehet\/","name":"K\u00e4sipallon miesten Aktialiiga","description":"Valtakunnan vauhdikkainta palloilua!","publisher":{"@id":"https:\/\/aktialiiga.fi\/miehet\/#organization"},"potentialAction":[{"@type":"SearchAction","target":{"@type":"EntryPoint","urlTemplate":"https:\/\/aktialiiga.fi\/miehet\/?s={search_term_string}"},"query-input":{"@type":"PropertyValueSpecification","valueRequired":true,"valueName":"search_term_string"}}],"inLanguage":"fi"},{"@type":"Organization","@id":"https:\/\/aktialiiga.fi\/miehet\/#organization","name":"K\u00e4sipallon miesten Aktialiiga","url":"https:\/\/aktialiiga.fi\/miehet\/","logo":{"@type":"ImageObject","inLanguage":"fi","@id":"https:\/\/aktialiiga.fi\/miehet\/#\/schema\/logo\/image\/","url":"https:\/\/i0.wp.com\/aktialiiga.fi\/miehet\/wp-content\/uploads\/sites\/5\/2024\/09\/Aktialiiga-Yoast-512.png?fit=512%2C512&ssl=1","contentUrl":"https:\/\/i0.wp.com\/aktialiiga.fi\/miehet\/wp-content\/uploads\/sites\/5\/2024\/09\/Aktialiiga-Yoast-512.png?fit=512%2C512&ssl=1","width":512,"height":512,"caption":"K\u00e4sipallon miesten Aktialiiga"},"image":{"@id":"https:\/\/aktialiiga.fi\/miehet\/#\/schema\/logo\/image\/"},"sameAs":["https:\/\/www.facebook.com\/finnhandball","https:\/\/x.com\/finnhandball","https:\/\/www.instagram.com\/handballfinland\/"]},{"@type":"Person","@id":"https:\/\/aktialiiga.fi\/miehet\/#\/schema\/person\/c14bf42f47041db74603c45afcb18d87","name":"tbrmedia","image":{"@type":"ImageObject","inLanguage":"fi","@id":"https:\/\/secure.gravatar.com\/avatar\/ee975fa091fe581d12b60debb3439022686618368a7c142044c56724d4666b16?s=96&d=mm&r=g","url":"https:\/\/secure.gravatar.com\/avatar\/ee975fa091fe581d12b60debb3439022686618368a7c142044c56724d4666b16?s=96&d=mm&r=g","contentUrl":"https:\/\/secure.gravatar.com\/avatar\/ee975fa091fe581d12b60debb3439022686618368a7c142044c56724d4666b16?s=96&d=mm&r=g","caption":"tbrmedia"}}]}},"jetpack_featured_media_url":"https:\/\/i0.wp.com\/aktialiiga.fi\/miehet\/wp-content\/uploads\/sites\/5\/2019\/11\/GrIFK_pelaajia_1920.jpg?fit=711%2C330&ssl=1","jetpack_sharing_enabled":true,"jetpack_shortlink":"https:\/\/wp.me\/pfTxOr-6lA","_links":{"self":[{"href":"https:\/\/aktialiiga.fi\/miehet\/wp-json\/wp\/v2\/posts\/24402","targetHints":{"allow":["GET"]}}],"collection":[{"href":"https:\/\/aktialiiga.fi\/miehet\/wp-json\/wp\/v2\/posts"}],"about":[{"href":"https:\/\/aktialiiga.fi\/miehet\/wp-json\/wp\/v2\/types\/post"}],"author":[{"embeddable":true,"href":"https:\/\/aktialiiga.fi\/miehet\/wp-json\/wp\/v2\/users\/13"}],"replies":[{"embeddable":true,"href":"https:\/\/aktialiiga.fi\/miehet\/wp-json\/wp\/v2\/comments?post=24402"}],"version-history":[{"count":0,"href":"https:\/\/aktialiiga.fi\/miehet\/wp-json\/wp\/v2\/posts\/24402\/revisions"}],"wp:featuredmedia":[{"embeddable":true,"href":"https:\/\/aktialiiga.fi\/miehet\/wp-json\/wp\/v2\/media\/24413"}],"wp:attachment":[{"href":"https:\/\/aktialiiga.fi\/miehet\/wp-json\/wp\/v2\/media?parent=24402"}],"wp:term":[{"taxonomy":"category","embeddable":true,"href":"https:\/\/aktialiiga.fi\/miehet\/wp-json\/wp\/v2\/categories?post=24402"},{"taxonomy":"post_tag","embeddable":true,"href":"https:\/\/aktialiiga.fi\/miehet\/wp-json\/wp\/v2\/tags?post=24402"}],"curies":[{"name":"wp","href":"https:\/\/api.w.org\/{rel}","templated":true}]}}