{"id":24462,"date":"2019-11-16T17:34:23","date_gmt":"2019-11-16T15:34:23","guid":{"rendered":"https:\/\/aktialiiga.fi\/miehet\/?p=24462"},"modified":"2019-11-16T17:50:54","modified_gmt":"2019-11-16T15:50:54","slug":"bk-46-ei-antanut-grifkn-yllattaa","status":"publish","type":"post","link":"https:\/\/aktialiiga.fi\/miehet\/2019-2020\/ottelut-2019-2020\/bk-46-ei-antanut-grifkn-yllattaa\/","title":{"rendered":"BK-46 ei antanut GrIFK:n yll\u00e4tt\u00e4\u00e4"},"content":{"rendered":"<p>BK-46 jatkaa SM-liigan k\u00e4rkitaistossa kaadettuaan GrIFK:n lauantaina kotonaan lopulta selvin lukemin.<\/p>\n<p>BK vei alkuminuutit nimiins\u00e4 ja johti 3-0, mutta Grani her\u00e4si nopeasti peliin mukaan ja 16. minuutilla oltiin viel\u00e4 tasalukemissa. T\u00e4st\u00e4 BK kuitenkin nyk\u00e4isi pienen kaulan ja vaikka vieraat k\u00e4viv\u00e4t viel\u00e4 maalin p\u00e4\u00e4ss\u00e4, ero oli tauolla nelj\u00e4 maalia is\u00e4ntien eduksi.<\/p>\n<p>Vieraat roikkuivat tuntumassa viel\u00e4 kymmenen minuuttia toisella jaksolla, mutta t\u00e4m\u00e4n j\u00e4lkeen ero alkoi kasvaa nopeasti l\u00e4helle kymment\u00e4 maalia ja BK alkoi n\u00e4ytt\u00e4\u00e4 varmalta voittajalta. Lopun is\u00e4nn\u00e4t saattoivatkin tyyty\u00e4 varmistelemaan kahta pistett\u00e4\u00e4n.<\/p>\n<p>BK-46:n p\u00e4\u00e4valmentaja Andreas R\u00f6nnberg n\u00e4ki esityksess\u00e4 paljon positiivista.<\/p>\n<p>&#8211; Olen kokonaisuuteen tyytyv\u00e4inen. Alussa oli jonkin verran seisovaa hy\u00f6kk\u00e4yspeli\u00e4, puolustukseen olen tyytyv\u00e4inen koko pelin aikana, R\u00f6nnberg summasi.<\/p>\n<p>GrIFK:n p\u00e4\u00e4valmentaja Kaj Hagman l\u00f6ysi my\u00f6s hyv\u00e4\u00e4 pelist\u00e4, mutta kokoonpanohuolet n\u00e4kyiv\u00e4t j\u00e4lleen.<\/p>\n<p>&#8211; Alussa meill\u00e4 oli onnistumisia. T\u00e4m\u00e4n j\u00e4lkeen ruvettiin tekem\u00e4\u00e4n henkil\u00f6kohtaisia virheit\u00e4. Meill\u00e4 on kaiken kaikkiaan tiukka kaikkine loukkaantumisineen. BK:han on finaalijoukkue, Hagman muistutti.<\/p>\n<p>Vakuuttavimman pelaajan tittelin ja kolme L\u00e4hiTapiola-t\u00e4hte\u00e4 vei is\u00e4ntien kokenut Jac Karlsson.<\/p>\n<p>&#8211; Meill\u00e4 oli ongelmia maalinteossa ensimm\u00e4isell\u00e4 puoliajalla. Oltaisiin voitu johtaa vaikkapa kymmenell\u00e4 maalilla ensimm\u00e4isen puoliajan j\u00e4lkeen. Oltiinhan me parempi joukkue. Ja siihen me ollaan tyytyv\u00e4isi\u00e4, Karlsson totesi.<\/p>\n<p><strong>BK-46 \u2013 GrIFK 31-21 (14-10)<\/strong><\/p>\n<p><strong>Maalintekij\u00e4t<\/strong>: maalit (7m maalit)<br \/>\nBK-46: Sebastian S\u00e4kkinen 6 (1), Alex Lignell 6, Jac Karlsson 5, Robin Sj\u00f6man 4, Andr\u00e9 Udd 2, Oliver Nordlund 2, Janne Korpim\u00e4ki 2, Oscar Kihlstedt 2, Linus Lindberg 1, Miska Henriksson 1 (1)<br \/>\nGrIFK: Anthony Hellakoski 9 (2), Nikola Zujic 5 (2), Ville Viljanen 2, Qvist Alexander 2, Fredrik Forss 2, Erik \u00c5kermarck 1<\/p>\n<p><strong>L\u00e4hiTapiola-t\u00e4htipelaajat<\/strong><br \/>\nJac Karlsson BK-46 3<br \/>\nAnthony Hellakoski GrIFK 2<br \/>\nRobin Sj\u00f6man BK-46 1<\/p>\n<p><strong>2 min ulosajot sek\u00e4 pelist\u00e4 sulkemiset<\/strong><br \/>\nBK-46: Andr\u00e9 Udd suora punainen kortti, Oliver Nordlund 1 x 2 min, Oscar Kihlstedt 1 x 2 min<br \/>\nGrIFK: Erik \u00c5kermarck 1 x 2 min, Fredrik Forss 2 x 2 min, Jere Kantee suora punainen kortti, Nikola Zujic 1 x 2 min, Alexander Qvist 1 x 2 min<\/p>\n<p><em>Erotuomarit<\/em>: Jan-Erik Leandersson &#8211; Mikael Lindroos<\/p>\n<p><em>Yleis\u00f6\u00e4<\/em>: 545<\/p>\n","protected":false},"excerpt":{"rendered":"<p>BK-46 jatkaa SM-liigan k\u00e4rkitaistossa kaadettuaan GrIFK:n lauantaina kotonaan lopulta selvin lukemin. BK vei alkuminuutit nimiins\u00e4 ja johti 3-0, mutta Grani her\u00e4si nopeasti peliin mukaan ja 16. minuutilla oltiin viel\u00e4 tasalukemissa. T\u00e4st\u00e4 BK kuitenkin nyk\u00e4isi pienen kaulan ja vaikka vieraat k\u00e4viv\u00e4t viel\u00e4 maalin p\u00e4\u00e4ss\u00e4, ero oli tauolla nelj\u00e4 maalia is\u00e4ntien eduksi. Vieraat roikkuivat tuntumassa viel\u00e4 kymmenen [&hellip;]<\/p>\n","protected":false},"author":13,"featured_media":24318,"comment_status":"closed","ping_status":"closed","sticky":false,"template":"","format":"standard","meta":{"_acf_changed":false,"jetpack_post_was_ever_published":false,"_jetpack_newsletter_access":"","_jetpack_dont_email_post_to_subs":false,"_jetpack_newsletter_tier_id":0,"_jetpack_memberships_contains_paywalled_content":false,"_jetpack_memberships_contains_paid_content":false,"footnotes":""},"categories":[230],"tags":[56,64],"class_list":["post-24462","post","type-post","status-publish","format-standard","has-post-thumbnail","hentry","category-ottelut-2019-2020","tag-bk-46","tag-grifk"],"acf":[],"yoast_head":"<!-- This site is optimized with the Yoast SEO plugin v27.5 - https:\/\/yoast.com\/product\/yoast-seo-wordpress\/ -->\n<title>BK-46 ei antanut GrIFK:n yll\u00e4tt\u00e4\u00e4 | K\u00e4sipallon miesten Aktialiiga<\/title>\n<meta name=\"robots\" content=\"index, follow, max-snippet:-1, max-image-preview:large, max-video-preview:-1\" \/>\n<link rel=\"canonical\" href=\"https:\/\/aktialiiga.fi\/miehet\/2019-2020\/ottelut-2019-2020\/bk-46-ei-antanut-grifkn-yllattaa\/\" \/>\n<meta property=\"og:locale\" content=\"fi_FI\" \/>\n<meta property=\"og:type\" content=\"article\" \/>\n<meta property=\"og:title\" content=\"BK-46 ei antanut GrIFK:n yll\u00e4tt\u00e4\u00e4 | K\u00e4sipallon miesten Aktialiiga\" \/>\n<meta property=\"og:description\" content=\"BK-46 jatkaa SM-liigan k\u00e4rkitaistossa kaadettuaan GrIFK:n lauantaina kotonaan lopulta selvin lukemin. BK vei alkuminuutit nimiins\u00e4 ja johti 3-0, mutta Grani her\u00e4si nopeasti peliin mukaan ja 16. minuutilla oltiin viel\u00e4 tasalukemissa. T\u00e4st\u00e4 BK kuitenkin nyk\u00e4isi pienen kaulan ja vaikka vieraat k\u00e4viv\u00e4t viel\u00e4 maalin p\u00e4\u00e4ss\u00e4, ero oli tauolla nelj\u00e4 maalia is\u00e4ntien eduksi. Vieraat roikkuivat tuntumassa viel\u00e4 kymmenen [&hellip;]\" \/>\n<meta property=\"og:url\" content=\"https:\/\/aktialiiga.fi\/miehet\/2019-2020\/ottelut-2019-2020\/bk-46-ei-antanut-grifkn-yllattaa\/\" \/>\n<meta property=\"og:site_name\" content=\"K\u00e4sipallon miesten Aktialiiga\" \/>\n<meta property=\"article:publisher\" content=\"https:\/\/www.facebook.com\/finnhandball\" \/>\n<meta property=\"article:published_time\" content=\"2019-11-16T15:34:23+00:00\" \/>\n<meta property=\"article:modified_time\" content=\"2019-11-16T15:50:54+00:00\" \/>\n<meta property=\"og:image\" content=\"https:\/\/i0.wp.com\/aktialiiga.fi\/miehet\/wp-content\/uploads\/sites\/5\/2019\/11\/Sebastian-S%C3%A4kkinen.jpg?fit=3500%2C2334&ssl=1\" \/>\n\t<meta property=\"og:image:width\" content=\"3500\" \/>\n\t<meta property=\"og:image:height\" content=\"2334\" \/>\n\t<meta property=\"og:image:type\" content=\"image\/jpeg\" \/>\n<meta name=\"author\" content=\"tbrmedia\" \/>\n<meta name=\"twitter:card\" content=\"summary_large_image\" \/>\n<meta name=\"twitter:creator\" content=\"@finnhandball\" \/>\n<meta name=\"twitter:site\" content=\"@finnhandball\" \/>\n<script type=\"application\/ld+json\" class=\"yoast-schema-graph\">{\"@context\":\"https:\\\/\\\/schema.org\",\"@graph\":[{\"@type\":\"Article\",\"@id\":\"https:\\\/\\\/aktialiiga.fi\\\/miehet\\\/2019-2020\\\/ottelut-2019-2020\\\/bk-46-ei-antanut-grifkn-yllattaa\\\/#article\",\"isPartOf\":{\"@id\":\"https:\\\/\\\/aktialiiga.fi\\\/miehet\\\/2019-2020\\\/ottelut-2019-2020\\\/bk-46-ei-antanut-grifkn-yllattaa\\\/\"},\"author\":{\"name\":\"tbrmedia\",\"@id\":\"https:\\\/\\\/aktialiiga.fi\\\/miehet\\\/#\\\/schema\\\/person\\\/c14bf42f47041db74603c45afcb18d87\"},\"headline\":\"BK-46 ei antanut GrIFK:n yll\u00e4tt\u00e4\u00e4\",\"datePublished\":\"2019-11-16T15:34:23+00:00\",\"dateModified\":\"2019-11-16T15:50:54+00:00\",\"mainEntityOfPage\":{\"@id\":\"https:\\\/\\\/aktialiiga.fi\\\/miehet\\\/2019-2020\\\/ottelut-2019-2020\\\/bk-46-ei-antanut-grifkn-yllattaa\\\/\"},\"wordCount\":339,\"publisher\":{\"@id\":\"https:\\\/\\\/aktialiiga.fi\\\/miehet\\\/#organization\"},\"image\":{\"@id\":\"https:\\\/\\\/aktialiiga.fi\\\/miehet\\\/2019-2020\\\/ottelut-2019-2020\\\/bk-46-ei-antanut-grifkn-yllattaa\\\/#primaryimage\"},\"thumbnailUrl\":\"https:\\\/\\\/i0.wp.com\\\/aktialiiga.fi\\\/miehet\\\/wp-content\\\/uploads\\\/sites\\\/5\\\/2019\\\/11\\\/Sebastian-S%C3%A4kkinen.jpg?fit=3500%2C2334&ssl=1\",\"keywords\":[\"BK-46\",\"GrIFK\"],\"articleSection\":[\"Ottelut\"],\"inLanguage\":\"fi\"},{\"@type\":\"WebPage\",\"@id\":\"https:\\\/\\\/aktialiiga.fi\\\/miehet\\\/2019-2020\\\/ottelut-2019-2020\\\/bk-46-ei-antanut-grifkn-yllattaa\\\/\",\"url\":\"https:\\\/\\\/aktialiiga.fi\\\/miehet\\\/2019-2020\\\/ottelut-2019-2020\\\/bk-46-ei-antanut-grifkn-yllattaa\\\/\",\"name\":\"BK-46 ei antanut GrIFK:n yll\u00e4tt\u00e4\u00e4 | K\u00e4sipallon miesten Aktialiiga\",\"isPartOf\":{\"@id\":\"https:\\\/\\\/aktialiiga.fi\\\/miehet\\\/#website\"},\"primaryImageOfPage\":{\"@id\":\"https:\\\/\\\/aktialiiga.fi\\\/miehet\\\/2019-2020\\\/ottelut-2019-2020\\\/bk-46-ei-antanut-grifkn-yllattaa\\\/#primaryimage\"},\"image\":{\"@id\":\"https:\\\/\\\/aktialiiga.fi\\\/miehet\\\/2019-2020\\\/ottelut-2019-2020\\\/bk-46-ei-antanut-grifkn-yllattaa\\\/#primaryimage\"},\"thumbnailUrl\":\"https:\\\/\\\/i0.wp.com\\\/aktialiiga.fi\\\/miehet\\\/wp-content\\\/uploads\\\/sites\\\/5\\\/2019\\\/11\\\/Sebastian-S%C3%A4kkinen.jpg?fit=3500%2C2334&ssl=1\",\"datePublished\":\"2019-11-16T15:34:23+00:00\",\"dateModified\":\"2019-11-16T15:50:54+00:00\",\"breadcrumb\":{\"@id\":\"https:\\\/\\\/aktialiiga.fi\\\/miehet\\\/2019-2020\\\/ottelut-2019-2020\\\/bk-46-ei-antanut-grifkn-yllattaa\\\/#breadcrumb\"},\"inLanguage\":\"fi\",\"potentialAction\":[{\"@type\":\"ReadAction\",\"target\":[\"https:\\\/\\\/aktialiiga.fi\\\/miehet\\\/2019-2020\\\/ottelut-2019-2020\\\/bk-46-ei-antanut-grifkn-yllattaa\\\/\"]}]},{\"@type\":\"ImageObject\",\"inLanguage\":\"fi\",\"@id\":\"https:\\\/\\\/aktialiiga.fi\\\/miehet\\\/2019-2020\\\/ottelut-2019-2020\\\/bk-46-ei-antanut-grifkn-yllattaa\\\/#primaryimage\",\"url\":\"https:\\\/\\\/i0.wp.com\\\/aktialiiga.fi\\\/miehet\\\/wp-content\\\/uploads\\\/sites\\\/5\\\/2019\\\/11\\\/Sebastian-S%C3%A4kkinen.jpg?fit=3500%2C2334&ssl=1\",\"contentUrl\":\"https:\\\/\\\/i0.wp.com\\\/aktialiiga.fi\\\/miehet\\\/wp-content\\\/uploads\\\/sites\\\/5\\\/2019\\\/11\\\/Sebastian-S%C3%A4kkinen.jpg?fit=3500%2C2334&ssl=1\",\"width\":3500,\"height\":2334,\"caption\":\"Sebastian S\u00e4kkinen #22, BK-46 k\u00e4sipallon SM-liigan ottelussa BK-46 - SIF Karjaan urheiluhallissa Karjaalla 5. lokakuuta 2019. (Matti Matikainen\\\/Newspix24)\"},{\"@type\":\"BreadcrumbList\",\"@id\":\"https:\\\/\\\/aktialiiga.fi\\\/miehet\\\/2019-2020\\\/ottelut-2019-2020\\\/bk-46-ei-antanut-grifkn-yllattaa\\\/#breadcrumb\",\"itemListElement\":[{\"@type\":\"ListItem\",\"position\":1,\"name\":\"Etusivu\",\"item\":\"https:\\\/\\\/aktialiiga.fi\\\/miehet\\\/\"},{\"@type\":\"ListItem\",\"position\":2,\"name\":\"BK-46 ei antanut GrIFK:n yll\u00e4tt\u00e4\u00e4\"}]},{\"@type\":\"WebSite\",\"@id\":\"https:\\\/\\\/aktialiiga.fi\\\/miehet\\\/#website\",\"url\":\"https:\\\/\\\/aktialiiga.fi\\\/miehet\\\/\",\"name\":\"K\u00e4sipallon miesten Aktialiiga\",\"description\":\"Valtakunnan vauhdikkainta palloilua!\",\"publisher\":{\"@id\":\"https:\\\/\\\/aktialiiga.fi\\\/miehet\\\/#organization\"},\"potentialAction\":[{\"@type\":\"SearchAction\",\"target\":{\"@type\":\"EntryPoint\",\"urlTemplate\":\"https:\\\/\\\/aktialiiga.fi\\\/miehet\\\/?s={search_term_string}\"},\"query-input\":{\"@type\":\"PropertyValueSpecification\",\"valueRequired\":true,\"valueName\":\"search_term_string\"}}],\"inLanguage\":\"fi\"},{\"@type\":\"Organization\",\"@id\":\"https:\\\/\\\/aktialiiga.fi\\\/miehet\\\/#organization\",\"name\":\"K\u00e4sipallon miesten Aktialiiga\",\"url\":\"https:\\\/\\\/aktialiiga.fi\\\/miehet\\\/\",\"logo\":{\"@type\":\"ImageObject\",\"inLanguage\":\"fi\",\"@id\":\"https:\\\/\\\/aktialiiga.fi\\\/miehet\\\/#\\\/schema\\\/logo\\\/image\\\/\",\"url\":\"https:\\\/\\\/i0.wp.com\\\/aktialiiga.fi\\\/miehet\\\/wp-content\\\/uploads\\\/sites\\\/5\\\/2024\\\/09\\\/Aktialiiga-Yoast-512.png?fit=512%2C512&ssl=1\",\"contentUrl\":\"https:\\\/\\\/i0.wp.com\\\/aktialiiga.fi\\\/miehet\\\/wp-content\\\/uploads\\\/sites\\\/5\\\/2024\\\/09\\\/Aktialiiga-Yoast-512.png?fit=512%2C512&ssl=1\",\"width\":512,\"height\":512,\"caption\":\"K\u00e4sipallon miesten Aktialiiga\"},\"image\":{\"@id\":\"https:\\\/\\\/aktialiiga.fi\\\/miehet\\\/#\\\/schema\\\/logo\\\/image\\\/\"},\"sameAs\":[\"https:\\\/\\\/www.facebook.com\\\/finnhandball\",\"https:\\\/\\\/x.com\\\/finnhandball\",\"https:\\\/\\\/www.instagram.com\\\/handballfinland\\\/\"]},{\"@type\":\"Person\",\"@id\":\"https:\\\/\\\/aktialiiga.fi\\\/miehet\\\/#\\\/schema\\\/person\\\/c14bf42f47041db74603c45afcb18d87\",\"name\":\"tbrmedia\",\"image\":{\"@type\":\"ImageObject\",\"inLanguage\":\"fi\",\"@id\":\"https:\\\/\\\/secure.gravatar.com\\\/avatar\\\/ee975fa091fe581d12b60debb3439022686618368a7c142044c56724d4666b16?s=96&d=mm&r=g\",\"url\":\"https:\\\/\\\/secure.gravatar.com\\\/avatar\\\/ee975fa091fe581d12b60debb3439022686618368a7c142044c56724d4666b16?s=96&d=mm&r=g\",\"contentUrl\":\"https:\\\/\\\/secure.gravatar.com\\\/avatar\\\/ee975fa091fe581d12b60debb3439022686618368a7c142044c56724d4666b16?s=96&d=mm&r=g\",\"caption\":\"tbrmedia\"}}]}<\/script>\n<!-- \/ Yoast SEO plugin. -->","yoast_head_json":{"title":"BK-46 ei antanut GrIFK:n yll\u00e4tt\u00e4\u00e4 | K\u00e4sipallon miesten Aktialiiga","robots":{"index":"index","follow":"follow","max-snippet":"max-snippet:-1","max-image-preview":"max-image-preview:large","max-video-preview":"max-video-preview:-1"},"canonical":"https:\/\/aktialiiga.fi\/miehet\/2019-2020\/ottelut-2019-2020\/bk-46-ei-antanut-grifkn-yllattaa\/","og_locale":"fi_FI","og_type":"article","og_title":"BK-46 ei antanut GrIFK:n yll\u00e4tt\u00e4\u00e4 | K\u00e4sipallon miesten Aktialiiga","og_description":"BK-46 jatkaa SM-liigan k\u00e4rkitaistossa kaadettuaan GrIFK:n lauantaina kotonaan lopulta selvin lukemin. BK vei alkuminuutit nimiins\u00e4 ja johti 3-0, mutta Grani her\u00e4si nopeasti peliin mukaan ja 16. minuutilla oltiin viel\u00e4 tasalukemissa. T\u00e4st\u00e4 BK kuitenkin nyk\u00e4isi pienen kaulan ja vaikka vieraat k\u00e4viv\u00e4t viel\u00e4 maalin p\u00e4\u00e4ss\u00e4, ero oli tauolla nelj\u00e4 maalia is\u00e4ntien eduksi. Vieraat roikkuivat tuntumassa viel\u00e4 kymmenen [&hellip;]","og_url":"https:\/\/aktialiiga.fi\/miehet\/2019-2020\/ottelut-2019-2020\/bk-46-ei-antanut-grifkn-yllattaa\/","og_site_name":"K\u00e4sipallon miesten Aktialiiga","article_publisher":"https:\/\/www.facebook.com\/finnhandball","article_published_time":"2019-11-16T15:34:23+00:00","article_modified_time":"2019-11-16T15:50:54+00:00","og_image":[{"width":3500,"height":2334,"url":"https:\/\/i0.wp.com\/aktialiiga.fi\/miehet\/wp-content\/uploads\/sites\/5\/2019\/11\/Sebastian-S%C3%A4kkinen.jpg?fit=3500%2C2334&ssl=1","type":"image\/jpeg"}],"author":"tbrmedia","twitter_card":"summary_large_image","twitter_creator":"@finnhandball","twitter_site":"@finnhandball","schema":{"@context":"https:\/\/schema.org","@graph":[{"@type":"Article","@id":"https:\/\/aktialiiga.fi\/miehet\/2019-2020\/ottelut-2019-2020\/bk-46-ei-antanut-grifkn-yllattaa\/#article","isPartOf":{"@id":"https:\/\/aktialiiga.fi\/miehet\/2019-2020\/ottelut-2019-2020\/bk-46-ei-antanut-grifkn-yllattaa\/"},"author":{"name":"tbrmedia","@id":"https:\/\/aktialiiga.fi\/miehet\/#\/schema\/person\/c14bf42f47041db74603c45afcb18d87"},"headline":"BK-46 ei antanut GrIFK:n yll\u00e4tt\u00e4\u00e4","datePublished":"2019-11-16T15:34:23+00:00","dateModified":"2019-11-16T15:50:54+00:00","mainEntityOfPage":{"@id":"https:\/\/aktialiiga.fi\/miehet\/2019-2020\/ottelut-2019-2020\/bk-46-ei-antanut-grifkn-yllattaa\/"},"wordCount":339,"publisher":{"@id":"https:\/\/aktialiiga.fi\/miehet\/#organization"},"image":{"@id":"https:\/\/aktialiiga.fi\/miehet\/2019-2020\/ottelut-2019-2020\/bk-46-ei-antanut-grifkn-yllattaa\/#primaryimage"},"thumbnailUrl":"https:\/\/i0.wp.com\/aktialiiga.fi\/miehet\/wp-content\/uploads\/sites\/5\/2019\/11\/Sebastian-S%C3%A4kkinen.jpg?fit=3500%2C2334&ssl=1","keywords":["BK-46","GrIFK"],"articleSection":["Ottelut"],"inLanguage":"fi"},{"@type":"WebPage","@id":"https:\/\/aktialiiga.fi\/miehet\/2019-2020\/ottelut-2019-2020\/bk-46-ei-antanut-grifkn-yllattaa\/","url":"https:\/\/aktialiiga.fi\/miehet\/2019-2020\/ottelut-2019-2020\/bk-46-ei-antanut-grifkn-yllattaa\/","name":"BK-46 ei antanut GrIFK:n yll\u00e4tt\u00e4\u00e4 | K\u00e4sipallon miesten Aktialiiga","isPartOf":{"@id":"https:\/\/aktialiiga.fi\/miehet\/#website"},"primaryImageOfPage":{"@id":"https:\/\/aktialiiga.fi\/miehet\/2019-2020\/ottelut-2019-2020\/bk-46-ei-antanut-grifkn-yllattaa\/#primaryimage"},"image":{"@id":"https:\/\/aktialiiga.fi\/miehet\/2019-2020\/ottelut-2019-2020\/bk-46-ei-antanut-grifkn-yllattaa\/#primaryimage"},"thumbnailUrl":"https:\/\/i0.wp.com\/aktialiiga.fi\/miehet\/wp-content\/uploads\/sites\/5\/2019\/11\/Sebastian-S%C3%A4kkinen.jpg?fit=3500%2C2334&ssl=1","datePublished":"2019-11-16T15:34:23+00:00","dateModified":"2019-11-16T15:50:54+00:00","breadcrumb":{"@id":"https:\/\/aktialiiga.fi\/miehet\/2019-2020\/ottelut-2019-2020\/bk-46-ei-antanut-grifkn-yllattaa\/#breadcrumb"},"inLanguage":"fi","potentialAction":[{"@type":"ReadAction","target":["https:\/\/aktialiiga.fi\/miehet\/2019-2020\/ottelut-2019-2020\/bk-46-ei-antanut-grifkn-yllattaa\/"]}]},{"@type":"ImageObject","inLanguage":"fi","@id":"https:\/\/aktialiiga.fi\/miehet\/2019-2020\/ottelut-2019-2020\/bk-46-ei-antanut-grifkn-yllattaa\/#primaryimage","url":"https:\/\/i0.wp.com\/aktialiiga.fi\/miehet\/wp-content\/uploads\/sites\/5\/2019\/11\/Sebastian-S%C3%A4kkinen.jpg?fit=3500%2C2334&ssl=1","contentUrl":"https:\/\/i0.wp.com\/aktialiiga.fi\/miehet\/wp-content\/uploads\/sites\/5\/2019\/11\/Sebastian-S%C3%A4kkinen.jpg?fit=3500%2C2334&ssl=1","width":3500,"height":2334,"caption":"Sebastian S\u00e4kkinen #22, BK-46 k\u00e4sipallon SM-liigan ottelussa BK-46 - SIF Karjaan urheiluhallissa Karjaalla 5. lokakuuta 2019. (Matti Matikainen\/Newspix24)"},{"@type":"BreadcrumbList","@id":"https:\/\/aktialiiga.fi\/miehet\/2019-2020\/ottelut-2019-2020\/bk-46-ei-antanut-grifkn-yllattaa\/#breadcrumb","itemListElement":[{"@type":"ListItem","position":1,"name":"Etusivu","item":"https:\/\/aktialiiga.fi\/miehet\/"},{"@type":"ListItem","position":2,"name":"BK-46 ei antanut GrIFK:n yll\u00e4tt\u00e4\u00e4"}]},{"@type":"WebSite","@id":"https:\/\/aktialiiga.fi\/miehet\/#website","url":"https:\/\/aktialiiga.fi\/miehet\/","name":"K\u00e4sipallon miesten Aktialiiga","description":"Valtakunnan vauhdikkainta palloilua!","publisher":{"@id":"https:\/\/aktialiiga.fi\/miehet\/#organization"},"potentialAction":[{"@type":"SearchAction","target":{"@type":"EntryPoint","urlTemplate":"https:\/\/aktialiiga.fi\/miehet\/?s={search_term_string}"},"query-input":{"@type":"PropertyValueSpecification","valueRequired":true,"valueName":"search_term_string"}}],"inLanguage":"fi"},{"@type":"Organization","@id":"https:\/\/aktialiiga.fi\/miehet\/#organization","name":"K\u00e4sipallon miesten Aktialiiga","url":"https:\/\/aktialiiga.fi\/miehet\/","logo":{"@type":"ImageObject","inLanguage":"fi","@id":"https:\/\/aktialiiga.fi\/miehet\/#\/schema\/logo\/image\/","url":"https:\/\/i0.wp.com\/aktialiiga.fi\/miehet\/wp-content\/uploads\/sites\/5\/2024\/09\/Aktialiiga-Yoast-512.png?fit=512%2C512&ssl=1","contentUrl":"https:\/\/i0.wp.com\/aktialiiga.fi\/miehet\/wp-content\/uploads\/sites\/5\/2024\/09\/Aktialiiga-Yoast-512.png?fit=512%2C512&ssl=1","width":512,"height":512,"caption":"K\u00e4sipallon miesten Aktialiiga"},"image":{"@id":"https:\/\/aktialiiga.fi\/miehet\/#\/schema\/logo\/image\/"},"sameAs":["https:\/\/www.facebook.com\/finnhandball","https:\/\/x.com\/finnhandball","https:\/\/www.instagram.com\/handballfinland\/"]},{"@type":"Person","@id":"https:\/\/aktialiiga.fi\/miehet\/#\/schema\/person\/c14bf42f47041db74603c45afcb18d87","name":"tbrmedia","image":{"@type":"ImageObject","inLanguage":"fi","@id":"https:\/\/secure.gravatar.com\/avatar\/ee975fa091fe581d12b60debb3439022686618368a7c142044c56724d4666b16?s=96&d=mm&r=g","url":"https:\/\/secure.gravatar.com\/avatar\/ee975fa091fe581d12b60debb3439022686618368a7c142044c56724d4666b16?s=96&d=mm&r=g","contentUrl":"https:\/\/secure.gravatar.com\/avatar\/ee975fa091fe581d12b60debb3439022686618368a7c142044c56724d4666b16?s=96&d=mm&r=g","caption":"tbrmedia"}}]}},"jetpack_featured_media_url":"https:\/\/i0.wp.com\/aktialiiga.fi\/miehet\/wp-content\/uploads\/sites\/5\/2019\/11\/Sebastian-S%C3%A4kkinen.jpg?fit=3500%2C2334&ssl=1","jetpack_sharing_enabled":true,"jetpack_shortlink":"https:\/\/wp.me\/pfTxOr-6my","_links":{"self":[{"href":"https:\/\/aktialiiga.fi\/miehet\/wp-json\/wp\/v2\/posts\/24462","targetHints":{"allow":["GET"]}}],"collection":[{"href":"https:\/\/aktialiiga.fi\/miehet\/wp-json\/wp\/v2\/posts"}],"about":[{"href":"https:\/\/aktialiiga.fi\/miehet\/wp-json\/wp\/v2\/types\/post"}],"author":[{"embeddable":true,"href":"https:\/\/aktialiiga.fi\/miehet\/wp-json\/wp\/v2\/users\/13"}],"replies":[{"embeddable":true,"href":"https:\/\/aktialiiga.fi\/miehet\/wp-json\/wp\/v2\/comments?post=24462"}],"version-history":[{"count":0,"href":"https:\/\/aktialiiga.fi\/miehet\/wp-json\/wp\/v2\/posts\/24462\/revisions"}],"wp:featuredmedia":[{"embeddable":true,"href":"https:\/\/aktialiiga.fi\/miehet\/wp-json\/wp\/v2\/media\/24318"}],"wp:attachment":[{"href":"https:\/\/aktialiiga.fi\/miehet\/wp-json\/wp\/v2\/media?parent=24462"}],"wp:term":[{"taxonomy":"category","embeddable":true,"href":"https:\/\/aktialiiga.fi\/miehet\/wp-json\/wp\/v2\/categories?post=24462"},{"taxonomy":"post_tag","embeddable":true,"href":"https:\/\/aktialiiga.fi\/miehet\/wp-json\/wp\/v2\/tags?post=24462"}],"curies":[{"name":"wp","href":"https:\/\/api.w.org\/{rel}","templated":true}]}}