{"id":24508,"date":"2019-11-22T19:36:16","date_gmt":"2019-11-22T17:36:16","guid":{"rendered":"https:\/\/aktialiiga.fi\/miehet\/?p=24508"},"modified":"2019-11-23T00:00:47","modified_gmt":"2019-11-22T22:00:47","slug":"aifk-otti-kauden-toisen-voittonsa","status":"publish","type":"post","link":"https:\/\/aktialiiga.fi\/miehet\/2019-2020\/ottelut-2019-2020\/aifk-otti-kauden-toisen-voittonsa\/","title":{"rendered":"\u00c5IFK otti kauden toisen voittonsa"},"content":{"rendered":"<p>\u00c5IFK otti perjantaina t\u00e4rke\u00e4t pisteet kaadettuaan GrIFK:n vieraiden lopun kirist\u00e4 huolimatta.<\/p>\n<p>\u00c5IFK aloitti ottelun vahvasti ja venytti johdon nopeasti kolmeen maaliin. Vierailija GrIFK imi eron kuitenkin umpeen, mutta jakson loppu mentiin j\u00e4lleen is\u00e4ntien merkeiss\u00e4 ja \u00c5IFK johti tauolla kolmella maalilla.<\/p>\n<p>Toisella jaksolla \u00c5IFK hivuttautui v\u00e4hitellen jo kuuden maalin karkumatkalle. Jakson puoliv\u00e4liss\u00e4 alkoi kuitenkin Granin takaa-ajo. Ero kaventui jo kahteen maaliin, mutta \u00c5IFK l\u00f6ysi viel\u00e4 uuden vaihteen ja varmisti lopussa voittonsa.<\/p>\n<p>\u00c5IFK:n p\u00e4\u00e4valmentaja Robin Karlsson kiitteli joukkueensa esityst\u00e4 kokonaisuutena.<\/p>\n<p>&#8211; Hyv\u00e4 ja tasokas suoritus koko 60 minuuttia. Erityisesti puolustus- ja maalivahtipeli toimi tosi hyvin t\u00e4n\u00e4\u00e4n. T\u00e4rke\u00e4t kaksi pistett\u00e4, jotka otettiin kotiin, Karlsson iloitsi.<\/p>\n<p>GrIFK-piiskuri Kaj Hagman kuittasi ottelun lyhyesti.<\/p>\n<p>&#8211; Liikaa ohiheittoja. Sitten on paras olla kommentoimatta enemp\u00e4\u00e4.<\/p>\n<p>Vakuuttavimman pelaajan tittelin ja kolme L\u00e4hiTapiola-t\u00e4hte\u00e4 kuittasi \u00c5IFK:n maalivahti Aku Kuusisto.<\/p>\n<p>&#8211; Loistava tuki kotiyleis\u00f6lt\u00e4 ja puolustukselta. T\u00e4rke\u00e4t kaksi pistett\u00e4. T\u00e4st\u00e4 on hyv\u00e4 aloittaa viikonloppu, Kuusisto sanaili tyytyv\u00e4isen\u00e4.<\/p>\n<p><strong>\u00c5IFK \u2013 GrIFK 29-25 (16-13)<\/strong><\/p>\n<p><strong>Maalintekij\u00e4t<\/strong>: maalit (7m maalit)<br \/>\n\u00c5IFK: Peik Sj\u00f6blom 7, Andreas Nystr\u00f6m 7 (4), Niklas Manderoos 4 (3), Oscar Berglund 4, Isak Lehvonen 3, Elias Nyman 1, Robin Mattsson 1, Eero Laine 1, Valter Georgs 1<br \/>\nGrIFK: Jonathan Almark 5, Nikola Zujic 4, Alexander L\u00e5ng 4 (2), Fredrik Forss 4, Ville Viljanen 2, Niki Tuominen 2, Anthony Hellakoski 2, Alexander Qvist 1, Jere Kantee 1<\/p>\n<p><strong>L\u00e4hiTapiola-t\u00e4htipelaajat<\/strong><br \/>\nAku Kuusisto \u00c5IFK 3<br \/>\nPeik Sj\u00f6blom \u00c5IFK 2<br \/>\nOscar Berglund \u00c5IFK 1<\/p>\n<p><strong>2 min ulosajot sek\u00e4 pelist\u00e4 sulkemiset<\/strong><br \/>\n\u00c5IFK: Andreas Nystr\u00f6m 1 x 2 min, Oscar Berglund 1 x 2 min, Valter Georgs 1 x 2 min<br \/>\nGrIFK: Anthony Hellakoski 1 x 2 min, Niki Tuominen 1 x 2 min, Nikola Zujic 2 x 2 min<\/p>\n<p><em>Erotuomarit<\/em>: Miro Korja &#8211; Christopher Mets\u00e4m\u00e4ki<\/p>\n<p><em>Yleis\u00f6\u00e4<\/em>: 140<\/p>\n<p>&nbsp;<\/p>\n","protected":false},"excerpt":{"rendered":"<p>\u00c5IFK otti perjantaina t\u00e4rke\u00e4t pisteet kaadettuaan GrIFK:n vieraiden lopun kirist\u00e4 huolimatta. \u00c5IFK aloitti ottelun vahvasti ja venytti johdon nopeasti kolmeen maaliin. Vierailija GrIFK imi eron kuitenkin umpeen, mutta jakson loppu mentiin j\u00e4lleen is\u00e4ntien merkeiss\u00e4 ja \u00c5IFK johti tauolla kolmella maalilla. Toisella jaksolla \u00c5IFK hivuttautui v\u00e4hitellen jo kuuden maalin karkumatkalle. Jakson puoliv\u00e4liss\u00e4 alkoi kuitenkin Granin takaa-ajo. [&hellip;]<\/p>\n","protected":false},"author":13,"featured_media":24510,"comment_status":"closed","ping_status":"closed","sticky":false,"template":"","format":"standard","meta":{"_acf_changed":false,"jetpack_post_was_ever_published":false,"_jetpack_newsletter_access":"","_jetpack_dont_email_post_to_subs":false,"_jetpack_newsletter_tier_id":0,"_jetpack_memberships_contains_paywalled_content":false,"_jetpack_memberships_contains_paid_content":false,"footnotes":""},"categories":[230],"tags":[50,64],"class_list":["post-24508","post","type-post","status-publish","format-standard","has-post-thumbnail","hentry","category-ottelut-2019-2020","tag-aifk","tag-grifk"],"acf":[],"yoast_head":"<!-- This site is optimized with the Yoast SEO plugin v27.5 - https:\/\/yoast.com\/product\/yoast-seo-wordpress\/ -->\n<title>\u00c5IFK otti kauden toisen voittonsa | K\u00e4sipallon miesten Aktialiiga<\/title>\n<meta name=\"robots\" content=\"index, follow, max-snippet:-1, max-image-preview:large, max-video-preview:-1\" \/>\n<link rel=\"canonical\" href=\"https:\/\/aktialiiga.fi\/miehet\/2019-2020\/ottelut-2019-2020\/aifk-otti-kauden-toisen-voittonsa\/\" \/>\n<meta property=\"og:locale\" content=\"fi_FI\" \/>\n<meta property=\"og:type\" content=\"article\" \/>\n<meta property=\"og:title\" content=\"\u00c5IFK otti kauden toisen voittonsa | K\u00e4sipallon miesten Aktialiiga\" \/>\n<meta property=\"og:description\" content=\"\u00c5IFK otti perjantaina t\u00e4rke\u00e4t pisteet kaadettuaan GrIFK:n vieraiden lopun kirist\u00e4 huolimatta. \u00c5IFK aloitti ottelun vahvasti ja venytti johdon nopeasti kolmeen maaliin. Vierailija GrIFK imi eron kuitenkin umpeen, mutta jakson loppu mentiin j\u00e4lleen is\u00e4ntien merkeiss\u00e4 ja \u00c5IFK johti tauolla kolmella maalilla. Toisella jaksolla \u00c5IFK hivuttautui v\u00e4hitellen jo kuuden maalin karkumatkalle. Jakson puoliv\u00e4liss\u00e4 alkoi kuitenkin Granin takaa-ajo. [&hellip;]\" \/>\n<meta property=\"og:url\" content=\"https:\/\/aktialiiga.fi\/miehet\/2019-2020\/ottelut-2019-2020\/aifk-otti-kauden-toisen-voittonsa\/\" \/>\n<meta property=\"og:site_name\" content=\"K\u00e4sipallon miesten Aktialiiga\" \/>\n<meta property=\"article:publisher\" content=\"https:\/\/www.facebook.com\/finnhandball\" \/>\n<meta property=\"article:published_time\" content=\"2019-11-22T17:36:16+00:00\" \/>\n<meta property=\"article:modified_time\" content=\"2019-11-22T22:00:47+00:00\" \/>\n<meta property=\"og:image\" content=\"https:\/\/i0.wp.com\/aktialiiga.fi\/miehet\/wp-content\/uploads\/sites\/5\/2019\/11\/AIFK_Kuusisto_Aku_1920.jpg?fit=711%2C330&ssl=1\" \/>\n\t<meta property=\"og:image:width\" content=\"711\" \/>\n\t<meta property=\"og:image:height\" content=\"330\" \/>\n\t<meta property=\"og:image:type\" content=\"image\/jpeg\" \/>\n<meta name=\"author\" content=\"tbrmedia\" \/>\n<meta name=\"twitter:card\" content=\"summary_large_image\" \/>\n<meta name=\"twitter:creator\" content=\"@finnhandball\" \/>\n<meta name=\"twitter:site\" content=\"@finnhandball\" \/>\n<script type=\"application\/ld+json\" class=\"yoast-schema-graph\">{\"@context\":\"https:\\\/\\\/schema.org\",\"@graph\":[{\"@type\":\"Article\",\"@id\":\"https:\\\/\\\/aktialiiga.fi\\\/miehet\\\/2019-2020\\\/ottelut-2019-2020\\\/aifk-otti-kauden-toisen-voittonsa\\\/#article\",\"isPartOf\":{\"@id\":\"https:\\\/\\\/aktialiiga.fi\\\/miehet\\\/2019-2020\\\/ottelut-2019-2020\\\/aifk-otti-kauden-toisen-voittonsa\\\/\"},\"author\":{\"name\":\"tbrmedia\",\"@id\":\"https:\\\/\\\/aktialiiga.fi\\\/miehet\\\/#\\\/schema\\\/person\\\/c14bf42f47041db74603c45afcb18d87\"},\"headline\":\"\u00c5IFK otti kauden toisen voittonsa\",\"datePublished\":\"2019-11-22T17:36:16+00:00\",\"dateModified\":\"2019-11-22T22:00:47+00:00\",\"mainEntityOfPage\":{\"@id\":\"https:\\\/\\\/aktialiiga.fi\\\/miehet\\\/2019-2020\\\/ottelut-2019-2020\\\/aifk-otti-kauden-toisen-voittonsa\\\/\"},\"wordCount\":276,\"publisher\":{\"@id\":\"https:\\\/\\\/aktialiiga.fi\\\/miehet\\\/#organization\"},\"image\":{\"@id\":\"https:\\\/\\\/aktialiiga.fi\\\/miehet\\\/2019-2020\\\/ottelut-2019-2020\\\/aifk-otti-kauden-toisen-voittonsa\\\/#primaryimage\"},\"thumbnailUrl\":\"https:\\\/\\\/i0.wp.com\\\/aktialiiga.fi\\\/miehet\\\/wp-content\\\/uploads\\\/sites\\\/5\\\/2019\\\/11\\\/AIFK_Kuusisto_Aku_1920.jpg?fit=711%2C330&ssl=1\",\"keywords\":[\"\u00c5IFK\",\"GrIFK\"],\"articleSection\":[\"Ottelut\"],\"inLanguage\":\"fi\"},{\"@type\":\"WebPage\",\"@id\":\"https:\\\/\\\/aktialiiga.fi\\\/miehet\\\/2019-2020\\\/ottelut-2019-2020\\\/aifk-otti-kauden-toisen-voittonsa\\\/\",\"url\":\"https:\\\/\\\/aktialiiga.fi\\\/miehet\\\/2019-2020\\\/ottelut-2019-2020\\\/aifk-otti-kauden-toisen-voittonsa\\\/\",\"name\":\"\u00c5IFK otti kauden toisen voittonsa | K\u00e4sipallon miesten Aktialiiga\",\"isPartOf\":{\"@id\":\"https:\\\/\\\/aktialiiga.fi\\\/miehet\\\/#website\"},\"primaryImageOfPage\":{\"@id\":\"https:\\\/\\\/aktialiiga.fi\\\/miehet\\\/2019-2020\\\/ottelut-2019-2020\\\/aifk-otti-kauden-toisen-voittonsa\\\/#primaryimage\"},\"image\":{\"@id\":\"https:\\\/\\\/aktialiiga.fi\\\/miehet\\\/2019-2020\\\/ottelut-2019-2020\\\/aifk-otti-kauden-toisen-voittonsa\\\/#primaryimage\"},\"thumbnailUrl\":\"https:\\\/\\\/i0.wp.com\\\/aktialiiga.fi\\\/miehet\\\/wp-content\\\/uploads\\\/sites\\\/5\\\/2019\\\/11\\\/AIFK_Kuusisto_Aku_1920.jpg?fit=711%2C330&ssl=1\",\"datePublished\":\"2019-11-22T17:36:16+00:00\",\"dateModified\":\"2019-11-22T22:00:47+00:00\",\"breadcrumb\":{\"@id\":\"https:\\\/\\\/aktialiiga.fi\\\/miehet\\\/2019-2020\\\/ottelut-2019-2020\\\/aifk-otti-kauden-toisen-voittonsa\\\/#breadcrumb\"},\"inLanguage\":\"fi\",\"potentialAction\":[{\"@type\":\"ReadAction\",\"target\":[\"https:\\\/\\\/aktialiiga.fi\\\/miehet\\\/2019-2020\\\/ottelut-2019-2020\\\/aifk-otti-kauden-toisen-voittonsa\\\/\"]}]},{\"@type\":\"ImageObject\",\"inLanguage\":\"fi\",\"@id\":\"https:\\\/\\\/aktialiiga.fi\\\/miehet\\\/2019-2020\\\/ottelut-2019-2020\\\/aifk-otti-kauden-toisen-voittonsa\\\/#primaryimage\",\"url\":\"https:\\\/\\\/i0.wp.com\\\/aktialiiga.fi\\\/miehet\\\/wp-content\\\/uploads\\\/sites\\\/5\\\/2019\\\/11\\\/AIFK_Kuusisto_Aku_1920.jpg?fit=711%2C330&ssl=1\",\"contentUrl\":\"https:\\\/\\\/i0.wp.com\\\/aktialiiga.fi\\\/miehet\\\/wp-content\\\/uploads\\\/sites\\\/5\\\/2019\\\/11\\\/AIFK_Kuusisto_Aku_1920.jpg?fit=711%2C330&ssl=1\",\"width\":711,\"height\":330},{\"@type\":\"BreadcrumbList\",\"@id\":\"https:\\\/\\\/aktialiiga.fi\\\/miehet\\\/2019-2020\\\/ottelut-2019-2020\\\/aifk-otti-kauden-toisen-voittonsa\\\/#breadcrumb\",\"itemListElement\":[{\"@type\":\"ListItem\",\"position\":1,\"name\":\"Etusivu\",\"item\":\"https:\\\/\\\/aktialiiga.fi\\\/miehet\\\/\"},{\"@type\":\"ListItem\",\"position\":2,\"name\":\"\u00c5IFK otti kauden toisen voittonsa\"}]},{\"@type\":\"WebSite\",\"@id\":\"https:\\\/\\\/aktialiiga.fi\\\/miehet\\\/#website\",\"url\":\"https:\\\/\\\/aktialiiga.fi\\\/miehet\\\/\",\"name\":\"K\u00e4sipallon miesten Aktialiiga\",\"description\":\"Valtakunnan vauhdikkainta palloilua!\",\"publisher\":{\"@id\":\"https:\\\/\\\/aktialiiga.fi\\\/miehet\\\/#organization\"},\"potentialAction\":[{\"@type\":\"SearchAction\",\"target\":{\"@type\":\"EntryPoint\",\"urlTemplate\":\"https:\\\/\\\/aktialiiga.fi\\\/miehet\\\/?s={search_term_string}\"},\"query-input\":{\"@type\":\"PropertyValueSpecification\",\"valueRequired\":true,\"valueName\":\"search_term_string\"}}],\"inLanguage\":\"fi\"},{\"@type\":\"Organization\",\"@id\":\"https:\\\/\\\/aktialiiga.fi\\\/miehet\\\/#organization\",\"name\":\"K\u00e4sipallon miesten Aktialiiga\",\"url\":\"https:\\\/\\\/aktialiiga.fi\\\/miehet\\\/\",\"logo\":{\"@type\":\"ImageObject\",\"inLanguage\":\"fi\",\"@id\":\"https:\\\/\\\/aktialiiga.fi\\\/miehet\\\/#\\\/schema\\\/logo\\\/image\\\/\",\"url\":\"https:\\\/\\\/i0.wp.com\\\/aktialiiga.fi\\\/miehet\\\/wp-content\\\/uploads\\\/sites\\\/5\\\/2024\\\/09\\\/Aktialiiga-Yoast-512.png?fit=512%2C512&ssl=1\",\"contentUrl\":\"https:\\\/\\\/i0.wp.com\\\/aktialiiga.fi\\\/miehet\\\/wp-content\\\/uploads\\\/sites\\\/5\\\/2024\\\/09\\\/Aktialiiga-Yoast-512.png?fit=512%2C512&ssl=1\",\"width\":512,\"height\":512,\"caption\":\"K\u00e4sipallon miesten Aktialiiga\"},\"image\":{\"@id\":\"https:\\\/\\\/aktialiiga.fi\\\/miehet\\\/#\\\/schema\\\/logo\\\/image\\\/\"},\"sameAs\":[\"https:\\\/\\\/www.facebook.com\\\/finnhandball\",\"https:\\\/\\\/x.com\\\/finnhandball\",\"https:\\\/\\\/www.instagram.com\\\/handballfinland\\\/\"]},{\"@type\":\"Person\",\"@id\":\"https:\\\/\\\/aktialiiga.fi\\\/miehet\\\/#\\\/schema\\\/person\\\/c14bf42f47041db74603c45afcb18d87\",\"name\":\"tbrmedia\",\"image\":{\"@type\":\"ImageObject\",\"inLanguage\":\"fi\",\"@id\":\"https:\\\/\\\/secure.gravatar.com\\\/avatar\\\/ee975fa091fe581d12b60debb3439022686618368a7c142044c56724d4666b16?s=96&d=mm&r=g\",\"url\":\"https:\\\/\\\/secure.gravatar.com\\\/avatar\\\/ee975fa091fe581d12b60debb3439022686618368a7c142044c56724d4666b16?s=96&d=mm&r=g\",\"contentUrl\":\"https:\\\/\\\/secure.gravatar.com\\\/avatar\\\/ee975fa091fe581d12b60debb3439022686618368a7c142044c56724d4666b16?s=96&d=mm&r=g\",\"caption\":\"tbrmedia\"}}]}<\/script>\n<!-- \/ Yoast SEO plugin. -->","yoast_head_json":{"title":"\u00c5IFK otti kauden toisen voittonsa | K\u00e4sipallon miesten Aktialiiga","robots":{"index":"index","follow":"follow","max-snippet":"max-snippet:-1","max-image-preview":"max-image-preview:large","max-video-preview":"max-video-preview:-1"},"canonical":"https:\/\/aktialiiga.fi\/miehet\/2019-2020\/ottelut-2019-2020\/aifk-otti-kauden-toisen-voittonsa\/","og_locale":"fi_FI","og_type":"article","og_title":"\u00c5IFK otti kauden toisen voittonsa | K\u00e4sipallon miesten Aktialiiga","og_description":"\u00c5IFK otti perjantaina t\u00e4rke\u00e4t pisteet kaadettuaan GrIFK:n vieraiden lopun kirist\u00e4 huolimatta. \u00c5IFK aloitti ottelun vahvasti ja venytti johdon nopeasti kolmeen maaliin. Vierailija GrIFK imi eron kuitenkin umpeen, mutta jakson loppu mentiin j\u00e4lleen is\u00e4ntien merkeiss\u00e4 ja \u00c5IFK johti tauolla kolmella maalilla. Toisella jaksolla \u00c5IFK hivuttautui v\u00e4hitellen jo kuuden maalin karkumatkalle. Jakson puoliv\u00e4liss\u00e4 alkoi kuitenkin Granin takaa-ajo. [&hellip;]","og_url":"https:\/\/aktialiiga.fi\/miehet\/2019-2020\/ottelut-2019-2020\/aifk-otti-kauden-toisen-voittonsa\/","og_site_name":"K\u00e4sipallon miesten Aktialiiga","article_publisher":"https:\/\/www.facebook.com\/finnhandball","article_published_time":"2019-11-22T17:36:16+00:00","article_modified_time":"2019-11-22T22:00:47+00:00","og_image":[{"width":711,"height":330,"url":"https:\/\/i0.wp.com\/aktialiiga.fi\/miehet\/wp-content\/uploads\/sites\/5\/2019\/11\/AIFK_Kuusisto_Aku_1920.jpg?fit=711%2C330&ssl=1","type":"image\/jpeg"}],"author":"tbrmedia","twitter_card":"summary_large_image","twitter_creator":"@finnhandball","twitter_site":"@finnhandball","schema":{"@context":"https:\/\/schema.org","@graph":[{"@type":"Article","@id":"https:\/\/aktialiiga.fi\/miehet\/2019-2020\/ottelut-2019-2020\/aifk-otti-kauden-toisen-voittonsa\/#article","isPartOf":{"@id":"https:\/\/aktialiiga.fi\/miehet\/2019-2020\/ottelut-2019-2020\/aifk-otti-kauden-toisen-voittonsa\/"},"author":{"name":"tbrmedia","@id":"https:\/\/aktialiiga.fi\/miehet\/#\/schema\/person\/c14bf42f47041db74603c45afcb18d87"},"headline":"\u00c5IFK otti kauden toisen voittonsa","datePublished":"2019-11-22T17:36:16+00:00","dateModified":"2019-11-22T22:00:47+00:00","mainEntityOfPage":{"@id":"https:\/\/aktialiiga.fi\/miehet\/2019-2020\/ottelut-2019-2020\/aifk-otti-kauden-toisen-voittonsa\/"},"wordCount":276,"publisher":{"@id":"https:\/\/aktialiiga.fi\/miehet\/#organization"},"image":{"@id":"https:\/\/aktialiiga.fi\/miehet\/2019-2020\/ottelut-2019-2020\/aifk-otti-kauden-toisen-voittonsa\/#primaryimage"},"thumbnailUrl":"https:\/\/i0.wp.com\/aktialiiga.fi\/miehet\/wp-content\/uploads\/sites\/5\/2019\/11\/AIFK_Kuusisto_Aku_1920.jpg?fit=711%2C330&ssl=1","keywords":["\u00c5IFK","GrIFK"],"articleSection":["Ottelut"],"inLanguage":"fi"},{"@type":"WebPage","@id":"https:\/\/aktialiiga.fi\/miehet\/2019-2020\/ottelut-2019-2020\/aifk-otti-kauden-toisen-voittonsa\/","url":"https:\/\/aktialiiga.fi\/miehet\/2019-2020\/ottelut-2019-2020\/aifk-otti-kauden-toisen-voittonsa\/","name":"\u00c5IFK otti kauden toisen voittonsa | K\u00e4sipallon miesten Aktialiiga","isPartOf":{"@id":"https:\/\/aktialiiga.fi\/miehet\/#website"},"primaryImageOfPage":{"@id":"https:\/\/aktialiiga.fi\/miehet\/2019-2020\/ottelut-2019-2020\/aifk-otti-kauden-toisen-voittonsa\/#primaryimage"},"image":{"@id":"https:\/\/aktialiiga.fi\/miehet\/2019-2020\/ottelut-2019-2020\/aifk-otti-kauden-toisen-voittonsa\/#primaryimage"},"thumbnailUrl":"https:\/\/i0.wp.com\/aktialiiga.fi\/miehet\/wp-content\/uploads\/sites\/5\/2019\/11\/AIFK_Kuusisto_Aku_1920.jpg?fit=711%2C330&ssl=1","datePublished":"2019-11-22T17:36:16+00:00","dateModified":"2019-11-22T22:00:47+00:00","breadcrumb":{"@id":"https:\/\/aktialiiga.fi\/miehet\/2019-2020\/ottelut-2019-2020\/aifk-otti-kauden-toisen-voittonsa\/#breadcrumb"},"inLanguage":"fi","potentialAction":[{"@type":"ReadAction","target":["https:\/\/aktialiiga.fi\/miehet\/2019-2020\/ottelut-2019-2020\/aifk-otti-kauden-toisen-voittonsa\/"]}]},{"@type":"ImageObject","inLanguage":"fi","@id":"https:\/\/aktialiiga.fi\/miehet\/2019-2020\/ottelut-2019-2020\/aifk-otti-kauden-toisen-voittonsa\/#primaryimage","url":"https:\/\/i0.wp.com\/aktialiiga.fi\/miehet\/wp-content\/uploads\/sites\/5\/2019\/11\/AIFK_Kuusisto_Aku_1920.jpg?fit=711%2C330&ssl=1","contentUrl":"https:\/\/i0.wp.com\/aktialiiga.fi\/miehet\/wp-content\/uploads\/sites\/5\/2019\/11\/AIFK_Kuusisto_Aku_1920.jpg?fit=711%2C330&ssl=1","width":711,"height":330},{"@type":"BreadcrumbList","@id":"https:\/\/aktialiiga.fi\/miehet\/2019-2020\/ottelut-2019-2020\/aifk-otti-kauden-toisen-voittonsa\/#breadcrumb","itemListElement":[{"@type":"ListItem","position":1,"name":"Etusivu","item":"https:\/\/aktialiiga.fi\/miehet\/"},{"@type":"ListItem","position":2,"name":"\u00c5IFK otti kauden toisen voittonsa"}]},{"@type":"WebSite","@id":"https:\/\/aktialiiga.fi\/miehet\/#website","url":"https:\/\/aktialiiga.fi\/miehet\/","name":"K\u00e4sipallon miesten Aktialiiga","description":"Valtakunnan vauhdikkainta palloilua!","publisher":{"@id":"https:\/\/aktialiiga.fi\/miehet\/#organization"},"potentialAction":[{"@type":"SearchAction","target":{"@type":"EntryPoint","urlTemplate":"https:\/\/aktialiiga.fi\/miehet\/?s={search_term_string}"},"query-input":{"@type":"PropertyValueSpecification","valueRequired":true,"valueName":"search_term_string"}}],"inLanguage":"fi"},{"@type":"Organization","@id":"https:\/\/aktialiiga.fi\/miehet\/#organization","name":"K\u00e4sipallon miesten Aktialiiga","url":"https:\/\/aktialiiga.fi\/miehet\/","logo":{"@type":"ImageObject","inLanguage":"fi","@id":"https:\/\/aktialiiga.fi\/miehet\/#\/schema\/logo\/image\/","url":"https:\/\/i0.wp.com\/aktialiiga.fi\/miehet\/wp-content\/uploads\/sites\/5\/2024\/09\/Aktialiiga-Yoast-512.png?fit=512%2C512&ssl=1","contentUrl":"https:\/\/i0.wp.com\/aktialiiga.fi\/miehet\/wp-content\/uploads\/sites\/5\/2024\/09\/Aktialiiga-Yoast-512.png?fit=512%2C512&ssl=1","width":512,"height":512,"caption":"K\u00e4sipallon miesten Aktialiiga"},"image":{"@id":"https:\/\/aktialiiga.fi\/miehet\/#\/schema\/logo\/image\/"},"sameAs":["https:\/\/www.facebook.com\/finnhandball","https:\/\/x.com\/finnhandball","https:\/\/www.instagram.com\/handballfinland\/"]},{"@type":"Person","@id":"https:\/\/aktialiiga.fi\/miehet\/#\/schema\/person\/c14bf42f47041db74603c45afcb18d87","name":"tbrmedia","image":{"@type":"ImageObject","inLanguage":"fi","@id":"https:\/\/secure.gravatar.com\/avatar\/ee975fa091fe581d12b60debb3439022686618368a7c142044c56724d4666b16?s=96&d=mm&r=g","url":"https:\/\/secure.gravatar.com\/avatar\/ee975fa091fe581d12b60debb3439022686618368a7c142044c56724d4666b16?s=96&d=mm&r=g","contentUrl":"https:\/\/secure.gravatar.com\/avatar\/ee975fa091fe581d12b60debb3439022686618368a7c142044c56724d4666b16?s=96&d=mm&r=g","caption":"tbrmedia"}}]}},"jetpack_featured_media_url":"https:\/\/i0.wp.com\/aktialiiga.fi\/miehet\/wp-content\/uploads\/sites\/5\/2019\/11\/AIFK_Kuusisto_Aku_1920.jpg?fit=711%2C330&ssl=1","jetpack_sharing_enabled":true,"jetpack_shortlink":"https:\/\/wp.me\/pfTxOr-6ni","_links":{"self":[{"href":"https:\/\/aktialiiga.fi\/miehet\/wp-json\/wp\/v2\/posts\/24508","targetHints":{"allow":["GET"]}}],"collection":[{"href":"https:\/\/aktialiiga.fi\/miehet\/wp-json\/wp\/v2\/posts"}],"about":[{"href":"https:\/\/aktialiiga.fi\/miehet\/wp-json\/wp\/v2\/types\/post"}],"author":[{"embeddable":true,"href":"https:\/\/aktialiiga.fi\/miehet\/wp-json\/wp\/v2\/users\/13"}],"replies":[{"embeddable":true,"href":"https:\/\/aktialiiga.fi\/miehet\/wp-json\/wp\/v2\/comments?post=24508"}],"version-history":[{"count":0,"href":"https:\/\/aktialiiga.fi\/miehet\/wp-json\/wp\/v2\/posts\/24508\/revisions"}],"wp:featuredmedia":[{"embeddable":true,"href":"https:\/\/aktialiiga.fi\/miehet\/wp-json\/wp\/v2\/media\/24510"}],"wp:attachment":[{"href":"https:\/\/aktialiiga.fi\/miehet\/wp-json\/wp\/v2\/media?parent=24508"}],"wp:term":[{"taxonomy":"category","embeddable":true,"href":"https:\/\/aktialiiga.fi\/miehet\/wp-json\/wp\/v2\/categories?post=24508"},{"taxonomy":"post_tag","embeddable":true,"href":"https:\/\/aktialiiga.fi\/miehet\/wp-json\/wp\/v2\/tags?post=24508"}],"curies":[{"name":"wp","href":"https:\/\/api.w.org\/{rel}","templated":true}]}}