{"id":24584,"date":"2019-11-29T22:51:04","date_gmt":"2019-11-29T20:51:04","guid":{"rendered":"https:\/\/aktialiiga.fi\/miehet\/?p=24584"},"modified":"2019-11-29T22:51:04","modified_gmt":"2019-11-29T20:51:04","slug":"sm-liigan-marraskuu-paatokseen-lauantaina","status":"publish","type":"post","link":"https:\/\/aktialiiga.fi\/miehet\/2019-2020\/ennakot-2019-2020\/sm-liigan-marraskuu-paatokseen-lauantaina\/","title":{"rendered":"SM-liigan marraskuu p\u00e4\u00e4t\u00f6kseen lauantaina"},"content":{"rendered":"<p>SM-liigassa pelataan lauantaina kaksi ottelua ja samalla marraskuu saadaan p\u00e4\u00e4t\u00f6kseen ennen joulukuun alun Suomen Cupin v\u00e4lieri\u00e4.<\/p>\n<p>HIFK kohtaa lauantaina kotonaan koko sarjan perinteikk\u00e4imm\u00e4n vastustajansa. Karjaan BK-46 pit\u00e4\u00e4 edelleen hallussa ylivoimaisesti miesten p\u00e4\u00e4sarjan mitalitaulukkoa sek\u00e4 sarjaotteluiden maratontaulukkoa. Pitk\u00e4st\u00e4 yhteisest\u00e4 historiasta huolimatta joukkueet eiv\u00e4t juuri 2000-luvulla ole p\u00e4\u00e4sseet taistelemaan samoista sijoituksista.<\/p>\n<p>T\u00e4h\u00e4n saatiin pirist\u00e4v\u00e4 poikkeus kev\u00e4\u00e4n 2019 pudotuspeleiss\u00e4, kun joukkueet pelasivat dramaattisen viiden ottelun sarjan puoliv\u00e4lieriss\u00e4. Nelj\u00e4n per\u00e4kk\u00e4isen kotivoiton j\u00e4lkeen HIFK taisteli itselleen ottelusarjan ensimm\u00e4isen vierasvoiton Karjaalta, ja saavutti paikan v\u00e4lieriin otteluvoitoin 2-3.<\/p>\n<p>HIFK l\u00e4htee otteluun viidennelt\u00e4 sijalta viisi pistett\u00e4 BK:ta j\u00e4ljess\u00e4, tosin ottelun v\u00e4hemm\u00e4n pelanneena. Vahvan alkukauden pelannut BK tulee Helsingin Urheilutalolle entist\u00e4 vahvempana, kun pitk\u00e4\u00e4n loukkaantumisen takia sivussa ollut Oscar Kihlstedt palasi edellisottelussa kent\u00e4lle ja tuo entisest\u00e4\u00e4n lis\u00e4\u00e4 vahvuutta karjaalaisten pelinrakenteluun.<\/p>\n<p>Lauantain toisessa ottelussa kohtaavat Fennia Arenalla SIF ja \u00c5IFK. Useita huipputasaisia otteluita pelannut SIF k\u00e4rsi viimeksi selke\u00e4n tappion Cocksille ja \u00c5IFK:ta ei aliarvioida siuntiolaisleiriss\u00e4 tippaakaan.<\/p>\n<p>&#8211; \u00c5IFK voitti GrIFK:n ja joukkue tuntuu olevan tulossa. Meid\u00e4n osaltamme kyse on siit\u00e4, ett\u00e4 pid\u00e4mme kiinni pelisuunnitelmastamme ja teemme huolella t\u00f6it\u00e4, SIF:n p\u00e4\u00e4valmentaja Teddy Nordling sanoi V\u00e4stra Nylandille.<\/p>\n<p>&#8211; Tuntuu ehk\u00e4 oudolta sanoa n\u00e4in, mutta Cocks-ottelussa oli paljon positiivistakin ja sen otamme ilman muuta mukaamme.<\/p>\n<p><strong>SM-liiga lauantaina 30.11.<\/strong><br \/>\n16.00 HIFK \u2013 BK-46<br \/>\n17.15 SIF \u2013 \u00c5IFK<\/p>\n<p>Kaikki kauden SM-liigaottelut suorina l\u00e4hetyksin\u00e4 <a href=\"https:\/\/solidsport.com\/handisliiga\/news\/Katso-handisliigaa\">SolidSportilla<\/a>.<\/p>\n","protected":false},"excerpt":{"rendered":"<p>SM-liigassa pelataan lauantaina kaksi ottelua ja samalla marraskuu saadaan p\u00e4\u00e4t\u00f6kseen ennen joulukuun alun Suomen Cupin v\u00e4lieri\u00e4. HIFK kohtaa lauantaina kotonaan koko sarjan perinteikk\u00e4imm\u00e4n vastustajansa. Karjaan BK-46 pit\u00e4\u00e4 edelleen hallussa ylivoimaisesti miesten p\u00e4\u00e4sarjan mitalitaulukkoa sek\u00e4 sarjaotteluiden maratontaulukkoa. Pitk\u00e4st\u00e4 yhteisest\u00e4 historiasta huolimatta joukkueet eiv\u00e4t juuri 2000-luvulla ole p\u00e4\u00e4sseet taistelemaan samoista sijoituksista. T\u00e4h\u00e4n saatiin pirist\u00e4v\u00e4 poikkeus kev\u00e4\u00e4n 2019 [&hellip;]<\/p>\n","protected":false},"author":13,"featured_media":24586,"comment_status":"closed","ping_status":"closed","sticky":false,"template":"","format":"standard","meta":{"_acf_changed":false,"jetpack_post_was_ever_published":false,"_jetpack_newsletter_access":"","_jetpack_dont_email_post_to_subs":false,"_jetpack_newsletter_tier_id":0,"_jetpack_memberships_contains_paywalled_content":false,"_jetpack_memberships_contains_paid_content":false,"footnotes":""},"categories":[227],"tags":[50,56,71,111],"class_list":["post-24584","post","type-post","status-publish","format-standard","has-post-thumbnail","hentry","category-ennakot-2019-2020","tag-aifk","tag-bk-46","tag-hifk","tag-sif"],"acf":[],"yoast_head":"<!-- This site is optimized with the Yoast SEO plugin v27.5 - https:\/\/yoast.com\/product\/yoast-seo-wordpress\/ -->\n<title>SM-liigan marraskuu p\u00e4\u00e4t\u00f6kseen lauantaina | K\u00e4sipallon miesten Aktialiiga<\/title>\n<meta name=\"robots\" content=\"index, follow, max-snippet:-1, max-image-preview:large, max-video-preview:-1\" \/>\n<link rel=\"canonical\" href=\"https:\/\/aktialiiga.fi\/miehet\/2019-2020\/ennakot-2019-2020\/sm-liigan-marraskuu-paatokseen-lauantaina\/\" \/>\n<meta property=\"og:locale\" content=\"fi_FI\" \/>\n<meta property=\"og:type\" content=\"article\" \/>\n<meta property=\"og:title\" content=\"SM-liigan marraskuu p\u00e4\u00e4t\u00f6kseen lauantaina | K\u00e4sipallon miesten Aktialiiga\" \/>\n<meta property=\"og:description\" content=\"SM-liigassa pelataan lauantaina kaksi ottelua ja samalla marraskuu saadaan p\u00e4\u00e4t\u00f6kseen ennen joulukuun alun Suomen Cupin v\u00e4lieri\u00e4. HIFK kohtaa lauantaina kotonaan koko sarjan perinteikk\u00e4imm\u00e4n vastustajansa. Karjaan BK-46 pit\u00e4\u00e4 edelleen hallussa ylivoimaisesti miesten p\u00e4\u00e4sarjan mitalitaulukkoa sek\u00e4 sarjaotteluiden maratontaulukkoa. Pitk\u00e4st\u00e4 yhteisest\u00e4 historiasta huolimatta joukkueet eiv\u00e4t juuri 2000-luvulla ole p\u00e4\u00e4sseet taistelemaan samoista sijoituksista. T\u00e4h\u00e4n saatiin pirist\u00e4v\u00e4 poikkeus kev\u00e4\u00e4n 2019 [&hellip;]\" \/>\n<meta property=\"og:url\" content=\"https:\/\/aktialiiga.fi\/miehet\/2019-2020\/ennakot-2019-2020\/sm-liigan-marraskuu-paatokseen-lauantaina\/\" \/>\n<meta property=\"og:site_name\" content=\"K\u00e4sipallon miesten Aktialiiga\" \/>\n<meta property=\"article:publisher\" content=\"https:\/\/www.facebook.com\/finnhandball\" \/>\n<meta property=\"article:published_time\" content=\"2019-11-29T20:51:04+00:00\" \/>\n<meta property=\"og:image\" content=\"https:\/\/i0.wp.com\/aktialiiga.fi\/miehet\/wp-content\/uploads\/sites\/5\/2019\/11\/SIF_Nordling_Teddy_1920.jpg?fit=711%2C330&ssl=1\" \/>\n\t<meta property=\"og:image:width\" content=\"711\" \/>\n\t<meta property=\"og:image:height\" content=\"330\" \/>\n\t<meta property=\"og:image:type\" content=\"image\/jpeg\" \/>\n<meta name=\"author\" content=\"tbrmedia\" \/>\n<meta name=\"twitter:card\" content=\"summary_large_image\" \/>\n<meta name=\"twitter:creator\" content=\"@finnhandball\" \/>\n<meta name=\"twitter:site\" content=\"@finnhandball\" \/>\n<script type=\"application\/ld+json\" class=\"yoast-schema-graph\">{\"@context\":\"https:\\\/\\\/schema.org\",\"@graph\":[{\"@type\":\"Article\",\"@id\":\"https:\\\/\\\/aktialiiga.fi\\\/miehet\\\/2019-2020\\\/ennakot-2019-2020\\\/sm-liigan-marraskuu-paatokseen-lauantaina\\\/#article\",\"isPartOf\":{\"@id\":\"https:\\\/\\\/aktialiiga.fi\\\/miehet\\\/2019-2020\\\/ennakot-2019-2020\\\/sm-liigan-marraskuu-paatokseen-lauantaina\\\/\"},\"author\":{\"name\":\"tbrmedia\",\"@id\":\"https:\\\/\\\/aktialiiga.fi\\\/miehet\\\/#\\\/schema\\\/person\\\/c14bf42f47041db74603c45afcb18d87\"},\"headline\":\"SM-liigan marraskuu p\u00e4\u00e4t\u00f6kseen lauantaina\",\"datePublished\":\"2019-11-29T20:51:04+00:00\",\"mainEntityOfPage\":{\"@id\":\"https:\\\/\\\/aktialiiga.fi\\\/miehet\\\/2019-2020\\\/ennakot-2019-2020\\\/sm-liigan-marraskuu-paatokseen-lauantaina\\\/\"},\"wordCount\":249,\"publisher\":{\"@id\":\"https:\\\/\\\/aktialiiga.fi\\\/miehet\\\/#organization\"},\"image\":{\"@id\":\"https:\\\/\\\/aktialiiga.fi\\\/miehet\\\/2019-2020\\\/ennakot-2019-2020\\\/sm-liigan-marraskuu-paatokseen-lauantaina\\\/#primaryimage\"},\"thumbnailUrl\":\"https:\\\/\\\/i0.wp.com\\\/aktialiiga.fi\\\/miehet\\\/wp-content\\\/uploads\\\/sites\\\/5\\\/2019\\\/11\\\/SIF_Nordling_Teddy_1920.jpg?fit=711%2C330&ssl=1\",\"keywords\":[\"\u00c5IFK\",\"BK-46\",\"HIFK\",\"SIF\"],\"articleSection\":[\"Ennakot\"],\"inLanguage\":\"fi\"},{\"@type\":\"WebPage\",\"@id\":\"https:\\\/\\\/aktialiiga.fi\\\/miehet\\\/2019-2020\\\/ennakot-2019-2020\\\/sm-liigan-marraskuu-paatokseen-lauantaina\\\/\",\"url\":\"https:\\\/\\\/aktialiiga.fi\\\/miehet\\\/2019-2020\\\/ennakot-2019-2020\\\/sm-liigan-marraskuu-paatokseen-lauantaina\\\/\",\"name\":\"SM-liigan marraskuu p\u00e4\u00e4t\u00f6kseen lauantaina | K\u00e4sipallon miesten Aktialiiga\",\"isPartOf\":{\"@id\":\"https:\\\/\\\/aktialiiga.fi\\\/miehet\\\/#website\"},\"primaryImageOfPage\":{\"@id\":\"https:\\\/\\\/aktialiiga.fi\\\/miehet\\\/2019-2020\\\/ennakot-2019-2020\\\/sm-liigan-marraskuu-paatokseen-lauantaina\\\/#primaryimage\"},\"image\":{\"@id\":\"https:\\\/\\\/aktialiiga.fi\\\/miehet\\\/2019-2020\\\/ennakot-2019-2020\\\/sm-liigan-marraskuu-paatokseen-lauantaina\\\/#primaryimage\"},\"thumbnailUrl\":\"https:\\\/\\\/i0.wp.com\\\/aktialiiga.fi\\\/miehet\\\/wp-content\\\/uploads\\\/sites\\\/5\\\/2019\\\/11\\\/SIF_Nordling_Teddy_1920.jpg?fit=711%2C330&ssl=1\",\"datePublished\":\"2019-11-29T20:51:04+00:00\",\"breadcrumb\":{\"@id\":\"https:\\\/\\\/aktialiiga.fi\\\/miehet\\\/2019-2020\\\/ennakot-2019-2020\\\/sm-liigan-marraskuu-paatokseen-lauantaina\\\/#breadcrumb\"},\"inLanguage\":\"fi\",\"potentialAction\":[{\"@type\":\"ReadAction\",\"target\":[\"https:\\\/\\\/aktialiiga.fi\\\/miehet\\\/2019-2020\\\/ennakot-2019-2020\\\/sm-liigan-marraskuu-paatokseen-lauantaina\\\/\"]}]},{\"@type\":\"ImageObject\",\"inLanguage\":\"fi\",\"@id\":\"https:\\\/\\\/aktialiiga.fi\\\/miehet\\\/2019-2020\\\/ennakot-2019-2020\\\/sm-liigan-marraskuu-paatokseen-lauantaina\\\/#primaryimage\",\"url\":\"https:\\\/\\\/i0.wp.com\\\/aktialiiga.fi\\\/miehet\\\/wp-content\\\/uploads\\\/sites\\\/5\\\/2019\\\/11\\\/SIF_Nordling_Teddy_1920.jpg?fit=711%2C330&ssl=1\",\"contentUrl\":\"https:\\\/\\\/i0.wp.com\\\/aktialiiga.fi\\\/miehet\\\/wp-content\\\/uploads\\\/sites\\\/5\\\/2019\\\/11\\\/SIF_Nordling_Teddy_1920.jpg?fit=711%2C330&ssl=1\",\"width\":711,\"height\":330},{\"@type\":\"BreadcrumbList\",\"@id\":\"https:\\\/\\\/aktialiiga.fi\\\/miehet\\\/2019-2020\\\/ennakot-2019-2020\\\/sm-liigan-marraskuu-paatokseen-lauantaina\\\/#breadcrumb\",\"itemListElement\":[{\"@type\":\"ListItem\",\"position\":1,\"name\":\"Etusivu\",\"item\":\"https:\\\/\\\/aktialiiga.fi\\\/miehet\\\/\"},{\"@type\":\"ListItem\",\"position\":2,\"name\":\"SM-liigan marraskuu p\u00e4\u00e4t\u00f6kseen lauantaina\"}]},{\"@type\":\"WebSite\",\"@id\":\"https:\\\/\\\/aktialiiga.fi\\\/miehet\\\/#website\",\"url\":\"https:\\\/\\\/aktialiiga.fi\\\/miehet\\\/\",\"name\":\"K\u00e4sipallon miesten Aktialiiga\",\"description\":\"Valtakunnan vauhdikkainta palloilua!\",\"publisher\":{\"@id\":\"https:\\\/\\\/aktialiiga.fi\\\/miehet\\\/#organization\"},\"potentialAction\":[{\"@type\":\"SearchAction\",\"target\":{\"@type\":\"EntryPoint\",\"urlTemplate\":\"https:\\\/\\\/aktialiiga.fi\\\/miehet\\\/?s={search_term_string}\"},\"query-input\":{\"@type\":\"PropertyValueSpecification\",\"valueRequired\":true,\"valueName\":\"search_term_string\"}}],\"inLanguage\":\"fi\"},{\"@type\":\"Organization\",\"@id\":\"https:\\\/\\\/aktialiiga.fi\\\/miehet\\\/#organization\",\"name\":\"K\u00e4sipallon miesten Aktialiiga\",\"url\":\"https:\\\/\\\/aktialiiga.fi\\\/miehet\\\/\",\"logo\":{\"@type\":\"ImageObject\",\"inLanguage\":\"fi\",\"@id\":\"https:\\\/\\\/aktialiiga.fi\\\/miehet\\\/#\\\/schema\\\/logo\\\/image\\\/\",\"url\":\"https:\\\/\\\/i0.wp.com\\\/aktialiiga.fi\\\/miehet\\\/wp-content\\\/uploads\\\/sites\\\/5\\\/2024\\\/09\\\/Aktialiiga-Yoast-512.png?fit=512%2C512&ssl=1\",\"contentUrl\":\"https:\\\/\\\/i0.wp.com\\\/aktialiiga.fi\\\/miehet\\\/wp-content\\\/uploads\\\/sites\\\/5\\\/2024\\\/09\\\/Aktialiiga-Yoast-512.png?fit=512%2C512&ssl=1\",\"width\":512,\"height\":512,\"caption\":\"K\u00e4sipallon miesten Aktialiiga\"},\"image\":{\"@id\":\"https:\\\/\\\/aktialiiga.fi\\\/miehet\\\/#\\\/schema\\\/logo\\\/image\\\/\"},\"sameAs\":[\"https:\\\/\\\/www.facebook.com\\\/finnhandball\",\"https:\\\/\\\/x.com\\\/finnhandball\",\"https:\\\/\\\/www.instagram.com\\\/handballfinland\\\/\"]},{\"@type\":\"Person\",\"@id\":\"https:\\\/\\\/aktialiiga.fi\\\/miehet\\\/#\\\/schema\\\/person\\\/c14bf42f47041db74603c45afcb18d87\",\"name\":\"tbrmedia\",\"image\":{\"@type\":\"ImageObject\",\"inLanguage\":\"fi\",\"@id\":\"https:\\\/\\\/secure.gravatar.com\\\/avatar\\\/ee975fa091fe581d12b60debb3439022686618368a7c142044c56724d4666b16?s=96&d=mm&r=g\",\"url\":\"https:\\\/\\\/secure.gravatar.com\\\/avatar\\\/ee975fa091fe581d12b60debb3439022686618368a7c142044c56724d4666b16?s=96&d=mm&r=g\",\"contentUrl\":\"https:\\\/\\\/secure.gravatar.com\\\/avatar\\\/ee975fa091fe581d12b60debb3439022686618368a7c142044c56724d4666b16?s=96&d=mm&r=g\",\"caption\":\"tbrmedia\"}}]}<\/script>\n<!-- \/ Yoast SEO plugin. -->","yoast_head_json":{"title":"SM-liigan marraskuu p\u00e4\u00e4t\u00f6kseen lauantaina | K\u00e4sipallon miesten Aktialiiga","robots":{"index":"index","follow":"follow","max-snippet":"max-snippet:-1","max-image-preview":"max-image-preview:large","max-video-preview":"max-video-preview:-1"},"canonical":"https:\/\/aktialiiga.fi\/miehet\/2019-2020\/ennakot-2019-2020\/sm-liigan-marraskuu-paatokseen-lauantaina\/","og_locale":"fi_FI","og_type":"article","og_title":"SM-liigan marraskuu p\u00e4\u00e4t\u00f6kseen lauantaina | K\u00e4sipallon miesten Aktialiiga","og_description":"SM-liigassa pelataan lauantaina kaksi ottelua ja samalla marraskuu saadaan p\u00e4\u00e4t\u00f6kseen ennen joulukuun alun Suomen Cupin v\u00e4lieri\u00e4. HIFK kohtaa lauantaina kotonaan koko sarjan perinteikk\u00e4imm\u00e4n vastustajansa. Karjaan BK-46 pit\u00e4\u00e4 edelleen hallussa ylivoimaisesti miesten p\u00e4\u00e4sarjan mitalitaulukkoa sek\u00e4 sarjaotteluiden maratontaulukkoa. Pitk\u00e4st\u00e4 yhteisest\u00e4 historiasta huolimatta joukkueet eiv\u00e4t juuri 2000-luvulla ole p\u00e4\u00e4sseet taistelemaan samoista sijoituksista. T\u00e4h\u00e4n saatiin pirist\u00e4v\u00e4 poikkeus kev\u00e4\u00e4n 2019 [&hellip;]","og_url":"https:\/\/aktialiiga.fi\/miehet\/2019-2020\/ennakot-2019-2020\/sm-liigan-marraskuu-paatokseen-lauantaina\/","og_site_name":"K\u00e4sipallon miesten Aktialiiga","article_publisher":"https:\/\/www.facebook.com\/finnhandball","article_published_time":"2019-11-29T20:51:04+00:00","og_image":[{"width":711,"height":330,"url":"https:\/\/i0.wp.com\/aktialiiga.fi\/miehet\/wp-content\/uploads\/sites\/5\/2019\/11\/SIF_Nordling_Teddy_1920.jpg?fit=711%2C330&ssl=1","type":"image\/jpeg"}],"author":"tbrmedia","twitter_card":"summary_large_image","twitter_creator":"@finnhandball","twitter_site":"@finnhandball","schema":{"@context":"https:\/\/schema.org","@graph":[{"@type":"Article","@id":"https:\/\/aktialiiga.fi\/miehet\/2019-2020\/ennakot-2019-2020\/sm-liigan-marraskuu-paatokseen-lauantaina\/#article","isPartOf":{"@id":"https:\/\/aktialiiga.fi\/miehet\/2019-2020\/ennakot-2019-2020\/sm-liigan-marraskuu-paatokseen-lauantaina\/"},"author":{"name":"tbrmedia","@id":"https:\/\/aktialiiga.fi\/miehet\/#\/schema\/person\/c14bf42f47041db74603c45afcb18d87"},"headline":"SM-liigan marraskuu p\u00e4\u00e4t\u00f6kseen lauantaina","datePublished":"2019-11-29T20:51:04+00:00","mainEntityOfPage":{"@id":"https:\/\/aktialiiga.fi\/miehet\/2019-2020\/ennakot-2019-2020\/sm-liigan-marraskuu-paatokseen-lauantaina\/"},"wordCount":249,"publisher":{"@id":"https:\/\/aktialiiga.fi\/miehet\/#organization"},"image":{"@id":"https:\/\/aktialiiga.fi\/miehet\/2019-2020\/ennakot-2019-2020\/sm-liigan-marraskuu-paatokseen-lauantaina\/#primaryimage"},"thumbnailUrl":"https:\/\/i0.wp.com\/aktialiiga.fi\/miehet\/wp-content\/uploads\/sites\/5\/2019\/11\/SIF_Nordling_Teddy_1920.jpg?fit=711%2C330&ssl=1","keywords":["\u00c5IFK","BK-46","HIFK","SIF"],"articleSection":["Ennakot"],"inLanguage":"fi"},{"@type":"WebPage","@id":"https:\/\/aktialiiga.fi\/miehet\/2019-2020\/ennakot-2019-2020\/sm-liigan-marraskuu-paatokseen-lauantaina\/","url":"https:\/\/aktialiiga.fi\/miehet\/2019-2020\/ennakot-2019-2020\/sm-liigan-marraskuu-paatokseen-lauantaina\/","name":"SM-liigan marraskuu p\u00e4\u00e4t\u00f6kseen lauantaina | K\u00e4sipallon miesten Aktialiiga","isPartOf":{"@id":"https:\/\/aktialiiga.fi\/miehet\/#website"},"primaryImageOfPage":{"@id":"https:\/\/aktialiiga.fi\/miehet\/2019-2020\/ennakot-2019-2020\/sm-liigan-marraskuu-paatokseen-lauantaina\/#primaryimage"},"image":{"@id":"https:\/\/aktialiiga.fi\/miehet\/2019-2020\/ennakot-2019-2020\/sm-liigan-marraskuu-paatokseen-lauantaina\/#primaryimage"},"thumbnailUrl":"https:\/\/i0.wp.com\/aktialiiga.fi\/miehet\/wp-content\/uploads\/sites\/5\/2019\/11\/SIF_Nordling_Teddy_1920.jpg?fit=711%2C330&ssl=1","datePublished":"2019-11-29T20:51:04+00:00","breadcrumb":{"@id":"https:\/\/aktialiiga.fi\/miehet\/2019-2020\/ennakot-2019-2020\/sm-liigan-marraskuu-paatokseen-lauantaina\/#breadcrumb"},"inLanguage":"fi","potentialAction":[{"@type":"ReadAction","target":["https:\/\/aktialiiga.fi\/miehet\/2019-2020\/ennakot-2019-2020\/sm-liigan-marraskuu-paatokseen-lauantaina\/"]}]},{"@type":"ImageObject","inLanguage":"fi","@id":"https:\/\/aktialiiga.fi\/miehet\/2019-2020\/ennakot-2019-2020\/sm-liigan-marraskuu-paatokseen-lauantaina\/#primaryimage","url":"https:\/\/i0.wp.com\/aktialiiga.fi\/miehet\/wp-content\/uploads\/sites\/5\/2019\/11\/SIF_Nordling_Teddy_1920.jpg?fit=711%2C330&ssl=1","contentUrl":"https:\/\/i0.wp.com\/aktialiiga.fi\/miehet\/wp-content\/uploads\/sites\/5\/2019\/11\/SIF_Nordling_Teddy_1920.jpg?fit=711%2C330&ssl=1","width":711,"height":330},{"@type":"BreadcrumbList","@id":"https:\/\/aktialiiga.fi\/miehet\/2019-2020\/ennakot-2019-2020\/sm-liigan-marraskuu-paatokseen-lauantaina\/#breadcrumb","itemListElement":[{"@type":"ListItem","position":1,"name":"Etusivu","item":"https:\/\/aktialiiga.fi\/miehet\/"},{"@type":"ListItem","position":2,"name":"SM-liigan marraskuu p\u00e4\u00e4t\u00f6kseen lauantaina"}]},{"@type":"WebSite","@id":"https:\/\/aktialiiga.fi\/miehet\/#website","url":"https:\/\/aktialiiga.fi\/miehet\/","name":"K\u00e4sipallon miesten Aktialiiga","description":"Valtakunnan vauhdikkainta palloilua!","publisher":{"@id":"https:\/\/aktialiiga.fi\/miehet\/#organization"},"potentialAction":[{"@type":"SearchAction","target":{"@type":"EntryPoint","urlTemplate":"https:\/\/aktialiiga.fi\/miehet\/?s={search_term_string}"},"query-input":{"@type":"PropertyValueSpecification","valueRequired":true,"valueName":"search_term_string"}}],"inLanguage":"fi"},{"@type":"Organization","@id":"https:\/\/aktialiiga.fi\/miehet\/#organization","name":"K\u00e4sipallon miesten Aktialiiga","url":"https:\/\/aktialiiga.fi\/miehet\/","logo":{"@type":"ImageObject","inLanguage":"fi","@id":"https:\/\/aktialiiga.fi\/miehet\/#\/schema\/logo\/image\/","url":"https:\/\/i0.wp.com\/aktialiiga.fi\/miehet\/wp-content\/uploads\/sites\/5\/2024\/09\/Aktialiiga-Yoast-512.png?fit=512%2C512&ssl=1","contentUrl":"https:\/\/i0.wp.com\/aktialiiga.fi\/miehet\/wp-content\/uploads\/sites\/5\/2024\/09\/Aktialiiga-Yoast-512.png?fit=512%2C512&ssl=1","width":512,"height":512,"caption":"K\u00e4sipallon miesten Aktialiiga"},"image":{"@id":"https:\/\/aktialiiga.fi\/miehet\/#\/schema\/logo\/image\/"},"sameAs":["https:\/\/www.facebook.com\/finnhandball","https:\/\/x.com\/finnhandball","https:\/\/www.instagram.com\/handballfinland\/"]},{"@type":"Person","@id":"https:\/\/aktialiiga.fi\/miehet\/#\/schema\/person\/c14bf42f47041db74603c45afcb18d87","name":"tbrmedia","image":{"@type":"ImageObject","inLanguage":"fi","@id":"https:\/\/secure.gravatar.com\/avatar\/ee975fa091fe581d12b60debb3439022686618368a7c142044c56724d4666b16?s=96&d=mm&r=g","url":"https:\/\/secure.gravatar.com\/avatar\/ee975fa091fe581d12b60debb3439022686618368a7c142044c56724d4666b16?s=96&d=mm&r=g","contentUrl":"https:\/\/secure.gravatar.com\/avatar\/ee975fa091fe581d12b60debb3439022686618368a7c142044c56724d4666b16?s=96&d=mm&r=g","caption":"tbrmedia"}}]}},"jetpack_featured_media_url":"https:\/\/i0.wp.com\/aktialiiga.fi\/miehet\/wp-content\/uploads\/sites\/5\/2019\/11\/SIF_Nordling_Teddy_1920.jpg?fit=711%2C330&ssl=1","jetpack_sharing_enabled":true,"jetpack_shortlink":"https:\/\/wp.me\/pfTxOr-6ow","_links":{"self":[{"href":"https:\/\/aktialiiga.fi\/miehet\/wp-json\/wp\/v2\/posts\/24584","targetHints":{"allow":["GET"]}}],"collection":[{"href":"https:\/\/aktialiiga.fi\/miehet\/wp-json\/wp\/v2\/posts"}],"about":[{"href":"https:\/\/aktialiiga.fi\/miehet\/wp-json\/wp\/v2\/types\/post"}],"author":[{"embeddable":true,"href":"https:\/\/aktialiiga.fi\/miehet\/wp-json\/wp\/v2\/users\/13"}],"replies":[{"embeddable":true,"href":"https:\/\/aktialiiga.fi\/miehet\/wp-json\/wp\/v2\/comments?post=24584"}],"version-history":[{"count":0,"href":"https:\/\/aktialiiga.fi\/miehet\/wp-json\/wp\/v2\/posts\/24584\/revisions"}],"wp:featuredmedia":[{"embeddable":true,"href":"https:\/\/aktialiiga.fi\/miehet\/wp-json\/wp\/v2\/media\/24586"}],"wp:attachment":[{"href":"https:\/\/aktialiiga.fi\/miehet\/wp-json\/wp\/v2\/media?parent=24584"}],"wp:term":[{"taxonomy":"category","embeddable":true,"href":"https:\/\/aktialiiga.fi\/miehet\/wp-json\/wp\/v2\/categories?post=24584"},{"taxonomy":"post_tag","embeddable":true,"href":"https:\/\/aktialiiga.fi\/miehet\/wp-json\/wp\/v2\/tags?post=24584"}],"curies":[{"name":"wp","href":"https:\/\/api.w.org\/{rel}","templated":true}]}}