{"id":24686,"date":"2019-12-12T19:37:53","date_gmt":"2019-12-12T17:37:53","guid":{"rendered":"https:\/\/aktialiiga.fi\/miehet\/?p=24686"},"modified":"2019-12-12T14:42:22","modified_gmt":"2019-12-12T12:42:22","slug":"kolmen-ottelun-viikonloppu-sm-liigassa-3","status":"publish","type":"post","link":"https:\/\/aktialiiga.fi\/miehet\/2019-2020\/ennakot-2019-2020\/kolmen-ottelun-viikonloppu-sm-liigassa-3\/","title":{"rendered":"Kolmen ottelun viikonloppu SM-liigassa"},"content":{"rendered":"<p>SM-liiga jatkuu viikonloppuna kolmella ottelulla ja nelj\u00e4lle joukkueelle kyseess\u00e4 on samalla t\u00e4m\u00e4n kalenterivuoden viimeinen sarjaottelu.<\/p>\n<p>Viikonloppu alkaa perjantaina Varsinais-Suomesta, kun \u00c5IFK is\u00e4nn\u00f6i sarjataulukon k\u00e4rkijoukkuetta Dickeni\u00e4 ja PIF saa puolestaan vieraakseen SIF:n. Viikonlopun kolmas ottelu pelataan lauantaina Kauniaisissa kaimaseurojen GrIFK:n ja HIFK:n kohdatessa.<\/p>\n<p>\u00c5IFK ja Dicken kohtasivat Pirkkolassa syyskuun lopussa kauden toisella kierroksella ja Dicken jyr\u00e4si tuolloin voittoon per\u00e4ti 22 maalin erolla, mik\u00e4 on toistaiseksi kuluvan kauden suurinumeroisin voitto. \u00c5IFK on saanut peli\u00e4\u00e4n paremmin kohdilleen sittemmin, mutta vain yhden pisteen menett\u00e4nyt Dicken l\u00e4htee joka tapauksessa kamppailuun selv\u00e4n\u00e4 ennakkosuosikkina.<\/p>\n<p>PIF hakee edelleen kauden avausvoittoaan, mutta helpolla sit\u00e4 ei ole tiedossa paikkaansa nelj\u00e4n parhaan joukossa varmistamaan pyrkiv\u00e4\u00e4 SIF:aa vastaan. My\u00f6s t\u00e4m\u00e4 kaksikko kohtasi syyskuun lopulla ja SIF vei kotonaan voiton yhdeks\u00e4n maalin eron turvin. SIF pelasi viimeksi paikalliskamppailussa hyv\u00e4n avausjakson BK-46:tta vastaan, mutta menetti otteensa ja loukkaantumisen my\u00f6t\u00e4 my\u00f6s ykk\u00f6smaalivahti Rony Levenin toisella jaksolla.<\/p>\n<p>&#8211; Aloimme tauon j\u00e4lkeen tehd\u00e4 asioita, joista emme olleet sopineet. Pystymme parempaan, SIF-luotsi Teddy Nordling sanoi BK-ottelun j\u00e4lkeen V\u00e4stra Nylandille.<\/p>\n<p>Lauantaina HIFK:ta is\u00e4nn\u00f6iv\u00e4 Grani on PIF:n tapaan viel\u00e4 ilman voittoa. Lauantain kamppailu on kauniaislaisille vasta kolmas kotikent\u00e4ll\u00e4 t\u00e4n\u00e4 syksyn\u00e4 ja Kauniaisten Luolassa vierailu on perinteisesti ollut HIFK:lle myrkky\u00e4. HIFK on kuitenkin joukkueista vahvemmassa vireess\u00e4 ja piti viikolla Cocksia pitk\u00e4\u00e4n tiukilla, kunnes joutui taipumaan viimeisell\u00e4 kymmenminuuttisella.<\/p>\n<p>PIF ja \u00c5IFK kohtaavat viel\u00e4 joulun kynnyksell\u00e4, mutta muille viikonloppuna pelaaville joukkueille kyseess\u00e4 on syksyn viimeinen sarjaottelu.<\/p>\n<p><strong>SM-liiga viikonloppuna:<\/strong><br \/>\nPe 13.12. klo 18.00 \u00c5IFK \u2013 Dicken<br \/>\nPe 13.12. klo 19.00 PIF \u2013 SIF<br \/>\nLa 14.12. klo 16.00 GrIFK \u2013 HIFK<\/p>\n<p>Kaikki kauden SM-liigaottelut suorina l\u00e4hetyksin\u00e4 <a href=\"https:\/\/solidsport.com\/handisliiga\/news\/Katso-handisliigaa\">SolidSportilla<\/a>.<\/p>\n","protected":false},"excerpt":{"rendered":"<p>SM-liiga jatkuu viikonloppuna kolmella ottelulla ja nelj\u00e4lle joukkueelle kyseess\u00e4 on samalla t\u00e4m\u00e4n kalenterivuoden viimeinen sarjaottelu. Viikonloppu alkaa perjantaina Varsinais-Suomesta, kun \u00c5IFK is\u00e4nn\u00f6i sarjataulukon k\u00e4rkijoukkuetta Dickeni\u00e4 ja PIF saa puolestaan vieraakseen SIF:n. Viikonlopun kolmas ottelu pelataan lauantaina Kauniaisissa kaimaseurojen GrIFK:n ja HIFK:n kohdatessa. \u00c5IFK ja Dicken kohtasivat Pirkkolassa syyskuun lopussa kauden toisella kierroksella ja Dicken jyr\u00e4si [&hellip;]<\/p>\n","protected":false},"author":13,"featured_media":24688,"comment_status":"closed","ping_status":"closed","sticky":false,"template":"","format":"standard","meta":{"_acf_changed":false,"jetpack_post_was_ever_published":false,"_jetpack_newsletter_access":"","_jetpack_dont_email_post_to_subs":false,"_jetpack_newsletter_tier_id":0,"_jetpack_memberships_contains_paywalled_content":false,"_jetpack_memberships_contains_paid_content":false,"footnotes":""},"categories":[227],"tags":[50,58,64,71,98,111],"class_list":["post-24686","post","type-post","status-publish","format-standard","has-post-thumbnail","hentry","category-ennakot-2019-2020","tag-aifk","tag-dicken","tag-grifk","tag-hifk","tag-pif","tag-sif"],"acf":[],"yoast_head":"<!-- This site is optimized with the Yoast SEO plugin v27.5 - https:\/\/yoast.com\/product\/yoast-seo-wordpress\/ -->\n<title>Kolmen ottelun viikonloppu SM-liigassa | K\u00e4sipallon miesten Aktialiiga<\/title>\n<meta name=\"robots\" content=\"index, follow, max-snippet:-1, max-image-preview:large, max-video-preview:-1\" \/>\n<link rel=\"canonical\" href=\"https:\/\/aktialiiga.fi\/miehet\/2019-2020\/ennakot-2019-2020\/kolmen-ottelun-viikonloppu-sm-liigassa-3\/\" \/>\n<meta property=\"og:locale\" content=\"fi_FI\" \/>\n<meta property=\"og:type\" content=\"article\" \/>\n<meta property=\"og:title\" content=\"Kolmen ottelun viikonloppu SM-liigassa | K\u00e4sipallon miesten Aktialiiga\" \/>\n<meta property=\"og:description\" content=\"SM-liiga jatkuu viikonloppuna kolmella ottelulla ja nelj\u00e4lle joukkueelle kyseess\u00e4 on samalla t\u00e4m\u00e4n kalenterivuoden viimeinen sarjaottelu. Viikonloppu alkaa perjantaina Varsinais-Suomesta, kun \u00c5IFK is\u00e4nn\u00f6i sarjataulukon k\u00e4rkijoukkuetta Dickeni\u00e4 ja PIF saa puolestaan vieraakseen SIF:n. Viikonlopun kolmas ottelu pelataan lauantaina Kauniaisissa kaimaseurojen GrIFK:n ja HIFK:n kohdatessa. \u00c5IFK ja Dicken kohtasivat Pirkkolassa syyskuun lopussa kauden toisella kierroksella ja Dicken jyr\u00e4si [&hellip;]\" \/>\n<meta property=\"og:url\" content=\"https:\/\/aktialiiga.fi\/miehet\/2019-2020\/ennakot-2019-2020\/kolmen-ottelun-viikonloppu-sm-liigassa-3\/\" \/>\n<meta property=\"og:site_name\" content=\"K\u00e4sipallon miesten Aktialiiga\" \/>\n<meta property=\"article:publisher\" content=\"https:\/\/www.facebook.com\/finnhandball\" \/>\n<meta property=\"article:published_time\" content=\"2019-12-12T17:37:53+00:00\" \/>\n<meta property=\"og:image\" content=\"https:\/\/i0.wp.com\/aktialiiga.fi\/miehet\/wp-content\/uploads\/sites\/5\/2019\/12\/AIFK_faneja_1920.jpg?fit=711%2C334&ssl=1\" \/>\n\t<meta property=\"og:image:width\" content=\"711\" \/>\n\t<meta property=\"og:image:height\" content=\"334\" \/>\n\t<meta property=\"og:image:type\" content=\"image\/jpeg\" \/>\n<meta name=\"author\" content=\"tbrmedia\" \/>\n<meta name=\"twitter:card\" content=\"summary_large_image\" \/>\n<meta name=\"twitter:creator\" content=\"@finnhandball\" \/>\n<meta name=\"twitter:site\" content=\"@finnhandball\" \/>\n<script type=\"application\/ld+json\" class=\"yoast-schema-graph\">{\"@context\":\"https:\\\/\\\/schema.org\",\"@graph\":[{\"@type\":\"Article\",\"@id\":\"https:\\\/\\\/aktialiiga.fi\\\/miehet\\\/2019-2020\\\/ennakot-2019-2020\\\/kolmen-ottelun-viikonloppu-sm-liigassa-3\\\/#article\",\"isPartOf\":{\"@id\":\"https:\\\/\\\/aktialiiga.fi\\\/miehet\\\/2019-2020\\\/ennakot-2019-2020\\\/kolmen-ottelun-viikonloppu-sm-liigassa-3\\\/\"},\"author\":{\"name\":\"tbrmedia\",\"@id\":\"https:\\\/\\\/aktialiiga.fi\\\/miehet\\\/#\\\/schema\\\/person\\\/c14bf42f47041db74603c45afcb18d87\"},\"headline\":\"Kolmen ottelun viikonloppu SM-liigassa\",\"datePublished\":\"2019-12-12T17:37:53+00:00\",\"mainEntityOfPage\":{\"@id\":\"https:\\\/\\\/aktialiiga.fi\\\/miehet\\\/2019-2020\\\/ennakot-2019-2020\\\/kolmen-ottelun-viikonloppu-sm-liigassa-3\\\/\"},\"wordCount\":283,\"publisher\":{\"@id\":\"https:\\\/\\\/aktialiiga.fi\\\/miehet\\\/#organization\"},\"image\":{\"@id\":\"https:\\\/\\\/aktialiiga.fi\\\/miehet\\\/2019-2020\\\/ennakot-2019-2020\\\/kolmen-ottelun-viikonloppu-sm-liigassa-3\\\/#primaryimage\"},\"thumbnailUrl\":\"https:\\\/\\\/i0.wp.com\\\/aktialiiga.fi\\\/miehet\\\/wp-content\\\/uploads\\\/sites\\\/5\\\/2019\\\/12\\\/AIFK_faneja_1920.jpg?fit=711%2C334&ssl=1\",\"keywords\":[\"\u00c5IFK\",\"Dicken\",\"GrIFK\",\"HIFK\",\"PIF\",\"SIF\"],\"articleSection\":[\"Ennakot\"],\"inLanguage\":\"fi\"},{\"@type\":\"WebPage\",\"@id\":\"https:\\\/\\\/aktialiiga.fi\\\/miehet\\\/2019-2020\\\/ennakot-2019-2020\\\/kolmen-ottelun-viikonloppu-sm-liigassa-3\\\/\",\"url\":\"https:\\\/\\\/aktialiiga.fi\\\/miehet\\\/2019-2020\\\/ennakot-2019-2020\\\/kolmen-ottelun-viikonloppu-sm-liigassa-3\\\/\",\"name\":\"Kolmen ottelun viikonloppu SM-liigassa | K\u00e4sipallon miesten Aktialiiga\",\"isPartOf\":{\"@id\":\"https:\\\/\\\/aktialiiga.fi\\\/miehet\\\/#website\"},\"primaryImageOfPage\":{\"@id\":\"https:\\\/\\\/aktialiiga.fi\\\/miehet\\\/2019-2020\\\/ennakot-2019-2020\\\/kolmen-ottelun-viikonloppu-sm-liigassa-3\\\/#primaryimage\"},\"image\":{\"@id\":\"https:\\\/\\\/aktialiiga.fi\\\/miehet\\\/2019-2020\\\/ennakot-2019-2020\\\/kolmen-ottelun-viikonloppu-sm-liigassa-3\\\/#primaryimage\"},\"thumbnailUrl\":\"https:\\\/\\\/i0.wp.com\\\/aktialiiga.fi\\\/miehet\\\/wp-content\\\/uploads\\\/sites\\\/5\\\/2019\\\/12\\\/AIFK_faneja_1920.jpg?fit=711%2C334&ssl=1\",\"datePublished\":\"2019-12-12T17:37:53+00:00\",\"breadcrumb\":{\"@id\":\"https:\\\/\\\/aktialiiga.fi\\\/miehet\\\/2019-2020\\\/ennakot-2019-2020\\\/kolmen-ottelun-viikonloppu-sm-liigassa-3\\\/#breadcrumb\"},\"inLanguage\":\"fi\",\"potentialAction\":[{\"@type\":\"ReadAction\",\"target\":[\"https:\\\/\\\/aktialiiga.fi\\\/miehet\\\/2019-2020\\\/ennakot-2019-2020\\\/kolmen-ottelun-viikonloppu-sm-liigassa-3\\\/\"]}]},{\"@type\":\"ImageObject\",\"inLanguage\":\"fi\",\"@id\":\"https:\\\/\\\/aktialiiga.fi\\\/miehet\\\/2019-2020\\\/ennakot-2019-2020\\\/kolmen-ottelun-viikonloppu-sm-liigassa-3\\\/#primaryimage\",\"url\":\"https:\\\/\\\/i0.wp.com\\\/aktialiiga.fi\\\/miehet\\\/wp-content\\\/uploads\\\/sites\\\/5\\\/2019\\\/12\\\/AIFK_faneja_1920.jpg?fit=711%2C334&ssl=1\",\"contentUrl\":\"https:\\\/\\\/i0.wp.com\\\/aktialiiga.fi\\\/miehet\\\/wp-content\\\/uploads\\\/sites\\\/5\\\/2019\\\/12\\\/AIFK_faneja_1920.jpg?fit=711%2C334&ssl=1\",\"width\":711,\"height\":334},{\"@type\":\"BreadcrumbList\",\"@id\":\"https:\\\/\\\/aktialiiga.fi\\\/miehet\\\/2019-2020\\\/ennakot-2019-2020\\\/kolmen-ottelun-viikonloppu-sm-liigassa-3\\\/#breadcrumb\",\"itemListElement\":[{\"@type\":\"ListItem\",\"position\":1,\"name\":\"Etusivu\",\"item\":\"https:\\\/\\\/aktialiiga.fi\\\/miehet\\\/\"},{\"@type\":\"ListItem\",\"position\":2,\"name\":\"Kolmen ottelun viikonloppu SM-liigassa\"}]},{\"@type\":\"WebSite\",\"@id\":\"https:\\\/\\\/aktialiiga.fi\\\/miehet\\\/#website\",\"url\":\"https:\\\/\\\/aktialiiga.fi\\\/miehet\\\/\",\"name\":\"K\u00e4sipallon miesten Aktialiiga\",\"description\":\"Valtakunnan vauhdikkainta palloilua!\",\"publisher\":{\"@id\":\"https:\\\/\\\/aktialiiga.fi\\\/miehet\\\/#organization\"},\"potentialAction\":[{\"@type\":\"SearchAction\",\"target\":{\"@type\":\"EntryPoint\",\"urlTemplate\":\"https:\\\/\\\/aktialiiga.fi\\\/miehet\\\/?s={search_term_string}\"},\"query-input\":{\"@type\":\"PropertyValueSpecification\",\"valueRequired\":true,\"valueName\":\"search_term_string\"}}],\"inLanguage\":\"fi\"},{\"@type\":\"Organization\",\"@id\":\"https:\\\/\\\/aktialiiga.fi\\\/miehet\\\/#organization\",\"name\":\"K\u00e4sipallon miesten Aktialiiga\",\"url\":\"https:\\\/\\\/aktialiiga.fi\\\/miehet\\\/\",\"logo\":{\"@type\":\"ImageObject\",\"inLanguage\":\"fi\",\"@id\":\"https:\\\/\\\/aktialiiga.fi\\\/miehet\\\/#\\\/schema\\\/logo\\\/image\\\/\",\"url\":\"https:\\\/\\\/i0.wp.com\\\/aktialiiga.fi\\\/miehet\\\/wp-content\\\/uploads\\\/sites\\\/5\\\/2024\\\/09\\\/Aktialiiga-Yoast-512.png?fit=512%2C512&ssl=1\",\"contentUrl\":\"https:\\\/\\\/i0.wp.com\\\/aktialiiga.fi\\\/miehet\\\/wp-content\\\/uploads\\\/sites\\\/5\\\/2024\\\/09\\\/Aktialiiga-Yoast-512.png?fit=512%2C512&ssl=1\",\"width\":512,\"height\":512,\"caption\":\"K\u00e4sipallon miesten Aktialiiga\"},\"image\":{\"@id\":\"https:\\\/\\\/aktialiiga.fi\\\/miehet\\\/#\\\/schema\\\/logo\\\/image\\\/\"},\"sameAs\":[\"https:\\\/\\\/www.facebook.com\\\/finnhandball\",\"https:\\\/\\\/x.com\\\/finnhandball\",\"https:\\\/\\\/www.instagram.com\\\/handballfinland\\\/\"]},{\"@type\":\"Person\",\"@id\":\"https:\\\/\\\/aktialiiga.fi\\\/miehet\\\/#\\\/schema\\\/person\\\/c14bf42f47041db74603c45afcb18d87\",\"name\":\"tbrmedia\",\"image\":{\"@type\":\"ImageObject\",\"inLanguage\":\"fi\",\"@id\":\"https:\\\/\\\/secure.gravatar.com\\\/avatar\\\/ee975fa091fe581d12b60debb3439022686618368a7c142044c56724d4666b16?s=96&d=mm&r=g\",\"url\":\"https:\\\/\\\/secure.gravatar.com\\\/avatar\\\/ee975fa091fe581d12b60debb3439022686618368a7c142044c56724d4666b16?s=96&d=mm&r=g\",\"contentUrl\":\"https:\\\/\\\/secure.gravatar.com\\\/avatar\\\/ee975fa091fe581d12b60debb3439022686618368a7c142044c56724d4666b16?s=96&d=mm&r=g\",\"caption\":\"tbrmedia\"}}]}<\/script>\n<!-- \/ Yoast SEO plugin. -->","yoast_head_json":{"title":"Kolmen ottelun viikonloppu SM-liigassa | K\u00e4sipallon miesten Aktialiiga","robots":{"index":"index","follow":"follow","max-snippet":"max-snippet:-1","max-image-preview":"max-image-preview:large","max-video-preview":"max-video-preview:-1"},"canonical":"https:\/\/aktialiiga.fi\/miehet\/2019-2020\/ennakot-2019-2020\/kolmen-ottelun-viikonloppu-sm-liigassa-3\/","og_locale":"fi_FI","og_type":"article","og_title":"Kolmen ottelun viikonloppu SM-liigassa | K\u00e4sipallon miesten Aktialiiga","og_description":"SM-liiga jatkuu viikonloppuna kolmella ottelulla ja nelj\u00e4lle joukkueelle kyseess\u00e4 on samalla t\u00e4m\u00e4n kalenterivuoden viimeinen sarjaottelu. Viikonloppu alkaa perjantaina Varsinais-Suomesta, kun \u00c5IFK is\u00e4nn\u00f6i sarjataulukon k\u00e4rkijoukkuetta Dickeni\u00e4 ja PIF saa puolestaan vieraakseen SIF:n. Viikonlopun kolmas ottelu pelataan lauantaina Kauniaisissa kaimaseurojen GrIFK:n ja HIFK:n kohdatessa. \u00c5IFK ja Dicken kohtasivat Pirkkolassa syyskuun lopussa kauden toisella kierroksella ja Dicken jyr\u00e4si [&hellip;]","og_url":"https:\/\/aktialiiga.fi\/miehet\/2019-2020\/ennakot-2019-2020\/kolmen-ottelun-viikonloppu-sm-liigassa-3\/","og_site_name":"K\u00e4sipallon miesten Aktialiiga","article_publisher":"https:\/\/www.facebook.com\/finnhandball","article_published_time":"2019-12-12T17:37:53+00:00","og_image":[{"width":711,"height":334,"url":"https:\/\/i0.wp.com\/aktialiiga.fi\/miehet\/wp-content\/uploads\/sites\/5\/2019\/12\/AIFK_faneja_1920.jpg?fit=711%2C334&ssl=1","type":"image\/jpeg"}],"author":"tbrmedia","twitter_card":"summary_large_image","twitter_creator":"@finnhandball","twitter_site":"@finnhandball","schema":{"@context":"https:\/\/schema.org","@graph":[{"@type":"Article","@id":"https:\/\/aktialiiga.fi\/miehet\/2019-2020\/ennakot-2019-2020\/kolmen-ottelun-viikonloppu-sm-liigassa-3\/#article","isPartOf":{"@id":"https:\/\/aktialiiga.fi\/miehet\/2019-2020\/ennakot-2019-2020\/kolmen-ottelun-viikonloppu-sm-liigassa-3\/"},"author":{"name":"tbrmedia","@id":"https:\/\/aktialiiga.fi\/miehet\/#\/schema\/person\/c14bf42f47041db74603c45afcb18d87"},"headline":"Kolmen ottelun viikonloppu SM-liigassa","datePublished":"2019-12-12T17:37:53+00:00","mainEntityOfPage":{"@id":"https:\/\/aktialiiga.fi\/miehet\/2019-2020\/ennakot-2019-2020\/kolmen-ottelun-viikonloppu-sm-liigassa-3\/"},"wordCount":283,"publisher":{"@id":"https:\/\/aktialiiga.fi\/miehet\/#organization"},"image":{"@id":"https:\/\/aktialiiga.fi\/miehet\/2019-2020\/ennakot-2019-2020\/kolmen-ottelun-viikonloppu-sm-liigassa-3\/#primaryimage"},"thumbnailUrl":"https:\/\/i0.wp.com\/aktialiiga.fi\/miehet\/wp-content\/uploads\/sites\/5\/2019\/12\/AIFK_faneja_1920.jpg?fit=711%2C334&ssl=1","keywords":["\u00c5IFK","Dicken","GrIFK","HIFK","PIF","SIF"],"articleSection":["Ennakot"],"inLanguage":"fi"},{"@type":"WebPage","@id":"https:\/\/aktialiiga.fi\/miehet\/2019-2020\/ennakot-2019-2020\/kolmen-ottelun-viikonloppu-sm-liigassa-3\/","url":"https:\/\/aktialiiga.fi\/miehet\/2019-2020\/ennakot-2019-2020\/kolmen-ottelun-viikonloppu-sm-liigassa-3\/","name":"Kolmen ottelun viikonloppu SM-liigassa | K\u00e4sipallon miesten Aktialiiga","isPartOf":{"@id":"https:\/\/aktialiiga.fi\/miehet\/#website"},"primaryImageOfPage":{"@id":"https:\/\/aktialiiga.fi\/miehet\/2019-2020\/ennakot-2019-2020\/kolmen-ottelun-viikonloppu-sm-liigassa-3\/#primaryimage"},"image":{"@id":"https:\/\/aktialiiga.fi\/miehet\/2019-2020\/ennakot-2019-2020\/kolmen-ottelun-viikonloppu-sm-liigassa-3\/#primaryimage"},"thumbnailUrl":"https:\/\/i0.wp.com\/aktialiiga.fi\/miehet\/wp-content\/uploads\/sites\/5\/2019\/12\/AIFK_faneja_1920.jpg?fit=711%2C334&ssl=1","datePublished":"2019-12-12T17:37:53+00:00","breadcrumb":{"@id":"https:\/\/aktialiiga.fi\/miehet\/2019-2020\/ennakot-2019-2020\/kolmen-ottelun-viikonloppu-sm-liigassa-3\/#breadcrumb"},"inLanguage":"fi","potentialAction":[{"@type":"ReadAction","target":["https:\/\/aktialiiga.fi\/miehet\/2019-2020\/ennakot-2019-2020\/kolmen-ottelun-viikonloppu-sm-liigassa-3\/"]}]},{"@type":"ImageObject","inLanguage":"fi","@id":"https:\/\/aktialiiga.fi\/miehet\/2019-2020\/ennakot-2019-2020\/kolmen-ottelun-viikonloppu-sm-liigassa-3\/#primaryimage","url":"https:\/\/i0.wp.com\/aktialiiga.fi\/miehet\/wp-content\/uploads\/sites\/5\/2019\/12\/AIFK_faneja_1920.jpg?fit=711%2C334&ssl=1","contentUrl":"https:\/\/i0.wp.com\/aktialiiga.fi\/miehet\/wp-content\/uploads\/sites\/5\/2019\/12\/AIFK_faneja_1920.jpg?fit=711%2C334&ssl=1","width":711,"height":334},{"@type":"BreadcrumbList","@id":"https:\/\/aktialiiga.fi\/miehet\/2019-2020\/ennakot-2019-2020\/kolmen-ottelun-viikonloppu-sm-liigassa-3\/#breadcrumb","itemListElement":[{"@type":"ListItem","position":1,"name":"Etusivu","item":"https:\/\/aktialiiga.fi\/miehet\/"},{"@type":"ListItem","position":2,"name":"Kolmen ottelun viikonloppu SM-liigassa"}]},{"@type":"WebSite","@id":"https:\/\/aktialiiga.fi\/miehet\/#website","url":"https:\/\/aktialiiga.fi\/miehet\/","name":"K\u00e4sipallon miesten Aktialiiga","description":"Valtakunnan vauhdikkainta palloilua!","publisher":{"@id":"https:\/\/aktialiiga.fi\/miehet\/#organization"},"potentialAction":[{"@type":"SearchAction","target":{"@type":"EntryPoint","urlTemplate":"https:\/\/aktialiiga.fi\/miehet\/?s={search_term_string}"},"query-input":{"@type":"PropertyValueSpecification","valueRequired":true,"valueName":"search_term_string"}}],"inLanguage":"fi"},{"@type":"Organization","@id":"https:\/\/aktialiiga.fi\/miehet\/#organization","name":"K\u00e4sipallon miesten Aktialiiga","url":"https:\/\/aktialiiga.fi\/miehet\/","logo":{"@type":"ImageObject","inLanguage":"fi","@id":"https:\/\/aktialiiga.fi\/miehet\/#\/schema\/logo\/image\/","url":"https:\/\/i0.wp.com\/aktialiiga.fi\/miehet\/wp-content\/uploads\/sites\/5\/2024\/09\/Aktialiiga-Yoast-512.png?fit=512%2C512&ssl=1","contentUrl":"https:\/\/i0.wp.com\/aktialiiga.fi\/miehet\/wp-content\/uploads\/sites\/5\/2024\/09\/Aktialiiga-Yoast-512.png?fit=512%2C512&ssl=1","width":512,"height":512,"caption":"K\u00e4sipallon miesten Aktialiiga"},"image":{"@id":"https:\/\/aktialiiga.fi\/miehet\/#\/schema\/logo\/image\/"},"sameAs":["https:\/\/www.facebook.com\/finnhandball","https:\/\/x.com\/finnhandball","https:\/\/www.instagram.com\/handballfinland\/"]},{"@type":"Person","@id":"https:\/\/aktialiiga.fi\/miehet\/#\/schema\/person\/c14bf42f47041db74603c45afcb18d87","name":"tbrmedia","image":{"@type":"ImageObject","inLanguage":"fi","@id":"https:\/\/secure.gravatar.com\/avatar\/ee975fa091fe581d12b60debb3439022686618368a7c142044c56724d4666b16?s=96&d=mm&r=g","url":"https:\/\/secure.gravatar.com\/avatar\/ee975fa091fe581d12b60debb3439022686618368a7c142044c56724d4666b16?s=96&d=mm&r=g","contentUrl":"https:\/\/secure.gravatar.com\/avatar\/ee975fa091fe581d12b60debb3439022686618368a7c142044c56724d4666b16?s=96&d=mm&r=g","caption":"tbrmedia"}}]}},"jetpack_featured_media_url":"https:\/\/i0.wp.com\/aktialiiga.fi\/miehet\/wp-content\/uploads\/sites\/5\/2019\/12\/AIFK_faneja_1920.jpg?fit=711%2C334&ssl=1","jetpack_sharing_enabled":true,"jetpack_shortlink":"https:\/\/wp.me\/pfTxOr-6qa","_links":{"self":[{"href":"https:\/\/aktialiiga.fi\/miehet\/wp-json\/wp\/v2\/posts\/24686","targetHints":{"allow":["GET"]}}],"collection":[{"href":"https:\/\/aktialiiga.fi\/miehet\/wp-json\/wp\/v2\/posts"}],"about":[{"href":"https:\/\/aktialiiga.fi\/miehet\/wp-json\/wp\/v2\/types\/post"}],"author":[{"embeddable":true,"href":"https:\/\/aktialiiga.fi\/miehet\/wp-json\/wp\/v2\/users\/13"}],"replies":[{"embeddable":true,"href":"https:\/\/aktialiiga.fi\/miehet\/wp-json\/wp\/v2\/comments?post=24686"}],"version-history":[{"count":0,"href":"https:\/\/aktialiiga.fi\/miehet\/wp-json\/wp\/v2\/posts\/24686\/revisions"}],"wp:featuredmedia":[{"embeddable":true,"href":"https:\/\/aktialiiga.fi\/miehet\/wp-json\/wp\/v2\/media\/24688"}],"wp:attachment":[{"href":"https:\/\/aktialiiga.fi\/miehet\/wp-json\/wp\/v2\/media?parent=24686"}],"wp:term":[{"taxonomy":"category","embeddable":true,"href":"https:\/\/aktialiiga.fi\/miehet\/wp-json\/wp\/v2\/categories?post=24686"},{"taxonomy":"post_tag","embeddable":true,"href":"https:\/\/aktialiiga.fi\/miehet\/wp-json\/wp\/v2\/tags?post=24686"}],"curies":[{"name":"wp","href":"https:\/\/api.w.org\/{rel}","templated":true}]}}