{"id":248,"date":"2011-05-18T08:06:34","date_gmt":"2011-05-18T05:06:34","guid":{"rendered":"http:\/\/handisliigafi.virtualserver24.nebula.fi\/?p=248"},"modified":"2018-03-15T14:38:57","modified_gmt":"2018-03-15T12:38:57","slug":"jaakko-horelli-atlaksen-paavalmentajaksi","status":"publish","type":"post","link":"https:\/\/aktialiiga.fi\/miehet\/ajankohtaista\/jaakko-horelli-atlaksen-paavalmentajaksi\/","title":{"rendered":"Jaakko Horelli Atlaksen p\u00e4\u00e4valmentajaksi"},"content":{"rendered":"<p>Jaakko Horelli on nimitetty k\u00e4sipallon SM-liigajoukkue Vantaan Atlaksen uudeksi p\u00e4\u00e4valmentajaksi. Horelli on aiemmin toiminut muun muassa Helsinki Giantsin valmennusp\u00e4\u00e4llikk\u00f6n\u00e4 sek\u00e4 Suomen 1992 syntyneiden poikien maajoukkueen valmentajana. Sopimus on pituudeltaan kahden vuoden mittainen.<br \/>\n<!--more--><br \/>\n&#8211; Haaste on kielt\u00e4m\u00e4tt\u00e4 hieno ja olen ylpe\u00e4 saadessani t\u00e4m\u00e4n mahdollisuuden. Atlas on sek\u00e4 joukkueena ett\u00e4 organisaationa tehnyt m\u00e4\u00e4r\u00e4tietoista ty\u00f6t\u00e4 kohti Suomen k\u00e4sipalloeliitti\u00e4. Seuran ja koko kotikyl\u00e4n, niin kundien kuin kimmojen, uskomaton tahtotila ja halu menn\u00e4 eteenp\u00e4in ja kehitty\u00e4 on ollut koko 2000-luvun hienoa seurattavaa ja koen olevani etu-oikeutettu p\u00e4\u00e4stess\u00e4ni osalliseksi t\u00e4h\u00e4n projektiin, Horelli sanoo.<\/p>\n<p>Valinta oli Atlaksen seurajohdolle mieluinen.<\/p>\n<p>&#8211; Miesten edustusjoukkueen p\u00e4\u00e4valmentajaksi oli ehdokkaana monta p\u00e4tev\u00e4\u00e4 ja hyvin erityyppist\u00e4 valmentajaa. Hakuprosessin tuloksena oli kuitenkin selv\u00e4\u00e4, ett\u00e4 Jaakko Horelli on parhaiten seuran tavoitteisiin ja toimintatapoihin sopiva henkil\u00f6, kertoo Atlaksen puheenjohtaja Jan Stolt.<\/p>\n<p>&#8211; Valmentajana Horelli tunnetaan terveen kunnianhimoisen asenteensa lis\u00e4ksi varsin ansioituneena nuorten pelaajien kehitt\u00e4j\u00e4n\u00e4. N\u00e4en t\u00e4m\u00e4n erityisesti seuran oman junioripolun kehitt\u00e4misen kannalta eritt\u00e4in hyv\u00e4n\u00e4 asiana.<\/p>\n","protected":false},"excerpt":{"rendered":"<p>Jaakko Horelli on nimitetty k\u00e4sipallon SM-liigajoukkue Vantaan Atlaksen uudeksi p\u00e4\u00e4valmentajaksi. Horelli on aiemmin toiminut muun muassa Helsinki Giantsin valmennusp\u00e4\u00e4llikk\u00f6n\u00e4 sek\u00e4 Suomen 1992 syntyneiden poikien maajoukkueen valmentajana. Sopimus on pituudeltaan kahden vuoden mittainen.<\/p>\n","protected":false},"author":13,"featured_media":194,"comment_status":"closed","ping_status":"closed","sticky":false,"template":"","format":"standard","meta":{"_acf_changed":false,"jetpack_post_was_ever_published":false,"_jetpack_newsletter_access":"","_jetpack_dont_email_post_to_subs":false,"_jetpack_newsletter_tier_id":0,"_jetpack_memberships_contains_paywalled_content":false,"_jetpack_memberships_contains_paid_content":false,"footnotes":""},"categories":[2],"tags":[53],"class_list":["post-248","post","type-post","status-publish","format-standard","has-post-thumbnail","hentry","category-ajankohtaista","tag-atlas"],"acf":[],"yoast_head":"<!-- This site is optimized with the Yoast SEO plugin v27.5 - https:\/\/yoast.com\/product\/yoast-seo-wordpress\/ -->\n<title>Jaakko Horelli Atlaksen p\u00e4\u00e4valmentajaksi | K\u00e4sipallon miesten Aktialiiga<\/title>\n<meta name=\"robots\" content=\"index, follow, max-snippet:-1, max-image-preview:large, max-video-preview:-1\" \/>\n<link rel=\"canonical\" href=\"https:\/\/aktialiiga.fi\/miehet\/ajankohtaista\/jaakko-horelli-atlaksen-paavalmentajaksi\/\" \/>\n<meta property=\"og:locale\" content=\"fi_FI\" \/>\n<meta property=\"og:type\" content=\"article\" \/>\n<meta property=\"og:title\" content=\"Jaakko Horelli Atlaksen p\u00e4\u00e4valmentajaksi | K\u00e4sipallon miesten Aktialiiga\" \/>\n<meta property=\"og:description\" content=\"Jaakko Horelli on nimitetty k\u00e4sipallon SM-liigajoukkue Vantaan Atlaksen uudeksi p\u00e4\u00e4valmentajaksi. Horelli on aiemmin toiminut muun muassa Helsinki Giantsin valmennusp\u00e4\u00e4llikk\u00f6n\u00e4 sek\u00e4 Suomen 1992 syntyneiden poikien maajoukkueen valmentajana. Sopimus on pituudeltaan kahden vuoden mittainen.\" \/>\n<meta property=\"og:url\" content=\"https:\/\/aktialiiga.fi\/miehet\/ajankohtaista\/jaakko-horelli-atlaksen-paavalmentajaksi\/\" \/>\n<meta property=\"og:site_name\" content=\"K\u00e4sipallon miesten Aktialiiga\" \/>\n<meta property=\"article:publisher\" content=\"https:\/\/www.facebook.com\/finnhandball\" \/>\n<meta property=\"article:published_time\" content=\"2011-05-18T05:06:34+00:00\" \/>\n<meta property=\"article:modified_time\" content=\"2018-03-15T12:38:57+00:00\" \/>\n<meta property=\"og:image\" content=\"https:\/\/i0.wp.com\/aktialiiga.fi\/miehet\/wp-content\/uploads\/sites\/5\/2011\/09\/logo-atlas.gif?fit=116%2C104&ssl=1\" \/>\n\t<meta property=\"og:image:width\" content=\"116\" \/>\n\t<meta property=\"og:image:height\" content=\"104\" \/>\n\t<meta property=\"og:image:type\" content=\"image\/gif\" \/>\n<meta name=\"author\" content=\"tbrmedia\" \/>\n<meta name=\"twitter:card\" content=\"summary_large_image\" \/>\n<meta name=\"twitter:creator\" content=\"@finnhandball\" \/>\n<meta name=\"twitter:site\" content=\"@finnhandball\" \/>\n<script type=\"application\/ld+json\" class=\"yoast-schema-graph\">{\"@context\":\"https:\\\/\\\/schema.org\",\"@graph\":[{\"@type\":\"Article\",\"@id\":\"https:\\\/\\\/aktialiiga.fi\\\/miehet\\\/ajankohtaista\\\/jaakko-horelli-atlaksen-paavalmentajaksi\\\/#article\",\"isPartOf\":{\"@id\":\"https:\\\/\\\/aktialiiga.fi\\\/miehet\\\/ajankohtaista\\\/jaakko-horelli-atlaksen-paavalmentajaksi\\\/\"},\"author\":{\"name\":\"tbrmedia\",\"@id\":\"https:\\\/\\\/aktialiiga.fi\\\/miehet\\\/#\\\/schema\\\/person\\\/c14bf42f47041db74603c45afcb18d87\"},\"headline\":\"Jaakko Horelli Atlaksen p\u00e4\u00e4valmentajaksi\",\"datePublished\":\"2011-05-18T05:06:34+00:00\",\"dateModified\":\"2018-03-15T12:38:57+00:00\",\"mainEntityOfPage\":{\"@id\":\"https:\\\/\\\/aktialiiga.fi\\\/miehet\\\/ajankohtaista\\\/jaakko-horelli-atlaksen-paavalmentajaksi\\\/\"},\"wordCount\":182,\"publisher\":{\"@id\":\"https:\\\/\\\/aktialiiga.fi\\\/miehet\\\/#organization\"},\"image\":{\"@id\":\"https:\\\/\\\/aktialiiga.fi\\\/miehet\\\/ajankohtaista\\\/jaakko-horelli-atlaksen-paavalmentajaksi\\\/#primaryimage\"},\"thumbnailUrl\":\"https:\\\/\\\/i0.wp.com\\\/aktialiiga.fi\\\/miehet\\\/wp-content\\\/uploads\\\/sites\\\/5\\\/2011\\\/09\\\/logo-atlas.gif?fit=116%2C104&ssl=1\",\"keywords\":[\"Atlas\"],\"articleSection\":[\"Ajankohtaista\"],\"inLanguage\":\"fi\"},{\"@type\":\"WebPage\",\"@id\":\"https:\\\/\\\/aktialiiga.fi\\\/miehet\\\/ajankohtaista\\\/jaakko-horelli-atlaksen-paavalmentajaksi\\\/\",\"url\":\"https:\\\/\\\/aktialiiga.fi\\\/miehet\\\/ajankohtaista\\\/jaakko-horelli-atlaksen-paavalmentajaksi\\\/\",\"name\":\"Jaakko Horelli Atlaksen p\u00e4\u00e4valmentajaksi | K\u00e4sipallon miesten Aktialiiga\",\"isPartOf\":{\"@id\":\"https:\\\/\\\/aktialiiga.fi\\\/miehet\\\/#website\"},\"primaryImageOfPage\":{\"@id\":\"https:\\\/\\\/aktialiiga.fi\\\/miehet\\\/ajankohtaista\\\/jaakko-horelli-atlaksen-paavalmentajaksi\\\/#primaryimage\"},\"image\":{\"@id\":\"https:\\\/\\\/aktialiiga.fi\\\/miehet\\\/ajankohtaista\\\/jaakko-horelli-atlaksen-paavalmentajaksi\\\/#primaryimage\"},\"thumbnailUrl\":\"https:\\\/\\\/i0.wp.com\\\/aktialiiga.fi\\\/miehet\\\/wp-content\\\/uploads\\\/sites\\\/5\\\/2011\\\/09\\\/logo-atlas.gif?fit=116%2C104&ssl=1\",\"datePublished\":\"2011-05-18T05:06:34+00:00\",\"dateModified\":\"2018-03-15T12:38:57+00:00\",\"breadcrumb\":{\"@id\":\"https:\\\/\\\/aktialiiga.fi\\\/miehet\\\/ajankohtaista\\\/jaakko-horelli-atlaksen-paavalmentajaksi\\\/#breadcrumb\"},\"inLanguage\":\"fi\",\"potentialAction\":[{\"@type\":\"ReadAction\",\"target\":[\"https:\\\/\\\/aktialiiga.fi\\\/miehet\\\/ajankohtaista\\\/jaakko-horelli-atlaksen-paavalmentajaksi\\\/\"]}]},{\"@type\":\"ImageObject\",\"inLanguage\":\"fi\",\"@id\":\"https:\\\/\\\/aktialiiga.fi\\\/miehet\\\/ajankohtaista\\\/jaakko-horelli-atlaksen-paavalmentajaksi\\\/#primaryimage\",\"url\":\"https:\\\/\\\/i0.wp.com\\\/aktialiiga.fi\\\/miehet\\\/wp-content\\\/uploads\\\/sites\\\/5\\\/2011\\\/09\\\/logo-atlas.gif?fit=116%2C104&ssl=1\",\"contentUrl\":\"https:\\\/\\\/i0.wp.com\\\/aktialiiga.fi\\\/miehet\\\/wp-content\\\/uploads\\\/sites\\\/5\\\/2011\\\/09\\\/logo-atlas.gif?fit=116%2C104&ssl=1\",\"width\":116,\"height\":104,\"caption\":\"Atlas Vantaa\"},{\"@type\":\"BreadcrumbList\",\"@id\":\"https:\\\/\\\/aktialiiga.fi\\\/miehet\\\/ajankohtaista\\\/jaakko-horelli-atlaksen-paavalmentajaksi\\\/#breadcrumb\",\"itemListElement\":[{\"@type\":\"ListItem\",\"position\":1,\"name\":\"Etusivu\",\"item\":\"https:\\\/\\\/aktialiiga.fi\\\/miehet\\\/\"},{\"@type\":\"ListItem\",\"position\":2,\"name\":\"Jaakko Horelli Atlaksen p\u00e4\u00e4valmentajaksi\"}]},{\"@type\":\"WebSite\",\"@id\":\"https:\\\/\\\/aktialiiga.fi\\\/miehet\\\/#website\",\"url\":\"https:\\\/\\\/aktialiiga.fi\\\/miehet\\\/\",\"name\":\"K\u00e4sipallon miesten Aktialiiga\",\"description\":\"Valtakunnan vauhdikkainta palloilua!\",\"publisher\":{\"@id\":\"https:\\\/\\\/aktialiiga.fi\\\/miehet\\\/#organization\"},\"potentialAction\":[{\"@type\":\"SearchAction\",\"target\":{\"@type\":\"EntryPoint\",\"urlTemplate\":\"https:\\\/\\\/aktialiiga.fi\\\/miehet\\\/?s={search_term_string}\"},\"query-input\":{\"@type\":\"PropertyValueSpecification\",\"valueRequired\":true,\"valueName\":\"search_term_string\"}}],\"inLanguage\":\"fi\"},{\"@type\":\"Organization\",\"@id\":\"https:\\\/\\\/aktialiiga.fi\\\/miehet\\\/#organization\",\"name\":\"K\u00e4sipallon miesten Aktialiiga\",\"url\":\"https:\\\/\\\/aktialiiga.fi\\\/miehet\\\/\",\"logo\":{\"@type\":\"ImageObject\",\"inLanguage\":\"fi\",\"@id\":\"https:\\\/\\\/aktialiiga.fi\\\/miehet\\\/#\\\/schema\\\/logo\\\/image\\\/\",\"url\":\"https:\\\/\\\/i0.wp.com\\\/aktialiiga.fi\\\/miehet\\\/wp-content\\\/uploads\\\/sites\\\/5\\\/2024\\\/09\\\/Aktialiiga-Yoast-512.png?fit=512%2C512&ssl=1\",\"contentUrl\":\"https:\\\/\\\/i0.wp.com\\\/aktialiiga.fi\\\/miehet\\\/wp-content\\\/uploads\\\/sites\\\/5\\\/2024\\\/09\\\/Aktialiiga-Yoast-512.png?fit=512%2C512&ssl=1\",\"width\":512,\"height\":512,\"caption\":\"K\u00e4sipallon miesten Aktialiiga\"},\"image\":{\"@id\":\"https:\\\/\\\/aktialiiga.fi\\\/miehet\\\/#\\\/schema\\\/logo\\\/image\\\/\"},\"sameAs\":[\"https:\\\/\\\/www.facebook.com\\\/finnhandball\",\"https:\\\/\\\/x.com\\\/finnhandball\",\"https:\\\/\\\/www.instagram.com\\\/handballfinland\\\/\"]},{\"@type\":\"Person\",\"@id\":\"https:\\\/\\\/aktialiiga.fi\\\/miehet\\\/#\\\/schema\\\/person\\\/c14bf42f47041db74603c45afcb18d87\",\"name\":\"tbrmedia\",\"image\":{\"@type\":\"ImageObject\",\"inLanguage\":\"fi\",\"@id\":\"https:\\\/\\\/secure.gravatar.com\\\/avatar\\\/ee975fa091fe581d12b60debb3439022686618368a7c142044c56724d4666b16?s=96&d=mm&r=g\",\"url\":\"https:\\\/\\\/secure.gravatar.com\\\/avatar\\\/ee975fa091fe581d12b60debb3439022686618368a7c142044c56724d4666b16?s=96&d=mm&r=g\",\"contentUrl\":\"https:\\\/\\\/secure.gravatar.com\\\/avatar\\\/ee975fa091fe581d12b60debb3439022686618368a7c142044c56724d4666b16?s=96&d=mm&r=g\",\"caption\":\"tbrmedia\"}}]}<\/script>\n<!-- \/ Yoast SEO plugin. -->","yoast_head_json":{"title":"Jaakko Horelli Atlaksen p\u00e4\u00e4valmentajaksi | K\u00e4sipallon miesten Aktialiiga","robots":{"index":"index","follow":"follow","max-snippet":"max-snippet:-1","max-image-preview":"max-image-preview:large","max-video-preview":"max-video-preview:-1"},"canonical":"https:\/\/aktialiiga.fi\/miehet\/ajankohtaista\/jaakko-horelli-atlaksen-paavalmentajaksi\/","og_locale":"fi_FI","og_type":"article","og_title":"Jaakko Horelli Atlaksen p\u00e4\u00e4valmentajaksi | K\u00e4sipallon miesten Aktialiiga","og_description":"Jaakko Horelli on nimitetty k\u00e4sipallon SM-liigajoukkue Vantaan Atlaksen uudeksi p\u00e4\u00e4valmentajaksi. Horelli on aiemmin toiminut muun muassa Helsinki Giantsin valmennusp\u00e4\u00e4llikk\u00f6n\u00e4 sek\u00e4 Suomen 1992 syntyneiden poikien maajoukkueen valmentajana. Sopimus on pituudeltaan kahden vuoden mittainen.","og_url":"https:\/\/aktialiiga.fi\/miehet\/ajankohtaista\/jaakko-horelli-atlaksen-paavalmentajaksi\/","og_site_name":"K\u00e4sipallon miesten Aktialiiga","article_publisher":"https:\/\/www.facebook.com\/finnhandball","article_published_time":"2011-05-18T05:06:34+00:00","article_modified_time":"2018-03-15T12:38:57+00:00","og_image":[{"width":116,"height":104,"url":"https:\/\/i0.wp.com\/aktialiiga.fi\/miehet\/wp-content\/uploads\/sites\/5\/2011\/09\/logo-atlas.gif?fit=116%2C104&ssl=1","type":"image\/gif"}],"author":"tbrmedia","twitter_card":"summary_large_image","twitter_creator":"@finnhandball","twitter_site":"@finnhandball","schema":{"@context":"https:\/\/schema.org","@graph":[{"@type":"Article","@id":"https:\/\/aktialiiga.fi\/miehet\/ajankohtaista\/jaakko-horelli-atlaksen-paavalmentajaksi\/#article","isPartOf":{"@id":"https:\/\/aktialiiga.fi\/miehet\/ajankohtaista\/jaakko-horelli-atlaksen-paavalmentajaksi\/"},"author":{"name":"tbrmedia","@id":"https:\/\/aktialiiga.fi\/miehet\/#\/schema\/person\/c14bf42f47041db74603c45afcb18d87"},"headline":"Jaakko Horelli Atlaksen p\u00e4\u00e4valmentajaksi","datePublished":"2011-05-18T05:06:34+00:00","dateModified":"2018-03-15T12:38:57+00:00","mainEntityOfPage":{"@id":"https:\/\/aktialiiga.fi\/miehet\/ajankohtaista\/jaakko-horelli-atlaksen-paavalmentajaksi\/"},"wordCount":182,"publisher":{"@id":"https:\/\/aktialiiga.fi\/miehet\/#organization"},"image":{"@id":"https:\/\/aktialiiga.fi\/miehet\/ajankohtaista\/jaakko-horelli-atlaksen-paavalmentajaksi\/#primaryimage"},"thumbnailUrl":"https:\/\/i0.wp.com\/aktialiiga.fi\/miehet\/wp-content\/uploads\/sites\/5\/2011\/09\/logo-atlas.gif?fit=116%2C104&ssl=1","keywords":["Atlas"],"articleSection":["Ajankohtaista"],"inLanguage":"fi"},{"@type":"WebPage","@id":"https:\/\/aktialiiga.fi\/miehet\/ajankohtaista\/jaakko-horelli-atlaksen-paavalmentajaksi\/","url":"https:\/\/aktialiiga.fi\/miehet\/ajankohtaista\/jaakko-horelli-atlaksen-paavalmentajaksi\/","name":"Jaakko Horelli Atlaksen p\u00e4\u00e4valmentajaksi | K\u00e4sipallon miesten Aktialiiga","isPartOf":{"@id":"https:\/\/aktialiiga.fi\/miehet\/#website"},"primaryImageOfPage":{"@id":"https:\/\/aktialiiga.fi\/miehet\/ajankohtaista\/jaakko-horelli-atlaksen-paavalmentajaksi\/#primaryimage"},"image":{"@id":"https:\/\/aktialiiga.fi\/miehet\/ajankohtaista\/jaakko-horelli-atlaksen-paavalmentajaksi\/#primaryimage"},"thumbnailUrl":"https:\/\/i0.wp.com\/aktialiiga.fi\/miehet\/wp-content\/uploads\/sites\/5\/2011\/09\/logo-atlas.gif?fit=116%2C104&ssl=1","datePublished":"2011-05-18T05:06:34+00:00","dateModified":"2018-03-15T12:38:57+00:00","breadcrumb":{"@id":"https:\/\/aktialiiga.fi\/miehet\/ajankohtaista\/jaakko-horelli-atlaksen-paavalmentajaksi\/#breadcrumb"},"inLanguage":"fi","potentialAction":[{"@type":"ReadAction","target":["https:\/\/aktialiiga.fi\/miehet\/ajankohtaista\/jaakko-horelli-atlaksen-paavalmentajaksi\/"]}]},{"@type":"ImageObject","inLanguage":"fi","@id":"https:\/\/aktialiiga.fi\/miehet\/ajankohtaista\/jaakko-horelli-atlaksen-paavalmentajaksi\/#primaryimage","url":"https:\/\/i0.wp.com\/aktialiiga.fi\/miehet\/wp-content\/uploads\/sites\/5\/2011\/09\/logo-atlas.gif?fit=116%2C104&ssl=1","contentUrl":"https:\/\/i0.wp.com\/aktialiiga.fi\/miehet\/wp-content\/uploads\/sites\/5\/2011\/09\/logo-atlas.gif?fit=116%2C104&ssl=1","width":116,"height":104,"caption":"Atlas Vantaa"},{"@type":"BreadcrumbList","@id":"https:\/\/aktialiiga.fi\/miehet\/ajankohtaista\/jaakko-horelli-atlaksen-paavalmentajaksi\/#breadcrumb","itemListElement":[{"@type":"ListItem","position":1,"name":"Etusivu","item":"https:\/\/aktialiiga.fi\/miehet\/"},{"@type":"ListItem","position":2,"name":"Jaakko Horelli Atlaksen p\u00e4\u00e4valmentajaksi"}]},{"@type":"WebSite","@id":"https:\/\/aktialiiga.fi\/miehet\/#website","url":"https:\/\/aktialiiga.fi\/miehet\/","name":"K\u00e4sipallon miesten Aktialiiga","description":"Valtakunnan vauhdikkainta palloilua!","publisher":{"@id":"https:\/\/aktialiiga.fi\/miehet\/#organization"},"potentialAction":[{"@type":"SearchAction","target":{"@type":"EntryPoint","urlTemplate":"https:\/\/aktialiiga.fi\/miehet\/?s={search_term_string}"},"query-input":{"@type":"PropertyValueSpecification","valueRequired":true,"valueName":"search_term_string"}}],"inLanguage":"fi"},{"@type":"Organization","@id":"https:\/\/aktialiiga.fi\/miehet\/#organization","name":"K\u00e4sipallon miesten Aktialiiga","url":"https:\/\/aktialiiga.fi\/miehet\/","logo":{"@type":"ImageObject","inLanguage":"fi","@id":"https:\/\/aktialiiga.fi\/miehet\/#\/schema\/logo\/image\/","url":"https:\/\/i0.wp.com\/aktialiiga.fi\/miehet\/wp-content\/uploads\/sites\/5\/2024\/09\/Aktialiiga-Yoast-512.png?fit=512%2C512&ssl=1","contentUrl":"https:\/\/i0.wp.com\/aktialiiga.fi\/miehet\/wp-content\/uploads\/sites\/5\/2024\/09\/Aktialiiga-Yoast-512.png?fit=512%2C512&ssl=1","width":512,"height":512,"caption":"K\u00e4sipallon miesten Aktialiiga"},"image":{"@id":"https:\/\/aktialiiga.fi\/miehet\/#\/schema\/logo\/image\/"},"sameAs":["https:\/\/www.facebook.com\/finnhandball","https:\/\/x.com\/finnhandball","https:\/\/www.instagram.com\/handballfinland\/"]},{"@type":"Person","@id":"https:\/\/aktialiiga.fi\/miehet\/#\/schema\/person\/c14bf42f47041db74603c45afcb18d87","name":"tbrmedia","image":{"@type":"ImageObject","inLanguage":"fi","@id":"https:\/\/secure.gravatar.com\/avatar\/ee975fa091fe581d12b60debb3439022686618368a7c142044c56724d4666b16?s=96&d=mm&r=g","url":"https:\/\/secure.gravatar.com\/avatar\/ee975fa091fe581d12b60debb3439022686618368a7c142044c56724d4666b16?s=96&d=mm&r=g","contentUrl":"https:\/\/secure.gravatar.com\/avatar\/ee975fa091fe581d12b60debb3439022686618368a7c142044c56724d4666b16?s=96&d=mm&r=g","caption":"tbrmedia"}}]}},"jetpack_featured_media_url":"https:\/\/i0.wp.com\/aktialiiga.fi\/miehet\/wp-content\/uploads\/sites\/5\/2011\/09\/logo-atlas.gif?fit=116%2C104&ssl=1","jetpack_sharing_enabled":true,"jetpack_shortlink":"https:\/\/wp.me\/pfTxOr-40","_links":{"self":[{"href":"https:\/\/aktialiiga.fi\/miehet\/wp-json\/wp\/v2\/posts\/248","targetHints":{"allow":["GET"]}}],"collection":[{"href":"https:\/\/aktialiiga.fi\/miehet\/wp-json\/wp\/v2\/posts"}],"about":[{"href":"https:\/\/aktialiiga.fi\/miehet\/wp-json\/wp\/v2\/types\/post"}],"author":[{"embeddable":true,"href":"https:\/\/aktialiiga.fi\/miehet\/wp-json\/wp\/v2\/users\/13"}],"replies":[{"embeddable":true,"href":"https:\/\/aktialiiga.fi\/miehet\/wp-json\/wp\/v2\/comments?post=248"}],"version-history":[{"count":0,"href":"https:\/\/aktialiiga.fi\/miehet\/wp-json\/wp\/v2\/posts\/248\/revisions"}],"wp:featuredmedia":[{"embeddable":true,"href":"https:\/\/aktialiiga.fi\/miehet\/wp-json\/wp\/v2\/media\/194"}],"wp:attachment":[{"href":"https:\/\/aktialiiga.fi\/miehet\/wp-json\/wp\/v2\/media?parent=248"}],"wp:term":[{"taxonomy":"category","embeddable":true,"href":"https:\/\/aktialiiga.fi\/miehet\/wp-json\/wp\/v2\/categories?post=248"},{"taxonomy":"post_tag","embeddable":true,"href":"https:\/\/aktialiiga.fi\/miehet\/wp-json\/wp\/v2\/tags?post=248"}],"curies":[{"name":"wp","href":"https:\/\/api.w.org\/{rel}","templated":true}]}}