{"id":24960,"date":"2020-02-01T18:45:40","date_gmt":"2020-02-01T16:45:40","guid":{"rendered":"https:\/\/aktialiiga.fi\/miehet\/?p=24960"},"modified":"2020-02-01T19:12:57","modified_gmt":"2020-02-01T17:12:57","slug":"sif-ei-kestanyt-dickenin-repaisya","status":"publish","type":"post","link":"https:\/\/aktialiiga.fi\/miehet\/2019-2020\/ottelut-2019-2020\/sif-ei-kestanyt-dickenin-repaisya\/","title":{"rendered":"SIF ei kest\u00e4nyt Dickenin rep\u00e4isy\u00e4"},"content":{"rendered":"<p>Dicken ei antanut SIF:n yll\u00e4tt\u00e4\u00e4, vaikka kotijoukkue pisti kaikkensa peliin. Dicken jatkaa sarjan k\u00e4rjess\u00e4 37-23 (16-12)-voitolla.<\/p>\n<p>Dicken oli koko ajan ottelun kontrollissa ja karkasi kotijoukkueelta toisella kympill\u00e4 viem\u00e4ll\u00e4 sen nimiins\u00e4 6-0. SIF taisteli itsens\u00e4 viel\u00e4 nelj\u00e4n maalin p\u00e4\u00e4h\u00e4n ennen taukoa.<\/p>\n<p>SIF tuli hyvin toisen puoliajan alkuun ja nousi viiden maalin p\u00e4\u00e4st\u00e4 kolmeen. Sitten Dicken iski j\u00e4lleen uuden vaihteen silm\u00e4\u00e4n ja kasvatti eroa nopeasti ratkaisten ottelun.<\/p>\n<p>SIF:n p\u00e4\u00e4valmentaja Teddy Nordling antoi tunnustusta vastustajalle.<\/p>\n<p>&#8211; Ansaittu voitto Dickenille. Pystymme huomattavasti parempaan ja t\u00e4ytyy jatkaa ty\u00f6ntekoa pelimme eteen.<\/p>\n<p>Bj\u00f6rn Monnberg oli eritt\u00e4in tyytyv\u00e4inen n\u00e4kem\u00e4\u00e4ns\u00e4.<\/p>\n<p>&#8211; Otimme aimo harppauksen eteenp\u00e4in viime otteluun verrattuna. Olen tyytyv\u00e4inen siihen, kuinka pelaajat hoitivat ottelun kokonaisuudessaan ja ottivat vastuuta. Ensimm\u00e4isell\u00e4 puoliajalla emme oikein saaneet puolustusta toimimaan Siuntion 7 vastaan 6 hy\u00f6kk\u00e4yst\u00e4 vastaan, mutta toisella puoliajalla saimme homman toimimaan, Monnberg kiitteli.<\/p>\n<p>11 maalia tykitt\u00e4nyt Max Granlund on niin ik\u00e4\u00e4n tyytyv\u00e4inen joukkueen ilmeeseen.<\/p>\n<p>&#8211; Olemme parantaneet peli\u00e4mme huomattavasti aikaisempiin otteluihin verrattuna. Meill\u00e4 oli hyv\u00e4 vauhti ja liike peliss\u00e4. Ensimm\u00e4isell\u00e4 puoliajalla meill\u00e4 oli ongelmia Siuntion 7 vastaan 6 pelin kanssa, mutta toisella puoliajalla saimme homman toimimaan.<\/p>\n<p><strong>SIF-Dicken 23-37 (12-16)<br \/>\nMaalintekij\u00e4t: maalit (7m maalit)<br \/>\n<\/strong>SIF: Gustav Svanb\u00e4ck 7, Fredrik Karlsson 6, Sten Maasalu 4, Carl Weurlander 2 (1), Anton Luuppala 2, Vincent Voutilainen 1, Dusan Andrejevic 1<\/p>\n<p>Dicken: Max Granlund 11, Filip S\u00f6derlund 6 (3), Ian Martin 5, Anton R\u00e9my 3, Oskar Monnberg 3, Timmy Thor 2 (1), Felix Nilsson 2, Mikael M\u00e4kel\u00e4 2, Tadas Stankevicius 1, Gusten Montonen 1, Robin Granlund 1<\/p>\n<p><strong>L\u00e4hiTapiola-t\u00e4htipelaajat<br \/>\n<\/strong>Max Granlund Dicken 3<br \/>\nIan Martin Dicken 2<br \/>\nGustav Svanb\u00e4ck SIF 1<\/p>\n<p><strong>2 min ulosajot sek\u00e4 pelist\u00e4 sulkemiset<br \/>\n<\/strong>SIF: Dusan Andrejevic 1 x 2 min<br \/>\nDicken: Felix Nilsson 1 x 2 min<\/p>\n<p><em>Erotuomarit:<\/em> Niko Tillan &#8211; Magnus Roth<\/p>\n<p>Yleis\u00f6\u00e4: 453<\/p>\n","protected":false},"excerpt":{"rendered":"<p>Dicken ei antanut SIF:n yll\u00e4tt\u00e4\u00e4, vaikka kotijoukkue pisti kaikkensa peliin. Dicken jatkaa sarjan k\u00e4rjess\u00e4 37-23 (16-12)-voitolla. Dicken oli koko ajan ottelun kontrollissa ja karkasi kotijoukkueelta toisella kympill\u00e4 viem\u00e4ll\u00e4 sen nimiins\u00e4 6-0. SIF taisteli itsens\u00e4 viel\u00e4 nelj\u00e4n maalin p\u00e4\u00e4h\u00e4n ennen taukoa. SIF tuli hyvin toisen puoliajan alkuun ja nousi viiden maalin p\u00e4\u00e4st\u00e4 kolmeen. Sitten Dicken iski [&hellip;]<\/p>\n","protected":false},"author":13,"featured_media":24962,"comment_status":"closed","ping_status":"closed","sticky":false,"template":"","format":"standard","meta":{"_acf_changed":false,"jetpack_post_was_ever_published":false,"_jetpack_newsletter_access":"","_jetpack_dont_email_post_to_subs":false,"_jetpack_newsletter_tier_id":0,"_jetpack_memberships_contains_paywalled_content":false,"_jetpack_memberships_contains_paid_content":false,"footnotes":""},"categories":[230],"tags":[58,111],"class_list":["post-24960","post","type-post","status-publish","format-standard","has-post-thumbnail","hentry","category-ottelut-2019-2020","tag-dicken","tag-sif"],"acf":[],"yoast_head":"<!-- This site is optimized with the Yoast SEO plugin v27.4 - https:\/\/yoast.com\/product\/yoast-seo-wordpress\/ -->\n<title>SIF ei kest\u00e4nyt Dickenin rep\u00e4isy\u00e4 | K\u00e4sipallon miesten Aktialiiga<\/title>\n<meta name=\"robots\" content=\"index, follow, max-snippet:-1, max-image-preview:large, max-video-preview:-1\" \/>\n<link rel=\"canonical\" href=\"https:\/\/aktialiiga.fi\/miehet\/2019-2020\/ottelut-2019-2020\/sif-ei-kestanyt-dickenin-repaisya\/\" \/>\n<meta property=\"og:locale\" content=\"fi_FI\" \/>\n<meta property=\"og:type\" content=\"article\" \/>\n<meta property=\"og:title\" content=\"SIF ei kest\u00e4nyt Dickenin rep\u00e4isy\u00e4 | K\u00e4sipallon miesten Aktialiiga\" \/>\n<meta property=\"og:description\" content=\"Dicken ei antanut SIF:n yll\u00e4tt\u00e4\u00e4, vaikka kotijoukkue pisti kaikkensa peliin. Dicken jatkaa sarjan k\u00e4rjess\u00e4 37-23 (16-12)-voitolla. Dicken oli koko ajan ottelun kontrollissa ja karkasi kotijoukkueelta toisella kympill\u00e4 viem\u00e4ll\u00e4 sen nimiins\u00e4 6-0. SIF taisteli itsens\u00e4 viel\u00e4 nelj\u00e4n maalin p\u00e4\u00e4h\u00e4n ennen taukoa. SIF tuli hyvin toisen puoliajan alkuun ja nousi viiden maalin p\u00e4\u00e4st\u00e4 kolmeen. Sitten Dicken iski [&hellip;]\" \/>\n<meta property=\"og:url\" content=\"https:\/\/aktialiiga.fi\/miehet\/2019-2020\/ottelut-2019-2020\/sif-ei-kestanyt-dickenin-repaisya\/\" \/>\n<meta property=\"og:site_name\" content=\"K\u00e4sipallon miesten Aktialiiga\" \/>\n<meta property=\"article:publisher\" content=\"https:\/\/www.facebook.com\/finnhandball\" \/>\n<meta property=\"article:published_time\" content=\"2020-02-01T16:45:40+00:00\" \/>\n<meta property=\"article:modified_time\" content=\"2020-02-01T17:12:57+00:00\" \/>\n<meta property=\"og:image\" content=\"https:\/\/i0.wp.com\/aktialiiga.fi\/miehet\/wp-content\/uploads\/sites\/5\/2020\/02\/martin_ian_dicken_19-20.jpg?fit=1200%2C812&ssl=1\" \/>\n\t<meta property=\"og:image:width\" content=\"1200\" \/>\n\t<meta property=\"og:image:height\" content=\"812\" \/>\n\t<meta property=\"og:image:type\" content=\"image\/jpeg\" \/>\n<meta name=\"author\" content=\"tbrmedia\" \/>\n<meta name=\"twitter:card\" content=\"summary_large_image\" \/>\n<meta name=\"twitter:creator\" content=\"@finnhandball\" \/>\n<meta name=\"twitter:site\" content=\"@finnhandball\" \/>\n<script type=\"application\/ld+json\" class=\"yoast-schema-graph\">{\"@context\":\"https:\\\/\\\/schema.org\",\"@graph\":[{\"@type\":\"Article\",\"@id\":\"https:\\\/\\\/aktialiiga.fi\\\/miehet\\\/2019-2020\\\/ottelut-2019-2020\\\/sif-ei-kestanyt-dickenin-repaisya\\\/#article\",\"isPartOf\":{\"@id\":\"https:\\\/\\\/aktialiiga.fi\\\/miehet\\\/2019-2020\\\/ottelut-2019-2020\\\/sif-ei-kestanyt-dickenin-repaisya\\\/\"},\"author\":{\"name\":\"tbrmedia\",\"@id\":\"https:\\\/\\\/aktialiiga.fi\\\/miehet\\\/#\\\/schema\\\/person\\\/c14bf42f47041db74603c45afcb18d87\"},\"headline\":\"SIF ei kest\u00e4nyt Dickenin rep\u00e4isy\u00e4\",\"datePublished\":\"2020-02-01T16:45:40+00:00\",\"dateModified\":\"2020-02-01T17:12:57+00:00\",\"mainEntityOfPage\":{\"@id\":\"https:\\\/\\\/aktialiiga.fi\\\/miehet\\\/2019-2020\\\/ottelut-2019-2020\\\/sif-ei-kestanyt-dickenin-repaisya\\\/\"},\"wordCount\":291,\"publisher\":{\"@id\":\"https:\\\/\\\/aktialiiga.fi\\\/miehet\\\/#organization\"},\"image\":{\"@id\":\"https:\\\/\\\/aktialiiga.fi\\\/miehet\\\/2019-2020\\\/ottelut-2019-2020\\\/sif-ei-kestanyt-dickenin-repaisya\\\/#primaryimage\"},\"thumbnailUrl\":\"https:\\\/\\\/i0.wp.com\\\/aktialiiga.fi\\\/miehet\\\/wp-content\\\/uploads\\\/sites\\\/5\\\/2020\\\/02\\\/martin_ian_dicken_19-20.jpg?fit=1200%2C812&ssl=1\",\"keywords\":[\"Dicken\",\"SIF\"],\"articleSection\":[\"Ottelut\"],\"inLanguage\":\"fi\"},{\"@type\":\"WebPage\",\"@id\":\"https:\\\/\\\/aktialiiga.fi\\\/miehet\\\/2019-2020\\\/ottelut-2019-2020\\\/sif-ei-kestanyt-dickenin-repaisya\\\/\",\"url\":\"https:\\\/\\\/aktialiiga.fi\\\/miehet\\\/2019-2020\\\/ottelut-2019-2020\\\/sif-ei-kestanyt-dickenin-repaisya\\\/\",\"name\":\"SIF ei kest\u00e4nyt Dickenin rep\u00e4isy\u00e4 | K\u00e4sipallon miesten Aktialiiga\",\"isPartOf\":{\"@id\":\"https:\\\/\\\/aktialiiga.fi\\\/miehet\\\/#website\"},\"primaryImageOfPage\":{\"@id\":\"https:\\\/\\\/aktialiiga.fi\\\/miehet\\\/2019-2020\\\/ottelut-2019-2020\\\/sif-ei-kestanyt-dickenin-repaisya\\\/#primaryimage\"},\"image\":{\"@id\":\"https:\\\/\\\/aktialiiga.fi\\\/miehet\\\/2019-2020\\\/ottelut-2019-2020\\\/sif-ei-kestanyt-dickenin-repaisya\\\/#primaryimage\"},\"thumbnailUrl\":\"https:\\\/\\\/i0.wp.com\\\/aktialiiga.fi\\\/miehet\\\/wp-content\\\/uploads\\\/sites\\\/5\\\/2020\\\/02\\\/martin_ian_dicken_19-20.jpg?fit=1200%2C812&ssl=1\",\"datePublished\":\"2020-02-01T16:45:40+00:00\",\"dateModified\":\"2020-02-01T17:12:57+00:00\",\"breadcrumb\":{\"@id\":\"https:\\\/\\\/aktialiiga.fi\\\/miehet\\\/2019-2020\\\/ottelut-2019-2020\\\/sif-ei-kestanyt-dickenin-repaisya\\\/#breadcrumb\"},\"inLanguage\":\"fi\",\"potentialAction\":[{\"@type\":\"ReadAction\",\"target\":[\"https:\\\/\\\/aktialiiga.fi\\\/miehet\\\/2019-2020\\\/ottelut-2019-2020\\\/sif-ei-kestanyt-dickenin-repaisya\\\/\"]}]},{\"@type\":\"ImageObject\",\"inLanguage\":\"fi\",\"@id\":\"https:\\\/\\\/aktialiiga.fi\\\/miehet\\\/2019-2020\\\/ottelut-2019-2020\\\/sif-ei-kestanyt-dickenin-repaisya\\\/#primaryimage\",\"url\":\"https:\\\/\\\/i0.wp.com\\\/aktialiiga.fi\\\/miehet\\\/wp-content\\\/uploads\\\/sites\\\/5\\\/2020\\\/02\\\/martin_ian_dicken_19-20.jpg?fit=1200%2C812&ssl=1\",\"contentUrl\":\"https:\\\/\\\/i0.wp.com\\\/aktialiiga.fi\\\/miehet\\\/wp-content\\\/uploads\\\/sites\\\/5\\\/2020\\\/02\\\/martin_ian_dicken_19-20.jpg?fit=1200%2C812&ssl=1\",\"width\":1200,\"height\":812,\"caption\":\"Ian Martin #17, Dicken k\u00e4sipallon SM-liigan ottelussa Dicken - HIFK Pirkkolan palloiluhallissa Helsingiss\u00e4 2. lokakuuta 2019. (Kalle Parkkinen\\\/Newspix24)\"},{\"@type\":\"BreadcrumbList\",\"@id\":\"https:\\\/\\\/aktialiiga.fi\\\/miehet\\\/2019-2020\\\/ottelut-2019-2020\\\/sif-ei-kestanyt-dickenin-repaisya\\\/#breadcrumb\",\"itemListElement\":[{\"@type\":\"ListItem\",\"position\":1,\"name\":\"Etusivu\",\"item\":\"https:\\\/\\\/aktialiiga.fi\\\/miehet\\\/\"},{\"@type\":\"ListItem\",\"position\":2,\"name\":\"SIF ei kest\u00e4nyt Dickenin rep\u00e4isy\u00e4\"}]},{\"@type\":\"WebSite\",\"@id\":\"https:\\\/\\\/aktialiiga.fi\\\/miehet\\\/#website\",\"url\":\"https:\\\/\\\/aktialiiga.fi\\\/miehet\\\/\",\"name\":\"K\u00e4sipallon miesten Aktialiiga\",\"description\":\"Valtakunnan vauhdikkainta palloilua!\",\"publisher\":{\"@id\":\"https:\\\/\\\/aktialiiga.fi\\\/miehet\\\/#organization\"},\"potentialAction\":[{\"@type\":\"SearchAction\",\"target\":{\"@type\":\"EntryPoint\",\"urlTemplate\":\"https:\\\/\\\/aktialiiga.fi\\\/miehet\\\/?s={search_term_string}\"},\"query-input\":{\"@type\":\"PropertyValueSpecification\",\"valueRequired\":true,\"valueName\":\"search_term_string\"}}],\"inLanguage\":\"fi\"},{\"@type\":\"Organization\",\"@id\":\"https:\\\/\\\/aktialiiga.fi\\\/miehet\\\/#organization\",\"name\":\"K\u00e4sipallon miesten Aktialiiga\",\"url\":\"https:\\\/\\\/aktialiiga.fi\\\/miehet\\\/\",\"logo\":{\"@type\":\"ImageObject\",\"inLanguage\":\"fi\",\"@id\":\"https:\\\/\\\/aktialiiga.fi\\\/miehet\\\/#\\\/schema\\\/logo\\\/image\\\/\",\"url\":\"https:\\\/\\\/i0.wp.com\\\/aktialiiga.fi\\\/miehet\\\/wp-content\\\/uploads\\\/sites\\\/5\\\/2024\\\/09\\\/Aktialiiga-Yoast-512.png?fit=512%2C512&ssl=1\",\"contentUrl\":\"https:\\\/\\\/i0.wp.com\\\/aktialiiga.fi\\\/miehet\\\/wp-content\\\/uploads\\\/sites\\\/5\\\/2024\\\/09\\\/Aktialiiga-Yoast-512.png?fit=512%2C512&ssl=1\",\"width\":512,\"height\":512,\"caption\":\"K\u00e4sipallon miesten Aktialiiga\"},\"image\":{\"@id\":\"https:\\\/\\\/aktialiiga.fi\\\/miehet\\\/#\\\/schema\\\/logo\\\/image\\\/\"},\"sameAs\":[\"https:\\\/\\\/www.facebook.com\\\/finnhandball\",\"https:\\\/\\\/x.com\\\/finnhandball\",\"https:\\\/\\\/www.instagram.com\\\/handballfinland\\\/\"]},{\"@type\":\"Person\",\"@id\":\"https:\\\/\\\/aktialiiga.fi\\\/miehet\\\/#\\\/schema\\\/person\\\/c14bf42f47041db74603c45afcb18d87\",\"name\":\"tbrmedia\",\"image\":{\"@type\":\"ImageObject\",\"inLanguage\":\"fi\",\"@id\":\"https:\\\/\\\/secure.gravatar.com\\\/avatar\\\/ee975fa091fe581d12b60debb3439022686618368a7c142044c56724d4666b16?s=96&d=mm&r=g\",\"url\":\"https:\\\/\\\/secure.gravatar.com\\\/avatar\\\/ee975fa091fe581d12b60debb3439022686618368a7c142044c56724d4666b16?s=96&d=mm&r=g\",\"contentUrl\":\"https:\\\/\\\/secure.gravatar.com\\\/avatar\\\/ee975fa091fe581d12b60debb3439022686618368a7c142044c56724d4666b16?s=96&d=mm&r=g\",\"caption\":\"tbrmedia\"}}]}<\/script>\n<!-- \/ Yoast SEO plugin. -->","yoast_head_json":{"title":"SIF ei kest\u00e4nyt Dickenin rep\u00e4isy\u00e4 | K\u00e4sipallon miesten Aktialiiga","robots":{"index":"index","follow":"follow","max-snippet":"max-snippet:-1","max-image-preview":"max-image-preview:large","max-video-preview":"max-video-preview:-1"},"canonical":"https:\/\/aktialiiga.fi\/miehet\/2019-2020\/ottelut-2019-2020\/sif-ei-kestanyt-dickenin-repaisya\/","og_locale":"fi_FI","og_type":"article","og_title":"SIF ei kest\u00e4nyt Dickenin rep\u00e4isy\u00e4 | K\u00e4sipallon miesten Aktialiiga","og_description":"Dicken ei antanut SIF:n yll\u00e4tt\u00e4\u00e4, vaikka kotijoukkue pisti kaikkensa peliin. Dicken jatkaa sarjan k\u00e4rjess\u00e4 37-23 (16-12)-voitolla. Dicken oli koko ajan ottelun kontrollissa ja karkasi kotijoukkueelta toisella kympill\u00e4 viem\u00e4ll\u00e4 sen nimiins\u00e4 6-0. SIF taisteli itsens\u00e4 viel\u00e4 nelj\u00e4n maalin p\u00e4\u00e4h\u00e4n ennen taukoa. SIF tuli hyvin toisen puoliajan alkuun ja nousi viiden maalin p\u00e4\u00e4st\u00e4 kolmeen. Sitten Dicken iski [&hellip;]","og_url":"https:\/\/aktialiiga.fi\/miehet\/2019-2020\/ottelut-2019-2020\/sif-ei-kestanyt-dickenin-repaisya\/","og_site_name":"K\u00e4sipallon miesten Aktialiiga","article_publisher":"https:\/\/www.facebook.com\/finnhandball","article_published_time":"2020-02-01T16:45:40+00:00","article_modified_time":"2020-02-01T17:12:57+00:00","og_image":[{"width":1200,"height":812,"url":"https:\/\/i0.wp.com\/aktialiiga.fi\/miehet\/wp-content\/uploads\/sites\/5\/2020\/02\/martin_ian_dicken_19-20.jpg?fit=1200%2C812&ssl=1","type":"image\/jpeg"}],"author":"tbrmedia","twitter_card":"summary_large_image","twitter_creator":"@finnhandball","twitter_site":"@finnhandball","schema":{"@context":"https:\/\/schema.org","@graph":[{"@type":"Article","@id":"https:\/\/aktialiiga.fi\/miehet\/2019-2020\/ottelut-2019-2020\/sif-ei-kestanyt-dickenin-repaisya\/#article","isPartOf":{"@id":"https:\/\/aktialiiga.fi\/miehet\/2019-2020\/ottelut-2019-2020\/sif-ei-kestanyt-dickenin-repaisya\/"},"author":{"name":"tbrmedia","@id":"https:\/\/aktialiiga.fi\/miehet\/#\/schema\/person\/c14bf42f47041db74603c45afcb18d87"},"headline":"SIF ei kest\u00e4nyt Dickenin rep\u00e4isy\u00e4","datePublished":"2020-02-01T16:45:40+00:00","dateModified":"2020-02-01T17:12:57+00:00","mainEntityOfPage":{"@id":"https:\/\/aktialiiga.fi\/miehet\/2019-2020\/ottelut-2019-2020\/sif-ei-kestanyt-dickenin-repaisya\/"},"wordCount":291,"publisher":{"@id":"https:\/\/aktialiiga.fi\/miehet\/#organization"},"image":{"@id":"https:\/\/aktialiiga.fi\/miehet\/2019-2020\/ottelut-2019-2020\/sif-ei-kestanyt-dickenin-repaisya\/#primaryimage"},"thumbnailUrl":"https:\/\/i0.wp.com\/aktialiiga.fi\/miehet\/wp-content\/uploads\/sites\/5\/2020\/02\/martin_ian_dicken_19-20.jpg?fit=1200%2C812&ssl=1","keywords":["Dicken","SIF"],"articleSection":["Ottelut"],"inLanguage":"fi"},{"@type":"WebPage","@id":"https:\/\/aktialiiga.fi\/miehet\/2019-2020\/ottelut-2019-2020\/sif-ei-kestanyt-dickenin-repaisya\/","url":"https:\/\/aktialiiga.fi\/miehet\/2019-2020\/ottelut-2019-2020\/sif-ei-kestanyt-dickenin-repaisya\/","name":"SIF ei kest\u00e4nyt Dickenin rep\u00e4isy\u00e4 | K\u00e4sipallon miesten Aktialiiga","isPartOf":{"@id":"https:\/\/aktialiiga.fi\/miehet\/#website"},"primaryImageOfPage":{"@id":"https:\/\/aktialiiga.fi\/miehet\/2019-2020\/ottelut-2019-2020\/sif-ei-kestanyt-dickenin-repaisya\/#primaryimage"},"image":{"@id":"https:\/\/aktialiiga.fi\/miehet\/2019-2020\/ottelut-2019-2020\/sif-ei-kestanyt-dickenin-repaisya\/#primaryimage"},"thumbnailUrl":"https:\/\/i0.wp.com\/aktialiiga.fi\/miehet\/wp-content\/uploads\/sites\/5\/2020\/02\/martin_ian_dicken_19-20.jpg?fit=1200%2C812&ssl=1","datePublished":"2020-02-01T16:45:40+00:00","dateModified":"2020-02-01T17:12:57+00:00","breadcrumb":{"@id":"https:\/\/aktialiiga.fi\/miehet\/2019-2020\/ottelut-2019-2020\/sif-ei-kestanyt-dickenin-repaisya\/#breadcrumb"},"inLanguage":"fi","potentialAction":[{"@type":"ReadAction","target":["https:\/\/aktialiiga.fi\/miehet\/2019-2020\/ottelut-2019-2020\/sif-ei-kestanyt-dickenin-repaisya\/"]}]},{"@type":"ImageObject","inLanguage":"fi","@id":"https:\/\/aktialiiga.fi\/miehet\/2019-2020\/ottelut-2019-2020\/sif-ei-kestanyt-dickenin-repaisya\/#primaryimage","url":"https:\/\/i0.wp.com\/aktialiiga.fi\/miehet\/wp-content\/uploads\/sites\/5\/2020\/02\/martin_ian_dicken_19-20.jpg?fit=1200%2C812&ssl=1","contentUrl":"https:\/\/i0.wp.com\/aktialiiga.fi\/miehet\/wp-content\/uploads\/sites\/5\/2020\/02\/martin_ian_dicken_19-20.jpg?fit=1200%2C812&ssl=1","width":1200,"height":812,"caption":"Ian Martin #17, Dicken k\u00e4sipallon SM-liigan ottelussa Dicken - HIFK Pirkkolan palloiluhallissa Helsingiss\u00e4 2. lokakuuta 2019. (Kalle Parkkinen\/Newspix24)"},{"@type":"BreadcrumbList","@id":"https:\/\/aktialiiga.fi\/miehet\/2019-2020\/ottelut-2019-2020\/sif-ei-kestanyt-dickenin-repaisya\/#breadcrumb","itemListElement":[{"@type":"ListItem","position":1,"name":"Etusivu","item":"https:\/\/aktialiiga.fi\/miehet\/"},{"@type":"ListItem","position":2,"name":"SIF ei kest\u00e4nyt Dickenin rep\u00e4isy\u00e4"}]},{"@type":"WebSite","@id":"https:\/\/aktialiiga.fi\/miehet\/#website","url":"https:\/\/aktialiiga.fi\/miehet\/","name":"K\u00e4sipallon miesten Aktialiiga","description":"Valtakunnan vauhdikkainta palloilua!","publisher":{"@id":"https:\/\/aktialiiga.fi\/miehet\/#organization"},"potentialAction":[{"@type":"SearchAction","target":{"@type":"EntryPoint","urlTemplate":"https:\/\/aktialiiga.fi\/miehet\/?s={search_term_string}"},"query-input":{"@type":"PropertyValueSpecification","valueRequired":true,"valueName":"search_term_string"}}],"inLanguage":"fi"},{"@type":"Organization","@id":"https:\/\/aktialiiga.fi\/miehet\/#organization","name":"K\u00e4sipallon miesten Aktialiiga","url":"https:\/\/aktialiiga.fi\/miehet\/","logo":{"@type":"ImageObject","inLanguage":"fi","@id":"https:\/\/aktialiiga.fi\/miehet\/#\/schema\/logo\/image\/","url":"https:\/\/i0.wp.com\/aktialiiga.fi\/miehet\/wp-content\/uploads\/sites\/5\/2024\/09\/Aktialiiga-Yoast-512.png?fit=512%2C512&ssl=1","contentUrl":"https:\/\/i0.wp.com\/aktialiiga.fi\/miehet\/wp-content\/uploads\/sites\/5\/2024\/09\/Aktialiiga-Yoast-512.png?fit=512%2C512&ssl=1","width":512,"height":512,"caption":"K\u00e4sipallon miesten Aktialiiga"},"image":{"@id":"https:\/\/aktialiiga.fi\/miehet\/#\/schema\/logo\/image\/"},"sameAs":["https:\/\/www.facebook.com\/finnhandball","https:\/\/x.com\/finnhandball","https:\/\/www.instagram.com\/handballfinland\/"]},{"@type":"Person","@id":"https:\/\/aktialiiga.fi\/miehet\/#\/schema\/person\/c14bf42f47041db74603c45afcb18d87","name":"tbrmedia","image":{"@type":"ImageObject","inLanguage":"fi","@id":"https:\/\/secure.gravatar.com\/avatar\/ee975fa091fe581d12b60debb3439022686618368a7c142044c56724d4666b16?s=96&d=mm&r=g","url":"https:\/\/secure.gravatar.com\/avatar\/ee975fa091fe581d12b60debb3439022686618368a7c142044c56724d4666b16?s=96&d=mm&r=g","contentUrl":"https:\/\/secure.gravatar.com\/avatar\/ee975fa091fe581d12b60debb3439022686618368a7c142044c56724d4666b16?s=96&d=mm&r=g","caption":"tbrmedia"}}]}},"jetpack_featured_media_url":"https:\/\/i0.wp.com\/aktialiiga.fi\/miehet\/wp-content\/uploads\/sites\/5\/2020\/02\/martin_ian_dicken_19-20.jpg?fit=1200%2C812&ssl=1","jetpack_sharing_enabled":true,"jetpack_shortlink":"https:\/\/wp.me\/pfTxOr-6uA","_links":{"self":[{"href":"https:\/\/aktialiiga.fi\/miehet\/wp-json\/wp\/v2\/posts\/24960","targetHints":{"allow":["GET"]}}],"collection":[{"href":"https:\/\/aktialiiga.fi\/miehet\/wp-json\/wp\/v2\/posts"}],"about":[{"href":"https:\/\/aktialiiga.fi\/miehet\/wp-json\/wp\/v2\/types\/post"}],"author":[{"embeddable":true,"href":"https:\/\/aktialiiga.fi\/miehet\/wp-json\/wp\/v2\/users\/13"}],"replies":[{"embeddable":true,"href":"https:\/\/aktialiiga.fi\/miehet\/wp-json\/wp\/v2\/comments?post=24960"}],"version-history":[{"count":0,"href":"https:\/\/aktialiiga.fi\/miehet\/wp-json\/wp\/v2\/posts\/24960\/revisions"}],"wp:featuredmedia":[{"embeddable":true,"href":"https:\/\/aktialiiga.fi\/miehet\/wp-json\/wp\/v2\/media\/24962"}],"wp:attachment":[{"href":"https:\/\/aktialiiga.fi\/miehet\/wp-json\/wp\/v2\/media?parent=24960"}],"wp:term":[{"taxonomy":"category","embeddable":true,"href":"https:\/\/aktialiiga.fi\/miehet\/wp-json\/wp\/v2\/categories?post=24960"},{"taxonomy":"post_tag","embeddable":true,"href":"https:\/\/aktialiiga.fi\/miehet\/wp-json\/wp\/v2\/tags?post=24960"}],"curies":[{"name":"wp","href":"https:\/\/api.w.org\/{rel}","templated":true}]}}