{"id":25049,"date":"2020-02-12T21:10:12","date_gmt":"2020-02-12T19:10:12","guid":{"rendered":"https:\/\/aktialiiga.fi\/miehet\/?p=25049"},"modified":"2020-02-12T22:37:16","modified_gmt":"2020-02-12T20:37:16","slug":"grifk-nousi-tarkeaan-voittoon-aifksta","status":"publish","type":"post","link":"https:\/\/aktialiiga.fi\/miehet\/2019-2020\/ottelut-2019-2020\/grifk-nousi-tarkeaan-voittoon-aifksta\/","title":{"rendered":"GrIFK nousi t\u00e4rke\u00e4\u00e4n voittoon \u00c5IFK:sta"},"content":{"rendered":"<p>GrIFK:n vahva loppuveto toi joukkueelle voiton \u00c5IFK:sta ja samalla runkosarjan kuudennen sijan \u00e4\u00e4rimm\u00e4isen niukalla erolla.<\/p>\n<p>Kotijoukkue GrIFK avasi ottelun ter\u00e4v\u00e4mmin, mutta vieraat p\u00e4\u00e4siv\u00e4t pian peliin mukaan. Avausjaksoa edettiin t\u00e4m\u00e4n j\u00e4lkeen kaikkineen tasaisesti ja tauolla eroa oli \u00c5IFK:n eduksi yksi maali.<\/p>\n<p>My\u00f6s toisen jakson alku oli tasainen, kunnes \u00c5IFK hivuttautui nelj\u00e4n maalin johtoon. T\u00e4t\u00e4 seuraavat minuutit Grani vei kuitenkin 6-0 ja venyi lopussa nelj\u00e4n maalin voittoon, mik\u00e4 riitti juuri ja juuri turkulaisten ohittamiseen runkosarjan sarjataulukossa.<\/p>\n<p>GrIFK:n p\u00e4\u00e4valmentaja Mikael K\u00e4llman l\u00e4mmitti ennen kaikkea komea nousu lopussa.<\/p>\n<p>&#8211; Melko tahmeata peli\u00e4 meilt\u00e4 t\u00e4n\u00e4\u00e4n. Vaikeuksista huolimatta eritt\u00e4in hieno suoritus joukkueelta k\u00e4\u00e4nt\u00e4\u00e4 t\u00e4m\u00e4 vaikea ottelu kolmen maalin takamatkalta toisella puoliajalla. Kaksi otettua pistett\u00e4 oli eritt\u00e4in hienoa, K\u00e4llman iloitsi.<\/p>\n<p>\u00c5IFK-piiskuri Robin Karlssonin mietteet olivat arvattavasti koko lailla k\u00e4\u00e4nteiset.<\/p>\n<p>&#8211; Ihan hyv\u00e4 ensimm\u00e4inen puoliaika, mutta meill\u00e4 oli suuria ongelmia Granin 7 vastaan 6 -pelin kanssa toisella puoliajalla. He tulivat rinnalle ja ohi. Onnittelut Granille, oikeutettu voitto heille, Karlsson antoi rehdisti tunnustusta vastustajalle.<\/p>\n<p>Ottelun vakuuttavimman pelaajan tittelin ja kolme L\u00e4hiTapiola-t\u00e4hte\u00e4 napannut Granin Anthony Hellakoski ei edes ehtinyt maaleja tarkkaan laskea ottelun lopulla.<\/p>\n<p>&#8211; Tasainen ottelu alusta loppuun. Venyttiin hyvin loppua kohden, kun saatiin hyv\u00e4 fiilis p\u00e4\u00e4lle, Hellakoski mietti.<\/p>\n<p>&#8211; Taisi t\u00e4m\u00e4 tulos sittenkin riitt\u00e4\u00e4 sarjataulukon kuudenteen sijaan, vaikka sit\u00e4 ei lopussa oikein ymm\u00e4rrettyk\u00e4\u00e4n. Hyv\u00e4 ottelu, hyv\u00e4 hy\u00f6kk\u00e4yspeli muta puolustuksessa meill\u00e4 on paljon parannettavaa.<\/p>\n<p><strong>GrIFK &#8211; \u00c5IFK 31-27 (15-16)<\/strong><\/p>\n<p><strong>Maalintekij\u00e4t<\/strong>: maalit (7m maalit)<br \/>\nGrIFK: Anthony Hellakoski 11 (4), Jonathan Almark 7, Anton Karlsson 4, Ville Viljanen 3, Niki Tuominen 2, Alexander Qvist 2, Alexander L\u00e5ng 2<br \/>\n\u00c5IFK: Andreas Nystr\u00f6m 7 (3), Peik Sj\u00f6blom 5, Eero Laine 4, Elias Nyman 3, Niklas Manderoos 3 (3), Alexander Nyst\u00e9n 2, Valter Georgs 2, Oscar Berglund 1<\/p>\n<p><strong>L\u00e4hiTapiola-t\u00e4htipelaajat<\/strong><br \/>\nAnthony Hellakoski GrIFK 3<br \/>\nJonathan Almark GrIFK 2<br \/>\nPeik Sj\u00f6blom \u00c5IFK 1<\/p>\n<p><strong>2 min ulosajot sek\u00e4 pelist\u00e4 sulkemiset<\/strong><br \/>\nGrIFK: Alexander L\u00e5ng 1 x 2 min, Daniel L\u00e5ng 1 x 2 min, Niki Tuominen 1 x 2 min<br \/>\n\u00c5IFK: Mikael Manderoos 1 x 2 min, Oscar Berglund 1 x 2 min<\/p>\n<p><em>Erotuomarit<\/em>: Sami Kinnari &#8211; Johan Skogberg<\/p>\n<p><em>Yleis\u00f6\u00e4<\/em>: 195<\/p>\n","protected":false},"excerpt":{"rendered":"<p>GrIFK:n vahva loppuveto toi joukkueelle voiton \u00c5IFK:sta ja samalla runkosarjan kuudennen sijan \u00e4\u00e4rimm\u00e4isen niukalla erolla. Kotijoukkue GrIFK avasi ottelun ter\u00e4v\u00e4mmin, mutta vieraat p\u00e4\u00e4siv\u00e4t pian peliin mukaan. Avausjaksoa edettiin t\u00e4m\u00e4n j\u00e4lkeen kaikkineen tasaisesti ja tauolla eroa oli \u00c5IFK:n eduksi yksi maali. My\u00f6s toisen jakson alku oli tasainen, kunnes \u00c5IFK hivuttautui nelj\u00e4n maalin johtoon. T\u00e4t\u00e4 seuraavat minuutit [&hellip;]<\/p>\n","protected":false},"author":13,"featured_media":25068,"comment_status":"closed","ping_status":"closed","sticky":false,"template":"","format":"standard","meta":{"_acf_changed":false,"jetpack_post_was_ever_published":false,"_jetpack_newsletter_access":"","_jetpack_dont_email_post_to_subs":false,"_jetpack_newsletter_tier_id":0,"_jetpack_memberships_contains_paywalled_content":false,"_jetpack_memberships_contains_paid_content":false,"footnotes":""},"categories":[230],"tags":[50,64],"class_list":["post-25049","post","type-post","status-publish","format-standard","has-post-thumbnail","hentry","category-ottelut-2019-2020","tag-aifk","tag-grifk"],"acf":[],"yoast_head":"<!-- This site is optimized with the Yoast SEO plugin v27.5 - https:\/\/yoast.com\/product\/yoast-seo-wordpress\/ -->\n<title>GrIFK nousi t\u00e4rke\u00e4\u00e4n voittoon \u00c5IFK:sta | K\u00e4sipallon miesten Aktialiiga<\/title>\n<meta name=\"robots\" content=\"index, follow, max-snippet:-1, max-image-preview:large, max-video-preview:-1\" \/>\n<link rel=\"canonical\" href=\"https:\/\/aktialiiga.fi\/miehet\/2019-2020\/ottelut-2019-2020\/grifk-nousi-tarkeaan-voittoon-aifksta\/\" \/>\n<meta property=\"og:locale\" content=\"fi_FI\" \/>\n<meta property=\"og:type\" content=\"article\" \/>\n<meta property=\"og:title\" content=\"GrIFK nousi t\u00e4rke\u00e4\u00e4n voittoon \u00c5IFK:sta | K\u00e4sipallon miesten Aktialiiga\" \/>\n<meta property=\"og:description\" content=\"GrIFK:n vahva loppuveto toi joukkueelle voiton \u00c5IFK:sta ja samalla runkosarjan kuudennen sijan \u00e4\u00e4rimm\u00e4isen niukalla erolla. Kotijoukkue GrIFK avasi ottelun ter\u00e4v\u00e4mmin, mutta vieraat p\u00e4\u00e4siv\u00e4t pian peliin mukaan. Avausjaksoa edettiin t\u00e4m\u00e4n j\u00e4lkeen kaikkineen tasaisesti ja tauolla eroa oli \u00c5IFK:n eduksi yksi maali. My\u00f6s toisen jakson alku oli tasainen, kunnes \u00c5IFK hivuttautui nelj\u00e4n maalin johtoon. T\u00e4t\u00e4 seuraavat minuutit [&hellip;]\" \/>\n<meta property=\"og:url\" content=\"https:\/\/aktialiiga.fi\/miehet\/2019-2020\/ottelut-2019-2020\/grifk-nousi-tarkeaan-voittoon-aifksta\/\" \/>\n<meta property=\"og:site_name\" content=\"K\u00e4sipallon miesten Aktialiiga\" \/>\n<meta property=\"article:publisher\" content=\"https:\/\/www.facebook.com\/finnhandball\" \/>\n<meta property=\"article:published_time\" content=\"2020-02-12T19:10:12+00:00\" \/>\n<meta property=\"article:modified_time\" content=\"2020-02-12T20:37:16+00:00\" \/>\n<meta property=\"og:image\" content=\"https:\/\/i0.wp.com\/aktialiiga.fi\/miehet\/wp-content\/uploads\/sites\/5\/2020\/02\/GrIFK_Almark_Jonathan_1920.jpg?fit=711%2C337&ssl=1\" \/>\n\t<meta property=\"og:image:width\" content=\"711\" \/>\n\t<meta property=\"og:image:height\" content=\"337\" \/>\n\t<meta property=\"og:image:type\" content=\"image\/jpeg\" \/>\n<meta name=\"author\" content=\"tbrmedia\" \/>\n<meta name=\"twitter:card\" content=\"summary_large_image\" \/>\n<meta name=\"twitter:creator\" content=\"@finnhandball\" \/>\n<meta name=\"twitter:site\" content=\"@finnhandball\" \/>\n<script type=\"application\/ld+json\" class=\"yoast-schema-graph\">{\"@context\":\"https:\\\/\\\/schema.org\",\"@graph\":[{\"@type\":\"Article\",\"@id\":\"https:\\\/\\\/aktialiiga.fi\\\/miehet\\\/2019-2020\\\/ottelut-2019-2020\\\/grifk-nousi-tarkeaan-voittoon-aifksta\\\/#article\",\"isPartOf\":{\"@id\":\"https:\\\/\\\/aktialiiga.fi\\\/miehet\\\/2019-2020\\\/ottelut-2019-2020\\\/grifk-nousi-tarkeaan-voittoon-aifksta\\\/\"},\"author\":{\"name\":\"tbrmedia\",\"@id\":\"https:\\\/\\\/aktialiiga.fi\\\/miehet\\\/#\\\/schema\\\/person\\\/c14bf42f47041db74603c45afcb18d87\"},\"headline\":\"GrIFK nousi t\u00e4rke\u00e4\u00e4n voittoon \u00c5IFK:sta\",\"datePublished\":\"2020-02-12T19:10:12+00:00\",\"dateModified\":\"2020-02-12T20:37:16+00:00\",\"mainEntityOfPage\":{\"@id\":\"https:\\\/\\\/aktialiiga.fi\\\/miehet\\\/2019-2020\\\/ottelut-2019-2020\\\/grifk-nousi-tarkeaan-voittoon-aifksta\\\/\"},\"wordCount\":352,\"publisher\":{\"@id\":\"https:\\\/\\\/aktialiiga.fi\\\/miehet\\\/#organization\"},\"image\":{\"@id\":\"https:\\\/\\\/aktialiiga.fi\\\/miehet\\\/2019-2020\\\/ottelut-2019-2020\\\/grifk-nousi-tarkeaan-voittoon-aifksta\\\/#primaryimage\"},\"thumbnailUrl\":\"https:\\\/\\\/i0.wp.com\\\/aktialiiga.fi\\\/miehet\\\/wp-content\\\/uploads\\\/sites\\\/5\\\/2020\\\/02\\\/GrIFK_Almark_Jonathan_1920.jpg?fit=711%2C337&ssl=1\",\"keywords\":[\"\u00c5IFK\",\"GrIFK\"],\"articleSection\":[\"Ottelut\"],\"inLanguage\":\"fi\"},{\"@type\":\"WebPage\",\"@id\":\"https:\\\/\\\/aktialiiga.fi\\\/miehet\\\/2019-2020\\\/ottelut-2019-2020\\\/grifk-nousi-tarkeaan-voittoon-aifksta\\\/\",\"url\":\"https:\\\/\\\/aktialiiga.fi\\\/miehet\\\/2019-2020\\\/ottelut-2019-2020\\\/grifk-nousi-tarkeaan-voittoon-aifksta\\\/\",\"name\":\"GrIFK nousi t\u00e4rke\u00e4\u00e4n voittoon \u00c5IFK:sta | K\u00e4sipallon miesten Aktialiiga\",\"isPartOf\":{\"@id\":\"https:\\\/\\\/aktialiiga.fi\\\/miehet\\\/#website\"},\"primaryImageOfPage\":{\"@id\":\"https:\\\/\\\/aktialiiga.fi\\\/miehet\\\/2019-2020\\\/ottelut-2019-2020\\\/grifk-nousi-tarkeaan-voittoon-aifksta\\\/#primaryimage\"},\"image\":{\"@id\":\"https:\\\/\\\/aktialiiga.fi\\\/miehet\\\/2019-2020\\\/ottelut-2019-2020\\\/grifk-nousi-tarkeaan-voittoon-aifksta\\\/#primaryimage\"},\"thumbnailUrl\":\"https:\\\/\\\/i0.wp.com\\\/aktialiiga.fi\\\/miehet\\\/wp-content\\\/uploads\\\/sites\\\/5\\\/2020\\\/02\\\/GrIFK_Almark_Jonathan_1920.jpg?fit=711%2C337&ssl=1\",\"datePublished\":\"2020-02-12T19:10:12+00:00\",\"dateModified\":\"2020-02-12T20:37:16+00:00\",\"breadcrumb\":{\"@id\":\"https:\\\/\\\/aktialiiga.fi\\\/miehet\\\/2019-2020\\\/ottelut-2019-2020\\\/grifk-nousi-tarkeaan-voittoon-aifksta\\\/#breadcrumb\"},\"inLanguage\":\"fi\",\"potentialAction\":[{\"@type\":\"ReadAction\",\"target\":[\"https:\\\/\\\/aktialiiga.fi\\\/miehet\\\/2019-2020\\\/ottelut-2019-2020\\\/grifk-nousi-tarkeaan-voittoon-aifksta\\\/\"]}]},{\"@type\":\"ImageObject\",\"inLanguage\":\"fi\",\"@id\":\"https:\\\/\\\/aktialiiga.fi\\\/miehet\\\/2019-2020\\\/ottelut-2019-2020\\\/grifk-nousi-tarkeaan-voittoon-aifksta\\\/#primaryimage\",\"url\":\"https:\\\/\\\/i0.wp.com\\\/aktialiiga.fi\\\/miehet\\\/wp-content\\\/uploads\\\/sites\\\/5\\\/2020\\\/02\\\/GrIFK_Almark_Jonathan_1920.jpg?fit=711%2C337&ssl=1\",\"contentUrl\":\"https:\\\/\\\/i0.wp.com\\\/aktialiiga.fi\\\/miehet\\\/wp-content\\\/uploads\\\/sites\\\/5\\\/2020\\\/02\\\/GrIFK_Almark_Jonathan_1920.jpg?fit=711%2C337&ssl=1\",\"width\":711,\"height\":337},{\"@type\":\"BreadcrumbList\",\"@id\":\"https:\\\/\\\/aktialiiga.fi\\\/miehet\\\/2019-2020\\\/ottelut-2019-2020\\\/grifk-nousi-tarkeaan-voittoon-aifksta\\\/#breadcrumb\",\"itemListElement\":[{\"@type\":\"ListItem\",\"position\":1,\"name\":\"Etusivu\",\"item\":\"https:\\\/\\\/aktialiiga.fi\\\/miehet\\\/\"},{\"@type\":\"ListItem\",\"position\":2,\"name\":\"GrIFK nousi t\u00e4rke\u00e4\u00e4n voittoon \u00c5IFK:sta\"}]},{\"@type\":\"WebSite\",\"@id\":\"https:\\\/\\\/aktialiiga.fi\\\/miehet\\\/#website\",\"url\":\"https:\\\/\\\/aktialiiga.fi\\\/miehet\\\/\",\"name\":\"K\u00e4sipallon miesten Aktialiiga\",\"description\":\"Valtakunnan vauhdikkainta palloilua!\",\"publisher\":{\"@id\":\"https:\\\/\\\/aktialiiga.fi\\\/miehet\\\/#organization\"},\"potentialAction\":[{\"@type\":\"SearchAction\",\"target\":{\"@type\":\"EntryPoint\",\"urlTemplate\":\"https:\\\/\\\/aktialiiga.fi\\\/miehet\\\/?s={search_term_string}\"},\"query-input\":{\"@type\":\"PropertyValueSpecification\",\"valueRequired\":true,\"valueName\":\"search_term_string\"}}],\"inLanguage\":\"fi\"},{\"@type\":\"Organization\",\"@id\":\"https:\\\/\\\/aktialiiga.fi\\\/miehet\\\/#organization\",\"name\":\"K\u00e4sipallon miesten Aktialiiga\",\"url\":\"https:\\\/\\\/aktialiiga.fi\\\/miehet\\\/\",\"logo\":{\"@type\":\"ImageObject\",\"inLanguage\":\"fi\",\"@id\":\"https:\\\/\\\/aktialiiga.fi\\\/miehet\\\/#\\\/schema\\\/logo\\\/image\\\/\",\"url\":\"https:\\\/\\\/i0.wp.com\\\/aktialiiga.fi\\\/miehet\\\/wp-content\\\/uploads\\\/sites\\\/5\\\/2024\\\/09\\\/Aktialiiga-Yoast-512.png?fit=512%2C512&ssl=1\",\"contentUrl\":\"https:\\\/\\\/i0.wp.com\\\/aktialiiga.fi\\\/miehet\\\/wp-content\\\/uploads\\\/sites\\\/5\\\/2024\\\/09\\\/Aktialiiga-Yoast-512.png?fit=512%2C512&ssl=1\",\"width\":512,\"height\":512,\"caption\":\"K\u00e4sipallon miesten Aktialiiga\"},\"image\":{\"@id\":\"https:\\\/\\\/aktialiiga.fi\\\/miehet\\\/#\\\/schema\\\/logo\\\/image\\\/\"},\"sameAs\":[\"https:\\\/\\\/www.facebook.com\\\/finnhandball\",\"https:\\\/\\\/x.com\\\/finnhandball\",\"https:\\\/\\\/www.instagram.com\\\/handballfinland\\\/\"]},{\"@type\":\"Person\",\"@id\":\"https:\\\/\\\/aktialiiga.fi\\\/miehet\\\/#\\\/schema\\\/person\\\/c14bf42f47041db74603c45afcb18d87\",\"name\":\"tbrmedia\",\"image\":{\"@type\":\"ImageObject\",\"inLanguage\":\"fi\",\"@id\":\"https:\\\/\\\/secure.gravatar.com\\\/avatar\\\/ee975fa091fe581d12b60debb3439022686618368a7c142044c56724d4666b16?s=96&d=mm&r=g\",\"url\":\"https:\\\/\\\/secure.gravatar.com\\\/avatar\\\/ee975fa091fe581d12b60debb3439022686618368a7c142044c56724d4666b16?s=96&d=mm&r=g\",\"contentUrl\":\"https:\\\/\\\/secure.gravatar.com\\\/avatar\\\/ee975fa091fe581d12b60debb3439022686618368a7c142044c56724d4666b16?s=96&d=mm&r=g\",\"caption\":\"tbrmedia\"}}]}<\/script>\n<!-- \/ Yoast SEO plugin. -->","yoast_head_json":{"title":"GrIFK nousi t\u00e4rke\u00e4\u00e4n voittoon \u00c5IFK:sta | K\u00e4sipallon miesten Aktialiiga","robots":{"index":"index","follow":"follow","max-snippet":"max-snippet:-1","max-image-preview":"max-image-preview:large","max-video-preview":"max-video-preview:-1"},"canonical":"https:\/\/aktialiiga.fi\/miehet\/2019-2020\/ottelut-2019-2020\/grifk-nousi-tarkeaan-voittoon-aifksta\/","og_locale":"fi_FI","og_type":"article","og_title":"GrIFK nousi t\u00e4rke\u00e4\u00e4n voittoon \u00c5IFK:sta | K\u00e4sipallon miesten Aktialiiga","og_description":"GrIFK:n vahva loppuveto toi joukkueelle voiton \u00c5IFK:sta ja samalla runkosarjan kuudennen sijan \u00e4\u00e4rimm\u00e4isen niukalla erolla. Kotijoukkue GrIFK avasi ottelun ter\u00e4v\u00e4mmin, mutta vieraat p\u00e4\u00e4siv\u00e4t pian peliin mukaan. Avausjaksoa edettiin t\u00e4m\u00e4n j\u00e4lkeen kaikkineen tasaisesti ja tauolla eroa oli \u00c5IFK:n eduksi yksi maali. My\u00f6s toisen jakson alku oli tasainen, kunnes \u00c5IFK hivuttautui nelj\u00e4n maalin johtoon. T\u00e4t\u00e4 seuraavat minuutit [&hellip;]","og_url":"https:\/\/aktialiiga.fi\/miehet\/2019-2020\/ottelut-2019-2020\/grifk-nousi-tarkeaan-voittoon-aifksta\/","og_site_name":"K\u00e4sipallon miesten Aktialiiga","article_publisher":"https:\/\/www.facebook.com\/finnhandball","article_published_time":"2020-02-12T19:10:12+00:00","article_modified_time":"2020-02-12T20:37:16+00:00","og_image":[{"width":711,"height":337,"url":"https:\/\/i0.wp.com\/aktialiiga.fi\/miehet\/wp-content\/uploads\/sites\/5\/2020\/02\/GrIFK_Almark_Jonathan_1920.jpg?fit=711%2C337&ssl=1","type":"image\/jpeg"}],"author":"tbrmedia","twitter_card":"summary_large_image","twitter_creator":"@finnhandball","twitter_site":"@finnhandball","schema":{"@context":"https:\/\/schema.org","@graph":[{"@type":"Article","@id":"https:\/\/aktialiiga.fi\/miehet\/2019-2020\/ottelut-2019-2020\/grifk-nousi-tarkeaan-voittoon-aifksta\/#article","isPartOf":{"@id":"https:\/\/aktialiiga.fi\/miehet\/2019-2020\/ottelut-2019-2020\/grifk-nousi-tarkeaan-voittoon-aifksta\/"},"author":{"name":"tbrmedia","@id":"https:\/\/aktialiiga.fi\/miehet\/#\/schema\/person\/c14bf42f47041db74603c45afcb18d87"},"headline":"GrIFK nousi t\u00e4rke\u00e4\u00e4n voittoon \u00c5IFK:sta","datePublished":"2020-02-12T19:10:12+00:00","dateModified":"2020-02-12T20:37:16+00:00","mainEntityOfPage":{"@id":"https:\/\/aktialiiga.fi\/miehet\/2019-2020\/ottelut-2019-2020\/grifk-nousi-tarkeaan-voittoon-aifksta\/"},"wordCount":352,"publisher":{"@id":"https:\/\/aktialiiga.fi\/miehet\/#organization"},"image":{"@id":"https:\/\/aktialiiga.fi\/miehet\/2019-2020\/ottelut-2019-2020\/grifk-nousi-tarkeaan-voittoon-aifksta\/#primaryimage"},"thumbnailUrl":"https:\/\/i0.wp.com\/aktialiiga.fi\/miehet\/wp-content\/uploads\/sites\/5\/2020\/02\/GrIFK_Almark_Jonathan_1920.jpg?fit=711%2C337&ssl=1","keywords":["\u00c5IFK","GrIFK"],"articleSection":["Ottelut"],"inLanguage":"fi"},{"@type":"WebPage","@id":"https:\/\/aktialiiga.fi\/miehet\/2019-2020\/ottelut-2019-2020\/grifk-nousi-tarkeaan-voittoon-aifksta\/","url":"https:\/\/aktialiiga.fi\/miehet\/2019-2020\/ottelut-2019-2020\/grifk-nousi-tarkeaan-voittoon-aifksta\/","name":"GrIFK nousi t\u00e4rke\u00e4\u00e4n voittoon \u00c5IFK:sta | K\u00e4sipallon miesten Aktialiiga","isPartOf":{"@id":"https:\/\/aktialiiga.fi\/miehet\/#website"},"primaryImageOfPage":{"@id":"https:\/\/aktialiiga.fi\/miehet\/2019-2020\/ottelut-2019-2020\/grifk-nousi-tarkeaan-voittoon-aifksta\/#primaryimage"},"image":{"@id":"https:\/\/aktialiiga.fi\/miehet\/2019-2020\/ottelut-2019-2020\/grifk-nousi-tarkeaan-voittoon-aifksta\/#primaryimage"},"thumbnailUrl":"https:\/\/i0.wp.com\/aktialiiga.fi\/miehet\/wp-content\/uploads\/sites\/5\/2020\/02\/GrIFK_Almark_Jonathan_1920.jpg?fit=711%2C337&ssl=1","datePublished":"2020-02-12T19:10:12+00:00","dateModified":"2020-02-12T20:37:16+00:00","breadcrumb":{"@id":"https:\/\/aktialiiga.fi\/miehet\/2019-2020\/ottelut-2019-2020\/grifk-nousi-tarkeaan-voittoon-aifksta\/#breadcrumb"},"inLanguage":"fi","potentialAction":[{"@type":"ReadAction","target":["https:\/\/aktialiiga.fi\/miehet\/2019-2020\/ottelut-2019-2020\/grifk-nousi-tarkeaan-voittoon-aifksta\/"]}]},{"@type":"ImageObject","inLanguage":"fi","@id":"https:\/\/aktialiiga.fi\/miehet\/2019-2020\/ottelut-2019-2020\/grifk-nousi-tarkeaan-voittoon-aifksta\/#primaryimage","url":"https:\/\/i0.wp.com\/aktialiiga.fi\/miehet\/wp-content\/uploads\/sites\/5\/2020\/02\/GrIFK_Almark_Jonathan_1920.jpg?fit=711%2C337&ssl=1","contentUrl":"https:\/\/i0.wp.com\/aktialiiga.fi\/miehet\/wp-content\/uploads\/sites\/5\/2020\/02\/GrIFK_Almark_Jonathan_1920.jpg?fit=711%2C337&ssl=1","width":711,"height":337},{"@type":"BreadcrumbList","@id":"https:\/\/aktialiiga.fi\/miehet\/2019-2020\/ottelut-2019-2020\/grifk-nousi-tarkeaan-voittoon-aifksta\/#breadcrumb","itemListElement":[{"@type":"ListItem","position":1,"name":"Etusivu","item":"https:\/\/aktialiiga.fi\/miehet\/"},{"@type":"ListItem","position":2,"name":"GrIFK nousi t\u00e4rke\u00e4\u00e4n voittoon \u00c5IFK:sta"}]},{"@type":"WebSite","@id":"https:\/\/aktialiiga.fi\/miehet\/#website","url":"https:\/\/aktialiiga.fi\/miehet\/","name":"K\u00e4sipallon miesten Aktialiiga","description":"Valtakunnan vauhdikkainta palloilua!","publisher":{"@id":"https:\/\/aktialiiga.fi\/miehet\/#organization"},"potentialAction":[{"@type":"SearchAction","target":{"@type":"EntryPoint","urlTemplate":"https:\/\/aktialiiga.fi\/miehet\/?s={search_term_string}"},"query-input":{"@type":"PropertyValueSpecification","valueRequired":true,"valueName":"search_term_string"}}],"inLanguage":"fi"},{"@type":"Organization","@id":"https:\/\/aktialiiga.fi\/miehet\/#organization","name":"K\u00e4sipallon miesten Aktialiiga","url":"https:\/\/aktialiiga.fi\/miehet\/","logo":{"@type":"ImageObject","inLanguage":"fi","@id":"https:\/\/aktialiiga.fi\/miehet\/#\/schema\/logo\/image\/","url":"https:\/\/i0.wp.com\/aktialiiga.fi\/miehet\/wp-content\/uploads\/sites\/5\/2024\/09\/Aktialiiga-Yoast-512.png?fit=512%2C512&ssl=1","contentUrl":"https:\/\/i0.wp.com\/aktialiiga.fi\/miehet\/wp-content\/uploads\/sites\/5\/2024\/09\/Aktialiiga-Yoast-512.png?fit=512%2C512&ssl=1","width":512,"height":512,"caption":"K\u00e4sipallon miesten Aktialiiga"},"image":{"@id":"https:\/\/aktialiiga.fi\/miehet\/#\/schema\/logo\/image\/"},"sameAs":["https:\/\/www.facebook.com\/finnhandball","https:\/\/x.com\/finnhandball","https:\/\/www.instagram.com\/handballfinland\/"]},{"@type":"Person","@id":"https:\/\/aktialiiga.fi\/miehet\/#\/schema\/person\/c14bf42f47041db74603c45afcb18d87","name":"tbrmedia","image":{"@type":"ImageObject","inLanguage":"fi","@id":"https:\/\/secure.gravatar.com\/avatar\/ee975fa091fe581d12b60debb3439022686618368a7c142044c56724d4666b16?s=96&d=mm&r=g","url":"https:\/\/secure.gravatar.com\/avatar\/ee975fa091fe581d12b60debb3439022686618368a7c142044c56724d4666b16?s=96&d=mm&r=g","contentUrl":"https:\/\/secure.gravatar.com\/avatar\/ee975fa091fe581d12b60debb3439022686618368a7c142044c56724d4666b16?s=96&d=mm&r=g","caption":"tbrmedia"}}]}},"jetpack_featured_media_url":"https:\/\/i0.wp.com\/aktialiiga.fi\/miehet\/wp-content\/uploads\/sites\/5\/2020\/02\/GrIFK_Almark_Jonathan_1920.jpg?fit=711%2C337&ssl=1","jetpack_sharing_enabled":true,"jetpack_shortlink":"https:\/\/wp.me\/pfTxOr-6w1","_links":{"self":[{"href":"https:\/\/aktialiiga.fi\/miehet\/wp-json\/wp\/v2\/posts\/25049","targetHints":{"allow":["GET"]}}],"collection":[{"href":"https:\/\/aktialiiga.fi\/miehet\/wp-json\/wp\/v2\/posts"}],"about":[{"href":"https:\/\/aktialiiga.fi\/miehet\/wp-json\/wp\/v2\/types\/post"}],"author":[{"embeddable":true,"href":"https:\/\/aktialiiga.fi\/miehet\/wp-json\/wp\/v2\/users\/13"}],"replies":[{"embeddable":true,"href":"https:\/\/aktialiiga.fi\/miehet\/wp-json\/wp\/v2\/comments?post=25049"}],"version-history":[{"count":0,"href":"https:\/\/aktialiiga.fi\/miehet\/wp-json\/wp\/v2\/posts\/25049\/revisions"}],"wp:featuredmedia":[{"embeddable":true,"href":"https:\/\/aktialiiga.fi\/miehet\/wp-json\/wp\/v2\/media\/25068"}],"wp:attachment":[{"href":"https:\/\/aktialiiga.fi\/miehet\/wp-json\/wp\/v2\/media?parent=25049"}],"wp:term":[{"taxonomy":"category","embeddable":true,"href":"https:\/\/aktialiiga.fi\/miehet\/wp-json\/wp\/v2\/categories?post=25049"},{"taxonomy":"post_tag","embeddable":true,"href":"https:\/\/aktialiiga.fi\/miehet\/wp-json\/wp\/v2\/tags?post=25049"}],"curies":[{"name":"wp","href":"https:\/\/api.w.org\/{rel}","templated":true}]}}