{"id":25176,"date":"2020-02-28T14:23:43","date_gmt":"2020-02-28T12:23:43","guid":{"rendered":"https:\/\/aktialiiga.fi\/miehet\/?p=25176"},"modified":"2020-02-28T14:23:43","modified_gmt":"2020-02-28T12:23:43","slug":"taysi-kierros-jatkosarjoissa-karkauspaivana","status":"publish","type":"post","link":"https:\/\/aktialiiga.fi\/miehet\/2019-2020\/ennakot-2019-2020\/taysi-kierros-jatkosarjoissa-karkauspaivana\/","title":{"rendered":"T\u00e4ysi kierros jatkosarjoissa karkausp\u00e4iv\u00e4n\u00e4"},"content":{"rendered":"<p>SM-liigan helmikuu saadaan p\u00e4\u00e4t\u00f6kseen karkausp\u00e4iv\u00e4n\u00e4 lauantaina 29.2., kun sek\u00e4 ylemm\u00e4ss\u00e4 ett\u00e4 alemmassa jatkosarjassa pelataan kolmas ottelukierros.<\/p>\n<p>P\u00e4\u00e4valmentajaa vaihtanut Cocks matkaa Kaj Kekin johdolla lauantaina SIF:n vieraaksi ja l\u00e4htee kiillottamaan kilpe\u00e4\u00e4n viikolla Dickenille k\u00e4rsim\u00e4ns\u00e4 kotitappion j\u00e4lkeen. SIF puolestaan on avannut jatkosarjan kahdella tappiolla.<\/p>\n<p>&#8211; Ennen kaikkea kyse on siit\u00e4, ett\u00e4 kokonaisesityksemme pit\u00e4\u00e4 olla parempi. Notkahduksia ei saa tulla n\u00e4it\u00e4 joukkueita vastaan, SIF:n kakkosvalmentaja Marcus Sj\u00f6stedt totesi V\u00e4stra Nylandissa.<\/p>\n<p>Alemman jatkosarjan k\u00e4rkeen kiilannut GrIFK haki viikolla t\u00e4rke\u00e4n voiton \u00c5IFK:sta ja Mikael K\u00e4llmanin suojattien itseluottamus kasvaa silmiss\u00e4. Nyt vastaan asettuu HIFK, joka on yll\u00e4tt\u00e4en j\u00e4\u00e4nyt pisteitt\u00e4 kahdessa jatkosarjan avausottelussaan. HIFK oli runkosarjassa Granille vaikea vastus ja mursi my\u00f6s todella pitk\u00e4n kirouksen hakemalla historian ensimm\u00e4isen voittonsa Kauniaisista. Asetelmat ovat nyt kuitenkin toiset ja voitto veisi Granin jo l\u00e4helle puoliv\u00e4lieri\u00e4.<\/p>\n<p>Alemman jatkosarjan toisessa ottelussa kohtaavat Varsinais-Suomen derbyss\u00e4 PIF ja \u00c5IFK. \u00c5IFK on ollut kauden kohtaamisissa niskan p\u00e4\u00e4ll\u00e4, mutta PIF sai lis\u00e4\u00e4 uskoa otettuaan HIFK:sta maanantaina kauden avausvoittonsa.<\/p>\n<p>Ylemm\u00e4n jatkosarjan k\u00e4rkipaikkaa hallussaan pit\u00e4v\u00e4 Dicken is\u00e4nn\u00f6i lauantain viimeisess\u00e4 ottelussa pisteen per\u00e4ss\u00e4\u00e4n olevaa BK-46:tta, joten ykk\u00f6ssijan kannalta ottelussa riitt\u00e4\u00e4 panoksia. BK:n osalta ik\u00e4vi\u00e4 uutisia tuli, kun Cocks ottelussa jalkansa loukannut Robin Sj\u00f6man on sivussa useamman viikon.<\/p>\n<p>&#8211; On selv\u00e4\u00e4, ett\u00e4 h\u00e4n j\u00e4tt\u00e4\u00e4 aukon ennen kaikkea puolustukseen. Yksi vaihtoehto on nyt poissa, BK-luotsi Andreas R\u00f6nnberg mietti.<\/p>\n<p><strong>SM-liigan jatkosarjat lauantaina 29.2.:<\/strong><br \/>\n15.00 SIF \u2013 Cocks<br \/>\n15.00 GrIFK \u2013 HIFK<br \/>\n15.30 PIF \u2013 \u00c5IFK<br \/>\n16.15 Dicken \u2013 BK-46<\/p>\n<p>Kaikki kauden SM-liigaottelut suorina l\u00e4hetyksin\u00e4 <a href=\"https:\/\/solidsport.com\/handisliiga\/news\/Katso-handisliigaa\">SolidSportilla<\/a>.<\/p>\n","protected":false},"excerpt":{"rendered":"<p>SM-liigan helmikuu saadaan p\u00e4\u00e4t\u00f6kseen karkausp\u00e4iv\u00e4n\u00e4 lauantaina 29.2., kun sek\u00e4 ylemm\u00e4ss\u00e4 ett\u00e4 alemmassa jatkosarjassa pelataan kolmas ottelukierros. P\u00e4\u00e4valmentajaa vaihtanut Cocks matkaa Kaj Kekin johdolla lauantaina SIF:n vieraaksi ja l\u00e4htee kiillottamaan kilpe\u00e4\u00e4n viikolla Dickenille k\u00e4rsim\u00e4ns\u00e4 kotitappion j\u00e4lkeen. SIF puolestaan on avannut jatkosarjan kahdella tappiolla. &#8211; Ennen kaikkea kyse on siit\u00e4, ett\u00e4 kokonaisesityksemme pit\u00e4\u00e4 olla parempi. Notkahduksia ei [&hellip;]<\/p>\n","protected":false},"author":13,"featured_media":24298,"comment_status":"closed","ping_status":"closed","sticky":false,"template":"","format":"standard","meta":{"_acf_changed":false,"jetpack_post_was_ever_published":false,"_jetpack_newsletter_access":"","_jetpack_dont_email_post_to_subs":false,"_jetpack_newsletter_tier_id":0,"_jetpack_memberships_contains_paywalled_content":false,"_jetpack_memberships_contains_paid_content":false,"footnotes":""},"categories":[227],"tags":[50,56,57,58,64,71,98,111],"class_list":["post-25176","post","type-post","status-publish","format-standard","has-post-thumbnail","hentry","category-ennakot-2019-2020","tag-aifk","tag-bk-46","tag-cocks","tag-dicken","tag-grifk","tag-hifk","tag-pif","tag-sif"],"acf":[],"yoast_head":"<!-- This site is optimized with the Yoast SEO plugin v27.4 - https:\/\/yoast.com\/product\/yoast-seo-wordpress\/ -->\n<title>T\u00e4ysi kierros jatkosarjoissa karkausp\u00e4iv\u00e4n\u00e4 | K\u00e4sipallon miesten Aktialiiga<\/title>\n<meta name=\"robots\" content=\"index, follow, max-snippet:-1, max-image-preview:large, max-video-preview:-1\" \/>\n<link rel=\"canonical\" href=\"https:\/\/aktialiiga.fi\/miehet\/2019-2020\/ennakot-2019-2020\/taysi-kierros-jatkosarjoissa-karkauspaivana\/\" \/>\n<meta property=\"og:locale\" content=\"fi_FI\" \/>\n<meta property=\"og:type\" content=\"article\" \/>\n<meta property=\"og:title\" content=\"T\u00e4ysi kierros jatkosarjoissa karkausp\u00e4iv\u00e4n\u00e4 | K\u00e4sipallon miesten Aktialiiga\" \/>\n<meta property=\"og:description\" content=\"SM-liigan helmikuu saadaan p\u00e4\u00e4t\u00f6kseen karkausp\u00e4iv\u00e4n\u00e4 lauantaina 29.2., kun sek\u00e4 ylemm\u00e4ss\u00e4 ett\u00e4 alemmassa jatkosarjassa pelataan kolmas ottelukierros. P\u00e4\u00e4valmentajaa vaihtanut Cocks matkaa Kaj Kekin johdolla lauantaina SIF:n vieraaksi ja l\u00e4htee kiillottamaan kilpe\u00e4\u00e4n viikolla Dickenille k\u00e4rsim\u00e4ns\u00e4 kotitappion j\u00e4lkeen. SIF puolestaan on avannut jatkosarjan kahdella tappiolla. &#8211; Ennen kaikkea kyse on siit\u00e4, ett\u00e4 kokonaisesityksemme pit\u00e4\u00e4 olla parempi. Notkahduksia ei [&hellip;]\" \/>\n<meta property=\"og:url\" content=\"https:\/\/aktialiiga.fi\/miehet\/2019-2020\/ennakot-2019-2020\/taysi-kierros-jatkosarjoissa-karkauspaivana\/\" \/>\n<meta property=\"og:site_name\" content=\"K\u00e4sipallon miesten Aktialiiga\" \/>\n<meta property=\"article:publisher\" content=\"https:\/\/www.facebook.com\/finnhandball\" \/>\n<meta property=\"article:published_time\" content=\"2020-02-28T12:23:43+00:00\" \/>\n<meta property=\"og:image\" content=\"https:\/\/i0.wp.com\/aktialiiga.fi\/miehet\/wp-content\/uploads\/sites\/5\/2019\/10\/Stankevicius_Tadas_Dicken_1920.jpg?fit=711%2C330&ssl=1\" \/>\n\t<meta property=\"og:image:width\" content=\"711\" \/>\n\t<meta property=\"og:image:height\" content=\"330\" \/>\n\t<meta property=\"og:image:type\" content=\"image\/jpeg\" \/>\n<meta name=\"author\" content=\"tbrmedia\" \/>\n<meta name=\"twitter:card\" content=\"summary_large_image\" \/>\n<meta name=\"twitter:creator\" content=\"@finnhandball\" \/>\n<meta name=\"twitter:site\" content=\"@finnhandball\" \/>\n<script type=\"application\/ld+json\" class=\"yoast-schema-graph\">{\"@context\":\"https:\\\/\\\/schema.org\",\"@graph\":[{\"@type\":\"Article\",\"@id\":\"https:\\\/\\\/aktialiiga.fi\\\/miehet\\\/2019-2020\\\/ennakot-2019-2020\\\/taysi-kierros-jatkosarjoissa-karkauspaivana\\\/#article\",\"isPartOf\":{\"@id\":\"https:\\\/\\\/aktialiiga.fi\\\/miehet\\\/2019-2020\\\/ennakot-2019-2020\\\/taysi-kierros-jatkosarjoissa-karkauspaivana\\\/\"},\"author\":{\"name\":\"tbrmedia\",\"@id\":\"https:\\\/\\\/aktialiiga.fi\\\/miehet\\\/#\\\/schema\\\/person\\\/c14bf42f47041db74603c45afcb18d87\"},\"headline\":\"T\u00e4ysi kierros jatkosarjoissa karkausp\u00e4iv\u00e4n\u00e4\",\"datePublished\":\"2020-02-28T12:23:43+00:00\",\"mainEntityOfPage\":{\"@id\":\"https:\\\/\\\/aktialiiga.fi\\\/miehet\\\/2019-2020\\\/ennakot-2019-2020\\\/taysi-kierros-jatkosarjoissa-karkauspaivana\\\/\"},\"wordCount\":277,\"publisher\":{\"@id\":\"https:\\\/\\\/aktialiiga.fi\\\/miehet\\\/#organization\"},\"image\":{\"@id\":\"https:\\\/\\\/aktialiiga.fi\\\/miehet\\\/2019-2020\\\/ennakot-2019-2020\\\/taysi-kierros-jatkosarjoissa-karkauspaivana\\\/#primaryimage\"},\"thumbnailUrl\":\"https:\\\/\\\/i0.wp.com\\\/aktialiiga.fi\\\/miehet\\\/wp-content\\\/uploads\\\/sites\\\/5\\\/2019\\\/10\\\/Stankevicius_Tadas_Dicken_1920.jpg?fit=711%2C330&ssl=1\",\"keywords\":[\"\u00c5IFK\",\"BK-46\",\"Cocks\",\"Dicken\",\"GrIFK\",\"HIFK\",\"PIF\",\"SIF\"],\"articleSection\":[\"Ennakot\"],\"inLanguage\":\"fi\"},{\"@type\":\"WebPage\",\"@id\":\"https:\\\/\\\/aktialiiga.fi\\\/miehet\\\/2019-2020\\\/ennakot-2019-2020\\\/taysi-kierros-jatkosarjoissa-karkauspaivana\\\/\",\"url\":\"https:\\\/\\\/aktialiiga.fi\\\/miehet\\\/2019-2020\\\/ennakot-2019-2020\\\/taysi-kierros-jatkosarjoissa-karkauspaivana\\\/\",\"name\":\"T\u00e4ysi kierros jatkosarjoissa karkausp\u00e4iv\u00e4n\u00e4 | K\u00e4sipallon miesten Aktialiiga\",\"isPartOf\":{\"@id\":\"https:\\\/\\\/aktialiiga.fi\\\/miehet\\\/#website\"},\"primaryImageOfPage\":{\"@id\":\"https:\\\/\\\/aktialiiga.fi\\\/miehet\\\/2019-2020\\\/ennakot-2019-2020\\\/taysi-kierros-jatkosarjoissa-karkauspaivana\\\/#primaryimage\"},\"image\":{\"@id\":\"https:\\\/\\\/aktialiiga.fi\\\/miehet\\\/2019-2020\\\/ennakot-2019-2020\\\/taysi-kierros-jatkosarjoissa-karkauspaivana\\\/#primaryimage\"},\"thumbnailUrl\":\"https:\\\/\\\/i0.wp.com\\\/aktialiiga.fi\\\/miehet\\\/wp-content\\\/uploads\\\/sites\\\/5\\\/2019\\\/10\\\/Stankevicius_Tadas_Dicken_1920.jpg?fit=711%2C330&ssl=1\",\"datePublished\":\"2020-02-28T12:23:43+00:00\",\"breadcrumb\":{\"@id\":\"https:\\\/\\\/aktialiiga.fi\\\/miehet\\\/2019-2020\\\/ennakot-2019-2020\\\/taysi-kierros-jatkosarjoissa-karkauspaivana\\\/#breadcrumb\"},\"inLanguage\":\"fi\",\"potentialAction\":[{\"@type\":\"ReadAction\",\"target\":[\"https:\\\/\\\/aktialiiga.fi\\\/miehet\\\/2019-2020\\\/ennakot-2019-2020\\\/taysi-kierros-jatkosarjoissa-karkauspaivana\\\/\"]}]},{\"@type\":\"ImageObject\",\"inLanguage\":\"fi\",\"@id\":\"https:\\\/\\\/aktialiiga.fi\\\/miehet\\\/2019-2020\\\/ennakot-2019-2020\\\/taysi-kierros-jatkosarjoissa-karkauspaivana\\\/#primaryimage\",\"url\":\"https:\\\/\\\/i0.wp.com\\\/aktialiiga.fi\\\/miehet\\\/wp-content\\\/uploads\\\/sites\\\/5\\\/2019\\\/10\\\/Stankevicius_Tadas_Dicken_1920.jpg?fit=711%2C330&ssl=1\",\"contentUrl\":\"https:\\\/\\\/i0.wp.com\\\/aktialiiga.fi\\\/miehet\\\/wp-content\\\/uploads\\\/sites\\\/5\\\/2019\\\/10\\\/Stankevicius_Tadas_Dicken_1920.jpg?fit=711%2C330&ssl=1\",\"width\":711,\"height\":330},{\"@type\":\"BreadcrumbList\",\"@id\":\"https:\\\/\\\/aktialiiga.fi\\\/miehet\\\/2019-2020\\\/ennakot-2019-2020\\\/taysi-kierros-jatkosarjoissa-karkauspaivana\\\/#breadcrumb\",\"itemListElement\":[{\"@type\":\"ListItem\",\"position\":1,\"name\":\"Etusivu\",\"item\":\"https:\\\/\\\/aktialiiga.fi\\\/miehet\\\/\"},{\"@type\":\"ListItem\",\"position\":2,\"name\":\"T\u00e4ysi kierros jatkosarjoissa karkausp\u00e4iv\u00e4n\u00e4\"}]},{\"@type\":\"WebSite\",\"@id\":\"https:\\\/\\\/aktialiiga.fi\\\/miehet\\\/#website\",\"url\":\"https:\\\/\\\/aktialiiga.fi\\\/miehet\\\/\",\"name\":\"K\u00e4sipallon miesten Aktialiiga\",\"description\":\"Valtakunnan vauhdikkainta palloilua!\",\"publisher\":{\"@id\":\"https:\\\/\\\/aktialiiga.fi\\\/miehet\\\/#organization\"},\"potentialAction\":[{\"@type\":\"SearchAction\",\"target\":{\"@type\":\"EntryPoint\",\"urlTemplate\":\"https:\\\/\\\/aktialiiga.fi\\\/miehet\\\/?s={search_term_string}\"},\"query-input\":{\"@type\":\"PropertyValueSpecification\",\"valueRequired\":true,\"valueName\":\"search_term_string\"}}],\"inLanguage\":\"fi\"},{\"@type\":\"Organization\",\"@id\":\"https:\\\/\\\/aktialiiga.fi\\\/miehet\\\/#organization\",\"name\":\"K\u00e4sipallon miesten Aktialiiga\",\"url\":\"https:\\\/\\\/aktialiiga.fi\\\/miehet\\\/\",\"logo\":{\"@type\":\"ImageObject\",\"inLanguage\":\"fi\",\"@id\":\"https:\\\/\\\/aktialiiga.fi\\\/miehet\\\/#\\\/schema\\\/logo\\\/image\\\/\",\"url\":\"https:\\\/\\\/i0.wp.com\\\/aktialiiga.fi\\\/miehet\\\/wp-content\\\/uploads\\\/sites\\\/5\\\/2024\\\/09\\\/Aktialiiga-Yoast-512.png?fit=512%2C512&ssl=1\",\"contentUrl\":\"https:\\\/\\\/i0.wp.com\\\/aktialiiga.fi\\\/miehet\\\/wp-content\\\/uploads\\\/sites\\\/5\\\/2024\\\/09\\\/Aktialiiga-Yoast-512.png?fit=512%2C512&ssl=1\",\"width\":512,\"height\":512,\"caption\":\"K\u00e4sipallon miesten Aktialiiga\"},\"image\":{\"@id\":\"https:\\\/\\\/aktialiiga.fi\\\/miehet\\\/#\\\/schema\\\/logo\\\/image\\\/\"},\"sameAs\":[\"https:\\\/\\\/www.facebook.com\\\/finnhandball\",\"https:\\\/\\\/x.com\\\/finnhandball\",\"https:\\\/\\\/www.instagram.com\\\/handballfinland\\\/\"]},{\"@type\":\"Person\",\"@id\":\"https:\\\/\\\/aktialiiga.fi\\\/miehet\\\/#\\\/schema\\\/person\\\/c14bf42f47041db74603c45afcb18d87\",\"name\":\"tbrmedia\",\"image\":{\"@type\":\"ImageObject\",\"inLanguage\":\"fi\",\"@id\":\"https:\\\/\\\/secure.gravatar.com\\\/avatar\\\/ee975fa091fe581d12b60debb3439022686618368a7c142044c56724d4666b16?s=96&d=mm&r=g\",\"url\":\"https:\\\/\\\/secure.gravatar.com\\\/avatar\\\/ee975fa091fe581d12b60debb3439022686618368a7c142044c56724d4666b16?s=96&d=mm&r=g\",\"contentUrl\":\"https:\\\/\\\/secure.gravatar.com\\\/avatar\\\/ee975fa091fe581d12b60debb3439022686618368a7c142044c56724d4666b16?s=96&d=mm&r=g\",\"caption\":\"tbrmedia\"}}]}<\/script>\n<!-- \/ Yoast SEO plugin. -->","yoast_head_json":{"title":"T\u00e4ysi kierros jatkosarjoissa karkausp\u00e4iv\u00e4n\u00e4 | K\u00e4sipallon miesten Aktialiiga","robots":{"index":"index","follow":"follow","max-snippet":"max-snippet:-1","max-image-preview":"max-image-preview:large","max-video-preview":"max-video-preview:-1"},"canonical":"https:\/\/aktialiiga.fi\/miehet\/2019-2020\/ennakot-2019-2020\/taysi-kierros-jatkosarjoissa-karkauspaivana\/","og_locale":"fi_FI","og_type":"article","og_title":"T\u00e4ysi kierros jatkosarjoissa karkausp\u00e4iv\u00e4n\u00e4 | K\u00e4sipallon miesten Aktialiiga","og_description":"SM-liigan helmikuu saadaan p\u00e4\u00e4t\u00f6kseen karkausp\u00e4iv\u00e4n\u00e4 lauantaina 29.2., kun sek\u00e4 ylemm\u00e4ss\u00e4 ett\u00e4 alemmassa jatkosarjassa pelataan kolmas ottelukierros. P\u00e4\u00e4valmentajaa vaihtanut Cocks matkaa Kaj Kekin johdolla lauantaina SIF:n vieraaksi ja l\u00e4htee kiillottamaan kilpe\u00e4\u00e4n viikolla Dickenille k\u00e4rsim\u00e4ns\u00e4 kotitappion j\u00e4lkeen. SIF puolestaan on avannut jatkosarjan kahdella tappiolla. &#8211; Ennen kaikkea kyse on siit\u00e4, ett\u00e4 kokonaisesityksemme pit\u00e4\u00e4 olla parempi. Notkahduksia ei [&hellip;]","og_url":"https:\/\/aktialiiga.fi\/miehet\/2019-2020\/ennakot-2019-2020\/taysi-kierros-jatkosarjoissa-karkauspaivana\/","og_site_name":"K\u00e4sipallon miesten Aktialiiga","article_publisher":"https:\/\/www.facebook.com\/finnhandball","article_published_time":"2020-02-28T12:23:43+00:00","og_image":[{"width":711,"height":330,"url":"https:\/\/i0.wp.com\/aktialiiga.fi\/miehet\/wp-content\/uploads\/sites\/5\/2019\/10\/Stankevicius_Tadas_Dicken_1920.jpg?fit=711%2C330&ssl=1","type":"image\/jpeg"}],"author":"tbrmedia","twitter_card":"summary_large_image","twitter_creator":"@finnhandball","twitter_site":"@finnhandball","schema":{"@context":"https:\/\/schema.org","@graph":[{"@type":"Article","@id":"https:\/\/aktialiiga.fi\/miehet\/2019-2020\/ennakot-2019-2020\/taysi-kierros-jatkosarjoissa-karkauspaivana\/#article","isPartOf":{"@id":"https:\/\/aktialiiga.fi\/miehet\/2019-2020\/ennakot-2019-2020\/taysi-kierros-jatkosarjoissa-karkauspaivana\/"},"author":{"name":"tbrmedia","@id":"https:\/\/aktialiiga.fi\/miehet\/#\/schema\/person\/c14bf42f47041db74603c45afcb18d87"},"headline":"T\u00e4ysi kierros jatkosarjoissa karkausp\u00e4iv\u00e4n\u00e4","datePublished":"2020-02-28T12:23:43+00:00","mainEntityOfPage":{"@id":"https:\/\/aktialiiga.fi\/miehet\/2019-2020\/ennakot-2019-2020\/taysi-kierros-jatkosarjoissa-karkauspaivana\/"},"wordCount":277,"publisher":{"@id":"https:\/\/aktialiiga.fi\/miehet\/#organization"},"image":{"@id":"https:\/\/aktialiiga.fi\/miehet\/2019-2020\/ennakot-2019-2020\/taysi-kierros-jatkosarjoissa-karkauspaivana\/#primaryimage"},"thumbnailUrl":"https:\/\/i0.wp.com\/aktialiiga.fi\/miehet\/wp-content\/uploads\/sites\/5\/2019\/10\/Stankevicius_Tadas_Dicken_1920.jpg?fit=711%2C330&ssl=1","keywords":["\u00c5IFK","BK-46","Cocks","Dicken","GrIFK","HIFK","PIF","SIF"],"articleSection":["Ennakot"],"inLanguage":"fi"},{"@type":"WebPage","@id":"https:\/\/aktialiiga.fi\/miehet\/2019-2020\/ennakot-2019-2020\/taysi-kierros-jatkosarjoissa-karkauspaivana\/","url":"https:\/\/aktialiiga.fi\/miehet\/2019-2020\/ennakot-2019-2020\/taysi-kierros-jatkosarjoissa-karkauspaivana\/","name":"T\u00e4ysi kierros jatkosarjoissa karkausp\u00e4iv\u00e4n\u00e4 | K\u00e4sipallon miesten Aktialiiga","isPartOf":{"@id":"https:\/\/aktialiiga.fi\/miehet\/#website"},"primaryImageOfPage":{"@id":"https:\/\/aktialiiga.fi\/miehet\/2019-2020\/ennakot-2019-2020\/taysi-kierros-jatkosarjoissa-karkauspaivana\/#primaryimage"},"image":{"@id":"https:\/\/aktialiiga.fi\/miehet\/2019-2020\/ennakot-2019-2020\/taysi-kierros-jatkosarjoissa-karkauspaivana\/#primaryimage"},"thumbnailUrl":"https:\/\/i0.wp.com\/aktialiiga.fi\/miehet\/wp-content\/uploads\/sites\/5\/2019\/10\/Stankevicius_Tadas_Dicken_1920.jpg?fit=711%2C330&ssl=1","datePublished":"2020-02-28T12:23:43+00:00","breadcrumb":{"@id":"https:\/\/aktialiiga.fi\/miehet\/2019-2020\/ennakot-2019-2020\/taysi-kierros-jatkosarjoissa-karkauspaivana\/#breadcrumb"},"inLanguage":"fi","potentialAction":[{"@type":"ReadAction","target":["https:\/\/aktialiiga.fi\/miehet\/2019-2020\/ennakot-2019-2020\/taysi-kierros-jatkosarjoissa-karkauspaivana\/"]}]},{"@type":"ImageObject","inLanguage":"fi","@id":"https:\/\/aktialiiga.fi\/miehet\/2019-2020\/ennakot-2019-2020\/taysi-kierros-jatkosarjoissa-karkauspaivana\/#primaryimage","url":"https:\/\/i0.wp.com\/aktialiiga.fi\/miehet\/wp-content\/uploads\/sites\/5\/2019\/10\/Stankevicius_Tadas_Dicken_1920.jpg?fit=711%2C330&ssl=1","contentUrl":"https:\/\/i0.wp.com\/aktialiiga.fi\/miehet\/wp-content\/uploads\/sites\/5\/2019\/10\/Stankevicius_Tadas_Dicken_1920.jpg?fit=711%2C330&ssl=1","width":711,"height":330},{"@type":"BreadcrumbList","@id":"https:\/\/aktialiiga.fi\/miehet\/2019-2020\/ennakot-2019-2020\/taysi-kierros-jatkosarjoissa-karkauspaivana\/#breadcrumb","itemListElement":[{"@type":"ListItem","position":1,"name":"Etusivu","item":"https:\/\/aktialiiga.fi\/miehet\/"},{"@type":"ListItem","position":2,"name":"T\u00e4ysi kierros jatkosarjoissa karkausp\u00e4iv\u00e4n\u00e4"}]},{"@type":"WebSite","@id":"https:\/\/aktialiiga.fi\/miehet\/#website","url":"https:\/\/aktialiiga.fi\/miehet\/","name":"K\u00e4sipallon miesten Aktialiiga","description":"Valtakunnan vauhdikkainta palloilua!","publisher":{"@id":"https:\/\/aktialiiga.fi\/miehet\/#organization"},"potentialAction":[{"@type":"SearchAction","target":{"@type":"EntryPoint","urlTemplate":"https:\/\/aktialiiga.fi\/miehet\/?s={search_term_string}"},"query-input":{"@type":"PropertyValueSpecification","valueRequired":true,"valueName":"search_term_string"}}],"inLanguage":"fi"},{"@type":"Organization","@id":"https:\/\/aktialiiga.fi\/miehet\/#organization","name":"K\u00e4sipallon miesten Aktialiiga","url":"https:\/\/aktialiiga.fi\/miehet\/","logo":{"@type":"ImageObject","inLanguage":"fi","@id":"https:\/\/aktialiiga.fi\/miehet\/#\/schema\/logo\/image\/","url":"https:\/\/i0.wp.com\/aktialiiga.fi\/miehet\/wp-content\/uploads\/sites\/5\/2024\/09\/Aktialiiga-Yoast-512.png?fit=512%2C512&ssl=1","contentUrl":"https:\/\/i0.wp.com\/aktialiiga.fi\/miehet\/wp-content\/uploads\/sites\/5\/2024\/09\/Aktialiiga-Yoast-512.png?fit=512%2C512&ssl=1","width":512,"height":512,"caption":"K\u00e4sipallon miesten Aktialiiga"},"image":{"@id":"https:\/\/aktialiiga.fi\/miehet\/#\/schema\/logo\/image\/"},"sameAs":["https:\/\/www.facebook.com\/finnhandball","https:\/\/x.com\/finnhandball","https:\/\/www.instagram.com\/handballfinland\/"]},{"@type":"Person","@id":"https:\/\/aktialiiga.fi\/miehet\/#\/schema\/person\/c14bf42f47041db74603c45afcb18d87","name":"tbrmedia","image":{"@type":"ImageObject","inLanguage":"fi","@id":"https:\/\/secure.gravatar.com\/avatar\/ee975fa091fe581d12b60debb3439022686618368a7c142044c56724d4666b16?s=96&d=mm&r=g","url":"https:\/\/secure.gravatar.com\/avatar\/ee975fa091fe581d12b60debb3439022686618368a7c142044c56724d4666b16?s=96&d=mm&r=g","contentUrl":"https:\/\/secure.gravatar.com\/avatar\/ee975fa091fe581d12b60debb3439022686618368a7c142044c56724d4666b16?s=96&d=mm&r=g","caption":"tbrmedia"}}]}},"jetpack_featured_media_url":"https:\/\/i0.wp.com\/aktialiiga.fi\/miehet\/wp-content\/uploads\/sites\/5\/2019\/10\/Stankevicius_Tadas_Dicken_1920.jpg?fit=711%2C330&ssl=1","jetpack_sharing_enabled":true,"jetpack_shortlink":"https:\/\/wp.me\/pfTxOr-6y4","_links":{"self":[{"href":"https:\/\/aktialiiga.fi\/miehet\/wp-json\/wp\/v2\/posts\/25176","targetHints":{"allow":["GET"]}}],"collection":[{"href":"https:\/\/aktialiiga.fi\/miehet\/wp-json\/wp\/v2\/posts"}],"about":[{"href":"https:\/\/aktialiiga.fi\/miehet\/wp-json\/wp\/v2\/types\/post"}],"author":[{"embeddable":true,"href":"https:\/\/aktialiiga.fi\/miehet\/wp-json\/wp\/v2\/users\/13"}],"replies":[{"embeddable":true,"href":"https:\/\/aktialiiga.fi\/miehet\/wp-json\/wp\/v2\/comments?post=25176"}],"version-history":[{"count":0,"href":"https:\/\/aktialiiga.fi\/miehet\/wp-json\/wp\/v2\/posts\/25176\/revisions"}],"wp:featuredmedia":[{"embeddable":true,"href":"https:\/\/aktialiiga.fi\/miehet\/wp-json\/wp\/v2\/media\/24298"}],"wp:attachment":[{"href":"https:\/\/aktialiiga.fi\/miehet\/wp-json\/wp\/v2\/media?parent=25176"}],"wp:term":[{"taxonomy":"category","embeddable":true,"href":"https:\/\/aktialiiga.fi\/miehet\/wp-json\/wp\/v2\/categories?post=25176"},{"taxonomy":"post_tag","embeddable":true,"href":"https:\/\/aktialiiga.fi\/miehet\/wp-json\/wp\/v2\/tags?post=25176"}],"curies":[{"name":"wp","href":"https:\/\/api.w.org\/{rel}","templated":true}]}}