{"id":252,"date":"2011-05-19T08:08:59","date_gmt":"2011-05-19T05:08:59","guid":{"rendered":"http:\/\/handisliigafi.virtualserver24.nebula.fi\/?p=252"},"modified":"2018-03-15T14:38:57","modified_gmt":"2018-03-15T12:38:57","slug":"valmentajaruletti-jatkaa-pyorimistaan","status":"publish","type":"post","link":"https:\/\/aktialiiga.fi\/miehet\/ajankohtaista\/valmentajaruletti-jatkaa-pyorimistaan\/","title":{"rendered":"Valmentajaruletti jatkaa py\u00f6rimist\u00e4\u00e4n"},"content":{"rendered":"<p>Toni Kallio on nimitetty Riihim\u00e4en Cockin uudeksi p\u00e4\u00e4valmentajaksi.<\/p>\n<p>Kertaalleen peliurallaan mestaruutta juhlinut 38-vuotias Sparta IF:n kasvatti, on valmentanut p\u00e4\u00e4sarjassa jo liki kymmenen vuotta. Kaulaan on ripustettu kauden p\u00e4\u00e4tteeksi pronssiset l\u00e4tk\u00e4t sek\u00e4 HC Westin ett\u00e4 Atlaksen per\u00e4simess\u00e4.<br \/>\n<!--more--><br \/>\n-Hieno haaste, varsinkin edess\u00e4 olevat kansainv\u00e4liset pelit, Kallio kommentoi tarkoittaen Baltian Liigaa.<\/p>\n<p>-Pelit Baltiassa painoivat vaakakupissa todella paljon kun neuvotteluja k\u00e4ytiin. Miss\u00e4\u00e4n muussa suomalaisseurassa ei samaa mahdollisuutta ole.<\/p>\n<p>Cocksilla on t\u00e4ll\u00e4 hetkell\u00e4 yhdeks\u00e4n pelaajasopimusta.<\/p>\n<p>-Ensi kaudeksi osa miehist\u00e4 vaihtuu ja vie varmasti hetken ennenkuin kaikki palaset loksahtavat kohdilleen, Kallio sanoo.<\/p>\n<p>Riihim\u00e4kel\u00e4isten pelitapa tulee varmasti muuttumaan aavistuksen.<\/p>\n<p>-Pyrimme etenkin hy\u00f6kk\u00e4ysp\u00e4\u00e4ss\u00e4 aiempaa nopeampaan ja kollektiivisempaan peliin. Siin\u00e4 resepti alkuun, mihink\u00e4s tiikeri raidoistaan p\u00e4\u00e4see. Valmentajan pit\u00e4\u00e4 kehitty\u00e4 ja uudistua, mutta p\u00e4\u00e4periaatteet ja filosofia s\u00e4ilyv\u00e4t usein suht muuttumattomina, Kallio pohtii.<\/p>\n<p>Cocksin uudistunut valmennusporras on tulevalla kaudella viisihenkinen. Niko Bergholm ripustaa pelikeng\u00e4t naulaan ja siirtyy joukkueenjohtajaksi, fysiikkavalmentajana toimii Pasi Ahola. Jarkko Salo huolehtii maalivahtien kehitt\u00e4misest\u00e4 ja my\u00f6s Dmytro Kamelin ottaa vastuuta valmennuksesta.<\/p>\n","protected":false},"excerpt":{"rendered":"<p>Toni Kallio on nimitetty Riihim\u00e4en Cockin uudeksi p\u00e4\u00e4valmentajaksi. Kertaalleen peliurallaan mestaruutta juhlinut 38-vuotias Sparta IF:n kasvatti, on valmentanut p\u00e4\u00e4sarjassa jo liki kymmenen vuotta. Kaulaan on ripustettu kauden p\u00e4\u00e4tteeksi pronssiset l\u00e4tk\u00e4t sek\u00e4 HC Westin ett\u00e4 Atlaksen per\u00e4simess\u00e4.<\/p>\n","protected":false},"author":13,"featured_media":144,"comment_status":"closed","ping_status":"closed","sticky":false,"template":"","format":"standard","meta":{"_acf_changed":false,"jetpack_post_was_ever_published":false,"_jetpack_newsletter_access":"","_jetpack_dont_email_post_to_subs":false,"_jetpack_newsletter_tier_id":0,"_jetpack_memberships_contains_paywalled_content":false,"_jetpack_memberships_contains_paid_content":false,"footnotes":""},"categories":[2],"tags":[53,57,68],"class_list":["post-252","post","type-post","status-publish","format-standard","has-post-thumbnail","hentry","category-ajankohtaista","tag-atlas","tag-cocks","tag-hc-west"],"acf":[],"yoast_head":"<!-- This site is optimized with the Yoast SEO plugin v27.5 - https:\/\/yoast.com\/product\/yoast-seo-wordpress\/ -->\n<title>Valmentajaruletti jatkaa py\u00f6rimist\u00e4\u00e4n | K\u00e4sipallon miesten Aktialiiga<\/title>\n<meta name=\"robots\" content=\"index, follow, max-snippet:-1, max-image-preview:large, max-video-preview:-1\" \/>\n<link rel=\"canonical\" href=\"https:\/\/aktialiiga.fi\/miehet\/ajankohtaista\/valmentajaruletti-jatkaa-pyorimistaan\/\" \/>\n<meta property=\"og:locale\" content=\"fi_FI\" \/>\n<meta property=\"og:type\" content=\"article\" \/>\n<meta property=\"og:title\" content=\"Valmentajaruletti jatkaa py\u00f6rimist\u00e4\u00e4n | K\u00e4sipallon miesten Aktialiiga\" \/>\n<meta property=\"og:description\" content=\"Toni Kallio on nimitetty Riihim\u00e4en Cockin uudeksi p\u00e4\u00e4valmentajaksi. Kertaalleen peliurallaan mestaruutta juhlinut 38-vuotias Sparta IF:n kasvatti, on valmentanut p\u00e4\u00e4sarjassa jo liki kymmenen vuotta. Kaulaan on ripustettu kauden p\u00e4\u00e4tteeksi pronssiset l\u00e4tk\u00e4t sek\u00e4 HC Westin ett\u00e4 Atlaksen per\u00e4simess\u00e4.\" \/>\n<meta property=\"og:url\" content=\"https:\/\/aktialiiga.fi\/miehet\/ajankohtaista\/valmentajaruletti-jatkaa-pyorimistaan\/\" \/>\n<meta property=\"og:site_name\" content=\"K\u00e4sipallon miesten Aktialiiga\" \/>\n<meta property=\"article:publisher\" content=\"https:\/\/www.facebook.com\/finnhandball\" \/>\n<meta property=\"article:published_time\" content=\"2011-05-19T05:08:59+00:00\" \/>\n<meta property=\"article:modified_time\" content=\"2018-03-15T12:38:57+00:00\" \/>\n<meta property=\"og:image\" content=\"https:\/\/i0.wp.com\/aktialiiga.fi\/miehet\/wp-content\/uploads\/sites\/5\/2011\/09\/logo-cocks.gif?fit=85%2C115&ssl=1\" \/>\n\t<meta property=\"og:image:width\" content=\"85\" \/>\n\t<meta property=\"og:image:height\" content=\"115\" \/>\n\t<meta property=\"og:image:type\" content=\"image\/gif\" \/>\n<meta name=\"author\" content=\"tbrmedia\" \/>\n<meta name=\"twitter:card\" content=\"summary_large_image\" \/>\n<meta name=\"twitter:creator\" content=\"@finnhandball\" \/>\n<meta name=\"twitter:site\" content=\"@finnhandball\" \/>\n<script type=\"application\/ld+json\" class=\"yoast-schema-graph\">{\"@context\":\"https:\\\/\\\/schema.org\",\"@graph\":[{\"@type\":\"Article\",\"@id\":\"https:\\\/\\\/aktialiiga.fi\\\/miehet\\\/ajankohtaista\\\/valmentajaruletti-jatkaa-pyorimistaan\\\/#article\",\"isPartOf\":{\"@id\":\"https:\\\/\\\/aktialiiga.fi\\\/miehet\\\/ajankohtaista\\\/valmentajaruletti-jatkaa-pyorimistaan\\\/\"},\"author\":{\"name\":\"tbrmedia\",\"@id\":\"https:\\\/\\\/aktialiiga.fi\\\/miehet\\\/#\\\/schema\\\/person\\\/c14bf42f47041db74603c45afcb18d87\"},\"headline\":\"Valmentajaruletti jatkaa py\u00f6rimist\u00e4\u00e4n\",\"datePublished\":\"2011-05-19T05:08:59+00:00\",\"dateModified\":\"2018-03-15T12:38:57+00:00\",\"mainEntityOfPage\":{\"@id\":\"https:\\\/\\\/aktialiiga.fi\\\/miehet\\\/ajankohtaista\\\/valmentajaruletti-jatkaa-pyorimistaan\\\/\"},\"wordCount\":184,\"publisher\":{\"@id\":\"https:\\\/\\\/aktialiiga.fi\\\/miehet\\\/#organization\"},\"image\":{\"@id\":\"https:\\\/\\\/aktialiiga.fi\\\/miehet\\\/ajankohtaista\\\/valmentajaruletti-jatkaa-pyorimistaan\\\/#primaryimage\"},\"thumbnailUrl\":\"https:\\\/\\\/i0.wp.com\\\/aktialiiga.fi\\\/miehet\\\/wp-content\\\/uploads\\\/sites\\\/5\\\/2011\\\/09\\\/logo-cocks.gif?fit=85%2C115&ssl=1\",\"keywords\":[\"Atlas\",\"Cocks\",\"HC West\"],\"articleSection\":[\"Ajankohtaista\"],\"inLanguage\":\"fi\"},{\"@type\":\"WebPage\",\"@id\":\"https:\\\/\\\/aktialiiga.fi\\\/miehet\\\/ajankohtaista\\\/valmentajaruletti-jatkaa-pyorimistaan\\\/\",\"url\":\"https:\\\/\\\/aktialiiga.fi\\\/miehet\\\/ajankohtaista\\\/valmentajaruletti-jatkaa-pyorimistaan\\\/\",\"name\":\"Valmentajaruletti jatkaa py\u00f6rimist\u00e4\u00e4n | K\u00e4sipallon miesten Aktialiiga\",\"isPartOf\":{\"@id\":\"https:\\\/\\\/aktialiiga.fi\\\/miehet\\\/#website\"},\"primaryImageOfPage\":{\"@id\":\"https:\\\/\\\/aktialiiga.fi\\\/miehet\\\/ajankohtaista\\\/valmentajaruletti-jatkaa-pyorimistaan\\\/#primaryimage\"},\"image\":{\"@id\":\"https:\\\/\\\/aktialiiga.fi\\\/miehet\\\/ajankohtaista\\\/valmentajaruletti-jatkaa-pyorimistaan\\\/#primaryimage\"},\"thumbnailUrl\":\"https:\\\/\\\/i0.wp.com\\\/aktialiiga.fi\\\/miehet\\\/wp-content\\\/uploads\\\/sites\\\/5\\\/2011\\\/09\\\/logo-cocks.gif?fit=85%2C115&ssl=1\",\"datePublished\":\"2011-05-19T05:08:59+00:00\",\"dateModified\":\"2018-03-15T12:38:57+00:00\",\"breadcrumb\":{\"@id\":\"https:\\\/\\\/aktialiiga.fi\\\/miehet\\\/ajankohtaista\\\/valmentajaruletti-jatkaa-pyorimistaan\\\/#breadcrumb\"},\"inLanguage\":\"fi\",\"potentialAction\":[{\"@type\":\"ReadAction\",\"target\":[\"https:\\\/\\\/aktialiiga.fi\\\/miehet\\\/ajankohtaista\\\/valmentajaruletti-jatkaa-pyorimistaan\\\/\"]}]},{\"@type\":\"ImageObject\",\"inLanguage\":\"fi\",\"@id\":\"https:\\\/\\\/aktialiiga.fi\\\/miehet\\\/ajankohtaista\\\/valmentajaruletti-jatkaa-pyorimistaan\\\/#primaryimage\",\"url\":\"https:\\\/\\\/i0.wp.com\\\/aktialiiga.fi\\\/miehet\\\/wp-content\\\/uploads\\\/sites\\\/5\\\/2011\\\/09\\\/logo-cocks.gif?fit=85%2C115&ssl=1\",\"contentUrl\":\"https:\\\/\\\/i0.wp.com\\\/aktialiiga.fi\\\/miehet\\\/wp-content\\\/uploads\\\/sites\\\/5\\\/2011\\\/09\\\/logo-cocks.gif?fit=85%2C115&ssl=1\",\"width\":85,\"height\":115,\"caption\":\"Cocks, Riihim\u00e4ki\"},{\"@type\":\"BreadcrumbList\",\"@id\":\"https:\\\/\\\/aktialiiga.fi\\\/miehet\\\/ajankohtaista\\\/valmentajaruletti-jatkaa-pyorimistaan\\\/#breadcrumb\",\"itemListElement\":[{\"@type\":\"ListItem\",\"position\":1,\"name\":\"Etusivu\",\"item\":\"https:\\\/\\\/aktialiiga.fi\\\/miehet\\\/\"},{\"@type\":\"ListItem\",\"position\":2,\"name\":\"Valmentajaruletti jatkaa py\u00f6rimist\u00e4\u00e4n\"}]},{\"@type\":\"WebSite\",\"@id\":\"https:\\\/\\\/aktialiiga.fi\\\/miehet\\\/#website\",\"url\":\"https:\\\/\\\/aktialiiga.fi\\\/miehet\\\/\",\"name\":\"K\u00e4sipallon miesten Aktialiiga\",\"description\":\"Valtakunnan vauhdikkainta palloilua!\",\"publisher\":{\"@id\":\"https:\\\/\\\/aktialiiga.fi\\\/miehet\\\/#organization\"},\"potentialAction\":[{\"@type\":\"SearchAction\",\"target\":{\"@type\":\"EntryPoint\",\"urlTemplate\":\"https:\\\/\\\/aktialiiga.fi\\\/miehet\\\/?s={search_term_string}\"},\"query-input\":{\"@type\":\"PropertyValueSpecification\",\"valueRequired\":true,\"valueName\":\"search_term_string\"}}],\"inLanguage\":\"fi\"},{\"@type\":\"Organization\",\"@id\":\"https:\\\/\\\/aktialiiga.fi\\\/miehet\\\/#organization\",\"name\":\"K\u00e4sipallon miesten Aktialiiga\",\"url\":\"https:\\\/\\\/aktialiiga.fi\\\/miehet\\\/\",\"logo\":{\"@type\":\"ImageObject\",\"inLanguage\":\"fi\",\"@id\":\"https:\\\/\\\/aktialiiga.fi\\\/miehet\\\/#\\\/schema\\\/logo\\\/image\\\/\",\"url\":\"https:\\\/\\\/i0.wp.com\\\/aktialiiga.fi\\\/miehet\\\/wp-content\\\/uploads\\\/sites\\\/5\\\/2024\\\/09\\\/Aktialiiga-Yoast-512.png?fit=512%2C512&ssl=1\",\"contentUrl\":\"https:\\\/\\\/i0.wp.com\\\/aktialiiga.fi\\\/miehet\\\/wp-content\\\/uploads\\\/sites\\\/5\\\/2024\\\/09\\\/Aktialiiga-Yoast-512.png?fit=512%2C512&ssl=1\",\"width\":512,\"height\":512,\"caption\":\"K\u00e4sipallon miesten Aktialiiga\"},\"image\":{\"@id\":\"https:\\\/\\\/aktialiiga.fi\\\/miehet\\\/#\\\/schema\\\/logo\\\/image\\\/\"},\"sameAs\":[\"https:\\\/\\\/www.facebook.com\\\/finnhandball\",\"https:\\\/\\\/x.com\\\/finnhandball\",\"https:\\\/\\\/www.instagram.com\\\/handballfinland\\\/\"]},{\"@type\":\"Person\",\"@id\":\"https:\\\/\\\/aktialiiga.fi\\\/miehet\\\/#\\\/schema\\\/person\\\/c14bf42f47041db74603c45afcb18d87\",\"name\":\"tbrmedia\",\"image\":{\"@type\":\"ImageObject\",\"inLanguage\":\"fi\",\"@id\":\"https:\\\/\\\/secure.gravatar.com\\\/avatar\\\/ee975fa091fe581d12b60debb3439022686618368a7c142044c56724d4666b16?s=96&d=mm&r=g\",\"url\":\"https:\\\/\\\/secure.gravatar.com\\\/avatar\\\/ee975fa091fe581d12b60debb3439022686618368a7c142044c56724d4666b16?s=96&d=mm&r=g\",\"contentUrl\":\"https:\\\/\\\/secure.gravatar.com\\\/avatar\\\/ee975fa091fe581d12b60debb3439022686618368a7c142044c56724d4666b16?s=96&d=mm&r=g\",\"caption\":\"tbrmedia\"}}]}<\/script>\n<!-- \/ Yoast SEO plugin. -->","yoast_head_json":{"title":"Valmentajaruletti jatkaa py\u00f6rimist\u00e4\u00e4n | K\u00e4sipallon miesten Aktialiiga","robots":{"index":"index","follow":"follow","max-snippet":"max-snippet:-1","max-image-preview":"max-image-preview:large","max-video-preview":"max-video-preview:-1"},"canonical":"https:\/\/aktialiiga.fi\/miehet\/ajankohtaista\/valmentajaruletti-jatkaa-pyorimistaan\/","og_locale":"fi_FI","og_type":"article","og_title":"Valmentajaruletti jatkaa py\u00f6rimist\u00e4\u00e4n | K\u00e4sipallon miesten Aktialiiga","og_description":"Toni Kallio on nimitetty Riihim\u00e4en Cockin uudeksi p\u00e4\u00e4valmentajaksi. Kertaalleen peliurallaan mestaruutta juhlinut 38-vuotias Sparta IF:n kasvatti, on valmentanut p\u00e4\u00e4sarjassa jo liki kymmenen vuotta. Kaulaan on ripustettu kauden p\u00e4\u00e4tteeksi pronssiset l\u00e4tk\u00e4t sek\u00e4 HC Westin ett\u00e4 Atlaksen per\u00e4simess\u00e4.","og_url":"https:\/\/aktialiiga.fi\/miehet\/ajankohtaista\/valmentajaruletti-jatkaa-pyorimistaan\/","og_site_name":"K\u00e4sipallon miesten Aktialiiga","article_publisher":"https:\/\/www.facebook.com\/finnhandball","article_published_time":"2011-05-19T05:08:59+00:00","article_modified_time":"2018-03-15T12:38:57+00:00","og_image":[{"width":85,"height":115,"url":"https:\/\/i0.wp.com\/aktialiiga.fi\/miehet\/wp-content\/uploads\/sites\/5\/2011\/09\/logo-cocks.gif?fit=85%2C115&ssl=1","type":"image\/gif"}],"author":"tbrmedia","twitter_card":"summary_large_image","twitter_creator":"@finnhandball","twitter_site":"@finnhandball","schema":{"@context":"https:\/\/schema.org","@graph":[{"@type":"Article","@id":"https:\/\/aktialiiga.fi\/miehet\/ajankohtaista\/valmentajaruletti-jatkaa-pyorimistaan\/#article","isPartOf":{"@id":"https:\/\/aktialiiga.fi\/miehet\/ajankohtaista\/valmentajaruletti-jatkaa-pyorimistaan\/"},"author":{"name":"tbrmedia","@id":"https:\/\/aktialiiga.fi\/miehet\/#\/schema\/person\/c14bf42f47041db74603c45afcb18d87"},"headline":"Valmentajaruletti jatkaa py\u00f6rimist\u00e4\u00e4n","datePublished":"2011-05-19T05:08:59+00:00","dateModified":"2018-03-15T12:38:57+00:00","mainEntityOfPage":{"@id":"https:\/\/aktialiiga.fi\/miehet\/ajankohtaista\/valmentajaruletti-jatkaa-pyorimistaan\/"},"wordCount":184,"publisher":{"@id":"https:\/\/aktialiiga.fi\/miehet\/#organization"},"image":{"@id":"https:\/\/aktialiiga.fi\/miehet\/ajankohtaista\/valmentajaruletti-jatkaa-pyorimistaan\/#primaryimage"},"thumbnailUrl":"https:\/\/i0.wp.com\/aktialiiga.fi\/miehet\/wp-content\/uploads\/sites\/5\/2011\/09\/logo-cocks.gif?fit=85%2C115&ssl=1","keywords":["Atlas","Cocks","HC West"],"articleSection":["Ajankohtaista"],"inLanguage":"fi"},{"@type":"WebPage","@id":"https:\/\/aktialiiga.fi\/miehet\/ajankohtaista\/valmentajaruletti-jatkaa-pyorimistaan\/","url":"https:\/\/aktialiiga.fi\/miehet\/ajankohtaista\/valmentajaruletti-jatkaa-pyorimistaan\/","name":"Valmentajaruletti jatkaa py\u00f6rimist\u00e4\u00e4n | K\u00e4sipallon miesten Aktialiiga","isPartOf":{"@id":"https:\/\/aktialiiga.fi\/miehet\/#website"},"primaryImageOfPage":{"@id":"https:\/\/aktialiiga.fi\/miehet\/ajankohtaista\/valmentajaruletti-jatkaa-pyorimistaan\/#primaryimage"},"image":{"@id":"https:\/\/aktialiiga.fi\/miehet\/ajankohtaista\/valmentajaruletti-jatkaa-pyorimistaan\/#primaryimage"},"thumbnailUrl":"https:\/\/i0.wp.com\/aktialiiga.fi\/miehet\/wp-content\/uploads\/sites\/5\/2011\/09\/logo-cocks.gif?fit=85%2C115&ssl=1","datePublished":"2011-05-19T05:08:59+00:00","dateModified":"2018-03-15T12:38:57+00:00","breadcrumb":{"@id":"https:\/\/aktialiiga.fi\/miehet\/ajankohtaista\/valmentajaruletti-jatkaa-pyorimistaan\/#breadcrumb"},"inLanguage":"fi","potentialAction":[{"@type":"ReadAction","target":["https:\/\/aktialiiga.fi\/miehet\/ajankohtaista\/valmentajaruletti-jatkaa-pyorimistaan\/"]}]},{"@type":"ImageObject","inLanguage":"fi","@id":"https:\/\/aktialiiga.fi\/miehet\/ajankohtaista\/valmentajaruletti-jatkaa-pyorimistaan\/#primaryimage","url":"https:\/\/i0.wp.com\/aktialiiga.fi\/miehet\/wp-content\/uploads\/sites\/5\/2011\/09\/logo-cocks.gif?fit=85%2C115&ssl=1","contentUrl":"https:\/\/i0.wp.com\/aktialiiga.fi\/miehet\/wp-content\/uploads\/sites\/5\/2011\/09\/logo-cocks.gif?fit=85%2C115&ssl=1","width":85,"height":115,"caption":"Cocks, Riihim\u00e4ki"},{"@type":"BreadcrumbList","@id":"https:\/\/aktialiiga.fi\/miehet\/ajankohtaista\/valmentajaruletti-jatkaa-pyorimistaan\/#breadcrumb","itemListElement":[{"@type":"ListItem","position":1,"name":"Etusivu","item":"https:\/\/aktialiiga.fi\/miehet\/"},{"@type":"ListItem","position":2,"name":"Valmentajaruletti jatkaa py\u00f6rimist\u00e4\u00e4n"}]},{"@type":"WebSite","@id":"https:\/\/aktialiiga.fi\/miehet\/#website","url":"https:\/\/aktialiiga.fi\/miehet\/","name":"K\u00e4sipallon miesten Aktialiiga","description":"Valtakunnan vauhdikkainta palloilua!","publisher":{"@id":"https:\/\/aktialiiga.fi\/miehet\/#organization"},"potentialAction":[{"@type":"SearchAction","target":{"@type":"EntryPoint","urlTemplate":"https:\/\/aktialiiga.fi\/miehet\/?s={search_term_string}"},"query-input":{"@type":"PropertyValueSpecification","valueRequired":true,"valueName":"search_term_string"}}],"inLanguage":"fi"},{"@type":"Organization","@id":"https:\/\/aktialiiga.fi\/miehet\/#organization","name":"K\u00e4sipallon miesten Aktialiiga","url":"https:\/\/aktialiiga.fi\/miehet\/","logo":{"@type":"ImageObject","inLanguage":"fi","@id":"https:\/\/aktialiiga.fi\/miehet\/#\/schema\/logo\/image\/","url":"https:\/\/i0.wp.com\/aktialiiga.fi\/miehet\/wp-content\/uploads\/sites\/5\/2024\/09\/Aktialiiga-Yoast-512.png?fit=512%2C512&ssl=1","contentUrl":"https:\/\/i0.wp.com\/aktialiiga.fi\/miehet\/wp-content\/uploads\/sites\/5\/2024\/09\/Aktialiiga-Yoast-512.png?fit=512%2C512&ssl=1","width":512,"height":512,"caption":"K\u00e4sipallon miesten Aktialiiga"},"image":{"@id":"https:\/\/aktialiiga.fi\/miehet\/#\/schema\/logo\/image\/"},"sameAs":["https:\/\/www.facebook.com\/finnhandball","https:\/\/x.com\/finnhandball","https:\/\/www.instagram.com\/handballfinland\/"]},{"@type":"Person","@id":"https:\/\/aktialiiga.fi\/miehet\/#\/schema\/person\/c14bf42f47041db74603c45afcb18d87","name":"tbrmedia","image":{"@type":"ImageObject","inLanguage":"fi","@id":"https:\/\/secure.gravatar.com\/avatar\/ee975fa091fe581d12b60debb3439022686618368a7c142044c56724d4666b16?s=96&d=mm&r=g","url":"https:\/\/secure.gravatar.com\/avatar\/ee975fa091fe581d12b60debb3439022686618368a7c142044c56724d4666b16?s=96&d=mm&r=g","contentUrl":"https:\/\/secure.gravatar.com\/avatar\/ee975fa091fe581d12b60debb3439022686618368a7c142044c56724d4666b16?s=96&d=mm&r=g","caption":"tbrmedia"}}]}},"jetpack_featured_media_url":"https:\/\/i0.wp.com\/aktialiiga.fi\/miehet\/wp-content\/uploads\/sites\/5\/2011\/09\/logo-cocks.gif?fit=85%2C115&ssl=1","jetpack_sharing_enabled":true,"jetpack_shortlink":"https:\/\/wp.me\/pfTxOr-44","_links":{"self":[{"href":"https:\/\/aktialiiga.fi\/miehet\/wp-json\/wp\/v2\/posts\/252","targetHints":{"allow":["GET"]}}],"collection":[{"href":"https:\/\/aktialiiga.fi\/miehet\/wp-json\/wp\/v2\/posts"}],"about":[{"href":"https:\/\/aktialiiga.fi\/miehet\/wp-json\/wp\/v2\/types\/post"}],"author":[{"embeddable":true,"href":"https:\/\/aktialiiga.fi\/miehet\/wp-json\/wp\/v2\/users\/13"}],"replies":[{"embeddable":true,"href":"https:\/\/aktialiiga.fi\/miehet\/wp-json\/wp\/v2\/comments?post=252"}],"version-history":[{"count":0,"href":"https:\/\/aktialiiga.fi\/miehet\/wp-json\/wp\/v2\/posts\/252\/revisions"}],"wp:featuredmedia":[{"embeddable":true,"href":"https:\/\/aktialiiga.fi\/miehet\/wp-json\/wp\/v2\/media\/144"}],"wp:attachment":[{"href":"https:\/\/aktialiiga.fi\/miehet\/wp-json\/wp\/v2\/media?parent=252"}],"wp:term":[{"taxonomy":"category","embeddable":true,"href":"https:\/\/aktialiiga.fi\/miehet\/wp-json\/wp\/v2\/categories?post=252"},{"taxonomy":"post_tag","embeddable":true,"href":"https:\/\/aktialiiga.fi\/miehet\/wp-json\/wp\/v2\/tags?post=252"}],"curies":[{"name":"wp","href":"https:\/\/api.w.org\/{rel}","templated":true}]}}