{"id":25878,"date":"2020-09-10T13:38:08","date_gmt":"2020-09-10T10:38:08","guid":{"rendered":"https:\/\/aktialiiga.fi\/miehet\/?p=25878"},"modified":"2020-09-10T13:38:08","modified_gmt":"2020-09-10T10:38:08","slug":"kohti-kautta-aifk-5","status":"publish","type":"post","link":"https:\/\/aktialiiga.fi\/miehet\/2020-2021\/kohti-kautta-2020-21\/kohti-kautta-aifk-5\/","title":{"rendered":"Kohti kautta: \u00c5IFK"},"content":{"rendered":"<p>\u00c5bo IFK puolustaa alkavalla kaudella yksi varsinaissuomalaisen k\u00e4sipallon mainetta SM-liigassa Pargas IF:n luovuttua sarjasta elokuussa.<\/p>\n<p>\u00c5IFK on parin vuoden ajan rakentanut joukkuetta ja ennen kaikkea pelaamistaan pitk\u00e4j\u00e4nteisesti p\u00e4\u00e4valmentaja Robin Karlssonin johdolla. Viime kev\u00e4\u00e4n\u00e4 turkulaiset olivat vahvasti matkalla puoliv\u00e4lieriin alemman jatkosarjan kautta, kun koronaepidemia p\u00e4\u00e4tti pelaamisen.<\/p>\n<p>Suuria muutoksia joukkueeseen ei ole kes\u00e4ll\u00e4 tullut ja t\u00e4m\u00e4 on \u00c5IFK:lle ehdoton vahvuus. Ryhm\u00e4 alkaa olla hitsautunut hyvin yhteen ja on j\u00e4lleen vuoden kokeneempi niin yksil\u00f6tasolla kuin joukkueenakin.<\/p>\n<p>Andreas Nystr\u00f6m takoo edelleen maaleja luotettavasti ja on tietynlainen is\u00e4hahmo joukkueelle. Ratkaisijoita l\u00f6ytyy kuitenkin jo muitakin ja viime kaudella Peik Sj\u00f6blom j\u00e4i vain yhden maalin p\u00e4\u00e4h\u00e4n Nystr\u00f6mist\u00e4 molempien sijoittuessa maalintekij\u00e4tilaston k\u00e4rkikymmenikk\u00f6\u00f6n.<\/p>\n<blockquote><p>Kaksi vuotta on tehty nyt t\u00f6it\u00e4 Robin Karlssonin johdolla ja ryhm\u00e4 on pysynyt hyvin koossa. T\u00e4m\u00e4 alkaa my\u00f6s n\u00e4ky\u00e4 ja uskon, ett\u00e4 \u00c5IFK yll\u00e4tt\u00e4\u00e4 t\u00e4ll\u00e4 kaudella. Meill\u00e4 alkaa olla aika selke\u00e4t systeemit ja pelaamme jopa aika monimutkaista peli\u00e4, kun t\u00e4t\u00e4 on saatu rauhassa rakentaa. &#8211; <em>valmentaja Aku Kuusisto<\/em><\/p><\/blockquote>\n<p><strong>Ranking 7. kaudella 2019-20<\/strong><\/p>\n<p>Tulleet pelaajat:<br \/>\n+ Elis Alander (Dynamo Riihim\u00e4ki)<\/p>\n<p>L\u00e4hteneet pelaajat:<br \/>\n&#8211; Christoffer Sj\u00f6blom (GrIFK)<\/p>\n","protected":false},"excerpt":{"rendered":"<p>\u00c5bo IFK puolustaa alkavalla kaudella yksi varsinaissuomalaisen k\u00e4sipallon mainetta SM-liigassa Pargas IF:n luovuttua sarjasta elokuussa. \u00c5IFK on parin vuoden ajan rakentanut joukkuetta ja ennen kaikkea pelaamistaan pitk\u00e4j\u00e4nteisesti p\u00e4\u00e4valmentaja Robin Karlssonin johdolla. Viime kev\u00e4\u00e4n\u00e4 turkulaiset olivat vahvasti matkalla puoliv\u00e4lieriin alemman jatkosarjan kautta, kun koronaepidemia p\u00e4\u00e4tti pelaamisen. Suuria muutoksia joukkueeseen ei ole kes\u00e4ll\u00e4 tullut ja t\u00e4m\u00e4 on [&hellip;]<\/p>\n","protected":false},"author":13,"featured_media":25880,"comment_status":"closed","ping_status":"closed","sticky":false,"template":"","format":"standard","meta":{"_acf_changed":false,"jetpack_post_was_ever_published":false,"_jetpack_newsletter_access":"","_jetpack_dont_email_post_to_subs":false,"_jetpack_newsletter_tier_id":0,"_jetpack_memberships_contains_paywalled_content":false,"_jetpack_memberships_contains_paid_content":false,"footnotes":""},"categories":[240],"tags":[50],"class_list":["post-25878","post","type-post","status-publish","format-standard","has-post-thumbnail","hentry","category-kohti-kautta-2020-21","tag-aifk"],"acf":[],"yoast_head":"<!-- This site is optimized with the Yoast SEO plugin v27.5 - https:\/\/yoast.com\/product\/yoast-seo-wordpress\/ -->\n<title>Kohti kautta: \u00c5IFK | K\u00e4sipallon miesten Aktialiiga<\/title>\n<meta name=\"robots\" content=\"index, follow, max-snippet:-1, max-image-preview:large, max-video-preview:-1\" \/>\n<link rel=\"canonical\" href=\"https:\/\/aktialiiga.fi\/miehet\/2020-2021\/kohti-kautta-2020-21\/kohti-kautta-aifk-5\/\" \/>\n<meta property=\"og:locale\" content=\"fi_FI\" \/>\n<meta property=\"og:type\" content=\"article\" \/>\n<meta property=\"og:title\" content=\"Kohti kautta: \u00c5IFK | K\u00e4sipallon miesten Aktialiiga\" \/>\n<meta property=\"og:description\" content=\"\u00c5bo IFK puolustaa alkavalla kaudella yksi varsinaissuomalaisen k\u00e4sipallon mainetta SM-liigassa Pargas IF:n luovuttua sarjasta elokuussa. \u00c5IFK on parin vuoden ajan rakentanut joukkuetta ja ennen kaikkea pelaamistaan pitk\u00e4j\u00e4nteisesti p\u00e4\u00e4valmentaja Robin Karlssonin johdolla. Viime kev\u00e4\u00e4n\u00e4 turkulaiset olivat vahvasti matkalla puoliv\u00e4lieriin alemman jatkosarjan kautta, kun koronaepidemia p\u00e4\u00e4tti pelaamisen. Suuria muutoksia joukkueeseen ei ole kes\u00e4ll\u00e4 tullut ja t\u00e4m\u00e4 on [&hellip;]\" \/>\n<meta property=\"og:url\" content=\"https:\/\/aktialiiga.fi\/miehet\/2020-2021\/kohti-kautta-2020-21\/kohti-kautta-aifk-5\/\" \/>\n<meta property=\"og:site_name\" content=\"K\u00e4sipallon miesten Aktialiiga\" \/>\n<meta property=\"article:publisher\" content=\"https:\/\/www.facebook.com\/finnhandball\" \/>\n<meta property=\"article:published_time\" content=\"2020-09-10T10:38:08+00:00\" \/>\n<meta property=\"og:image\" content=\"https:\/\/i0.wp.com\/aktialiiga.fi\/miehet\/wp-content\/uploads\/sites\/5\/2020\/09\/logo-aifk.gif?fit=92%2C110&ssl=1\" \/>\n\t<meta property=\"og:image:width\" content=\"92\" \/>\n\t<meta property=\"og:image:height\" content=\"110\" \/>\n\t<meta property=\"og:image:type\" content=\"image\/gif\" \/>\n<meta name=\"author\" content=\"tbrmedia\" \/>\n<meta name=\"twitter:card\" content=\"summary_large_image\" \/>\n<meta name=\"twitter:creator\" content=\"@finnhandball\" \/>\n<meta name=\"twitter:site\" content=\"@finnhandball\" \/>\n<script type=\"application\/ld+json\" class=\"yoast-schema-graph\">{\"@context\":\"https:\\\/\\\/schema.org\",\"@graph\":[{\"@type\":\"Article\",\"@id\":\"https:\\\/\\\/aktialiiga.fi\\\/miehet\\\/2020-2021\\\/kohti-kautta-2020-21\\\/kohti-kautta-aifk-5\\\/#article\",\"isPartOf\":{\"@id\":\"https:\\\/\\\/aktialiiga.fi\\\/miehet\\\/2020-2021\\\/kohti-kautta-2020-21\\\/kohti-kautta-aifk-5\\\/\"},\"author\":{\"name\":\"tbrmedia\",\"@id\":\"https:\\\/\\\/aktialiiga.fi\\\/miehet\\\/#\\\/schema\\\/person\\\/c14bf42f47041db74603c45afcb18d87\"},\"headline\":\"Kohti kautta: \u00c5IFK\",\"datePublished\":\"2020-09-10T10:38:08+00:00\",\"mainEntityOfPage\":{\"@id\":\"https:\\\/\\\/aktialiiga.fi\\\/miehet\\\/2020-2021\\\/kohti-kautta-2020-21\\\/kohti-kautta-aifk-5\\\/\"},\"wordCount\":205,\"publisher\":{\"@id\":\"https:\\\/\\\/aktialiiga.fi\\\/miehet\\\/#organization\"},\"image\":{\"@id\":\"https:\\\/\\\/aktialiiga.fi\\\/miehet\\\/2020-2021\\\/kohti-kautta-2020-21\\\/kohti-kautta-aifk-5\\\/#primaryimage\"},\"thumbnailUrl\":\"https:\\\/\\\/i0.wp.com\\\/aktialiiga.fi\\\/miehet\\\/wp-content\\\/uploads\\\/sites\\\/5\\\/2020\\\/09\\\/logo-aifk.gif?fit=92%2C110&ssl=1\",\"keywords\":[\"\u00c5IFK\"],\"articleSection\":[\"Kohti kautta\"],\"inLanguage\":\"fi\"},{\"@type\":\"WebPage\",\"@id\":\"https:\\\/\\\/aktialiiga.fi\\\/miehet\\\/2020-2021\\\/kohti-kautta-2020-21\\\/kohti-kautta-aifk-5\\\/\",\"url\":\"https:\\\/\\\/aktialiiga.fi\\\/miehet\\\/2020-2021\\\/kohti-kautta-2020-21\\\/kohti-kautta-aifk-5\\\/\",\"name\":\"Kohti kautta: \u00c5IFK | K\u00e4sipallon miesten Aktialiiga\",\"isPartOf\":{\"@id\":\"https:\\\/\\\/aktialiiga.fi\\\/miehet\\\/#website\"},\"primaryImageOfPage\":{\"@id\":\"https:\\\/\\\/aktialiiga.fi\\\/miehet\\\/2020-2021\\\/kohti-kautta-2020-21\\\/kohti-kautta-aifk-5\\\/#primaryimage\"},\"image\":{\"@id\":\"https:\\\/\\\/aktialiiga.fi\\\/miehet\\\/2020-2021\\\/kohti-kautta-2020-21\\\/kohti-kautta-aifk-5\\\/#primaryimage\"},\"thumbnailUrl\":\"https:\\\/\\\/i0.wp.com\\\/aktialiiga.fi\\\/miehet\\\/wp-content\\\/uploads\\\/sites\\\/5\\\/2020\\\/09\\\/logo-aifk.gif?fit=92%2C110&ssl=1\",\"datePublished\":\"2020-09-10T10:38:08+00:00\",\"breadcrumb\":{\"@id\":\"https:\\\/\\\/aktialiiga.fi\\\/miehet\\\/2020-2021\\\/kohti-kautta-2020-21\\\/kohti-kautta-aifk-5\\\/#breadcrumb\"},\"inLanguage\":\"fi\",\"potentialAction\":[{\"@type\":\"ReadAction\",\"target\":[\"https:\\\/\\\/aktialiiga.fi\\\/miehet\\\/2020-2021\\\/kohti-kautta-2020-21\\\/kohti-kautta-aifk-5\\\/\"]}]},{\"@type\":\"ImageObject\",\"inLanguage\":\"fi\",\"@id\":\"https:\\\/\\\/aktialiiga.fi\\\/miehet\\\/2020-2021\\\/kohti-kautta-2020-21\\\/kohti-kautta-aifk-5\\\/#primaryimage\",\"url\":\"https:\\\/\\\/i0.wp.com\\\/aktialiiga.fi\\\/miehet\\\/wp-content\\\/uploads\\\/sites\\\/5\\\/2020\\\/09\\\/logo-aifk.gif?fit=92%2C110&ssl=1\",\"contentUrl\":\"https:\\\/\\\/i0.wp.com\\\/aktialiiga.fi\\\/miehet\\\/wp-content\\\/uploads\\\/sites\\\/5\\\/2020\\\/09\\\/logo-aifk.gif?fit=92%2C110&ssl=1\",\"width\":92,\"height\":110},{\"@type\":\"BreadcrumbList\",\"@id\":\"https:\\\/\\\/aktialiiga.fi\\\/miehet\\\/2020-2021\\\/kohti-kautta-2020-21\\\/kohti-kautta-aifk-5\\\/#breadcrumb\",\"itemListElement\":[{\"@type\":\"ListItem\",\"position\":1,\"name\":\"Etusivu\",\"item\":\"https:\\\/\\\/aktialiiga.fi\\\/miehet\\\/\"},{\"@type\":\"ListItem\",\"position\":2,\"name\":\"Kohti kautta: \u00c5IFK\"}]},{\"@type\":\"WebSite\",\"@id\":\"https:\\\/\\\/aktialiiga.fi\\\/miehet\\\/#website\",\"url\":\"https:\\\/\\\/aktialiiga.fi\\\/miehet\\\/\",\"name\":\"K\u00e4sipallon miesten Aktialiiga\",\"description\":\"Valtakunnan vauhdikkainta palloilua!\",\"publisher\":{\"@id\":\"https:\\\/\\\/aktialiiga.fi\\\/miehet\\\/#organization\"},\"potentialAction\":[{\"@type\":\"SearchAction\",\"target\":{\"@type\":\"EntryPoint\",\"urlTemplate\":\"https:\\\/\\\/aktialiiga.fi\\\/miehet\\\/?s={search_term_string}\"},\"query-input\":{\"@type\":\"PropertyValueSpecification\",\"valueRequired\":true,\"valueName\":\"search_term_string\"}}],\"inLanguage\":\"fi\"},{\"@type\":\"Organization\",\"@id\":\"https:\\\/\\\/aktialiiga.fi\\\/miehet\\\/#organization\",\"name\":\"K\u00e4sipallon miesten Aktialiiga\",\"url\":\"https:\\\/\\\/aktialiiga.fi\\\/miehet\\\/\",\"logo\":{\"@type\":\"ImageObject\",\"inLanguage\":\"fi\",\"@id\":\"https:\\\/\\\/aktialiiga.fi\\\/miehet\\\/#\\\/schema\\\/logo\\\/image\\\/\",\"url\":\"https:\\\/\\\/i0.wp.com\\\/aktialiiga.fi\\\/miehet\\\/wp-content\\\/uploads\\\/sites\\\/5\\\/2024\\\/09\\\/Aktialiiga-Yoast-512.png?fit=512%2C512&ssl=1\",\"contentUrl\":\"https:\\\/\\\/i0.wp.com\\\/aktialiiga.fi\\\/miehet\\\/wp-content\\\/uploads\\\/sites\\\/5\\\/2024\\\/09\\\/Aktialiiga-Yoast-512.png?fit=512%2C512&ssl=1\",\"width\":512,\"height\":512,\"caption\":\"K\u00e4sipallon miesten Aktialiiga\"},\"image\":{\"@id\":\"https:\\\/\\\/aktialiiga.fi\\\/miehet\\\/#\\\/schema\\\/logo\\\/image\\\/\"},\"sameAs\":[\"https:\\\/\\\/www.facebook.com\\\/finnhandball\",\"https:\\\/\\\/x.com\\\/finnhandball\",\"https:\\\/\\\/www.instagram.com\\\/handballfinland\\\/\"]},{\"@type\":\"Person\",\"@id\":\"https:\\\/\\\/aktialiiga.fi\\\/miehet\\\/#\\\/schema\\\/person\\\/c14bf42f47041db74603c45afcb18d87\",\"name\":\"tbrmedia\",\"image\":{\"@type\":\"ImageObject\",\"inLanguage\":\"fi\",\"@id\":\"https:\\\/\\\/secure.gravatar.com\\\/avatar\\\/ee975fa091fe581d12b60debb3439022686618368a7c142044c56724d4666b16?s=96&d=mm&r=g\",\"url\":\"https:\\\/\\\/secure.gravatar.com\\\/avatar\\\/ee975fa091fe581d12b60debb3439022686618368a7c142044c56724d4666b16?s=96&d=mm&r=g\",\"contentUrl\":\"https:\\\/\\\/secure.gravatar.com\\\/avatar\\\/ee975fa091fe581d12b60debb3439022686618368a7c142044c56724d4666b16?s=96&d=mm&r=g\",\"caption\":\"tbrmedia\"}}]}<\/script>\n<!-- \/ Yoast SEO plugin. -->","yoast_head_json":{"title":"Kohti kautta: \u00c5IFK | K\u00e4sipallon miesten Aktialiiga","robots":{"index":"index","follow":"follow","max-snippet":"max-snippet:-1","max-image-preview":"max-image-preview:large","max-video-preview":"max-video-preview:-1"},"canonical":"https:\/\/aktialiiga.fi\/miehet\/2020-2021\/kohti-kautta-2020-21\/kohti-kautta-aifk-5\/","og_locale":"fi_FI","og_type":"article","og_title":"Kohti kautta: \u00c5IFK | K\u00e4sipallon miesten Aktialiiga","og_description":"\u00c5bo IFK puolustaa alkavalla kaudella yksi varsinaissuomalaisen k\u00e4sipallon mainetta SM-liigassa Pargas IF:n luovuttua sarjasta elokuussa. \u00c5IFK on parin vuoden ajan rakentanut joukkuetta ja ennen kaikkea pelaamistaan pitk\u00e4j\u00e4nteisesti p\u00e4\u00e4valmentaja Robin Karlssonin johdolla. Viime kev\u00e4\u00e4n\u00e4 turkulaiset olivat vahvasti matkalla puoliv\u00e4lieriin alemman jatkosarjan kautta, kun koronaepidemia p\u00e4\u00e4tti pelaamisen. Suuria muutoksia joukkueeseen ei ole kes\u00e4ll\u00e4 tullut ja t\u00e4m\u00e4 on [&hellip;]","og_url":"https:\/\/aktialiiga.fi\/miehet\/2020-2021\/kohti-kautta-2020-21\/kohti-kautta-aifk-5\/","og_site_name":"K\u00e4sipallon miesten Aktialiiga","article_publisher":"https:\/\/www.facebook.com\/finnhandball","article_published_time":"2020-09-10T10:38:08+00:00","og_image":[{"width":92,"height":110,"url":"https:\/\/i0.wp.com\/aktialiiga.fi\/miehet\/wp-content\/uploads\/sites\/5\/2020\/09\/logo-aifk.gif?fit=92%2C110&ssl=1","type":"image\/gif"}],"author":"tbrmedia","twitter_card":"summary_large_image","twitter_creator":"@finnhandball","twitter_site":"@finnhandball","schema":{"@context":"https:\/\/schema.org","@graph":[{"@type":"Article","@id":"https:\/\/aktialiiga.fi\/miehet\/2020-2021\/kohti-kautta-2020-21\/kohti-kautta-aifk-5\/#article","isPartOf":{"@id":"https:\/\/aktialiiga.fi\/miehet\/2020-2021\/kohti-kautta-2020-21\/kohti-kautta-aifk-5\/"},"author":{"name":"tbrmedia","@id":"https:\/\/aktialiiga.fi\/miehet\/#\/schema\/person\/c14bf42f47041db74603c45afcb18d87"},"headline":"Kohti kautta: \u00c5IFK","datePublished":"2020-09-10T10:38:08+00:00","mainEntityOfPage":{"@id":"https:\/\/aktialiiga.fi\/miehet\/2020-2021\/kohti-kautta-2020-21\/kohti-kautta-aifk-5\/"},"wordCount":205,"publisher":{"@id":"https:\/\/aktialiiga.fi\/miehet\/#organization"},"image":{"@id":"https:\/\/aktialiiga.fi\/miehet\/2020-2021\/kohti-kautta-2020-21\/kohti-kautta-aifk-5\/#primaryimage"},"thumbnailUrl":"https:\/\/i0.wp.com\/aktialiiga.fi\/miehet\/wp-content\/uploads\/sites\/5\/2020\/09\/logo-aifk.gif?fit=92%2C110&ssl=1","keywords":["\u00c5IFK"],"articleSection":["Kohti kautta"],"inLanguage":"fi"},{"@type":"WebPage","@id":"https:\/\/aktialiiga.fi\/miehet\/2020-2021\/kohti-kautta-2020-21\/kohti-kautta-aifk-5\/","url":"https:\/\/aktialiiga.fi\/miehet\/2020-2021\/kohti-kautta-2020-21\/kohti-kautta-aifk-5\/","name":"Kohti kautta: \u00c5IFK | K\u00e4sipallon miesten Aktialiiga","isPartOf":{"@id":"https:\/\/aktialiiga.fi\/miehet\/#website"},"primaryImageOfPage":{"@id":"https:\/\/aktialiiga.fi\/miehet\/2020-2021\/kohti-kautta-2020-21\/kohti-kautta-aifk-5\/#primaryimage"},"image":{"@id":"https:\/\/aktialiiga.fi\/miehet\/2020-2021\/kohti-kautta-2020-21\/kohti-kautta-aifk-5\/#primaryimage"},"thumbnailUrl":"https:\/\/i0.wp.com\/aktialiiga.fi\/miehet\/wp-content\/uploads\/sites\/5\/2020\/09\/logo-aifk.gif?fit=92%2C110&ssl=1","datePublished":"2020-09-10T10:38:08+00:00","breadcrumb":{"@id":"https:\/\/aktialiiga.fi\/miehet\/2020-2021\/kohti-kautta-2020-21\/kohti-kautta-aifk-5\/#breadcrumb"},"inLanguage":"fi","potentialAction":[{"@type":"ReadAction","target":["https:\/\/aktialiiga.fi\/miehet\/2020-2021\/kohti-kautta-2020-21\/kohti-kautta-aifk-5\/"]}]},{"@type":"ImageObject","inLanguage":"fi","@id":"https:\/\/aktialiiga.fi\/miehet\/2020-2021\/kohti-kautta-2020-21\/kohti-kautta-aifk-5\/#primaryimage","url":"https:\/\/i0.wp.com\/aktialiiga.fi\/miehet\/wp-content\/uploads\/sites\/5\/2020\/09\/logo-aifk.gif?fit=92%2C110&ssl=1","contentUrl":"https:\/\/i0.wp.com\/aktialiiga.fi\/miehet\/wp-content\/uploads\/sites\/5\/2020\/09\/logo-aifk.gif?fit=92%2C110&ssl=1","width":92,"height":110},{"@type":"BreadcrumbList","@id":"https:\/\/aktialiiga.fi\/miehet\/2020-2021\/kohti-kautta-2020-21\/kohti-kautta-aifk-5\/#breadcrumb","itemListElement":[{"@type":"ListItem","position":1,"name":"Etusivu","item":"https:\/\/aktialiiga.fi\/miehet\/"},{"@type":"ListItem","position":2,"name":"Kohti kautta: \u00c5IFK"}]},{"@type":"WebSite","@id":"https:\/\/aktialiiga.fi\/miehet\/#website","url":"https:\/\/aktialiiga.fi\/miehet\/","name":"K\u00e4sipallon miesten Aktialiiga","description":"Valtakunnan vauhdikkainta palloilua!","publisher":{"@id":"https:\/\/aktialiiga.fi\/miehet\/#organization"},"potentialAction":[{"@type":"SearchAction","target":{"@type":"EntryPoint","urlTemplate":"https:\/\/aktialiiga.fi\/miehet\/?s={search_term_string}"},"query-input":{"@type":"PropertyValueSpecification","valueRequired":true,"valueName":"search_term_string"}}],"inLanguage":"fi"},{"@type":"Organization","@id":"https:\/\/aktialiiga.fi\/miehet\/#organization","name":"K\u00e4sipallon miesten Aktialiiga","url":"https:\/\/aktialiiga.fi\/miehet\/","logo":{"@type":"ImageObject","inLanguage":"fi","@id":"https:\/\/aktialiiga.fi\/miehet\/#\/schema\/logo\/image\/","url":"https:\/\/i0.wp.com\/aktialiiga.fi\/miehet\/wp-content\/uploads\/sites\/5\/2024\/09\/Aktialiiga-Yoast-512.png?fit=512%2C512&ssl=1","contentUrl":"https:\/\/i0.wp.com\/aktialiiga.fi\/miehet\/wp-content\/uploads\/sites\/5\/2024\/09\/Aktialiiga-Yoast-512.png?fit=512%2C512&ssl=1","width":512,"height":512,"caption":"K\u00e4sipallon miesten Aktialiiga"},"image":{"@id":"https:\/\/aktialiiga.fi\/miehet\/#\/schema\/logo\/image\/"},"sameAs":["https:\/\/www.facebook.com\/finnhandball","https:\/\/x.com\/finnhandball","https:\/\/www.instagram.com\/handballfinland\/"]},{"@type":"Person","@id":"https:\/\/aktialiiga.fi\/miehet\/#\/schema\/person\/c14bf42f47041db74603c45afcb18d87","name":"tbrmedia","image":{"@type":"ImageObject","inLanguage":"fi","@id":"https:\/\/secure.gravatar.com\/avatar\/ee975fa091fe581d12b60debb3439022686618368a7c142044c56724d4666b16?s=96&d=mm&r=g","url":"https:\/\/secure.gravatar.com\/avatar\/ee975fa091fe581d12b60debb3439022686618368a7c142044c56724d4666b16?s=96&d=mm&r=g","contentUrl":"https:\/\/secure.gravatar.com\/avatar\/ee975fa091fe581d12b60debb3439022686618368a7c142044c56724d4666b16?s=96&d=mm&r=g","caption":"tbrmedia"}}]}},"jetpack_featured_media_url":"https:\/\/i0.wp.com\/aktialiiga.fi\/miehet\/wp-content\/uploads\/sites\/5\/2020\/09\/logo-aifk.gif?fit=92%2C110&ssl=1","jetpack_sharing_enabled":true,"jetpack_shortlink":"https:\/\/wp.me\/pfTxOr-6Jo","_links":{"self":[{"href":"https:\/\/aktialiiga.fi\/miehet\/wp-json\/wp\/v2\/posts\/25878","targetHints":{"allow":["GET"]}}],"collection":[{"href":"https:\/\/aktialiiga.fi\/miehet\/wp-json\/wp\/v2\/posts"}],"about":[{"href":"https:\/\/aktialiiga.fi\/miehet\/wp-json\/wp\/v2\/types\/post"}],"author":[{"embeddable":true,"href":"https:\/\/aktialiiga.fi\/miehet\/wp-json\/wp\/v2\/users\/13"}],"replies":[{"embeddable":true,"href":"https:\/\/aktialiiga.fi\/miehet\/wp-json\/wp\/v2\/comments?post=25878"}],"version-history":[{"count":0,"href":"https:\/\/aktialiiga.fi\/miehet\/wp-json\/wp\/v2\/posts\/25878\/revisions"}],"wp:featuredmedia":[{"embeddable":true,"href":"https:\/\/aktialiiga.fi\/miehet\/wp-json\/wp\/v2\/media\/25880"}],"wp:attachment":[{"href":"https:\/\/aktialiiga.fi\/miehet\/wp-json\/wp\/v2\/media?parent=25878"}],"wp:term":[{"taxonomy":"category","embeddable":true,"href":"https:\/\/aktialiiga.fi\/miehet\/wp-json\/wp\/v2\/categories?post=25878"},{"taxonomy":"post_tag","embeddable":true,"href":"https:\/\/aktialiiga.fi\/miehet\/wp-json\/wp\/v2\/tags?post=25878"}],"curies":[{"name":"wp","href":"https:\/\/api.w.org\/{rel}","templated":true}]}}