{"id":26833,"date":"2020-12-22T12:22:43","date_gmt":"2020-12-22T10:22:43","guid":{"rendered":"https:\/\/aktialiiga.fi\/miehet\/?p=26833"},"modified":"2020-12-22T12:23:19","modified_gmt":"2020-12-22T10:23:19","slug":"oikeusturvalautakunnan-paatos-21-12-2020","status":"publish","type":"post","link":"https:\/\/aktialiiga.fi\/miehet\/ajankohtaista\/oikeusturvalautakunnan-paatos-21-12-2020\/","title":{"rendered":"Oikeusturvalautakunnan p\u00e4\u00e4t\u00f6s 21.12.2020"},"content":{"rendered":"<p>Urheilun oikeusturvalautakunta on tehnyt p\u00e4\u00e4t\u00f6ksen GrIFK Elit r.f. valituksesta koskien K\u00e4sipalloliiton kurinpitop\u00e4\u00e4t\u00f6st\u00e4 GrIFK:n kielt\u00e4ydytty\u00e4 pelaamasta ohjelman mukaista SM-liigan ottelua HC Tallinnia vastaan 27.9.2020.<\/p>\n<p>GrIFK vaati valituksessaan kumoamaan rangaistuksen tai ainakin alentamaan sakkoa ja poistamaan korvausvelvollisuuden kaikilta osin. GrIFK vetosi valituksessaan siihen, ett\u00e4 heill\u00e4 oli hyv\u00e4ksytt\u00e4v\u00e4 syy kielt\u00e4yty\u00e4 kysymyksess\u00e4 olevan ottelun pelaamisesta koronapandemian perusteella ja pyysi ottelun siirt\u00e4mist\u00e4 toiseen ajankohtaan.<\/p>\n<p>Oikeusturvalautakunta katsoi, ett\u00e4 K\u00e4sipalloliiton kurinpitos\u00e4\u00e4nt\u00f6jen ja kilpailukutsun 2020-21 perusteella GrIFK:lle on voitu m\u00e4\u00e4r\u00e4t\u00e4 2 500 euron sakko sek\u00e4 muut m\u00e4\u00e4r\u00e4tyt seuraamukset ottelusta luopumisesta.<\/p>\n<p>Oikeusturvalautakunta katsoo, ett\u00e4 GrIFK:ll\u00e4 ei ole ollut hyv\u00e4ksytt\u00e4v\u00e4\u00e4 ja perusteltua syyt\u00e4 kielt\u00e4yty\u00e4 pelaamasta kysymyksess\u00e4 olevaa ottelua tai pyyt\u00e4\u00e4 sen siirt\u00e4mist\u00e4 toiseen ajankohtaan.<\/p>\n<p>Oikeusturvalautakunnan ratkaisun mukaan K\u00e4sipalloliitto on toiminut s\u00e4\u00e4nt\u00f6jens\u00e4 puitteissa rangaistusta m\u00e4\u00e4r\u00e4tt\u00e4ess\u00e4, mutta p\u00e4\u00e4tyi asiaa kokonaisuutena arvioituaan siihen, ett\u00e4 GrIFK:n m\u00e4\u00e4r\u00e4\u00e4minen muiden kurinpitoseuraamusten lis\u00e4ksi sakkoon johtaa kohtuuttomaan lopputulokseen vallitsevassa jatkuvasti muuttuvassa koronatilanteessa. N\u00e4in ollen oikeusturvalautakunta kohtuullisti rangaistusta poistamalla sakon, mutta muutoin piti voimassa GrIFK:lle m\u00e4\u00e4r\u00e4tyt sanktiot.<\/p>\n<p>Alla K\u00e4sipalloliiton liittohallituksen 8.10.2020 tekem\u00e4 p\u00e4\u00e4t\u00f6s, jota on nyt kohtuullisettu poistamalla sakko.<\/p>\n<ul>\n<li>GrIFK m\u00e4\u00e4r\u00e4t\u00e4\u00e4n pelaamaan peruuntunut ottelu GrIFK-HC Tallinn vieraskent\u00e4ll\u00e4 eli Tallinnassa my\u00f6hemmin m\u00e4\u00e4r\u00e4tt\u00e4v\u00e4n\u00e4 ajankohtana. GrIFK vastaa matkakustannuksistaan sek\u00e4 ottelun j\u00e4rjestelykustannuksista. HC Tallinn saa ottelutapahtuman mahdolliset tuotot.<\/li>\n<li>GrIFK:n tulee vastata 27.9. ottelun peruuntumisesta aiheutuneet kaikki kustannukset Suomen K\u00e4sipalloliitolle, HC Tallinn -seuralle sek\u00e4 \u00c5IFK:lle.<\/li>\n<li><span style=\"text-decoration: line-through\">GrIFK:lle m\u00e4\u00e4r\u00e4t\u00e4\u00e4n menettelyst\u00e4\u00e4n 2 500 euron sakko.<\/span><\/li>\n<\/ul>\n","protected":false},"excerpt":{"rendered":"<p>Urheilun oikeusturvalautakunta on tehnyt p\u00e4\u00e4t\u00f6ksen GrIFK Elit r.f. valituksesta koskien K\u00e4sipalloliiton kurinpitop\u00e4\u00e4t\u00f6st\u00e4 GrIFK:n kielt\u00e4ydytty\u00e4 pelaamasta ohjelman mukaista SM-liigan ottelua HC Tallinnia vastaan 27.9.2020. GrIFK vaati valituksessaan kumoamaan rangaistuksen tai ainakin alentamaan sakkoa ja poistamaan korvausvelvollisuuden kaikilta osin. GrIFK vetosi valituksessaan siihen, ett\u00e4 heill\u00e4 oli hyv\u00e4ksytt\u00e4v\u00e4 syy kielt\u00e4yty\u00e4 kysymyksess\u00e4 olevan ottelun pelaamisesta koronapandemian perusteella ja pyysi [&hellip;]<\/p>\n","protected":false},"author":4,"featured_media":25570,"comment_status":"closed","ping_status":"closed","sticky":false,"template":"","format":"standard","meta":{"_acf_changed":false,"jetpack_post_was_ever_published":false,"_jetpack_newsletter_access":"","_jetpack_dont_email_post_to_subs":false,"_jetpack_newsletter_tier_id":0,"_jetpack_memberships_contains_paywalled_content":false,"_jetpack_memberships_contains_paid_content":false,"footnotes":""},"categories":[2],"tags":[256,83,255],"class_list":["post-26833","post","type-post","status-publish","format-standard","has-post-thumbnail","hentry","category-ajankohtaista","tag-grifk-elit","tag-kurinpito","tag-oikeusturvalautakunta"],"acf":[],"yoast_head":"<!-- This site is optimized with the Yoast SEO plugin v27.5 - https:\/\/yoast.com\/product\/yoast-seo-wordpress\/ -->\n<title>Oikeusturvalautakunnan p\u00e4\u00e4t\u00f6s 21.12.2020 | K\u00e4sipallon miesten Aktialiiga<\/title>\n<meta name=\"robots\" content=\"index, follow, max-snippet:-1, max-image-preview:large, max-video-preview:-1\" \/>\n<link rel=\"canonical\" href=\"https:\/\/aktialiiga.fi\/miehet\/ajankohtaista\/oikeusturvalautakunnan-paatos-21-12-2020\/\" \/>\n<meta property=\"og:locale\" content=\"fi_FI\" \/>\n<meta property=\"og:type\" content=\"article\" \/>\n<meta property=\"og:title\" content=\"Oikeusturvalautakunnan p\u00e4\u00e4t\u00f6s 21.12.2020 | K\u00e4sipallon miesten Aktialiiga\" \/>\n<meta property=\"og:description\" content=\"Urheilun oikeusturvalautakunta on tehnyt p\u00e4\u00e4t\u00f6ksen GrIFK Elit r.f. valituksesta koskien K\u00e4sipalloliiton kurinpitop\u00e4\u00e4t\u00f6st\u00e4 GrIFK:n kielt\u00e4ydytty\u00e4 pelaamasta ohjelman mukaista SM-liigan ottelua HC Tallinnia vastaan 27.9.2020. GrIFK vaati valituksessaan kumoamaan rangaistuksen tai ainakin alentamaan sakkoa ja poistamaan korvausvelvollisuuden kaikilta osin. GrIFK vetosi valituksessaan siihen, ett\u00e4 heill\u00e4 oli hyv\u00e4ksytt\u00e4v\u00e4 syy kielt\u00e4yty\u00e4 kysymyksess\u00e4 olevan ottelun pelaamisesta koronapandemian perusteella ja pyysi [&hellip;]\" \/>\n<meta property=\"og:url\" content=\"https:\/\/aktialiiga.fi\/miehet\/ajankohtaista\/oikeusturvalautakunnan-paatos-21-12-2020\/\" \/>\n<meta property=\"og:site_name\" content=\"K\u00e4sipallon miesten Aktialiiga\" \/>\n<meta property=\"article:publisher\" content=\"https:\/\/www.facebook.com\/finnhandball\" \/>\n<meta property=\"article:published_time\" content=\"2020-12-22T10:22:43+00:00\" \/>\n<meta property=\"article:modified_time\" content=\"2020-12-22T10:23:19+00:00\" \/>\n<meta property=\"og:image\" content=\"https:\/\/i0.wp.com\/aktialiiga.fi\/miehet\/wp-content\/uploads\/sites\/5\/2020\/07\/SKPL.png?fit=1257%2C1285&ssl=1\" \/>\n\t<meta property=\"og:image:width\" content=\"1257\" \/>\n\t<meta property=\"og:image:height\" content=\"1285\" \/>\n\t<meta property=\"og:image:type\" content=\"image\/png\" \/>\n<meta name=\"author\" content=\"taneli\" \/>\n<meta name=\"twitter:card\" content=\"summary_large_image\" \/>\n<meta name=\"twitter:creator\" content=\"@finnhandball\" \/>\n<meta name=\"twitter:site\" content=\"@finnhandball\" \/>\n<script type=\"application\/ld+json\" class=\"yoast-schema-graph\">{\"@context\":\"https:\\\/\\\/schema.org\",\"@graph\":[{\"@type\":\"Article\",\"@id\":\"https:\\\/\\\/aktialiiga.fi\\\/miehet\\\/ajankohtaista\\\/oikeusturvalautakunnan-paatos-21-12-2020\\\/#article\",\"isPartOf\":{\"@id\":\"https:\\\/\\\/aktialiiga.fi\\\/miehet\\\/ajankohtaista\\\/oikeusturvalautakunnan-paatos-21-12-2020\\\/\"},\"author\":{\"name\":\"taneli\",\"@id\":\"https:\\\/\\\/aktialiiga.fi\\\/miehet\\\/#\\\/schema\\\/person\\\/412513cbce92bba29254d05af23da5be\"},\"headline\":\"Oikeusturvalautakunnan p\u00e4\u00e4t\u00f6s 21.12.2020\",\"datePublished\":\"2020-12-22T10:22:43+00:00\",\"dateModified\":\"2020-12-22T10:23:19+00:00\",\"mainEntityOfPage\":{\"@id\":\"https:\\\/\\\/aktialiiga.fi\\\/miehet\\\/ajankohtaista\\\/oikeusturvalautakunnan-paatos-21-12-2020\\\/\"},\"wordCount\":266,\"publisher\":{\"@id\":\"https:\\\/\\\/aktialiiga.fi\\\/miehet\\\/#organization\"},\"image\":{\"@id\":\"https:\\\/\\\/aktialiiga.fi\\\/miehet\\\/ajankohtaista\\\/oikeusturvalautakunnan-paatos-21-12-2020\\\/#primaryimage\"},\"thumbnailUrl\":\"https:\\\/\\\/i0.wp.com\\\/aktialiiga.fi\\\/miehet\\\/wp-content\\\/uploads\\\/sites\\\/5\\\/2020\\\/07\\\/SKPL.png?fit=1257%2C1285&ssl=1\",\"keywords\":[\"GrIFK Elit\",\"kurinpito\",\"Oikeusturvalautakunta\"],\"articleSection\":[\"Ajankohtaista\"],\"inLanguage\":\"fi\"},{\"@type\":\"WebPage\",\"@id\":\"https:\\\/\\\/aktialiiga.fi\\\/miehet\\\/ajankohtaista\\\/oikeusturvalautakunnan-paatos-21-12-2020\\\/\",\"url\":\"https:\\\/\\\/aktialiiga.fi\\\/miehet\\\/ajankohtaista\\\/oikeusturvalautakunnan-paatos-21-12-2020\\\/\",\"name\":\"Oikeusturvalautakunnan p\u00e4\u00e4t\u00f6s 21.12.2020 | K\u00e4sipallon miesten Aktialiiga\",\"isPartOf\":{\"@id\":\"https:\\\/\\\/aktialiiga.fi\\\/miehet\\\/#website\"},\"primaryImageOfPage\":{\"@id\":\"https:\\\/\\\/aktialiiga.fi\\\/miehet\\\/ajankohtaista\\\/oikeusturvalautakunnan-paatos-21-12-2020\\\/#primaryimage\"},\"image\":{\"@id\":\"https:\\\/\\\/aktialiiga.fi\\\/miehet\\\/ajankohtaista\\\/oikeusturvalautakunnan-paatos-21-12-2020\\\/#primaryimage\"},\"thumbnailUrl\":\"https:\\\/\\\/i0.wp.com\\\/aktialiiga.fi\\\/miehet\\\/wp-content\\\/uploads\\\/sites\\\/5\\\/2020\\\/07\\\/SKPL.png?fit=1257%2C1285&ssl=1\",\"datePublished\":\"2020-12-22T10:22:43+00:00\",\"dateModified\":\"2020-12-22T10:23:19+00:00\",\"breadcrumb\":{\"@id\":\"https:\\\/\\\/aktialiiga.fi\\\/miehet\\\/ajankohtaista\\\/oikeusturvalautakunnan-paatos-21-12-2020\\\/#breadcrumb\"},\"inLanguage\":\"fi\",\"potentialAction\":[{\"@type\":\"ReadAction\",\"target\":[\"https:\\\/\\\/aktialiiga.fi\\\/miehet\\\/ajankohtaista\\\/oikeusturvalautakunnan-paatos-21-12-2020\\\/\"]}]},{\"@type\":\"ImageObject\",\"inLanguage\":\"fi\",\"@id\":\"https:\\\/\\\/aktialiiga.fi\\\/miehet\\\/ajankohtaista\\\/oikeusturvalautakunnan-paatos-21-12-2020\\\/#primaryimage\",\"url\":\"https:\\\/\\\/i0.wp.com\\\/aktialiiga.fi\\\/miehet\\\/wp-content\\\/uploads\\\/sites\\\/5\\\/2020\\\/07\\\/SKPL.png?fit=1257%2C1285&ssl=1\",\"contentUrl\":\"https:\\\/\\\/i0.wp.com\\\/aktialiiga.fi\\\/miehet\\\/wp-content\\\/uploads\\\/sites\\\/5\\\/2020\\\/07\\\/SKPL.png?fit=1257%2C1285&ssl=1\",\"width\":1257,\"height\":1285},{\"@type\":\"BreadcrumbList\",\"@id\":\"https:\\\/\\\/aktialiiga.fi\\\/miehet\\\/ajankohtaista\\\/oikeusturvalautakunnan-paatos-21-12-2020\\\/#breadcrumb\",\"itemListElement\":[{\"@type\":\"ListItem\",\"position\":1,\"name\":\"Etusivu\",\"item\":\"https:\\\/\\\/aktialiiga.fi\\\/miehet\\\/\"},{\"@type\":\"ListItem\",\"position\":2,\"name\":\"Oikeusturvalautakunnan p\u00e4\u00e4t\u00f6s 21.12.2020\"}]},{\"@type\":\"WebSite\",\"@id\":\"https:\\\/\\\/aktialiiga.fi\\\/miehet\\\/#website\",\"url\":\"https:\\\/\\\/aktialiiga.fi\\\/miehet\\\/\",\"name\":\"K\u00e4sipallon miesten Aktialiiga\",\"description\":\"Valtakunnan vauhdikkainta palloilua!\",\"publisher\":{\"@id\":\"https:\\\/\\\/aktialiiga.fi\\\/miehet\\\/#organization\"},\"potentialAction\":[{\"@type\":\"SearchAction\",\"target\":{\"@type\":\"EntryPoint\",\"urlTemplate\":\"https:\\\/\\\/aktialiiga.fi\\\/miehet\\\/?s={search_term_string}\"},\"query-input\":{\"@type\":\"PropertyValueSpecification\",\"valueRequired\":true,\"valueName\":\"search_term_string\"}}],\"inLanguage\":\"fi\"},{\"@type\":\"Organization\",\"@id\":\"https:\\\/\\\/aktialiiga.fi\\\/miehet\\\/#organization\",\"name\":\"K\u00e4sipallon miesten Aktialiiga\",\"url\":\"https:\\\/\\\/aktialiiga.fi\\\/miehet\\\/\",\"logo\":{\"@type\":\"ImageObject\",\"inLanguage\":\"fi\",\"@id\":\"https:\\\/\\\/aktialiiga.fi\\\/miehet\\\/#\\\/schema\\\/logo\\\/image\\\/\",\"url\":\"https:\\\/\\\/i0.wp.com\\\/aktialiiga.fi\\\/miehet\\\/wp-content\\\/uploads\\\/sites\\\/5\\\/2024\\\/09\\\/Aktialiiga-Yoast-512.png?fit=512%2C512&ssl=1\",\"contentUrl\":\"https:\\\/\\\/i0.wp.com\\\/aktialiiga.fi\\\/miehet\\\/wp-content\\\/uploads\\\/sites\\\/5\\\/2024\\\/09\\\/Aktialiiga-Yoast-512.png?fit=512%2C512&ssl=1\",\"width\":512,\"height\":512,\"caption\":\"K\u00e4sipallon miesten Aktialiiga\"},\"image\":{\"@id\":\"https:\\\/\\\/aktialiiga.fi\\\/miehet\\\/#\\\/schema\\\/logo\\\/image\\\/\"},\"sameAs\":[\"https:\\\/\\\/www.facebook.com\\\/finnhandball\",\"https:\\\/\\\/x.com\\\/finnhandball\",\"https:\\\/\\\/www.instagram.com\\\/handballfinland\\\/\"]},{\"@type\":\"Person\",\"@id\":\"https:\\\/\\\/aktialiiga.fi\\\/miehet\\\/#\\\/schema\\\/person\\\/412513cbce92bba29254d05af23da5be\",\"name\":\"taneli\",\"image\":{\"@type\":\"ImageObject\",\"inLanguage\":\"fi\",\"@id\":\"https:\\\/\\\/secure.gravatar.com\\\/avatar\\\/c83f910d294b8085dcd20a1367ae86f4baf33e265d39f705ecb9f2d63404c6f4?s=96&d=mm&r=g\",\"url\":\"https:\\\/\\\/secure.gravatar.com\\\/avatar\\\/c83f910d294b8085dcd20a1367ae86f4baf33e265d39f705ecb9f2d63404c6f4?s=96&d=mm&r=g\",\"contentUrl\":\"https:\\\/\\\/secure.gravatar.com\\\/avatar\\\/c83f910d294b8085dcd20a1367ae86f4baf33e265d39f705ecb9f2d63404c6f4?s=96&d=mm&r=g\",\"caption\":\"taneli\"}}]}<\/script>\n<!-- \/ Yoast SEO plugin. -->","yoast_head_json":{"title":"Oikeusturvalautakunnan p\u00e4\u00e4t\u00f6s 21.12.2020 | K\u00e4sipallon miesten Aktialiiga","robots":{"index":"index","follow":"follow","max-snippet":"max-snippet:-1","max-image-preview":"max-image-preview:large","max-video-preview":"max-video-preview:-1"},"canonical":"https:\/\/aktialiiga.fi\/miehet\/ajankohtaista\/oikeusturvalautakunnan-paatos-21-12-2020\/","og_locale":"fi_FI","og_type":"article","og_title":"Oikeusturvalautakunnan p\u00e4\u00e4t\u00f6s 21.12.2020 | K\u00e4sipallon miesten Aktialiiga","og_description":"Urheilun oikeusturvalautakunta on tehnyt p\u00e4\u00e4t\u00f6ksen GrIFK Elit r.f. valituksesta koskien K\u00e4sipalloliiton kurinpitop\u00e4\u00e4t\u00f6st\u00e4 GrIFK:n kielt\u00e4ydytty\u00e4 pelaamasta ohjelman mukaista SM-liigan ottelua HC Tallinnia vastaan 27.9.2020. GrIFK vaati valituksessaan kumoamaan rangaistuksen tai ainakin alentamaan sakkoa ja poistamaan korvausvelvollisuuden kaikilta osin. GrIFK vetosi valituksessaan siihen, ett\u00e4 heill\u00e4 oli hyv\u00e4ksytt\u00e4v\u00e4 syy kielt\u00e4yty\u00e4 kysymyksess\u00e4 olevan ottelun pelaamisesta koronapandemian perusteella ja pyysi [&hellip;]","og_url":"https:\/\/aktialiiga.fi\/miehet\/ajankohtaista\/oikeusturvalautakunnan-paatos-21-12-2020\/","og_site_name":"K\u00e4sipallon miesten Aktialiiga","article_publisher":"https:\/\/www.facebook.com\/finnhandball","article_published_time":"2020-12-22T10:22:43+00:00","article_modified_time":"2020-12-22T10:23:19+00:00","og_image":[{"width":1257,"height":1285,"url":"https:\/\/i0.wp.com\/aktialiiga.fi\/miehet\/wp-content\/uploads\/sites\/5\/2020\/07\/SKPL.png?fit=1257%2C1285&ssl=1","type":"image\/png"}],"author":"taneli","twitter_card":"summary_large_image","twitter_creator":"@finnhandball","twitter_site":"@finnhandball","schema":{"@context":"https:\/\/schema.org","@graph":[{"@type":"Article","@id":"https:\/\/aktialiiga.fi\/miehet\/ajankohtaista\/oikeusturvalautakunnan-paatos-21-12-2020\/#article","isPartOf":{"@id":"https:\/\/aktialiiga.fi\/miehet\/ajankohtaista\/oikeusturvalautakunnan-paatos-21-12-2020\/"},"author":{"name":"taneli","@id":"https:\/\/aktialiiga.fi\/miehet\/#\/schema\/person\/412513cbce92bba29254d05af23da5be"},"headline":"Oikeusturvalautakunnan p\u00e4\u00e4t\u00f6s 21.12.2020","datePublished":"2020-12-22T10:22:43+00:00","dateModified":"2020-12-22T10:23:19+00:00","mainEntityOfPage":{"@id":"https:\/\/aktialiiga.fi\/miehet\/ajankohtaista\/oikeusturvalautakunnan-paatos-21-12-2020\/"},"wordCount":266,"publisher":{"@id":"https:\/\/aktialiiga.fi\/miehet\/#organization"},"image":{"@id":"https:\/\/aktialiiga.fi\/miehet\/ajankohtaista\/oikeusturvalautakunnan-paatos-21-12-2020\/#primaryimage"},"thumbnailUrl":"https:\/\/i0.wp.com\/aktialiiga.fi\/miehet\/wp-content\/uploads\/sites\/5\/2020\/07\/SKPL.png?fit=1257%2C1285&ssl=1","keywords":["GrIFK Elit","kurinpito","Oikeusturvalautakunta"],"articleSection":["Ajankohtaista"],"inLanguage":"fi"},{"@type":"WebPage","@id":"https:\/\/aktialiiga.fi\/miehet\/ajankohtaista\/oikeusturvalautakunnan-paatos-21-12-2020\/","url":"https:\/\/aktialiiga.fi\/miehet\/ajankohtaista\/oikeusturvalautakunnan-paatos-21-12-2020\/","name":"Oikeusturvalautakunnan p\u00e4\u00e4t\u00f6s 21.12.2020 | K\u00e4sipallon miesten Aktialiiga","isPartOf":{"@id":"https:\/\/aktialiiga.fi\/miehet\/#website"},"primaryImageOfPage":{"@id":"https:\/\/aktialiiga.fi\/miehet\/ajankohtaista\/oikeusturvalautakunnan-paatos-21-12-2020\/#primaryimage"},"image":{"@id":"https:\/\/aktialiiga.fi\/miehet\/ajankohtaista\/oikeusturvalautakunnan-paatos-21-12-2020\/#primaryimage"},"thumbnailUrl":"https:\/\/i0.wp.com\/aktialiiga.fi\/miehet\/wp-content\/uploads\/sites\/5\/2020\/07\/SKPL.png?fit=1257%2C1285&ssl=1","datePublished":"2020-12-22T10:22:43+00:00","dateModified":"2020-12-22T10:23:19+00:00","breadcrumb":{"@id":"https:\/\/aktialiiga.fi\/miehet\/ajankohtaista\/oikeusturvalautakunnan-paatos-21-12-2020\/#breadcrumb"},"inLanguage":"fi","potentialAction":[{"@type":"ReadAction","target":["https:\/\/aktialiiga.fi\/miehet\/ajankohtaista\/oikeusturvalautakunnan-paatos-21-12-2020\/"]}]},{"@type":"ImageObject","inLanguage":"fi","@id":"https:\/\/aktialiiga.fi\/miehet\/ajankohtaista\/oikeusturvalautakunnan-paatos-21-12-2020\/#primaryimage","url":"https:\/\/i0.wp.com\/aktialiiga.fi\/miehet\/wp-content\/uploads\/sites\/5\/2020\/07\/SKPL.png?fit=1257%2C1285&ssl=1","contentUrl":"https:\/\/i0.wp.com\/aktialiiga.fi\/miehet\/wp-content\/uploads\/sites\/5\/2020\/07\/SKPL.png?fit=1257%2C1285&ssl=1","width":1257,"height":1285},{"@type":"BreadcrumbList","@id":"https:\/\/aktialiiga.fi\/miehet\/ajankohtaista\/oikeusturvalautakunnan-paatos-21-12-2020\/#breadcrumb","itemListElement":[{"@type":"ListItem","position":1,"name":"Etusivu","item":"https:\/\/aktialiiga.fi\/miehet\/"},{"@type":"ListItem","position":2,"name":"Oikeusturvalautakunnan p\u00e4\u00e4t\u00f6s 21.12.2020"}]},{"@type":"WebSite","@id":"https:\/\/aktialiiga.fi\/miehet\/#website","url":"https:\/\/aktialiiga.fi\/miehet\/","name":"K\u00e4sipallon miesten Aktialiiga","description":"Valtakunnan vauhdikkainta palloilua!","publisher":{"@id":"https:\/\/aktialiiga.fi\/miehet\/#organization"},"potentialAction":[{"@type":"SearchAction","target":{"@type":"EntryPoint","urlTemplate":"https:\/\/aktialiiga.fi\/miehet\/?s={search_term_string}"},"query-input":{"@type":"PropertyValueSpecification","valueRequired":true,"valueName":"search_term_string"}}],"inLanguage":"fi"},{"@type":"Organization","@id":"https:\/\/aktialiiga.fi\/miehet\/#organization","name":"K\u00e4sipallon miesten Aktialiiga","url":"https:\/\/aktialiiga.fi\/miehet\/","logo":{"@type":"ImageObject","inLanguage":"fi","@id":"https:\/\/aktialiiga.fi\/miehet\/#\/schema\/logo\/image\/","url":"https:\/\/i0.wp.com\/aktialiiga.fi\/miehet\/wp-content\/uploads\/sites\/5\/2024\/09\/Aktialiiga-Yoast-512.png?fit=512%2C512&ssl=1","contentUrl":"https:\/\/i0.wp.com\/aktialiiga.fi\/miehet\/wp-content\/uploads\/sites\/5\/2024\/09\/Aktialiiga-Yoast-512.png?fit=512%2C512&ssl=1","width":512,"height":512,"caption":"K\u00e4sipallon miesten Aktialiiga"},"image":{"@id":"https:\/\/aktialiiga.fi\/miehet\/#\/schema\/logo\/image\/"},"sameAs":["https:\/\/www.facebook.com\/finnhandball","https:\/\/x.com\/finnhandball","https:\/\/www.instagram.com\/handballfinland\/"]},{"@type":"Person","@id":"https:\/\/aktialiiga.fi\/miehet\/#\/schema\/person\/412513cbce92bba29254d05af23da5be","name":"taneli","image":{"@type":"ImageObject","inLanguage":"fi","@id":"https:\/\/secure.gravatar.com\/avatar\/c83f910d294b8085dcd20a1367ae86f4baf33e265d39f705ecb9f2d63404c6f4?s=96&d=mm&r=g","url":"https:\/\/secure.gravatar.com\/avatar\/c83f910d294b8085dcd20a1367ae86f4baf33e265d39f705ecb9f2d63404c6f4?s=96&d=mm&r=g","contentUrl":"https:\/\/secure.gravatar.com\/avatar\/c83f910d294b8085dcd20a1367ae86f4baf33e265d39f705ecb9f2d63404c6f4?s=96&d=mm&r=g","caption":"taneli"}}]}},"jetpack_featured_media_url":"https:\/\/i0.wp.com\/aktialiiga.fi\/miehet\/wp-content\/uploads\/sites\/5\/2020\/07\/SKPL.png?fit=1257%2C1285&ssl=1","jetpack_sharing_enabled":true,"jetpack_shortlink":"https:\/\/wp.me\/pfTxOr-6YN","_links":{"self":[{"href":"https:\/\/aktialiiga.fi\/miehet\/wp-json\/wp\/v2\/posts\/26833","targetHints":{"allow":["GET"]}}],"collection":[{"href":"https:\/\/aktialiiga.fi\/miehet\/wp-json\/wp\/v2\/posts"}],"about":[{"href":"https:\/\/aktialiiga.fi\/miehet\/wp-json\/wp\/v2\/types\/post"}],"author":[{"embeddable":true,"href":"https:\/\/aktialiiga.fi\/miehet\/wp-json\/wp\/v2\/users\/4"}],"replies":[{"embeddable":true,"href":"https:\/\/aktialiiga.fi\/miehet\/wp-json\/wp\/v2\/comments?post=26833"}],"version-history":[{"count":0,"href":"https:\/\/aktialiiga.fi\/miehet\/wp-json\/wp\/v2\/posts\/26833\/revisions"}],"wp:featuredmedia":[{"embeddable":true,"href":"https:\/\/aktialiiga.fi\/miehet\/wp-json\/wp\/v2\/media\/25570"}],"wp:attachment":[{"href":"https:\/\/aktialiiga.fi\/miehet\/wp-json\/wp\/v2\/media?parent=26833"}],"wp:term":[{"taxonomy":"category","embeddable":true,"href":"https:\/\/aktialiiga.fi\/miehet\/wp-json\/wp\/v2\/categories?post=26833"},{"taxonomy":"post_tag","embeddable":true,"href":"https:\/\/aktialiiga.fi\/miehet\/wp-json\/wp\/v2\/tags?post=26833"}],"curies":[{"name":"wp","href":"https:\/\/api.w.org\/{rel}","templated":true}]}}