{"id":27248,"date":"2021-02-26T20:34:56","date_gmt":"2021-02-26T18:34:56","guid":{"rendered":"https:\/\/aktialiiga.fi\/miehet\/?p=27248"},"modified":"2021-02-26T20:41:29","modified_gmt":"2021-02-26T18:41:29","slug":"grifk-voittoon-ja-alemman-jatkosarjan-ykkoseksi","status":"publish","type":"post","link":"https:\/\/aktialiiga.fi\/miehet\/2020-2021\/ottelut-2020-21\/grifk-voittoon-ja-alemman-jatkosarjan-ykkoseksi\/","title":{"rendered":"GrIFK voittoon ja alemman jatkosarjan ykk\u00f6seksi"},"content":{"rendered":"<p>GrIFK kaatoi perjantaina \u00c5IFK:n selvin numeroin ja sinet\u00f6i voitollaan samalla ykk\u00f6ssijansa SM-liigan alemmassa jatkosarjassa.<\/p>\n<p>Grani otti alkuminuuttien j\u00e4lkeen tukevan otteen kamppailusta ja kasvatti johtoaan tasaisesti l\u00e4pi avausjakson. Etenkin vieraiden puolustus piti eritt\u00e4in hyvin ja eroa taukoon menness\u00e4 oli tullut jo kahdeksan maalia.<\/p>\n<p>Tauon j\u00e4lkeen jatkui sama tahti. Grani lis\u00e4si johtoaan v\u00e4hitellen, eik\u00e4 \u00c5IFK:lla ollut ev\u00e4it\u00e4 nousta en\u00e4\u00e4 taistelemaan voitosta. Lopulta vierasvoitto l\u00e4hti kauniaislaisten matkaan selv\u00e4ll\u00e4 16 maalin erolla.<\/p>\n<p>\u00c5IFK:n p\u00e4\u00e4valmentaja Aku Kuusisto ei tappiota l\u00e4htenyt isommin selittelem\u00e4\u00e4n.<\/p>\n<p>&#8211; Taistelimme niill\u00e4 pelaajilla, joita oli. Fokus seuraavaan peliin. Onnea Granille &#8211; he ansaitsivat voiton, Kuusisto my\u00f6nsi.<\/p>\n<p>GrIFK-luotsi Mikael K\u00e4llman oli kokonaisuuteen kaikin puolin tyytyv\u00e4inen.<\/p>\n<p>&#8211; Kun saatiin pelin k\u00e4yntiin, niin pelattiin hyv\u00e4 ottelu. Oikein vakuuttavaa, K\u00e4llman tuumi.<\/p>\n<p>Samaa sanoi ottelun vakuuttavimman pelaajan tittelin ja kolme L\u00e4hiTapiola-t\u00e4hte\u00e4 vienyt Granin Richard Sundberg.<\/p>\n<p>&#8211; Tultiin Turkuun tekem\u00e4\u00e4n ty\u00f6mme ja teimme sen cruise controlilla, Sundberg kuvaili.<\/p>\n<p><strong>\u00c5IFK \u2013 GrIFK 18-34 (7-15)<\/strong><\/p>\n<p><strong>Maalintekij\u00e4t<\/strong>: maalit (7m maalit)<br \/>\n\u00c5IFK: Peik Sj\u00f6blom 5, Oscar Berglund 5, Isak Lehvonen 3, Niklas Manderoos 2 (2), Jonne Karttunen 2, Thomas Hollfast 1<br \/>\nGrIFK: Richard Sundberg 5, Niki Tuominen 4, Patrik L\u00e5ng 4, Robin Granlund 4, Erik \u00c5kermarck 3, Daniel L\u00e5ng 3, Fredrik Forss 3, Ville Viljanen 2 (1), Daniel Timmerman 2 (1), Christoffer Sj\u00f6blom 1, Miro Koljonen 1, Kalle Kankaanp\u00e4\u00e4 1, Anthony Hellakoski 1<\/p>\n<p><strong>L\u00e4hiTapiola-t\u00e4htipelaajat<\/strong><br \/>\nRichard Sundberg GrIFK 3<br \/>\nAtte Pakarinen GrIFK 2<br \/>\nDaniel L\u00e5ng GrIFK 1<\/p>\n<p><strong>2 min ulosajot sek\u00e4 pelist\u00e4 sulkemiset<\/strong><br \/>\n\u00c5IFK: Isak Lehvonen 2 x 2 min, Oscar Berglund 1 x 2 min<br \/>\nGrIFK: Christoffer Sj\u00f6blom 1 x 2 min, Fredrik Forss 1 x 2 min<\/p>\n<p><em>Erotuomarit<\/em>: Tapani Kuri &#8211; Krister Illman<\/p>\n<p><em>Yleis\u00f6\u00e4<\/em>: 0<\/p>\n","protected":false},"excerpt":{"rendered":"<p>GrIFK kaatoi perjantaina \u00c5IFK:n selvin numeroin ja sinet\u00f6i voitollaan samalla ykk\u00f6ssijansa SM-liigan alemmassa jatkosarjassa. Grani otti alkuminuuttien j\u00e4lkeen tukevan otteen kamppailusta ja kasvatti johtoaan tasaisesti l\u00e4pi avausjakson. Etenkin vieraiden puolustus piti eritt\u00e4in hyvin ja eroa taukoon menness\u00e4 oli tullut jo kahdeksan maalia. Tauon j\u00e4lkeen jatkui sama tahti. Grani lis\u00e4si johtoaan v\u00e4hitellen, eik\u00e4 \u00c5IFK:lla ollut ev\u00e4it\u00e4 [&hellip;]<\/p>\n","protected":false},"author":13,"featured_media":26776,"comment_status":"closed","ping_status":"closed","sticky":false,"template":"","format":"standard","meta":{"_acf_changed":false,"jetpack_post_was_ever_published":false,"_jetpack_newsletter_access":"","_jetpack_dont_email_post_to_subs":false,"_jetpack_newsletter_tier_id":0,"_jetpack_memberships_contains_paywalled_content":false,"_jetpack_memberships_contains_paid_content":false,"footnotes":""},"categories":[238],"tags":[50,64],"class_list":["post-27248","post","type-post","status-publish","format-standard","has-post-thumbnail","hentry","category-ottelut-2020-21","tag-aifk","tag-grifk"],"acf":[],"yoast_head":"<!-- This site is optimized with the Yoast SEO plugin v27.5 - https:\/\/yoast.com\/product\/yoast-seo-wordpress\/ -->\n<title>GrIFK voittoon ja alemman jatkosarjan ykk\u00f6seksi | K\u00e4sipallon miesten Aktialiiga<\/title>\n<meta name=\"robots\" content=\"index, follow, max-snippet:-1, max-image-preview:large, max-video-preview:-1\" \/>\n<link rel=\"canonical\" href=\"https:\/\/aktialiiga.fi\/miehet\/2020-2021\/ottelut-2020-21\/grifk-voittoon-ja-alemman-jatkosarjan-ykkoseksi\/\" \/>\n<meta property=\"og:locale\" content=\"fi_FI\" \/>\n<meta property=\"og:type\" content=\"article\" \/>\n<meta property=\"og:title\" content=\"GrIFK voittoon ja alemman jatkosarjan ykk\u00f6seksi | K\u00e4sipallon miesten Aktialiiga\" \/>\n<meta property=\"og:description\" content=\"GrIFK kaatoi perjantaina \u00c5IFK:n selvin numeroin ja sinet\u00f6i voitollaan samalla ykk\u00f6ssijansa SM-liigan alemmassa jatkosarjassa. Grani otti alkuminuuttien j\u00e4lkeen tukevan otteen kamppailusta ja kasvatti johtoaan tasaisesti l\u00e4pi avausjakson. Etenkin vieraiden puolustus piti eritt\u00e4in hyvin ja eroa taukoon menness\u00e4 oli tullut jo kahdeksan maalia. Tauon j\u00e4lkeen jatkui sama tahti. Grani lis\u00e4si johtoaan v\u00e4hitellen, eik\u00e4 \u00c5IFK:lla ollut ev\u00e4it\u00e4 [&hellip;]\" \/>\n<meta property=\"og:url\" content=\"https:\/\/aktialiiga.fi\/miehet\/2020-2021\/ottelut-2020-21\/grifk-voittoon-ja-alemman-jatkosarjan-ykkoseksi\/\" \/>\n<meta property=\"og:site_name\" content=\"K\u00e4sipallon miesten Aktialiiga\" \/>\n<meta property=\"article:publisher\" content=\"https:\/\/www.facebook.com\/finnhandball\" \/>\n<meta property=\"article:published_time\" content=\"2021-02-26T18:34:56+00:00\" \/>\n<meta property=\"article:modified_time\" content=\"2021-02-26T18:41:29+00:00\" \/>\n<meta property=\"og:image\" content=\"https:\/\/i0.wp.com\/aktialiiga.fi\/miehet\/wp-content\/uploads\/sites\/5\/2020\/12\/GriFK_Sundberg_Richard_2021.jpg?fit=1113%2C450&ssl=1\" \/>\n\t<meta property=\"og:image:width\" content=\"1113\" \/>\n\t<meta property=\"og:image:height\" content=\"450\" \/>\n\t<meta property=\"og:image:type\" content=\"image\/jpeg\" \/>\n<meta name=\"author\" content=\"tbrmedia\" \/>\n<meta name=\"twitter:card\" content=\"summary_large_image\" \/>\n<meta name=\"twitter:creator\" content=\"@finnhandball\" \/>\n<meta name=\"twitter:site\" content=\"@finnhandball\" \/>\n<script type=\"application\/ld+json\" class=\"yoast-schema-graph\">{\"@context\":\"https:\\\/\\\/schema.org\",\"@graph\":[{\"@type\":\"Article\",\"@id\":\"https:\\\/\\\/aktialiiga.fi\\\/miehet\\\/2020-2021\\\/ottelut-2020-21\\\/grifk-voittoon-ja-alemman-jatkosarjan-ykkoseksi\\\/#article\",\"isPartOf\":{\"@id\":\"https:\\\/\\\/aktialiiga.fi\\\/miehet\\\/2020-2021\\\/ottelut-2020-21\\\/grifk-voittoon-ja-alemman-jatkosarjan-ykkoseksi\\\/\"},\"author\":{\"name\":\"tbrmedia\",\"@id\":\"https:\\\/\\\/aktialiiga.fi\\\/miehet\\\/#\\\/schema\\\/person\\\/c14bf42f47041db74603c45afcb18d87\"},\"headline\":\"GrIFK voittoon ja alemman jatkosarjan ykk\u00f6seksi\",\"datePublished\":\"2021-02-26T18:34:56+00:00\",\"dateModified\":\"2021-02-26T18:41:29+00:00\",\"mainEntityOfPage\":{\"@id\":\"https:\\\/\\\/aktialiiga.fi\\\/miehet\\\/2020-2021\\\/ottelut-2020-21\\\/grifk-voittoon-ja-alemman-jatkosarjan-ykkoseksi\\\/\"},\"wordCount\":269,\"publisher\":{\"@id\":\"https:\\\/\\\/aktialiiga.fi\\\/miehet\\\/#organization\"},\"image\":{\"@id\":\"https:\\\/\\\/aktialiiga.fi\\\/miehet\\\/2020-2021\\\/ottelut-2020-21\\\/grifk-voittoon-ja-alemman-jatkosarjan-ykkoseksi\\\/#primaryimage\"},\"thumbnailUrl\":\"https:\\\/\\\/i0.wp.com\\\/aktialiiga.fi\\\/miehet\\\/wp-content\\\/uploads\\\/sites\\\/5\\\/2020\\\/12\\\/GriFK_Sundberg_Richard_2021.jpg?fit=1113%2C450&ssl=1\",\"keywords\":[\"\u00c5IFK\",\"GrIFK\"],\"articleSection\":[\"Ottelut\"],\"inLanguage\":\"fi\"},{\"@type\":\"WebPage\",\"@id\":\"https:\\\/\\\/aktialiiga.fi\\\/miehet\\\/2020-2021\\\/ottelut-2020-21\\\/grifk-voittoon-ja-alemman-jatkosarjan-ykkoseksi\\\/\",\"url\":\"https:\\\/\\\/aktialiiga.fi\\\/miehet\\\/2020-2021\\\/ottelut-2020-21\\\/grifk-voittoon-ja-alemman-jatkosarjan-ykkoseksi\\\/\",\"name\":\"GrIFK voittoon ja alemman jatkosarjan ykk\u00f6seksi | K\u00e4sipallon miesten Aktialiiga\",\"isPartOf\":{\"@id\":\"https:\\\/\\\/aktialiiga.fi\\\/miehet\\\/#website\"},\"primaryImageOfPage\":{\"@id\":\"https:\\\/\\\/aktialiiga.fi\\\/miehet\\\/2020-2021\\\/ottelut-2020-21\\\/grifk-voittoon-ja-alemman-jatkosarjan-ykkoseksi\\\/#primaryimage\"},\"image\":{\"@id\":\"https:\\\/\\\/aktialiiga.fi\\\/miehet\\\/2020-2021\\\/ottelut-2020-21\\\/grifk-voittoon-ja-alemman-jatkosarjan-ykkoseksi\\\/#primaryimage\"},\"thumbnailUrl\":\"https:\\\/\\\/i0.wp.com\\\/aktialiiga.fi\\\/miehet\\\/wp-content\\\/uploads\\\/sites\\\/5\\\/2020\\\/12\\\/GriFK_Sundberg_Richard_2021.jpg?fit=1113%2C450&ssl=1\",\"datePublished\":\"2021-02-26T18:34:56+00:00\",\"dateModified\":\"2021-02-26T18:41:29+00:00\",\"breadcrumb\":{\"@id\":\"https:\\\/\\\/aktialiiga.fi\\\/miehet\\\/2020-2021\\\/ottelut-2020-21\\\/grifk-voittoon-ja-alemman-jatkosarjan-ykkoseksi\\\/#breadcrumb\"},\"inLanguage\":\"fi\",\"potentialAction\":[{\"@type\":\"ReadAction\",\"target\":[\"https:\\\/\\\/aktialiiga.fi\\\/miehet\\\/2020-2021\\\/ottelut-2020-21\\\/grifk-voittoon-ja-alemman-jatkosarjan-ykkoseksi\\\/\"]}]},{\"@type\":\"ImageObject\",\"inLanguage\":\"fi\",\"@id\":\"https:\\\/\\\/aktialiiga.fi\\\/miehet\\\/2020-2021\\\/ottelut-2020-21\\\/grifk-voittoon-ja-alemman-jatkosarjan-ykkoseksi\\\/#primaryimage\",\"url\":\"https:\\\/\\\/i0.wp.com\\\/aktialiiga.fi\\\/miehet\\\/wp-content\\\/uploads\\\/sites\\\/5\\\/2020\\\/12\\\/GriFK_Sundberg_Richard_2021.jpg?fit=1113%2C450&ssl=1\",\"contentUrl\":\"https:\\\/\\\/i0.wp.com\\\/aktialiiga.fi\\\/miehet\\\/wp-content\\\/uploads\\\/sites\\\/5\\\/2020\\\/12\\\/GriFK_Sundberg_Richard_2021.jpg?fit=1113%2C450&ssl=1\",\"width\":1113,\"height\":450,\"caption\":\"Richard Sundberg #20, GrIFK k\u00e4sipallon Miesten SM-liiga SIF - GrIFK ottelussa Fennia Arena Siuntio 14. marraskuuta 2020. (Kalle Parkkinen\\\/Newspix24)\"},{\"@type\":\"BreadcrumbList\",\"@id\":\"https:\\\/\\\/aktialiiga.fi\\\/miehet\\\/2020-2021\\\/ottelut-2020-21\\\/grifk-voittoon-ja-alemman-jatkosarjan-ykkoseksi\\\/#breadcrumb\",\"itemListElement\":[{\"@type\":\"ListItem\",\"position\":1,\"name\":\"Etusivu\",\"item\":\"https:\\\/\\\/aktialiiga.fi\\\/miehet\\\/\"},{\"@type\":\"ListItem\",\"position\":2,\"name\":\"GrIFK voittoon ja alemman jatkosarjan ykk\u00f6seksi\"}]},{\"@type\":\"WebSite\",\"@id\":\"https:\\\/\\\/aktialiiga.fi\\\/miehet\\\/#website\",\"url\":\"https:\\\/\\\/aktialiiga.fi\\\/miehet\\\/\",\"name\":\"K\u00e4sipallon miesten Aktialiiga\",\"description\":\"Valtakunnan vauhdikkainta palloilua!\",\"publisher\":{\"@id\":\"https:\\\/\\\/aktialiiga.fi\\\/miehet\\\/#organization\"},\"potentialAction\":[{\"@type\":\"SearchAction\",\"target\":{\"@type\":\"EntryPoint\",\"urlTemplate\":\"https:\\\/\\\/aktialiiga.fi\\\/miehet\\\/?s={search_term_string}\"},\"query-input\":{\"@type\":\"PropertyValueSpecification\",\"valueRequired\":true,\"valueName\":\"search_term_string\"}}],\"inLanguage\":\"fi\"},{\"@type\":\"Organization\",\"@id\":\"https:\\\/\\\/aktialiiga.fi\\\/miehet\\\/#organization\",\"name\":\"K\u00e4sipallon miesten Aktialiiga\",\"url\":\"https:\\\/\\\/aktialiiga.fi\\\/miehet\\\/\",\"logo\":{\"@type\":\"ImageObject\",\"inLanguage\":\"fi\",\"@id\":\"https:\\\/\\\/aktialiiga.fi\\\/miehet\\\/#\\\/schema\\\/logo\\\/image\\\/\",\"url\":\"https:\\\/\\\/i0.wp.com\\\/aktialiiga.fi\\\/miehet\\\/wp-content\\\/uploads\\\/sites\\\/5\\\/2024\\\/09\\\/Aktialiiga-Yoast-512.png?fit=512%2C512&ssl=1\",\"contentUrl\":\"https:\\\/\\\/i0.wp.com\\\/aktialiiga.fi\\\/miehet\\\/wp-content\\\/uploads\\\/sites\\\/5\\\/2024\\\/09\\\/Aktialiiga-Yoast-512.png?fit=512%2C512&ssl=1\",\"width\":512,\"height\":512,\"caption\":\"K\u00e4sipallon miesten Aktialiiga\"},\"image\":{\"@id\":\"https:\\\/\\\/aktialiiga.fi\\\/miehet\\\/#\\\/schema\\\/logo\\\/image\\\/\"},\"sameAs\":[\"https:\\\/\\\/www.facebook.com\\\/finnhandball\",\"https:\\\/\\\/x.com\\\/finnhandball\",\"https:\\\/\\\/www.instagram.com\\\/handballfinland\\\/\"]},{\"@type\":\"Person\",\"@id\":\"https:\\\/\\\/aktialiiga.fi\\\/miehet\\\/#\\\/schema\\\/person\\\/c14bf42f47041db74603c45afcb18d87\",\"name\":\"tbrmedia\",\"image\":{\"@type\":\"ImageObject\",\"inLanguage\":\"fi\",\"@id\":\"https:\\\/\\\/secure.gravatar.com\\\/avatar\\\/ee975fa091fe581d12b60debb3439022686618368a7c142044c56724d4666b16?s=96&d=mm&r=g\",\"url\":\"https:\\\/\\\/secure.gravatar.com\\\/avatar\\\/ee975fa091fe581d12b60debb3439022686618368a7c142044c56724d4666b16?s=96&d=mm&r=g\",\"contentUrl\":\"https:\\\/\\\/secure.gravatar.com\\\/avatar\\\/ee975fa091fe581d12b60debb3439022686618368a7c142044c56724d4666b16?s=96&d=mm&r=g\",\"caption\":\"tbrmedia\"}}]}<\/script>\n<!-- \/ Yoast SEO plugin. -->","yoast_head_json":{"title":"GrIFK voittoon ja alemman jatkosarjan ykk\u00f6seksi | K\u00e4sipallon miesten Aktialiiga","robots":{"index":"index","follow":"follow","max-snippet":"max-snippet:-1","max-image-preview":"max-image-preview:large","max-video-preview":"max-video-preview:-1"},"canonical":"https:\/\/aktialiiga.fi\/miehet\/2020-2021\/ottelut-2020-21\/grifk-voittoon-ja-alemman-jatkosarjan-ykkoseksi\/","og_locale":"fi_FI","og_type":"article","og_title":"GrIFK voittoon ja alemman jatkosarjan ykk\u00f6seksi | K\u00e4sipallon miesten Aktialiiga","og_description":"GrIFK kaatoi perjantaina \u00c5IFK:n selvin numeroin ja sinet\u00f6i voitollaan samalla ykk\u00f6ssijansa SM-liigan alemmassa jatkosarjassa. Grani otti alkuminuuttien j\u00e4lkeen tukevan otteen kamppailusta ja kasvatti johtoaan tasaisesti l\u00e4pi avausjakson. Etenkin vieraiden puolustus piti eritt\u00e4in hyvin ja eroa taukoon menness\u00e4 oli tullut jo kahdeksan maalia. Tauon j\u00e4lkeen jatkui sama tahti. Grani lis\u00e4si johtoaan v\u00e4hitellen, eik\u00e4 \u00c5IFK:lla ollut ev\u00e4it\u00e4 [&hellip;]","og_url":"https:\/\/aktialiiga.fi\/miehet\/2020-2021\/ottelut-2020-21\/grifk-voittoon-ja-alemman-jatkosarjan-ykkoseksi\/","og_site_name":"K\u00e4sipallon miesten Aktialiiga","article_publisher":"https:\/\/www.facebook.com\/finnhandball","article_published_time":"2021-02-26T18:34:56+00:00","article_modified_time":"2021-02-26T18:41:29+00:00","og_image":[{"width":1113,"height":450,"url":"https:\/\/i0.wp.com\/aktialiiga.fi\/miehet\/wp-content\/uploads\/sites\/5\/2020\/12\/GriFK_Sundberg_Richard_2021.jpg?fit=1113%2C450&ssl=1","type":"image\/jpeg"}],"author":"tbrmedia","twitter_card":"summary_large_image","twitter_creator":"@finnhandball","twitter_site":"@finnhandball","schema":{"@context":"https:\/\/schema.org","@graph":[{"@type":"Article","@id":"https:\/\/aktialiiga.fi\/miehet\/2020-2021\/ottelut-2020-21\/grifk-voittoon-ja-alemman-jatkosarjan-ykkoseksi\/#article","isPartOf":{"@id":"https:\/\/aktialiiga.fi\/miehet\/2020-2021\/ottelut-2020-21\/grifk-voittoon-ja-alemman-jatkosarjan-ykkoseksi\/"},"author":{"name":"tbrmedia","@id":"https:\/\/aktialiiga.fi\/miehet\/#\/schema\/person\/c14bf42f47041db74603c45afcb18d87"},"headline":"GrIFK voittoon ja alemman jatkosarjan ykk\u00f6seksi","datePublished":"2021-02-26T18:34:56+00:00","dateModified":"2021-02-26T18:41:29+00:00","mainEntityOfPage":{"@id":"https:\/\/aktialiiga.fi\/miehet\/2020-2021\/ottelut-2020-21\/grifk-voittoon-ja-alemman-jatkosarjan-ykkoseksi\/"},"wordCount":269,"publisher":{"@id":"https:\/\/aktialiiga.fi\/miehet\/#organization"},"image":{"@id":"https:\/\/aktialiiga.fi\/miehet\/2020-2021\/ottelut-2020-21\/grifk-voittoon-ja-alemman-jatkosarjan-ykkoseksi\/#primaryimage"},"thumbnailUrl":"https:\/\/i0.wp.com\/aktialiiga.fi\/miehet\/wp-content\/uploads\/sites\/5\/2020\/12\/GriFK_Sundberg_Richard_2021.jpg?fit=1113%2C450&ssl=1","keywords":["\u00c5IFK","GrIFK"],"articleSection":["Ottelut"],"inLanguage":"fi"},{"@type":"WebPage","@id":"https:\/\/aktialiiga.fi\/miehet\/2020-2021\/ottelut-2020-21\/grifk-voittoon-ja-alemman-jatkosarjan-ykkoseksi\/","url":"https:\/\/aktialiiga.fi\/miehet\/2020-2021\/ottelut-2020-21\/grifk-voittoon-ja-alemman-jatkosarjan-ykkoseksi\/","name":"GrIFK voittoon ja alemman jatkosarjan ykk\u00f6seksi | K\u00e4sipallon miesten Aktialiiga","isPartOf":{"@id":"https:\/\/aktialiiga.fi\/miehet\/#website"},"primaryImageOfPage":{"@id":"https:\/\/aktialiiga.fi\/miehet\/2020-2021\/ottelut-2020-21\/grifk-voittoon-ja-alemman-jatkosarjan-ykkoseksi\/#primaryimage"},"image":{"@id":"https:\/\/aktialiiga.fi\/miehet\/2020-2021\/ottelut-2020-21\/grifk-voittoon-ja-alemman-jatkosarjan-ykkoseksi\/#primaryimage"},"thumbnailUrl":"https:\/\/i0.wp.com\/aktialiiga.fi\/miehet\/wp-content\/uploads\/sites\/5\/2020\/12\/GriFK_Sundberg_Richard_2021.jpg?fit=1113%2C450&ssl=1","datePublished":"2021-02-26T18:34:56+00:00","dateModified":"2021-02-26T18:41:29+00:00","breadcrumb":{"@id":"https:\/\/aktialiiga.fi\/miehet\/2020-2021\/ottelut-2020-21\/grifk-voittoon-ja-alemman-jatkosarjan-ykkoseksi\/#breadcrumb"},"inLanguage":"fi","potentialAction":[{"@type":"ReadAction","target":["https:\/\/aktialiiga.fi\/miehet\/2020-2021\/ottelut-2020-21\/grifk-voittoon-ja-alemman-jatkosarjan-ykkoseksi\/"]}]},{"@type":"ImageObject","inLanguage":"fi","@id":"https:\/\/aktialiiga.fi\/miehet\/2020-2021\/ottelut-2020-21\/grifk-voittoon-ja-alemman-jatkosarjan-ykkoseksi\/#primaryimage","url":"https:\/\/i0.wp.com\/aktialiiga.fi\/miehet\/wp-content\/uploads\/sites\/5\/2020\/12\/GriFK_Sundberg_Richard_2021.jpg?fit=1113%2C450&ssl=1","contentUrl":"https:\/\/i0.wp.com\/aktialiiga.fi\/miehet\/wp-content\/uploads\/sites\/5\/2020\/12\/GriFK_Sundberg_Richard_2021.jpg?fit=1113%2C450&ssl=1","width":1113,"height":450,"caption":"Richard Sundberg #20, GrIFK k\u00e4sipallon Miesten SM-liiga SIF - GrIFK ottelussa Fennia Arena Siuntio 14. marraskuuta 2020. (Kalle Parkkinen\/Newspix24)"},{"@type":"BreadcrumbList","@id":"https:\/\/aktialiiga.fi\/miehet\/2020-2021\/ottelut-2020-21\/grifk-voittoon-ja-alemman-jatkosarjan-ykkoseksi\/#breadcrumb","itemListElement":[{"@type":"ListItem","position":1,"name":"Etusivu","item":"https:\/\/aktialiiga.fi\/miehet\/"},{"@type":"ListItem","position":2,"name":"GrIFK voittoon ja alemman jatkosarjan ykk\u00f6seksi"}]},{"@type":"WebSite","@id":"https:\/\/aktialiiga.fi\/miehet\/#website","url":"https:\/\/aktialiiga.fi\/miehet\/","name":"K\u00e4sipallon miesten Aktialiiga","description":"Valtakunnan vauhdikkainta palloilua!","publisher":{"@id":"https:\/\/aktialiiga.fi\/miehet\/#organization"},"potentialAction":[{"@type":"SearchAction","target":{"@type":"EntryPoint","urlTemplate":"https:\/\/aktialiiga.fi\/miehet\/?s={search_term_string}"},"query-input":{"@type":"PropertyValueSpecification","valueRequired":true,"valueName":"search_term_string"}}],"inLanguage":"fi"},{"@type":"Organization","@id":"https:\/\/aktialiiga.fi\/miehet\/#organization","name":"K\u00e4sipallon miesten Aktialiiga","url":"https:\/\/aktialiiga.fi\/miehet\/","logo":{"@type":"ImageObject","inLanguage":"fi","@id":"https:\/\/aktialiiga.fi\/miehet\/#\/schema\/logo\/image\/","url":"https:\/\/i0.wp.com\/aktialiiga.fi\/miehet\/wp-content\/uploads\/sites\/5\/2024\/09\/Aktialiiga-Yoast-512.png?fit=512%2C512&ssl=1","contentUrl":"https:\/\/i0.wp.com\/aktialiiga.fi\/miehet\/wp-content\/uploads\/sites\/5\/2024\/09\/Aktialiiga-Yoast-512.png?fit=512%2C512&ssl=1","width":512,"height":512,"caption":"K\u00e4sipallon miesten Aktialiiga"},"image":{"@id":"https:\/\/aktialiiga.fi\/miehet\/#\/schema\/logo\/image\/"},"sameAs":["https:\/\/www.facebook.com\/finnhandball","https:\/\/x.com\/finnhandball","https:\/\/www.instagram.com\/handballfinland\/"]},{"@type":"Person","@id":"https:\/\/aktialiiga.fi\/miehet\/#\/schema\/person\/c14bf42f47041db74603c45afcb18d87","name":"tbrmedia","image":{"@type":"ImageObject","inLanguage":"fi","@id":"https:\/\/secure.gravatar.com\/avatar\/ee975fa091fe581d12b60debb3439022686618368a7c142044c56724d4666b16?s=96&d=mm&r=g","url":"https:\/\/secure.gravatar.com\/avatar\/ee975fa091fe581d12b60debb3439022686618368a7c142044c56724d4666b16?s=96&d=mm&r=g","contentUrl":"https:\/\/secure.gravatar.com\/avatar\/ee975fa091fe581d12b60debb3439022686618368a7c142044c56724d4666b16?s=96&d=mm&r=g","caption":"tbrmedia"}}]}},"jetpack_featured_media_url":"https:\/\/i0.wp.com\/aktialiiga.fi\/miehet\/wp-content\/uploads\/sites\/5\/2020\/12\/GriFK_Sundberg_Richard_2021.jpg?fit=1113%2C450&ssl=1","jetpack_sharing_enabled":true,"jetpack_shortlink":"https:\/\/wp.me\/pfTxOr-75u","_links":{"self":[{"href":"https:\/\/aktialiiga.fi\/miehet\/wp-json\/wp\/v2\/posts\/27248","targetHints":{"allow":["GET"]}}],"collection":[{"href":"https:\/\/aktialiiga.fi\/miehet\/wp-json\/wp\/v2\/posts"}],"about":[{"href":"https:\/\/aktialiiga.fi\/miehet\/wp-json\/wp\/v2\/types\/post"}],"author":[{"embeddable":true,"href":"https:\/\/aktialiiga.fi\/miehet\/wp-json\/wp\/v2\/users\/13"}],"replies":[{"embeddable":true,"href":"https:\/\/aktialiiga.fi\/miehet\/wp-json\/wp\/v2\/comments?post=27248"}],"version-history":[{"count":0,"href":"https:\/\/aktialiiga.fi\/miehet\/wp-json\/wp\/v2\/posts\/27248\/revisions"}],"wp:featuredmedia":[{"embeddable":true,"href":"https:\/\/aktialiiga.fi\/miehet\/wp-json\/wp\/v2\/media\/26776"}],"wp:attachment":[{"href":"https:\/\/aktialiiga.fi\/miehet\/wp-json\/wp\/v2\/media?parent=27248"}],"wp:term":[{"taxonomy":"category","embeddable":true,"href":"https:\/\/aktialiiga.fi\/miehet\/wp-json\/wp\/v2\/categories?post=27248"},{"taxonomy":"post_tag","embeddable":true,"href":"https:\/\/aktialiiga.fi\/miehet\/wp-json\/wp\/v2\/tags?post=27248"}],"curies":[{"name":"wp","href":"https:\/\/api.w.org\/{rel}","templated":true}]}}