{"id":27476,"date":"2021-03-27T18:32:32","date_gmt":"2021-03-27T16:32:32","guid":{"rendered":"https:\/\/aktialiiga.fi\/miehet\/?p=27476"},"modified":"2021-03-27T19:23:06","modified_gmt":"2021-03-27T17:23:06","slug":"grifk-taisteli-voiton-sifsta-valierapaikka-ratkesi","status":"publish","type":"post","link":"https:\/\/aktialiiga.fi\/miehet\/2020-2021\/ottelut-2020-21\/grifk-taisteli-voiton-sifsta-valierapaikka-ratkesi\/","title":{"rendered":"GrIFK taisteli voiton SIF:sta \u2013 v\u00e4lier\u00e4paikka ratkesi"},"content":{"rendered":"<p>SM-liigan v\u00e4lier\u00e4joukkueet ovat selvill\u00e4, kun GrIFK kaatoi lauantaina ratkaisevassa kolmannessa puoliv\u00e4lier\u00e4ss\u00e4 vieraskent\u00e4ll\u00e4 SIF:n.<\/p>\n<p>Ottelun alku oli tarkkaa puolustamista ja viel\u00e4 12 minuutin pelin j\u00e4lkeen oltiin niukoissa lukemissa 3-3. GrIFK sai hy\u00f6kk\u00e4yspelins\u00e4 t\u00e4m\u00e4n j\u00e4lkeen paremmin k\u00e4yntiin ja nyk\u00e4isi muutaman maalin etumatkan. Ero k\u00e4vi parhaimmillaan jo viidess\u00e4 maalissa, mutta tauolle Siuntiossa mentiin vieraiden kolmen maalin johdossa.<\/p>\n<p>Tauon j\u00e4lkeen Granin johto pysytteli muutamassa maalissa \u2013 ero oli suurimmillaan viidess\u00e4 maalissa ja SIF p\u00e4\u00e4si v\u00e4lill\u00e4 kahden maalin p\u00e4\u00e4h\u00e4n. Viimeiselle kymmenminuuttiselle l\u00e4hdettiin Granin kolmen maalin johdossa. SIF taisteli loppuun saakka, mutta Grani piti johdostaan kiinni.<\/p>\n<p>N\u00e4in GrIFK etenee otteluparista v\u00e4lieriin, jossa vastaan asettuu Cocks.<\/p>\n<p>SIF:n p\u00e4\u00e4valmentaja Marcus Sj\u00f6stedt n\u00e4ki ratkaisun avaimen olleen huonossa viimeistelyss\u00e4.<\/p>\n<p>&#8211; Heit\u00e4mme ohi tiukoissa paikoissa, emmek\u00e4 ota palautuspalloja. T\u00e4n\u00e4\u00e4n ei saatu mit\u00e4\u00e4n ilmaiseksi miss\u00e4\u00e4n tilanteessa. [Atte] Pakarinen otti taas liian monta meid\u00e4n heitoistamme, Sj\u00f6stedt harmitteli.<\/p>\n<p>GrIFK:n p\u00e4\u00e4valmentaja Mikael K\u00e4llman oli tyytyv\u00e4inen voittoon etenkin jouduttuaan muokkaamaan ryhmityst\u00e4\u00e4n.<\/p>\n<p>&#8211; Hyv\u00e4 suoritus joukkueelta n\u00e4iss\u00e4 olosuhteissa. Moni pelaaja oli uusissa rooleissa ja he kantoivat vastuuta, K\u00e4llman kehui.<\/p>\n<p>Ottelun vakuuttavimman pelaajan tittelin ja kolme L\u00e4hiTapiola-t\u00e4hte\u00e4 vei kent\u00e4n korkeimman maalilukeman kuitannut SIF:n Igor Trajkovski, jota oma onnistuminen ei juuri l\u00e4mmitt\u00e4nyt.<\/p>\n<p>&#8211; Olen pettynyt. Minun kymmenell\u00e4 maalillani ei ole v\u00e4li\u00e4, kun joukkue h\u00e4vi\u00e4\u00e4. Ei voi voittaa, jos joukkueen panos on 70-80%, Trajkovski totesi allap\u00e4in.<\/p>\n<p><em><strong>3. puoliv\u00e4lier\u00e4:<\/strong><\/em><br \/>\n<strong>SIF \u2013 GrIFK 29-32 (10-13)<\/strong><br \/>\nGrIFK v\u00e4lieriin voitoin 2-1<\/p>\n<p><strong>Maalintekij\u00e4t<\/strong>: maalit (7m maalit)<br \/>\nSIF: Igor Trajkovski 10, Ott Varik 8 (2), Fredrik Karlsson 5, Carl Weurlander 3, Filip Churlevski 3<br \/>\nGrIFK: Robin Granlund 8 (2), Daniel L\u00e5ng 5, Ville Viljanen 4 (2), Fredrik Forss 4, Erik \u00c5kermarck 3, Miro Koljonen 3, Niki Tuominen 2, Anthony Hellakoski 2, Atte Pakarinen 1<\/p>\n<p><strong>L\u00e4hiTapiola-t\u00e4htipelaajat<\/strong><br \/>\nIgor Trajkovski SIF 3<br \/>\nRobin Granlund GrIFK 2<br \/>\nAtte Pakarinen GrIFK 1<\/p>\n<p><strong>2 min ulosajot sek\u00e4 pelist\u00e4 sulkemiset<\/strong><br \/>\nSIF: Carl Weurlander 1 x 2 min, Edvin Voutilainen 1 x 2 min, Gustav Svanb\u00e4ck 1 x 2 min, Ott Varik 1 x 2 min, Vincent Voutilainen 2 x 2 min<br \/>\nGrIFK: Fredrik Forss 1 x 2 min, Miro Koljonen 1 x 2 min<\/p>\n<p><em>Erotuomarit<\/em>: Christopher Mets\u00e4m\u00e4ki &#8211; Teemu Kaulio<\/p>\n<p><em>Yleis\u00f6\u00e4<\/em>: 0<\/p>\n","protected":false},"excerpt":{"rendered":"<p>SM-liigan v\u00e4lier\u00e4joukkueet ovat selvill\u00e4, kun GrIFK kaatoi lauantaina ratkaisevassa kolmannessa puoliv\u00e4lier\u00e4ss\u00e4 vieraskent\u00e4ll\u00e4 SIF:n. Ottelun alku oli tarkkaa puolustamista ja viel\u00e4 12 minuutin pelin j\u00e4lkeen oltiin niukoissa lukemissa 3-3. GrIFK sai hy\u00f6kk\u00e4yspelins\u00e4 t\u00e4m\u00e4n j\u00e4lkeen paremmin k\u00e4yntiin ja nyk\u00e4isi muutaman maalin etumatkan. Ero k\u00e4vi parhaimmillaan jo viidess\u00e4 maalissa, mutta tauolle Siuntiossa mentiin vieraiden kolmen maalin johdossa. Tauon [&hellip;]<\/p>\n","protected":false},"author":13,"featured_media":27200,"comment_status":"closed","ping_status":"closed","sticky":false,"template":"","format":"standard","meta":{"_acf_changed":false,"jetpack_post_was_ever_published":false,"_jetpack_newsletter_access":"","_jetpack_dont_email_post_to_subs":false,"_jetpack_newsletter_tier_id":0,"_jetpack_memberships_contains_paywalled_content":false,"_jetpack_memberships_contains_paid_content":false,"footnotes":""},"categories":[238],"tags":[64,111],"class_list":["post-27476","post","type-post","status-publish","format-standard","has-post-thumbnail","hentry","category-ottelut-2020-21","tag-grifk","tag-sif"],"acf":[],"yoast_head":"<!-- This site is optimized with the Yoast SEO plugin v27.5 - https:\/\/yoast.com\/product\/yoast-seo-wordpress\/ -->\n<title>GrIFK taisteli voiton SIF:sta \u2013 v\u00e4lier\u00e4paikka ratkesi | K\u00e4sipallon miesten Aktialiiga<\/title>\n<meta name=\"robots\" content=\"index, follow, max-snippet:-1, max-image-preview:large, max-video-preview:-1\" \/>\n<link rel=\"canonical\" href=\"https:\/\/aktialiiga.fi\/miehet\/2020-2021\/ottelut-2020-21\/grifk-taisteli-voiton-sifsta-valierapaikka-ratkesi\/\" \/>\n<meta property=\"og:locale\" content=\"fi_FI\" \/>\n<meta property=\"og:type\" content=\"article\" \/>\n<meta property=\"og:title\" content=\"GrIFK taisteli voiton SIF:sta \u2013 v\u00e4lier\u00e4paikka ratkesi | K\u00e4sipallon miesten Aktialiiga\" \/>\n<meta property=\"og:description\" content=\"SM-liigan v\u00e4lier\u00e4joukkueet ovat selvill\u00e4, kun GrIFK kaatoi lauantaina ratkaisevassa kolmannessa puoliv\u00e4lier\u00e4ss\u00e4 vieraskent\u00e4ll\u00e4 SIF:n. Ottelun alku oli tarkkaa puolustamista ja viel\u00e4 12 minuutin pelin j\u00e4lkeen oltiin niukoissa lukemissa 3-3. GrIFK sai hy\u00f6kk\u00e4yspelins\u00e4 t\u00e4m\u00e4n j\u00e4lkeen paremmin k\u00e4yntiin ja nyk\u00e4isi muutaman maalin etumatkan. Ero k\u00e4vi parhaimmillaan jo viidess\u00e4 maalissa, mutta tauolle Siuntiossa mentiin vieraiden kolmen maalin johdossa. Tauon [&hellip;]\" \/>\n<meta property=\"og:url\" content=\"https:\/\/aktialiiga.fi\/miehet\/2020-2021\/ottelut-2020-21\/grifk-taisteli-voiton-sifsta-valierapaikka-ratkesi\/\" \/>\n<meta property=\"og:site_name\" content=\"K\u00e4sipallon miesten Aktialiiga\" \/>\n<meta property=\"article:publisher\" content=\"https:\/\/www.facebook.com\/finnhandball\" \/>\n<meta property=\"article:published_time\" content=\"2021-03-27T16:32:32+00:00\" \/>\n<meta property=\"article:modified_time\" content=\"2021-03-27T17:23:06+00:00\" \/>\n<meta property=\"og:image\" content=\"https:\/\/i0.wp.com\/aktialiiga.fi\/miehet\/wp-content\/uploads\/sites\/5\/2021\/02\/Granlund_Robin_GrIFK_2021.jpg?fit=831%2C342&ssl=1\" \/>\n\t<meta property=\"og:image:width\" content=\"831\" \/>\n\t<meta property=\"og:image:height\" content=\"342\" \/>\n\t<meta property=\"og:image:type\" content=\"image\/jpeg\" \/>\n<meta name=\"author\" content=\"tbrmedia\" \/>\n<meta name=\"twitter:card\" content=\"summary_large_image\" \/>\n<meta name=\"twitter:creator\" content=\"@finnhandball\" \/>\n<meta name=\"twitter:site\" content=\"@finnhandball\" \/>\n<script type=\"application\/ld+json\" class=\"yoast-schema-graph\">{\"@context\":\"https:\\\/\\\/schema.org\",\"@graph\":[{\"@type\":\"Article\",\"@id\":\"https:\\\/\\\/aktialiiga.fi\\\/miehet\\\/2020-2021\\\/ottelut-2020-21\\\/grifk-taisteli-voiton-sifsta-valierapaikka-ratkesi\\\/#article\",\"isPartOf\":{\"@id\":\"https:\\\/\\\/aktialiiga.fi\\\/miehet\\\/2020-2021\\\/ottelut-2020-21\\\/grifk-taisteli-voiton-sifsta-valierapaikka-ratkesi\\\/\"},\"author\":{\"name\":\"tbrmedia\",\"@id\":\"https:\\\/\\\/aktialiiga.fi\\\/miehet\\\/#\\\/schema\\\/person\\\/c14bf42f47041db74603c45afcb18d87\"},\"headline\":\"GrIFK taisteli voiton SIF:sta \u2013 v\u00e4lier\u00e4paikka ratkesi\",\"datePublished\":\"2021-03-27T16:32:32+00:00\",\"dateModified\":\"2021-03-27T17:23:06+00:00\",\"mainEntityOfPage\":{\"@id\":\"https:\\\/\\\/aktialiiga.fi\\\/miehet\\\/2020-2021\\\/ottelut-2020-21\\\/grifk-taisteli-voiton-sifsta-valierapaikka-ratkesi\\\/\"},\"wordCount\":367,\"publisher\":{\"@id\":\"https:\\\/\\\/aktialiiga.fi\\\/miehet\\\/#organization\"},\"image\":{\"@id\":\"https:\\\/\\\/aktialiiga.fi\\\/miehet\\\/2020-2021\\\/ottelut-2020-21\\\/grifk-taisteli-voiton-sifsta-valierapaikka-ratkesi\\\/#primaryimage\"},\"thumbnailUrl\":\"https:\\\/\\\/i0.wp.com\\\/aktialiiga.fi\\\/miehet\\\/wp-content\\\/uploads\\\/sites\\\/5\\\/2021\\\/02\\\/Granlund_Robin_GrIFK_2021.jpg?fit=831%2C342&ssl=1\",\"keywords\":[\"GrIFK\",\"SIF\"],\"articleSection\":[\"Ottelut\"],\"inLanguage\":\"fi\"},{\"@type\":\"WebPage\",\"@id\":\"https:\\\/\\\/aktialiiga.fi\\\/miehet\\\/2020-2021\\\/ottelut-2020-21\\\/grifk-taisteli-voiton-sifsta-valierapaikka-ratkesi\\\/\",\"url\":\"https:\\\/\\\/aktialiiga.fi\\\/miehet\\\/2020-2021\\\/ottelut-2020-21\\\/grifk-taisteli-voiton-sifsta-valierapaikka-ratkesi\\\/\",\"name\":\"GrIFK taisteli voiton SIF:sta \u2013 v\u00e4lier\u00e4paikka ratkesi | K\u00e4sipallon miesten Aktialiiga\",\"isPartOf\":{\"@id\":\"https:\\\/\\\/aktialiiga.fi\\\/miehet\\\/#website\"},\"primaryImageOfPage\":{\"@id\":\"https:\\\/\\\/aktialiiga.fi\\\/miehet\\\/2020-2021\\\/ottelut-2020-21\\\/grifk-taisteli-voiton-sifsta-valierapaikka-ratkesi\\\/#primaryimage\"},\"image\":{\"@id\":\"https:\\\/\\\/aktialiiga.fi\\\/miehet\\\/2020-2021\\\/ottelut-2020-21\\\/grifk-taisteli-voiton-sifsta-valierapaikka-ratkesi\\\/#primaryimage\"},\"thumbnailUrl\":\"https:\\\/\\\/i0.wp.com\\\/aktialiiga.fi\\\/miehet\\\/wp-content\\\/uploads\\\/sites\\\/5\\\/2021\\\/02\\\/Granlund_Robin_GrIFK_2021.jpg?fit=831%2C342&ssl=1\",\"datePublished\":\"2021-03-27T16:32:32+00:00\",\"dateModified\":\"2021-03-27T17:23:06+00:00\",\"breadcrumb\":{\"@id\":\"https:\\\/\\\/aktialiiga.fi\\\/miehet\\\/2020-2021\\\/ottelut-2020-21\\\/grifk-taisteli-voiton-sifsta-valierapaikka-ratkesi\\\/#breadcrumb\"},\"inLanguage\":\"fi\",\"potentialAction\":[{\"@type\":\"ReadAction\",\"target\":[\"https:\\\/\\\/aktialiiga.fi\\\/miehet\\\/2020-2021\\\/ottelut-2020-21\\\/grifk-taisteli-voiton-sifsta-valierapaikka-ratkesi\\\/\"]}]},{\"@type\":\"ImageObject\",\"inLanguage\":\"fi\",\"@id\":\"https:\\\/\\\/aktialiiga.fi\\\/miehet\\\/2020-2021\\\/ottelut-2020-21\\\/grifk-taisteli-voiton-sifsta-valierapaikka-ratkesi\\\/#primaryimage\",\"url\":\"https:\\\/\\\/i0.wp.com\\\/aktialiiga.fi\\\/miehet\\\/wp-content\\\/uploads\\\/sites\\\/5\\\/2021\\\/02\\\/Granlund_Robin_GrIFK_2021.jpg?fit=831%2C342&ssl=1\",\"contentUrl\":\"https:\\\/\\\/i0.wp.com\\\/aktialiiga.fi\\\/miehet\\\/wp-content\\\/uploads\\\/sites\\\/5\\\/2021\\\/02\\\/Granlund_Robin_GrIFK_2021.jpg?fit=831%2C342&ssl=1\",\"width\":831,\"height\":342,\"caption\":\"Filip Churlevski #18 SIF ja Robin Granlund #15, GrIFK k\u00e4sipallon Miesten SM-liiga SIF - GrIFK ottelussa Fennia Arena Siuntio 14. marraskuuta 2020. (Kalle Parkkinen\\\/Newspix24)\"},{\"@type\":\"BreadcrumbList\",\"@id\":\"https:\\\/\\\/aktialiiga.fi\\\/miehet\\\/2020-2021\\\/ottelut-2020-21\\\/grifk-taisteli-voiton-sifsta-valierapaikka-ratkesi\\\/#breadcrumb\",\"itemListElement\":[{\"@type\":\"ListItem\",\"position\":1,\"name\":\"Etusivu\",\"item\":\"https:\\\/\\\/aktialiiga.fi\\\/miehet\\\/\"},{\"@type\":\"ListItem\",\"position\":2,\"name\":\"GrIFK taisteli voiton SIF:sta \u2013 v\u00e4lier\u00e4paikka ratkesi\"}]},{\"@type\":\"WebSite\",\"@id\":\"https:\\\/\\\/aktialiiga.fi\\\/miehet\\\/#website\",\"url\":\"https:\\\/\\\/aktialiiga.fi\\\/miehet\\\/\",\"name\":\"K\u00e4sipallon miesten Aktialiiga\",\"description\":\"Valtakunnan vauhdikkainta palloilua!\",\"publisher\":{\"@id\":\"https:\\\/\\\/aktialiiga.fi\\\/miehet\\\/#organization\"},\"potentialAction\":[{\"@type\":\"SearchAction\",\"target\":{\"@type\":\"EntryPoint\",\"urlTemplate\":\"https:\\\/\\\/aktialiiga.fi\\\/miehet\\\/?s={search_term_string}\"},\"query-input\":{\"@type\":\"PropertyValueSpecification\",\"valueRequired\":true,\"valueName\":\"search_term_string\"}}],\"inLanguage\":\"fi\"},{\"@type\":\"Organization\",\"@id\":\"https:\\\/\\\/aktialiiga.fi\\\/miehet\\\/#organization\",\"name\":\"K\u00e4sipallon miesten Aktialiiga\",\"url\":\"https:\\\/\\\/aktialiiga.fi\\\/miehet\\\/\",\"logo\":{\"@type\":\"ImageObject\",\"inLanguage\":\"fi\",\"@id\":\"https:\\\/\\\/aktialiiga.fi\\\/miehet\\\/#\\\/schema\\\/logo\\\/image\\\/\",\"url\":\"https:\\\/\\\/i0.wp.com\\\/aktialiiga.fi\\\/miehet\\\/wp-content\\\/uploads\\\/sites\\\/5\\\/2024\\\/09\\\/Aktialiiga-Yoast-512.png?fit=512%2C512&ssl=1\",\"contentUrl\":\"https:\\\/\\\/i0.wp.com\\\/aktialiiga.fi\\\/miehet\\\/wp-content\\\/uploads\\\/sites\\\/5\\\/2024\\\/09\\\/Aktialiiga-Yoast-512.png?fit=512%2C512&ssl=1\",\"width\":512,\"height\":512,\"caption\":\"K\u00e4sipallon miesten Aktialiiga\"},\"image\":{\"@id\":\"https:\\\/\\\/aktialiiga.fi\\\/miehet\\\/#\\\/schema\\\/logo\\\/image\\\/\"},\"sameAs\":[\"https:\\\/\\\/www.facebook.com\\\/finnhandball\",\"https:\\\/\\\/x.com\\\/finnhandball\",\"https:\\\/\\\/www.instagram.com\\\/handballfinland\\\/\"]},{\"@type\":\"Person\",\"@id\":\"https:\\\/\\\/aktialiiga.fi\\\/miehet\\\/#\\\/schema\\\/person\\\/c14bf42f47041db74603c45afcb18d87\",\"name\":\"tbrmedia\",\"image\":{\"@type\":\"ImageObject\",\"inLanguage\":\"fi\",\"@id\":\"https:\\\/\\\/secure.gravatar.com\\\/avatar\\\/ee975fa091fe581d12b60debb3439022686618368a7c142044c56724d4666b16?s=96&d=mm&r=g\",\"url\":\"https:\\\/\\\/secure.gravatar.com\\\/avatar\\\/ee975fa091fe581d12b60debb3439022686618368a7c142044c56724d4666b16?s=96&d=mm&r=g\",\"contentUrl\":\"https:\\\/\\\/secure.gravatar.com\\\/avatar\\\/ee975fa091fe581d12b60debb3439022686618368a7c142044c56724d4666b16?s=96&d=mm&r=g\",\"caption\":\"tbrmedia\"}}]}<\/script>\n<!-- \/ Yoast SEO plugin. -->","yoast_head_json":{"title":"GrIFK taisteli voiton SIF:sta \u2013 v\u00e4lier\u00e4paikka ratkesi | K\u00e4sipallon miesten Aktialiiga","robots":{"index":"index","follow":"follow","max-snippet":"max-snippet:-1","max-image-preview":"max-image-preview:large","max-video-preview":"max-video-preview:-1"},"canonical":"https:\/\/aktialiiga.fi\/miehet\/2020-2021\/ottelut-2020-21\/grifk-taisteli-voiton-sifsta-valierapaikka-ratkesi\/","og_locale":"fi_FI","og_type":"article","og_title":"GrIFK taisteli voiton SIF:sta \u2013 v\u00e4lier\u00e4paikka ratkesi | K\u00e4sipallon miesten Aktialiiga","og_description":"SM-liigan v\u00e4lier\u00e4joukkueet ovat selvill\u00e4, kun GrIFK kaatoi lauantaina ratkaisevassa kolmannessa puoliv\u00e4lier\u00e4ss\u00e4 vieraskent\u00e4ll\u00e4 SIF:n. Ottelun alku oli tarkkaa puolustamista ja viel\u00e4 12 minuutin pelin j\u00e4lkeen oltiin niukoissa lukemissa 3-3. GrIFK sai hy\u00f6kk\u00e4yspelins\u00e4 t\u00e4m\u00e4n j\u00e4lkeen paremmin k\u00e4yntiin ja nyk\u00e4isi muutaman maalin etumatkan. Ero k\u00e4vi parhaimmillaan jo viidess\u00e4 maalissa, mutta tauolle Siuntiossa mentiin vieraiden kolmen maalin johdossa. Tauon [&hellip;]","og_url":"https:\/\/aktialiiga.fi\/miehet\/2020-2021\/ottelut-2020-21\/grifk-taisteli-voiton-sifsta-valierapaikka-ratkesi\/","og_site_name":"K\u00e4sipallon miesten Aktialiiga","article_publisher":"https:\/\/www.facebook.com\/finnhandball","article_published_time":"2021-03-27T16:32:32+00:00","article_modified_time":"2021-03-27T17:23:06+00:00","og_image":[{"width":831,"height":342,"url":"https:\/\/i0.wp.com\/aktialiiga.fi\/miehet\/wp-content\/uploads\/sites\/5\/2021\/02\/Granlund_Robin_GrIFK_2021.jpg?fit=831%2C342&ssl=1","type":"image\/jpeg"}],"author":"tbrmedia","twitter_card":"summary_large_image","twitter_creator":"@finnhandball","twitter_site":"@finnhandball","schema":{"@context":"https:\/\/schema.org","@graph":[{"@type":"Article","@id":"https:\/\/aktialiiga.fi\/miehet\/2020-2021\/ottelut-2020-21\/grifk-taisteli-voiton-sifsta-valierapaikka-ratkesi\/#article","isPartOf":{"@id":"https:\/\/aktialiiga.fi\/miehet\/2020-2021\/ottelut-2020-21\/grifk-taisteli-voiton-sifsta-valierapaikka-ratkesi\/"},"author":{"name":"tbrmedia","@id":"https:\/\/aktialiiga.fi\/miehet\/#\/schema\/person\/c14bf42f47041db74603c45afcb18d87"},"headline":"GrIFK taisteli voiton SIF:sta \u2013 v\u00e4lier\u00e4paikka ratkesi","datePublished":"2021-03-27T16:32:32+00:00","dateModified":"2021-03-27T17:23:06+00:00","mainEntityOfPage":{"@id":"https:\/\/aktialiiga.fi\/miehet\/2020-2021\/ottelut-2020-21\/grifk-taisteli-voiton-sifsta-valierapaikka-ratkesi\/"},"wordCount":367,"publisher":{"@id":"https:\/\/aktialiiga.fi\/miehet\/#organization"},"image":{"@id":"https:\/\/aktialiiga.fi\/miehet\/2020-2021\/ottelut-2020-21\/grifk-taisteli-voiton-sifsta-valierapaikka-ratkesi\/#primaryimage"},"thumbnailUrl":"https:\/\/i0.wp.com\/aktialiiga.fi\/miehet\/wp-content\/uploads\/sites\/5\/2021\/02\/Granlund_Robin_GrIFK_2021.jpg?fit=831%2C342&ssl=1","keywords":["GrIFK","SIF"],"articleSection":["Ottelut"],"inLanguage":"fi"},{"@type":"WebPage","@id":"https:\/\/aktialiiga.fi\/miehet\/2020-2021\/ottelut-2020-21\/grifk-taisteli-voiton-sifsta-valierapaikka-ratkesi\/","url":"https:\/\/aktialiiga.fi\/miehet\/2020-2021\/ottelut-2020-21\/grifk-taisteli-voiton-sifsta-valierapaikka-ratkesi\/","name":"GrIFK taisteli voiton SIF:sta \u2013 v\u00e4lier\u00e4paikka ratkesi | K\u00e4sipallon miesten Aktialiiga","isPartOf":{"@id":"https:\/\/aktialiiga.fi\/miehet\/#website"},"primaryImageOfPage":{"@id":"https:\/\/aktialiiga.fi\/miehet\/2020-2021\/ottelut-2020-21\/grifk-taisteli-voiton-sifsta-valierapaikka-ratkesi\/#primaryimage"},"image":{"@id":"https:\/\/aktialiiga.fi\/miehet\/2020-2021\/ottelut-2020-21\/grifk-taisteli-voiton-sifsta-valierapaikka-ratkesi\/#primaryimage"},"thumbnailUrl":"https:\/\/i0.wp.com\/aktialiiga.fi\/miehet\/wp-content\/uploads\/sites\/5\/2021\/02\/Granlund_Robin_GrIFK_2021.jpg?fit=831%2C342&ssl=1","datePublished":"2021-03-27T16:32:32+00:00","dateModified":"2021-03-27T17:23:06+00:00","breadcrumb":{"@id":"https:\/\/aktialiiga.fi\/miehet\/2020-2021\/ottelut-2020-21\/grifk-taisteli-voiton-sifsta-valierapaikka-ratkesi\/#breadcrumb"},"inLanguage":"fi","potentialAction":[{"@type":"ReadAction","target":["https:\/\/aktialiiga.fi\/miehet\/2020-2021\/ottelut-2020-21\/grifk-taisteli-voiton-sifsta-valierapaikka-ratkesi\/"]}]},{"@type":"ImageObject","inLanguage":"fi","@id":"https:\/\/aktialiiga.fi\/miehet\/2020-2021\/ottelut-2020-21\/grifk-taisteli-voiton-sifsta-valierapaikka-ratkesi\/#primaryimage","url":"https:\/\/i0.wp.com\/aktialiiga.fi\/miehet\/wp-content\/uploads\/sites\/5\/2021\/02\/Granlund_Robin_GrIFK_2021.jpg?fit=831%2C342&ssl=1","contentUrl":"https:\/\/i0.wp.com\/aktialiiga.fi\/miehet\/wp-content\/uploads\/sites\/5\/2021\/02\/Granlund_Robin_GrIFK_2021.jpg?fit=831%2C342&ssl=1","width":831,"height":342,"caption":"Filip Churlevski #18 SIF ja Robin Granlund #15, GrIFK k\u00e4sipallon Miesten SM-liiga SIF - GrIFK ottelussa Fennia Arena Siuntio 14. marraskuuta 2020. (Kalle Parkkinen\/Newspix24)"},{"@type":"BreadcrumbList","@id":"https:\/\/aktialiiga.fi\/miehet\/2020-2021\/ottelut-2020-21\/grifk-taisteli-voiton-sifsta-valierapaikka-ratkesi\/#breadcrumb","itemListElement":[{"@type":"ListItem","position":1,"name":"Etusivu","item":"https:\/\/aktialiiga.fi\/miehet\/"},{"@type":"ListItem","position":2,"name":"GrIFK taisteli voiton SIF:sta \u2013 v\u00e4lier\u00e4paikka ratkesi"}]},{"@type":"WebSite","@id":"https:\/\/aktialiiga.fi\/miehet\/#website","url":"https:\/\/aktialiiga.fi\/miehet\/","name":"K\u00e4sipallon miesten Aktialiiga","description":"Valtakunnan vauhdikkainta palloilua!","publisher":{"@id":"https:\/\/aktialiiga.fi\/miehet\/#organization"},"potentialAction":[{"@type":"SearchAction","target":{"@type":"EntryPoint","urlTemplate":"https:\/\/aktialiiga.fi\/miehet\/?s={search_term_string}"},"query-input":{"@type":"PropertyValueSpecification","valueRequired":true,"valueName":"search_term_string"}}],"inLanguage":"fi"},{"@type":"Organization","@id":"https:\/\/aktialiiga.fi\/miehet\/#organization","name":"K\u00e4sipallon miesten Aktialiiga","url":"https:\/\/aktialiiga.fi\/miehet\/","logo":{"@type":"ImageObject","inLanguage":"fi","@id":"https:\/\/aktialiiga.fi\/miehet\/#\/schema\/logo\/image\/","url":"https:\/\/i0.wp.com\/aktialiiga.fi\/miehet\/wp-content\/uploads\/sites\/5\/2024\/09\/Aktialiiga-Yoast-512.png?fit=512%2C512&ssl=1","contentUrl":"https:\/\/i0.wp.com\/aktialiiga.fi\/miehet\/wp-content\/uploads\/sites\/5\/2024\/09\/Aktialiiga-Yoast-512.png?fit=512%2C512&ssl=1","width":512,"height":512,"caption":"K\u00e4sipallon miesten Aktialiiga"},"image":{"@id":"https:\/\/aktialiiga.fi\/miehet\/#\/schema\/logo\/image\/"},"sameAs":["https:\/\/www.facebook.com\/finnhandball","https:\/\/x.com\/finnhandball","https:\/\/www.instagram.com\/handballfinland\/"]},{"@type":"Person","@id":"https:\/\/aktialiiga.fi\/miehet\/#\/schema\/person\/c14bf42f47041db74603c45afcb18d87","name":"tbrmedia","image":{"@type":"ImageObject","inLanguage":"fi","@id":"https:\/\/secure.gravatar.com\/avatar\/ee975fa091fe581d12b60debb3439022686618368a7c142044c56724d4666b16?s=96&d=mm&r=g","url":"https:\/\/secure.gravatar.com\/avatar\/ee975fa091fe581d12b60debb3439022686618368a7c142044c56724d4666b16?s=96&d=mm&r=g","contentUrl":"https:\/\/secure.gravatar.com\/avatar\/ee975fa091fe581d12b60debb3439022686618368a7c142044c56724d4666b16?s=96&d=mm&r=g","caption":"tbrmedia"}}]}},"jetpack_featured_media_url":"https:\/\/i0.wp.com\/aktialiiga.fi\/miehet\/wp-content\/uploads\/sites\/5\/2021\/02\/Granlund_Robin_GrIFK_2021.jpg?fit=831%2C342&ssl=1","jetpack_sharing_enabled":true,"jetpack_shortlink":"https:\/\/wp.me\/pfTxOr-79a","_links":{"self":[{"href":"https:\/\/aktialiiga.fi\/miehet\/wp-json\/wp\/v2\/posts\/27476","targetHints":{"allow":["GET"]}}],"collection":[{"href":"https:\/\/aktialiiga.fi\/miehet\/wp-json\/wp\/v2\/posts"}],"about":[{"href":"https:\/\/aktialiiga.fi\/miehet\/wp-json\/wp\/v2\/types\/post"}],"author":[{"embeddable":true,"href":"https:\/\/aktialiiga.fi\/miehet\/wp-json\/wp\/v2\/users\/13"}],"replies":[{"embeddable":true,"href":"https:\/\/aktialiiga.fi\/miehet\/wp-json\/wp\/v2\/comments?post=27476"}],"version-history":[{"count":0,"href":"https:\/\/aktialiiga.fi\/miehet\/wp-json\/wp\/v2\/posts\/27476\/revisions"}],"wp:featuredmedia":[{"embeddable":true,"href":"https:\/\/aktialiiga.fi\/miehet\/wp-json\/wp\/v2\/media\/27200"}],"wp:attachment":[{"href":"https:\/\/aktialiiga.fi\/miehet\/wp-json\/wp\/v2\/media?parent=27476"}],"wp:term":[{"taxonomy":"category","embeddable":true,"href":"https:\/\/aktialiiga.fi\/miehet\/wp-json\/wp\/v2\/categories?post=27476"},{"taxonomy":"post_tag","embeddable":true,"href":"https:\/\/aktialiiga.fi\/miehet\/wp-json\/wp\/v2\/tags?post=27476"}],"curies":[{"name":"wp","href":"https:\/\/api.w.org\/{rel}","templated":true}]}}