{"id":27593,"date":"2021-04-12T22:32:27","date_gmt":"2021-04-12T19:32:27","guid":{"rendered":"https:\/\/aktialiiga.fi\/miehet\/?p=27593"},"modified":"2021-04-12T22:32:27","modified_gmt":"2021-04-12T19:32:27","slug":"bk-46-ja-dicken-ratkaisevassa-valierassa-tiistaina","status":"publish","type":"post","link":"https:\/\/aktialiiga.fi\/miehet\/2020-2021\/ennakot-2020-21\/bk-46-ja-dicken-ratkaisevassa-valierassa-tiistaina\/","title":{"rendered":"BK-46 ja Dicken ratkaisevassa v\u00e4lier\u00e4ss\u00e4 tiistaina"},"content":{"rendered":"<p>BK-46:n ja Dickenin tiukka v\u00e4lier\u00e4sarja saa ratkaisunsa tiistaina Karjaalla, kun joukkueet kohtaavat viidennen kerran.<\/p>\n<p>Dicken on noussut melkoisesta ahdingosta ja tasoittanut tilanteen kahden per\u00e4tt\u00e4isen voiton my\u00f6t\u00e4 lukemiin 2-2. Dicken on samalla kenties saanut pient\u00e4 henkist\u00e4 yliotetta, mutta toisaalta ratkaisuottelu pelataan BK-46:n kotihallissa.<\/p>\n<p>&#8211; Se on taas uusi ottelu, mutta voimme ottaa mukaamme sen, ett\u00e4 olemme pelanneet hyvin silloin kuin panokset ovat olleet korkeimmillaan. Olen varma ett\u00e4 pelaamme paremman ottelun [kuin lauantaina], BK-luotsi Andreas R\u00f6nnberg sanoi V\u00e4stra Nylandille.<\/p>\n<p>Lauantaina ottelun sankariksi nousi Dickenin vahvasta maalivahtiosastosta Tuomas Laitinen ja lauttasaarelaiset tuntuvat muutenkin l\u00f6yt\u00e4neen paremman juonen peliins\u00e4.<\/p>\n<p>&#8211; Lauantaina keskityimme oikeisiin asioihin. On kuitenkin selv\u00e4\u00e4, ett\u00e4 edess\u00e4 on ihan toinen ottelu tiistaina, Dickenin p\u00e4\u00e4valmentaja Bj\u00f6rn Monnberg s\u00e4esti R\u00f6nnbergi\u00e4.<\/p>\n<p>Ottelu Karjaalla alkaa tiistaina kello 19.00 ja sit\u00e4 voi seurata suorana l\u00e4hetyksen\u00e4 VeikkausTV:ss\u00e4 ja SolidSportilla. Voittaja jatkaa finaaleihin Cocksia vastaan ja h\u00e4vi\u00e4j\u00e4 pelaa pronssista GrIFK:ta vastaan.<\/p>\n","protected":false},"excerpt":{"rendered":"<p>BK-46:n ja Dickenin tiukka v\u00e4lier\u00e4sarja saa ratkaisunsa tiistaina Karjaalla, kun joukkueet kohtaavat viidennen kerran. Dicken on noussut melkoisesta ahdingosta ja tasoittanut tilanteen kahden per\u00e4tt\u00e4isen voiton my\u00f6t\u00e4 lukemiin 2-2. Dicken on samalla kenties saanut pient\u00e4 henkist\u00e4 yliotetta, mutta toisaalta ratkaisuottelu pelataan BK-46:n kotihallissa. &#8211; Se on taas uusi ottelu, mutta voimme ottaa mukaamme sen, ett\u00e4 olemme [&hellip;]<\/p>\n","protected":false},"author":13,"featured_media":27594,"comment_status":"closed","ping_status":"closed","sticky":false,"template":"","format":"standard","meta":{"_acf_changed":false,"jetpack_post_was_ever_published":false,"_jetpack_newsletter_access":"","_jetpack_dont_email_post_to_subs":false,"_jetpack_newsletter_tier_id":0,"_jetpack_memberships_contains_paywalled_content":false,"_jetpack_memberships_contains_paid_content":false,"footnotes":""},"categories":[239],"tags":[56,58],"class_list":["post-27593","post","type-post","status-publish","format-standard","has-post-thumbnail","hentry","category-ennakot-2020-21","tag-bk-46","tag-dicken"],"acf":[],"yoast_head":"<!-- This site is optimized with the Yoast SEO plugin v27.5 - https:\/\/yoast.com\/product\/yoast-seo-wordpress\/ -->\n<title>BK-46 ja Dicken ratkaisevassa v\u00e4lier\u00e4ss\u00e4 tiistaina | K\u00e4sipallon miesten Aktialiiga<\/title>\n<meta name=\"robots\" content=\"index, follow, max-snippet:-1, max-image-preview:large, max-video-preview:-1\" \/>\n<link rel=\"canonical\" href=\"https:\/\/aktialiiga.fi\/miehet\/2020-2021\/ennakot-2020-21\/bk-46-ja-dicken-ratkaisevassa-valierassa-tiistaina\/\" \/>\n<meta property=\"og:locale\" content=\"fi_FI\" \/>\n<meta property=\"og:type\" content=\"article\" \/>\n<meta property=\"og:title\" content=\"BK-46 ja Dicken ratkaisevassa v\u00e4lier\u00e4ss\u00e4 tiistaina | K\u00e4sipallon miesten Aktialiiga\" \/>\n<meta property=\"og:description\" content=\"BK-46:n ja Dickenin tiukka v\u00e4lier\u00e4sarja saa ratkaisunsa tiistaina Karjaalla, kun joukkueet kohtaavat viidennen kerran. Dicken on noussut melkoisesta ahdingosta ja tasoittanut tilanteen kahden per\u00e4tt\u00e4isen voiton my\u00f6t\u00e4 lukemiin 2-2. Dicken on samalla kenties saanut pient\u00e4 henkist\u00e4 yliotetta, mutta toisaalta ratkaisuottelu pelataan BK-46:n kotihallissa. &#8211; Se on taas uusi ottelu, mutta voimme ottaa mukaamme sen, ett\u00e4 olemme [&hellip;]\" \/>\n<meta property=\"og:url\" content=\"https:\/\/aktialiiga.fi\/miehet\/2020-2021\/ennakot-2020-21\/bk-46-ja-dicken-ratkaisevassa-valierassa-tiistaina\/\" \/>\n<meta property=\"og:site_name\" content=\"K\u00e4sipallon miesten Aktialiiga\" \/>\n<meta property=\"article:publisher\" content=\"https:\/\/www.facebook.com\/finnhandball\" \/>\n<meta property=\"article:published_time\" content=\"2021-04-12T19:32:27+00:00\" \/>\n<meta property=\"og:image\" content=\"https:\/\/i0.wp.com\/aktialiiga.fi\/miehet\/wp-content\/uploads\/sites\/5\/2021\/04\/BK46-Dicken_peli_2021.jpg?fit=877%2C366&ssl=1\" \/>\n\t<meta property=\"og:image:width\" content=\"877\" \/>\n\t<meta property=\"og:image:height\" content=\"366\" \/>\n\t<meta property=\"og:image:type\" content=\"image\/jpeg\" \/>\n<meta name=\"author\" content=\"tbrmedia\" \/>\n<meta name=\"twitter:card\" content=\"summary_large_image\" \/>\n<meta name=\"twitter:creator\" content=\"@finnhandball\" \/>\n<meta name=\"twitter:site\" content=\"@finnhandball\" \/>\n<script type=\"application\/ld+json\" class=\"yoast-schema-graph\">{\"@context\":\"https:\\\/\\\/schema.org\",\"@graph\":[{\"@type\":\"Article\",\"@id\":\"https:\\\/\\\/aktialiiga.fi\\\/miehet\\\/2020-2021\\\/ennakot-2020-21\\\/bk-46-ja-dicken-ratkaisevassa-valierassa-tiistaina\\\/#article\",\"isPartOf\":{\"@id\":\"https:\\\/\\\/aktialiiga.fi\\\/miehet\\\/2020-2021\\\/ennakot-2020-21\\\/bk-46-ja-dicken-ratkaisevassa-valierassa-tiistaina\\\/\"},\"author\":{\"name\":\"tbrmedia\",\"@id\":\"https:\\\/\\\/aktialiiga.fi\\\/miehet\\\/#\\\/schema\\\/person\\\/c14bf42f47041db74603c45afcb18d87\"},\"headline\":\"BK-46 ja Dicken ratkaisevassa v\u00e4lier\u00e4ss\u00e4 tiistaina\",\"datePublished\":\"2021-04-12T19:32:27+00:00\",\"mainEntityOfPage\":{\"@id\":\"https:\\\/\\\/aktialiiga.fi\\\/miehet\\\/2020-2021\\\/ennakot-2020-21\\\/bk-46-ja-dicken-ratkaisevassa-valierassa-tiistaina\\\/\"},\"wordCount\":168,\"publisher\":{\"@id\":\"https:\\\/\\\/aktialiiga.fi\\\/miehet\\\/#organization\"},\"image\":{\"@id\":\"https:\\\/\\\/aktialiiga.fi\\\/miehet\\\/2020-2021\\\/ennakot-2020-21\\\/bk-46-ja-dicken-ratkaisevassa-valierassa-tiistaina\\\/#primaryimage\"},\"thumbnailUrl\":\"https:\\\/\\\/i0.wp.com\\\/aktialiiga.fi\\\/miehet\\\/wp-content\\\/uploads\\\/sites\\\/5\\\/2021\\\/04\\\/BK46-Dicken_peli_2021.jpg?fit=877%2C366&ssl=1\",\"keywords\":[\"BK-46\",\"Dicken\"],\"articleSection\":[\"Ennakot\"],\"inLanguage\":\"fi\"},{\"@type\":\"WebPage\",\"@id\":\"https:\\\/\\\/aktialiiga.fi\\\/miehet\\\/2020-2021\\\/ennakot-2020-21\\\/bk-46-ja-dicken-ratkaisevassa-valierassa-tiistaina\\\/\",\"url\":\"https:\\\/\\\/aktialiiga.fi\\\/miehet\\\/2020-2021\\\/ennakot-2020-21\\\/bk-46-ja-dicken-ratkaisevassa-valierassa-tiistaina\\\/\",\"name\":\"BK-46 ja Dicken ratkaisevassa v\u00e4lier\u00e4ss\u00e4 tiistaina | K\u00e4sipallon miesten Aktialiiga\",\"isPartOf\":{\"@id\":\"https:\\\/\\\/aktialiiga.fi\\\/miehet\\\/#website\"},\"primaryImageOfPage\":{\"@id\":\"https:\\\/\\\/aktialiiga.fi\\\/miehet\\\/2020-2021\\\/ennakot-2020-21\\\/bk-46-ja-dicken-ratkaisevassa-valierassa-tiistaina\\\/#primaryimage\"},\"image\":{\"@id\":\"https:\\\/\\\/aktialiiga.fi\\\/miehet\\\/2020-2021\\\/ennakot-2020-21\\\/bk-46-ja-dicken-ratkaisevassa-valierassa-tiistaina\\\/#primaryimage\"},\"thumbnailUrl\":\"https:\\\/\\\/i0.wp.com\\\/aktialiiga.fi\\\/miehet\\\/wp-content\\\/uploads\\\/sites\\\/5\\\/2021\\\/04\\\/BK46-Dicken_peli_2021.jpg?fit=877%2C366&ssl=1\",\"datePublished\":\"2021-04-12T19:32:27+00:00\",\"breadcrumb\":{\"@id\":\"https:\\\/\\\/aktialiiga.fi\\\/miehet\\\/2020-2021\\\/ennakot-2020-21\\\/bk-46-ja-dicken-ratkaisevassa-valierassa-tiistaina\\\/#breadcrumb\"},\"inLanguage\":\"fi\",\"potentialAction\":[{\"@type\":\"ReadAction\",\"target\":[\"https:\\\/\\\/aktialiiga.fi\\\/miehet\\\/2020-2021\\\/ennakot-2020-21\\\/bk-46-ja-dicken-ratkaisevassa-valierassa-tiistaina\\\/\"]}]},{\"@type\":\"ImageObject\",\"inLanguage\":\"fi\",\"@id\":\"https:\\\/\\\/aktialiiga.fi\\\/miehet\\\/2020-2021\\\/ennakot-2020-21\\\/bk-46-ja-dicken-ratkaisevassa-valierassa-tiistaina\\\/#primaryimage\",\"url\":\"https:\\\/\\\/i0.wp.com\\\/aktialiiga.fi\\\/miehet\\\/wp-content\\\/uploads\\\/sites\\\/5\\\/2021\\\/04\\\/BK46-Dicken_peli_2021.jpg?fit=877%2C366&ssl=1\",\"contentUrl\":\"https:\\\/\\\/i0.wp.com\\\/aktialiiga.fi\\\/miehet\\\/wp-content\\\/uploads\\\/sites\\\/5\\\/2021\\\/04\\\/BK46-Dicken_peli_2021.jpg?fit=877%2C366&ssl=1\",\"width\":877,\"height\":366,\"caption\":\"Nico R\u00f6nnberg #20, BK-46, Ian Martin #17, Dicken k\u00e4sipallon miesten Suomen Cupin loppuottelussa BK-46 vs. Dicken, Karjaan urheiluhalli 6.2.2021, klo 19.52.22. (Tomi H\u00e4nninen\\\/Newspix24)\"},{\"@type\":\"BreadcrumbList\",\"@id\":\"https:\\\/\\\/aktialiiga.fi\\\/miehet\\\/2020-2021\\\/ennakot-2020-21\\\/bk-46-ja-dicken-ratkaisevassa-valierassa-tiistaina\\\/#breadcrumb\",\"itemListElement\":[{\"@type\":\"ListItem\",\"position\":1,\"name\":\"Etusivu\",\"item\":\"https:\\\/\\\/aktialiiga.fi\\\/miehet\\\/\"},{\"@type\":\"ListItem\",\"position\":2,\"name\":\"BK-46 ja Dicken ratkaisevassa v\u00e4lier\u00e4ss\u00e4 tiistaina\"}]},{\"@type\":\"WebSite\",\"@id\":\"https:\\\/\\\/aktialiiga.fi\\\/miehet\\\/#website\",\"url\":\"https:\\\/\\\/aktialiiga.fi\\\/miehet\\\/\",\"name\":\"K\u00e4sipallon miesten Aktialiiga\",\"description\":\"Valtakunnan vauhdikkainta palloilua!\",\"publisher\":{\"@id\":\"https:\\\/\\\/aktialiiga.fi\\\/miehet\\\/#organization\"},\"potentialAction\":[{\"@type\":\"SearchAction\",\"target\":{\"@type\":\"EntryPoint\",\"urlTemplate\":\"https:\\\/\\\/aktialiiga.fi\\\/miehet\\\/?s={search_term_string}\"},\"query-input\":{\"@type\":\"PropertyValueSpecification\",\"valueRequired\":true,\"valueName\":\"search_term_string\"}}],\"inLanguage\":\"fi\"},{\"@type\":\"Organization\",\"@id\":\"https:\\\/\\\/aktialiiga.fi\\\/miehet\\\/#organization\",\"name\":\"K\u00e4sipallon miesten Aktialiiga\",\"url\":\"https:\\\/\\\/aktialiiga.fi\\\/miehet\\\/\",\"logo\":{\"@type\":\"ImageObject\",\"inLanguage\":\"fi\",\"@id\":\"https:\\\/\\\/aktialiiga.fi\\\/miehet\\\/#\\\/schema\\\/logo\\\/image\\\/\",\"url\":\"https:\\\/\\\/i0.wp.com\\\/aktialiiga.fi\\\/miehet\\\/wp-content\\\/uploads\\\/sites\\\/5\\\/2024\\\/09\\\/Aktialiiga-Yoast-512.png?fit=512%2C512&ssl=1\",\"contentUrl\":\"https:\\\/\\\/i0.wp.com\\\/aktialiiga.fi\\\/miehet\\\/wp-content\\\/uploads\\\/sites\\\/5\\\/2024\\\/09\\\/Aktialiiga-Yoast-512.png?fit=512%2C512&ssl=1\",\"width\":512,\"height\":512,\"caption\":\"K\u00e4sipallon miesten Aktialiiga\"},\"image\":{\"@id\":\"https:\\\/\\\/aktialiiga.fi\\\/miehet\\\/#\\\/schema\\\/logo\\\/image\\\/\"},\"sameAs\":[\"https:\\\/\\\/www.facebook.com\\\/finnhandball\",\"https:\\\/\\\/x.com\\\/finnhandball\",\"https:\\\/\\\/www.instagram.com\\\/handballfinland\\\/\"]},{\"@type\":\"Person\",\"@id\":\"https:\\\/\\\/aktialiiga.fi\\\/miehet\\\/#\\\/schema\\\/person\\\/c14bf42f47041db74603c45afcb18d87\",\"name\":\"tbrmedia\",\"image\":{\"@type\":\"ImageObject\",\"inLanguage\":\"fi\",\"@id\":\"https:\\\/\\\/secure.gravatar.com\\\/avatar\\\/ee975fa091fe581d12b60debb3439022686618368a7c142044c56724d4666b16?s=96&d=mm&r=g\",\"url\":\"https:\\\/\\\/secure.gravatar.com\\\/avatar\\\/ee975fa091fe581d12b60debb3439022686618368a7c142044c56724d4666b16?s=96&d=mm&r=g\",\"contentUrl\":\"https:\\\/\\\/secure.gravatar.com\\\/avatar\\\/ee975fa091fe581d12b60debb3439022686618368a7c142044c56724d4666b16?s=96&d=mm&r=g\",\"caption\":\"tbrmedia\"}}]}<\/script>\n<!-- \/ Yoast SEO plugin. -->","yoast_head_json":{"title":"BK-46 ja Dicken ratkaisevassa v\u00e4lier\u00e4ss\u00e4 tiistaina | K\u00e4sipallon miesten Aktialiiga","robots":{"index":"index","follow":"follow","max-snippet":"max-snippet:-1","max-image-preview":"max-image-preview:large","max-video-preview":"max-video-preview:-1"},"canonical":"https:\/\/aktialiiga.fi\/miehet\/2020-2021\/ennakot-2020-21\/bk-46-ja-dicken-ratkaisevassa-valierassa-tiistaina\/","og_locale":"fi_FI","og_type":"article","og_title":"BK-46 ja Dicken ratkaisevassa v\u00e4lier\u00e4ss\u00e4 tiistaina | K\u00e4sipallon miesten Aktialiiga","og_description":"BK-46:n ja Dickenin tiukka v\u00e4lier\u00e4sarja saa ratkaisunsa tiistaina Karjaalla, kun joukkueet kohtaavat viidennen kerran. Dicken on noussut melkoisesta ahdingosta ja tasoittanut tilanteen kahden per\u00e4tt\u00e4isen voiton my\u00f6t\u00e4 lukemiin 2-2. Dicken on samalla kenties saanut pient\u00e4 henkist\u00e4 yliotetta, mutta toisaalta ratkaisuottelu pelataan BK-46:n kotihallissa. &#8211; Se on taas uusi ottelu, mutta voimme ottaa mukaamme sen, ett\u00e4 olemme [&hellip;]","og_url":"https:\/\/aktialiiga.fi\/miehet\/2020-2021\/ennakot-2020-21\/bk-46-ja-dicken-ratkaisevassa-valierassa-tiistaina\/","og_site_name":"K\u00e4sipallon miesten Aktialiiga","article_publisher":"https:\/\/www.facebook.com\/finnhandball","article_published_time":"2021-04-12T19:32:27+00:00","og_image":[{"width":877,"height":366,"url":"https:\/\/i0.wp.com\/aktialiiga.fi\/miehet\/wp-content\/uploads\/sites\/5\/2021\/04\/BK46-Dicken_peli_2021.jpg?fit=877%2C366&ssl=1","type":"image\/jpeg"}],"author":"tbrmedia","twitter_card":"summary_large_image","twitter_creator":"@finnhandball","twitter_site":"@finnhandball","schema":{"@context":"https:\/\/schema.org","@graph":[{"@type":"Article","@id":"https:\/\/aktialiiga.fi\/miehet\/2020-2021\/ennakot-2020-21\/bk-46-ja-dicken-ratkaisevassa-valierassa-tiistaina\/#article","isPartOf":{"@id":"https:\/\/aktialiiga.fi\/miehet\/2020-2021\/ennakot-2020-21\/bk-46-ja-dicken-ratkaisevassa-valierassa-tiistaina\/"},"author":{"name":"tbrmedia","@id":"https:\/\/aktialiiga.fi\/miehet\/#\/schema\/person\/c14bf42f47041db74603c45afcb18d87"},"headline":"BK-46 ja Dicken ratkaisevassa v\u00e4lier\u00e4ss\u00e4 tiistaina","datePublished":"2021-04-12T19:32:27+00:00","mainEntityOfPage":{"@id":"https:\/\/aktialiiga.fi\/miehet\/2020-2021\/ennakot-2020-21\/bk-46-ja-dicken-ratkaisevassa-valierassa-tiistaina\/"},"wordCount":168,"publisher":{"@id":"https:\/\/aktialiiga.fi\/miehet\/#organization"},"image":{"@id":"https:\/\/aktialiiga.fi\/miehet\/2020-2021\/ennakot-2020-21\/bk-46-ja-dicken-ratkaisevassa-valierassa-tiistaina\/#primaryimage"},"thumbnailUrl":"https:\/\/i0.wp.com\/aktialiiga.fi\/miehet\/wp-content\/uploads\/sites\/5\/2021\/04\/BK46-Dicken_peli_2021.jpg?fit=877%2C366&ssl=1","keywords":["BK-46","Dicken"],"articleSection":["Ennakot"],"inLanguage":"fi"},{"@type":"WebPage","@id":"https:\/\/aktialiiga.fi\/miehet\/2020-2021\/ennakot-2020-21\/bk-46-ja-dicken-ratkaisevassa-valierassa-tiistaina\/","url":"https:\/\/aktialiiga.fi\/miehet\/2020-2021\/ennakot-2020-21\/bk-46-ja-dicken-ratkaisevassa-valierassa-tiistaina\/","name":"BK-46 ja Dicken ratkaisevassa v\u00e4lier\u00e4ss\u00e4 tiistaina | K\u00e4sipallon miesten Aktialiiga","isPartOf":{"@id":"https:\/\/aktialiiga.fi\/miehet\/#website"},"primaryImageOfPage":{"@id":"https:\/\/aktialiiga.fi\/miehet\/2020-2021\/ennakot-2020-21\/bk-46-ja-dicken-ratkaisevassa-valierassa-tiistaina\/#primaryimage"},"image":{"@id":"https:\/\/aktialiiga.fi\/miehet\/2020-2021\/ennakot-2020-21\/bk-46-ja-dicken-ratkaisevassa-valierassa-tiistaina\/#primaryimage"},"thumbnailUrl":"https:\/\/i0.wp.com\/aktialiiga.fi\/miehet\/wp-content\/uploads\/sites\/5\/2021\/04\/BK46-Dicken_peli_2021.jpg?fit=877%2C366&ssl=1","datePublished":"2021-04-12T19:32:27+00:00","breadcrumb":{"@id":"https:\/\/aktialiiga.fi\/miehet\/2020-2021\/ennakot-2020-21\/bk-46-ja-dicken-ratkaisevassa-valierassa-tiistaina\/#breadcrumb"},"inLanguage":"fi","potentialAction":[{"@type":"ReadAction","target":["https:\/\/aktialiiga.fi\/miehet\/2020-2021\/ennakot-2020-21\/bk-46-ja-dicken-ratkaisevassa-valierassa-tiistaina\/"]}]},{"@type":"ImageObject","inLanguage":"fi","@id":"https:\/\/aktialiiga.fi\/miehet\/2020-2021\/ennakot-2020-21\/bk-46-ja-dicken-ratkaisevassa-valierassa-tiistaina\/#primaryimage","url":"https:\/\/i0.wp.com\/aktialiiga.fi\/miehet\/wp-content\/uploads\/sites\/5\/2021\/04\/BK46-Dicken_peli_2021.jpg?fit=877%2C366&ssl=1","contentUrl":"https:\/\/i0.wp.com\/aktialiiga.fi\/miehet\/wp-content\/uploads\/sites\/5\/2021\/04\/BK46-Dicken_peli_2021.jpg?fit=877%2C366&ssl=1","width":877,"height":366,"caption":"Nico R\u00f6nnberg #20, BK-46, Ian Martin #17, Dicken k\u00e4sipallon miesten Suomen Cupin loppuottelussa BK-46 vs. Dicken, Karjaan urheiluhalli 6.2.2021, klo 19.52.22. (Tomi H\u00e4nninen\/Newspix24)"},{"@type":"BreadcrumbList","@id":"https:\/\/aktialiiga.fi\/miehet\/2020-2021\/ennakot-2020-21\/bk-46-ja-dicken-ratkaisevassa-valierassa-tiistaina\/#breadcrumb","itemListElement":[{"@type":"ListItem","position":1,"name":"Etusivu","item":"https:\/\/aktialiiga.fi\/miehet\/"},{"@type":"ListItem","position":2,"name":"BK-46 ja Dicken ratkaisevassa v\u00e4lier\u00e4ss\u00e4 tiistaina"}]},{"@type":"WebSite","@id":"https:\/\/aktialiiga.fi\/miehet\/#website","url":"https:\/\/aktialiiga.fi\/miehet\/","name":"K\u00e4sipallon miesten Aktialiiga","description":"Valtakunnan vauhdikkainta palloilua!","publisher":{"@id":"https:\/\/aktialiiga.fi\/miehet\/#organization"},"potentialAction":[{"@type":"SearchAction","target":{"@type":"EntryPoint","urlTemplate":"https:\/\/aktialiiga.fi\/miehet\/?s={search_term_string}"},"query-input":{"@type":"PropertyValueSpecification","valueRequired":true,"valueName":"search_term_string"}}],"inLanguage":"fi"},{"@type":"Organization","@id":"https:\/\/aktialiiga.fi\/miehet\/#organization","name":"K\u00e4sipallon miesten Aktialiiga","url":"https:\/\/aktialiiga.fi\/miehet\/","logo":{"@type":"ImageObject","inLanguage":"fi","@id":"https:\/\/aktialiiga.fi\/miehet\/#\/schema\/logo\/image\/","url":"https:\/\/i0.wp.com\/aktialiiga.fi\/miehet\/wp-content\/uploads\/sites\/5\/2024\/09\/Aktialiiga-Yoast-512.png?fit=512%2C512&ssl=1","contentUrl":"https:\/\/i0.wp.com\/aktialiiga.fi\/miehet\/wp-content\/uploads\/sites\/5\/2024\/09\/Aktialiiga-Yoast-512.png?fit=512%2C512&ssl=1","width":512,"height":512,"caption":"K\u00e4sipallon miesten Aktialiiga"},"image":{"@id":"https:\/\/aktialiiga.fi\/miehet\/#\/schema\/logo\/image\/"},"sameAs":["https:\/\/www.facebook.com\/finnhandball","https:\/\/x.com\/finnhandball","https:\/\/www.instagram.com\/handballfinland\/"]},{"@type":"Person","@id":"https:\/\/aktialiiga.fi\/miehet\/#\/schema\/person\/c14bf42f47041db74603c45afcb18d87","name":"tbrmedia","image":{"@type":"ImageObject","inLanguage":"fi","@id":"https:\/\/secure.gravatar.com\/avatar\/ee975fa091fe581d12b60debb3439022686618368a7c142044c56724d4666b16?s=96&d=mm&r=g","url":"https:\/\/secure.gravatar.com\/avatar\/ee975fa091fe581d12b60debb3439022686618368a7c142044c56724d4666b16?s=96&d=mm&r=g","contentUrl":"https:\/\/secure.gravatar.com\/avatar\/ee975fa091fe581d12b60debb3439022686618368a7c142044c56724d4666b16?s=96&d=mm&r=g","caption":"tbrmedia"}}]}},"jetpack_featured_media_url":"https:\/\/i0.wp.com\/aktialiiga.fi\/miehet\/wp-content\/uploads\/sites\/5\/2021\/04\/BK46-Dicken_peli_2021.jpg?fit=877%2C366&ssl=1","jetpack_sharing_enabled":true,"jetpack_shortlink":"https:\/\/wp.me\/pfTxOr-7b3","_links":{"self":[{"href":"https:\/\/aktialiiga.fi\/miehet\/wp-json\/wp\/v2\/posts\/27593","targetHints":{"allow":["GET"]}}],"collection":[{"href":"https:\/\/aktialiiga.fi\/miehet\/wp-json\/wp\/v2\/posts"}],"about":[{"href":"https:\/\/aktialiiga.fi\/miehet\/wp-json\/wp\/v2\/types\/post"}],"author":[{"embeddable":true,"href":"https:\/\/aktialiiga.fi\/miehet\/wp-json\/wp\/v2\/users\/13"}],"replies":[{"embeddable":true,"href":"https:\/\/aktialiiga.fi\/miehet\/wp-json\/wp\/v2\/comments?post=27593"}],"version-history":[{"count":0,"href":"https:\/\/aktialiiga.fi\/miehet\/wp-json\/wp\/v2\/posts\/27593\/revisions"}],"wp:featuredmedia":[{"embeddable":true,"href":"https:\/\/aktialiiga.fi\/miehet\/wp-json\/wp\/v2\/media\/27594"}],"wp:attachment":[{"href":"https:\/\/aktialiiga.fi\/miehet\/wp-json\/wp\/v2\/media?parent=27593"}],"wp:term":[{"taxonomy":"category","embeddable":true,"href":"https:\/\/aktialiiga.fi\/miehet\/wp-json\/wp\/v2\/categories?post=27593"},{"taxonomy":"post_tag","embeddable":true,"href":"https:\/\/aktialiiga.fi\/miehet\/wp-json\/wp\/v2\/tags?post=27593"}],"curies":[{"name":"wp","href":"https:\/\/api.w.org\/{rel}","templated":true}]}}