{"id":28527,"date":"2021-09-01T15:24:14","date_gmt":"2021-09-01T12:24:14","guid":{"rendered":"https:\/\/aktialiiga.fi\/miehet\/?p=28527"},"modified":"2021-09-01T15:24:14","modified_gmt":"2021-09-01T12:24:14","slug":"pelaamaan-mieliva-victor-westerlund-palaa-pian-bk-46n-riveihin","status":"publish","type":"post","link":"https:\/\/aktialiiga.fi\/miehet\/ajankohtaista\/pelaamaan-mieliva-victor-westerlund-palaa-pian-bk-46n-riveihin\/","title":{"rendered":"Pelaamaan mieliv\u00e4 Victor Westerlund palaa pian BK-46:n riveihin"},"content":{"rendered":"<p>Loukkaantumista seuranneen pitk\u00e4n tauon j\u00e4lkeen BK-46:n Victor Westerlund mielii jo taikaisin pelaamaan.<\/p>\n<p>T\u00e4ll\u00e4 hetkell\u00e4 suunnitelmissa onkin paluu k\u00e4sipallokent\u00e4lle aivan piakkoin.<\/p>\n<p>\u2013 Viime kausi j\u00e4i omalta osaltani hieman kesken, joten on selv\u00e4\u00e4, ett\u00e4 kaipaan takaisin, sanoo 28-vuotias Victor Westerlund, joka on uusinut sopimuksensa emoseuransa BK-46:n kanssa.<\/p>\n<p><img data-recalc-dims=\"1\" decoding=\"async\" class=\"size-medium wp-image-28528 alignright\" src=\"https:\/\/i0.wp.com\/aktialiiga.fi\/wp-content\/uploads\/sites\/5\/2021\/09\/9-Victor-Westerlund-200x300.jpg?resize=200%2C300&#038;ssl=1\" alt=\"\" width=\"200\" height=\"300\" srcset=\"https:\/\/i0.wp.com\/aktialiiga.fi\/miehet\/wp-content\/uploads\/sites\/5\/2021\/09\/9-Victor-Westerlund-scaled.jpg?resize=200%2C300&amp;ssl=1 200w, https:\/\/i0.wp.com\/aktialiiga.fi\/miehet\/wp-content\/uploads\/sites\/5\/2021\/09\/9-Victor-Westerlund-scaled.jpg?resize=687%2C1030&amp;ssl=1 687w, https:\/\/i0.wp.com\/aktialiiga.fi\/miehet\/wp-content\/uploads\/sites\/5\/2021\/09\/9-Victor-Westerlund-scaled.jpg?resize=768%2C1152&amp;ssl=1 768w, https:\/\/i0.wp.com\/aktialiiga.fi\/miehet\/wp-content\/uploads\/sites\/5\/2021\/09\/9-Victor-Westerlund-scaled.jpg?resize=1024%2C1536&amp;ssl=1 1024w, https:\/\/i0.wp.com\/aktialiiga.fi\/miehet\/wp-content\/uploads\/sites\/5\/2021\/09\/9-Victor-Westerlund-scaled.jpg?resize=1366%2C2048&amp;ssl=1 1366w, https:\/\/i0.wp.com\/aktialiiga.fi\/miehet\/wp-content\/uploads\/sites\/5\/2021\/09\/9-Victor-Westerlund-scaled.jpg?resize=800%2C1200&amp;ssl=1 800w, https:\/\/i0.wp.com\/aktialiiga.fi\/miehet\/wp-content\/uploads\/sites\/5\/2021\/09\/9-Victor-Westerlund-scaled.jpg?resize=1000%2C1500&amp;ssl=1 1000w, https:\/\/i0.wp.com\/aktialiiga.fi\/miehet\/wp-content\/uploads\/sites\/5\/2021\/09\/9-Victor-Westerlund-scaled.jpg?resize=470%2C705&amp;ssl=1 470w, https:\/\/i0.wp.com\/aktialiiga.fi\/miehet\/wp-content\/uploads\/sites\/5\/2021\/09\/9-Victor-Westerlund-scaled.jpg?w=1707&amp;ssl=1 1707w\" sizes=\"(max-width: 200px) 100vw, 200px\" \/>Polvivamma, jonka h\u00e4n sai ottelussa Cocksia vastaan viime vuoden marraskuussa on leikattu ja Victor laskeskelee olevansa pelikunnossa noin kuukauden kuluttua. My\u00f6s oma el\u00e4m\u00e4ntilanne, eli perhe ja ty\u00f6, sallii jatkopanostuksen.<\/p>\n<p>\u2013 K\u00e4sipallo istuu hyvin rutiineihini ja tarjoaa sin\u00e4ll\u00e4\u00e4n hyvi\u00e4 taukoja et\u00e4ty\u00f6skentelyyn, h\u00e4n sanoo.<\/p>\n<p>BK:n joukkueen tavoitteet alkavalle kaudelle ovat korkeat, kuten my\u00f6s t\u00e4t\u00e4 edellisin\u00e4 vuosina.<\/p>\n<p>\u2013 Viime vuonna saimme cup-mestaruuden, mutta haluaisimme kyll\u00e4 my\u00f6s SM-tittelin takaisin Karjaalle. Meill\u00e4 on ollut muutama hyv\u00e4 peruskausi. Viimeisten t\u00e4rkeiden otteluiden aikana meid\u00e4n tulisi kuitenkin kyet\u00e4 nousemaan viel\u00e4 vahvemmin, Victor Westerlund sanoo.<\/p>\n<p>H\u00e4nen mielest\u00e4\u00e4n t\u00e4ss\u00e4 suhteessa asiat ovat kuitenkin lupaavalla mallilla. Joukkue on motivoitunut ja viime vuoteen verrattuna pelitarjonta on laajempi.<\/p>\n<p>\u2013 Meill\u00e4 on nyt useampia pelaajia, etenkin pakkipelaajia. Nykyiset tupla-asetelmat jokaisessa positiossa tekev\u00e4t harjoituksista paremmat ja<br \/>\nparemmat harjoitukset johtavat puolestaan parempiin otteluihin. Pieni kilpailu pelipaikoista on my\u00f6s hyv\u00e4 asia. Nykyisell\u00e4 joukkuerungolla joukkueen pit\u00e4isi suoriutua my\u00f6s muutamista loukkaantumisista, jotka on aina huomioitava k\u00e4sipallossa.<\/p>\n","protected":false},"excerpt":{"rendered":"<p>Loukkaantumista seuranneen pitk\u00e4n tauon j\u00e4lkeen BK-46:n Victor Westerlund mielii jo taikaisin pelaamaan. T\u00e4ll\u00e4 hetkell\u00e4 suunnitelmissa onkin paluu k\u00e4sipallokent\u00e4lle aivan piakkoin. \u2013 Viime kausi j\u00e4i omalta osaltani hieman kesken, joten on selv\u00e4\u00e4, ett\u00e4 kaipaan takaisin, sanoo 28-vuotias Victor Westerlund, joka on uusinut sopimuksensa emoseuransa BK-46:n kanssa. Polvivamma, jonka h\u00e4n sai ottelussa Cocksia vastaan viime vuoden marraskuussa [&hellip;]<\/p>\n","protected":false},"author":13,"featured_media":26986,"comment_status":"closed","ping_status":"closed","sticky":false,"template":"","format":"standard","meta":{"_acf_changed":false,"jetpack_post_was_ever_published":false,"_jetpack_newsletter_access":"","_jetpack_dont_email_post_to_subs":false,"_jetpack_newsletter_tier_id":0,"_jetpack_memberships_contains_paywalled_content":false,"_jetpack_memberships_contains_paid_content":false,"footnotes":""},"categories":[2],"tags":[56],"class_list":["post-28527","post","type-post","status-publish","format-standard","has-post-thumbnail","hentry","category-ajankohtaista","tag-bk-46"],"acf":[],"yoast_head":"<!-- This site is optimized with the Yoast SEO plugin v27.5 - https:\/\/yoast.com\/product\/yoast-seo-wordpress\/ -->\n<title>Pelaamaan mieliv\u00e4 Victor Westerlund palaa pian BK-46:n riveihin | K\u00e4sipallon miesten Aktialiiga<\/title>\n<meta name=\"robots\" content=\"index, follow, max-snippet:-1, max-image-preview:large, max-video-preview:-1\" \/>\n<link rel=\"canonical\" href=\"https:\/\/aktialiiga.fi\/miehet\/ajankohtaista\/pelaamaan-mieliva-victor-westerlund-palaa-pian-bk-46n-riveihin\/\" \/>\n<meta property=\"og:locale\" content=\"fi_FI\" \/>\n<meta property=\"og:type\" content=\"article\" \/>\n<meta property=\"og:title\" content=\"Pelaamaan mieliv\u00e4 Victor Westerlund palaa pian BK-46:n riveihin | K\u00e4sipallon miesten Aktialiiga\" \/>\n<meta property=\"og:description\" content=\"Loukkaantumista seuranneen pitk\u00e4n tauon j\u00e4lkeen BK-46:n Victor Westerlund mielii jo taikaisin pelaamaan. T\u00e4ll\u00e4 hetkell\u00e4 suunnitelmissa onkin paluu k\u00e4sipallokent\u00e4lle aivan piakkoin. \u2013 Viime kausi j\u00e4i omalta osaltani hieman kesken, joten on selv\u00e4\u00e4, ett\u00e4 kaipaan takaisin, sanoo 28-vuotias Victor Westerlund, joka on uusinut sopimuksensa emoseuransa BK-46:n kanssa. Polvivamma, jonka h\u00e4n sai ottelussa Cocksia vastaan viime vuoden marraskuussa [&hellip;]\" \/>\n<meta property=\"og:url\" content=\"https:\/\/aktialiiga.fi\/miehet\/ajankohtaista\/pelaamaan-mieliva-victor-westerlund-palaa-pian-bk-46n-riveihin\/\" \/>\n<meta property=\"og:site_name\" content=\"K\u00e4sipallon miesten Aktialiiga\" \/>\n<meta property=\"article:publisher\" content=\"https:\/\/www.facebook.com\/finnhandball\" \/>\n<meta property=\"article:published_time\" content=\"2021-09-01T12:24:14+00:00\" \/>\n<meta property=\"og:image\" content=\"https:\/\/i0.wp.com\/aktialiiga.fi\/miehet\/wp-content\/uploads\/sites\/5\/2021\/01\/BK46_juhlii_1920.jpg?fit=1025%2C458&ssl=1\" \/>\n\t<meta property=\"og:image:width\" content=\"1025\" \/>\n\t<meta property=\"og:image:height\" content=\"458\" \/>\n\t<meta property=\"og:image:type\" content=\"image\/jpeg\" \/>\n<meta name=\"author\" content=\"tbrmedia\" \/>\n<meta name=\"twitter:card\" content=\"summary_large_image\" \/>\n<meta name=\"twitter:creator\" content=\"@finnhandball\" \/>\n<meta name=\"twitter:site\" content=\"@finnhandball\" \/>\n<script type=\"application\/ld+json\" class=\"yoast-schema-graph\">{\"@context\":\"https:\\\/\\\/schema.org\",\"@graph\":[{\"@type\":\"Article\",\"@id\":\"https:\\\/\\\/aktialiiga.fi\\\/miehet\\\/ajankohtaista\\\/pelaamaan-mieliva-victor-westerlund-palaa-pian-bk-46n-riveihin\\\/#article\",\"isPartOf\":{\"@id\":\"https:\\\/\\\/aktialiiga.fi\\\/miehet\\\/ajankohtaista\\\/pelaamaan-mieliva-victor-westerlund-palaa-pian-bk-46n-riveihin\\\/\"},\"author\":{\"name\":\"tbrmedia\",\"@id\":\"https:\\\/\\\/aktialiiga.fi\\\/miehet\\\/#\\\/schema\\\/person\\\/c14bf42f47041db74603c45afcb18d87\"},\"headline\":\"Pelaamaan mieliv\u00e4 Victor Westerlund palaa pian BK-46:n riveihin\",\"datePublished\":\"2021-09-01T12:24:14+00:00\",\"mainEntityOfPage\":{\"@id\":\"https:\\\/\\\/aktialiiga.fi\\\/miehet\\\/ajankohtaista\\\/pelaamaan-mieliva-victor-westerlund-palaa-pian-bk-46n-riveihin\\\/\"},\"wordCount\":229,\"publisher\":{\"@id\":\"https:\\\/\\\/aktialiiga.fi\\\/miehet\\\/#organization\"},\"image\":{\"@id\":\"https:\\\/\\\/aktialiiga.fi\\\/miehet\\\/ajankohtaista\\\/pelaamaan-mieliva-victor-westerlund-palaa-pian-bk-46n-riveihin\\\/#primaryimage\"},\"thumbnailUrl\":\"https:\\\/\\\/i0.wp.com\\\/aktialiiga.fi\\\/miehet\\\/wp-content\\\/uploads\\\/sites\\\/5\\\/2021\\\/01\\\/BK46_juhlii_1920.jpg?fit=1025%2C458&ssl=1\",\"keywords\":[\"BK-46\"],\"articleSection\":[\"Ajankohtaista\"],\"inLanguage\":\"fi\"},{\"@type\":\"WebPage\",\"@id\":\"https:\\\/\\\/aktialiiga.fi\\\/miehet\\\/ajankohtaista\\\/pelaamaan-mieliva-victor-westerlund-palaa-pian-bk-46n-riveihin\\\/\",\"url\":\"https:\\\/\\\/aktialiiga.fi\\\/miehet\\\/ajankohtaista\\\/pelaamaan-mieliva-victor-westerlund-palaa-pian-bk-46n-riveihin\\\/\",\"name\":\"Pelaamaan mieliv\u00e4 Victor Westerlund palaa pian BK-46:n riveihin | K\u00e4sipallon miesten Aktialiiga\",\"isPartOf\":{\"@id\":\"https:\\\/\\\/aktialiiga.fi\\\/miehet\\\/#website\"},\"primaryImageOfPage\":{\"@id\":\"https:\\\/\\\/aktialiiga.fi\\\/miehet\\\/ajankohtaista\\\/pelaamaan-mieliva-victor-westerlund-palaa-pian-bk-46n-riveihin\\\/#primaryimage\"},\"image\":{\"@id\":\"https:\\\/\\\/aktialiiga.fi\\\/miehet\\\/ajankohtaista\\\/pelaamaan-mieliva-victor-westerlund-palaa-pian-bk-46n-riveihin\\\/#primaryimage\"},\"thumbnailUrl\":\"https:\\\/\\\/i0.wp.com\\\/aktialiiga.fi\\\/miehet\\\/wp-content\\\/uploads\\\/sites\\\/5\\\/2021\\\/01\\\/BK46_juhlii_1920.jpg?fit=1025%2C458&ssl=1\",\"datePublished\":\"2021-09-01T12:24:14+00:00\",\"breadcrumb\":{\"@id\":\"https:\\\/\\\/aktialiiga.fi\\\/miehet\\\/ajankohtaista\\\/pelaamaan-mieliva-victor-westerlund-palaa-pian-bk-46n-riveihin\\\/#breadcrumb\"},\"inLanguage\":\"fi\",\"potentialAction\":[{\"@type\":\"ReadAction\",\"target\":[\"https:\\\/\\\/aktialiiga.fi\\\/miehet\\\/ajankohtaista\\\/pelaamaan-mieliva-victor-westerlund-palaa-pian-bk-46n-riveihin\\\/\"]}]},{\"@type\":\"ImageObject\",\"inLanguage\":\"fi\",\"@id\":\"https:\\\/\\\/aktialiiga.fi\\\/miehet\\\/ajankohtaista\\\/pelaamaan-mieliva-victor-westerlund-palaa-pian-bk-46n-riveihin\\\/#primaryimage\",\"url\":\"https:\\\/\\\/i0.wp.com\\\/aktialiiga.fi\\\/miehet\\\/wp-content\\\/uploads\\\/sites\\\/5\\\/2021\\\/01\\\/BK46_juhlii_1920.jpg?fit=1025%2C458&ssl=1\",\"contentUrl\":\"https:\\\/\\\/i0.wp.com\\\/aktialiiga.fi\\\/miehet\\\/wp-content\\\/uploads\\\/sites\\\/5\\\/2021\\\/01\\\/BK46_juhlii_1920.jpg?fit=1025%2C458&ssl=1\",\"width\":1025,\"height\":458,\"caption\":\"BK-46 juhlii voittoa, fanit tulevat kent\u00e4lle K\u00e4sipallon Suomen Cupin loppu-ottelussa BK-46. vs. Dicken Karjaan Urheilutalo 22.12.2019, klo 20.01.31. (Tomi H\u00e4nninen\\\/Newspix24)\"},{\"@type\":\"BreadcrumbList\",\"@id\":\"https:\\\/\\\/aktialiiga.fi\\\/miehet\\\/ajankohtaista\\\/pelaamaan-mieliva-victor-westerlund-palaa-pian-bk-46n-riveihin\\\/#breadcrumb\",\"itemListElement\":[{\"@type\":\"ListItem\",\"position\":1,\"name\":\"Etusivu\",\"item\":\"https:\\\/\\\/aktialiiga.fi\\\/miehet\\\/\"},{\"@type\":\"ListItem\",\"position\":2,\"name\":\"Pelaamaan mieliv\u00e4 Victor Westerlund palaa pian BK-46:n riveihin\"}]},{\"@type\":\"WebSite\",\"@id\":\"https:\\\/\\\/aktialiiga.fi\\\/miehet\\\/#website\",\"url\":\"https:\\\/\\\/aktialiiga.fi\\\/miehet\\\/\",\"name\":\"K\u00e4sipallon miesten Aktialiiga\",\"description\":\"Valtakunnan vauhdikkainta palloilua!\",\"publisher\":{\"@id\":\"https:\\\/\\\/aktialiiga.fi\\\/miehet\\\/#organization\"},\"potentialAction\":[{\"@type\":\"SearchAction\",\"target\":{\"@type\":\"EntryPoint\",\"urlTemplate\":\"https:\\\/\\\/aktialiiga.fi\\\/miehet\\\/?s={search_term_string}\"},\"query-input\":{\"@type\":\"PropertyValueSpecification\",\"valueRequired\":true,\"valueName\":\"search_term_string\"}}],\"inLanguage\":\"fi\"},{\"@type\":\"Organization\",\"@id\":\"https:\\\/\\\/aktialiiga.fi\\\/miehet\\\/#organization\",\"name\":\"K\u00e4sipallon miesten Aktialiiga\",\"url\":\"https:\\\/\\\/aktialiiga.fi\\\/miehet\\\/\",\"logo\":{\"@type\":\"ImageObject\",\"inLanguage\":\"fi\",\"@id\":\"https:\\\/\\\/aktialiiga.fi\\\/miehet\\\/#\\\/schema\\\/logo\\\/image\\\/\",\"url\":\"https:\\\/\\\/i0.wp.com\\\/aktialiiga.fi\\\/miehet\\\/wp-content\\\/uploads\\\/sites\\\/5\\\/2024\\\/09\\\/Aktialiiga-Yoast-512.png?fit=512%2C512&ssl=1\",\"contentUrl\":\"https:\\\/\\\/i0.wp.com\\\/aktialiiga.fi\\\/miehet\\\/wp-content\\\/uploads\\\/sites\\\/5\\\/2024\\\/09\\\/Aktialiiga-Yoast-512.png?fit=512%2C512&ssl=1\",\"width\":512,\"height\":512,\"caption\":\"K\u00e4sipallon miesten Aktialiiga\"},\"image\":{\"@id\":\"https:\\\/\\\/aktialiiga.fi\\\/miehet\\\/#\\\/schema\\\/logo\\\/image\\\/\"},\"sameAs\":[\"https:\\\/\\\/www.facebook.com\\\/finnhandball\",\"https:\\\/\\\/x.com\\\/finnhandball\",\"https:\\\/\\\/www.instagram.com\\\/handballfinland\\\/\"]},{\"@type\":\"Person\",\"@id\":\"https:\\\/\\\/aktialiiga.fi\\\/miehet\\\/#\\\/schema\\\/person\\\/c14bf42f47041db74603c45afcb18d87\",\"name\":\"tbrmedia\",\"image\":{\"@type\":\"ImageObject\",\"inLanguage\":\"fi\",\"@id\":\"https:\\\/\\\/secure.gravatar.com\\\/avatar\\\/ee975fa091fe581d12b60debb3439022686618368a7c142044c56724d4666b16?s=96&d=mm&r=g\",\"url\":\"https:\\\/\\\/secure.gravatar.com\\\/avatar\\\/ee975fa091fe581d12b60debb3439022686618368a7c142044c56724d4666b16?s=96&d=mm&r=g\",\"contentUrl\":\"https:\\\/\\\/secure.gravatar.com\\\/avatar\\\/ee975fa091fe581d12b60debb3439022686618368a7c142044c56724d4666b16?s=96&d=mm&r=g\",\"caption\":\"tbrmedia\"}}]}<\/script>\n<!-- \/ Yoast SEO plugin. -->","yoast_head_json":{"title":"Pelaamaan mieliv\u00e4 Victor Westerlund palaa pian BK-46:n riveihin | K\u00e4sipallon miesten Aktialiiga","robots":{"index":"index","follow":"follow","max-snippet":"max-snippet:-1","max-image-preview":"max-image-preview:large","max-video-preview":"max-video-preview:-1"},"canonical":"https:\/\/aktialiiga.fi\/miehet\/ajankohtaista\/pelaamaan-mieliva-victor-westerlund-palaa-pian-bk-46n-riveihin\/","og_locale":"fi_FI","og_type":"article","og_title":"Pelaamaan mieliv\u00e4 Victor Westerlund palaa pian BK-46:n riveihin | K\u00e4sipallon miesten Aktialiiga","og_description":"Loukkaantumista seuranneen pitk\u00e4n tauon j\u00e4lkeen BK-46:n Victor Westerlund mielii jo taikaisin pelaamaan. T\u00e4ll\u00e4 hetkell\u00e4 suunnitelmissa onkin paluu k\u00e4sipallokent\u00e4lle aivan piakkoin. \u2013 Viime kausi j\u00e4i omalta osaltani hieman kesken, joten on selv\u00e4\u00e4, ett\u00e4 kaipaan takaisin, sanoo 28-vuotias Victor Westerlund, joka on uusinut sopimuksensa emoseuransa BK-46:n kanssa. Polvivamma, jonka h\u00e4n sai ottelussa Cocksia vastaan viime vuoden marraskuussa [&hellip;]","og_url":"https:\/\/aktialiiga.fi\/miehet\/ajankohtaista\/pelaamaan-mieliva-victor-westerlund-palaa-pian-bk-46n-riveihin\/","og_site_name":"K\u00e4sipallon miesten Aktialiiga","article_publisher":"https:\/\/www.facebook.com\/finnhandball","article_published_time":"2021-09-01T12:24:14+00:00","og_image":[{"width":1025,"height":458,"url":"https:\/\/i0.wp.com\/aktialiiga.fi\/miehet\/wp-content\/uploads\/sites\/5\/2021\/01\/BK46_juhlii_1920.jpg?fit=1025%2C458&ssl=1","type":"image\/jpeg"}],"author":"tbrmedia","twitter_card":"summary_large_image","twitter_creator":"@finnhandball","twitter_site":"@finnhandball","schema":{"@context":"https:\/\/schema.org","@graph":[{"@type":"Article","@id":"https:\/\/aktialiiga.fi\/miehet\/ajankohtaista\/pelaamaan-mieliva-victor-westerlund-palaa-pian-bk-46n-riveihin\/#article","isPartOf":{"@id":"https:\/\/aktialiiga.fi\/miehet\/ajankohtaista\/pelaamaan-mieliva-victor-westerlund-palaa-pian-bk-46n-riveihin\/"},"author":{"name":"tbrmedia","@id":"https:\/\/aktialiiga.fi\/miehet\/#\/schema\/person\/c14bf42f47041db74603c45afcb18d87"},"headline":"Pelaamaan mieliv\u00e4 Victor Westerlund palaa pian BK-46:n riveihin","datePublished":"2021-09-01T12:24:14+00:00","mainEntityOfPage":{"@id":"https:\/\/aktialiiga.fi\/miehet\/ajankohtaista\/pelaamaan-mieliva-victor-westerlund-palaa-pian-bk-46n-riveihin\/"},"wordCount":229,"publisher":{"@id":"https:\/\/aktialiiga.fi\/miehet\/#organization"},"image":{"@id":"https:\/\/aktialiiga.fi\/miehet\/ajankohtaista\/pelaamaan-mieliva-victor-westerlund-palaa-pian-bk-46n-riveihin\/#primaryimage"},"thumbnailUrl":"https:\/\/i0.wp.com\/aktialiiga.fi\/miehet\/wp-content\/uploads\/sites\/5\/2021\/01\/BK46_juhlii_1920.jpg?fit=1025%2C458&ssl=1","keywords":["BK-46"],"articleSection":["Ajankohtaista"],"inLanguage":"fi"},{"@type":"WebPage","@id":"https:\/\/aktialiiga.fi\/miehet\/ajankohtaista\/pelaamaan-mieliva-victor-westerlund-palaa-pian-bk-46n-riveihin\/","url":"https:\/\/aktialiiga.fi\/miehet\/ajankohtaista\/pelaamaan-mieliva-victor-westerlund-palaa-pian-bk-46n-riveihin\/","name":"Pelaamaan mieliv\u00e4 Victor Westerlund palaa pian BK-46:n riveihin | K\u00e4sipallon miesten Aktialiiga","isPartOf":{"@id":"https:\/\/aktialiiga.fi\/miehet\/#website"},"primaryImageOfPage":{"@id":"https:\/\/aktialiiga.fi\/miehet\/ajankohtaista\/pelaamaan-mieliva-victor-westerlund-palaa-pian-bk-46n-riveihin\/#primaryimage"},"image":{"@id":"https:\/\/aktialiiga.fi\/miehet\/ajankohtaista\/pelaamaan-mieliva-victor-westerlund-palaa-pian-bk-46n-riveihin\/#primaryimage"},"thumbnailUrl":"https:\/\/i0.wp.com\/aktialiiga.fi\/miehet\/wp-content\/uploads\/sites\/5\/2021\/01\/BK46_juhlii_1920.jpg?fit=1025%2C458&ssl=1","datePublished":"2021-09-01T12:24:14+00:00","breadcrumb":{"@id":"https:\/\/aktialiiga.fi\/miehet\/ajankohtaista\/pelaamaan-mieliva-victor-westerlund-palaa-pian-bk-46n-riveihin\/#breadcrumb"},"inLanguage":"fi","potentialAction":[{"@type":"ReadAction","target":["https:\/\/aktialiiga.fi\/miehet\/ajankohtaista\/pelaamaan-mieliva-victor-westerlund-palaa-pian-bk-46n-riveihin\/"]}]},{"@type":"ImageObject","inLanguage":"fi","@id":"https:\/\/aktialiiga.fi\/miehet\/ajankohtaista\/pelaamaan-mieliva-victor-westerlund-palaa-pian-bk-46n-riveihin\/#primaryimage","url":"https:\/\/i0.wp.com\/aktialiiga.fi\/miehet\/wp-content\/uploads\/sites\/5\/2021\/01\/BK46_juhlii_1920.jpg?fit=1025%2C458&ssl=1","contentUrl":"https:\/\/i0.wp.com\/aktialiiga.fi\/miehet\/wp-content\/uploads\/sites\/5\/2021\/01\/BK46_juhlii_1920.jpg?fit=1025%2C458&ssl=1","width":1025,"height":458,"caption":"BK-46 juhlii voittoa, fanit tulevat kent\u00e4lle K\u00e4sipallon Suomen Cupin loppu-ottelussa BK-46. vs. Dicken Karjaan Urheilutalo 22.12.2019, klo 20.01.31. (Tomi H\u00e4nninen\/Newspix24)"},{"@type":"BreadcrumbList","@id":"https:\/\/aktialiiga.fi\/miehet\/ajankohtaista\/pelaamaan-mieliva-victor-westerlund-palaa-pian-bk-46n-riveihin\/#breadcrumb","itemListElement":[{"@type":"ListItem","position":1,"name":"Etusivu","item":"https:\/\/aktialiiga.fi\/miehet\/"},{"@type":"ListItem","position":2,"name":"Pelaamaan mieliv\u00e4 Victor Westerlund palaa pian BK-46:n riveihin"}]},{"@type":"WebSite","@id":"https:\/\/aktialiiga.fi\/miehet\/#website","url":"https:\/\/aktialiiga.fi\/miehet\/","name":"K\u00e4sipallon miesten Aktialiiga","description":"Valtakunnan vauhdikkainta palloilua!","publisher":{"@id":"https:\/\/aktialiiga.fi\/miehet\/#organization"},"potentialAction":[{"@type":"SearchAction","target":{"@type":"EntryPoint","urlTemplate":"https:\/\/aktialiiga.fi\/miehet\/?s={search_term_string}"},"query-input":{"@type":"PropertyValueSpecification","valueRequired":true,"valueName":"search_term_string"}}],"inLanguage":"fi"},{"@type":"Organization","@id":"https:\/\/aktialiiga.fi\/miehet\/#organization","name":"K\u00e4sipallon miesten Aktialiiga","url":"https:\/\/aktialiiga.fi\/miehet\/","logo":{"@type":"ImageObject","inLanguage":"fi","@id":"https:\/\/aktialiiga.fi\/miehet\/#\/schema\/logo\/image\/","url":"https:\/\/i0.wp.com\/aktialiiga.fi\/miehet\/wp-content\/uploads\/sites\/5\/2024\/09\/Aktialiiga-Yoast-512.png?fit=512%2C512&ssl=1","contentUrl":"https:\/\/i0.wp.com\/aktialiiga.fi\/miehet\/wp-content\/uploads\/sites\/5\/2024\/09\/Aktialiiga-Yoast-512.png?fit=512%2C512&ssl=1","width":512,"height":512,"caption":"K\u00e4sipallon miesten Aktialiiga"},"image":{"@id":"https:\/\/aktialiiga.fi\/miehet\/#\/schema\/logo\/image\/"},"sameAs":["https:\/\/www.facebook.com\/finnhandball","https:\/\/x.com\/finnhandball","https:\/\/www.instagram.com\/handballfinland\/"]},{"@type":"Person","@id":"https:\/\/aktialiiga.fi\/miehet\/#\/schema\/person\/c14bf42f47041db74603c45afcb18d87","name":"tbrmedia","image":{"@type":"ImageObject","inLanguage":"fi","@id":"https:\/\/secure.gravatar.com\/avatar\/ee975fa091fe581d12b60debb3439022686618368a7c142044c56724d4666b16?s=96&d=mm&r=g","url":"https:\/\/secure.gravatar.com\/avatar\/ee975fa091fe581d12b60debb3439022686618368a7c142044c56724d4666b16?s=96&d=mm&r=g","contentUrl":"https:\/\/secure.gravatar.com\/avatar\/ee975fa091fe581d12b60debb3439022686618368a7c142044c56724d4666b16?s=96&d=mm&r=g","caption":"tbrmedia"}}]}},"jetpack_featured_media_url":"https:\/\/i0.wp.com\/aktialiiga.fi\/miehet\/wp-content\/uploads\/sites\/5\/2021\/01\/BK46_juhlii_1920.jpg?fit=1025%2C458&ssl=1","jetpack_sharing_enabled":true,"jetpack_shortlink":"https:\/\/wp.me\/pfTxOr-7q7","_links":{"self":[{"href":"https:\/\/aktialiiga.fi\/miehet\/wp-json\/wp\/v2\/posts\/28527","targetHints":{"allow":["GET"]}}],"collection":[{"href":"https:\/\/aktialiiga.fi\/miehet\/wp-json\/wp\/v2\/posts"}],"about":[{"href":"https:\/\/aktialiiga.fi\/miehet\/wp-json\/wp\/v2\/types\/post"}],"author":[{"embeddable":true,"href":"https:\/\/aktialiiga.fi\/miehet\/wp-json\/wp\/v2\/users\/13"}],"replies":[{"embeddable":true,"href":"https:\/\/aktialiiga.fi\/miehet\/wp-json\/wp\/v2\/comments?post=28527"}],"version-history":[{"count":0,"href":"https:\/\/aktialiiga.fi\/miehet\/wp-json\/wp\/v2\/posts\/28527\/revisions"}],"wp:featuredmedia":[{"embeddable":true,"href":"https:\/\/aktialiiga.fi\/miehet\/wp-json\/wp\/v2\/media\/26986"}],"wp:attachment":[{"href":"https:\/\/aktialiiga.fi\/miehet\/wp-json\/wp\/v2\/media?parent=28527"}],"wp:term":[{"taxonomy":"category","embeddable":true,"href":"https:\/\/aktialiiga.fi\/miehet\/wp-json\/wp\/v2\/categories?post=28527"},{"taxonomy":"post_tag","embeddable":true,"href":"https:\/\/aktialiiga.fi\/miehet\/wp-json\/wp\/v2\/tags?post=28527"}],"curies":[{"name":"wp","href":"https:\/\/api.w.org\/{rel}","templated":true}]}}