{"id":29811,"date":"2021-09-21T20:07:49","date_gmt":"2021-09-21T17:07:49","guid":{"rendered":"https:\/\/aktialiiga.fi\/miehet\/?p=29811"},"modified":"2021-09-22T10:37:59","modified_gmt":"2021-09-22T07:37:59","slug":"cocks-ja-grifk-kohtaavat-keskiviikkona","status":"publish","type":"post","link":"https:\/\/aktialiiga.fi\/miehet\/2021-2022\/ennakot-kausi-21-22\/cocks-ja-grifk-kohtaavat-keskiviikkona\/","title":{"rendered":"Cocks ja GrIFK kohtaavat keskiviikkona"},"content":{"rendered":"<p>SM-liigassa pelataan jo viikolla yksi ottelu, kun Cocks is\u00e4nn\u00f6i GrIFK:ta keskiviikkona Riihim\u00e4ell\u00e4.<\/p>\n<p>Kaksikko kohtasi viime kev\u00e4\u00e4n\u00e4 v\u00e4lieriss\u00e4 ja silloin Cocks suorastaan jyr\u00e4si Granin yli. Kauniaislaisten loukkaantumistilanne oli tuolloin kuitenkin sellainen, ettei menneit\u00e4 kannata liikoja en\u00e4\u00e4 keskiviikkona muistella. Uuden kauden molemmat ovat avanneet tuloksellisesti hyvin.<\/p>\n<p>Cocks on pelannut SM-liigassa kaksi ottelua. Ottelut ovat p\u00e4\u00e4ttyneet Cocksin voittoihin, mutta parannettavaa on l\u00f6ytynyt erityisesti molempien otteluiden toisista puoliajoista. \u00c5IFK:ta vastaan Cocksin 11:sta maalin johto kutistui kuuteen maaliin toisella puoliajalla ja Dicken tuli toisella puoliajalla viiden maalin p\u00e4\u00e4st\u00e4 tasoihin.<\/p>\n<p>Vierailija GrIFK hoiti avauskierroksen ottelunsa Siuntiossa tyylill\u00e4 kotiin. Alussa otettu komento piti toisen jakson avauskymppi\u00e4 lukuun ottamatta hyvin ja tuoreet vahvistukset Patrik Roslander ja Carl Weurlander viihtyiv\u00e4t hienosti uusissa v\u00e4reiss\u00e4\u00e4n. Weurlander muodosti Robin Granlundin kanssa erinomaisen heittouhan, ja tuplasi Fredrik Forssin ja Richard Sundbergin ymp\u00e4rill\u00e4 isojen miesten puolustusmuurin.<\/p>\n<p>GrIFK oli kauden ensimm\u00e4isess\u00e4 ottelussaan hyv\u00e4 erityisesti ottelun lopussa, joten Cocksin t\u00e4ytyykin pelata tasainen ottelu jotta pisteet j\u00e4isiv\u00e4t ottelun p\u00e4\u00e4tytty\u00e4 Riihim\u00e4elle.<\/p>\n<p>Cocks-GrIFK alkaa Cocks Areenalla keskiviikkona kello 18.30.<\/p>\n<p>Ottelua voi kaikkien kauden SM-liigaotteluiden tapaan seurata suorana l\u00e4hetyksen\u00e4 <a href=\"https:\/\/solidsport.com\/cocks-men\/games\/g\/5cuvjb0t\" target=\"_blank\" rel=\"noopener\">SolidSportilta<\/a>. Ottelu l\u00e4hetet\u00e4\u00e4n monikameratuotantona ja sen selostaa Tomi Salminen.<\/p>\n","protected":false},"excerpt":{"rendered":"<p>SM-liigassa pelataan jo viikolla yksi ottelu, kun Cocks is\u00e4nn\u00f6i GrIFK:ta keskiviikkona Riihim\u00e4ell\u00e4. Kaksikko kohtasi viime kev\u00e4\u00e4n\u00e4 v\u00e4lieriss\u00e4 ja silloin Cocks suorastaan jyr\u00e4si Granin yli. Kauniaislaisten loukkaantumistilanne oli tuolloin kuitenkin sellainen, ettei menneit\u00e4 kannata liikoja en\u00e4\u00e4 keskiviikkona muistella. Uuden kauden molemmat ovat avanneet tuloksellisesti hyvin. Cocks on pelannut SM-liigassa kaksi ottelua. Ottelut ovat p\u00e4\u00e4ttyneet Cocksin voittoihin, [&hellip;]<\/p>\n","protected":false},"author":13,"featured_media":29812,"comment_status":"closed","ping_status":"closed","sticky":false,"template":"","format":"standard","meta":{"_acf_changed":false,"jetpack_post_was_ever_published":false,"_jetpack_newsletter_access":"","_jetpack_dont_email_post_to_subs":false,"_jetpack_newsletter_tier_id":0,"_jetpack_memberships_contains_paywalled_content":false,"_jetpack_memberships_contains_paid_content":false,"footnotes":""},"categories":[264],"tags":[57,64],"class_list":["post-29811","post","type-post","status-publish","format-standard","has-post-thumbnail","hentry","category-ennakot-kausi-21-22","tag-cocks","tag-grifk"],"acf":[],"yoast_head":"<!-- This site is optimized with the Yoast SEO plugin v27.5 - https:\/\/yoast.com\/product\/yoast-seo-wordpress\/ -->\n<title>Cocks ja GrIFK kohtaavat keskiviikkona | K\u00e4sipallon miesten Aktialiiga<\/title>\n<meta name=\"robots\" content=\"index, follow, max-snippet:-1, max-image-preview:large, max-video-preview:-1\" \/>\n<link rel=\"canonical\" href=\"https:\/\/aktialiiga.fi\/miehet\/2021-2022\/ennakot-kausi-21-22\/cocks-ja-grifk-kohtaavat-keskiviikkona\/\" \/>\n<meta property=\"og:locale\" content=\"fi_FI\" \/>\n<meta property=\"og:type\" content=\"article\" \/>\n<meta property=\"og:title\" content=\"Cocks ja GrIFK kohtaavat keskiviikkona | K\u00e4sipallon miesten Aktialiiga\" \/>\n<meta property=\"og:description\" content=\"SM-liigassa pelataan jo viikolla yksi ottelu, kun Cocks is\u00e4nn\u00f6i GrIFK:ta keskiviikkona Riihim\u00e4ell\u00e4. Kaksikko kohtasi viime kev\u00e4\u00e4n\u00e4 v\u00e4lieriss\u00e4 ja silloin Cocks suorastaan jyr\u00e4si Granin yli. Kauniaislaisten loukkaantumistilanne oli tuolloin kuitenkin sellainen, ettei menneit\u00e4 kannata liikoja en\u00e4\u00e4 keskiviikkona muistella. Uuden kauden molemmat ovat avanneet tuloksellisesti hyvin. Cocks on pelannut SM-liigassa kaksi ottelua. Ottelut ovat p\u00e4\u00e4ttyneet Cocksin voittoihin, [&hellip;]\" \/>\n<meta property=\"og:url\" content=\"https:\/\/aktialiiga.fi\/miehet\/2021-2022\/ennakot-kausi-21-22\/cocks-ja-grifk-kohtaavat-keskiviikkona\/\" \/>\n<meta property=\"og:site_name\" content=\"K\u00e4sipallon miesten Aktialiiga\" \/>\n<meta property=\"article:publisher\" content=\"https:\/\/www.facebook.com\/finnhandball\" \/>\n<meta property=\"article:published_time\" content=\"2021-09-21T17:07:49+00:00\" \/>\n<meta property=\"article:modified_time\" content=\"2021-09-22T07:37:59+00:00\" \/>\n<meta property=\"og:image\" content=\"https:\/\/i0.wp.com\/aktialiiga.fi\/miehet\/wp-content\/uploads\/sites\/5\/2021\/09\/Granlund_Robin_GrIFK_2122.jpg?fit=1052%2C440&ssl=1\" \/>\n\t<meta property=\"og:image:width\" content=\"1052\" \/>\n\t<meta property=\"og:image:height\" content=\"440\" \/>\n\t<meta property=\"og:image:type\" content=\"image\/jpeg\" \/>\n<meta name=\"author\" content=\"tbrmedia\" \/>\n<meta name=\"twitter:card\" content=\"summary_large_image\" \/>\n<meta name=\"twitter:creator\" content=\"@finnhandball\" \/>\n<meta name=\"twitter:site\" content=\"@finnhandball\" \/>\n<script type=\"application\/ld+json\" class=\"yoast-schema-graph\">{\"@context\":\"https:\\\/\\\/schema.org\",\"@graph\":[{\"@type\":\"Article\",\"@id\":\"https:\\\/\\\/aktialiiga.fi\\\/miehet\\\/2021-2022\\\/ennakot-kausi-21-22\\\/cocks-ja-grifk-kohtaavat-keskiviikkona\\\/#article\",\"isPartOf\":{\"@id\":\"https:\\\/\\\/aktialiiga.fi\\\/miehet\\\/2021-2022\\\/ennakot-kausi-21-22\\\/cocks-ja-grifk-kohtaavat-keskiviikkona\\\/\"},\"author\":{\"name\":\"tbrmedia\",\"@id\":\"https:\\\/\\\/aktialiiga.fi\\\/miehet\\\/#\\\/schema\\\/person\\\/c14bf42f47041db74603c45afcb18d87\"},\"headline\":\"Cocks ja GrIFK kohtaavat keskiviikkona\",\"datePublished\":\"2021-09-21T17:07:49+00:00\",\"dateModified\":\"2021-09-22T07:37:59+00:00\",\"mainEntityOfPage\":{\"@id\":\"https:\\\/\\\/aktialiiga.fi\\\/miehet\\\/2021-2022\\\/ennakot-kausi-21-22\\\/cocks-ja-grifk-kohtaavat-keskiviikkona\\\/\"},\"wordCount\":206,\"publisher\":{\"@id\":\"https:\\\/\\\/aktialiiga.fi\\\/miehet\\\/#organization\"},\"image\":{\"@id\":\"https:\\\/\\\/aktialiiga.fi\\\/miehet\\\/2021-2022\\\/ennakot-kausi-21-22\\\/cocks-ja-grifk-kohtaavat-keskiviikkona\\\/#primaryimage\"},\"thumbnailUrl\":\"https:\\\/\\\/i0.wp.com\\\/aktialiiga.fi\\\/miehet\\\/wp-content\\\/uploads\\\/sites\\\/5\\\/2021\\\/09\\\/Granlund_Robin_GrIFK_2122.jpg?fit=1052%2C440&ssl=1\",\"keywords\":[\"Cocks\",\"GrIFK\"],\"articleSection\":[\"Ennakot\"],\"inLanguage\":\"fi\"},{\"@type\":\"WebPage\",\"@id\":\"https:\\\/\\\/aktialiiga.fi\\\/miehet\\\/2021-2022\\\/ennakot-kausi-21-22\\\/cocks-ja-grifk-kohtaavat-keskiviikkona\\\/\",\"url\":\"https:\\\/\\\/aktialiiga.fi\\\/miehet\\\/2021-2022\\\/ennakot-kausi-21-22\\\/cocks-ja-grifk-kohtaavat-keskiviikkona\\\/\",\"name\":\"Cocks ja GrIFK kohtaavat keskiviikkona | K\u00e4sipallon miesten Aktialiiga\",\"isPartOf\":{\"@id\":\"https:\\\/\\\/aktialiiga.fi\\\/miehet\\\/#website\"},\"primaryImageOfPage\":{\"@id\":\"https:\\\/\\\/aktialiiga.fi\\\/miehet\\\/2021-2022\\\/ennakot-kausi-21-22\\\/cocks-ja-grifk-kohtaavat-keskiviikkona\\\/#primaryimage\"},\"image\":{\"@id\":\"https:\\\/\\\/aktialiiga.fi\\\/miehet\\\/2021-2022\\\/ennakot-kausi-21-22\\\/cocks-ja-grifk-kohtaavat-keskiviikkona\\\/#primaryimage\"},\"thumbnailUrl\":\"https:\\\/\\\/i0.wp.com\\\/aktialiiga.fi\\\/miehet\\\/wp-content\\\/uploads\\\/sites\\\/5\\\/2021\\\/09\\\/Granlund_Robin_GrIFK_2122.jpg?fit=1052%2C440&ssl=1\",\"datePublished\":\"2021-09-21T17:07:49+00:00\",\"dateModified\":\"2021-09-22T07:37:59+00:00\",\"breadcrumb\":{\"@id\":\"https:\\\/\\\/aktialiiga.fi\\\/miehet\\\/2021-2022\\\/ennakot-kausi-21-22\\\/cocks-ja-grifk-kohtaavat-keskiviikkona\\\/#breadcrumb\"},\"inLanguage\":\"fi\",\"potentialAction\":[{\"@type\":\"ReadAction\",\"target\":[\"https:\\\/\\\/aktialiiga.fi\\\/miehet\\\/2021-2022\\\/ennakot-kausi-21-22\\\/cocks-ja-grifk-kohtaavat-keskiviikkona\\\/\"]}]},{\"@type\":\"ImageObject\",\"inLanguage\":\"fi\",\"@id\":\"https:\\\/\\\/aktialiiga.fi\\\/miehet\\\/2021-2022\\\/ennakot-kausi-21-22\\\/cocks-ja-grifk-kohtaavat-keskiviikkona\\\/#primaryimage\",\"url\":\"https:\\\/\\\/i0.wp.com\\\/aktialiiga.fi\\\/miehet\\\/wp-content\\\/uploads\\\/sites\\\/5\\\/2021\\\/09\\\/Granlund_Robin_GrIFK_2122.jpg?fit=1052%2C440&ssl=1\",\"contentUrl\":\"https:\\\/\\\/i0.wp.com\\\/aktialiiga.fi\\\/miehet\\\/wp-content\\\/uploads\\\/sites\\\/5\\\/2021\\\/09\\\/Granlund_Robin_GrIFK_2122.jpg?fit=1052%2C440&ssl=1\",\"width\":1052,\"height\":440,\"caption\":\"Robin Granlund, GrIFK k\u00e4sipallon miesten SM-liigan ottelussa Sjunde\u00e5 IF - Grankulla IFK Fennia Arenalla 18. syyskuuta 2021. (Kalle Parkkinen\\\/Newspix24)\"},{\"@type\":\"BreadcrumbList\",\"@id\":\"https:\\\/\\\/aktialiiga.fi\\\/miehet\\\/2021-2022\\\/ennakot-kausi-21-22\\\/cocks-ja-grifk-kohtaavat-keskiviikkona\\\/#breadcrumb\",\"itemListElement\":[{\"@type\":\"ListItem\",\"position\":1,\"name\":\"Etusivu\",\"item\":\"https:\\\/\\\/aktialiiga.fi\\\/miehet\\\/\"},{\"@type\":\"ListItem\",\"position\":2,\"name\":\"Cocks ja GrIFK kohtaavat keskiviikkona\"}]},{\"@type\":\"WebSite\",\"@id\":\"https:\\\/\\\/aktialiiga.fi\\\/miehet\\\/#website\",\"url\":\"https:\\\/\\\/aktialiiga.fi\\\/miehet\\\/\",\"name\":\"K\u00e4sipallon miesten Aktialiiga\",\"description\":\"Valtakunnan vauhdikkainta palloilua!\",\"publisher\":{\"@id\":\"https:\\\/\\\/aktialiiga.fi\\\/miehet\\\/#organization\"},\"potentialAction\":[{\"@type\":\"SearchAction\",\"target\":{\"@type\":\"EntryPoint\",\"urlTemplate\":\"https:\\\/\\\/aktialiiga.fi\\\/miehet\\\/?s={search_term_string}\"},\"query-input\":{\"@type\":\"PropertyValueSpecification\",\"valueRequired\":true,\"valueName\":\"search_term_string\"}}],\"inLanguage\":\"fi\"},{\"@type\":\"Organization\",\"@id\":\"https:\\\/\\\/aktialiiga.fi\\\/miehet\\\/#organization\",\"name\":\"K\u00e4sipallon miesten Aktialiiga\",\"url\":\"https:\\\/\\\/aktialiiga.fi\\\/miehet\\\/\",\"logo\":{\"@type\":\"ImageObject\",\"inLanguage\":\"fi\",\"@id\":\"https:\\\/\\\/aktialiiga.fi\\\/miehet\\\/#\\\/schema\\\/logo\\\/image\\\/\",\"url\":\"https:\\\/\\\/i0.wp.com\\\/aktialiiga.fi\\\/miehet\\\/wp-content\\\/uploads\\\/sites\\\/5\\\/2024\\\/09\\\/Aktialiiga-Yoast-512.png?fit=512%2C512&ssl=1\",\"contentUrl\":\"https:\\\/\\\/i0.wp.com\\\/aktialiiga.fi\\\/miehet\\\/wp-content\\\/uploads\\\/sites\\\/5\\\/2024\\\/09\\\/Aktialiiga-Yoast-512.png?fit=512%2C512&ssl=1\",\"width\":512,\"height\":512,\"caption\":\"K\u00e4sipallon miesten Aktialiiga\"},\"image\":{\"@id\":\"https:\\\/\\\/aktialiiga.fi\\\/miehet\\\/#\\\/schema\\\/logo\\\/image\\\/\"},\"sameAs\":[\"https:\\\/\\\/www.facebook.com\\\/finnhandball\",\"https:\\\/\\\/x.com\\\/finnhandball\",\"https:\\\/\\\/www.instagram.com\\\/handballfinland\\\/\"]},{\"@type\":\"Person\",\"@id\":\"https:\\\/\\\/aktialiiga.fi\\\/miehet\\\/#\\\/schema\\\/person\\\/c14bf42f47041db74603c45afcb18d87\",\"name\":\"tbrmedia\",\"image\":{\"@type\":\"ImageObject\",\"inLanguage\":\"fi\",\"@id\":\"https:\\\/\\\/secure.gravatar.com\\\/avatar\\\/ee975fa091fe581d12b60debb3439022686618368a7c142044c56724d4666b16?s=96&d=mm&r=g\",\"url\":\"https:\\\/\\\/secure.gravatar.com\\\/avatar\\\/ee975fa091fe581d12b60debb3439022686618368a7c142044c56724d4666b16?s=96&d=mm&r=g\",\"contentUrl\":\"https:\\\/\\\/secure.gravatar.com\\\/avatar\\\/ee975fa091fe581d12b60debb3439022686618368a7c142044c56724d4666b16?s=96&d=mm&r=g\",\"caption\":\"tbrmedia\"}}]}<\/script>\n<!-- \/ Yoast SEO plugin. -->","yoast_head_json":{"title":"Cocks ja GrIFK kohtaavat keskiviikkona | K\u00e4sipallon miesten Aktialiiga","robots":{"index":"index","follow":"follow","max-snippet":"max-snippet:-1","max-image-preview":"max-image-preview:large","max-video-preview":"max-video-preview:-1"},"canonical":"https:\/\/aktialiiga.fi\/miehet\/2021-2022\/ennakot-kausi-21-22\/cocks-ja-grifk-kohtaavat-keskiviikkona\/","og_locale":"fi_FI","og_type":"article","og_title":"Cocks ja GrIFK kohtaavat keskiviikkona | K\u00e4sipallon miesten Aktialiiga","og_description":"SM-liigassa pelataan jo viikolla yksi ottelu, kun Cocks is\u00e4nn\u00f6i GrIFK:ta keskiviikkona Riihim\u00e4ell\u00e4. Kaksikko kohtasi viime kev\u00e4\u00e4n\u00e4 v\u00e4lieriss\u00e4 ja silloin Cocks suorastaan jyr\u00e4si Granin yli. Kauniaislaisten loukkaantumistilanne oli tuolloin kuitenkin sellainen, ettei menneit\u00e4 kannata liikoja en\u00e4\u00e4 keskiviikkona muistella. Uuden kauden molemmat ovat avanneet tuloksellisesti hyvin. Cocks on pelannut SM-liigassa kaksi ottelua. Ottelut ovat p\u00e4\u00e4ttyneet Cocksin voittoihin, [&hellip;]","og_url":"https:\/\/aktialiiga.fi\/miehet\/2021-2022\/ennakot-kausi-21-22\/cocks-ja-grifk-kohtaavat-keskiviikkona\/","og_site_name":"K\u00e4sipallon miesten Aktialiiga","article_publisher":"https:\/\/www.facebook.com\/finnhandball","article_published_time":"2021-09-21T17:07:49+00:00","article_modified_time":"2021-09-22T07:37:59+00:00","og_image":[{"width":1052,"height":440,"url":"https:\/\/i0.wp.com\/aktialiiga.fi\/miehet\/wp-content\/uploads\/sites\/5\/2021\/09\/Granlund_Robin_GrIFK_2122.jpg?fit=1052%2C440&ssl=1","type":"image\/jpeg"}],"author":"tbrmedia","twitter_card":"summary_large_image","twitter_creator":"@finnhandball","twitter_site":"@finnhandball","schema":{"@context":"https:\/\/schema.org","@graph":[{"@type":"Article","@id":"https:\/\/aktialiiga.fi\/miehet\/2021-2022\/ennakot-kausi-21-22\/cocks-ja-grifk-kohtaavat-keskiviikkona\/#article","isPartOf":{"@id":"https:\/\/aktialiiga.fi\/miehet\/2021-2022\/ennakot-kausi-21-22\/cocks-ja-grifk-kohtaavat-keskiviikkona\/"},"author":{"name":"tbrmedia","@id":"https:\/\/aktialiiga.fi\/miehet\/#\/schema\/person\/c14bf42f47041db74603c45afcb18d87"},"headline":"Cocks ja GrIFK kohtaavat keskiviikkona","datePublished":"2021-09-21T17:07:49+00:00","dateModified":"2021-09-22T07:37:59+00:00","mainEntityOfPage":{"@id":"https:\/\/aktialiiga.fi\/miehet\/2021-2022\/ennakot-kausi-21-22\/cocks-ja-grifk-kohtaavat-keskiviikkona\/"},"wordCount":206,"publisher":{"@id":"https:\/\/aktialiiga.fi\/miehet\/#organization"},"image":{"@id":"https:\/\/aktialiiga.fi\/miehet\/2021-2022\/ennakot-kausi-21-22\/cocks-ja-grifk-kohtaavat-keskiviikkona\/#primaryimage"},"thumbnailUrl":"https:\/\/i0.wp.com\/aktialiiga.fi\/miehet\/wp-content\/uploads\/sites\/5\/2021\/09\/Granlund_Robin_GrIFK_2122.jpg?fit=1052%2C440&ssl=1","keywords":["Cocks","GrIFK"],"articleSection":["Ennakot"],"inLanguage":"fi"},{"@type":"WebPage","@id":"https:\/\/aktialiiga.fi\/miehet\/2021-2022\/ennakot-kausi-21-22\/cocks-ja-grifk-kohtaavat-keskiviikkona\/","url":"https:\/\/aktialiiga.fi\/miehet\/2021-2022\/ennakot-kausi-21-22\/cocks-ja-grifk-kohtaavat-keskiviikkona\/","name":"Cocks ja GrIFK kohtaavat keskiviikkona | K\u00e4sipallon miesten Aktialiiga","isPartOf":{"@id":"https:\/\/aktialiiga.fi\/miehet\/#website"},"primaryImageOfPage":{"@id":"https:\/\/aktialiiga.fi\/miehet\/2021-2022\/ennakot-kausi-21-22\/cocks-ja-grifk-kohtaavat-keskiviikkona\/#primaryimage"},"image":{"@id":"https:\/\/aktialiiga.fi\/miehet\/2021-2022\/ennakot-kausi-21-22\/cocks-ja-grifk-kohtaavat-keskiviikkona\/#primaryimage"},"thumbnailUrl":"https:\/\/i0.wp.com\/aktialiiga.fi\/miehet\/wp-content\/uploads\/sites\/5\/2021\/09\/Granlund_Robin_GrIFK_2122.jpg?fit=1052%2C440&ssl=1","datePublished":"2021-09-21T17:07:49+00:00","dateModified":"2021-09-22T07:37:59+00:00","breadcrumb":{"@id":"https:\/\/aktialiiga.fi\/miehet\/2021-2022\/ennakot-kausi-21-22\/cocks-ja-grifk-kohtaavat-keskiviikkona\/#breadcrumb"},"inLanguage":"fi","potentialAction":[{"@type":"ReadAction","target":["https:\/\/aktialiiga.fi\/miehet\/2021-2022\/ennakot-kausi-21-22\/cocks-ja-grifk-kohtaavat-keskiviikkona\/"]}]},{"@type":"ImageObject","inLanguage":"fi","@id":"https:\/\/aktialiiga.fi\/miehet\/2021-2022\/ennakot-kausi-21-22\/cocks-ja-grifk-kohtaavat-keskiviikkona\/#primaryimage","url":"https:\/\/i0.wp.com\/aktialiiga.fi\/miehet\/wp-content\/uploads\/sites\/5\/2021\/09\/Granlund_Robin_GrIFK_2122.jpg?fit=1052%2C440&ssl=1","contentUrl":"https:\/\/i0.wp.com\/aktialiiga.fi\/miehet\/wp-content\/uploads\/sites\/5\/2021\/09\/Granlund_Robin_GrIFK_2122.jpg?fit=1052%2C440&ssl=1","width":1052,"height":440,"caption":"Robin Granlund, GrIFK k\u00e4sipallon miesten SM-liigan ottelussa Sjunde\u00e5 IF - Grankulla IFK Fennia Arenalla 18. syyskuuta 2021. (Kalle Parkkinen\/Newspix24)"},{"@type":"BreadcrumbList","@id":"https:\/\/aktialiiga.fi\/miehet\/2021-2022\/ennakot-kausi-21-22\/cocks-ja-grifk-kohtaavat-keskiviikkona\/#breadcrumb","itemListElement":[{"@type":"ListItem","position":1,"name":"Etusivu","item":"https:\/\/aktialiiga.fi\/miehet\/"},{"@type":"ListItem","position":2,"name":"Cocks ja GrIFK kohtaavat keskiviikkona"}]},{"@type":"WebSite","@id":"https:\/\/aktialiiga.fi\/miehet\/#website","url":"https:\/\/aktialiiga.fi\/miehet\/","name":"K\u00e4sipallon miesten Aktialiiga","description":"Valtakunnan vauhdikkainta palloilua!","publisher":{"@id":"https:\/\/aktialiiga.fi\/miehet\/#organization"},"potentialAction":[{"@type":"SearchAction","target":{"@type":"EntryPoint","urlTemplate":"https:\/\/aktialiiga.fi\/miehet\/?s={search_term_string}"},"query-input":{"@type":"PropertyValueSpecification","valueRequired":true,"valueName":"search_term_string"}}],"inLanguage":"fi"},{"@type":"Organization","@id":"https:\/\/aktialiiga.fi\/miehet\/#organization","name":"K\u00e4sipallon miesten Aktialiiga","url":"https:\/\/aktialiiga.fi\/miehet\/","logo":{"@type":"ImageObject","inLanguage":"fi","@id":"https:\/\/aktialiiga.fi\/miehet\/#\/schema\/logo\/image\/","url":"https:\/\/i0.wp.com\/aktialiiga.fi\/miehet\/wp-content\/uploads\/sites\/5\/2024\/09\/Aktialiiga-Yoast-512.png?fit=512%2C512&ssl=1","contentUrl":"https:\/\/i0.wp.com\/aktialiiga.fi\/miehet\/wp-content\/uploads\/sites\/5\/2024\/09\/Aktialiiga-Yoast-512.png?fit=512%2C512&ssl=1","width":512,"height":512,"caption":"K\u00e4sipallon miesten Aktialiiga"},"image":{"@id":"https:\/\/aktialiiga.fi\/miehet\/#\/schema\/logo\/image\/"},"sameAs":["https:\/\/www.facebook.com\/finnhandball","https:\/\/x.com\/finnhandball","https:\/\/www.instagram.com\/handballfinland\/"]},{"@type":"Person","@id":"https:\/\/aktialiiga.fi\/miehet\/#\/schema\/person\/c14bf42f47041db74603c45afcb18d87","name":"tbrmedia","image":{"@type":"ImageObject","inLanguage":"fi","@id":"https:\/\/secure.gravatar.com\/avatar\/ee975fa091fe581d12b60debb3439022686618368a7c142044c56724d4666b16?s=96&d=mm&r=g","url":"https:\/\/secure.gravatar.com\/avatar\/ee975fa091fe581d12b60debb3439022686618368a7c142044c56724d4666b16?s=96&d=mm&r=g","contentUrl":"https:\/\/secure.gravatar.com\/avatar\/ee975fa091fe581d12b60debb3439022686618368a7c142044c56724d4666b16?s=96&d=mm&r=g","caption":"tbrmedia"}}]}},"jetpack_featured_media_url":"https:\/\/i0.wp.com\/aktialiiga.fi\/miehet\/wp-content\/uploads\/sites\/5\/2021\/09\/Granlund_Robin_GrIFK_2122.jpg?fit=1052%2C440&ssl=1","jetpack_sharing_enabled":true,"jetpack_shortlink":"https:\/\/wp.me\/pfTxOr-7KP","_links":{"self":[{"href":"https:\/\/aktialiiga.fi\/miehet\/wp-json\/wp\/v2\/posts\/29811","targetHints":{"allow":["GET"]}}],"collection":[{"href":"https:\/\/aktialiiga.fi\/miehet\/wp-json\/wp\/v2\/posts"}],"about":[{"href":"https:\/\/aktialiiga.fi\/miehet\/wp-json\/wp\/v2\/types\/post"}],"author":[{"embeddable":true,"href":"https:\/\/aktialiiga.fi\/miehet\/wp-json\/wp\/v2\/users\/13"}],"replies":[{"embeddable":true,"href":"https:\/\/aktialiiga.fi\/miehet\/wp-json\/wp\/v2\/comments?post=29811"}],"version-history":[{"count":0,"href":"https:\/\/aktialiiga.fi\/miehet\/wp-json\/wp\/v2\/posts\/29811\/revisions"}],"wp:featuredmedia":[{"embeddable":true,"href":"https:\/\/aktialiiga.fi\/miehet\/wp-json\/wp\/v2\/media\/29812"}],"wp:attachment":[{"href":"https:\/\/aktialiiga.fi\/miehet\/wp-json\/wp\/v2\/media?parent=29811"}],"wp:term":[{"taxonomy":"category","embeddable":true,"href":"https:\/\/aktialiiga.fi\/miehet\/wp-json\/wp\/v2\/categories?post=29811"},{"taxonomy":"post_tag","embeddable":true,"href":"https:\/\/aktialiiga.fi\/miehet\/wp-json\/wp\/v2\/tags?post=29811"}],"curies":[{"name":"wp","href":"https:\/\/api.w.org\/{rel}","templated":true}]}}