{"id":29893,"date":"2021-09-24T17:53:24","date_gmt":"2021-09-24T14:53:24","guid":{"rendered":"https:\/\/aktialiiga.fi\/miehet\/?p=29893"},"modified":"2021-09-24T17:53:24","modified_gmt":"2021-09-24T14:53:24","slug":"neljan-ottelun-viikonloppu-sm-liigassa-3","status":"publish","type":"post","link":"https:\/\/aktialiiga.fi\/miehet\/2021-2022\/ennakot-kausi-21-22\/neljan-ottelun-viikonloppu-sm-liigassa-3\/","title":{"rendered":"Nelj\u00e4n ottelun viikonloppu SM-liigassa"},"content":{"rendered":"<p>SM-liiga jatkuu tiiviill\u00e4 tahdilla ja syyskuun viimeisen\u00e4 viikonloppuna ohjelmassa on kaikkiaan nelj\u00e4 ottelua.<\/p>\n<p>BK-46 viett\u00e4\u00e4 ainoana joukkueena vapaata viikonloppua otteluiden suhteen. HC Tallinn puolestaan pelaa kauden ensimm\u00e4iset vierasottelunsa ja kohtaa viikonloppuna sek\u00e4 Cocksin ett\u00e4 GrIFK:n.<\/p>\n<p>Viikonloppu k\u00e4ynnistyy Turusta, jossa \u201dkamratderbyss\u00e4\u201d sek\u00e4 \u00c5IFK ett\u00e4 HIFK hakevat kauden avauspisteit\u00e4\u00e4n.<\/p>\n<p>Kaksikon lis\u00e4ksi viel\u00e4 pisteitt\u00e4 oleva SIF puolestaan is\u00e4nn\u00f6i lauantain iltaottelussa Dickeni\u00e4. SIF on p\u00e4\u00e4valmentaja Marcus Sj\u00f6stedtin mukaan oikealla tiell\u00e4 huolimatta kahdesta tappiosta kauden alkuun. Edellisottelussa GrIFK:ta vastaan etenkin nuoret Benjamin Peitsaro ja Rasmus Lundell nousivat vahvasti esille.<\/p>\n<p>&#8211; Siin\u00e4 on kaksi pelaajaa, joilla on paljon vauhtia ja lahjakkuutta. On j\u00e4nnitt\u00e4v\u00e4\u00e4 seurata heit\u00e4, Sj\u00f6stedt sanoi V\u00e4stra Nylandille.<\/p>\n<p>HC Tallinn otti historialliset avauspisteens\u00e4 SM-liigassa kaksi viikkoa sitten kaatamalla SIF:n, tosin toisessa ottelussa BK-46 oli liian vahva tallinnalaisille. HC Tallinn on kuitenkin yll\u00e4tysvalmis joukkue ja uudet vahvistukset p\u00e4\u00e4sev\u00e4t koko ajan paremmin joukkueeseen sis\u00e4\u00e4n. T\u00e4st\u00e4 oli hyv\u00e4 osoitus Viron p\u00e4\u00e4sarjan ottelu viikko sitten \u2013 HC Tallinn hali 36-25 voiton SK Tapasta ja kent\u00e4n maalikuninkaina h\u00e4\u00e4riv\u00e4t Oleksii Shcherbak (9) ja Dmytro Turchenko (8).<\/p>\n<p><strong>SM-liiga viikonloppuna:<\/strong><br \/>\nLa 25.9. 14.00 \u00c5IFK \u2013 HIFK<br \/>\nLa 25.9. 16.00 Cocks \u2013 HC Tallinn<br \/>\nLa 25.9. 19.15 SIF \u2013 Dicken<br \/>\nSu 26.9. 16.00 GrIFK \u2013 HC Tallinn<\/p>\n<p>Viikonlopun ottelut kauden kaikkien otteluiden tapaan suorina l\u00e4hetyksin\u00e4 <a href=\"\/solidsport\/\" target=\"_blank\" rel=\"noopener\">SolidSportilla<\/a>.<\/p>\n","protected":false},"excerpt":{"rendered":"<p>SM-liiga jatkuu tiiviill\u00e4 tahdilla ja syyskuun viimeisen\u00e4 viikonloppuna ohjelmassa on kaikkiaan nelj\u00e4 ottelua. BK-46 viett\u00e4\u00e4 ainoana joukkueena vapaata viikonloppua otteluiden suhteen. HC Tallinn puolestaan pelaa kauden ensimm\u00e4iset vierasottelunsa ja kohtaa viikonloppuna sek\u00e4 Cocksin ett\u00e4 GrIFK:n. Viikonloppu k\u00e4ynnistyy Turusta, jossa \u201dkamratderbyss\u00e4\u201d sek\u00e4 \u00c5IFK ett\u00e4 HIFK hakevat kauden avauspisteit\u00e4\u00e4n. Kaksikon lis\u00e4ksi viel\u00e4 pisteitt\u00e4 oleva SIF puolestaan is\u00e4nn\u00f6i [&hellip;]<\/p>\n","protected":false},"author":13,"featured_media":29894,"comment_status":"closed","ping_status":"closed","sticky":false,"template":"","format":"standard","meta":{"_acf_changed":false,"jetpack_post_was_ever_published":false,"_jetpack_newsletter_access":"","_jetpack_dont_email_post_to_subs":false,"_jetpack_newsletter_tier_id":0,"_jetpack_memberships_contains_paywalled_content":false,"_jetpack_memberships_contains_paid_content":false,"footnotes":""},"categories":[264],"tags":[50,57,58,64,244,71,111],"class_list":["post-29893","post","type-post","status-publish","format-standard","has-post-thumbnail","hentry","category-ennakot-kausi-21-22","tag-aifk","tag-cocks","tag-dicken","tag-grifk","tag-hc-tallinn","tag-hifk","tag-sif"],"acf":[],"yoast_head":"<!-- This site is optimized with the Yoast SEO plugin v27.5 - https:\/\/yoast.com\/product\/yoast-seo-wordpress\/ -->\n<title>Nelj\u00e4n ottelun viikonloppu SM-liigassa | K\u00e4sipallon miesten Aktialiiga<\/title>\n<meta name=\"robots\" content=\"index, follow, max-snippet:-1, max-image-preview:large, max-video-preview:-1\" \/>\n<link rel=\"canonical\" href=\"https:\/\/aktialiiga.fi\/miehet\/2021-2022\/ennakot-kausi-21-22\/neljan-ottelun-viikonloppu-sm-liigassa-3\/\" \/>\n<meta property=\"og:locale\" content=\"fi_FI\" \/>\n<meta property=\"og:type\" content=\"article\" \/>\n<meta property=\"og:title\" content=\"Nelj\u00e4n ottelun viikonloppu SM-liigassa | K\u00e4sipallon miesten Aktialiiga\" \/>\n<meta property=\"og:description\" content=\"SM-liiga jatkuu tiiviill\u00e4 tahdilla ja syyskuun viimeisen\u00e4 viikonloppuna ohjelmassa on kaikkiaan nelj\u00e4 ottelua. BK-46 viett\u00e4\u00e4 ainoana joukkueena vapaata viikonloppua otteluiden suhteen. HC Tallinn puolestaan pelaa kauden ensimm\u00e4iset vierasottelunsa ja kohtaa viikonloppuna sek\u00e4 Cocksin ett\u00e4 GrIFK:n. Viikonloppu k\u00e4ynnistyy Turusta, jossa \u201dkamratderbyss\u00e4\u201d sek\u00e4 \u00c5IFK ett\u00e4 HIFK hakevat kauden avauspisteit\u00e4\u00e4n. Kaksikon lis\u00e4ksi viel\u00e4 pisteitt\u00e4 oleva SIF puolestaan is\u00e4nn\u00f6i [&hellip;]\" \/>\n<meta property=\"og:url\" content=\"https:\/\/aktialiiga.fi\/miehet\/2021-2022\/ennakot-kausi-21-22\/neljan-ottelun-viikonloppu-sm-liigassa-3\/\" \/>\n<meta property=\"og:site_name\" content=\"K\u00e4sipallon miesten Aktialiiga\" \/>\n<meta property=\"article:publisher\" content=\"https:\/\/www.facebook.com\/finnhandball\" \/>\n<meta property=\"article:published_time\" content=\"2021-09-24T14:53:24+00:00\" \/>\n<meta property=\"og:image\" content=\"https:\/\/i0.wp.com\/aktialiiga.fi\/miehet\/wp-content\/uploads\/sites\/5\/2021\/09\/Peitsaro_Benjamin_SIF_2122.jpg?fit=1191%2C414&ssl=1\" \/>\n\t<meta property=\"og:image:width\" content=\"1191\" \/>\n\t<meta property=\"og:image:height\" content=\"414\" \/>\n\t<meta property=\"og:image:type\" content=\"image\/jpeg\" \/>\n<meta name=\"author\" content=\"tbrmedia\" \/>\n<meta name=\"twitter:card\" content=\"summary_large_image\" \/>\n<meta name=\"twitter:creator\" content=\"@finnhandball\" \/>\n<meta name=\"twitter:site\" content=\"@finnhandball\" \/>\n<script type=\"application\/ld+json\" class=\"yoast-schema-graph\">{\"@context\":\"https:\\\/\\\/schema.org\",\"@graph\":[{\"@type\":\"Article\",\"@id\":\"https:\\\/\\\/aktialiiga.fi\\\/miehet\\\/2021-2022\\\/ennakot-kausi-21-22\\\/neljan-ottelun-viikonloppu-sm-liigassa-3\\\/#article\",\"isPartOf\":{\"@id\":\"https:\\\/\\\/aktialiiga.fi\\\/miehet\\\/2021-2022\\\/ennakot-kausi-21-22\\\/neljan-ottelun-viikonloppu-sm-liigassa-3\\\/\"},\"author\":{\"name\":\"tbrmedia\",\"@id\":\"https:\\\/\\\/aktialiiga.fi\\\/miehet\\\/#\\\/schema\\\/person\\\/c14bf42f47041db74603c45afcb18d87\"},\"headline\":\"Nelj\u00e4n ottelun viikonloppu SM-liigassa\",\"datePublished\":\"2021-09-24T14:53:24+00:00\",\"mainEntityOfPage\":{\"@id\":\"https:\\\/\\\/aktialiiga.fi\\\/miehet\\\/2021-2022\\\/ennakot-kausi-21-22\\\/neljan-ottelun-viikonloppu-sm-liigassa-3\\\/\"},\"wordCount\":217,\"publisher\":{\"@id\":\"https:\\\/\\\/aktialiiga.fi\\\/miehet\\\/#organization\"},\"image\":{\"@id\":\"https:\\\/\\\/aktialiiga.fi\\\/miehet\\\/2021-2022\\\/ennakot-kausi-21-22\\\/neljan-ottelun-viikonloppu-sm-liigassa-3\\\/#primaryimage\"},\"thumbnailUrl\":\"https:\\\/\\\/i0.wp.com\\\/aktialiiga.fi\\\/miehet\\\/wp-content\\\/uploads\\\/sites\\\/5\\\/2021\\\/09\\\/Peitsaro_Benjamin_SIF_2122.jpg?fit=1191%2C414&ssl=1\",\"keywords\":[\"\u00c5IFK\",\"Cocks\",\"Dicken\",\"GrIFK\",\"HC Tallinn\",\"HIFK\",\"SIF\"],\"articleSection\":[\"Ennakot\"],\"inLanguage\":\"fi\"},{\"@type\":\"WebPage\",\"@id\":\"https:\\\/\\\/aktialiiga.fi\\\/miehet\\\/2021-2022\\\/ennakot-kausi-21-22\\\/neljan-ottelun-viikonloppu-sm-liigassa-3\\\/\",\"url\":\"https:\\\/\\\/aktialiiga.fi\\\/miehet\\\/2021-2022\\\/ennakot-kausi-21-22\\\/neljan-ottelun-viikonloppu-sm-liigassa-3\\\/\",\"name\":\"Nelj\u00e4n ottelun viikonloppu SM-liigassa | K\u00e4sipallon miesten Aktialiiga\",\"isPartOf\":{\"@id\":\"https:\\\/\\\/aktialiiga.fi\\\/miehet\\\/#website\"},\"primaryImageOfPage\":{\"@id\":\"https:\\\/\\\/aktialiiga.fi\\\/miehet\\\/2021-2022\\\/ennakot-kausi-21-22\\\/neljan-ottelun-viikonloppu-sm-liigassa-3\\\/#primaryimage\"},\"image\":{\"@id\":\"https:\\\/\\\/aktialiiga.fi\\\/miehet\\\/2021-2022\\\/ennakot-kausi-21-22\\\/neljan-ottelun-viikonloppu-sm-liigassa-3\\\/#primaryimage\"},\"thumbnailUrl\":\"https:\\\/\\\/i0.wp.com\\\/aktialiiga.fi\\\/miehet\\\/wp-content\\\/uploads\\\/sites\\\/5\\\/2021\\\/09\\\/Peitsaro_Benjamin_SIF_2122.jpg?fit=1191%2C414&ssl=1\",\"datePublished\":\"2021-09-24T14:53:24+00:00\",\"breadcrumb\":{\"@id\":\"https:\\\/\\\/aktialiiga.fi\\\/miehet\\\/2021-2022\\\/ennakot-kausi-21-22\\\/neljan-ottelun-viikonloppu-sm-liigassa-3\\\/#breadcrumb\"},\"inLanguage\":\"fi\",\"potentialAction\":[{\"@type\":\"ReadAction\",\"target\":[\"https:\\\/\\\/aktialiiga.fi\\\/miehet\\\/2021-2022\\\/ennakot-kausi-21-22\\\/neljan-ottelun-viikonloppu-sm-liigassa-3\\\/\"]}]},{\"@type\":\"ImageObject\",\"inLanguage\":\"fi\",\"@id\":\"https:\\\/\\\/aktialiiga.fi\\\/miehet\\\/2021-2022\\\/ennakot-kausi-21-22\\\/neljan-ottelun-viikonloppu-sm-liigassa-3\\\/#primaryimage\",\"url\":\"https:\\\/\\\/i0.wp.com\\\/aktialiiga.fi\\\/miehet\\\/wp-content\\\/uploads\\\/sites\\\/5\\\/2021\\\/09\\\/Peitsaro_Benjamin_SIF_2122.jpg?fit=1191%2C414&ssl=1\",\"contentUrl\":\"https:\\\/\\\/i0.wp.com\\\/aktialiiga.fi\\\/miehet\\\/wp-content\\\/uploads\\\/sites\\\/5\\\/2021\\\/09\\\/Peitsaro_Benjamin_SIF_2122.jpg?fit=1191%2C414&ssl=1\",\"width\":1191,\"height\":414,\"caption\":\"IBenjamin Peitsaro, SIF K\u00e4sipallon miesten SM-liigan ottelussa Sjunde\u00e5 IF - Grankulla IFK Fennia Areenalla 18. syyskuuta 2021. (Kalle Parkkinen\\\/Newspix24)\"},{\"@type\":\"BreadcrumbList\",\"@id\":\"https:\\\/\\\/aktialiiga.fi\\\/miehet\\\/2021-2022\\\/ennakot-kausi-21-22\\\/neljan-ottelun-viikonloppu-sm-liigassa-3\\\/#breadcrumb\",\"itemListElement\":[{\"@type\":\"ListItem\",\"position\":1,\"name\":\"Etusivu\",\"item\":\"https:\\\/\\\/aktialiiga.fi\\\/miehet\\\/\"},{\"@type\":\"ListItem\",\"position\":2,\"name\":\"Nelj\u00e4n ottelun viikonloppu SM-liigassa\"}]},{\"@type\":\"WebSite\",\"@id\":\"https:\\\/\\\/aktialiiga.fi\\\/miehet\\\/#website\",\"url\":\"https:\\\/\\\/aktialiiga.fi\\\/miehet\\\/\",\"name\":\"K\u00e4sipallon miesten Aktialiiga\",\"description\":\"Valtakunnan vauhdikkainta palloilua!\",\"publisher\":{\"@id\":\"https:\\\/\\\/aktialiiga.fi\\\/miehet\\\/#organization\"},\"potentialAction\":[{\"@type\":\"SearchAction\",\"target\":{\"@type\":\"EntryPoint\",\"urlTemplate\":\"https:\\\/\\\/aktialiiga.fi\\\/miehet\\\/?s={search_term_string}\"},\"query-input\":{\"@type\":\"PropertyValueSpecification\",\"valueRequired\":true,\"valueName\":\"search_term_string\"}}],\"inLanguage\":\"fi\"},{\"@type\":\"Organization\",\"@id\":\"https:\\\/\\\/aktialiiga.fi\\\/miehet\\\/#organization\",\"name\":\"K\u00e4sipallon miesten Aktialiiga\",\"url\":\"https:\\\/\\\/aktialiiga.fi\\\/miehet\\\/\",\"logo\":{\"@type\":\"ImageObject\",\"inLanguage\":\"fi\",\"@id\":\"https:\\\/\\\/aktialiiga.fi\\\/miehet\\\/#\\\/schema\\\/logo\\\/image\\\/\",\"url\":\"https:\\\/\\\/i0.wp.com\\\/aktialiiga.fi\\\/miehet\\\/wp-content\\\/uploads\\\/sites\\\/5\\\/2024\\\/09\\\/Aktialiiga-Yoast-512.png?fit=512%2C512&ssl=1\",\"contentUrl\":\"https:\\\/\\\/i0.wp.com\\\/aktialiiga.fi\\\/miehet\\\/wp-content\\\/uploads\\\/sites\\\/5\\\/2024\\\/09\\\/Aktialiiga-Yoast-512.png?fit=512%2C512&ssl=1\",\"width\":512,\"height\":512,\"caption\":\"K\u00e4sipallon miesten Aktialiiga\"},\"image\":{\"@id\":\"https:\\\/\\\/aktialiiga.fi\\\/miehet\\\/#\\\/schema\\\/logo\\\/image\\\/\"},\"sameAs\":[\"https:\\\/\\\/www.facebook.com\\\/finnhandball\",\"https:\\\/\\\/x.com\\\/finnhandball\",\"https:\\\/\\\/www.instagram.com\\\/handballfinland\\\/\"]},{\"@type\":\"Person\",\"@id\":\"https:\\\/\\\/aktialiiga.fi\\\/miehet\\\/#\\\/schema\\\/person\\\/c14bf42f47041db74603c45afcb18d87\",\"name\":\"tbrmedia\",\"image\":{\"@type\":\"ImageObject\",\"inLanguage\":\"fi\",\"@id\":\"https:\\\/\\\/secure.gravatar.com\\\/avatar\\\/ee975fa091fe581d12b60debb3439022686618368a7c142044c56724d4666b16?s=96&d=mm&r=g\",\"url\":\"https:\\\/\\\/secure.gravatar.com\\\/avatar\\\/ee975fa091fe581d12b60debb3439022686618368a7c142044c56724d4666b16?s=96&d=mm&r=g\",\"contentUrl\":\"https:\\\/\\\/secure.gravatar.com\\\/avatar\\\/ee975fa091fe581d12b60debb3439022686618368a7c142044c56724d4666b16?s=96&d=mm&r=g\",\"caption\":\"tbrmedia\"}}]}<\/script>\n<!-- \/ Yoast SEO plugin. -->","yoast_head_json":{"title":"Nelj\u00e4n ottelun viikonloppu SM-liigassa | K\u00e4sipallon miesten Aktialiiga","robots":{"index":"index","follow":"follow","max-snippet":"max-snippet:-1","max-image-preview":"max-image-preview:large","max-video-preview":"max-video-preview:-1"},"canonical":"https:\/\/aktialiiga.fi\/miehet\/2021-2022\/ennakot-kausi-21-22\/neljan-ottelun-viikonloppu-sm-liigassa-3\/","og_locale":"fi_FI","og_type":"article","og_title":"Nelj\u00e4n ottelun viikonloppu SM-liigassa | K\u00e4sipallon miesten Aktialiiga","og_description":"SM-liiga jatkuu tiiviill\u00e4 tahdilla ja syyskuun viimeisen\u00e4 viikonloppuna ohjelmassa on kaikkiaan nelj\u00e4 ottelua. BK-46 viett\u00e4\u00e4 ainoana joukkueena vapaata viikonloppua otteluiden suhteen. HC Tallinn puolestaan pelaa kauden ensimm\u00e4iset vierasottelunsa ja kohtaa viikonloppuna sek\u00e4 Cocksin ett\u00e4 GrIFK:n. Viikonloppu k\u00e4ynnistyy Turusta, jossa \u201dkamratderbyss\u00e4\u201d sek\u00e4 \u00c5IFK ett\u00e4 HIFK hakevat kauden avauspisteit\u00e4\u00e4n. Kaksikon lis\u00e4ksi viel\u00e4 pisteitt\u00e4 oleva SIF puolestaan is\u00e4nn\u00f6i [&hellip;]","og_url":"https:\/\/aktialiiga.fi\/miehet\/2021-2022\/ennakot-kausi-21-22\/neljan-ottelun-viikonloppu-sm-liigassa-3\/","og_site_name":"K\u00e4sipallon miesten Aktialiiga","article_publisher":"https:\/\/www.facebook.com\/finnhandball","article_published_time":"2021-09-24T14:53:24+00:00","og_image":[{"width":1191,"height":414,"url":"https:\/\/i0.wp.com\/aktialiiga.fi\/miehet\/wp-content\/uploads\/sites\/5\/2021\/09\/Peitsaro_Benjamin_SIF_2122.jpg?fit=1191%2C414&ssl=1","type":"image\/jpeg"}],"author":"tbrmedia","twitter_card":"summary_large_image","twitter_creator":"@finnhandball","twitter_site":"@finnhandball","schema":{"@context":"https:\/\/schema.org","@graph":[{"@type":"Article","@id":"https:\/\/aktialiiga.fi\/miehet\/2021-2022\/ennakot-kausi-21-22\/neljan-ottelun-viikonloppu-sm-liigassa-3\/#article","isPartOf":{"@id":"https:\/\/aktialiiga.fi\/miehet\/2021-2022\/ennakot-kausi-21-22\/neljan-ottelun-viikonloppu-sm-liigassa-3\/"},"author":{"name":"tbrmedia","@id":"https:\/\/aktialiiga.fi\/miehet\/#\/schema\/person\/c14bf42f47041db74603c45afcb18d87"},"headline":"Nelj\u00e4n ottelun viikonloppu SM-liigassa","datePublished":"2021-09-24T14:53:24+00:00","mainEntityOfPage":{"@id":"https:\/\/aktialiiga.fi\/miehet\/2021-2022\/ennakot-kausi-21-22\/neljan-ottelun-viikonloppu-sm-liigassa-3\/"},"wordCount":217,"publisher":{"@id":"https:\/\/aktialiiga.fi\/miehet\/#organization"},"image":{"@id":"https:\/\/aktialiiga.fi\/miehet\/2021-2022\/ennakot-kausi-21-22\/neljan-ottelun-viikonloppu-sm-liigassa-3\/#primaryimage"},"thumbnailUrl":"https:\/\/i0.wp.com\/aktialiiga.fi\/miehet\/wp-content\/uploads\/sites\/5\/2021\/09\/Peitsaro_Benjamin_SIF_2122.jpg?fit=1191%2C414&ssl=1","keywords":["\u00c5IFK","Cocks","Dicken","GrIFK","HC Tallinn","HIFK","SIF"],"articleSection":["Ennakot"],"inLanguage":"fi"},{"@type":"WebPage","@id":"https:\/\/aktialiiga.fi\/miehet\/2021-2022\/ennakot-kausi-21-22\/neljan-ottelun-viikonloppu-sm-liigassa-3\/","url":"https:\/\/aktialiiga.fi\/miehet\/2021-2022\/ennakot-kausi-21-22\/neljan-ottelun-viikonloppu-sm-liigassa-3\/","name":"Nelj\u00e4n ottelun viikonloppu SM-liigassa | K\u00e4sipallon miesten Aktialiiga","isPartOf":{"@id":"https:\/\/aktialiiga.fi\/miehet\/#website"},"primaryImageOfPage":{"@id":"https:\/\/aktialiiga.fi\/miehet\/2021-2022\/ennakot-kausi-21-22\/neljan-ottelun-viikonloppu-sm-liigassa-3\/#primaryimage"},"image":{"@id":"https:\/\/aktialiiga.fi\/miehet\/2021-2022\/ennakot-kausi-21-22\/neljan-ottelun-viikonloppu-sm-liigassa-3\/#primaryimage"},"thumbnailUrl":"https:\/\/i0.wp.com\/aktialiiga.fi\/miehet\/wp-content\/uploads\/sites\/5\/2021\/09\/Peitsaro_Benjamin_SIF_2122.jpg?fit=1191%2C414&ssl=1","datePublished":"2021-09-24T14:53:24+00:00","breadcrumb":{"@id":"https:\/\/aktialiiga.fi\/miehet\/2021-2022\/ennakot-kausi-21-22\/neljan-ottelun-viikonloppu-sm-liigassa-3\/#breadcrumb"},"inLanguage":"fi","potentialAction":[{"@type":"ReadAction","target":["https:\/\/aktialiiga.fi\/miehet\/2021-2022\/ennakot-kausi-21-22\/neljan-ottelun-viikonloppu-sm-liigassa-3\/"]}]},{"@type":"ImageObject","inLanguage":"fi","@id":"https:\/\/aktialiiga.fi\/miehet\/2021-2022\/ennakot-kausi-21-22\/neljan-ottelun-viikonloppu-sm-liigassa-3\/#primaryimage","url":"https:\/\/i0.wp.com\/aktialiiga.fi\/miehet\/wp-content\/uploads\/sites\/5\/2021\/09\/Peitsaro_Benjamin_SIF_2122.jpg?fit=1191%2C414&ssl=1","contentUrl":"https:\/\/i0.wp.com\/aktialiiga.fi\/miehet\/wp-content\/uploads\/sites\/5\/2021\/09\/Peitsaro_Benjamin_SIF_2122.jpg?fit=1191%2C414&ssl=1","width":1191,"height":414,"caption":"IBenjamin Peitsaro, SIF K\u00e4sipallon miesten SM-liigan ottelussa Sjunde\u00e5 IF - Grankulla IFK Fennia Areenalla 18. syyskuuta 2021. (Kalle Parkkinen\/Newspix24)"},{"@type":"BreadcrumbList","@id":"https:\/\/aktialiiga.fi\/miehet\/2021-2022\/ennakot-kausi-21-22\/neljan-ottelun-viikonloppu-sm-liigassa-3\/#breadcrumb","itemListElement":[{"@type":"ListItem","position":1,"name":"Etusivu","item":"https:\/\/aktialiiga.fi\/miehet\/"},{"@type":"ListItem","position":2,"name":"Nelj\u00e4n ottelun viikonloppu SM-liigassa"}]},{"@type":"WebSite","@id":"https:\/\/aktialiiga.fi\/miehet\/#website","url":"https:\/\/aktialiiga.fi\/miehet\/","name":"K\u00e4sipallon miesten Aktialiiga","description":"Valtakunnan vauhdikkainta palloilua!","publisher":{"@id":"https:\/\/aktialiiga.fi\/miehet\/#organization"},"potentialAction":[{"@type":"SearchAction","target":{"@type":"EntryPoint","urlTemplate":"https:\/\/aktialiiga.fi\/miehet\/?s={search_term_string}"},"query-input":{"@type":"PropertyValueSpecification","valueRequired":true,"valueName":"search_term_string"}}],"inLanguage":"fi"},{"@type":"Organization","@id":"https:\/\/aktialiiga.fi\/miehet\/#organization","name":"K\u00e4sipallon miesten Aktialiiga","url":"https:\/\/aktialiiga.fi\/miehet\/","logo":{"@type":"ImageObject","inLanguage":"fi","@id":"https:\/\/aktialiiga.fi\/miehet\/#\/schema\/logo\/image\/","url":"https:\/\/i0.wp.com\/aktialiiga.fi\/miehet\/wp-content\/uploads\/sites\/5\/2024\/09\/Aktialiiga-Yoast-512.png?fit=512%2C512&ssl=1","contentUrl":"https:\/\/i0.wp.com\/aktialiiga.fi\/miehet\/wp-content\/uploads\/sites\/5\/2024\/09\/Aktialiiga-Yoast-512.png?fit=512%2C512&ssl=1","width":512,"height":512,"caption":"K\u00e4sipallon miesten Aktialiiga"},"image":{"@id":"https:\/\/aktialiiga.fi\/miehet\/#\/schema\/logo\/image\/"},"sameAs":["https:\/\/www.facebook.com\/finnhandball","https:\/\/x.com\/finnhandball","https:\/\/www.instagram.com\/handballfinland\/"]},{"@type":"Person","@id":"https:\/\/aktialiiga.fi\/miehet\/#\/schema\/person\/c14bf42f47041db74603c45afcb18d87","name":"tbrmedia","image":{"@type":"ImageObject","inLanguage":"fi","@id":"https:\/\/secure.gravatar.com\/avatar\/ee975fa091fe581d12b60debb3439022686618368a7c142044c56724d4666b16?s=96&d=mm&r=g","url":"https:\/\/secure.gravatar.com\/avatar\/ee975fa091fe581d12b60debb3439022686618368a7c142044c56724d4666b16?s=96&d=mm&r=g","contentUrl":"https:\/\/secure.gravatar.com\/avatar\/ee975fa091fe581d12b60debb3439022686618368a7c142044c56724d4666b16?s=96&d=mm&r=g","caption":"tbrmedia"}}]}},"jetpack_featured_media_url":"https:\/\/i0.wp.com\/aktialiiga.fi\/miehet\/wp-content\/uploads\/sites\/5\/2021\/09\/Peitsaro_Benjamin_SIF_2122.jpg?fit=1191%2C414&ssl=1","jetpack_sharing_enabled":true,"jetpack_shortlink":"https:\/\/wp.me\/pfTxOr-7M9","_links":{"self":[{"href":"https:\/\/aktialiiga.fi\/miehet\/wp-json\/wp\/v2\/posts\/29893","targetHints":{"allow":["GET"]}}],"collection":[{"href":"https:\/\/aktialiiga.fi\/miehet\/wp-json\/wp\/v2\/posts"}],"about":[{"href":"https:\/\/aktialiiga.fi\/miehet\/wp-json\/wp\/v2\/types\/post"}],"author":[{"embeddable":true,"href":"https:\/\/aktialiiga.fi\/miehet\/wp-json\/wp\/v2\/users\/13"}],"replies":[{"embeddable":true,"href":"https:\/\/aktialiiga.fi\/miehet\/wp-json\/wp\/v2\/comments?post=29893"}],"version-history":[{"count":0,"href":"https:\/\/aktialiiga.fi\/miehet\/wp-json\/wp\/v2\/posts\/29893\/revisions"}],"wp:featuredmedia":[{"embeddable":true,"href":"https:\/\/aktialiiga.fi\/miehet\/wp-json\/wp\/v2\/media\/29894"}],"wp:attachment":[{"href":"https:\/\/aktialiiga.fi\/miehet\/wp-json\/wp\/v2\/media?parent=29893"}],"wp:term":[{"taxonomy":"category","embeddable":true,"href":"https:\/\/aktialiiga.fi\/miehet\/wp-json\/wp\/v2\/categories?post=29893"},{"taxonomy":"post_tag","embeddable":true,"href":"https:\/\/aktialiiga.fi\/miehet\/wp-json\/wp\/v2\/tags?post=29893"}],"curies":[{"name":"wp","href":"https:\/\/api.w.org\/{rel}","templated":true}]}}