{"id":30370,"date":"2021-10-23T18:41:47","date_gmt":"2021-10-23T15:41:47","guid":{"rendered":"https:\/\/aktialiiga.fi\/miehet\/?p=30370"},"modified":"2021-10-23T19:31:03","modified_gmt":"2021-10-23T16:31:03","slug":"sif-otti-kauden-avausvoittonsa","status":"publish","type":"post","link":"https:\/\/aktialiiga.fi\/miehet\/2021-2022\/ottelut-2021-22\/sif-otti-kauden-avausvoittonsa\/","title":{"rendered":"SIF otti kauden avausvoittonsa"},"content":{"rendered":"<p>SIF avasi pistetilins\u00e4 kuluvalla kaudella kaatamalla lauantaina tasaisessa ottelussa Fennia Arenalla vierailleen \u00c5IFK:n.<\/p>\n<p>Ottelun alku eteni \u00c5IFK:n hienoisessa hallinnassa, mutta avausjakson puoliv\u00e4liss\u00e4 SIF k\u00e4\u00e4nsi tilanteen edukseen. Kaikkiaan ensimm\u00e4inen 30-minuuttinen oli kuitenkin hyvin tasainen ja tauolle Siuntiossa mentiin kahden maalin kotijohdossa.<\/p>\n<p>Toisella jaksolla ote pysyi niukasti SIF:lla, vaikka \u00c5IFK muutamaankin otteeseen puristi tasoihin. Viel\u00e4 seitsem\u00e4n minuuttia ennen loppua tilanne oli tasan, mutta SIF:n loppuveto riitti t\u00e4yteen pistepottiin.<\/p>\n<p>SIF:n p\u00e4\u00e4valmentaja Marcus Sj\u00f6stedt oli huojentunut kauden avausvoiton j\u00e4lkeen.<\/p>\n<p>&#8211; T\u00e4n\u00e4\u00e4n oli todella t\u00e4rke\u00e4 ottelu ja sen huomasi joukkueesta. Nyt olimme mukana alusta asti molemmissa p\u00e4iss\u00e4. Tuli muutama huonompi hetki mutta se johtui osittain siit\u00e4, ett\u00e4 pallo ei oikein pomppinut meid\u00e4n suuntaamme. Kaikki ottivat enemm\u00e4n vastuutta t\u00e4n\u00e4\u00e4n, varsinkin 9 metrin pelaajat olivat edukseen, Sj\u00f6stedt kiitteli.<\/p>\n<p>\u00c5IFK-valmentaja Harry Wickstr\u00f6m n\u00e4ki ratkaisun piilleen viimeistelyss\u00e4<\/p>\n<p>&#8211; Mika [Malassu] oli hyv\u00e4 t\u00e4n\u00e4\u00e4n. Tultiin hyviin paikkoihin mutta pallo ei mennyt maaliin ja se ratkaisi ottelun.<\/p>\n<p>Ottelun parhaan pelaajan tittelin nappasi tappiosta huolimatta \u00c5IFK:n Valter Georgs.<\/p>\n<p>&#8211; T\u00e4m\u00e4 peli oli meille hieman vaikea, emme oikein p\u00e4\u00e4sseet vauhtiin. Tied\u00e4mme ett\u00e4 osaamme huomattavasti paremmin kuin t\u00e4m\u00e4, Georgs ruoti.<\/p>\n<p><strong>SIF \u2013 \u00c5IFK 29-26 (13-11)<\/strong><\/p>\n<p><strong>Maalintekij\u00e4t<\/strong>: maalit (7m maalit)<br \/>\nSIF: Niki Tuominen 6, Gustav Svanb\u00e4ck 6 (3), Igor Trajkovski 4, Niklas Sillman 3, Benjamin Peitsaro 3, Filip Churlevski 3, Anton Luuppala 2, Daniel Walander 1, Rasmus Lundell 1<br \/>\n\u00c5IFK: Andreas Nystr\u00f6m 8, Isak Lehvonen 6, Valter Georgs 3, Peik Sj\u00f6blom 2, Elias Nyman 2, Niklas Manderoos 2, Oscar Berglund 2, Santeri Maijala 1, Eero Laine 1<\/p>\n<p><strong>T\u00e4htipelaajat<\/strong><br \/>\nValter Georgs \u00c5IFK 3<br \/>\nAnton Luuppala SIF 2<br \/>\nMika Malassu SIF 1<\/p>\n<p><strong>2 min ulosajot sek\u00e4 pelist\u00e4 sulkemiset<\/strong><br \/>\nSIF: Igor Trajkovski 1 x 2 min, Rasmus Lundell 1 x 2 min<br \/>\n\u00c5IFK: Elias Nyman 1 x 2 min, Oscar Berglund 2 x 2 min<\/p>\n<p><em>Erotuomarit<\/em>: Magnus Roth &#8211; Werneri Kivipato<\/p>\n<p><em>Yleis\u00f6\u00e4<\/em>: 214<\/p>\n","protected":false},"excerpt":{"rendered":"<p>SIF avasi pistetilins\u00e4 kuluvalla kaudella kaatamalla lauantaina tasaisessa ottelussa Fennia Arenalla vierailleen \u00c5IFK:n. Ottelun alku eteni \u00c5IFK:n hienoisessa hallinnassa, mutta avausjakson puoliv\u00e4liss\u00e4 SIF k\u00e4\u00e4nsi tilanteen edukseen. Kaikkiaan ensimm\u00e4inen 30-minuuttinen oli kuitenkin hyvin tasainen ja tauolle Siuntiossa mentiin kahden maalin kotijohdossa. Toisella jaksolla ote pysyi niukasti SIF:lla, vaikka \u00c5IFK muutamaankin otteeseen puristi tasoihin. Viel\u00e4 seitsem\u00e4n minuuttia [&hellip;]<\/p>\n","protected":false},"author":13,"featured_media":30371,"comment_status":"closed","ping_status":"closed","sticky":false,"template":"","format":"standard","meta":{"_acf_changed":false,"jetpack_post_was_ever_published":false,"_jetpack_newsletter_access":"","_jetpack_dont_email_post_to_subs":false,"_jetpack_newsletter_tier_id":0,"_jetpack_memberships_contains_paywalled_content":false,"_jetpack_memberships_contains_paid_content":false,"footnotes":""},"categories":[263],"tags":[50,111],"class_list":["post-30370","post","type-post","status-publish","format-standard","has-post-thumbnail","hentry","category-ottelut-2021-22","tag-aifk","tag-sif"],"acf":[],"yoast_head":"<!-- This site is optimized with the Yoast SEO plugin v27.5 - https:\/\/yoast.com\/product\/yoast-seo-wordpress\/ -->\n<title>SIF otti kauden avausvoittonsa | K\u00e4sipallon miesten Aktialiiga<\/title>\n<meta name=\"robots\" content=\"index, follow, max-snippet:-1, max-image-preview:large, max-video-preview:-1\" \/>\n<link rel=\"canonical\" href=\"https:\/\/aktialiiga.fi\/miehet\/2021-2022\/ottelut-2021-22\/sif-otti-kauden-avausvoittonsa\/\" \/>\n<meta property=\"og:locale\" content=\"fi_FI\" \/>\n<meta property=\"og:type\" content=\"article\" \/>\n<meta property=\"og:title\" content=\"SIF otti kauden avausvoittonsa | K\u00e4sipallon miesten Aktialiiga\" \/>\n<meta property=\"og:description\" content=\"SIF avasi pistetilins\u00e4 kuluvalla kaudella kaatamalla lauantaina tasaisessa ottelussa Fennia Arenalla vierailleen \u00c5IFK:n. Ottelun alku eteni \u00c5IFK:n hienoisessa hallinnassa, mutta avausjakson puoliv\u00e4liss\u00e4 SIF k\u00e4\u00e4nsi tilanteen edukseen. Kaikkiaan ensimm\u00e4inen 30-minuuttinen oli kuitenkin hyvin tasainen ja tauolle Siuntiossa mentiin kahden maalin kotijohdossa. Toisella jaksolla ote pysyi niukasti SIF:lla, vaikka \u00c5IFK muutamaankin otteeseen puristi tasoihin. Viel\u00e4 seitsem\u00e4n minuuttia [&hellip;]\" \/>\n<meta property=\"og:url\" content=\"https:\/\/aktialiiga.fi\/miehet\/2021-2022\/ottelut-2021-22\/sif-otti-kauden-avausvoittonsa\/\" \/>\n<meta property=\"og:site_name\" content=\"K\u00e4sipallon miesten Aktialiiga\" \/>\n<meta property=\"article:publisher\" content=\"https:\/\/www.facebook.com\/finnhandball\" \/>\n<meta property=\"article:published_time\" content=\"2021-10-23T15:41:47+00:00\" \/>\n<meta property=\"article:modified_time\" content=\"2021-10-23T16:31:03+00:00\" \/>\n<meta property=\"og:image\" content=\"https:\/\/i0.wp.com\/aktialiiga.fi\/miehet\/wp-content\/uploads\/sites\/5\/2021\/10\/SIF_Luuppala_Anton_2122b.jpg?fit=907%2C362&ssl=1\" \/>\n\t<meta property=\"og:image:width\" content=\"907\" \/>\n\t<meta property=\"og:image:height\" content=\"362\" \/>\n\t<meta property=\"og:image:type\" content=\"image\/jpeg\" \/>\n<meta name=\"author\" content=\"tbrmedia\" \/>\n<meta name=\"twitter:card\" content=\"summary_large_image\" \/>\n<meta name=\"twitter:creator\" content=\"@finnhandball\" \/>\n<meta name=\"twitter:site\" content=\"@finnhandball\" \/>\n<script type=\"application\/ld+json\" class=\"yoast-schema-graph\">{\"@context\":\"https:\\\/\\\/schema.org\",\"@graph\":[{\"@type\":\"Article\",\"@id\":\"https:\\\/\\\/aktialiiga.fi\\\/miehet\\\/2021-2022\\\/ottelut-2021-22\\\/sif-otti-kauden-avausvoittonsa\\\/#article\",\"isPartOf\":{\"@id\":\"https:\\\/\\\/aktialiiga.fi\\\/miehet\\\/2021-2022\\\/ottelut-2021-22\\\/sif-otti-kauden-avausvoittonsa\\\/\"},\"author\":{\"name\":\"tbrmedia\",\"@id\":\"https:\\\/\\\/aktialiiga.fi\\\/miehet\\\/#\\\/schema\\\/person\\\/c14bf42f47041db74603c45afcb18d87\"},\"headline\":\"SIF otti kauden avausvoittonsa\",\"datePublished\":\"2021-10-23T15:41:47+00:00\",\"dateModified\":\"2021-10-23T16:31:03+00:00\",\"mainEntityOfPage\":{\"@id\":\"https:\\\/\\\/aktialiiga.fi\\\/miehet\\\/2021-2022\\\/ottelut-2021-22\\\/sif-otti-kauden-avausvoittonsa\\\/\"},\"wordCount\":301,\"publisher\":{\"@id\":\"https:\\\/\\\/aktialiiga.fi\\\/miehet\\\/#organization\"},\"image\":{\"@id\":\"https:\\\/\\\/aktialiiga.fi\\\/miehet\\\/2021-2022\\\/ottelut-2021-22\\\/sif-otti-kauden-avausvoittonsa\\\/#primaryimage\"},\"thumbnailUrl\":\"https:\\\/\\\/i0.wp.com\\\/aktialiiga.fi\\\/miehet\\\/wp-content\\\/uploads\\\/sites\\\/5\\\/2021\\\/10\\\/SIF_Luuppala_Anton_2122b.jpg?fit=907%2C362&ssl=1\",\"keywords\":[\"\u00c5IFK\",\"SIF\"],\"articleSection\":[\"Ottelut\"],\"inLanguage\":\"fi\"},{\"@type\":\"WebPage\",\"@id\":\"https:\\\/\\\/aktialiiga.fi\\\/miehet\\\/2021-2022\\\/ottelut-2021-22\\\/sif-otti-kauden-avausvoittonsa\\\/\",\"url\":\"https:\\\/\\\/aktialiiga.fi\\\/miehet\\\/2021-2022\\\/ottelut-2021-22\\\/sif-otti-kauden-avausvoittonsa\\\/\",\"name\":\"SIF otti kauden avausvoittonsa | K\u00e4sipallon miesten Aktialiiga\",\"isPartOf\":{\"@id\":\"https:\\\/\\\/aktialiiga.fi\\\/miehet\\\/#website\"},\"primaryImageOfPage\":{\"@id\":\"https:\\\/\\\/aktialiiga.fi\\\/miehet\\\/2021-2022\\\/ottelut-2021-22\\\/sif-otti-kauden-avausvoittonsa\\\/#primaryimage\"},\"image\":{\"@id\":\"https:\\\/\\\/aktialiiga.fi\\\/miehet\\\/2021-2022\\\/ottelut-2021-22\\\/sif-otti-kauden-avausvoittonsa\\\/#primaryimage\"},\"thumbnailUrl\":\"https:\\\/\\\/i0.wp.com\\\/aktialiiga.fi\\\/miehet\\\/wp-content\\\/uploads\\\/sites\\\/5\\\/2021\\\/10\\\/SIF_Luuppala_Anton_2122b.jpg?fit=907%2C362&ssl=1\",\"datePublished\":\"2021-10-23T15:41:47+00:00\",\"dateModified\":\"2021-10-23T16:31:03+00:00\",\"breadcrumb\":{\"@id\":\"https:\\\/\\\/aktialiiga.fi\\\/miehet\\\/2021-2022\\\/ottelut-2021-22\\\/sif-otti-kauden-avausvoittonsa\\\/#breadcrumb\"},\"inLanguage\":\"fi\",\"potentialAction\":[{\"@type\":\"ReadAction\",\"target\":[\"https:\\\/\\\/aktialiiga.fi\\\/miehet\\\/2021-2022\\\/ottelut-2021-22\\\/sif-otti-kauden-avausvoittonsa\\\/\"]}]},{\"@type\":\"ImageObject\",\"inLanguage\":\"fi\",\"@id\":\"https:\\\/\\\/aktialiiga.fi\\\/miehet\\\/2021-2022\\\/ottelut-2021-22\\\/sif-otti-kauden-avausvoittonsa\\\/#primaryimage\",\"url\":\"https:\\\/\\\/i0.wp.com\\\/aktialiiga.fi\\\/miehet\\\/wp-content\\\/uploads\\\/sites\\\/5\\\/2021\\\/10\\\/SIF_Luuppala_Anton_2122b.jpg?fit=907%2C362&ssl=1\",\"contentUrl\":\"https:\\\/\\\/i0.wp.com\\\/aktialiiga.fi\\\/miehet\\\/wp-content\\\/uploads\\\/sites\\\/5\\\/2021\\\/10\\\/SIF_Luuppala_Anton_2122b.jpg?fit=907%2C362&ssl=1\",\"width\":907,\"height\":362,\"caption\":\"Anton Luuppala, SIF K\u00e4sipallon miesten SM-liigan ottelussa Sjunde\u00e5 IF - Grankulla IFK Fennia Areenalla 18. syyskuuta 2021. (Kalle Parkkinen\\\/Newspix24)\"},{\"@type\":\"BreadcrumbList\",\"@id\":\"https:\\\/\\\/aktialiiga.fi\\\/miehet\\\/2021-2022\\\/ottelut-2021-22\\\/sif-otti-kauden-avausvoittonsa\\\/#breadcrumb\",\"itemListElement\":[{\"@type\":\"ListItem\",\"position\":1,\"name\":\"Etusivu\",\"item\":\"https:\\\/\\\/aktialiiga.fi\\\/miehet\\\/\"},{\"@type\":\"ListItem\",\"position\":2,\"name\":\"SIF otti kauden avausvoittonsa\"}]},{\"@type\":\"WebSite\",\"@id\":\"https:\\\/\\\/aktialiiga.fi\\\/miehet\\\/#website\",\"url\":\"https:\\\/\\\/aktialiiga.fi\\\/miehet\\\/\",\"name\":\"K\u00e4sipallon miesten Aktialiiga\",\"description\":\"Valtakunnan vauhdikkainta palloilua!\",\"publisher\":{\"@id\":\"https:\\\/\\\/aktialiiga.fi\\\/miehet\\\/#organization\"},\"potentialAction\":[{\"@type\":\"SearchAction\",\"target\":{\"@type\":\"EntryPoint\",\"urlTemplate\":\"https:\\\/\\\/aktialiiga.fi\\\/miehet\\\/?s={search_term_string}\"},\"query-input\":{\"@type\":\"PropertyValueSpecification\",\"valueRequired\":true,\"valueName\":\"search_term_string\"}}],\"inLanguage\":\"fi\"},{\"@type\":\"Organization\",\"@id\":\"https:\\\/\\\/aktialiiga.fi\\\/miehet\\\/#organization\",\"name\":\"K\u00e4sipallon miesten Aktialiiga\",\"url\":\"https:\\\/\\\/aktialiiga.fi\\\/miehet\\\/\",\"logo\":{\"@type\":\"ImageObject\",\"inLanguage\":\"fi\",\"@id\":\"https:\\\/\\\/aktialiiga.fi\\\/miehet\\\/#\\\/schema\\\/logo\\\/image\\\/\",\"url\":\"https:\\\/\\\/i0.wp.com\\\/aktialiiga.fi\\\/miehet\\\/wp-content\\\/uploads\\\/sites\\\/5\\\/2024\\\/09\\\/Aktialiiga-Yoast-512.png?fit=512%2C512&ssl=1\",\"contentUrl\":\"https:\\\/\\\/i0.wp.com\\\/aktialiiga.fi\\\/miehet\\\/wp-content\\\/uploads\\\/sites\\\/5\\\/2024\\\/09\\\/Aktialiiga-Yoast-512.png?fit=512%2C512&ssl=1\",\"width\":512,\"height\":512,\"caption\":\"K\u00e4sipallon miesten Aktialiiga\"},\"image\":{\"@id\":\"https:\\\/\\\/aktialiiga.fi\\\/miehet\\\/#\\\/schema\\\/logo\\\/image\\\/\"},\"sameAs\":[\"https:\\\/\\\/www.facebook.com\\\/finnhandball\",\"https:\\\/\\\/x.com\\\/finnhandball\",\"https:\\\/\\\/www.instagram.com\\\/handballfinland\\\/\"]},{\"@type\":\"Person\",\"@id\":\"https:\\\/\\\/aktialiiga.fi\\\/miehet\\\/#\\\/schema\\\/person\\\/c14bf42f47041db74603c45afcb18d87\",\"name\":\"tbrmedia\",\"image\":{\"@type\":\"ImageObject\",\"inLanguage\":\"fi\",\"@id\":\"https:\\\/\\\/secure.gravatar.com\\\/avatar\\\/ee975fa091fe581d12b60debb3439022686618368a7c142044c56724d4666b16?s=96&d=mm&r=g\",\"url\":\"https:\\\/\\\/secure.gravatar.com\\\/avatar\\\/ee975fa091fe581d12b60debb3439022686618368a7c142044c56724d4666b16?s=96&d=mm&r=g\",\"contentUrl\":\"https:\\\/\\\/secure.gravatar.com\\\/avatar\\\/ee975fa091fe581d12b60debb3439022686618368a7c142044c56724d4666b16?s=96&d=mm&r=g\",\"caption\":\"tbrmedia\"}}]}<\/script>\n<!-- \/ Yoast SEO plugin. -->","yoast_head_json":{"title":"SIF otti kauden avausvoittonsa | K\u00e4sipallon miesten Aktialiiga","robots":{"index":"index","follow":"follow","max-snippet":"max-snippet:-1","max-image-preview":"max-image-preview:large","max-video-preview":"max-video-preview:-1"},"canonical":"https:\/\/aktialiiga.fi\/miehet\/2021-2022\/ottelut-2021-22\/sif-otti-kauden-avausvoittonsa\/","og_locale":"fi_FI","og_type":"article","og_title":"SIF otti kauden avausvoittonsa | K\u00e4sipallon miesten Aktialiiga","og_description":"SIF avasi pistetilins\u00e4 kuluvalla kaudella kaatamalla lauantaina tasaisessa ottelussa Fennia Arenalla vierailleen \u00c5IFK:n. Ottelun alku eteni \u00c5IFK:n hienoisessa hallinnassa, mutta avausjakson puoliv\u00e4liss\u00e4 SIF k\u00e4\u00e4nsi tilanteen edukseen. Kaikkiaan ensimm\u00e4inen 30-minuuttinen oli kuitenkin hyvin tasainen ja tauolle Siuntiossa mentiin kahden maalin kotijohdossa. Toisella jaksolla ote pysyi niukasti SIF:lla, vaikka \u00c5IFK muutamaankin otteeseen puristi tasoihin. Viel\u00e4 seitsem\u00e4n minuuttia [&hellip;]","og_url":"https:\/\/aktialiiga.fi\/miehet\/2021-2022\/ottelut-2021-22\/sif-otti-kauden-avausvoittonsa\/","og_site_name":"K\u00e4sipallon miesten Aktialiiga","article_publisher":"https:\/\/www.facebook.com\/finnhandball","article_published_time":"2021-10-23T15:41:47+00:00","article_modified_time":"2021-10-23T16:31:03+00:00","og_image":[{"width":907,"height":362,"url":"https:\/\/i0.wp.com\/aktialiiga.fi\/miehet\/wp-content\/uploads\/sites\/5\/2021\/10\/SIF_Luuppala_Anton_2122b.jpg?fit=907%2C362&ssl=1","type":"image\/jpeg"}],"author":"tbrmedia","twitter_card":"summary_large_image","twitter_creator":"@finnhandball","twitter_site":"@finnhandball","schema":{"@context":"https:\/\/schema.org","@graph":[{"@type":"Article","@id":"https:\/\/aktialiiga.fi\/miehet\/2021-2022\/ottelut-2021-22\/sif-otti-kauden-avausvoittonsa\/#article","isPartOf":{"@id":"https:\/\/aktialiiga.fi\/miehet\/2021-2022\/ottelut-2021-22\/sif-otti-kauden-avausvoittonsa\/"},"author":{"name":"tbrmedia","@id":"https:\/\/aktialiiga.fi\/miehet\/#\/schema\/person\/c14bf42f47041db74603c45afcb18d87"},"headline":"SIF otti kauden avausvoittonsa","datePublished":"2021-10-23T15:41:47+00:00","dateModified":"2021-10-23T16:31:03+00:00","mainEntityOfPage":{"@id":"https:\/\/aktialiiga.fi\/miehet\/2021-2022\/ottelut-2021-22\/sif-otti-kauden-avausvoittonsa\/"},"wordCount":301,"publisher":{"@id":"https:\/\/aktialiiga.fi\/miehet\/#organization"},"image":{"@id":"https:\/\/aktialiiga.fi\/miehet\/2021-2022\/ottelut-2021-22\/sif-otti-kauden-avausvoittonsa\/#primaryimage"},"thumbnailUrl":"https:\/\/i0.wp.com\/aktialiiga.fi\/miehet\/wp-content\/uploads\/sites\/5\/2021\/10\/SIF_Luuppala_Anton_2122b.jpg?fit=907%2C362&ssl=1","keywords":["\u00c5IFK","SIF"],"articleSection":["Ottelut"],"inLanguage":"fi"},{"@type":"WebPage","@id":"https:\/\/aktialiiga.fi\/miehet\/2021-2022\/ottelut-2021-22\/sif-otti-kauden-avausvoittonsa\/","url":"https:\/\/aktialiiga.fi\/miehet\/2021-2022\/ottelut-2021-22\/sif-otti-kauden-avausvoittonsa\/","name":"SIF otti kauden avausvoittonsa | K\u00e4sipallon miesten Aktialiiga","isPartOf":{"@id":"https:\/\/aktialiiga.fi\/miehet\/#website"},"primaryImageOfPage":{"@id":"https:\/\/aktialiiga.fi\/miehet\/2021-2022\/ottelut-2021-22\/sif-otti-kauden-avausvoittonsa\/#primaryimage"},"image":{"@id":"https:\/\/aktialiiga.fi\/miehet\/2021-2022\/ottelut-2021-22\/sif-otti-kauden-avausvoittonsa\/#primaryimage"},"thumbnailUrl":"https:\/\/i0.wp.com\/aktialiiga.fi\/miehet\/wp-content\/uploads\/sites\/5\/2021\/10\/SIF_Luuppala_Anton_2122b.jpg?fit=907%2C362&ssl=1","datePublished":"2021-10-23T15:41:47+00:00","dateModified":"2021-10-23T16:31:03+00:00","breadcrumb":{"@id":"https:\/\/aktialiiga.fi\/miehet\/2021-2022\/ottelut-2021-22\/sif-otti-kauden-avausvoittonsa\/#breadcrumb"},"inLanguage":"fi","potentialAction":[{"@type":"ReadAction","target":["https:\/\/aktialiiga.fi\/miehet\/2021-2022\/ottelut-2021-22\/sif-otti-kauden-avausvoittonsa\/"]}]},{"@type":"ImageObject","inLanguage":"fi","@id":"https:\/\/aktialiiga.fi\/miehet\/2021-2022\/ottelut-2021-22\/sif-otti-kauden-avausvoittonsa\/#primaryimage","url":"https:\/\/i0.wp.com\/aktialiiga.fi\/miehet\/wp-content\/uploads\/sites\/5\/2021\/10\/SIF_Luuppala_Anton_2122b.jpg?fit=907%2C362&ssl=1","contentUrl":"https:\/\/i0.wp.com\/aktialiiga.fi\/miehet\/wp-content\/uploads\/sites\/5\/2021\/10\/SIF_Luuppala_Anton_2122b.jpg?fit=907%2C362&ssl=1","width":907,"height":362,"caption":"Anton Luuppala, SIF K\u00e4sipallon miesten SM-liigan ottelussa Sjunde\u00e5 IF - Grankulla IFK Fennia Areenalla 18. syyskuuta 2021. (Kalle Parkkinen\/Newspix24)"},{"@type":"BreadcrumbList","@id":"https:\/\/aktialiiga.fi\/miehet\/2021-2022\/ottelut-2021-22\/sif-otti-kauden-avausvoittonsa\/#breadcrumb","itemListElement":[{"@type":"ListItem","position":1,"name":"Etusivu","item":"https:\/\/aktialiiga.fi\/miehet\/"},{"@type":"ListItem","position":2,"name":"SIF otti kauden avausvoittonsa"}]},{"@type":"WebSite","@id":"https:\/\/aktialiiga.fi\/miehet\/#website","url":"https:\/\/aktialiiga.fi\/miehet\/","name":"K\u00e4sipallon miesten Aktialiiga","description":"Valtakunnan vauhdikkainta palloilua!","publisher":{"@id":"https:\/\/aktialiiga.fi\/miehet\/#organization"},"potentialAction":[{"@type":"SearchAction","target":{"@type":"EntryPoint","urlTemplate":"https:\/\/aktialiiga.fi\/miehet\/?s={search_term_string}"},"query-input":{"@type":"PropertyValueSpecification","valueRequired":true,"valueName":"search_term_string"}}],"inLanguage":"fi"},{"@type":"Organization","@id":"https:\/\/aktialiiga.fi\/miehet\/#organization","name":"K\u00e4sipallon miesten Aktialiiga","url":"https:\/\/aktialiiga.fi\/miehet\/","logo":{"@type":"ImageObject","inLanguage":"fi","@id":"https:\/\/aktialiiga.fi\/miehet\/#\/schema\/logo\/image\/","url":"https:\/\/i0.wp.com\/aktialiiga.fi\/miehet\/wp-content\/uploads\/sites\/5\/2024\/09\/Aktialiiga-Yoast-512.png?fit=512%2C512&ssl=1","contentUrl":"https:\/\/i0.wp.com\/aktialiiga.fi\/miehet\/wp-content\/uploads\/sites\/5\/2024\/09\/Aktialiiga-Yoast-512.png?fit=512%2C512&ssl=1","width":512,"height":512,"caption":"K\u00e4sipallon miesten Aktialiiga"},"image":{"@id":"https:\/\/aktialiiga.fi\/miehet\/#\/schema\/logo\/image\/"},"sameAs":["https:\/\/www.facebook.com\/finnhandball","https:\/\/x.com\/finnhandball","https:\/\/www.instagram.com\/handballfinland\/"]},{"@type":"Person","@id":"https:\/\/aktialiiga.fi\/miehet\/#\/schema\/person\/c14bf42f47041db74603c45afcb18d87","name":"tbrmedia","image":{"@type":"ImageObject","inLanguage":"fi","@id":"https:\/\/secure.gravatar.com\/avatar\/ee975fa091fe581d12b60debb3439022686618368a7c142044c56724d4666b16?s=96&d=mm&r=g","url":"https:\/\/secure.gravatar.com\/avatar\/ee975fa091fe581d12b60debb3439022686618368a7c142044c56724d4666b16?s=96&d=mm&r=g","contentUrl":"https:\/\/secure.gravatar.com\/avatar\/ee975fa091fe581d12b60debb3439022686618368a7c142044c56724d4666b16?s=96&d=mm&r=g","caption":"tbrmedia"}}]}},"jetpack_featured_media_url":"https:\/\/i0.wp.com\/aktialiiga.fi\/miehet\/wp-content\/uploads\/sites\/5\/2021\/10\/SIF_Luuppala_Anton_2122b.jpg?fit=907%2C362&ssl=1","jetpack_sharing_enabled":true,"jetpack_shortlink":"https:\/\/wp.me\/pfTxOr-7TQ","_links":{"self":[{"href":"https:\/\/aktialiiga.fi\/miehet\/wp-json\/wp\/v2\/posts\/30370","targetHints":{"allow":["GET"]}}],"collection":[{"href":"https:\/\/aktialiiga.fi\/miehet\/wp-json\/wp\/v2\/posts"}],"about":[{"href":"https:\/\/aktialiiga.fi\/miehet\/wp-json\/wp\/v2\/types\/post"}],"author":[{"embeddable":true,"href":"https:\/\/aktialiiga.fi\/miehet\/wp-json\/wp\/v2\/users\/13"}],"replies":[{"embeddable":true,"href":"https:\/\/aktialiiga.fi\/miehet\/wp-json\/wp\/v2\/comments?post=30370"}],"version-history":[{"count":0,"href":"https:\/\/aktialiiga.fi\/miehet\/wp-json\/wp\/v2\/posts\/30370\/revisions"}],"wp:featuredmedia":[{"embeddable":true,"href":"https:\/\/aktialiiga.fi\/miehet\/wp-json\/wp\/v2\/media\/30371"}],"wp:attachment":[{"href":"https:\/\/aktialiiga.fi\/miehet\/wp-json\/wp\/v2\/media?parent=30370"}],"wp:term":[{"taxonomy":"category","embeddable":true,"href":"https:\/\/aktialiiga.fi\/miehet\/wp-json\/wp\/v2\/categories?post=30370"},{"taxonomy":"post_tag","embeddable":true,"href":"https:\/\/aktialiiga.fi\/miehet\/wp-json\/wp\/v2\/tags?post=30370"}],"curies":[{"name":"wp","href":"https:\/\/api.w.org\/{rel}","templated":true}]}}