{"id":31160,"date":"2021-12-10T13:23:20","date_gmt":"2021-12-10T11:23:20","guid":{"rendered":"https:\/\/aktialiiga.fi\/miehet\/?p=31160"},"modified":"2021-12-10T13:23:20","modified_gmt":"2021-12-10T11:23:20","slug":"tiivis-lauantai-iltapaiva-edessa-sm-liigassa-2","status":"publish","type":"post","link":"https:\/\/aktialiiga.fi\/miehet\/2021-2022\/ennakot-kausi-21-22\/tiivis-lauantai-iltapaiva-edessa-sm-liigassa-2\/","title":{"rendered":"Tiivis lauantai-iltap\u00e4iv\u00e4 edess\u00e4 SM-liigassa"},"content":{"rendered":"<p>SM-liigan kauden 2021-22 runkosarja alkaa k\u00e4\u00e4nty\u00e4 loppusuoralleen ja lauantaina pelataan kolme t\u00e4rke\u00e4\u00e4 ottelua.<\/p>\n<p>Ylemm\u00e4n jatkosarjan paikan ovat jo varmistaneet Dicken, Cocks ja BK-46, joiden keskin\u00e4inen j\u00e4rjestys on kuitenkin viel\u00e4 t\u00e4ysin avoinna. Nelj\u00e4nness\u00e4 paikassa ylemm\u00e4ss\u00e4 jatkosarjassa on tiukimmin kiinni GrIFK, joka voi sinet\u00f6id\u00e4 nelj\u00e4nnen sijansa jo lauantain otteluissa.<\/p>\n<p>Lauantai k\u00e4ynnistyy Turusta, jossa vastakkain ovat \u00c5IFK ja SIF. Kumpikin tulee p\u00e4\u00e4tym\u00e4\u00e4n alempaan jatkosarjaan, mutta sijoituksista ja l\u00e4ht\u00f6pisteist\u00e4 k\u00e4yd\u00e4\u00e4n viel\u00e4 kovaa kamppailua. SIF on ottanut kauden toistaiseksi ainoan voittonsa juuri \u00c5IFK:sta, kun numerot Siuntiossa puolitoista kuukautta sitten olivat 29-27. Kumpikin on k\u00e4rsinyt poissaoloista ja t\u00e4m\u00e4 on n\u00e4kynyt tuloksissa viime aikoina.<\/p>\n<p>K\u00e4rkisijoista kamppaileva Cocks saa vastaansa HIFK:n. Cocksilla on alla kova European Leaguen ottelu viikolla, mutta riihim\u00e4kel\u00e4isill\u00e4 ei matkustusrasitusta ole, kun viikon molemmat ottelut pelataan Cocks Areenalla. Joukkueitten kohtaaminen lokakuussa Helsingiss\u00e4 p\u00e4\u00e4ttyi Cocksin selv\u00e4\u00e4n kahdeksan maalin voittoon, eik\u00e4 suosikista nytk\u00e4\u00e4n ole ep\u00e4selvyytt\u00e4.<\/p>\n<p>HIFK alkaa toisaalta olla pakkoraossa, mik\u00e4li joukkue mielii viel\u00e4 ylemp\u00e4\u00e4n jatkosarjaan. Vire on sin\u00e4ns\u00e4 hyv\u00e4, sill\u00e4 alla HIFK:lla on voitot SIF:sta ja \u00c5IFK:sta ja t\u00e4m\u00e4n my\u00f6t\u00e4 on syntynyt my\u00f6s pes\u00e4eroa sarjataulukon tyveen. Nelj\u00e4nten\u00e4 olevaan GrIFK:hon matkaa on kuitenkin edelleen kolme pistett\u00e4.<\/p>\n<p>GrIFK pelaa samaan aikaan BK-46:n vieraana ja saattaa siis jo sinet\u00f6id\u00e4 nelj\u00e4nnen sijansa, sill\u00e4 pelaamatta IFK-kaksikolla on lauantain j\u00e4lkeen en\u00e4\u00e4 kaksi ottelua runkosarjassa. T\u00e4m\u00e4 vaatisi kuitenkin voittoa BK:sta, joka puolestaan pyrkii ly\u00f6m\u00e4\u00e4n viel\u00e4 kiilaa k\u00e4rkikaksikon Dicken-Cocks v\u00e4liin.<\/p>\n<p>Grani osoitti edellisottelussa olevansa valmis haastamaan kenet vain. Dicken sai tehd\u00e4 hartiavoimin t\u00f6it\u00e4, ennen kuin \u00e4\u00e4rimm\u00e4isen niukka voitto irtosi matkaan. Joukkueet kohtasivat lokakuussa Kauniaisissa ja tuolloin BK vei pisteet maalein 23-29. Vertailukohtaa nykyhetkeen antaa kuitenkin se, ett\u00e4 my\u00f6s BK-46 kohtasi edellisottelussaan Dickenin ja k\u00e4rsi tappion paljon selke\u00e4mmin numeroin kuin kauniaislaiset.<\/p>\n<p>&#8211; Alisuoritimme siin\u00e4 ottelussa liian monella alueella. Menetimme uskommekin ja olen pettynyt esitykseen, BK-luotsi Andreas R\u00f6nnberg totesi V\u00e4stra Nylandille.<\/p>\n<p>BK:lla on Dicken-ottelun j\u00e4lkeen ollut aikaa koota rivej\u00e4\u00e4n pari viikkoa ja ykk\u00f6stykki Nico R\u00f6nnbergill\u00e4 vastaavasti aikaa parannella vihoittelevaa selk\u00e4\u00e4ns\u00e4. R\u00f6nnbergin pelaaminen lauantaina on kuitenkin edelleen pieni kysymysmerkki.<\/p>\n<p><strong>SM-liiga lauantaina 11.12.:<\/strong><br \/>\n14.00 \u00c5IFK \u2013 SIF<br \/>\n16.00 Cocks \u2013 HIFK<br \/>\n16.00 BK-46 \u2013 GrIFK<\/p>\n<p>Kauden kaikki ottelut suorana <strong><a href=\"https:\/\/solidsport.com\/handisliiga\" target=\"_blank\" rel=\"noopener\">SolidSportilla<\/a><\/strong>.<\/p>\n","protected":false},"excerpt":{"rendered":"<p>SM-liigan kauden 2021-22 runkosarja alkaa k\u00e4\u00e4nty\u00e4 loppusuoralleen ja lauantaina pelataan kolme t\u00e4rke\u00e4\u00e4 ottelua. Ylemm\u00e4n jatkosarjan paikan ovat jo varmistaneet Dicken, Cocks ja BK-46, joiden keskin\u00e4inen j\u00e4rjestys on kuitenkin viel\u00e4 t\u00e4ysin avoinna. Nelj\u00e4nness\u00e4 paikassa ylemm\u00e4ss\u00e4 jatkosarjassa on tiukimmin kiinni GrIFK, joka voi sinet\u00f6id\u00e4 nelj\u00e4nnen sijansa jo lauantain otteluissa. Lauantai k\u00e4ynnistyy Turusta, jossa vastakkain ovat \u00c5IFK ja [&hellip;]<\/p>\n","protected":false},"author":13,"featured_media":30594,"comment_status":"closed","ping_status":"closed","sticky":false,"template":"","format":"standard","meta":{"_acf_changed":false,"jetpack_post_was_ever_published":false,"_jetpack_newsletter_access":"","_jetpack_dont_email_post_to_subs":false,"_jetpack_newsletter_tier_id":0,"_jetpack_memberships_contains_paywalled_content":false,"_jetpack_memberships_contains_paid_content":false,"footnotes":""},"categories":[264],"tags":[50,56,57,64,71,111],"class_list":["post-31160","post","type-post","status-publish","format-standard","has-post-thumbnail","hentry","category-ennakot-kausi-21-22","tag-aifk","tag-bk-46","tag-cocks","tag-grifk","tag-hifk","tag-sif"],"acf":[],"yoast_head":"<!-- This site is optimized with the Yoast SEO plugin v27.4 - https:\/\/yoast.com\/product\/yoast-seo-wordpress\/ -->\n<title>Tiivis lauantai-iltap\u00e4iv\u00e4 edess\u00e4 SM-liigassa | K\u00e4sipallon miesten Aktialiiga<\/title>\n<meta name=\"robots\" content=\"index, follow, max-snippet:-1, max-image-preview:large, max-video-preview:-1\" \/>\n<link rel=\"canonical\" href=\"https:\/\/aktialiiga.fi\/miehet\/2021-2022\/ennakot-kausi-21-22\/tiivis-lauantai-iltapaiva-edessa-sm-liigassa-2\/\" \/>\n<meta property=\"og:locale\" content=\"fi_FI\" \/>\n<meta property=\"og:type\" content=\"article\" \/>\n<meta property=\"og:title\" content=\"Tiivis lauantai-iltap\u00e4iv\u00e4 edess\u00e4 SM-liigassa | K\u00e4sipallon miesten Aktialiiga\" \/>\n<meta property=\"og:description\" content=\"SM-liigan kauden 2021-22 runkosarja alkaa k\u00e4\u00e4nty\u00e4 loppusuoralleen ja lauantaina pelataan kolme t\u00e4rke\u00e4\u00e4 ottelua. Ylemm\u00e4n jatkosarjan paikan ovat jo varmistaneet Dicken, Cocks ja BK-46, joiden keskin\u00e4inen j\u00e4rjestys on kuitenkin viel\u00e4 t\u00e4ysin avoinna. Nelj\u00e4nness\u00e4 paikassa ylemm\u00e4ss\u00e4 jatkosarjassa on tiukimmin kiinni GrIFK, joka voi sinet\u00f6id\u00e4 nelj\u00e4nnen sijansa jo lauantain otteluissa. Lauantai k\u00e4ynnistyy Turusta, jossa vastakkain ovat \u00c5IFK ja [&hellip;]\" \/>\n<meta property=\"og:url\" content=\"https:\/\/aktialiiga.fi\/miehet\/2021-2022\/ennakot-kausi-21-22\/tiivis-lauantai-iltapaiva-edessa-sm-liigassa-2\/\" \/>\n<meta property=\"og:site_name\" content=\"K\u00e4sipallon miesten Aktialiiga\" \/>\n<meta property=\"article:publisher\" content=\"https:\/\/www.facebook.com\/finnhandball\" \/>\n<meta property=\"article:published_time\" content=\"2021-12-10T11:23:20+00:00\" \/>\n<meta property=\"og:image\" content=\"https:\/\/i0.wp.com\/aktialiiga.fi\/miehet\/wp-content\/uploads\/sites\/5\/2021\/10\/BK46_pelaajia_2122.jpg?fit=1192%2C478&ssl=1\" \/>\n\t<meta property=\"og:image:width\" content=\"1192\" \/>\n\t<meta property=\"og:image:height\" content=\"478\" \/>\n\t<meta property=\"og:image:type\" content=\"image\/jpeg\" \/>\n<meta name=\"author\" content=\"tbrmedia\" \/>\n<meta name=\"twitter:card\" content=\"summary_large_image\" \/>\n<meta name=\"twitter:creator\" content=\"@finnhandball\" \/>\n<meta name=\"twitter:site\" content=\"@finnhandball\" \/>\n<script type=\"application\/ld+json\" class=\"yoast-schema-graph\">{\"@context\":\"https:\\\/\\\/schema.org\",\"@graph\":[{\"@type\":\"Article\",\"@id\":\"https:\\\/\\\/aktialiiga.fi\\\/miehet\\\/2021-2022\\\/ennakot-kausi-21-22\\\/tiivis-lauantai-iltapaiva-edessa-sm-liigassa-2\\\/#article\",\"isPartOf\":{\"@id\":\"https:\\\/\\\/aktialiiga.fi\\\/miehet\\\/2021-2022\\\/ennakot-kausi-21-22\\\/tiivis-lauantai-iltapaiva-edessa-sm-liigassa-2\\\/\"},\"author\":{\"name\":\"tbrmedia\",\"@id\":\"https:\\\/\\\/aktialiiga.fi\\\/miehet\\\/#\\\/schema\\\/person\\\/c14bf42f47041db74603c45afcb18d87\"},\"headline\":\"Tiivis lauantai-iltap\u00e4iv\u00e4 edess\u00e4 SM-liigassa\",\"datePublished\":\"2021-12-10T11:23:20+00:00\",\"mainEntityOfPage\":{\"@id\":\"https:\\\/\\\/aktialiiga.fi\\\/miehet\\\/2021-2022\\\/ennakot-kausi-21-22\\\/tiivis-lauantai-iltapaiva-edessa-sm-liigassa-2\\\/\"},\"wordCount\":396,\"publisher\":{\"@id\":\"https:\\\/\\\/aktialiiga.fi\\\/miehet\\\/#organization\"},\"image\":{\"@id\":\"https:\\\/\\\/aktialiiga.fi\\\/miehet\\\/2021-2022\\\/ennakot-kausi-21-22\\\/tiivis-lauantai-iltapaiva-edessa-sm-liigassa-2\\\/#primaryimage\"},\"thumbnailUrl\":\"https:\\\/\\\/i0.wp.com\\\/aktialiiga.fi\\\/miehet\\\/wp-content\\\/uploads\\\/sites\\\/5\\\/2021\\\/10\\\/BK46_pelaajia_2122.jpg?fit=1192%2C478&ssl=1\",\"keywords\":[\"\u00c5IFK\",\"BK-46\",\"Cocks\",\"GrIFK\",\"HIFK\",\"SIF\"],\"articleSection\":[\"Ennakot\"],\"inLanguage\":\"fi\"},{\"@type\":\"WebPage\",\"@id\":\"https:\\\/\\\/aktialiiga.fi\\\/miehet\\\/2021-2022\\\/ennakot-kausi-21-22\\\/tiivis-lauantai-iltapaiva-edessa-sm-liigassa-2\\\/\",\"url\":\"https:\\\/\\\/aktialiiga.fi\\\/miehet\\\/2021-2022\\\/ennakot-kausi-21-22\\\/tiivis-lauantai-iltapaiva-edessa-sm-liigassa-2\\\/\",\"name\":\"Tiivis lauantai-iltap\u00e4iv\u00e4 edess\u00e4 SM-liigassa | K\u00e4sipallon miesten Aktialiiga\",\"isPartOf\":{\"@id\":\"https:\\\/\\\/aktialiiga.fi\\\/miehet\\\/#website\"},\"primaryImageOfPage\":{\"@id\":\"https:\\\/\\\/aktialiiga.fi\\\/miehet\\\/2021-2022\\\/ennakot-kausi-21-22\\\/tiivis-lauantai-iltapaiva-edessa-sm-liigassa-2\\\/#primaryimage\"},\"image\":{\"@id\":\"https:\\\/\\\/aktialiiga.fi\\\/miehet\\\/2021-2022\\\/ennakot-kausi-21-22\\\/tiivis-lauantai-iltapaiva-edessa-sm-liigassa-2\\\/#primaryimage\"},\"thumbnailUrl\":\"https:\\\/\\\/i0.wp.com\\\/aktialiiga.fi\\\/miehet\\\/wp-content\\\/uploads\\\/sites\\\/5\\\/2021\\\/10\\\/BK46_pelaajia_2122.jpg?fit=1192%2C478&ssl=1\",\"datePublished\":\"2021-12-10T11:23:20+00:00\",\"breadcrumb\":{\"@id\":\"https:\\\/\\\/aktialiiga.fi\\\/miehet\\\/2021-2022\\\/ennakot-kausi-21-22\\\/tiivis-lauantai-iltapaiva-edessa-sm-liigassa-2\\\/#breadcrumb\"},\"inLanguage\":\"fi\",\"potentialAction\":[{\"@type\":\"ReadAction\",\"target\":[\"https:\\\/\\\/aktialiiga.fi\\\/miehet\\\/2021-2022\\\/ennakot-kausi-21-22\\\/tiivis-lauantai-iltapaiva-edessa-sm-liigassa-2\\\/\"]}]},{\"@type\":\"ImageObject\",\"inLanguage\":\"fi\",\"@id\":\"https:\\\/\\\/aktialiiga.fi\\\/miehet\\\/2021-2022\\\/ennakot-kausi-21-22\\\/tiivis-lauantai-iltapaiva-edessa-sm-liigassa-2\\\/#primaryimage\",\"url\":\"https:\\\/\\\/i0.wp.com\\\/aktialiiga.fi\\\/miehet\\\/wp-content\\\/uploads\\\/sites\\\/5\\\/2021\\\/10\\\/BK46_pelaajia_2122.jpg?fit=1192%2C478&ssl=1\",\"contentUrl\":\"https:\\\/\\\/i0.wp.com\\\/aktialiiga.fi\\\/miehet\\\/wp-content\\\/uploads\\\/sites\\\/5\\\/2021\\\/10\\\/BK46_pelaajia_2122.jpg?fit=1192%2C478&ssl=1\",\"width\":1192,\"height\":478,\"caption\":\"k\u00e4sipallon miesten SM-liigan ottelussa BK-46 - \u00c5IFK Karjaan Urheiluhalli 25. syyskuuta 2021. (Kalle Parkkinen\\\/Newspix24)\"},{\"@type\":\"BreadcrumbList\",\"@id\":\"https:\\\/\\\/aktialiiga.fi\\\/miehet\\\/2021-2022\\\/ennakot-kausi-21-22\\\/tiivis-lauantai-iltapaiva-edessa-sm-liigassa-2\\\/#breadcrumb\",\"itemListElement\":[{\"@type\":\"ListItem\",\"position\":1,\"name\":\"Etusivu\",\"item\":\"https:\\\/\\\/aktialiiga.fi\\\/miehet\\\/\"},{\"@type\":\"ListItem\",\"position\":2,\"name\":\"Tiivis lauantai-iltap\u00e4iv\u00e4 edess\u00e4 SM-liigassa\"}]},{\"@type\":\"WebSite\",\"@id\":\"https:\\\/\\\/aktialiiga.fi\\\/miehet\\\/#website\",\"url\":\"https:\\\/\\\/aktialiiga.fi\\\/miehet\\\/\",\"name\":\"K\u00e4sipallon miesten Aktialiiga\",\"description\":\"Valtakunnan vauhdikkainta palloilua!\",\"publisher\":{\"@id\":\"https:\\\/\\\/aktialiiga.fi\\\/miehet\\\/#organization\"},\"potentialAction\":[{\"@type\":\"SearchAction\",\"target\":{\"@type\":\"EntryPoint\",\"urlTemplate\":\"https:\\\/\\\/aktialiiga.fi\\\/miehet\\\/?s={search_term_string}\"},\"query-input\":{\"@type\":\"PropertyValueSpecification\",\"valueRequired\":true,\"valueName\":\"search_term_string\"}}],\"inLanguage\":\"fi\"},{\"@type\":\"Organization\",\"@id\":\"https:\\\/\\\/aktialiiga.fi\\\/miehet\\\/#organization\",\"name\":\"K\u00e4sipallon miesten Aktialiiga\",\"url\":\"https:\\\/\\\/aktialiiga.fi\\\/miehet\\\/\",\"logo\":{\"@type\":\"ImageObject\",\"inLanguage\":\"fi\",\"@id\":\"https:\\\/\\\/aktialiiga.fi\\\/miehet\\\/#\\\/schema\\\/logo\\\/image\\\/\",\"url\":\"https:\\\/\\\/i0.wp.com\\\/aktialiiga.fi\\\/miehet\\\/wp-content\\\/uploads\\\/sites\\\/5\\\/2024\\\/09\\\/Aktialiiga-Yoast-512.png?fit=512%2C512&ssl=1\",\"contentUrl\":\"https:\\\/\\\/i0.wp.com\\\/aktialiiga.fi\\\/miehet\\\/wp-content\\\/uploads\\\/sites\\\/5\\\/2024\\\/09\\\/Aktialiiga-Yoast-512.png?fit=512%2C512&ssl=1\",\"width\":512,\"height\":512,\"caption\":\"K\u00e4sipallon miesten Aktialiiga\"},\"image\":{\"@id\":\"https:\\\/\\\/aktialiiga.fi\\\/miehet\\\/#\\\/schema\\\/logo\\\/image\\\/\"},\"sameAs\":[\"https:\\\/\\\/www.facebook.com\\\/finnhandball\",\"https:\\\/\\\/x.com\\\/finnhandball\",\"https:\\\/\\\/www.instagram.com\\\/handballfinland\\\/\"]},{\"@type\":\"Person\",\"@id\":\"https:\\\/\\\/aktialiiga.fi\\\/miehet\\\/#\\\/schema\\\/person\\\/c14bf42f47041db74603c45afcb18d87\",\"name\":\"tbrmedia\",\"image\":{\"@type\":\"ImageObject\",\"inLanguage\":\"fi\",\"@id\":\"https:\\\/\\\/secure.gravatar.com\\\/avatar\\\/ee975fa091fe581d12b60debb3439022686618368a7c142044c56724d4666b16?s=96&d=mm&r=g\",\"url\":\"https:\\\/\\\/secure.gravatar.com\\\/avatar\\\/ee975fa091fe581d12b60debb3439022686618368a7c142044c56724d4666b16?s=96&d=mm&r=g\",\"contentUrl\":\"https:\\\/\\\/secure.gravatar.com\\\/avatar\\\/ee975fa091fe581d12b60debb3439022686618368a7c142044c56724d4666b16?s=96&d=mm&r=g\",\"caption\":\"tbrmedia\"}}]}<\/script>\n<!-- \/ Yoast SEO plugin. -->","yoast_head_json":{"title":"Tiivis lauantai-iltap\u00e4iv\u00e4 edess\u00e4 SM-liigassa | K\u00e4sipallon miesten Aktialiiga","robots":{"index":"index","follow":"follow","max-snippet":"max-snippet:-1","max-image-preview":"max-image-preview:large","max-video-preview":"max-video-preview:-1"},"canonical":"https:\/\/aktialiiga.fi\/miehet\/2021-2022\/ennakot-kausi-21-22\/tiivis-lauantai-iltapaiva-edessa-sm-liigassa-2\/","og_locale":"fi_FI","og_type":"article","og_title":"Tiivis lauantai-iltap\u00e4iv\u00e4 edess\u00e4 SM-liigassa | K\u00e4sipallon miesten Aktialiiga","og_description":"SM-liigan kauden 2021-22 runkosarja alkaa k\u00e4\u00e4nty\u00e4 loppusuoralleen ja lauantaina pelataan kolme t\u00e4rke\u00e4\u00e4 ottelua. Ylemm\u00e4n jatkosarjan paikan ovat jo varmistaneet Dicken, Cocks ja BK-46, joiden keskin\u00e4inen j\u00e4rjestys on kuitenkin viel\u00e4 t\u00e4ysin avoinna. Nelj\u00e4nness\u00e4 paikassa ylemm\u00e4ss\u00e4 jatkosarjassa on tiukimmin kiinni GrIFK, joka voi sinet\u00f6id\u00e4 nelj\u00e4nnen sijansa jo lauantain otteluissa. Lauantai k\u00e4ynnistyy Turusta, jossa vastakkain ovat \u00c5IFK ja [&hellip;]","og_url":"https:\/\/aktialiiga.fi\/miehet\/2021-2022\/ennakot-kausi-21-22\/tiivis-lauantai-iltapaiva-edessa-sm-liigassa-2\/","og_site_name":"K\u00e4sipallon miesten Aktialiiga","article_publisher":"https:\/\/www.facebook.com\/finnhandball","article_published_time":"2021-12-10T11:23:20+00:00","og_image":[{"width":1192,"height":478,"url":"https:\/\/i0.wp.com\/aktialiiga.fi\/miehet\/wp-content\/uploads\/sites\/5\/2021\/10\/BK46_pelaajia_2122.jpg?fit=1192%2C478&ssl=1","type":"image\/jpeg"}],"author":"tbrmedia","twitter_card":"summary_large_image","twitter_creator":"@finnhandball","twitter_site":"@finnhandball","schema":{"@context":"https:\/\/schema.org","@graph":[{"@type":"Article","@id":"https:\/\/aktialiiga.fi\/miehet\/2021-2022\/ennakot-kausi-21-22\/tiivis-lauantai-iltapaiva-edessa-sm-liigassa-2\/#article","isPartOf":{"@id":"https:\/\/aktialiiga.fi\/miehet\/2021-2022\/ennakot-kausi-21-22\/tiivis-lauantai-iltapaiva-edessa-sm-liigassa-2\/"},"author":{"name":"tbrmedia","@id":"https:\/\/aktialiiga.fi\/miehet\/#\/schema\/person\/c14bf42f47041db74603c45afcb18d87"},"headline":"Tiivis lauantai-iltap\u00e4iv\u00e4 edess\u00e4 SM-liigassa","datePublished":"2021-12-10T11:23:20+00:00","mainEntityOfPage":{"@id":"https:\/\/aktialiiga.fi\/miehet\/2021-2022\/ennakot-kausi-21-22\/tiivis-lauantai-iltapaiva-edessa-sm-liigassa-2\/"},"wordCount":396,"publisher":{"@id":"https:\/\/aktialiiga.fi\/miehet\/#organization"},"image":{"@id":"https:\/\/aktialiiga.fi\/miehet\/2021-2022\/ennakot-kausi-21-22\/tiivis-lauantai-iltapaiva-edessa-sm-liigassa-2\/#primaryimage"},"thumbnailUrl":"https:\/\/i0.wp.com\/aktialiiga.fi\/miehet\/wp-content\/uploads\/sites\/5\/2021\/10\/BK46_pelaajia_2122.jpg?fit=1192%2C478&ssl=1","keywords":["\u00c5IFK","BK-46","Cocks","GrIFK","HIFK","SIF"],"articleSection":["Ennakot"],"inLanguage":"fi"},{"@type":"WebPage","@id":"https:\/\/aktialiiga.fi\/miehet\/2021-2022\/ennakot-kausi-21-22\/tiivis-lauantai-iltapaiva-edessa-sm-liigassa-2\/","url":"https:\/\/aktialiiga.fi\/miehet\/2021-2022\/ennakot-kausi-21-22\/tiivis-lauantai-iltapaiva-edessa-sm-liigassa-2\/","name":"Tiivis lauantai-iltap\u00e4iv\u00e4 edess\u00e4 SM-liigassa | K\u00e4sipallon miesten Aktialiiga","isPartOf":{"@id":"https:\/\/aktialiiga.fi\/miehet\/#website"},"primaryImageOfPage":{"@id":"https:\/\/aktialiiga.fi\/miehet\/2021-2022\/ennakot-kausi-21-22\/tiivis-lauantai-iltapaiva-edessa-sm-liigassa-2\/#primaryimage"},"image":{"@id":"https:\/\/aktialiiga.fi\/miehet\/2021-2022\/ennakot-kausi-21-22\/tiivis-lauantai-iltapaiva-edessa-sm-liigassa-2\/#primaryimage"},"thumbnailUrl":"https:\/\/i0.wp.com\/aktialiiga.fi\/miehet\/wp-content\/uploads\/sites\/5\/2021\/10\/BK46_pelaajia_2122.jpg?fit=1192%2C478&ssl=1","datePublished":"2021-12-10T11:23:20+00:00","breadcrumb":{"@id":"https:\/\/aktialiiga.fi\/miehet\/2021-2022\/ennakot-kausi-21-22\/tiivis-lauantai-iltapaiva-edessa-sm-liigassa-2\/#breadcrumb"},"inLanguage":"fi","potentialAction":[{"@type":"ReadAction","target":["https:\/\/aktialiiga.fi\/miehet\/2021-2022\/ennakot-kausi-21-22\/tiivis-lauantai-iltapaiva-edessa-sm-liigassa-2\/"]}]},{"@type":"ImageObject","inLanguage":"fi","@id":"https:\/\/aktialiiga.fi\/miehet\/2021-2022\/ennakot-kausi-21-22\/tiivis-lauantai-iltapaiva-edessa-sm-liigassa-2\/#primaryimage","url":"https:\/\/i0.wp.com\/aktialiiga.fi\/miehet\/wp-content\/uploads\/sites\/5\/2021\/10\/BK46_pelaajia_2122.jpg?fit=1192%2C478&ssl=1","contentUrl":"https:\/\/i0.wp.com\/aktialiiga.fi\/miehet\/wp-content\/uploads\/sites\/5\/2021\/10\/BK46_pelaajia_2122.jpg?fit=1192%2C478&ssl=1","width":1192,"height":478,"caption":"k\u00e4sipallon miesten SM-liigan ottelussa BK-46 - \u00c5IFK Karjaan Urheiluhalli 25. syyskuuta 2021. (Kalle Parkkinen\/Newspix24)"},{"@type":"BreadcrumbList","@id":"https:\/\/aktialiiga.fi\/miehet\/2021-2022\/ennakot-kausi-21-22\/tiivis-lauantai-iltapaiva-edessa-sm-liigassa-2\/#breadcrumb","itemListElement":[{"@type":"ListItem","position":1,"name":"Etusivu","item":"https:\/\/aktialiiga.fi\/miehet\/"},{"@type":"ListItem","position":2,"name":"Tiivis lauantai-iltap\u00e4iv\u00e4 edess\u00e4 SM-liigassa"}]},{"@type":"WebSite","@id":"https:\/\/aktialiiga.fi\/miehet\/#website","url":"https:\/\/aktialiiga.fi\/miehet\/","name":"K\u00e4sipallon miesten Aktialiiga","description":"Valtakunnan vauhdikkainta palloilua!","publisher":{"@id":"https:\/\/aktialiiga.fi\/miehet\/#organization"},"potentialAction":[{"@type":"SearchAction","target":{"@type":"EntryPoint","urlTemplate":"https:\/\/aktialiiga.fi\/miehet\/?s={search_term_string}"},"query-input":{"@type":"PropertyValueSpecification","valueRequired":true,"valueName":"search_term_string"}}],"inLanguage":"fi"},{"@type":"Organization","@id":"https:\/\/aktialiiga.fi\/miehet\/#organization","name":"K\u00e4sipallon miesten Aktialiiga","url":"https:\/\/aktialiiga.fi\/miehet\/","logo":{"@type":"ImageObject","inLanguage":"fi","@id":"https:\/\/aktialiiga.fi\/miehet\/#\/schema\/logo\/image\/","url":"https:\/\/i0.wp.com\/aktialiiga.fi\/miehet\/wp-content\/uploads\/sites\/5\/2024\/09\/Aktialiiga-Yoast-512.png?fit=512%2C512&ssl=1","contentUrl":"https:\/\/i0.wp.com\/aktialiiga.fi\/miehet\/wp-content\/uploads\/sites\/5\/2024\/09\/Aktialiiga-Yoast-512.png?fit=512%2C512&ssl=1","width":512,"height":512,"caption":"K\u00e4sipallon miesten Aktialiiga"},"image":{"@id":"https:\/\/aktialiiga.fi\/miehet\/#\/schema\/logo\/image\/"},"sameAs":["https:\/\/www.facebook.com\/finnhandball","https:\/\/x.com\/finnhandball","https:\/\/www.instagram.com\/handballfinland\/"]},{"@type":"Person","@id":"https:\/\/aktialiiga.fi\/miehet\/#\/schema\/person\/c14bf42f47041db74603c45afcb18d87","name":"tbrmedia","image":{"@type":"ImageObject","inLanguage":"fi","@id":"https:\/\/secure.gravatar.com\/avatar\/ee975fa091fe581d12b60debb3439022686618368a7c142044c56724d4666b16?s=96&d=mm&r=g","url":"https:\/\/secure.gravatar.com\/avatar\/ee975fa091fe581d12b60debb3439022686618368a7c142044c56724d4666b16?s=96&d=mm&r=g","contentUrl":"https:\/\/secure.gravatar.com\/avatar\/ee975fa091fe581d12b60debb3439022686618368a7c142044c56724d4666b16?s=96&d=mm&r=g","caption":"tbrmedia"}}]}},"jetpack_featured_media_url":"https:\/\/i0.wp.com\/aktialiiga.fi\/miehet\/wp-content\/uploads\/sites\/5\/2021\/10\/BK46_pelaajia_2122.jpg?fit=1192%2C478&ssl=1","jetpack_sharing_enabled":true,"jetpack_shortlink":"https:\/\/wp.me\/pfTxOr-86A","_links":{"self":[{"href":"https:\/\/aktialiiga.fi\/miehet\/wp-json\/wp\/v2\/posts\/31160","targetHints":{"allow":["GET"]}}],"collection":[{"href":"https:\/\/aktialiiga.fi\/miehet\/wp-json\/wp\/v2\/posts"}],"about":[{"href":"https:\/\/aktialiiga.fi\/miehet\/wp-json\/wp\/v2\/types\/post"}],"author":[{"embeddable":true,"href":"https:\/\/aktialiiga.fi\/miehet\/wp-json\/wp\/v2\/users\/13"}],"replies":[{"embeddable":true,"href":"https:\/\/aktialiiga.fi\/miehet\/wp-json\/wp\/v2\/comments?post=31160"}],"version-history":[{"count":0,"href":"https:\/\/aktialiiga.fi\/miehet\/wp-json\/wp\/v2\/posts\/31160\/revisions"}],"wp:featuredmedia":[{"embeddable":true,"href":"https:\/\/aktialiiga.fi\/miehet\/wp-json\/wp\/v2\/media\/30594"}],"wp:attachment":[{"href":"https:\/\/aktialiiga.fi\/miehet\/wp-json\/wp\/v2\/media?parent=31160"}],"wp:term":[{"taxonomy":"category","embeddable":true,"href":"https:\/\/aktialiiga.fi\/miehet\/wp-json\/wp\/v2\/categories?post=31160"},{"taxonomy":"post_tag","embeddable":true,"href":"https:\/\/aktialiiga.fi\/miehet\/wp-json\/wp\/v2\/tags?post=31160"}],"curies":[{"name":"wp","href":"https:\/\/api.w.org\/{rel}","templated":true}]}}