{"id":3295,"date":"2012-05-23T10:14:14","date_gmt":"2012-05-23T07:14:14","guid":{"rendered":"http:\/\/www.handisliiga.fi\/?p=3295"},"modified":"2018-03-15T14:38:22","modified_gmt":"2018-03-15T12:38:22","slug":"sten-toomla-siirtyy-aifkn-riveihin","status":"publish","type":"post","link":"https:\/\/aktialiiga.fi\/miehet\/ajankohtaista\/sten-toomla-siirtyy-aifkn-riveihin\/","title":{"rendered":"Sten Toomla siirtyy \u00c5IFK:n riveihin"},"content":{"rendered":"<p>Edelt\u00e4v\u00e4t kolme kautta vasenk\u00e4tinen takamies on edustanut menestyksekk\u00e4\u00e4sti HIFK:ta.<\/p>\n<p><!--more--><\/p>\n<p>Virolainen k\u00e4sipalloilija Sten Toomla (23) ja HF \u00c5IFK ovat tehneet sopimuksen kaudeksi 2012\/2013. Osapuolet ovat my\u00f6s neuvotelleet mahdollisesta jatkokaudesta 2013\/2014.<\/p>\n<p>Sten Toomla on voimakas, vasenk\u00e4tinen pakki, joka edellisen\u00e4 kautena teki 162 maalia ja sijoittui SM-Liigan maalitilastossatilastossa kuudenneksi.<\/p>\n<p>-Nyt olemme l\u00f6yt\u00e4neet\u00a0etsim\u00e4mme vasenk\u00e4tisen pakin. H\u00e4n on vahva sek\u00e4 puolustus- ett\u00e4 hy\u00f6kk\u00e4yspeliss\u00e4 ja h\u00e4nell\u00e4 on erinomainen pelisilm\u00e4, sanoo \u00c5IFK:n valmentaja Thomas Hivert.<\/p>\n<div id=\"attachment_3298\" style=\"width: 237px\" class=\"wp-caption alignright\"><img data-recalc-dims=\"1\" decoding=\"async\" aria-describedby=\"caption-attachment-3298\" class=\"size-full wp-image-3298\" title=\"sten toomla\" src=\"https:\/\/i0.wp.com\/aktialiiga.fi\/wp-content\/uploads\/sites\/5\/2012\/05\/sten-toomla.jpg?resize=227%2C246&#038;ssl=1\" alt=\"\" width=\"227\" height=\"246\" \/><p id=\"caption-attachment-3298\" class=\"wp-caption-text\">(kuva: Ott J\u00e4rvela)<\/p><\/div>\n<p>Toomla aloitti k\u00e4sipallouransa vuonna 2001 ja on edustanut kotimaassaan Reval Sportia. Vuonna 2008 Sten pelasi kreikkalaisseura A.S.E Doukasissa, joka oli mukana Mestareiden Liigassa. Osumia Mestarien Liigassa on syntynyt yhteens\u00e4 kahdeksan.<\/p>\n<p>Vuosina 2004-09 Toomla pelasi Viron nuorten maajoukkueessa, joka ylsi hyviin tuloksiin Euroopassa. Viron A-maajoukkuessa h\u00e4n on ollut mukana vuosina 2009-2011.<\/p>\n<p>&nbsp;<\/p>\n","protected":false},"excerpt":{"rendered":"<p>Edelt\u00e4v\u00e4t kolme kautta vasenk\u00e4tinen takamies on edustanut menestyksekk\u00e4\u00e4sti HIFK:ta.<\/p>\n","protected":false},"author":13,"featured_media":192,"comment_status":"closed","ping_status":"closed","sticky":false,"template":"","format":"standard","meta":{"_acf_changed":false,"jetpack_post_was_ever_published":false,"_jetpack_newsletter_access":"","_jetpack_dont_email_post_to_subs":false,"_jetpack_newsletter_tier_id":0,"_jetpack_memberships_contains_paywalled_content":false,"_jetpack_memberships_contains_paid_content":false,"footnotes":""},"categories":[2],"tags":[50,71],"class_list":["post-3295","post","type-post","status-publish","format-standard","has-post-thumbnail","hentry","category-ajankohtaista","tag-aifk","tag-hifk"],"acf":[],"yoast_head":"<!-- This site is optimized with the Yoast SEO plugin v27.5 - https:\/\/yoast.com\/product\/yoast-seo-wordpress\/ -->\n<title>Sten Toomla siirtyy \u00c5IFK:n riveihin | K\u00e4sipallon miesten Aktialiiga<\/title>\n<meta name=\"robots\" content=\"index, follow, max-snippet:-1, max-image-preview:large, max-video-preview:-1\" \/>\n<link rel=\"canonical\" href=\"https:\/\/aktialiiga.fi\/miehet\/ajankohtaista\/sten-toomla-siirtyy-aifkn-riveihin\/\" \/>\n<meta property=\"og:locale\" content=\"fi_FI\" \/>\n<meta property=\"og:type\" content=\"article\" \/>\n<meta property=\"og:title\" content=\"Sten Toomla siirtyy \u00c5IFK:n riveihin | K\u00e4sipallon miesten Aktialiiga\" \/>\n<meta property=\"og:description\" content=\"Edelt\u00e4v\u00e4t kolme kautta vasenk\u00e4tinen takamies on edustanut menestyksekk\u00e4\u00e4sti HIFK:ta.\" \/>\n<meta property=\"og:url\" content=\"https:\/\/aktialiiga.fi\/miehet\/ajankohtaista\/sten-toomla-siirtyy-aifkn-riveihin\/\" \/>\n<meta property=\"og:site_name\" content=\"K\u00e4sipallon miesten Aktialiiga\" \/>\n<meta property=\"article:publisher\" content=\"https:\/\/www.facebook.com\/finnhandball\" \/>\n<meta property=\"article:published_time\" content=\"2012-05-23T07:14:14+00:00\" \/>\n<meta property=\"article:modified_time\" content=\"2018-03-15T12:38:22+00:00\" \/>\n<meta property=\"og:image\" content=\"https:\/\/i0.wp.com\/aktialiiga.fi\/miehet\/wp-content\/uploads\/sites\/5\/2011\/09\/logo-aifk.gif?fit=92%2C110&ssl=1\" \/>\n\t<meta property=\"og:image:width\" content=\"92\" \/>\n\t<meta property=\"og:image:height\" content=\"110\" \/>\n\t<meta property=\"og:image:type\" content=\"image\/gif\" \/>\n<meta name=\"author\" content=\"tbrmedia\" \/>\n<meta name=\"twitter:card\" content=\"summary_large_image\" \/>\n<meta name=\"twitter:creator\" content=\"@finnhandball\" \/>\n<meta name=\"twitter:site\" content=\"@finnhandball\" \/>\n<script type=\"application\/ld+json\" class=\"yoast-schema-graph\">{\"@context\":\"https:\\\/\\\/schema.org\",\"@graph\":[{\"@type\":\"Article\",\"@id\":\"https:\\\/\\\/aktialiiga.fi\\\/miehet\\\/ajankohtaista\\\/sten-toomla-siirtyy-aifkn-riveihin\\\/#article\",\"isPartOf\":{\"@id\":\"https:\\\/\\\/aktialiiga.fi\\\/miehet\\\/ajankohtaista\\\/sten-toomla-siirtyy-aifkn-riveihin\\\/\"},\"author\":{\"name\":\"tbrmedia\",\"@id\":\"https:\\\/\\\/aktialiiga.fi\\\/miehet\\\/#\\\/schema\\\/person\\\/c14bf42f47041db74603c45afcb18d87\"},\"headline\":\"Sten Toomla siirtyy \u00c5IFK:n riveihin\",\"datePublished\":\"2012-05-23T07:14:14+00:00\",\"dateModified\":\"2018-03-15T12:38:22+00:00\",\"mainEntityOfPage\":{\"@id\":\"https:\\\/\\\/aktialiiga.fi\\\/miehet\\\/ajankohtaista\\\/sten-toomla-siirtyy-aifkn-riveihin\\\/\"},\"wordCount\":153,\"publisher\":{\"@id\":\"https:\\\/\\\/aktialiiga.fi\\\/miehet\\\/#organization\"},\"image\":{\"@id\":\"https:\\\/\\\/aktialiiga.fi\\\/miehet\\\/ajankohtaista\\\/sten-toomla-siirtyy-aifkn-riveihin\\\/#primaryimage\"},\"thumbnailUrl\":\"https:\\\/\\\/i0.wp.com\\\/aktialiiga.fi\\\/miehet\\\/wp-content\\\/uploads\\\/sites\\\/5\\\/2011\\\/09\\\/logo-aifk.gif?fit=92%2C110&ssl=1\",\"keywords\":[\"\u00c5IFK\",\"HIFK\"],\"articleSection\":[\"Ajankohtaista\"],\"inLanguage\":\"fi\"},{\"@type\":\"WebPage\",\"@id\":\"https:\\\/\\\/aktialiiga.fi\\\/miehet\\\/ajankohtaista\\\/sten-toomla-siirtyy-aifkn-riveihin\\\/\",\"url\":\"https:\\\/\\\/aktialiiga.fi\\\/miehet\\\/ajankohtaista\\\/sten-toomla-siirtyy-aifkn-riveihin\\\/\",\"name\":\"Sten Toomla siirtyy \u00c5IFK:n riveihin | K\u00e4sipallon miesten Aktialiiga\",\"isPartOf\":{\"@id\":\"https:\\\/\\\/aktialiiga.fi\\\/miehet\\\/#website\"},\"primaryImageOfPage\":{\"@id\":\"https:\\\/\\\/aktialiiga.fi\\\/miehet\\\/ajankohtaista\\\/sten-toomla-siirtyy-aifkn-riveihin\\\/#primaryimage\"},\"image\":{\"@id\":\"https:\\\/\\\/aktialiiga.fi\\\/miehet\\\/ajankohtaista\\\/sten-toomla-siirtyy-aifkn-riveihin\\\/#primaryimage\"},\"thumbnailUrl\":\"https:\\\/\\\/i0.wp.com\\\/aktialiiga.fi\\\/miehet\\\/wp-content\\\/uploads\\\/sites\\\/5\\\/2011\\\/09\\\/logo-aifk.gif?fit=92%2C110&ssl=1\",\"datePublished\":\"2012-05-23T07:14:14+00:00\",\"dateModified\":\"2018-03-15T12:38:22+00:00\",\"breadcrumb\":{\"@id\":\"https:\\\/\\\/aktialiiga.fi\\\/miehet\\\/ajankohtaista\\\/sten-toomla-siirtyy-aifkn-riveihin\\\/#breadcrumb\"},\"inLanguage\":\"fi\",\"potentialAction\":[{\"@type\":\"ReadAction\",\"target\":[\"https:\\\/\\\/aktialiiga.fi\\\/miehet\\\/ajankohtaista\\\/sten-toomla-siirtyy-aifkn-riveihin\\\/\"]}]},{\"@type\":\"ImageObject\",\"inLanguage\":\"fi\",\"@id\":\"https:\\\/\\\/aktialiiga.fi\\\/miehet\\\/ajankohtaista\\\/sten-toomla-siirtyy-aifkn-riveihin\\\/#primaryimage\",\"url\":\"https:\\\/\\\/i0.wp.com\\\/aktialiiga.fi\\\/miehet\\\/wp-content\\\/uploads\\\/sites\\\/5\\\/2011\\\/09\\\/logo-aifk.gif?fit=92%2C110&ssl=1\",\"contentUrl\":\"https:\\\/\\\/i0.wp.com\\\/aktialiiga.fi\\\/miehet\\\/wp-content\\\/uploads\\\/sites\\\/5\\\/2011\\\/09\\\/logo-aifk.gif?fit=92%2C110&ssl=1\",\"width\":92,\"height\":110,\"caption\":\"\u00c5IFK, Turku\"},{\"@type\":\"BreadcrumbList\",\"@id\":\"https:\\\/\\\/aktialiiga.fi\\\/miehet\\\/ajankohtaista\\\/sten-toomla-siirtyy-aifkn-riveihin\\\/#breadcrumb\",\"itemListElement\":[{\"@type\":\"ListItem\",\"position\":1,\"name\":\"Etusivu\",\"item\":\"https:\\\/\\\/aktialiiga.fi\\\/miehet\\\/\"},{\"@type\":\"ListItem\",\"position\":2,\"name\":\"Sten Toomla siirtyy \u00c5IFK:n riveihin\"}]},{\"@type\":\"WebSite\",\"@id\":\"https:\\\/\\\/aktialiiga.fi\\\/miehet\\\/#website\",\"url\":\"https:\\\/\\\/aktialiiga.fi\\\/miehet\\\/\",\"name\":\"K\u00e4sipallon miesten Aktialiiga\",\"description\":\"Valtakunnan vauhdikkainta palloilua!\",\"publisher\":{\"@id\":\"https:\\\/\\\/aktialiiga.fi\\\/miehet\\\/#organization\"},\"potentialAction\":[{\"@type\":\"SearchAction\",\"target\":{\"@type\":\"EntryPoint\",\"urlTemplate\":\"https:\\\/\\\/aktialiiga.fi\\\/miehet\\\/?s={search_term_string}\"},\"query-input\":{\"@type\":\"PropertyValueSpecification\",\"valueRequired\":true,\"valueName\":\"search_term_string\"}}],\"inLanguage\":\"fi\"},{\"@type\":\"Organization\",\"@id\":\"https:\\\/\\\/aktialiiga.fi\\\/miehet\\\/#organization\",\"name\":\"K\u00e4sipallon miesten Aktialiiga\",\"url\":\"https:\\\/\\\/aktialiiga.fi\\\/miehet\\\/\",\"logo\":{\"@type\":\"ImageObject\",\"inLanguage\":\"fi\",\"@id\":\"https:\\\/\\\/aktialiiga.fi\\\/miehet\\\/#\\\/schema\\\/logo\\\/image\\\/\",\"url\":\"https:\\\/\\\/i0.wp.com\\\/aktialiiga.fi\\\/miehet\\\/wp-content\\\/uploads\\\/sites\\\/5\\\/2024\\\/09\\\/Aktialiiga-Yoast-512.png?fit=512%2C512&ssl=1\",\"contentUrl\":\"https:\\\/\\\/i0.wp.com\\\/aktialiiga.fi\\\/miehet\\\/wp-content\\\/uploads\\\/sites\\\/5\\\/2024\\\/09\\\/Aktialiiga-Yoast-512.png?fit=512%2C512&ssl=1\",\"width\":512,\"height\":512,\"caption\":\"K\u00e4sipallon miesten Aktialiiga\"},\"image\":{\"@id\":\"https:\\\/\\\/aktialiiga.fi\\\/miehet\\\/#\\\/schema\\\/logo\\\/image\\\/\"},\"sameAs\":[\"https:\\\/\\\/www.facebook.com\\\/finnhandball\",\"https:\\\/\\\/x.com\\\/finnhandball\",\"https:\\\/\\\/www.instagram.com\\\/handballfinland\\\/\"]},{\"@type\":\"Person\",\"@id\":\"https:\\\/\\\/aktialiiga.fi\\\/miehet\\\/#\\\/schema\\\/person\\\/c14bf42f47041db74603c45afcb18d87\",\"name\":\"tbrmedia\",\"image\":{\"@type\":\"ImageObject\",\"inLanguage\":\"fi\",\"@id\":\"https:\\\/\\\/secure.gravatar.com\\\/avatar\\\/ee975fa091fe581d12b60debb3439022686618368a7c142044c56724d4666b16?s=96&d=mm&r=g\",\"url\":\"https:\\\/\\\/secure.gravatar.com\\\/avatar\\\/ee975fa091fe581d12b60debb3439022686618368a7c142044c56724d4666b16?s=96&d=mm&r=g\",\"contentUrl\":\"https:\\\/\\\/secure.gravatar.com\\\/avatar\\\/ee975fa091fe581d12b60debb3439022686618368a7c142044c56724d4666b16?s=96&d=mm&r=g\",\"caption\":\"tbrmedia\"}}]}<\/script>\n<!-- \/ Yoast SEO plugin. -->","yoast_head_json":{"title":"Sten Toomla siirtyy \u00c5IFK:n riveihin | K\u00e4sipallon miesten Aktialiiga","robots":{"index":"index","follow":"follow","max-snippet":"max-snippet:-1","max-image-preview":"max-image-preview:large","max-video-preview":"max-video-preview:-1"},"canonical":"https:\/\/aktialiiga.fi\/miehet\/ajankohtaista\/sten-toomla-siirtyy-aifkn-riveihin\/","og_locale":"fi_FI","og_type":"article","og_title":"Sten Toomla siirtyy \u00c5IFK:n riveihin | K\u00e4sipallon miesten Aktialiiga","og_description":"Edelt\u00e4v\u00e4t kolme kautta vasenk\u00e4tinen takamies on edustanut menestyksekk\u00e4\u00e4sti HIFK:ta.","og_url":"https:\/\/aktialiiga.fi\/miehet\/ajankohtaista\/sten-toomla-siirtyy-aifkn-riveihin\/","og_site_name":"K\u00e4sipallon miesten Aktialiiga","article_publisher":"https:\/\/www.facebook.com\/finnhandball","article_published_time":"2012-05-23T07:14:14+00:00","article_modified_time":"2018-03-15T12:38:22+00:00","og_image":[{"width":92,"height":110,"url":"https:\/\/i0.wp.com\/aktialiiga.fi\/miehet\/wp-content\/uploads\/sites\/5\/2011\/09\/logo-aifk.gif?fit=92%2C110&ssl=1","type":"image\/gif"}],"author":"tbrmedia","twitter_card":"summary_large_image","twitter_creator":"@finnhandball","twitter_site":"@finnhandball","schema":{"@context":"https:\/\/schema.org","@graph":[{"@type":"Article","@id":"https:\/\/aktialiiga.fi\/miehet\/ajankohtaista\/sten-toomla-siirtyy-aifkn-riveihin\/#article","isPartOf":{"@id":"https:\/\/aktialiiga.fi\/miehet\/ajankohtaista\/sten-toomla-siirtyy-aifkn-riveihin\/"},"author":{"name":"tbrmedia","@id":"https:\/\/aktialiiga.fi\/miehet\/#\/schema\/person\/c14bf42f47041db74603c45afcb18d87"},"headline":"Sten Toomla siirtyy \u00c5IFK:n riveihin","datePublished":"2012-05-23T07:14:14+00:00","dateModified":"2018-03-15T12:38:22+00:00","mainEntityOfPage":{"@id":"https:\/\/aktialiiga.fi\/miehet\/ajankohtaista\/sten-toomla-siirtyy-aifkn-riveihin\/"},"wordCount":153,"publisher":{"@id":"https:\/\/aktialiiga.fi\/miehet\/#organization"},"image":{"@id":"https:\/\/aktialiiga.fi\/miehet\/ajankohtaista\/sten-toomla-siirtyy-aifkn-riveihin\/#primaryimage"},"thumbnailUrl":"https:\/\/i0.wp.com\/aktialiiga.fi\/miehet\/wp-content\/uploads\/sites\/5\/2011\/09\/logo-aifk.gif?fit=92%2C110&ssl=1","keywords":["\u00c5IFK","HIFK"],"articleSection":["Ajankohtaista"],"inLanguage":"fi"},{"@type":"WebPage","@id":"https:\/\/aktialiiga.fi\/miehet\/ajankohtaista\/sten-toomla-siirtyy-aifkn-riveihin\/","url":"https:\/\/aktialiiga.fi\/miehet\/ajankohtaista\/sten-toomla-siirtyy-aifkn-riveihin\/","name":"Sten Toomla siirtyy \u00c5IFK:n riveihin | K\u00e4sipallon miesten Aktialiiga","isPartOf":{"@id":"https:\/\/aktialiiga.fi\/miehet\/#website"},"primaryImageOfPage":{"@id":"https:\/\/aktialiiga.fi\/miehet\/ajankohtaista\/sten-toomla-siirtyy-aifkn-riveihin\/#primaryimage"},"image":{"@id":"https:\/\/aktialiiga.fi\/miehet\/ajankohtaista\/sten-toomla-siirtyy-aifkn-riveihin\/#primaryimage"},"thumbnailUrl":"https:\/\/i0.wp.com\/aktialiiga.fi\/miehet\/wp-content\/uploads\/sites\/5\/2011\/09\/logo-aifk.gif?fit=92%2C110&ssl=1","datePublished":"2012-05-23T07:14:14+00:00","dateModified":"2018-03-15T12:38:22+00:00","breadcrumb":{"@id":"https:\/\/aktialiiga.fi\/miehet\/ajankohtaista\/sten-toomla-siirtyy-aifkn-riveihin\/#breadcrumb"},"inLanguage":"fi","potentialAction":[{"@type":"ReadAction","target":["https:\/\/aktialiiga.fi\/miehet\/ajankohtaista\/sten-toomla-siirtyy-aifkn-riveihin\/"]}]},{"@type":"ImageObject","inLanguage":"fi","@id":"https:\/\/aktialiiga.fi\/miehet\/ajankohtaista\/sten-toomla-siirtyy-aifkn-riveihin\/#primaryimage","url":"https:\/\/i0.wp.com\/aktialiiga.fi\/miehet\/wp-content\/uploads\/sites\/5\/2011\/09\/logo-aifk.gif?fit=92%2C110&ssl=1","contentUrl":"https:\/\/i0.wp.com\/aktialiiga.fi\/miehet\/wp-content\/uploads\/sites\/5\/2011\/09\/logo-aifk.gif?fit=92%2C110&ssl=1","width":92,"height":110,"caption":"\u00c5IFK, Turku"},{"@type":"BreadcrumbList","@id":"https:\/\/aktialiiga.fi\/miehet\/ajankohtaista\/sten-toomla-siirtyy-aifkn-riveihin\/#breadcrumb","itemListElement":[{"@type":"ListItem","position":1,"name":"Etusivu","item":"https:\/\/aktialiiga.fi\/miehet\/"},{"@type":"ListItem","position":2,"name":"Sten Toomla siirtyy \u00c5IFK:n riveihin"}]},{"@type":"WebSite","@id":"https:\/\/aktialiiga.fi\/miehet\/#website","url":"https:\/\/aktialiiga.fi\/miehet\/","name":"K\u00e4sipallon miesten Aktialiiga","description":"Valtakunnan vauhdikkainta palloilua!","publisher":{"@id":"https:\/\/aktialiiga.fi\/miehet\/#organization"},"potentialAction":[{"@type":"SearchAction","target":{"@type":"EntryPoint","urlTemplate":"https:\/\/aktialiiga.fi\/miehet\/?s={search_term_string}"},"query-input":{"@type":"PropertyValueSpecification","valueRequired":true,"valueName":"search_term_string"}}],"inLanguage":"fi"},{"@type":"Organization","@id":"https:\/\/aktialiiga.fi\/miehet\/#organization","name":"K\u00e4sipallon miesten Aktialiiga","url":"https:\/\/aktialiiga.fi\/miehet\/","logo":{"@type":"ImageObject","inLanguage":"fi","@id":"https:\/\/aktialiiga.fi\/miehet\/#\/schema\/logo\/image\/","url":"https:\/\/i0.wp.com\/aktialiiga.fi\/miehet\/wp-content\/uploads\/sites\/5\/2024\/09\/Aktialiiga-Yoast-512.png?fit=512%2C512&ssl=1","contentUrl":"https:\/\/i0.wp.com\/aktialiiga.fi\/miehet\/wp-content\/uploads\/sites\/5\/2024\/09\/Aktialiiga-Yoast-512.png?fit=512%2C512&ssl=1","width":512,"height":512,"caption":"K\u00e4sipallon miesten Aktialiiga"},"image":{"@id":"https:\/\/aktialiiga.fi\/miehet\/#\/schema\/logo\/image\/"},"sameAs":["https:\/\/www.facebook.com\/finnhandball","https:\/\/x.com\/finnhandball","https:\/\/www.instagram.com\/handballfinland\/"]},{"@type":"Person","@id":"https:\/\/aktialiiga.fi\/miehet\/#\/schema\/person\/c14bf42f47041db74603c45afcb18d87","name":"tbrmedia","image":{"@type":"ImageObject","inLanguage":"fi","@id":"https:\/\/secure.gravatar.com\/avatar\/ee975fa091fe581d12b60debb3439022686618368a7c142044c56724d4666b16?s=96&d=mm&r=g","url":"https:\/\/secure.gravatar.com\/avatar\/ee975fa091fe581d12b60debb3439022686618368a7c142044c56724d4666b16?s=96&d=mm&r=g","contentUrl":"https:\/\/secure.gravatar.com\/avatar\/ee975fa091fe581d12b60debb3439022686618368a7c142044c56724d4666b16?s=96&d=mm&r=g","caption":"tbrmedia"}}]}},"jetpack_featured_media_url":"https:\/\/i0.wp.com\/aktialiiga.fi\/miehet\/wp-content\/uploads\/sites\/5\/2011\/09\/logo-aifk.gif?fit=92%2C110&ssl=1","jetpack_sharing_enabled":true,"jetpack_shortlink":"https:\/\/wp.me\/pfTxOr-R9","_links":{"self":[{"href":"https:\/\/aktialiiga.fi\/miehet\/wp-json\/wp\/v2\/posts\/3295","targetHints":{"allow":["GET"]}}],"collection":[{"href":"https:\/\/aktialiiga.fi\/miehet\/wp-json\/wp\/v2\/posts"}],"about":[{"href":"https:\/\/aktialiiga.fi\/miehet\/wp-json\/wp\/v2\/types\/post"}],"author":[{"embeddable":true,"href":"https:\/\/aktialiiga.fi\/miehet\/wp-json\/wp\/v2\/users\/13"}],"replies":[{"embeddable":true,"href":"https:\/\/aktialiiga.fi\/miehet\/wp-json\/wp\/v2\/comments?post=3295"}],"version-history":[{"count":0,"href":"https:\/\/aktialiiga.fi\/miehet\/wp-json\/wp\/v2\/posts\/3295\/revisions"}],"wp:featuredmedia":[{"embeddable":true,"href":"https:\/\/aktialiiga.fi\/miehet\/wp-json\/wp\/v2\/media\/192"}],"wp:attachment":[{"href":"https:\/\/aktialiiga.fi\/miehet\/wp-json\/wp\/v2\/media?parent=3295"}],"wp:term":[{"taxonomy":"category","embeddable":true,"href":"https:\/\/aktialiiga.fi\/miehet\/wp-json\/wp\/v2\/categories?post=3295"},{"taxonomy":"post_tag","embeddable":true,"href":"https:\/\/aktialiiga.fi\/miehet\/wp-json\/wp\/v2\/tags?post=3295"}],"curies":[{"name":"wp","href":"https:\/\/api.w.org\/{rel}","templated":true}]}}