{"id":34829,"date":"2022-03-30T20:27:26","date_gmt":"2022-03-30T17:27:26","guid":{"rendered":"https:\/\/aktialiiga.fi\/miehet\/?p=34829"},"modified":"2022-03-30T21:09:15","modified_gmt":"2022-03-30T18:09:15","slug":"grifk-vakuuttavaan-voittoon-aifksta","status":"publish","type":"post","link":"https:\/\/aktialiiga.fi\/miehet\/2021-2022\/ottelut-2021-22\/grifk-vakuuttavaan-voittoon-aifksta\/","title":{"rendered":"GrIFK vakuuttavaan voittoon \u00c5IFK:sta"},"content":{"rendered":"<p>GrIFK:n ja \u00c5IFK:n v\u00e4linen puoliv\u00e4lier\u00e4sarja k\u00e4ynnistyi Granin vakuuttavalla kotivoitolla turkulaisesta kaimaseurastaan.<\/p>\n<p>Alun 2-2-tilanteen j\u00e4lkeen GrIFK nyk\u00e4isi nopeasti kuuden maalin eron ja otti tukevan otteen kamppailusta. Ero kasvoi v\u00e4hitellen avausjakson edetess\u00e4 ja tauolle menness\u00e4 is\u00e4ntien johto oli jo kahdeksan maalia.<\/p>\n<p>Kotijohto pysytteli samoissa numeroissa eli kymmenen maalin tuntumassa k\u00e4yt\u00e4nn\u00f6ss\u00e4 l\u00e4pi koko toisen jakson, eik\u00e4 \u00c5IFK pystynyt nousemaan toden teolla Grania en\u00e4\u00e4 haastamaan. N\u00e4in puoliv\u00e4lier\u00e4sarjan avausvoitto kirjattiin kauniaislaisten nimiin.<\/p>\n<p>GrIFK-piiskuri Mikael K\u00e4llman kiitteli joukkuettaan sovittujen asioiden tekemisest\u00e4 kent\u00e4ll\u00e4.<\/p>\n<p>&#8211; Oltiin keskusteltu ennen ottelua ett\u00e4 ollaan parempi joukkue, mutta meid\u00e4n t\u00e4ytyy pit\u00e4\u00e4 fokus kohdallaan ja tehd\u00e4 ty\u00f6. Siin\u00e4 pojat ehdottomasti onnistuivat t\u00e4n\u00e4\u00e4n, K\u00e4llman totesi tyytyv\u00e4isen\u00e4.<\/p>\n<p>\u00c5IFK:n p\u00e4\u00e4valmentaja Aku Kuusisto ei jakanut samoja tuntemuksia ja otti osan tappiosta omaan niskaansa.<\/p>\n<p>&#8211; Me ei oltu t\u00e4n\u00e4\u00e4n valmiita. Me unohdimme kaikki perusteet ja kun me emme ole henkisesti valmiita, niin otan kaiken syyn itselleni. Perjantaina kotikent\u00e4ll\u00e4 me ollaan paljon parempia, Kuusisto vakuutti.<\/p>\n<p>Ottelun parhaana pelaajana palkittiin Granin Carl Weurlander.<\/p>\n<p>&#8211; Niin kuin sanoin viime \u00c5bo-ottelun j\u00e4lkeen, meill\u00e4 on parempi leveys ja jaksetaan juosta enemm\u00e4n. Oltiin todella hyvin latautuneita ja juostiin karkuun heti alusta. Pidettiin sitten hyvin kiinni ottelusta ja saatiin kierr\u00e4tetty\u00e4 pelaajia. Ihan hyv\u00e4lt\u00e4 n\u00e4ytti t\u00e4m\u00e4n sarjan kannalta, Weurlander makusteli.<\/p>\n<p><strong><em>1. puoliv\u00e4lier\u00e4:<\/em><\/strong><br \/>\n<strong>GrIFK \u2013 \u00c5IFK 36-24 (22-14)<\/strong><\/p>\n<p><em>GrIFK johtaa otteluvoitoin 1-0.<\/em><\/p>\n<p><strong>Maalintekij\u00e4t<\/strong>: maalit (7m maalit)<br \/>\nGrIFK: Jere Kantee 8 (4), Carl Weurlander 6, Patrik L\u00e5ng 6, Robin Granlund 5 (1), Richard Sundberg 3, Alexander Qvist 2, Karim Mbembela 2, Fredrik von Troil 1, Atte Pakarinen 1, Miro Koljonen 1, Kalle Kankaanp\u00e4\u00e4 1<br \/>\n\u00c5IFK: Aleksandar Trenchevski 7, Peik Sj\u00f6blom 4, Eero Laine 4 (2), Isak Lehvonen 3, Andreas Nystr\u00f6m 1, Niklas Manderoos 1, Santeri Maijala 1, Valto Kuusisto 1, Kristian Jansson 1, Wilhelm Hammarberg 1<\/p>\n<p><strong>T\u00e4htipelaajat<\/strong><br \/>\nCarl Weurlander GrIFK 3<br \/>\nAtte Pakarinen GrIFK 2<br \/>\nPatrik L\u00e5ng GrIFK 1<\/p>\n<p><strong>2 min ulosajot sek\u00e4 pelist\u00e4 sulkemiset<\/strong><br \/>\nGrIFK: Fredrik Forss 2 x 2 min, Kalle Kankaanp\u00e4\u00e4 1 x 2 min, Karim Mbembela 1 x 2 min<br \/>\n\u00c5IFK: Aleksandar Trenchevski 1 x 2 min, Robin Mattsson 1 x 2 min, Wilhelm Hammarberg 1 x 2 min<\/p>\n<p><em>Erotuomarit<\/em>: Miro Korja &#8211; Christopher Mets\u00e4m\u00e4ki<\/p>\n<p><em>Yleis\u00f6\u00e4<\/em>: 179<\/p>\n","protected":false},"excerpt":{"rendered":"<p>GrIFK:n ja \u00c5IFK:n v\u00e4linen puoliv\u00e4lier\u00e4sarja k\u00e4ynnistyi Granin vakuuttavalla kotivoitolla turkulaisesta kaimaseurastaan. Alun 2-2-tilanteen j\u00e4lkeen GrIFK nyk\u00e4isi nopeasti kuuden maalin eron ja otti tukevan otteen kamppailusta. Ero kasvoi v\u00e4hitellen avausjakson edetess\u00e4 ja tauolle menness\u00e4 is\u00e4ntien johto oli jo kahdeksan maalia. Kotijohto pysytteli samoissa numeroissa eli kymmenen maalin tuntumassa k\u00e4yt\u00e4nn\u00f6ss\u00e4 l\u00e4pi koko toisen jakson, eik\u00e4 \u00c5IFK pystynyt [&hellip;]<\/p>\n","protected":false},"author":13,"featured_media":29923,"comment_status":"closed","ping_status":"closed","sticky":false,"template":"","format":"standard","meta":{"_acf_changed":false,"jetpack_post_was_ever_published":false,"_jetpack_newsletter_access":"","_jetpack_dont_email_post_to_subs":false,"_jetpack_newsletter_tier_id":0,"_jetpack_memberships_contains_paywalled_content":false,"_jetpack_memberships_contains_paid_content":false,"footnotes":""},"categories":[263],"tags":[50,64],"class_list":["post-34829","post","type-post","status-publish","format-standard","has-post-thumbnail","hentry","category-ottelut-2021-22","tag-aifk","tag-grifk"],"acf":[],"yoast_head":"<!-- This site is optimized with the Yoast SEO plugin v27.5 - https:\/\/yoast.com\/product\/yoast-seo-wordpress\/ -->\n<title>GrIFK vakuuttavaan voittoon \u00c5IFK:sta | K\u00e4sipallon miesten Aktialiiga<\/title>\n<meta name=\"robots\" content=\"index, follow, max-snippet:-1, max-image-preview:large, max-video-preview:-1\" \/>\n<link rel=\"canonical\" href=\"https:\/\/aktialiiga.fi\/miehet\/2021-2022\/ottelut-2021-22\/grifk-vakuuttavaan-voittoon-aifksta\/\" \/>\n<meta property=\"og:locale\" content=\"fi_FI\" \/>\n<meta property=\"og:type\" content=\"article\" \/>\n<meta property=\"og:title\" content=\"GrIFK vakuuttavaan voittoon \u00c5IFK:sta | K\u00e4sipallon miesten Aktialiiga\" \/>\n<meta property=\"og:description\" content=\"GrIFK:n ja \u00c5IFK:n v\u00e4linen puoliv\u00e4lier\u00e4sarja k\u00e4ynnistyi Granin vakuuttavalla kotivoitolla turkulaisesta kaimaseurastaan. Alun 2-2-tilanteen j\u00e4lkeen GrIFK nyk\u00e4isi nopeasti kuuden maalin eron ja otti tukevan otteen kamppailusta. Ero kasvoi v\u00e4hitellen avausjakson edetess\u00e4 ja tauolle menness\u00e4 is\u00e4ntien johto oli jo kahdeksan maalia. Kotijohto pysytteli samoissa numeroissa eli kymmenen maalin tuntumassa k\u00e4yt\u00e4nn\u00f6ss\u00e4 l\u00e4pi koko toisen jakson, eik\u00e4 \u00c5IFK pystynyt [&hellip;]\" \/>\n<meta property=\"og:url\" content=\"https:\/\/aktialiiga.fi\/miehet\/2021-2022\/ottelut-2021-22\/grifk-vakuuttavaan-voittoon-aifksta\/\" \/>\n<meta property=\"og:site_name\" content=\"K\u00e4sipallon miesten Aktialiiga\" \/>\n<meta property=\"article:publisher\" content=\"https:\/\/www.facebook.com\/finnhandball\" \/>\n<meta property=\"article:published_time\" content=\"2022-03-30T17:27:26+00:00\" \/>\n<meta property=\"article:modified_time\" content=\"2022-03-30T18:09:15+00:00\" \/>\n<meta property=\"og:image\" content=\"https:\/\/i0.wp.com\/aktialiiga.fi\/miehet\/wp-content\/uploads\/sites\/5\/2021\/09\/Weurlander_Carl_GrIFK_2122a.jpg?fit=1169%2C464&ssl=1\" \/>\n\t<meta property=\"og:image:width\" content=\"1169\" \/>\n\t<meta property=\"og:image:height\" content=\"464\" \/>\n\t<meta property=\"og:image:type\" content=\"image\/jpeg\" \/>\n<meta name=\"author\" content=\"tbrmedia\" \/>\n<meta name=\"twitter:card\" content=\"summary_large_image\" \/>\n<meta name=\"twitter:creator\" content=\"@finnhandball\" \/>\n<meta name=\"twitter:site\" content=\"@finnhandball\" \/>\n<script type=\"application\/ld+json\" class=\"yoast-schema-graph\">{\"@context\":\"https:\\\/\\\/schema.org\",\"@graph\":[{\"@type\":\"Article\",\"@id\":\"https:\\\/\\\/aktialiiga.fi\\\/miehet\\\/2021-2022\\\/ottelut-2021-22\\\/grifk-vakuuttavaan-voittoon-aifksta\\\/#article\",\"isPartOf\":{\"@id\":\"https:\\\/\\\/aktialiiga.fi\\\/miehet\\\/2021-2022\\\/ottelut-2021-22\\\/grifk-vakuuttavaan-voittoon-aifksta\\\/\"},\"author\":{\"name\":\"tbrmedia\",\"@id\":\"https:\\\/\\\/aktialiiga.fi\\\/miehet\\\/#\\\/schema\\\/person\\\/c14bf42f47041db74603c45afcb18d87\"},\"headline\":\"GrIFK vakuuttavaan voittoon \u00c5IFK:sta\",\"datePublished\":\"2022-03-30T17:27:26+00:00\",\"dateModified\":\"2022-03-30T18:09:15+00:00\",\"mainEntityOfPage\":{\"@id\":\"https:\\\/\\\/aktialiiga.fi\\\/miehet\\\/2021-2022\\\/ottelut-2021-22\\\/grifk-vakuuttavaan-voittoon-aifksta\\\/\"},\"wordCount\":352,\"publisher\":{\"@id\":\"https:\\\/\\\/aktialiiga.fi\\\/miehet\\\/#organization\"},\"image\":{\"@id\":\"https:\\\/\\\/aktialiiga.fi\\\/miehet\\\/2021-2022\\\/ottelut-2021-22\\\/grifk-vakuuttavaan-voittoon-aifksta\\\/#primaryimage\"},\"thumbnailUrl\":\"https:\\\/\\\/i0.wp.com\\\/aktialiiga.fi\\\/miehet\\\/wp-content\\\/uploads\\\/sites\\\/5\\\/2021\\\/09\\\/Weurlander_Carl_GrIFK_2122a.jpg?fit=1169%2C464&ssl=1\",\"keywords\":[\"\u00c5IFK\",\"GrIFK\"],\"articleSection\":[\"Ottelut\"],\"inLanguage\":\"fi\"},{\"@type\":\"WebPage\",\"@id\":\"https:\\\/\\\/aktialiiga.fi\\\/miehet\\\/2021-2022\\\/ottelut-2021-22\\\/grifk-vakuuttavaan-voittoon-aifksta\\\/\",\"url\":\"https:\\\/\\\/aktialiiga.fi\\\/miehet\\\/2021-2022\\\/ottelut-2021-22\\\/grifk-vakuuttavaan-voittoon-aifksta\\\/\",\"name\":\"GrIFK vakuuttavaan voittoon \u00c5IFK:sta | K\u00e4sipallon miesten Aktialiiga\",\"isPartOf\":{\"@id\":\"https:\\\/\\\/aktialiiga.fi\\\/miehet\\\/#website\"},\"primaryImageOfPage\":{\"@id\":\"https:\\\/\\\/aktialiiga.fi\\\/miehet\\\/2021-2022\\\/ottelut-2021-22\\\/grifk-vakuuttavaan-voittoon-aifksta\\\/#primaryimage\"},\"image\":{\"@id\":\"https:\\\/\\\/aktialiiga.fi\\\/miehet\\\/2021-2022\\\/ottelut-2021-22\\\/grifk-vakuuttavaan-voittoon-aifksta\\\/#primaryimage\"},\"thumbnailUrl\":\"https:\\\/\\\/i0.wp.com\\\/aktialiiga.fi\\\/miehet\\\/wp-content\\\/uploads\\\/sites\\\/5\\\/2021\\\/09\\\/Weurlander_Carl_GrIFK_2122a.jpg?fit=1169%2C464&ssl=1\",\"datePublished\":\"2022-03-30T17:27:26+00:00\",\"dateModified\":\"2022-03-30T18:09:15+00:00\",\"breadcrumb\":{\"@id\":\"https:\\\/\\\/aktialiiga.fi\\\/miehet\\\/2021-2022\\\/ottelut-2021-22\\\/grifk-vakuuttavaan-voittoon-aifksta\\\/#breadcrumb\"},\"inLanguage\":\"fi\",\"potentialAction\":[{\"@type\":\"ReadAction\",\"target\":[\"https:\\\/\\\/aktialiiga.fi\\\/miehet\\\/2021-2022\\\/ottelut-2021-22\\\/grifk-vakuuttavaan-voittoon-aifksta\\\/\"]}]},{\"@type\":\"ImageObject\",\"inLanguage\":\"fi\",\"@id\":\"https:\\\/\\\/aktialiiga.fi\\\/miehet\\\/2021-2022\\\/ottelut-2021-22\\\/grifk-vakuuttavaan-voittoon-aifksta\\\/#primaryimage\",\"url\":\"https:\\\/\\\/i0.wp.com\\\/aktialiiga.fi\\\/miehet\\\/wp-content\\\/uploads\\\/sites\\\/5\\\/2021\\\/09\\\/Weurlander_Carl_GrIFK_2122a.jpg?fit=1169%2C464&ssl=1\",\"contentUrl\":\"https:\\\/\\\/i0.wp.com\\\/aktialiiga.fi\\\/miehet\\\/wp-content\\\/uploads\\\/sites\\\/5\\\/2021\\\/09\\\/Weurlander_Carl_GrIFK_2122a.jpg?fit=1169%2C464&ssl=1\",\"width\":1169,\"height\":464,\"caption\":\"Carl Weurlander, GrIFK jka Niklas Sillman (A), SIF k\u00e4sipallon miesten SM-liigan ottelussa Sjunde\u00e5 IF - Grankulla IFK Fennia Arenalla 18. syyskuuta 2021. (Kalle Parkkinen\\\/Newspix24)\"},{\"@type\":\"BreadcrumbList\",\"@id\":\"https:\\\/\\\/aktialiiga.fi\\\/miehet\\\/2021-2022\\\/ottelut-2021-22\\\/grifk-vakuuttavaan-voittoon-aifksta\\\/#breadcrumb\",\"itemListElement\":[{\"@type\":\"ListItem\",\"position\":1,\"name\":\"Etusivu\",\"item\":\"https:\\\/\\\/aktialiiga.fi\\\/miehet\\\/\"},{\"@type\":\"ListItem\",\"position\":2,\"name\":\"GrIFK vakuuttavaan voittoon \u00c5IFK:sta\"}]},{\"@type\":\"WebSite\",\"@id\":\"https:\\\/\\\/aktialiiga.fi\\\/miehet\\\/#website\",\"url\":\"https:\\\/\\\/aktialiiga.fi\\\/miehet\\\/\",\"name\":\"K\u00e4sipallon miesten Aktialiiga\",\"description\":\"Valtakunnan vauhdikkainta palloilua!\",\"publisher\":{\"@id\":\"https:\\\/\\\/aktialiiga.fi\\\/miehet\\\/#organization\"},\"potentialAction\":[{\"@type\":\"SearchAction\",\"target\":{\"@type\":\"EntryPoint\",\"urlTemplate\":\"https:\\\/\\\/aktialiiga.fi\\\/miehet\\\/?s={search_term_string}\"},\"query-input\":{\"@type\":\"PropertyValueSpecification\",\"valueRequired\":true,\"valueName\":\"search_term_string\"}}],\"inLanguage\":\"fi\"},{\"@type\":\"Organization\",\"@id\":\"https:\\\/\\\/aktialiiga.fi\\\/miehet\\\/#organization\",\"name\":\"K\u00e4sipallon miesten Aktialiiga\",\"url\":\"https:\\\/\\\/aktialiiga.fi\\\/miehet\\\/\",\"logo\":{\"@type\":\"ImageObject\",\"inLanguage\":\"fi\",\"@id\":\"https:\\\/\\\/aktialiiga.fi\\\/miehet\\\/#\\\/schema\\\/logo\\\/image\\\/\",\"url\":\"https:\\\/\\\/i0.wp.com\\\/aktialiiga.fi\\\/miehet\\\/wp-content\\\/uploads\\\/sites\\\/5\\\/2024\\\/09\\\/Aktialiiga-Yoast-512.png?fit=512%2C512&ssl=1\",\"contentUrl\":\"https:\\\/\\\/i0.wp.com\\\/aktialiiga.fi\\\/miehet\\\/wp-content\\\/uploads\\\/sites\\\/5\\\/2024\\\/09\\\/Aktialiiga-Yoast-512.png?fit=512%2C512&ssl=1\",\"width\":512,\"height\":512,\"caption\":\"K\u00e4sipallon miesten Aktialiiga\"},\"image\":{\"@id\":\"https:\\\/\\\/aktialiiga.fi\\\/miehet\\\/#\\\/schema\\\/logo\\\/image\\\/\"},\"sameAs\":[\"https:\\\/\\\/www.facebook.com\\\/finnhandball\",\"https:\\\/\\\/x.com\\\/finnhandball\",\"https:\\\/\\\/www.instagram.com\\\/handballfinland\\\/\"]},{\"@type\":\"Person\",\"@id\":\"https:\\\/\\\/aktialiiga.fi\\\/miehet\\\/#\\\/schema\\\/person\\\/c14bf42f47041db74603c45afcb18d87\",\"name\":\"tbrmedia\",\"image\":{\"@type\":\"ImageObject\",\"inLanguage\":\"fi\",\"@id\":\"https:\\\/\\\/secure.gravatar.com\\\/avatar\\\/ee975fa091fe581d12b60debb3439022686618368a7c142044c56724d4666b16?s=96&d=mm&r=g\",\"url\":\"https:\\\/\\\/secure.gravatar.com\\\/avatar\\\/ee975fa091fe581d12b60debb3439022686618368a7c142044c56724d4666b16?s=96&d=mm&r=g\",\"contentUrl\":\"https:\\\/\\\/secure.gravatar.com\\\/avatar\\\/ee975fa091fe581d12b60debb3439022686618368a7c142044c56724d4666b16?s=96&d=mm&r=g\",\"caption\":\"tbrmedia\"}}]}<\/script>\n<!-- \/ Yoast SEO plugin. -->","yoast_head_json":{"title":"GrIFK vakuuttavaan voittoon \u00c5IFK:sta | K\u00e4sipallon miesten Aktialiiga","robots":{"index":"index","follow":"follow","max-snippet":"max-snippet:-1","max-image-preview":"max-image-preview:large","max-video-preview":"max-video-preview:-1"},"canonical":"https:\/\/aktialiiga.fi\/miehet\/2021-2022\/ottelut-2021-22\/grifk-vakuuttavaan-voittoon-aifksta\/","og_locale":"fi_FI","og_type":"article","og_title":"GrIFK vakuuttavaan voittoon \u00c5IFK:sta | K\u00e4sipallon miesten Aktialiiga","og_description":"GrIFK:n ja \u00c5IFK:n v\u00e4linen puoliv\u00e4lier\u00e4sarja k\u00e4ynnistyi Granin vakuuttavalla kotivoitolla turkulaisesta kaimaseurastaan. Alun 2-2-tilanteen j\u00e4lkeen GrIFK nyk\u00e4isi nopeasti kuuden maalin eron ja otti tukevan otteen kamppailusta. Ero kasvoi v\u00e4hitellen avausjakson edetess\u00e4 ja tauolle menness\u00e4 is\u00e4ntien johto oli jo kahdeksan maalia. Kotijohto pysytteli samoissa numeroissa eli kymmenen maalin tuntumassa k\u00e4yt\u00e4nn\u00f6ss\u00e4 l\u00e4pi koko toisen jakson, eik\u00e4 \u00c5IFK pystynyt [&hellip;]","og_url":"https:\/\/aktialiiga.fi\/miehet\/2021-2022\/ottelut-2021-22\/grifk-vakuuttavaan-voittoon-aifksta\/","og_site_name":"K\u00e4sipallon miesten Aktialiiga","article_publisher":"https:\/\/www.facebook.com\/finnhandball","article_published_time":"2022-03-30T17:27:26+00:00","article_modified_time":"2022-03-30T18:09:15+00:00","og_image":[{"width":1169,"height":464,"url":"https:\/\/i0.wp.com\/aktialiiga.fi\/miehet\/wp-content\/uploads\/sites\/5\/2021\/09\/Weurlander_Carl_GrIFK_2122a.jpg?fit=1169%2C464&ssl=1","type":"image\/jpeg"}],"author":"tbrmedia","twitter_card":"summary_large_image","twitter_creator":"@finnhandball","twitter_site":"@finnhandball","schema":{"@context":"https:\/\/schema.org","@graph":[{"@type":"Article","@id":"https:\/\/aktialiiga.fi\/miehet\/2021-2022\/ottelut-2021-22\/grifk-vakuuttavaan-voittoon-aifksta\/#article","isPartOf":{"@id":"https:\/\/aktialiiga.fi\/miehet\/2021-2022\/ottelut-2021-22\/grifk-vakuuttavaan-voittoon-aifksta\/"},"author":{"name":"tbrmedia","@id":"https:\/\/aktialiiga.fi\/miehet\/#\/schema\/person\/c14bf42f47041db74603c45afcb18d87"},"headline":"GrIFK vakuuttavaan voittoon \u00c5IFK:sta","datePublished":"2022-03-30T17:27:26+00:00","dateModified":"2022-03-30T18:09:15+00:00","mainEntityOfPage":{"@id":"https:\/\/aktialiiga.fi\/miehet\/2021-2022\/ottelut-2021-22\/grifk-vakuuttavaan-voittoon-aifksta\/"},"wordCount":352,"publisher":{"@id":"https:\/\/aktialiiga.fi\/miehet\/#organization"},"image":{"@id":"https:\/\/aktialiiga.fi\/miehet\/2021-2022\/ottelut-2021-22\/grifk-vakuuttavaan-voittoon-aifksta\/#primaryimage"},"thumbnailUrl":"https:\/\/i0.wp.com\/aktialiiga.fi\/miehet\/wp-content\/uploads\/sites\/5\/2021\/09\/Weurlander_Carl_GrIFK_2122a.jpg?fit=1169%2C464&ssl=1","keywords":["\u00c5IFK","GrIFK"],"articleSection":["Ottelut"],"inLanguage":"fi"},{"@type":"WebPage","@id":"https:\/\/aktialiiga.fi\/miehet\/2021-2022\/ottelut-2021-22\/grifk-vakuuttavaan-voittoon-aifksta\/","url":"https:\/\/aktialiiga.fi\/miehet\/2021-2022\/ottelut-2021-22\/grifk-vakuuttavaan-voittoon-aifksta\/","name":"GrIFK vakuuttavaan voittoon \u00c5IFK:sta | K\u00e4sipallon miesten Aktialiiga","isPartOf":{"@id":"https:\/\/aktialiiga.fi\/miehet\/#website"},"primaryImageOfPage":{"@id":"https:\/\/aktialiiga.fi\/miehet\/2021-2022\/ottelut-2021-22\/grifk-vakuuttavaan-voittoon-aifksta\/#primaryimage"},"image":{"@id":"https:\/\/aktialiiga.fi\/miehet\/2021-2022\/ottelut-2021-22\/grifk-vakuuttavaan-voittoon-aifksta\/#primaryimage"},"thumbnailUrl":"https:\/\/i0.wp.com\/aktialiiga.fi\/miehet\/wp-content\/uploads\/sites\/5\/2021\/09\/Weurlander_Carl_GrIFK_2122a.jpg?fit=1169%2C464&ssl=1","datePublished":"2022-03-30T17:27:26+00:00","dateModified":"2022-03-30T18:09:15+00:00","breadcrumb":{"@id":"https:\/\/aktialiiga.fi\/miehet\/2021-2022\/ottelut-2021-22\/grifk-vakuuttavaan-voittoon-aifksta\/#breadcrumb"},"inLanguage":"fi","potentialAction":[{"@type":"ReadAction","target":["https:\/\/aktialiiga.fi\/miehet\/2021-2022\/ottelut-2021-22\/grifk-vakuuttavaan-voittoon-aifksta\/"]}]},{"@type":"ImageObject","inLanguage":"fi","@id":"https:\/\/aktialiiga.fi\/miehet\/2021-2022\/ottelut-2021-22\/grifk-vakuuttavaan-voittoon-aifksta\/#primaryimage","url":"https:\/\/i0.wp.com\/aktialiiga.fi\/miehet\/wp-content\/uploads\/sites\/5\/2021\/09\/Weurlander_Carl_GrIFK_2122a.jpg?fit=1169%2C464&ssl=1","contentUrl":"https:\/\/i0.wp.com\/aktialiiga.fi\/miehet\/wp-content\/uploads\/sites\/5\/2021\/09\/Weurlander_Carl_GrIFK_2122a.jpg?fit=1169%2C464&ssl=1","width":1169,"height":464,"caption":"Carl Weurlander, GrIFK jka Niklas Sillman (A), SIF k\u00e4sipallon miesten SM-liigan ottelussa Sjunde\u00e5 IF - Grankulla IFK Fennia Arenalla 18. syyskuuta 2021. (Kalle Parkkinen\/Newspix24)"},{"@type":"BreadcrumbList","@id":"https:\/\/aktialiiga.fi\/miehet\/2021-2022\/ottelut-2021-22\/grifk-vakuuttavaan-voittoon-aifksta\/#breadcrumb","itemListElement":[{"@type":"ListItem","position":1,"name":"Etusivu","item":"https:\/\/aktialiiga.fi\/miehet\/"},{"@type":"ListItem","position":2,"name":"GrIFK vakuuttavaan voittoon \u00c5IFK:sta"}]},{"@type":"WebSite","@id":"https:\/\/aktialiiga.fi\/miehet\/#website","url":"https:\/\/aktialiiga.fi\/miehet\/","name":"K\u00e4sipallon miesten Aktialiiga","description":"Valtakunnan vauhdikkainta palloilua!","publisher":{"@id":"https:\/\/aktialiiga.fi\/miehet\/#organization"},"potentialAction":[{"@type":"SearchAction","target":{"@type":"EntryPoint","urlTemplate":"https:\/\/aktialiiga.fi\/miehet\/?s={search_term_string}"},"query-input":{"@type":"PropertyValueSpecification","valueRequired":true,"valueName":"search_term_string"}}],"inLanguage":"fi"},{"@type":"Organization","@id":"https:\/\/aktialiiga.fi\/miehet\/#organization","name":"K\u00e4sipallon miesten Aktialiiga","url":"https:\/\/aktialiiga.fi\/miehet\/","logo":{"@type":"ImageObject","inLanguage":"fi","@id":"https:\/\/aktialiiga.fi\/miehet\/#\/schema\/logo\/image\/","url":"https:\/\/i0.wp.com\/aktialiiga.fi\/miehet\/wp-content\/uploads\/sites\/5\/2024\/09\/Aktialiiga-Yoast-512.png?fit=512%2C512&ssl=1","contentUrl":"https:\/\/i0.wp.com\/aktialiiga.fi\/miehet\/wp-content\/uploads\/sites\/5\/2024\/09\/Aktialiiga-Yoast-512.png?fit=512%2C512&ssl=1","width":512,"height":512,"caption":"K\u00e4sipallon miesten Aktialiiga"},"image":{"@id":"https:\/\/aktialiiga.fi\/miehet\/#\/schema\/logo\/image\/"},"sameAs":["https:\/\/www.facebook.com\/finnhandball","https:\/\/x.com\/finnhandball","https:\/\/www.instagram.com\/handballfinland\/"]},{"@type":"Person","@id":"https:\/\/aktialiiga.fi\/miehet\/#\/schema\/person\/c14bf42f47041db74603c45afcb18d87","name":"tbrmedia","image":{"@type":"ImageObject","inLanguage":"fi","@id":"https:\/\/secure.gravatar.com\/avatar\/ee975fa091fe581d12b60debb3439022686618368a7c142044c56724d4666b16?s=96&d=mm&r=g","url":"https:\/\/secure.gravatar.com\/avatar\/ee975fa091fe581d12b60debb3439022686618368a7c142044c56724d4666b16?s=96&d=mm&r=g","contentUrl":"https:\/\/secure.gravatar.com\/avatar\/ee975fa091fe581d12b60debb3439022686618368a7c142044c56724d4666b16?s=96&d=mm&r=g","caption":"tbrmedia"}}]}},"jetpack_featured_media_url":"https:\/\/i0.wp.com\/aktialiiga.fi\/miehet\/wp-content\/uploads\/sites\/5\/2021\/09\/Weurlander_Carl_GrIFK_2122a.jpg?fit=1169%2C464&ssl=1","jetpack_sharing_enabled":true,"jetpack_shortlink":"https:\/\/wp.me\/pfTxOr-93L","_links":{"self":[{"href":"https:\/\/aktialiiga.fi\/miehet\/wp-json\/wp\/v2\/posts\/34829","targetHints":{"allow":["GET"]}}],"collection":[{"href":"https:\/\/aktialiiga.fi\/miehet\/wp-json\/wp\/v2\/posts"}],"about":[{"href":"https:\/\/aktialiiga.fi\/miehet\/wp-json\/wp\/v2\/types\/post"}],"author":[{"embeddable":true,"href":"https:\/\/aktialiiga.fi\/miehet\/wp-json\/wp\/v2\/users\/13"}],"replies":[{"embeddable":true,"href":"https:\/\/aktialiiga.fi\/miehet\/wp-json\/wp\/v2\/comments?post=34829"}],"version-history":[{"count":0,"href":"https:\/\/aktialiiga.fi\/miehet\/wp-json\/wp\/v2\/posts\/34829\/revisions"}],"wp:featuredmedia":[{"embeddable":true,"href":"https:\/\/aktialiiga.fi\/miehet\/wp-json\/wp\/v2\/media\/29923"}],"wp:attachment":[{"href":"https:\/\/aktialiiga.fi\/miehet\/wp-json\/wp\/v2\/media?parent=34829"}],"wp:term":[{"taxonomy":"category","embeddable":true,"href":"https:\/\/aktialiiga.fi\/miehet\/wp-json\/wp\/v2\/categories?post=34829"},{"taxonomy":"post_tag","embeddable":true,"href":"https:\/\/aktialiiga.fi\/miehet\/wp-json\/wp\/v2\/tags?post=34829"}],"curies":[{"name":"wp","href":"https:\/\/api.w.org\/{rel}","templated":true}]}}